{"id":26142,"date":"2022-06-03T10:24:12","date_gmt":"2022-06-03T13:24:12","guid":{"rendered":"https:\/\/wpsandbox4.pante.com.br\/?p=26142"},"modified":"2022-06-03T10:24:12","modified_gmt":"2022-06-03T13:24:12","slug":"charqueadas-rs-apresentacao-do-plano-de-mobilidade-urbana-na-camara-municipal","status":"publish","type":"post","link":"https:\/\/uvbbrasil.com.br\/charqueadas-rs-apresentacao-do-plano-de-mobilidade-urbana-na-camara-municipal\/","title":{"rendered":"Charqueadas\/RS- Apresenta\u00e7\u00e3o do plano de mobilidade urbana  na c\u00e2mara municipal"},"content":{"rendered":"<div class=\"alert alert-minimal alert-default\">\n<p><i>Apresenta\u00e7\u00e3o dos estudos e proposi\u00e7\u00f5es do Plano de Mobilidade Urbana &#8211; PLANMOB para o munic\u00edpio de Charqueadas na C\u00e2mara de Vereadores.<\/i><\/p>\n<\/div>\n<div class=\"col-md-12 mb15\">\n<div>Na quinta-feira passada, 26 de maio, atrav\u00e9s da Secretaria de Administra\u00e7\u00e3o e Planejamento Departamento de Mobilidade Urbana, foram apresentados os estudos e proposi\u00e7\u00f5es do Plano de Mobilidade Urbana &#8211; PLANMOB para o munic\u00edpio de Charqueadas na C\u00e2mara de Vereadores. O plano foi apresentado pelo senhor Eduardo Silveira de Oliveira, graduado em Gest\u00e3o de Tr\u00e2nsito, Registro CRA\/RS n\u00ba TE-003235\/O, especializado em elabora\u00e7\u00e3o de Planos de Mobilidade Urbana, Operacionaliza\u00e7\u00e3o SIT \u2013 Sistema Integrado de Tr\u00e2nsito, Processo Administrativo de Tr\u00e2nsito, Gest\u00e3o de Frotas de Transporte P\u00fablico, Municipaliza\u00e7\u00e3o de Tr\u00e2nsito, Servi\u00e7os de Transportes. Participaram da elabora\u00e7\u00e3o do plano o senhor J\u00fanior Cesar Fagundes de Melo, Autoridade de Tr\u00e2nsito, Andr\u00e9 Luiz Ramos Martins, Gerenciamento de Infra\u00e7\u00f5es de Tr\u00e2nsito e Processos Administrativos Infracionais, a equipe de apoio administrativo: Eduarda Dutra Vieira da Cunha Miriam da Rosa Soares Raianny Soares Alves Suzane Lindner Lara e a equipe operacional: Cristiano Porto da Silva Leandro Carvalho de Moura Juv\u00eancio Corr\u00eaa de Lima.<\/div>\n<div>A mobilidade urbana \u00e9 uma qualidade das cidades, e se refere ao deslocamento de pessoas e bens no espa\u00e7o urbano, ou seja, \u00e0 capacidade das pessoas de se deslocarem e da cidade de se tornar acess\u00edvel. O Art.24 da Lei Federal n\u00ba 12.587\/2012 da Pol\u00edtica Nacional de Mobilidade Urbana nos diz que: \u201c\u00a7 1\u00ba Em Munic\u00edpios acima de 20.000 (vinte mil) habitantes e em todos os demais obrigados, na forma da lei, \u00e0 elabora\u00e7\u00e3o do plano diretor, dever\u00e1 ser elaborado o Plano de Mobilidade Urbana, integrado e compat\u00edvel com os respectivos planos diretores ou neles inserido\u201d.<\/div>\n<div>O Plano de Mobilidade Urbana \u00e9 um instrumento de planejamento de a\u00e7\u00f5es de curto, m\u00e9dio e longo prazo. O objetivo principal \u00e9 orientar para que as a\u00e7\u00f5es e investimentos estejam de acordo com a vis\u00e3o da cidade. Para se tornar um elemento eficaz na qualifica\u00e7\u00e3o da mobilidade urbana, as a\u00e7\u00f5es devem ser execut\u00e1veis, considerando a cultura local e as possibilidades de investimento e financiamento.<\/div>\n<div>Os objetivos gerais e espec\u00edficos do plano s\u00e3o a implanta\u00e7\u00e3o da mobilidade sustent\u00e1vel, reconhecendo a interdepend\u00eancia entre os transportes, a sa\u00fade, o ambiente e o direito a cidade.<\/div>\n<div>Para o desenvolvimento do trabalho, Charqueadas contou com o apoio t\u00e9cnico da ESO \u2013 Assessoria, Consultoria e Solu\u00e7\u00f5es em Tr\u00e2nsito, que desenvolveu a metodologia em Seis Etapas \u2013 definindo cronograma de atividades de elabora\u00e7\u00e3o do Plano de Mobilidade. O detalhamento dessas etapas voc\u00ea pode encontrar\u00a0<a href=\"https:\/\/charqueadas.rs.leg.br\/uploads\/noticia\/18600\/APRESENTAO_PLANMOB___CHARQUEADAS_1.pdf\">clicando aqui.<\/a><\/div>\n<div>A municipaliza\u00e7\u00e3o do tr\u00e2nsito envolve a estrutura\u00e7\u00e3o administrativa, a prepara\u00e7\u00e3o t\u00e9cnica e a adequa\u00e7\u00e3o legal do munic\u00edpio de Charqueadas \u00e0s normas do Contran e ao disposto no CTB. J\u00e1 existe no munic\u00edpio de Charqueadas, por\u00e9m \u00e9 necess\u00e1rio uma melhor estrutura\u00e7\u00e3o dentro de uma hierarquia institucional que dedique a\u00e7\u00f5es focadas em seguran\u00e7a e mobilidade urbana. A eleva\u00e7\u00e3o do \u00d3rg\u00e3o Municipal de Tr\u00e2nsito ao n\u00edvel de Coordenadoria ou at\u00e9 mesmo ao n\u00edvel de Secretaria, facilita o acesso a recursos do FUNSET.<\/div>\n<div>Na sequ\u00eancia, assim que formalizada a recontrata\u00e7\u00e3o do contrato emergencial via processo licitat\u00f3rio, ser\u00e3o realizadas reuni\u00f5es com associa\u00e7\u00f5es de bairros, pelo menos 02 semin\u00e1rio e mais 02 audi\u00eancias p\u00fablicas. Ap\u00f3s ser\u00e1 constru\u00eddo o Projeto de Lei que ir\u00e1 instituir o PLANMOB.<\/div>\n<\/div>\n<div><img decoding=\"async\" class=\"alignnone size-medium wp-image-26143\" src=\"https:\/\/uvbbrasil.com.br\/wp-content\/uploads\/2022\/06\/maior_WhatsApp_Image_2022_05_27_at_150017-300x158.jpeg\" alt=\"\" width=\"300\" height=\"158\" srcset=\"https:\/\/uvbbrasil.com.br\/wp-content\/uploads\/2022\/06\/maior_WhatsApp_Image_2022_05_27_at_150017-300x158.jpeg 300w, https:\/\/uvbbrasil.com.br\/wp-content\/uploads\/2022\/06\/maior_WhatsApp_Image_2022_05_27_at_150017.jpeg 700w\" sizes=\"(max-width: 300px) 100vw, 300px\" \/><\/div>\n","protected":false},"excerpt":{"rendered":"<p>Apresenta\u00e7\u00e3o dos estudos e proposi\u00e7\u00f5es do Plano de Mobilidade Urbana &#8211; PLANMOB para o munic\u00edpio de Charqueadas na C\u00e2mara de&#8230;<\/p>\n","protected":false},"author":1,"featured_media":26143,"comment_status":"open","ping_status":"open","sticky":false,"template":"","format":"standard","meta":{"footnotes":""},"categories":[3],"tags":[],"class_list":["post-26142","post","type-post","status-publish","format-standard","has-post-thumbnail","hentry","category-noticias"],"yoast_head":"<!-- This site is optimized with the Yoast SEO plugin v26.7 - https:\/\/yoast.com\/wordpress\/plugins\/seo\/ -->\n<title>Charqueadas\/RS- Apresenta\u00e7\u00e3o do plano de mobilidade urbana na c\u00e2mara municipal - UVB Brasil<\/title>\n<meta name=\"robots\" content=\"index, follow, max-snippet:-1, max-image-preview:large, max-video-preview:-1\" \/>\n<link rel=\"canonical\" href=\"https:\/\/uvbbrasil.com.br\/charqueadas-rs-apresentacao-do-plano-de-mobilidade-urbana-na-camara-municipal\/\" \/>\n<meta property=\"og:locale\" content=\"pt_BR\" \/>\n<meta property=\"og:type\" content=\"article\" \/>\n<meta property=\"og:title\" content=\"Charqueadas\/RS- Apresenta\u00e7\u00e3o do plano de mobilidade urbana na c\u00e2mara municipal - UVB Brasil\" \/>\n<meta property=\"og:description\" content=\"Apresenta\u00e7\u00e3o dos estudos e proposi\u00e7\u00f5es do Plano de Mobilidade Urbana &#8211; PLANMOB para o munic\u00edpio de Charqueadas na C\u00e2mara de...\" \/>\n<meta property=\"og:url\" content=\"https:\/\/uvbbrasil.com.br\/charqueadas-rs-apresentacao-do-plano-de-mobilidade-urbana-na-camara-municipal\/\" \/>\n<meta property=\"og:site_name\" content=\"UVB Brasil\" \/>\n<meta property=\"article:publisher\" content=\"https:\/\/www.facebook.com\/uvb.vereadoresbrasil\" \/>\n<meta property=\"article:published_time\" content=\"2022-06-03T13:24:12+00:00\" \/>\n<meta property=\"og:image\" content=\"https:\/\/uvbbrasil.com.br\/wp-content\/uploads\/2022\/06\/maior_WhatsApp_Image_2022_05_27_at_150017.jpeg\" \/>\n\t<meta property=\"og:image:width\" content=\"700\" \/>\n\t<meta property=\"og:image:height\" content=\"368\" \/>\n\t<meta property=\"og:image:type\" content=\"image\/jpeg\" \/>\n<meta name=\"author\" content=\"adminuvb\" \/>\n<meta name=\"twitter:card\" content=\"summary_large_image\" \/>\n<meta name=\"twitter:label1\" content=\"Escrito por\" \/>\n\t<meta name=\"twitter:data1\" content=\"adminuvb\" \/>\n\t<meta name=\"twitter:label2\" content=\"Est. tempo de leitura\" \/>\n\t<meta name=\"twitter:data2\" content=\"3 minutos\" \/>\n<script type=\"application\/ld+json\" class=\"yoast-schema-graph\">{\"@context\":\"https:\/\/schema.org\",\"@graph\":[{\"@type\":\"Article\",\"@id\":\"https:\/\/uvbbrasil.com.br\/charqueadas-rs-apresentacao-do-plano-de-mobilidade-urbana-na-camara-municipal\/#article\",\"isPartOf\":{\"@id\":\"https:\/\/uvbbrasil.com.br\/charqueadas-rs-apresentacao-do-plano-de-mobilidade-urbana-na-camara-municipal\/\"},\"author\":{\"name\":\"adminuvb\",\"@id\":\"https:\/\/uvbbrasil.com.br\/#\/schema\/person\/17990098446c098f52effddff4f1b272\"},\"headline\":\"Charqueadas\/RS- Apresenta\u00e7\u00e3o do plano de mobilidade urbana na c\u00e2mara municipal\",\"datePublished\":\"2022-06-03T13:24:12+00:00\",\"mainEntityOfPage\":{\"@id\":\"https:\/\/uvbbrasil.com.br\/charqueadas-rs-apresentacao-do-plano-de-mobilidade-urbana-na-camara-municipal\/\"},\"wordCount\":607,\"commentCount\":0,\"publisher\":{\"@id\":\"https:\/\/uvbbrasil.com.br\/#organization\"},\"image\":{\"@id\":\"https:\/\/uvbbrasil.com.br\/charqueadas-rs-apresentacao-do-plano-de-mobilidade-urbana-na-camara-municipal\/#primaryimage\"},\"thumbnailUrl\":\"https:\/\/uvbbrasil.com.br\/wp-content\/uploads\/2022\/06\/maior_WhatsApp_Image_2022_05_27_at_150017.jpeg\",\"articleSection\":[\"NOT\u00cdCIAS\"],\"inLanguage\":\"pt-BR\",\"potentialAction\":[{\"@type\":\"CommentAction\",\"name\":\"Comment\",\"target\":[\"https:\/\/uvbbrasil.com.br\/charqueadas-rs-apresentacao-do-plano-de-mobilidade-urbana-na-camara-municipal\/#respond\"]}]},{\"@type\":\"WebPage\",\"@id\":\"https:\/\/uvbbrasil.com.br\/charqueadas-rs-apresentacao-do-plano-de-mobilidade-urbana-na-camara-municipal\/\",\"url\":\"https:\/\/uvbbrasil.com.br\/charqueadas-rs-apresentacao-do-plano-de-mobilidade-urbana-na-camara-municipal\/\",\"name\":\"Charqueadas\/RS- Apresenta\u00e7\u00e3o do plano de mobilidade urbana na c\u00e2mara municipal - UVB Brasil\",\"isPartOf\":{\"@id\":\"https:\/\/uvbbrasil.com.br\/#website\"},\"primaryImageOfPage\":{\"@id\":\"https:\/\/uvbbrasil.com.br\/charqueadas-rs-apresentacao-do-plano-de-mobilidade-urbana-na-camara-municipal\/#primaryimage\"},\"image\":{\"@id\":\"https:\/\/uvbbrasil.com.br\/charqueadas-rs-apresentacao-do-plano-de-mobilidade-urbana-na-camara-municipal\/#primaryimage\"},\"thumbnailUrl\":\"https:\/\/uvbbrasil.com.br\/wp-content\/uploads\/2022\/06\/maior_WhatsApp_Image_2022_05_27_at_150017.jpeg\",\"datePublished\":\"2022-06-03T13:24:12+00:00\",\"breadcrumb\":{\"@id\":\"https:\/\/uvbbrasil.com.br\/charqueadas-rs-apresentacao-do-plano-de-mobilidade-urbana-na-camara-municipal\/#breadcrumb\"},\"inLanguage\":\"pt-BR\",\"potentialAction\":[{\"@type\":\"ReadAction\",\"target\":[\"https:\/\/uvbbrasil.com.br\/charqueadas-rs-apresentacao-do-plano-de-mobilidade-urbana-na-camara-municipal\/\"]}]},{\"@type\":\"ImageObject\",\"inLanguage\":\"pt-BR\",\"@id\":\"https:\/\/uvbbrasil.com.br\/charqueadas-rs-apresentacao-do-plano-de-mobilidade-urbana-na-camara-municipal\/#primaryimage\",\"url\":\"https:\/\/uvbbrasil.com.br\/wp-content\/uploads\/2022\/06\/maior_WhatsApp_Image_2022_05_27_at_150017.jpeg\",\"contentUrl\":\"https:\/\/uvbbrasil.com.br\/wp-content\/uploads\/2022\/06\/maior_WhatsApp_Image_2022_05_27_at_150017.jpeg\",\"width\":700,\"height\":368},{\"@type\":\"BreadcrumbList\",\"@id\":\"https:\/\/uvbbrasil.com.br\/charqueadas-rs-apresentacao-do-plano-de-mobilidade-urbana-na-camara-municipal\/#breadcrumb\",\"itemListElement\":[{\"@type\":\"ListItem\",\"position\":1,\"name\":\"In\u00edcio\",\"item\":\"https:\/\/uvbbrasil.com.br\/\"},{\"@type\":\"ListItem\",\"position\":2,\"name\":\"Charqueadas\/RS- Apresenta\u00e7\u00e3o do plano de mobilidade urbana na c\u00e2mara municipal\"}]},{\"@type\":\"WebSite\",\"@id\":\"https:\/\/uvbbrasil.com.br\/#website\",\"url\":\"https:\/\/uvbbrasil.com.br\/\",\"name\":\"UVB Brasil\",\"description\":\"Uni\u00e3o dos Vereadores do Brasil\",\"publisher\":{\"@id\":\"https:\/\/uvbbrasil.com.br\/#organization\"},\"potentialAction\":[{\"@type\":\"SearchAction\",\"target\":{\"@type\":\"EntryPoint\",\"urlTemplate\":\"https:\/\/uvbbrasil.com.br\/?s={search_term_string}\"},\"query-input\":{\"@type\":\"PropertyValueSpecification\",\"valueRequired\":true,\"valueName\":\"search_term_string\"}}],\"inLanguage\":\"pt-BR\"},{\"@type\":\"Organization\",\"@id\":\"https:\/\/uvbbrasil.com.br\/#organization\",\"name\":\"UVB Brasil\",\"url\":\"https:\/\/uvbbrasil.com.br\/\",\"logo\":{\"@type\":\"ImageObject\",\"inLanguage\":\"pt-BR\",\"@id\":\"https:\/\/uvbbrasil.com.br\/#\/schema\/logo\/image\/\",\"url\":\"https:\/\/uvbbrasil.com.br\/wp-content\/uploads\/2025\/01\/LOGO-UVB-2024-azul-1.jpg\",\"contentUrl\":\"https:\/\/uvbbrasil.com.br\/wp-content\/uploads\/2025\/01\/LOGO-UVB-2024-azul-1.jpg\",\"width\":600,\"height\":211,\"caption\":\"UVB Brasil\"},\"image\":{\"@id\":\"https:\/\/uvbbrasil.com.br\/#\/schema\/logo\/image\/\"},\"sameAs\":[\"https:\/\/www.facebook.com\/uvb.vereadoresbrasil\",\"https:\/\/www.instagram.com\/uvbbrasil\/\",\"https:\/\/www.youtube.com\/channel\/UCIlPQ8Xzw5GHNzosQIg9S5A\"]},{\"@type\":\"Person\",\"@id\":\"https:\/\/uvbbrasil.com.br\/#\/schema\/person\/17990098446c098f52effddff4f1b272\",\"name\":\"adminuvb\",\"image\":{\"@type\":\"ImageObject\",\"inLanguage\":\"pt-BR\",\"@id\":\"https:\/\/uvbbrasil.com.br\/#\/schema\/person\/image\/\",\"url\":\"https:\/\/secure.gravatar.com\/avatar\/1a494ea6f8e2dd1ae526e55b0e9497efdba542491e0620d704cccf63c6f77c45?s=96&d=mm&r=g\",\"contentUrl\":\"https:\/\/secure.gravatar.com\/avatar\/1a494ea6f8e2dd1ae526e55b0e9497efdba542491e0620d704cccf63c6f77c45?s=96&d=mm&r=g\",\"caption\":\"adminuvb\"},\"sameAs\":[\"https:\/\/uvbbrasil.com.br\"],\"url\":\"https:\/\/uvbbrasil.com.br\/author\/adminuvb\/\"}]}<\/script>\n<!-- \/ Yoast SEO plugin. -->","yoast_head_json":{"title":"Charqueadas\/RS- Apresenta\u00e7\u00e3o do plano de mobilidade urbana na c\u00e2mara municipal - UVB Brasil","robots":{"index":"index","follow":"follow","max-snippet":"max-snippet:-1","max-image-preview":"max-image-preview:large","max-video-preview":"max-video-preview:-1"},"canonical":"https:\/\/uvbbrasil.com.br\/charqueadas-rs-apresentacao-do-plano-de-mobilidade-urbana-na-camara-municipal\/","og_locale":"pt_BR","og_type":"article","og_title":"Charqueadas\/RS- Apresenta\u00e7\u00e3o do plano de mobilidade urbana na c\u00e2mara municipal - UVB Brasil","og_description":"Apresenta\u00e7\u00e3o dos estudos e proposi\u00e7\u00f5es do Plano de Mobilidade Urbana &#8211; PLANMOB para o munic\u00edpio de Charqueadas na C\u00e2mara de...","og_url":"https:\/\/uvbbrasil.com.br\/charqueadas-rs-apresentacao-do-plano-de-mobilidade-urbana-na-camara-municipal\/","og_site_name":"UVB Brasil","article_publisher":"https:\/\/www.facebook.com\/uvb.vereadoresbrasil","article_published_time":"2022-06-03T13:24:12+00:00","og_image":[{"width":700,"height":368,"url":"https:\/\/uvbbrasil.com.br\/wp-content\/uploads\/2022\/06\/maior_WhatsApp_Image_2022_05_27_at_150017.jpeg","type":"image\/jpeg"}],"author":"adminuvb","twitter_card":"summary_large_image","twitter_misc":{"Escrito por":"adminuvb","Est. tempo de leitura":"3 minutos"},"schema":{"@context":"https:\/\/schema.org","@graph":[{"@type":"Article","@id":"https:\/\/uvbbrasil.com.br\/charqueadas-rs-apresentacao-do-plano-de-mobilidade-urbana-na-camara-municipal\/#article","isPartOf":{"@id":"https:\/\/uvbbrasil.com.br\/charqueadas-rs-apresentacao-do-plano-de-mobilidade-urbana-na-camara-municipal\/"},"author":{"name":"adminuvb","@id":"https:\/\/uvbbrasil.com.br\/#\/schema\/person\/17990098446c098f52effddff4f1b272"},"headline":"Charqueadas\/RS- Apresenta\u00e7\u00e3o do plano de mobilidade urbana na c\u00e2mara municipal","datePublished":"2022-06-03T13:24:12+00:00","mainEntityOfPage":{"@id":"https:\/\/uvbbrasil.com.br\/charqueadas-rs-apresentacao-do-plano-de-mobilidade-urbana-na-camara-municipal\/"},"wordCount":607,"commentCount":0,"publisher":{"@id":"https:\/\/uvbbrasil.com.br\/#organization"},"image":{"@id":"https:\/\/uvbbrasil.com.br\/charqueadas-rs-apresentacao-do-plano-de-mobilidade-urbana-na-camara-municipal\/#primaryimage"},"thumbnailUrl":"https:\/\/uvbbrasil.com.br\/wp-content\/uploads\/2022\/06\/maior_WhatsApp_Image_2022_05_27_at_150017.jpeg","articleSection":["NOT\u00cdCIAS"],"inLanguage":"pt-BR","potentialAction":[{"@type":"CommentAction","name":"Comment","target":["https:\/\/uvbbrasil.com.br\/charqueadas-rs-apresentacao-do-plano-de-mobilidade-urbana-na-camara-municipal\/#respond"]}]},{"@type":"WebPage","@id":"https:\/\/uvbbrasil.com.br\/charqueadas-rs-apresentacao-do-plano-de-mobilidade-urbana-na-camara-municipal\/","url":"https:\/\/uvbbrasil.com.br\/charqueadas-rs-apresentacao-do-plano-de-mobilidade-urbana-na-camara-municipal\/","name":"Charqueadas\/RS- Apresenta\u00e7\u00e3o do plano de mobilidade urbana na c\u00e2mara municipal - UVB Brasil","isPartOf":{"@id":"https:\/\/uvbbrasil.com.br\/#website"},"primaryImageOfPage":{"@id":"https:\/\/uvbbrasil.com.br\/charqueadas-rs-apresentacao-do-plano-de-mobilidade-urbana-na-camara-municipal\/#primaryimage"},"image":{"@id":"https:\/\/uvbbrasil.com.br\/charqueadas-rs-apresentacao-do-plano-de-mobilidade-urbana-na-camara-municipal\/#primaryimage"},"thumbnailUrl":"https:\/\/uvbbrasil.com.br\/wp-content\/uploads\/2022\/06\/maior_WhatsApp_Image_2022_05_27_at_150017.jpeg","datePublished":"2022-06-03T13:24:12+00:00","breadcrumb":{"@id":"https:\/\/uvbbrasil.com.br\/charqueadas-rs-apresentacao-do-plano-de-mobilidade-urbana-na-camara-municipal\/#breadcrumb"},"inLanguage":"pt-BR","potentialAction":[{"@type":"ReadAction","target":["https:\/\/uvbbrasil.com.br\/charqueadas-rs-apresentacao-do-plano-de-mobilidade-urbana-na-camara-municipal\/"]}]},{"@type":"ImageObject","inLanguage":"pt-BR","@id":"https:\/\/uvbbrasil.com.br\/charqueadas-rs-apresentacao-do-plano-de-mobilidade-urbana-na-camara-municipal\/#primaryimage","url":"https:\/\/uvbbrasil.com.br\/wp-content\/uploads\/2022\/06\/maior_WhatsApp_Image_2022_05_27_at_150017.jpeg","contentUrl":"https:\/\/uvbbrasil.com.br\/wp-content\/uploads\/2022\/06\/maior_WhatsApp_Image_2022_05_27_at_150017.jpeg","width":700,"height":368},{"@type":"BreadcrumbList","@id":"https:\/\/uvbbrasil.com.br\/charqueadas-rs-apresentacao-do-plano-de-mobilidade-urbana-na-camara-municipal\/#breadcrumb","itemListElement":[{"@type":"ListItem","position":1,"name":"In\u00edcio","item":"https:\/\/uvbbrasil.com.br\/"},{"@type":"ListItem","position":2,"name":"Charqueadas\/RS- Apresenta\u00e7\u00e3o do plano de mobilidade urbana na c\u00e2mara municipal"}]},{"@type":"WebSite","@id":"https:\/\/uvbbrasil.com.br\/#website","url":"https:\/\/uvbbrasil.com.br\/","name":"UVB Brasil","description":"Uni\u00e3o dos Vereadores do Brasil","publisher":{"@id":"https:\/\/uvbbrasil.com.br\/#organization"},"potentialAction":[{"@type":"SearchAction","target":{"@type":"EntryPoint","urlTemplate":"https:\/\/uvbbrasil.com.br\/?s={search_term_string}"},"query-input":{"@type":"PropertyValueSpecification","valueRequired":true,"valueName":"search_term_string"}}],"inLanguage":"pt-BR"},{"@type":"Organization","@id":"https:\/\/uvbbrasil.com.br\/#organization","name":"UVB Brasil","url":"https:\/\/uvbbrasil.com.br\/","logo":{"@type":"ImageObject","inLanguage":"pt-BR","@id":"https:\/\/uvbbrasil.com.br\/#\/schema\/logo\/image\/","url":"https:\/\/uvbbrasil.com.br\/wp-content\/uploads\/2025\/01\/LOGO-UVB-2024-azul-1.jpg","contentUrl":"https:\/\/uvbbrasil.com.br\/wp-content\/uploads\/2025\/01\/LOGO-UVB-2024-azul-1.jpg","width":600,"height":211,"caption":"UVB Brasil"},"image":{"@id":"https:\/\/uvbbrasil.com.br\/#\/schema\/logo\/image\/"},"sameAs":["https:\/\/www.facebook.com\/uvb.vereadoresbrasil","https:\/\/www.instagram.com\/uvbbrasil\/","https:\/\/www.youtube.com\/channel\/UCIlPQ8Xzw5GHNzosQIg9S5A"]},{"@type":"Person","@id":"https:\/\/uvbbrasil.com.br\/#\/schema\/person\/17990098446c098f52effddff4f1b272","name":"adminuvb","image":{"@type":"ImageObject","inLanguage":"pt-BR","@id":"https:\/\/uvbbrasil.com.br\/#\/schema\/person\/image\/","url":"https:\/\/secure.gravatar.com\/avatar\/1a494ea6f8e2dd1ae526e55b0e9497efdba542491e0620d704cccf63c6f77c45?s=96&d=mm&r=g","contentUrl":"https:\/\/secure.gravatar.com\/avatar\/1a494ea6f8e2dd1ae526e55b0e9497efdba542491e0620d704cccf63c6f77c45?s=96&d=mm&r=g","caption":"adminuvb"},"sameAs":["https:\/\/uvbbrasil.com.br"],"url":"https:\/\/uvbbrasil.com.br\/author\/adminuvb\/"}]}},"_links":{"self":[{"href":"https:\/\/uvbbrasil.com.br\/uvb-json\/wp\/v2\/posts\/26142","targetHints":{"allow":["GET"]}}],"collection":[{"href":"https:\/\/uvbbrasil.com.br\/uvb-json\/wp\/v2\/posts"}],"about":[{"href":"https:\/\/uvbbrasil.com.br\/uvb-json\/wp\/v2\/types\/post"}],"author":[{"embeddable":true,"href":"https:\/\/uvbbrasil.com.br\/uvb-json\/wp\/v2\/users\/1"}],"replies":[{"embeddable":true,"href":"https:\/\/uvbbrasil.com.br\/uvb-json\/wp\/v2\/comments?post=26142"}],"version-history":[{"count":0,"href":"https:\/\/uvbbrasil.com.br\/uvb-json\/wp\/v2\/posts\/26142\/revisions"}],"wp:featuredmedia":[{"embeddable":true,"href":"https:\/\/uvbbrasil.com.br\/uvb-json\/wp\/v2\/media\/26143"}],"wp:attachment":[{"href":"https:\/\/uvbbrasil.com.br\/uvb-json\/wp\/v2\/media?parent=26142"}],"wp:term":[{"taxonomy":"category","embeddable":true,"href":"https:\/\/uvbbrasil.com.br\/uvb-json\/wp\/v2\/categories?post=26142"},{"taxonomy":"post_tag","embeddable":true,"href":"https:\/\/uvbbrasil.com.br\/uvb-json\/wp\/v2\/tags?post=26142"}],"curies":[{"name":"wp","href":"https:\/\/api.w.org\/{rel}","templated":true}]}}