{"id":26095,"date":"2022-05-31T09:41:47","date_gmt":"2022-05-31T12:41:47","guid":{"rendered":"https:\/\/wpsandbox4.pante.com.br\/?p=26095"},"modified":"2022-05-31T09:41:47","modified_gmt":"2022-05-31T12:41:47","slug":"carmen-lucia-defende-mais-acesso-a-informacao-para-diminuir-desigualdade-de-genero-no-brasil","status":"publish","type":"post","link":"https:\/\/uvbbrasil.com.br\/carmen-lucia-defende-mais-acesso-a-informacao-para-diminuir-desigualdade-de-genero-no-brasil\/","title":{"rendered":"C\u00e1rmen L\u00facia defende mais acesso \u00e0 informa\u00e7\u00e3o para diminuir desigualdade de g\u00eanero no Brasil"},"content":{"rendered":"<p class=\"noticia-subtitulo\">Ministra do TSE participou do Semin\u00e1rio Mais Mulheres na Pol\u00edtica, realizado no plen\u00e1rio do Senado Federal nesta segunda (30)<\/p>\n<p class=\"normal1\">A ministra do Tribunal Superior Eleitoral (TSE) e do Supremo Tribunal Federal (STF) C\u00e1rmen L\u00facia defendeu que seja garantido o acesso \u00e0 informa\u00e7\u00e3o sobre a igualdade de direitos entre mulheres e homens j\u00e1 a partir do Ensino Fundamental, como forma de mitigar a desigualdade de representa\u00e7\u00e3o dos g\u00eaneros nas casas de parlamento do Brasil. A declara\u00e7\u00e3o foi dada durante o\u00a0<a href=\"https:\/\/www.youtube.com\/watch?v=inqL3lfjRWk\">Semin\u00e1rio Mais Mulheres na Pol\u00edtica<\/a>, realizado nesta segunda-feira (30), no plen\u00e1rio do Senado Federal.<\/p>\n<p class=\"normal1\">Ao falar na abertura do evento, C\u00e1rmen L\u00facia destacou que a aus\u00eancia de mulheres em cargos de destaque n\u00e3o \u00e9 uma peculiaridade apenas dos Poderes Executivo e Legislativo, mas ocorre tamb\u00e9m no Poder Judici\u00e1rio, muito embora elas sejam cerca de 53% da popula\u00e7\u00e3o e, nas faculdades de Direito, nota-se uma maioria de estudantes do sexo feminino.<\/p>\n<p class=\"normal1\">\u201cNo entanto, n\u00f3s temos menos de 40% das mulheres que comp\u00f5em os quadros da magistratura brasileira e, dessas, menos de 7% s\u00e3o negras\u201d, completou. Nas palavras dela, esses s\u00e3o sinais de um enorme descompasso hist\u00f3rico do Poder Judici\u00e1rio decorrente de uma efetividade desigual dos direitos, que, na Constitui\u00e7\u00e3o Federal, s\u00e3o conferidos em igualdade para brasileiras e brasileiros.<\/p>\n<p class=\"normal1\"><b>Mulheres na pol\u00edtica<\/b><\/p>\n<p class=\"normal1\">A ministra C\u00e1rmen L\u00facia participou do painel intitulado \u201cMulheres da Pol\u00edtica\u201d. Ela apresentou tr\u00eas pontos que julga pertinentes sobre o tema. O primeiro deles foi a reflex\u00e3o sobre a pol\u00edtica, que \u00e9 um espa\u00e7o de comunica\u00e7\u00e3o da sociedade. \u201cSendo assim, por que as mulheres, sendo componentes da sociedade, ainda precisam lutar para ter representatividade na pol\u00edtica? De onde vem essa dificuldade?\u201d, indagou.<\/p>\n<p class=\"normal1\">Em segundo lugar, a ministra questionou a raz\u00e3o pela qual a Constitui\u00e7\u00e3o Federal n\u00e3o \u00e9 respeitada quanto ao preceito de direitos iguais para brasileiras e brasileiros. Por fim, ela fez considera\u00e7\u00f5es sobre o atual momento que a humanidade atravessa no mundo todo. \u201cN\u00f3s fizemos muitas reformas, e a reforma faz parte da vida. Por\u00e9m, alguns momentos hist\u00f3ricos s\u00e3o momentos de transforma\u00e7\u00e3o e n\u00e3o de apenas algumas mudan\u00e7as, digamos, pontuais\u201d, afirmou.<\/p>\n<p class=\"normal1\">C\u00e1rmen L\u00facia ainda lembrou que a cidadania plena das mulheres, que somente h\u00e1 90 conquistaram o direito de votar e serem votadas, foi obra da luta de pioneiras que, desde o final da d\u00e9cada de 1920, questionaram a institui\u00e7\u00f5es sobre o desequil\u00edbrio no acesso a um direito que, na letra constitucional, lhes era conferido de forma igual. Por isso, ela defendeu o acesso \u00e0 informa\u00e7\u00e3o a todas as meninas e meninos nas escolas, j\u00e1 a partir do Ensino Fundamental, como medida para proporcionar a conscientiza\u00e7\u00e3o das mulheres sobre direitos e papel na sociedade.<\/p>\n<p class=\"normal1\">Para a ministra, a desigualdade \u00e9 a maior chaga que precisa ser curada na sociedade brasileira. Essa despropor\u00e7\u00e3o no acesso \u00e0 educa\u00e7\u00e3o, pontuou C\u00e1rmen L\u00facia, \u00e9 a principal causa da sub-representa\u00e7\u00e3o feminina na magistratura brasileira. Al\u00e9m disso, segundo ela, no momento da promo\u00e7\u00e3o da carreira, as mulheres encontram mais dificuldades para conciliar trabalho com vida familiar, enquanto esposas e m\u00e3es, com as exig\u00eancias profissionais, que muitas vezes demandam mudan\u00e7as de cidade.<\/p>\n<p class=\"normal1\"><b>Legitimidade da democracia<\/b><\/p>\n<p>A disparidade de representa\u00e7\u00e3o nas casas de parlamento federais, estaduais e municipais \u00a0\u00a0\u2013\u00a0\u00a0 n\u00e3o s\u00f3 de mulheres, mas de negros, ind\u00edgenas e outros grupos minorizados \u00a0\u2013, na compreens\u00e3o da ministra, compromete a legitimidade da democracia semidireta que \u00e9 preconizada pelo artigo 1\u00ba da Constitui\u00e7\u00e3o Federal. \u201cEssa democracia tem uma falha hist\u00f3rica. Como ela pode ser representativa e ser leg\u00edtima se a composi\u00e7\u00e3o dos que representam mulheres, negros, ind\u00edgenas n\u00e3o se faz presente?\u201d, questionou. Para a ministra, a igualdade de representa\u00e7\u00e3o \u00e9 uma imposi\u00e7\u00e3o constitucional que precisa ser atendida.<\/p>\n<p><img decoding=\"async\" class=\"alignnone size-medium wp-image-26096\" src=\"https:\/\/uvbbrasil.com.br\/wp-content\/uploads\/2022\/05\/1ec12189-cdc4-48bc-90fd-130e6ecc47b5-300x145.jpeg\" alt=\"\" width=\"300\" height=\"145\" srcset=\"https:\/\/uvbbrasil.com.br\/wp-content\/uploads\/2022\/05\/1ec12189-cdc4-48bc-90fd-130e6ecc47b5-300x145.jpeg 300w, https:\/\/uvbbrasil.com.br\/wp-content\/uploads\/2022\/05\/1ec12189-cdc4-48bc-90fd-130e6ecc47b5.jpeg 620w\" sizes=\"(max-width: 300px) 100vw, 300px\" \/><\/p>\n<p>fonte:<a href=\"https:\/\/www.tse.jus.br\/imprensa\/noticias-tse\">https:\/\/www.tse.jus.br\/imprensa\/noticias-tse<\/a><\/p>\n","protected":false},"excerpt":{"rendered":"<p>Ministra do TSE participou do Semin\u00e1rio Mais Mulheres na Pol\u00edtica, realizado no plen\u00e1rio do Senado Federal nesta segunda (30) A&#8230;<\/p>\n","protected":false},"author":1,"featured_media":26096,"comment_status":"open","ping_status":"open","sticky":false,"template":"","format":"standard","meta":{"footnotes":""},"categories":[3],"tags":[],"class_list":["post-26095","post","type-post","status-publish","format-standard","has-post-thumbnail","hentry","category-noticias"],"yoast_head":"<!-- This site is optimized with the Yoast SEO plugin v26.7 - https:\/\/yoast.com\/wordpress\/plugins\/seo\/ -->\n<title>C\u00e1rmen L\u00facia defende mais acesso \u00e0 informa\u00e7\u00e3o para diminuir desigualdade de g\u00eanero no Brasil - UVB Brasil<\/title>\n<meta name=\"robots\" content=\"index, follow, max-snippet:-1, max-image-preview:large, max-video-preview:-1\" \/>\n<link rel=\"canonical\" href=\"https:\/\/uvbbrasil.com.br\/carmen-lucia-defende-mais-acesso-a-informacao-para-diminuir-desigualdade-de-genero-no-brasil\/\" \/>\n<meta property=\"og:locale\" content=\"pt_BR\" \/>\n<meta property=\"og:type\" content=\"article\" \/>\n<meta property=\"og:title\" content=\"C\u00e1rmen L\u00facia defende mais acesso \u00e0 informa\u00e7\u00e3o para diminuir desigualdade de g\u00eanero no Brasil - UVB Brasil\" \/>\n<meta property=\"og:description\" content=\"Ministra do TSE participou do Semin\u00e1rio Mais Mulheres na Pol\u00edtica, realizado no plen\u00e1rio do Senado Federal nesta segunda (30) A...\" \/>\n<meta property=\"og:url\" content=\"https:\/\/uvbbrasil.com.br\/carmen-lucia-defende-mais-acesso-a-informacao-para-diminuir-desigualdade-de-genero-no-brasil\/\" \/>\n<meta property=\"og:site_name\" content=\"UVB Brasil\" \/>\n<meta property=\"article:publisher\" content=\"https:\/\/www.facebook.com\/uvb.vereadoresbrasil\" \/>\n<meta property=\"article:published_time\" content=\"2022-05-31T12:41:47+00:00\" \/>\n<meta property=\"og:image\" content=\"https:\/\/uvbbrasil.com.br\/wp-content\/uploads\/2022\/05\/1ec12189-cdc4-48bc-90fd-130e6ecc47b5.jpeg\" \/>\n\t<meta property=\"og:image:width\" content=\"620\" \/>\n\t<meta property=\"og:image:height\" content=\"300\" \/>\n\t<meta property=\"og:image:type\" content=\"image\/jpeg\" \/>\n<meta name=\"author\" content=\"adminuvb\" \/>\n<meta name=\"twitter:card\" content=\"summary_large_image\" \/>\n<meta name=\"twitter:label1\" content=\"Escrito por\" \/>\n\t<meta name=\"twitter:data1\" content=\"adminuvb\" \/>\n\t<meta name=\"twitter:label2\" content=\"Est. tempo de leitura\" \/>\n\t<meta name=\"twitter:data2\" content=\"3 minutos\" \/>\n<script type=\"application\/ld+json\" class=\"yoast-schema-graph\">{\"@context\":\"https:\/\/schema.org\",\"@graph\":[{\"@type\":\"Article\",\"@id\":\"https:\/\/uvbbrasil.com.br\/carmen-lucia-defende-mais-acesso-a-informacao-para-diminuir-desigualdade-de-genero-no-brasil\/#article\",\"isPartOf\":{\"@id\":\"https:\/\/uvbbrasil.com.br\/carmen-lucia-defende-mais-acesso-a-informacao-para-diminuir-desigualdade-de-genero-no-brasil\/\"},\"author\":{\"name\":\"adminuvb\",\"@id\":\"https:\/\/uvbbrasil.com.br\/#\/schema\/person\/17990098446c098f52effddff4f1b272\"},\"headline\":\"C\u00e1rmen L\u00facia defende mais acesso \u00e0 informa\u00e7\u00e3o para diminuir desigualdade de g\u00eanero no Brasil\",\"datePublished\":\"2022-05-31T12:41:47+00:00\",\"mainEntityOfPage\":{\"@id\":\"https:\/\/uvbbrasil.com.br\/carmen-lucia-defende-mais-acesso-a-informacao-para-diminuir-desigualdade-de-genero-no-brasil\/\"},\"wordCount\":678,\"commentCount\":0,\"publisher\":{\"@id\":\"https:\/\/uvbbrasil.com.br\/#organization\"},\"image\":{\"@id\":\"https:\/\/uvbbrasil.com.br\/carmen-lucia-defende-mais-acesso-a-informacao-para-diminuir-desigualdade-de-genero-no-brasil\/#primaryimage\"},\"thumbnailUrl\":\"https:\/\/uvbbrasil.com.br\/wp-content\/uploads\/2022\/05\/1ec12189-cdc4-48bc-90fd-130e6ecc47b5.jpeg\",\"articleSection\":[\"NOT\u00cdCIAS\"],\"inLanguage\":\"pt-BR\",\"potentialAction\":[{\"@type\":\"CommentAction\",\"name\":\"Comment\",\"target\":[\"https:\/\/uvbbrasil.com.br\/carmen-lucia-defende-mais-acesso-a-informacao-para-diminuir-desigualdade-de-genero-no-brasil\/#respond\"]}]},{\"@type\":\"WebPage\",\"@id\":\"https:\/\/uvbbrasil.com.br\/carmen-lucia-defende-mais-acesso-a-informacao-para-diminuir-desigualdade-de-genero-no-brasil\/\",\"url\":\"https:\/\/uvbbrasil.com.br\/carmen-lucia-defende-mais-acesso-a-informacao-para-diminuir-desigualdade-de-genero-no-brasil\/\",\"name\":\"C\u00e1rmen L\u00facia defende mais acesso \u00e0 informa\u00e7\u00e3o para diminuir desigualdade de g\u00eanero no Brasil - UVB Brasil\",\"isPartOf\":{\"@id\":\"https:\/\/uvbbrasil.com.br\/#website\"},\"primaryImageOfPage\":{\"@id\":\"https:\/\/uvbbrasil.com.br\/carmen-lucia-defende-mais-acesso-a-informacao-para-diminuir-desigualdade-de-genero-no-brasil\/#primaryimage\"},\"image\":{\"@id\":\"https:\/\/uvbbrasil.com.br\/carmen-lucia-defende-mais-acesso-a-informacao-para-diminuir-desigualdade-de-genero-no-brasil\/#primaryimage\"},\"thumbnailUrl\":\"https:\/\/uvbbrasil.com.br\/wp-content\/uploads\/2022\/05\/1ec12189-cdc4-48bc-90fd-130e6ecc47b5.jpeg\",\"datePublished\":\"2022-05-31T12:41:47+00:00\",\"breadcrumb\":{\"@id\":\"https:\/\/uvbbrasil.com.br\/carmen-lucia-defende-mais-acesso-a-informacao-para-diminuir-desigualdade-de-genero-no-brasil\/#breadcrumb\"},\"inLanguage\":\"pt-BR\",\"potentialAction\":[{\"@type\":\"ReadAction\",\"target\":[\"https:\/\/uvbbrasil.com.br\/carmen-lucia-defende-mais-acesso-a-informacao-para-diminuir-desigualdade-de-genero-no-brasil\/\"]}]},{\"@type\":\"ImageObject\",\"inLanguage\":\"pt-BR\",\"@id\":\"https:\/\/uvbbrasil.com.br\/carmen-lucia-defende-mais-acesso-a-informacao-para-diminuir-desigualdade-de-genero-no-brasil\/#primaryimage\",\"url\":\"https:\/\/uvbbrasil.com.br\/wp-content\/uploads\/2022\/05\/1ec12189-cdc4-48bc-90fd-130e6ecc47b5.jpeg\",\"contentUrl\":\"https:\/\/uvbbrasil.com.br\/wp-content\/uploads\/2022\/05\/1ec12189-cdc4-48bc-90fd-130e6ecc47b5.jpeg\",\"width\":620,\"height\":300},{\"@type\":\"BreadcrumbList\",\"@id\":\"https:\/\/uvbbrasil.com.br\/carmen-lucia-defende-mais-acesso-a-informacao-para-diminuir-desigualdade-de-genero-no-brasil\/#breadcrumb\",\"itemListElement\":[{\"@type\":\"ListItem\",\"position\":1,\"name\":\"In\u00edcio\",\"item\":\"https:\/\/uvbbrasil.com.br\/\"},{\"@type\":\"ListItem\",\"position\":2,\"name\":\"C\u00e1rmen L\u00facia defende mais acesso \u00e0 informa\u00e7\u00e3o para diminuir desigualdade de g\u00eanero no Brasil\"}]},{\"@type\":\"WebSite\",\"@id\":\"https:\/\/uvbbrasil.com.br\/#website\",\"url\":\"https:\/\/uvbbrasil.com.br\/\",\"name\":\"UVB Brasil\",\"description\":\"Uni\u00e3o dos Vereadores do Brasil\",\"publisher\":{\"@id\":\"https:\/\/uvbbrasil.com.br\/#organization\"},\"potentialAction\":[{\"@type\":\"SearchAction\",\"target\":{\"@type\":\"EntryPoint\",\"urlTemplate\":\"https:\/\/uvbbrasil.com.br\/?s={search_term_string}\"},\"query-input\":{\"@type\":\"PropertyValueSpecification\",\"valueRequired\":true,\"valueName\":\"search_term_string\"}}],\"inLanguage\":\"pt-BR\"},{\"@type\":\"Organization\",\"@id\":\"https:\/\/uvbbrasil.com.br\/#organization\",\"name\":\"UVB Brasil\",\"url\":\"https:\/\/uvbbrasil.com.br\/\",\"logo\":{\"@type\":\"ImageObject\",\"inLanguage\":\"pt-BR\",\"@id\":\"https:\/\/uvbbrasil.com.br\/#\/schema\/logo\/image\/\",\"url\":\"https:\/\/uvbbrasil.com.br\/wp-content\/uploads\/2025\/01\/LOGO-UVB-2024-azul-1.jpg\",\"contentUrl\":\"https:\/\/uvbbrasil.com.br\/wp-content\/uploads\/2025\/01\/LOGO-UVB-2024-azul-1.jpg\",\"width\":600,\"height\":211,\"caption\":\"UVB Brasil\"},\"image\":{\"@id\":\"https:\/\/uvbbrasil.com.br\/#\/schema\/logo\/image\/\"},\"sameAs\":[\"https:\/\/www.facebook.com\/uvb.vereadoresbrasil\",\"https:\/\/www.instagram.com\/uvbbrasil\/\",\"https:\/\/www.youtube.com\/channel\/UCIlPQ8Xzw5GHNzosQIg9S5A\"]},{\"@type\":\"Person\",\"@id\":\"https:\/\/uvbbrasil.com.br\/#\/schema\/person\/17990098446c098f52effddff4f1b272\",\"name\":\"adminuvb\",\"image\":{\"@type\":\"ImageObject\",\"inLanguage\":\"pt-BR\",\"@id\":\"https:\/\/uvbbrasil.com.br\/#\/schema\/person\/image\/\",\"url\":\"https:\/\/secure.gravatar.com\/avatar\/1a494ea6f8e2dd1ae526e55b0e9497efdba542491e0620d704cccf63c6f77c45?s=96&d=mm&r=g\",\"contentUrl\":\"https:\/\/secure.gravatar.com\/avatar\/1a494ea6f8e2dd1ae526e55b0e9497efdba542491e0620d704cccf63c6f77c45?s=96&d=mm&r=g\",\"caption\":\"adminuvb\"},\"sameAs\":[\"https:\/\/uvbbrasil.com.br\"],\"url\":\"https:\/\/uvbbrasil.com.br\/author\/adminuvb\/\"}]}<\/script>\n<!-- \/ Yoast SEO plugin. -->","yoast_head_json":{"title":"C\u00e1rmen L\u00facia defende mais acesso \u00e0 informa\u00e7\u00e3o para diminuir desigualdade de g\u00eanero no Brasil - UVB Brasil","robots":{"index":"index","follow":"follow","max-snippet":"max-snippet:-1","max-image-preview":"max-image-preview:large","max-video-preview":"max-video-preview:-1"},"canonical":"https:\/\/uvbbrasil.com.br\/carmen-lucia-defende-mais-acesso-a-informacao-para-diminuir-desigualdade-de-genero-no-brasil\/","og_locale":"pt_BR","og_type":"article","og_title":"C\u00e1rmen L\u00facia defende mais acesso \u00e0 informa\u00e7\u00e3o para diminuir desigualdade de g\u00eanero no Brasil - UVB Brasil","og_description":"Ministra do TSE participou do Semin\u00e1rio Mais Mulheres na Pol\u00edtica, realizado no plen\u00e1rio do Senado Federal nesta segunda (30) A...","og_url":"https:\/\/uvbbrasil.com.br\/carmen-lucia-defende-mais-acesso-a-informacao-para-diminuir-desigualdade-de-genero-no-brasil\/","og_site_name":"UVB Brasil","article_publisher":"https:\/\/www.facebook.com\/uvb.vereadoresbrasil","article_published_time":"2022-05-31T12:41:47+00:00","og_image":[{"width":620,"height":300,"url":"https:\/\/uvbbrasil.com.br\/wp-content\/uploads\/2022\/05\/1ec12189-cdc4-48bc-90fd-130e6ecc47b5.jpeg","type":"image\/jpeg"}],"author":"adminuvb","twitter_card":"summary_large_image","twitter_misc":{"Escrito por":"adminuvb","Est. tempo de leitura":"3 minutos"},"schema":{"@context":"https:\/\/schema.org","@graph":[{"@type":"Article","@id":"https:\/\/uvbbrasil.com.br\/carmen-lucia-defende-mais-acesso-a-informacao-para-diminuir-desigualdade-de-genero-no-brasil\/#article","isPartOf":{"@id":"https:\/\/uvbbrasil.com.br\/carmen-lucia-defende-mais-acesso-a-informacao-para-diminuir-desigualdade-de-genero-no-brasil\/"},"author":{"name":"adminuvb","@id":"https:\/\/uvbbrasil.com.br\/#\/schema\/person\/17990098446c098f52effddff4f1b272"},"headline":"C\u00e1rmen L\u00facia defende mais acesso \u00e0 informa\u00e7\u00e3o para diminuir desigualdade de g\u00eanero no Brasil","datePublished":"2022-05-31T12:41:47+00:00","mainEntityOfPage":{"@id":"https:\/\/uvbbrasil.com.br\/carmen-lucia-defende-mais-acesso-a-informacao-para-diminuir-desigualdade-de-genero-no-brasil\/"},"wordCount":678,"commentCount":0,"publisher":{"@id":"https:\/\/uvbbrasil.com.br\/#organization"},"image":{"@id":"https:\/\/uvbbrasil.com.br\/carmen-lucia-defende-mais-acesso-a-informacao-para-diminuir-desigualdade-de-genero-no-brasil\/#primaryimage"},"thumbnailUrl":"https:\/\/uvbbrasil.com.br\/wp-content\/uploads\/2022\/05\/1ec12189-cdc4-48bc-90fd-130e6ecc47b5.jpeg","articleSection":["NOT\u00cdCIAS"],"inLanguage":"pt-BR","potentialAction":[{"@type":"CommentAction","name":"Comment","target":["https:\/\/uvbbrasil.com.br\/carmen-lucia-defende-mais-acesso-a-informacao-para-diminuir-desigualdade-de-genero-no-brasil\/#respond"]}]},{"@type":"WebPage","@id":"https:\/\/uvbbrasil.com.br\/carmen-lucia-defende-mais-acesso-a-informacao-para-diminuir-desigualdade-de-genero-no-brasil\/","url":"https:\/\/uvbbrasil.com.br\/carmen-lucia-defende-mais-acesso-a-informacao-para-diminuir-desigualdade-de-genero-no-brasil\/","name":"C\u00e1rmen L\u00facia defende mais acesso \u00e0 informa\u00e7\u00e3o para diminuir desigualdade de g\u00eanero no Brasil - UVB Brasil","isPartOf":{"@id":"https:\/\/uvbbrasil.com.br\/#website"},"primaryImageOfPage":{"@id":"https:\/\/uvbbrasil.com.br\/carmen-lucia-defende-mais-acesso-a-informacao-para-diminuir-desigualdade-de-genero-no-brasil\/#primaryimage"},"image":{"@id":"https:\/\/uvbbrasil.com.br\/carmen-lucia-defende-mais-acesso-a-informacao-para-diminuir-desigualdade-de-genero-no-brasil\/#primaryimage"},"thumbnailUrl":"https:\/\/uvbbrasil.com.br\/wp-content\/uploads\/2022\/05\/1ec12189-cdc4-48bc-90fd-130e6ecc47b5.jpeg","datePublished":"2022-05-31T12:41:47+00:00","breadcrumb":{"@id":"https:\/\/uvbbrasil.com.br\/carmen-lucia-defende-mais-acesso-a-informacao-para-diminuir-desigualdade-de-genero-no-brasil\/#breadcrumb"},"inLanguage":"pt-BR","potentialAction":[{"@type":"ReadAction","target":["https:\/\/uvbbrasil.com.br\/carmen-lucia-defende-mais-acesso-a-informacao-para-diminuir-desigualdade-de-genero-no-brasil\/"]}]},{"@type":"ImageObject","inLanguage":"pt-BR","@id":"https:\/\/uvbbrasil.com.br\/carmen-lucia-defende-mais-acesso-a-informacao-para-diminuir-desigualdade-de-genero-no-brasil\/#primaryimage","url":"https:\/\/uvbbrasil.com.br\/wp-content\/uploads\/2022\/05\/1ec12189-cdc4-48bc-90fd-130e6ecc47b5.jpeg","contentUrl":"https:\/\/uvbbrasil.com.br\/wp-content\/uploads\/2022\/05\/1ec12189-cdc4-48bc-90fd-130e6ecc47b5.jpeg","width":620,"height":300},{"@type":"BreadcrumbList","@id":"https:\/\/uvbbrasil.com.br\/carmen-lucia-defende-mais-acesso-a-informacao-para-diminuir-desigualdade-de-genero-no-brasil\/#breadcrumb","itemListElement":[{"@type":"ListItem","position":1,"name":"In\u00edcio","item":"https:\/\/uvbbrasil.com.br\/"},{"@type":"ListItem","position":2,"name":"C\u00e1rmen L\u00facia defende mais acesso \u00e0 informa\u00e7\u00e3o para diminuir desigualdade de g\u00eanero no Brasil"}]},{"@type":"WebSite","@id":"https:\/\/uvbbrasil.com.br\/#website","url":"https:\/\/uvbbrasil.com.br\/","name":"UVB Brasil","description":"Uni\u00e3o dos Vereadores do Brasil","publisher":{"@id":"https:\/\/uvbbrasil.com.br\/#organization"},"potentialAction":[{"@type":"SearchAction","target":{"@type":"EntryPoint","urlTemplate":"https:\/\/uvbbrasil.com.br\/?s={search_term_string}"},"query-input":{"@type":"PropertyValueSpecification","valueRequired":true,"valueName":"search_term_string"}}],"inLanguage":"pt-BR"},{"@type":"Organization","@id":"https:\/\/uvbbrasil.com.br\/#organization","name":"UVB Brasil","url":"https:\/\/uvbbrasil.com.br\/","logo":{"@type":"ImageObject","inLanguage":"pt-BR","@id":"https:\/\/uvbbrasil.com.br\/#\/schema\/logo\/image\/","url":"https:\/\/uvbbrasil.com.br\/wp-content\/uploads\/2025\/01\/LOGO-UVB-2024-azul-1.jpg","contentUrl":"https:\/\/uvbbrasil.com.br\/wp-content\/uploads\/2025\/01\/LOGO-UVB-2024-azul-1.jpg","width":600,"height":211,"caption":"UVB Brasil"},"image":{"@id":"https:\/\/uvbbrasil.com.br\/#\/schema\/logo\/image\/"},"sameAs":["https:\/\/www.facebook.com\/uvb.vereadoresbrasil","https:\/\/www.instagram.com\/uvbbrasil\/","https:\/\/www.youtube.com\/channel\/UCIlPQ8Xzw5GHNzosQIg9S5A"]},{"@type":"Person","@id":"https:\/\/uvbbrasil.com.br\/#\/schema\/person\/17990098446c098f52effddff4f1b272","name":"adminuvb","image":{"@type":"ImageObject","inLanguage":"pt-BR","@id":"https:\/\/uvbbrasil.com.br\/#\/schema\/person\/image\/","url":"https:\/\/secure.gravatar.com\/avatar\/1a494ea6f8e2dd1ae526e55b0e9497efdba542491e0620d704cccf63c6f77c45?s=96&d=mm&r=g","contentUrl":"https:\/\/secure.gravatar.com\/avatar\/1a494ea6f8e2dd1ae526e55b0e9497efdba542491e0620d704cccf63c6f77c45?s=96&d=mm&r=g","caption":"adminuvb"},"sameAs":["https:\/\/uvbbrasil.com.br"],"url":"https:\/\/uvbbrasil.com.br\/author\/adminuvb\/"}]}},"_links":{"self":[{"href":"https:\/\/uvbbrasil.com.br\/uvb-json\/wp\/v2\/posts\/26095","targetHints":{"allow":["GET"]}}],"collection":[{"href":"https:\/\/uvbbrasil.com.br\/uvb-json\/wp\/v2\/posts"}],"about":[{"href":"https:\/\/uvbbrasil.com.br\/uvb-json\/wp\/v2\/types\/post"}],"author":[{"embeddable":true,"href":"https:\/\/uvbbrasil.com.br\/uvb-json\/wp\/v2\/users\/1"}],"replies":[{"embeddable":true,"href":"https:\/\/uvbbrasil.com.br\/uvb-json\/wp\/v2\/comments?post=26095"}],"version-history":[{"count":0,"href":"https:\/\/uvbbrasil.com.br\/uvb-json\/wp\/v2\/posts\/26095\/revisions"}],"wp:featuredmedia":[{"embeddable":true,"href":"https:\/\/uvbbrasil.com.br\/uvb-json\/wp\/v2\/media\/26096"}],"wp:attachment":[{"href":"https:\/\/uvbbrasil.com.br\/uvb-json\/wp\/v2\/media?parent=26095"}],"wp:term":[{"taxonomy":"category","embeddable":true,"href":"https:\/\/uvbbrasil.com.br\/uvb-json\/wp\/v2\/categories?post=26095"},{"taxonomy":"post_tag","embeddable":true,"href":"https:\/\/uvbbrasil.com.br\/uvb-json\/wp\/v2\/tags?post=26095"}],"curies":[{"name":"wp","href":"https:\/\/api.w.org\/{rel}","templated":true}]}}