{"id":26078,"date":"2022-05-27T09:41:53","date_gmt":"2022-05-27T12:41:53","guid":{"rendered":"https:\/\/wpsandbox4.pante.com.br\/?p=26078"},"modified":"2022-05-27T09:41:53","modified_gmt":"2022-05-27T12:41:53","slug":"camara-dos-deputados-promove-seminario-para-discutir-gestao-inteligente-e-cidades-digitais","status":"publish","type":"post","link":"https:\/\/uvbbrasil.com.br\/camara-dos-deputados-promove-seminario-para-discutir-gestao-inteligente-e-cidades-digitais\/","title":{"rendered":"C\u00e2mara dos Deputados promove semin\u00e1rio para discutir gest\u00e3o inteligente e cidades digitais"},"content":{"rendered":"<p>A C\u00e2mara dos Deputados, por meio da Comiss\u00e3o de Ci\u00eancia e Tecnologia, Comunica\u00e7\u00e3o e Inform\u00e1tica, realiza no dia 1\u00ba de junho, das 14h30 \u00e0s 18h30, no Sal\u00e3o Nobre, o semin\u00e1rio &#8220;Gest\u00e3o Inteligente Cidades Digitais&#8221;. Destinado a prefeitos, vereadores, secret\u00e1rios, gestores e pessoas que atuam na \u00e1rea, o evento vai apresentar caminhos para a transforma\u00e7\u00e3o digital da gest\u00e3o p\u00fablica. As inscri\u00e7\u00f5es para a participa\u00e7\u00e3o presencial ou on-line podem ser feitas na\u00a0<a class=\"linkExterno\" href=\"https:\/\/gestoesinteligentescidadesdigitais.com\/\">p\u00e1gina do semin\u00e1rio<\/a>.<\/p>\n<p>O evento ter\u00e1 transmiss\u00e3o ao vivo pelo\u00a0<a href=\"https:\/\/www.youtube.com\/watch?v=vzTwUxkk__k\">canal da C\u00e2mara<\/a>\u00a0no YouTube. Os participantes inscritos receber\u00e3o certificados emitidos pela Funda\u00e7\u00e3o Get\u00falio Vargas (FGV).<\/p>\n<p>Confira a programa\u00e7\u00e3o:<\/p>\n<p><strong>1. Forma\u00e7\u00e3o da Mesa e Abertura dos Pain\u00e9is &#8211; (14h45-15h15)<\/strong><\/p>\n<div>\n<p>\u2981 Presidente da C\u00e2mara dos Deputados, Arthur Lira<br \/>\n\u2981 Ministro da Ci\u00eancia e Tecnologia e Inova\u00e7\u00e3o, Paulo Alvim<br \/>\n\u2981 Deputado Eduardo Bismarck \u2013 integrante da Mesa Diretora e Presidente da Frente Parlamentar Mista de Intelig\u00eancia Artificial<br \/>\n\u2981 Senador Eduardo Gomes<br \/>\n\u2981 Deputada Lu\u00edsa Canziani &#8211; presidente da Frente Parlamentar Mista da Economia e Cidadania Digital<br \/>\n\u2981 Deputado Herculano Passos \u2013 integrante da Frente Parlamentar Mista em Defesa dos Munic\u00edpios Brasileiros<br \/>\n\u2022 Deputado Silvio Costa Filho &#8211; integrante Frente Parlamentar Mista em Defesa do Pacto Federativo<br \/>\n\u2022 Deputado Milton Coelho \u2013 presidente da Comiss\u00e3o de Ci\u00eancia e Tecnologia Comunica\u00e7\u00e3o e Inform\u00e1tica<\/p>\n<p><strong>2. Pain\u00e9is (15h15-18h30)<\/strong><\/p>\n<p><strong>Painel 1:<\/strong>\u00a0Transforma\u00e7\u00e3o Digital nas Cidades (abordagem a partir da Plataforma FGV Munic\u00edpios e do uso da intelig\u00eancia artificial)<br \/>\nObjetivo: O painel ter\u00e1 como objetivo prec\u00edpuo trazer para pauta a import\u00e2ncia da transforma\u00e7\u00e3o digital e do uso da intelig\u00eancia artificial na gest\u00e3o p\u00fablica dos munic\u00edpios.<br \/>\nPalestrantes:<br \/>\n\u2981 Henrique Paim, diretor e professor do Centro de Desenvolvimento da Gest\u00e3o P\u00fablica e Pol\u00edticas Educacionais da FGV e gerenciador da Plataforma FGV Munic\u00edpios;<br \/>\n\u2981 Cesar Camacho, diretor e professor do Centro para o Desenvolvimento da Matem\u00e1tica e Ci\u00eancias da FGV;<br \/>\n\u2981 Eduardo Massad, m\u00e9dico e professor titular da Escola de Matem\u00e1tica Aplicada da FGV e de Inform\u00e1tica M\u00e9dica e Medicina Tropical.<\/p>\n<p><strong>Painel 2:<\/strong>\u00a0Novas tecnologias e seus impactos nas cidades &#8211; como a inova\u00e7\u00e3o pode gerar qualidade de vida para o cidad\u00e3o e estimular novos modelos de neg\u00f3cios<br \/>\nPalestrante: Igor Nogueira Calvet, presidente da Ag\u00eancia Brasileira de Desenvolvimento Industrial, servidor p\u00fablico da carreira de Especialista em Pol\u00edticas P\u00fablicas e Gest\u00e3o Governamental e Mestre e Doutorando em Ci\u00eancia Pol\u00edtica pela Universidade de Bras\u00edlia.<\/p>\n<p><strong>Painel 3:<\/strong>\u00a0Cidades que transformam<br \/>\nPalestrante: Diogo Costa, presidente da Escola Nacional de Administra\u00e7\u00e3o P\u00fablica, bacharel em Direito e mestre em Ci\u00eancia Pol\u00edtica pela Columbia University.<\/p>\n<p><strong>Painel 4:<\/strong>\u00a0O que as institui\u00e7\u00f5es governamentais t\u00eam a ganhar com o uso das novas tecnologias da informa\u00e7\u00e3o?<br \/>\nPalestrante: Marcelo Vitorino, professor e consultor em Marketing Pol\u00edtico e Marketing Eleitoral<\/p>\n<p><strong>Painel 5:<\/strong>\u00a0Cases de transforma\u00e7\u00e3o digital nas gest\u00f5es municipais<br \/>\nPrefeitos e autoridades apresentar\u00e3o os cases e refer\u00eancias de sucesso dos seus respectivos munic\u00edpios<\/p>\n<p><strong>3. Cofee break e encerramento (18h30-19h00)<\/strong><\/p>\n<\/div>\n<p>&nbsp;<\/p>\n<p><strong>Local: Sal\u00e3o nobre da C\u00e2mara dos Deputados Bras\u00edlia-DF<\/strong><\/p>\n<p>O evento tem inscri\u00e7\u00f5es presenciais e on-line com transmiss\u00e3o ao vivo.<\/p>\n<p>Para participar \u00e9 necess\u00e1rio fazer a sua inscri\u00e7\u00e3o pelo link.<br \/>\n<a href=\"https:\/\/gestoesinteligentescidadesdigitais.com\">https:\/\/gestoesinteligentescidadesdigitais.com<\/a><\/p>\n<p>&nbsp;<\/p>\n<p><img fetchpriority=\"high\" decoding=\"async\" class=\"alignnone size-full wp-image-26079\" src=\"https:\/\/uvbbrasil.com.br\/wp-content\/uploads\/2022\/05\/gestao-inteligente-300x230-1.jpg\" alt=\"\" width=\"300\" height=\"230\" \/><\/p>\n","protected":false},"excerpt":{"rendered":"<p>A C\u00e2mara dos Deputados, por meio da Comiss\u00e3o de Ci\u00eancia e Tecnologia, Comunica\u00e7\u00e3o e Inform\u00e1tica, realiza no dia 1\u00ba de&#8230;<\/p>\n","protected":false},"author":1,"featured_media":26079,"comment_status":"open","ping_status":"open","sticky":false,"template":"","format":"standard","meta":{"footnotes":""},"categories":[3],"tags":[],"class_list":["post-26078","post","type-post","status-publish","format-standard","has-post-thumbnail","hentry","category-noticias"],"yoast_head":"<!-- This site is optimized with the Yoast SEO plugin v26.7 - https:\/\/yoast.com\/wordpress\/plugins\/seo\/ -->\n<title>C\u00e2mara dos Deputados promove semin\u00e1rio para discutir gest\u00e3o inteligente e cidades digitais - UVB Brasil<\/title>\n<meta name=\"robots\" content=\"index, follow, max-snippet:-1, max-image-preview:large, max-video-preview:-1\" \/>\n<link rel=\"canonical\" href=\"https:\/\/uvbbrasil.com.br\/camara-dos-deputados-promove-seminario-para-discutir-gestao-inteligente-e-cidades-digitais\/\" \/>\n<meta property=\"og:locale\" content=\"pt_BR\" \/>\n<meta property=\"og:type\" content=\"article\" \/>\n<meta property=\"og:title\" content=\"C\u00e2mara dos Deputados promove semin\u00e1rio para discutir gest\u00e3o inteligente e cidades digitais - UVB Brasil\" \/>\n<meta property=\"og:description\" content=\"A C\u00e2mara dos Deputados, por meio da Comiss\u00e3o de Ci\u00eancia e Tecnologia, Comunica\u00e7\u00e3o e Inform\u00e1tica, realiza no dia 1\u00ba de...\" \/>\n<meta property=\"og:url\" content=\"https:\/\/uvbbrasil.com.br\/camara-dos-deputados-promove-seminario-para-discutir-gestao-inteligente-e-cidades-digitais\/\" \/>\n<meta property=\"og:site_name\" content=\"UVB Brasil\" \/>\n<meta property=\"article:publisher\" content=\"https:\/\/www.facebook.com\/uvb.vereadoresbrasil\" \/>\n<meta property=\"article:published_time\" content=\"2022-05-27T12:41:53+00:00\" \/>\n<meta property=\"og:image\" content=\"https:\/\/uvbbrasil.com.br\/wp-content\/uploads\/2022\/05\/gestao-inteligente-300x230-1.jpg\" \/>\n\t<meta property=\"og:image:width\" content=\"300\" \/>\n\t<meta property=\"og:image:height\" content=\"230\" \/>\n\t<meta property=\"og:image:type\" content=\"image\/jpeg\" \/>\n<meta name=\"author\" content=\"adminuvb\" \/>\n<meta name=\"twitter:card\" content=\"summary_large_image\" \/>\n<meta name=\"twitter:label1\" content=\"Escrito por\" \/>\n\t<meta name=\"twitter:data1\" content=\"adminuvb\" \/>\n\t<meta name=\"twitter:label2\" content=\"Est. tempo de leitura\" \/>\n\t<meta name=\"twitter:data2\" content=\"3 minutos\" \/>\n<script type=\"application\/ld+json\" class=\"yoast-schema-graph\">{\"@context\":\"https:\/\/schema.org\",\"@graph\":[{\"@type\":\"Article\",\"@id\":\"https:\/\/uvbbrasil.com.br\/camara-dos-deputados-promove-seminario-para-discutir-gestao-inteligente-e-cidades-digitais\/#article\",\"isPartOf\":{\"@id\":\"https:\/\/uvbbrasil.com.br\/camara-dos-deputados-promove-seminario-para-discutir-gestao-inteligente-e-cidades-digitais\/\"},\"author\":{\"name\":\"adminuvb\",\"@id\":\"https:\/\/uvbbrasil.com.br\/#\/schema\/person\/17990098446c098f52effddff4f1b272\"},\"headline\":\"C\u00e2mara dos Deputados promove semin\u00e1rio para discutir gest\u00e3o inteligente e cidades digitais\",\"datePublished\":\"2022-05-27T12:41:53+00:00\",\"mainEntityOfPage\":{\"@id\":\"https:\/\/uvbbrasil.com.br\/camara-dos-deputados-promove-seminario-para-discutir-gestao-inteligente-e-cidades-digitais\/\"},\"wordCount\":583,\"commentCount\":0,\"publisher\":{\"@id\":\"https:\/\/uvbbrasil.com.br\/#organization\"},\"image\":{\"@id\":\"https:\/\/uvbbrasil.com.br\/camara-dos-deputados-promove-seminario-para-discutir-gestao-inteligente-e-cidades-digitais\/#primaryimage\"},\"thumbnailUrl\":\"https:\/\/uvbbrasil.com.br\/wp-content\/uploads\/2022\/05\/gestao-inteligente-300x230-1.jpg\",\"articleSection\":[\"NOT\u00cdCIAS\"],\"inLanguage\":\"pt-BR\",\"potentialAction\":[{\"@type\":\"CommentAction\",\"name\":\"Comment\",\"target\":[\"https:\/\/uvbbrasil.com.br\/camara-dos-deputados-promove-seminario-para-discutir-gestao-inteligente-e-cidades-digitais\/#respond\"]}]},{\"@type\":\"WebPage\",\"@id\":\"https:\/\/uvbbrasil.com.br\/camara-dos-deputados-promove-seminario-para-discutir-gestao-inteligente-e-cidades-digitais\/\",\"url\":\"https:\/\/uvbbrasil.com.br\/camara-dos-deputados-promove-seminario-para-discutir-gestao-inteligente-e-cidades-digitais\/\",\"name\":\"C\u00e2mara dos Deputados promove semin\u00e1rio para discutir gest\u00e3o inteligente e cidades digitais - UVB Brasil\",\"isPartOf\":{\"@id\":\"https:\/\/uvbbrasil.com.br\/#website\"},\"primaryImageOfPage\":{\"@id\":\"https:\/\/uvbbrasil.com.br\/camara-dos-deputados-promove-seminario-para-discutir-gestao-inteligente-e-cidades-digitais\/#primaryimage\"},\"image\":{\"@id\":\"https:\/\/uvbbrasil.com.br\/camara-dos-deputados-promove-seminario-para-discutir-gestao-inteligente-e-cidades-digitais\/#primaryimage\"},\"thumbnailUrl\":\"https:\/\/uvbbrasil.com.br\/wp-content\/uploads\/2022\/05\/gestao-inteligente-300x230-1.jpg\",\"datePublished\":\"2022-05-27T12:41:53+00:00\",\"breadcrumb\":{\"@id\":\"https:\/\/uvbbrasil.com.br\/camara-dos-deputados-promove-seminario-para-discutir-gestao-inteligente-e-cidades-digitais\/#breadcrumb\"},\"inLanguage\":\"pt-BR\",\"potentialAction\":[{\"@type\":\"ReadAction\",\"target\":[\"https:\/\/uvbbrasil.com.br\/camara-dos-deputados-promove-seminario-para-discutir-gestao-inteligente-e-cidades-digitais\/\"]}]},{\"@type\":\"ImageObject\",\"inLanguage\":\"pt-BR\",\"@id\":\"https:\/\/uvbbrasil.com.br\/camara-dos-deputados-promove-seminario-para-discutir-gestao-inteligente-e-cidades-digitais\/#primaryimage\",\"url\":\"https:\/\/uvbbrasil.com.br\/wp-content\/uploads\/2022\/05\/gestao-inteligente-300x230-1.jpg\",\"contentUrl\":\"https:\/\/uvbbrasil.com.br\/wp-content\/uploads\/2022\/05\/gestao-inteligente-300x230-1.jpg\",\"width\":300,\"height\":230},{\"@type\":\"BreadcrumbList\",\"@id\":\"https:\/\/uvbbrasil.com.br\/camara-dos-deputados-promove-seminario-para-discutir-gestao-inteligente-e-cidades-digitais\/#breadcrumb\",\"itemListElement\":[{\"@type\":\"ListItem\",\"position\":1,\"name\":\"In\u00edcio\",\"item\":\"https:\/\/uvbbrasil.com.br\/\"},{\"@type\":\"ListItem\",\"position\":2,\"name\":\"C\u00e2mara dos Deputados promove semin\u00e1rio para discutir gest\u00e3o inteligente e cidades digitais\"}]},{\"@type\":\"WebSite\",\"@id\":\"https:\/\/uvbbrasil.com.br\/#website\",\"url\":\"https:\/\/uvbbrasil.com.br\/\",\"name\":\"UVB Brasil\",\"description\":\"Uni\u00e3o dos Vereadores do Brasil\",\"publisher\":{\"@id\":\"https:\/\/uvbbrasil.com.br\/#organization\"},\"potentialAction\":[{\"@type\":\"SearchAction\",\"target\":{\"@type\":\"EntryPoint\",\"urlTemplate\":\"https:\/\/uvbbrasil.com.br\/?s={search_term_string}\"},\"query-input\":{\"@type\":\"PropertyValueSpecification\",\"valueRequired\":true,\"valueName\":\"search_term_string\"}}],\"inLanguage\":\"pt-BR\"},{\"@type\":\"Organization\",\"@id\":\"https:\/\/uvbbrasil.com.br\/#organization\",\"name\":\"UVB Brasil\",\"url\":\"https:\/\/uvbbrasil.com.br\/\",\"logo\":{\"@type\":\"ImageObject\",\"inLanguage\":\"pt-BR\",\"@id\":\"https:\/\/uvbbrasil.com.br\/#\/schema\/logo\/image\/\",\"url\":\"https:\/\/uvbbrasil.com.br\/wp-content\/uploads\/2025\/01\/LOGO-UVB-2024-azul-1.jpg\",\"contentUrl\":\"https:\/\/uvbbrasil.com.br\/wp-content\/uploads\/2025\/01\/LOGO-UVB-2024-azul-1.jpg\",\"width\":600,\"height\":211,\"caption\":\"UVB Brasil\"},\"image\":{\"@id\":\"https:\/\/uvbbrasil.com.br\/#\/schema\/logo\/image\/\"},\"sameAs\":[\"https:\/\/www.facebook.com\/uvb.vereadoresbrasil\",\"https:\/\/www.instagram.com\/uvbbrasil\/\",\"https:\/\/www.youtube.com\/channel\/UCIlPQ8Xzw5GHNzosQIg9S5A\"]},{\"@type\":\"Person\",\"@id\":\"https:\/\/uvbbrasil.com.br\/#\/schema\/person\/17990098446c098f52effddff4f1b272\",\"name\":\"adminuvb\",\"image\":{\"@type\":\"ImageObject\",\"inLanguage\":\"pt-BR\",\"@id\":\"https:\/\/uvbbrasil.com.br\/#\/schema\/person\/image\/\",\"url\":\"https:\/\/secure.gravatar.com\/avatar\/1a494ea6f8e2dd1ae526e55b0e9497efdba542491e0620d704cccf63c6f77c45?s=96&d=mm&r=g\",\"contentUrl\":\"https:\/\/secure.gravatar.com\/avatar\/1a494ea6f8e2dd1ae526e55b0e9497efdba542491e0620d704cccf63c6f77c45?s=96&d=mm&r=g\",\"caption\":\"adminuvb\"},\"sameAs\":[\"https:\/\/uvbbrasil.com.br\"],\"url\":\"https:\/\/uvbbrasil.com.br\/author\/adminuvb\/\"}]}<\/script>\n<!-- \/ Yoast SEO plugin. -->","yoast_head_json":{"title":"C\u00e2mara dos Deputados promove semin\u00e1rio para discutir gest\u00e3o inteligente e cidades digitais - UVB Brasil","robots":{"index":"index","follow":"follow","max-snippet":"max-snippet:-1","max-image-preview":"max-image-preview:large","max-video-preview":"max-video-preview:-1"},"canonical":"https:\/\/uvbbrasil.com.br\/camara-dos-deputados-promove-seminario-para-discutir-gestao-inteligente-e-cidades-digitais\/","og_locale":"pt_BR","og_type":"article","og_title":"C\u00e2mara dos Deputados promove semin\u00e1rio para discutir gest\u00e3o inteligente e cidades digitais - UVB Brasil","og_description":"A C\u00e2mara dos Deputados, por meio da Comiss\u00e3o de Ci\u00eancia e Tecnologia, Comunica\u00e7\u00e3o e Inform\u00e1tica, realiza no dia 1\u00ba de...","og_url":"https:\/\/uvbbrasil.com.br\/camara-dos-deputados-promove-seminario-para-discutir-gestao-inteligente-e-cidades-digitais\/","og_site_name":"UVB Brasil","article_publisher":"https:\/\/www.facebook.com\/uvb.vereadoresbrasil","article_published_time":"2022-05-27T12:41:53+00:00","og_image":[{"width":300,"height":230,"url":"https:\/\/uvbbrasil.com.br\/wp-content\/uploads\/2022\/05\/gestao-inteligente-300x230-1.jpg","type":"image\/jpeg"}],"author":"adminuvb","twitter_card":"summary_large_image","twitter_misc":{"Escrito por":"adminuvb","Est. tempo de leitura":"3 minutos"},"schema":{"@context":"https:\/\/schema.org","@graph":[{"@type":"Article","@id":"https:\/\/uvbbrasil.com.br\/camara-dos-deputados-promove-seminario-para-discutir-gestao-inteligente-e-cidades-digitais\/#article","isPartOf":{"@id":"https:\/\/uvbbrasil.com.br\/camara-dos-deputados-promove-seminario-para-discutir-gestao-inteligente-e-cidades-digitais\/"},"author":{"name":"adminuvb","@id":"https:\/\/uvbbrasil.com.br\/#\/schema\/person\/17990098446c098f52effddff4f1b272"},"headline":"C\u00e2mara dos Deputados promove semin\u00e1rio para discutir gest\u00e3o inteligente e cidades digitais","datePublished":"2022-05-27T12:41:53+00:00","mainEntityOfPage":{"@id":"https:\/\/uvbbrasil.com.br\/camara-dos-deputados-promove-seminario-para-discutir-gestao-inteligente-e-cidades-digitais\/"},"wordCount":583,"commentCount":0,"publisher":{"@id":"https:\/\/uvbbrasil.com.br\/#organization"},"image":{"@id":"https:\/\/uvbbrasil.com.br\/camara-dos-deputados-promove-seminario-para-discutir-gestao-inteligente-e-cidades-digitais\/#primaryimage"},"thumbnailUrl":"https:\/\/uvbbrasil.com.br\/wp-content\/uploads\/2022\/05\/gestao-inteligente-300x230-1.jpg","articleSection":["NOT\u00cdCIAS"],"inLanguage":"pt-BR","potentialAction":[{"@type":"CommentAction","name":"Comment","target":["https:\/\/uvbbrasil.com.br\/camara-dos-deputados-promove-seminario-para-discutir-gestao-inteligente-e-cidades-digitais\/#respond"]}]},{"@type":"WebPage","@id":"https:\/\/uvbbrasil.com.br\/camara-dos-deputados-promove-seminario-para-discutir-gestao-inteligente-e-cidades-digitais\/","url":"https:\/\/uvbbrasil.com.br\/camara-dos-deputados-promove-seminario-para-discutir-gestao-inteligente-e-cidades-digitais\/","name":"C\u00e2mara dos Deputados promove semin\u00e1rio para discutir gest\u00e3o inteligente e cidades digitais - UVB Brasil","isPartOf":{"@id":"https:\/\/uvbbrasil.com.br\/#website"},"primaryImageOfPage":{"@id":"https:\/\/uvbbrasil.com.br\/camara-dos-deputados-promove-seminario-para-discutir-gestao-inteligente-e-cidades-digitais\/#primaryimage"},"image":{"@id":"https:\/\/uvbbrasil.com.br\/camara-dos-deputados-promove-seminario-para-discutir-gestao-inteligente-e-cidades-digitais\/#primaryimage"},"thumbnailUrl":"https:\/\/uvbbrasil.com.br\/wp-content\/uploads\/2022\/05\/gestao-inteligente-300x230-1.jpg","datePublished":"2022-05-27T12:41:53+00:00","breadcrumb":{"@id":"https:\/\/uvbbrasil.com.br\/camara-dos-deputados-promove-seminario-para-discutir-gestao-inteligente-e-cidades-digitais\/#breadcrumb"},"inLanguage":"pt-BR","potentialAction":[{"@type":"ReadAction","target":["https:\/\/uvbbrasil.com.br\/camara-dos-deputados-promove-seminario-para-discutir-gestao-inteligente-e-cidades-digitais\/"]}]},{"@type":"ImageObject","inLanguage":"pt-BR","@id":"https:\/\/uvbbrasil.com.br\/camara-dos-deputados-promove-seminario-para-discutir-gestao-inteligente-e-cidades-digitais\/#primaryimage","url":"https:\/\/uvbbrasil.com.br\/wp-content\/uploads\/2022\/05\/gestao-inteligente-300x230-1.jpg","contentUrl":"https:\/\/uvbbrasil.com.br\/wp-content\/uploads\/2022\/05\/gestao-inteligente-300x230-1.jpg","width":300,"height":230},{"@type":"BreadcrumbList","@id":"https:\/\/uvbbrasil.com.br\/camara-dos-deputados-promove-seminario-para-discutir-gestao-inteligente-e-cidades-digitais\/#breadcrumb","itemListElement":[{"@type":"ListItem","position":1,"name":"In\u00edcio","item":"https:\/\/uvbbrasil.com.br\/"},{"@type":"ListItem","position":2,"name":"C\u00e2mara dos Deputados promove semin\u00e1rio para discutir gest\u00e3o inteligente e cidades digitais"}]},{"@type":"WebSite","@id":"https:\/\/uvbbrasil.com.br\/#website","url":"https:\/\/uvbbrasil.com.br\/","name":"UVB Brasil","description":"Uni\u00e3o dos Vereadores do Brasil","publisher":{"@id":"https:\/\/uvbbrasil.com.br\/#organization"},"potentialAction":[{"@type":"SearchAction","target":{"@type":"EntryPoint","urlTemplate":"https:\/\/uvbbrasil.com.br\/?s={search_term_string}"},"query-input":{"@type":"PropertyValueSpecification","valueRequired":true,"valueName":"search_term_string"}}],"inLanguage":"pt-BR"},{"@type":"Organization","@id":"https:\/\/uvbbrasil.com.br\/#organization","name":"UVB Brasil","url":"https:\/\/uvbbrasil.com.br\/","logo":{"@type":"ImageObject","inLanguage":"pt-BR","@id":"https:\/\/uvbbrasil.com.br\/#\/schema\/logo\/image\/","url":"https:\/\/uvbbrasil.com.br\/wp-content\/uploads\/2025\/01\/LOGO-UVB-2024-azul-1.jpg","contentUrl":"https:\/\/uvbbrasil.com.br\/wp-content\/uploads\/2025\/01\/LOGO-UVB-2024-azul-1.jpg","width":600,"height":211,"caption":"UVB Brasil"},"image":{"@id":"https:\/\/uvbbrasil.com.br\/#\/schema\/logo\/image\/"},"sameAs":["https:\/\/www.facebook.com\/uvb.vereadoresbrasil","https:\/\/www.instagram.com\/uvbbrasil\/","https:\/\/www.youtube.com\/channel\/UCIlPQ8Xzw5GHNzosQIg9S5A"]},{"@type":"Person","@id":"https:\/\/uvbbrasil.com.br\/#\/schema\/person\/17990098446c098f52effddff4f1b272","name":"adminuvb","image":{"@type":"ImageObject","inLanguage":"pt-BR","@id":"https:\/\/uvbbrasil.com.br\/#\/schema\/person\/image\/","url":"https:\/\/secure.gravatar.com\/avatar\/1a494ea6f8e2dd1ae526e55b0e9497efdba542491e0620d704cccf63c6f77c45?s=96&d=mm&r=g","contentUrl":"https:\/\/secure.gravatar.com\/avatar\/1a494ea6f8e2dd1ae526e55b0e9497efdba542491e0620d704cccf63c6f77c45?s=96&d=mm&r=g","caption":"adminuvb"},"sameAs":["https:\/\/uvbbrasil.com.br"],"url":"https:\/\/uvbbrasil.com.br\/author\/adminuvb\/"}]}},"_links":{"self":[{"href":"https:\/\/uvbbrasil.com.br\/uvb-json\/wp\/v2\/posts\/26078","targetHints":{"allow":["GET"]}}],"collection":[{"href":"https:\/\/uvbbrasil.com.br\/uvb-json\/wp\/v2\/posts"}],"about":[{"href":"https:\/\/uvbbrasil.com.br\/uvb-json\/wp\/v2\/types\/post"}],"author":[{"embeddable":true,"href":"https:\/\/uvbbrasil.com.br\/uvb-json\/wp\/v2\/users\/1"}],"replies":[{"embeddable":true,"href":"https:\/\/uvbbrasil.com.br\/uvb-json\/wp\/v2\/comments?post=26078"}],"version-history":[{"count":0,"href":"https:\/\/uvbbrasil.com.br\/uvb-json\/wp\/v2\/posts\/26078\/revisions"}],"wp:featuredmedia":[{"embeddable":true,"href":"https:\/\/uvbbrasil.com.br\/uvb-json\/wp\/v2\/media\/26079"}],"wp:attachment":[{"href":"https:\/\/uvbbrasil.com.br\/uvb-json\/wp\/v2\/media?parent=26078"}],"wp:term":[{"taxonomy":"category","embeddable":true,"href":"https:\/\/uvbbrasil.com.br\/uvb-json\/wp\/v2\/categories?post=26078"},{"taxonomy":"post_tag","embeddable":true,"href":"https:\/\/uvbbrasil.com.br\/uvb-json\/wp\/v2\/tags?post=26078"}],"curies":[{"name":"wp","href":"https:\/\/api.w.org\/{rel}","templated":true}]}}