{"id":26028,"date":"2022-05-23T15:19:29","date_gmt":"2022-05-23T18:19:29","guid":{"rendered":"https:\/\/wpsandbox4.pante.com.br\/?p=26028"},"modified":"2022-05-23T15:19:29","modified_gmt":"2022-05-23T18:19:29","slug":"joao-doria-anuncia-que-nao-vai-disputar-eleicoes-presidenciais","status":"publish","type":"post","link":"https:\/\/uvbbrasil.com.br\/joao-doria-anuncia-que-nao-vai-disputar-eleicoes-presidenciais\/","title":{"rendered":"Jo\u00e3o Doria anuncia que n\u00e3o vai disputar elei\u00e7\u00f5es presidenciais"},"content":{"rendered":"<p>O ex-governador de S\u00e3o Paulo Jo\u00e3o Doria (PSDB) anunciou hoje segunda-feira(23) que desistiu de sua pr\u00e9-candidatura \u00e0s elei\u00e7\u00f5es presidenciais deste ano. \u201cMe retiro da disputa com o cora\u00e7\u00e3o ferido, mas com a alma leve. Com a sensa\u00e7\u00e3o inequ\u00edvoca do dever cumprido e miss\u00e3o bem realizada\u201d, disse.<\/p>\n<p>Em pronunciamento feito nos Jardins, na capital paulista, e transmitido pelas redes sociais, Doria informou que, apesar de ter sido escolhido nas pr\u00e9vias do PSTDB como pr\u00e9-candidato \u00e0 presid\u00eancia da Rep\u00fablica pelo partido, ele entendeu que n\u00e3o era \u201ca escolha da c\u00fapula do PSDB\u201d.<\/p>\n<p>\u201cAceito esta realidade com a cabe\u00e7a erguida. Sou um homem que respeita o bom senso, o di\u00e1logo e o equil\u00edbrio. Sempre busquei e seguirei buscando o consenso, mesmo que ele seja contr\u00e1rio \u00e0 minha vontade pessoal. O PSDB saber\u00e1 tomar a melhor decis\u00e3o no seu posicionamento para as elei\u00e7\u00f5es deste ano\u201d, completou.<\/p>\n<p data-fetch=\"true\">Doria encerrou seu discurso agradecendo a seus apoiadores e colaboradores e destacou que \u00e9 preciso uma alternativa para o que chamou de extremos.<\/p>\n<p data-fetch=\"true\">O pronunciamento de Doria ocorre \u00e0s v\u00e9speras de uma reuni\u00e3o em que seu partido deve definir como vai se posicionar nas elei\u00e7\u00f5es presidenciais deste ano. Uma nota conjunta assinada pelo PSDB, MDB e Cidadania e divulgada na semana passada informou que os tr\u00eas partidos estudam anunciar uma candidatura \u00fanica \u00e0 presid\u00eancia da Rep\u00fablica. \u201cMDB, PSDB e Cidadania t\u00eam um encontro marcado com a sua pr\u00f3pria hist\u00f3ria e com a hist\u00f3ria do pa\u00eds. \u00c9 a consci\u00eancia do grave momento nacional, tanto do ponto de vista pol\u00edtico-institucional, quanto econ\u00f4mico-social, que guiou os tr\u00eas partidos nas discuss\u00f5es sobre uma alian\u00e7a do centro democr\u00e1tico que pudesse oferecer \u00e0s brasileiras e aos brasileiros uma alternativa \u00e0 polariza\u00e7\u00e3o\u201d, diz o comunicado.<\/p>\n<p data-fetch=\"true\">Jo\u00e3o Doria foi prefeito de S\u00e3o Paulo entre 2017 e 2018, deixando o cargo para disputar o governo paulista, para o qual foi eleito. Ele assumiu o governo de S\u00e3o Paulo em 2019 e cumpriu seu mandato at\u00e9 31 de mar\u00e7o deste ano, quando informou que deixaria o cargo para concorrer \u00e0s elei\u00e7\u00f5es presidenciais. Em seu lugar assumiu Rodrigo Garcia (PSDB).<\/p>\n<p data-fetch=\"true\">No final do m\u00eas de abril ele esteve participando da XXI Marcha dos Legislativos Municipais promovida pela Uni\u00e3o dos Vereadores do Brasil\/UVB.<\/p>\n<p data-fetch=\"true\"><img fetchpriority=\"high\" decoding=\"async\" class=\"alignnone size-medium wp-image-26029\" src=\"https:\/\/uvbbrasil.com.br\/wp-content\/uploads\/2022\/05\/WhatsApp-Image-2022-05-23-at-15.17.14-300x200.jpeg\" alt=\"\" width=\"300\" height=\"200\" srcset=\"https:\/\/uvbbrasil.com.br\/wp-content\/uploads\/2022\/05\/WhatsApp-Image-2022-05-23-at-15.17.14-300x200.jpeg 300w, https:\/\/uvbbrasil.com.br\/wp-content\/uploads\/2022\/05\/WhatsApp-Image-2022-05-23-at-15.17.14-1024x683.jpeg 1024w, https:\/\/uvbbrasil.com.br\/wp-content\/uploads\/2022\/05\/WhatsApp-Image-2022-05-23-at-15.17.14-768x512.jpeg 768w, https:\/\/uvbbrasil.com.br\/wp-content\/uploads\/2022\/05\/WhatsApp-Image-2022-05-23-at-15.17.14-1536x1024.jpeg 1536w, https:\/\/uvbbrasil.com.br\/wp-content\/uploads\/2022\/05\/WhatsApp-Image-2022-05-23-at-15.17.14.jpeg 1599w\" sizes=\"(max-width: 300px) 100vw, 300px\" \/><\/p>\n<p data-fetch=\"true\">fonte:https:\/\/www.onacional.com.br\/<\/p>\n","protected":false},"excerpt":{"rendered":"<p>O ex-governador de S\u00e3o Paulo Jo\u00e3o Doria (PSDB) anunciou hoje segunda-feira(23) que desistiu de sua pr\u00e9-candidatura \u00e0s elei\u00e7\u00f5es presidenciais deste&#8230;<\/p>\n","protected":false},"author":1,"featured_media":26029,"comment_status":"open","ping_status":"open","sticky":false,"template":"","format":"standard","meta":{"footnotes":""},"categories":[3],"tags":[],"class_list":["post-26028","post","type-post","status-publish","format-standard","has-post-thumbnail","hentry","category-noticias"],"yoast_head":"<!-- This site is optimized with the Yoast SEO plugin v26.7 - https:\/\/yoast.com\/wordpress\/plugins\/seo\/ -->\n<title>Jo\u00e3o Doria anuncia que n\u00e3o vai disputar elei\u00e7\u00f5es presidenciais - UVB Brasil<\/title>\n<meta name=\"robots\" content=\"index, follow, max-snippet:-1, max-image-preview:large, max-video-preview:-1\" \/>\n<link rel=\"canonical\" href=\"https:\/\/uvbbrasil.com.br\/joao-doria-anuncia-que-nao-vai-disputar-eleicoes-presidenciais\/\" \/>\n<meta property=\"og:locale\" content=\"pt_BR\" \/>\n<meta property=\"og:type\" content=\"article\" \/>\n<meta property=\"og:title\" content=\"Jo\u00e3o Doria anuncia que n\u00e3o vai disputar elei\u00e7\u00f5es presidenciais - UVB Brasil\" \/>\n<meta property=\"og:description\" content=\"O ex-governador de S\u00e3o Paulo Jo\u00e3o Doria (PSDB) anunciou hoje segunda-feira(23) que desistiu de sua pr\u00e9-candidatura \u00e0s elei\u00e7\u00f5es presidenciais deste...\" \/>\n<meta property=\"og:url\" content=\"https:\/\/uvbbrasil.com.br\/joao-doria-anuncia-que-nao-vai-disputar-eleicoes-presidenciais\/\" \/>\n<meta property=\"og:site_name\" content=\"UVB Brasil\" \/>\n<meta property=\"article:publisher\" content=\"https:\/\/www.facebook.com\/uvb.vereadoresbrasil\" \/>\n<meta property=\"article:published_time\" content=\"2022-05-23T18:19:29+00:00\" \/>\n<meta property=\"og:image\" content=\"https:\/\/uvbbrasil.com.br\/wp-content\/uploads\/2022\/05\/WhatsApp-Image-2022-05-23-at-15.17.14.jpeg\" \/>\n\t<meta property=\"og:image:width\" content=\"1599\" \/>\n\t<meta property=\"og:image:height\" content=\"1066\" \/>\n\t<meta property=\"og:image:type\" content=\"image\/jpeg\" \/>\n<meta name=\"author\" content=\"adminuvb\" \/>\n<meta name=\"twitter:card\" content=\"summary_large_image\" \/>\n<meta name=\"twitter:label1\" content=\"Escrito por\" \/>\n\t<meta name=\"twitter:data1\" content=\"adminuvb\" \/>\n\t<meta name=\"twitter:label2\" content=\"Est. tempo de leitura\" \/>\n\t<meta name=\"twitter:data2\" content=\"2 minutos\" \/>\n<script type=\"application\/ld+json\" class=\"yoast-schema-graph\">{\"@context\":\"https:\/\/schema.org\",\"@graph\":[{\"@type\":\"Article\",\"@id\":\"https:\/\/uvbbrasil.com.br\/joao-doria-anuncia-que-nao-vai-disputar-eleicoes-presidenciais\/#article\",\"isPartOf\":{\"@id\":\"https:\/\/uvbbrasil.com.br\/joao-doria-anuncia-que-nao-vai-disputar-eleicoes-presidenciais\/\"},\"author\":{\"name\":\"adminuvb\",\"@id\":\"https:\/\/uvbbrasil.com.br\/#\/schema\/person\/17990098446c098f52effddff4f1b272\"},\"headline\":\"Jo\u00e3o Doria anuncia que n\u00e3o vai disputar elei\u00e7\u00f5es presidenciais\",\"datePublished\":\"2022-05-23T18:19:29+00:00\",\"mainEntityOfPage\":{\"@id\":\"https:\/\/uvbbrasil.com.br\/joao-doria-anuncia-que-nao-vai-disputar-eleicoes-presidenciais\/\"},\"wordCount\":418,\"commentCount\":0,\"publisher\":{\"@id\":\"https:\/\/uvbbrasil.com.br\/#organization\"},\"image\":{\"@id\":\"https:\/\/uvbbrasil.com.br\/joao-doria-anuncia-que-nao-vai-disputar-eleicoes-presidenciais\/#primaryimage\"},\"thumbnailUrl\":\"https:\/\/uvbbrasil.com.br\/wp-content\/uploads\/2022\/05\/WhatsApp-Image-2022-05-23-at-15.17.14.jpeg\",\"articleSection\":[\"NOT\u00cdCIAS\"],\"inLanguage\":\"pt-BR\",\"potentialAction\":[{\"@type\":\"CommentAction\",\"name\":\"Comment\",\"target\":[\"https:\/\/uvbbrasil.com.br\/joao-doria-anuncia-que-nao-vai-disputar-eleicoes-presidenciais\/#respond\"]}]},{\"@type\":\"WebPage\",\"@id\":\"https:\/\/uvbbrasil.com.br\/joao-doria-anuncia-que-nao-vai-disputar-eleicoes-presidenciais\/\",\"url\":\"https:\/\/uvbbrasil.com.br\/joao-doria-anuncia-que-nao-vai-disputar-eleicoes-presidenciais\/\",\"name\":\"Jo\u00e3o Doria anuncia que n\u00e3o vai disputar elei\u00e7\u00f5es presidenciais - UVB Brasil\",\"isPartOf\":{\"@id\":\"https:\/\/uvbbrasil.com.br\/#website\"},\"primaryImageOfPage\":{\"@id\":\"https:\/\/uvbbrasil.com.br\/joao-doria-anuncia-que-nao-vai-disputar-eleicoes-presidenciais\/#primaryimage\"},\"image\":{\"@id\":\"https:\/\/uvbbrasil.com.br\/joao-doria-anuncia-que-nao-vai-disputar-eleicoes-presidenciais\/#primaryimage\"},\"thumbnailUrl\":\"https:\/\/uvbbrasil.com.br\/wp-content\/uploads\/2022\/05\/WhatsApp-Image-2022-05-23-at-15.17.14.jpeg\",\"datePublished\":\"2022-05-23T18:19:29+00:00\",\"breadcrumb\":{\"@id\":\"https:\/\/uvbbrasil.com.br\/joao-doria-anuncia-que-nao-vai-disputar-eleicoes-presidenciais\/#breadcrumb\"},\"inLanguage\":\"pt-BR\",\"potentialAction\":[{\"@type\":\"ReadAction\",\"target\":[\"https:\/\/uvbbrasil.com.br\/joao-doria-anuncia-que-nao-vai-disputar-eleicoes-presidenciais\/\"]}]},{\"@type\":\"ImageObject\",\"inLanguage\":\"pt-BR\",\"@id\":\"https:\/\/uvbbrasil.com.br\/joao-doria-anuncia-que-nao-vai-disputar-eleicoes-presidenciais\/#primaryimage\",\"url\":\"https:\/\/uvbbrasil.com.br\/wp-content\/uploads\/2022\/05\/WhatsApp-Image-2022-05-23-at-15.17.14.jpeg\",\"contentUrl\":\"https:\/\/uvbbrasil.com.br\/wp-content\/uploads\/2022\/05\/WhatsApp-Image-2022-05-23-at-15.17.14.jpeg\",\"width\":1599,\"height\":1066},{\"@type\":\"BreadcrumbList\",\"@id\":\"https:\/\/uvbbrasil.com.br\/joao-doria-anuncia-que-nao-vai-disputar-eleicoes-presidenciais\/#breadcrumb\",\"itemListElement\":[{\"@type\":\"ListItem\",\"position\":1,\"name\":\"In\u00edcio\",\"item\":\"https:\/\/uvbbrasil.com.br\/\"},{\"@type\":\"ListItem\",\"position\":2,\"name\":\"Jo\u00e3o Doria anuncia que n\u00e3o vai disputar elei\u00e7\u00f5es presidenciais\"}]},{\"@type\":\"WebSite\",\"@id\":\"https:\/\/uvbbrasil.com.br\/#website\",\"url\":\"https:\/\/uvbbrasil.com.br\/\",\"name\":\"UVB Brasil\",\"description\":\"Uni\u00e3o dos Vereadores do Brasil\",\"publisher\":{\"@id\":\"https:\/\/uvbbrasil.com.br\/#organization\"},\"potentialAction\":[{\"@type\":\"SearchAction\",\"target\":{\"@type\":\"EntryPoint\",\"urlTemplate\":\"https:\/\/uvbbrasil.com.br\/?s={search_term_string}\"},\"query-input\":{\"@type\":\"PropertyValueSpecification\",\"valueRequired\":true,\"valueName\":\"search_term_string\"}}],\"inLanguage\":\"pt-BR\"},{\"@type\":\"Organization\",\"@id\":\"https:\/\/uvbbrasil.com.br\/#organization\",\"name\":\"UVB Brasil\",\"url\":\"https:\/\/uvbbrasil.com.br\/\",\"logo\":{\"@type\":\"ImageObject\",\"inLanguage\":\"pt-BR\",\"@id\":\"https:\/\/uvbbrasil.com.br\/#\/schema\/logo\/image\/\",\"url\":\"https:\/\/uvbbrasil.com.br\/wp-content\/uploads\/2025\/01\/LOGO-UVB-2024-azul-1.jpg\",\"contentUrl\":\"https:\/\/uvbbrasil.com.br\/wp-content\/uploads\/2025\/01\/LOGO-UVB-2024-azul-1.jpg\",\"width\":600,\"height\":211,\"caption\":\"UVB Brasil\"},\"image\":{\"@id\":\"https:\/\/uvbbrasil.com.br\/#\/schema\/logo\/image\/\"},\"sameAs\":[\"https:\/\/www.facebook.com\/uvb.vereadoresbrasil\",\"https:\/\/www.instagram.com\/uvbbrasil\/\",\"https:\/\/www.youtube.com\/channel\/UCIlPQ8Xzw5GHNzosQIg9S5A\"]},{\"@type\":\"Person\",\"@id\":\"https:\/\/uvbbrasil.com.br\/#\/schema\/person\/17990098446c098f52effddff4f1b272\",\"name\":\"adminuvb\",\"image\":{\"@type\":\"ImageObject\",\"inLanguage\":\"pt-BR\",\"@id\":\"https:\/\/uvbbrasil.com.br\/#\/schema\/person\/image\/\",\"url\":\"https:\/\/secure.gravatar.com\/avatar\/1a494ea6f8e2dd1ae526e55b0e9497efdba542491e0620d704cccf63c6f77c45?s=96&d=mm&r=g\",\"contentUrl\":\"https:\/\/secure.gravatar.com\/avatar\/1a494ea6f8e2dd1ae526e55b0e9497efdba542491e0620d704cccf63c6f77c45?s=96&d=mm&r=g\",\"caption\":\"adminuvb\"},\"sameAs\":[\"https:\/\/uvbbrasil.com.br\"],\"url\":\"https:\/\/uvbbrasil.com.br\/author\/adminuvb\/\"}]}<\/script>\n<!-- \/ Yoast SEO plugin. -->","yoast_head_json":{"title":"Jo\u00e3o Doria anuncia que n\u00e3o vai disputar elei\u00e7\u00f5es presidenciais - UVB Brasil","robots":{"index":"index","follow":"follow","max-snippet":"max-snippet:-1","max-image-preview":"max-image-preview:large","max-video-preview":"max-video-preview:-1"},"canonical":"https:\/\/uvbbrasil.com.br\/joao-doria-anuncia-que-nao-vai-disputar-eleicoes-presidenciais\/","og_locale":"pt_BR","og_type":"article","og_title":"Jo\u00e3o Doria anuncia que n\u00e3o vai disputar elei\u00e7\u00f5es presidenciais - UVB Brasil","og_description":"O ex-governador de S\u00e3o Paulo Jo\u00e3o Doria (PSDB) anunciou hoje segunda-feira(23) que desistiu de sua pr\u00e9-candidatura \u00e0s elei\u00e7\u00f5es presidenciais deste...","og_url":"https:\/\/uvbbrasil.com.br\/joao-doria-anuncia-que-nao-vai-disputar-eleicoes-presidenciais\/","og_site_name":"UVB Brasil","article_publisher":"https:\/\/www.facebook.com\/uvb.vereadoresbrasil","article_published_time":"2022-05-23T18:19:29+00:00","og_image":[{"width":1599,"height":1066,"url":"https:\/\/uvbbrasil.com.br\/wp-content\/uploads\/2022\/05\/WhatsApp-Image-2022-05-23-at-15.17.14.jpeg","type":"image\/jpeg"}],"author":"adminuvb","twitter_card":"summary_large_image","twitter_misc":{"Escrito por":"adminuvb","Est. tempo de leitura":"2 minutos"},"schema":{"@context":"https:\/\/schema.org","@graph":[{"@type":"Article","@id":"https:\/\/uvbbrasil.com.br\/joao-doria-anuncia-que-nao-vai-disputar-eleicoes-presidenciais\/#article","isPartOf":{"@id":"https:\/\/uvbbrasil.com.br\/joao-doria-anuncia-que-nao-vai-disputar-eleicoes-presidenciais\/"},"author":{"name":"adminuvb","@id":"https:\/\/uvbbrasil.com.br\/#\/schema\/person\/17990098446c098f52effddff4f1b272"},"headline":"Jo\u00e3o Doria anuncia que n\u00e3o vai disputar elei\u00e7\u00f5es presidenciais","datePublished":"2022-05-23T18:19:29+00:00","mainEntityOfPage":{"@id":"https:\/\/uvbbrasil.com.br\/joao-doria-anuncia-que-nao-vai-disputar-eleicoes-presidenciais\/"},"wordCount":418,"commentCount":0,"publisher":{"@id":"https:\/\/uvbbrasil.com.br\/#organization"},"image":{"@id":"https:\/\/uvbbrasil.com.br\/joao-doria-anuncia-que-nao-vai-disputar-eleicoes-presidenciais\/#primaryimage"},"thumbnailUrl":"https:\/\/uvbbrasil.com.br\/wp-content\/uploads\/2022\/05\/WhatsApp-Image-2022-05-23-at-15.17.14.jpeg","articleSection":["NOT\u00cdCIAS"],"inLanguage":"pt-BR","potentialAction":[{"@type":"CommentAction","name":"Comment","target":["https:\/\/uvbbrasil.com.br\/joao-doria-anuncia-que-nao-vai-disputar-eleicoes-presidenciais\/#respond"]}]},{"@type":"WebPage","@id":"https:\/\/uvbbrasil.com.br\/joao-doria-anuncia-que-nao-vai-disputar-eleicoes-presidenciais\/","url":"https:\/\/uvbbrasil.com.br\/joao-doria-anuncia-que-nao-vai-disputar-eleicoes-presidenciais\/","name":"Jo\u00e3o Doria anuncia que n\u00e3o vai disputar elei\u00e7\u00f5es presidenciais - UVB Brasil","isPartOf":{"@id":"https:\/\/uvbbrasil.com.br\/#website"},"primaryImageOfPage":{"@id":"https:\/\/uvbbrasil.com.br\/joao-doria-anuncia-que-nao-vai-disputar-eleicoes-presidenciais\/#primaryimage"},"image":{"@id":"https:\/\/uvbbrasil.com.br\/joao-doria-anuncia-que-nao-vai-disputar-eleicoes-presidenciais\/#primaryimage"},"thumbnailUrl":"https:\/\/uvbbrasil.com.br\/wp-content\/uploads\/2022\/05\/WhatsApp-Image-2022-05-23-at-15.17.14.jpeg","datePublished":"2022-05-23T18:19:29+00:00","breadcrumb":{"@id":"https:\/\/uvbbrasil.com.br\/joao-doria-anuncia-que-nao-vai-disputar-eleicoes-presidenciais\/#breadcrumb"},"inLanguage":"pt-BR","potentialAction":[{"@type":"ReadAction","target":["https:\/\/uvbbrasil.com.br\/joao-doria-anuncia-que-nao-vai-disputar-eleicoes-presidenciais\/"]}]},{"@type":"ImageObject","inLanguage":"pt-BR","@id":"https:\/\/uvbbrasil.com.br\/joao-doria-anuncia-que-nao-vai-disputar-eleicoes-presidenciais\/#primaryimage","url":"https:\/\/uvbbrasil.com.br\/wp-content\/uploads\/2022\/05\/WhatsApp-Image-2022-05-23-at-15.17.14.jpeg","contentUrl":"https:\/\/uvbbrasil.com.br\/wp-content\/uploads\/2022\/05\/WhatsApp-Image-2022-05-23-at-15.17.14.jpeg","width":1599,"height":1066},{"@type":"BreadcrumbList","@id":"https:\/\/uvbbrasil.com.br\/joao-doria-anuncia-que-nao-vai-disputar-eleicoes-presidenciais\/#breadcrumb","itemListElement":[{"@type":"ListItem","position":1,"name":"In\u00edcio","item":"https:\/\/uvbbrasil.com.br\/"},{"@type":"ListItem","position":2,"name":"Jo\u00e3o Doria anuncia que n\u00e3o vai disputar elei\u00e7\u00f5es presidenciais"}]},{"@type":"WebSite","@id":"https:\/\/uvbbrasil.com.br\/#website","url":"https:\/\/uvbbrasil.com.br\/","name":"UVB Brasil","description":"Uni\u00e3o dos Vereadores do Brasil","publisher":{"@id":"https:\/\/uvbbrasil.com.br\/#organization"},"potentialAction":[{"@type":"SearchAction","target":{"@type":"EntryPoint","urlTemplate":"https:\/\/uvbbrasil.com.br\/?s={search_term_string}"},"query-input":{"@type":"PropertyValueSpecification","valueRequired":true,"valueName":"search_term_string"}}],"inLanguage":"pt-BR"},{"@type":"Organization","@id":"https:\/\/uvbbrasil.com.br\/#organization","name":"UVB Brasil","url":"https:\/\/uvbbrasil.com.br\/","logo":{"@type":"ImageObject","inLanguage":"pt-BR","@id":"https:\/\/uvbbrasil.com.br\/#\/schema\/logo\/image\/","url":"https:\/\/uvbbrasil.com.br\/wp-content\/uploads\/2025\/01\/LOGO-UVB-2024-azul-1.jpg","contentUrl":"https:\/\/uvbbrasil.com.br\/wp-content\/uploads\/2025\/01\/LOGO-UVB-2024-azul-1.jpg","width":600,"height":211,"caption":"UVB Brasil"},"image":{"@id":"https:\/\/uvbbrasil.com.br\/#\/schema\/logo\/image\/"},"sameAs":["https:\/\/www.facebook.com\/uvb.vereadoresbrasil","https:\/\/www.instagram.com\/uvbbrasil\/","https:\/\/www.youtube.com\/channel\/UCIlPQ8Xzw5GHNzosQIg9S5A"]},{"@type":"Person","@id":"https:\/\/uvbbrasil.com.br\/#\/schema\/person\/17990098446c098f52effddff4f1b272","name":"adminuvb","image":{"@type":"ImageObject","inLanguage":"pt-BR","@id":"https:\/\/uvbbrasil.com.br\/#\/schema\/person\/image\/","url":"https:\/\/secure.gravatar.com\/avatar\/1a494ea6f8e2dd1ae526e55b0e9497efdba542491e0620d704cccf63c6f77c45?s=96&d=mm&r=g","contentUrl":"https:\/\/secure.gravatar.com\/avatar\/1a494ea6f8e2dd1ae526e55b0e9497efdba542491e0620d704cccf63c6f77c45?s=96&d=mm&r=g","caption":"adminuvb"},"sameAs":["https:\/\/uvbbrasil.com.br"],"url":"https:\/\/uvbbrasil.com.br\/author\/adminuvb\/"}]}},"_links":{"self":[{"href":"https:\/\/uvbbrasil.com.br\/uvb-json\/wp\/v2\/posts\/26028","targetHints":{"allow":["GET"]}}],"collection":[{"href":"https:\/\/uvbbrasil.com.br\/uvb-json\/wp\/v2\/posts"}],"about":[{"href":"https:\/\/uvbbrasil.com.br\/uvb-json\/wp\/v2\/types\/post"}],"author":[{"embeddable":true,"href":"https:\/\/uvbbrasil.com.br\/uvb-json\/wp\/v2\/users\/1"}],"replies":[{"embeddable":true,"href":"https:\/\/uvbbrasil.com.br\/uvb-json\/wp\/v2\/comments?post=26028"}],"version-history":[{"count":0,"href":"https:\/\/uvbbrasil.com.br\/uvb-json\/wp\/v2\/posts\/26028\/revisions"}],"wp:featuredmedia":[{"embeddable":true,"href":"https:\/\/uvbbrasil.com.br\/uvb-json\/wp\/v2\/media\/26029"}],"wp:attachment":[{"href":"https:\/\/uvbbrasil.com.br\/uvb-json\/wp\/v2\/media?parent=26028"}],"wp:term":[{"taxonomy":"category","embeddable":true,"href":"https:\/\/uvbbrasil.com.br\/uvb-json\/wp\/v2\/categories?post=26028"},{"taxonomy":"post_tag","embeddable":true,"href":"https:\/\/uvbbrasil.com.br\/uvb-json\/wp\/v2\/tags?post=26028"}],"curies":[{"name":"wp","href":"https:\/\/api.w.org\/{rel}","templated":true}]}}