{"id":26015,"date":"2022-05-31T09:28:36","date_gmt":"2022-05-31T12:28:36","guid":{"rendered":"https:\/\/wpsandbox4.pante.com.br\/?p=26015"},"modified":"2022-05-31T09:28:36","modified_gmt":"2022-05-31T12:28:36","slug":"medalha-mulher-destaque-brasil-2","status":"publish","type":"post","link":"https:\/\/uvbbrasil.com.br\/medalha-mulher-destaque-brasil-2\/","title":{"rendered":"Medalha Mulher Destaque Brasil"},"content":{"rendered":"<p>Conhe\u00e7a o regulamento para a quarta edi\u00e7\u00e3o da Medalha Mulher Destaque Brasil em Mata de S\u00e3o Jo\u00e3o\/BA, de 12\u00a0 15 de setembro de 2023.<\/p>\n<div class=\"elements-box\">\n<p>A quinta edi\u00e7\u00e3o da entrega da Medalha Mulher Destaque Brasil,\u00a0 ser\u00e1 realizada em Mata de S\u00e3o Jo\u00e3o\/BA, \u00a0durante o <strong>Encontro Nacional de\u00a0 Gestores e Legislativos Municipais e o F\u00f3rum Nacional da Mulher Parlamentar que acontece de 12 a 15 de setembro\u00a0 de 2023.<\/strong><\/p>\n<p>A organiza\u00e7\u00e3o e uma realiza\u00e7\u00e3o da Plen\u00e1ria assessoria em parceria com a Uni\u00e3o dos Vereadores do Brasil \u2013 UVB,\u00a0 \u00a0 e F\u00f3rum Nacional da Mulher Parlamentar. A homenagem \u00e9 destinada a mulheres atuantes na pol\u00edtica e nas esferas de poder e decis\u00e3o.<\/p>\n<p>A participa\u00e7\u00e3o das parlamentares \u00e9 uma forma de incentivar \u00a0mais mulheres na vida politica e o objetivo \u00e9 renovar os anseios\u00a0 populares por maior justi\u00e7a social, igualdade e oportunidades. Temas de relev\u00e2ncia fazem parte da programa\u00e7\u00e3o.<\/p>\n<div class=\"elements-box\">\n<p><strong>CONHE\u00c7A O REGULAMENTO:<\/strong><\/p>\n<p>O presidente da Uni\u00e3o dos Vereadores do Brasil, usando da atribui\u00e7\u00e3o que lhe confere pelo estatuto da entidade,\u00a0CRIA O REGULAMENTO PARA A MEDALHA \u201cMULHER DESTAQUE BRASIL\u201d<\/p>\n<p>Art. 1\u00b0 \u2013 A Medalha \u201cMulher Destaque Brasil\u201d, criada por este ato, em 09 de fevereiro de 2018, \u00e9 destinada a agraciar mulheres que se destacam em seus mandatos, ou que tenham prestado relevantes servi\u00e7os, no sentido de divulgar ou fortalecer o papel da mulher na pol\u00edtica e nas esferas de decis\u00e3o e de poder. Que tenham honrado sua biografia por seus feitos e condutas positivas da participa\u00e7\u00e3o da Mulher na pol\u00edtica, especialmente vereadoras com destaque na atua\u00e7\u00e3o legislativa em seus munic\u00edpios.<\/p>\n<p>Art. 2\u00b0 \u2013 A entrega da Medalha ser\u00e1 realizada, em solenidade presidida pelo presidente da Uni\u00e3o dos Vereadores do Brasil, nesta edi\u00e7\u00e3o no m\u00eas de Setembro, durante Encontro do F\u00f3rum Nacional da Mulher Parlamentar da UVB, onde receber\u00e1 ampla divulga\u00e7\u00e3o.<\/p>\n<p>Art. 3\u00b0 \u2013 S\u00e3o condi\u00e7\u00f5es essenciais para merec\u00ea-la tenha elevado o conceito perante os membros do Poder Legislativo Municipal, quanto \u00e0s suas qualidades \u00e9ticas, morais, pol\u00edticas e profissionais, comprovada compet\u00eancia e de um modo geral, quando sua a\u00e7\u00e3o for destacada e eficaz, em prol dos interesses da sua comunidade, da independ\u00eancia da Mulher na Pol\u00edtica ou sua participa\u00e7\u00e3o nas esferas de decis\u00e3o e de poder.<\/p>\n<p>Art. 4\u00b0 \u2013 As indica\u00e7\u00f5es para a concess\u00e3o da Medalha \u201cMulher Destaque Brasil\u201d dever\u00e3o ser encaminhadas ao presidente da Uni\u00e3o dos Vereadores do Brasil\u00a0 e n\u00e3o poder\u00e3o ultrapassar \u00e0 vinte (50) cinquenta concess\u00f5es anuais, ou ainda, poder\u00e3o ser indicadas pela presid\u00eancia da UVB, que dever\u00e1 justificar a indica\u00e7\u00e3o.<\/p>\n<p>Art.5\u00b0- As inscri\u00e7\u00f5es para concorrer a honraria dever\u00e3o ser realizadas\u00a0 com dez dias(10) antes\u00a0 da realiza\u00e7\u00e3o do evento.\u00a0 <strong>Encontro Nacional de\u00a0 Gestores e Legislativos Municipais e o F\u00f3rum Nacional da Mulher Parlamentar que acontece de 12 a 15 de setembro\u00a0 de 2023,\u00a0<\/strong><\/p>\n<p>Art.6\u00b0- A comiss\u00e3o julgadoras dos projetos ser\u00e1 nomeada pela\u00a0 Uni\u00e3o dos Vereadores do Brasil\/UVB, com componentes da Diretoria, F\u00f3rum da Mulher Parlamentar e especialistas.\u00a0 A entrega da medalha s\u00f3 ser\u00e1 realizada com a participante no local do evento.<\/p>\n<p>&nbsp;<\/p>\n<p>Par\u00e1grafo \u00fanico:\u00a0 As indica\u00e7\u00f5es dever\u00e3o conter o nome da homenageada, cargo ou fun\u00e7\u00e3o, dados biogr\u00e1ficos e um resumo dos servi\u00e7os prestados que motivaram a indica\u00e7\u00e3o. Caber\u00e1 a\u00a0 UVB, ap\u00f3s consultado a comiss\u00e3o julgadora, devidamente nomeada para cada edi\u00e7\u00e3o, aceitar ou descartar a indica\u00e7\u00e3o.<\/p>\n<p>Para este ano de 2023, <strong>As justificativas dever\u00e3o ser encaminhadas via e-mail (brasilia@wpsandbox4.pante.com.br)\u00a0 at\u00e9 o dia 3o de agosto, as 17 horas.<\/strong> <strong>Para receber a honraria a concorrente dever\u00e1 estar formalmente inscrita no Encontro Nacional de Legislativos Municipais, e presente no local do evento que acontece de 12 a 15 de setembro\u00a0 na cidade de Mata de S\u00e3o Joao, Bahia, atrav\u00e9s do site: www.wpsandbox4.pante.com.br<\/strong><\/p>\n<p>A entrega da condecora\u00e7\u00e3o ser\u00e1 realizada em solenidade presidida pelo presidente da UVB, no dia 14 de setembro durante a programa\u00e7\u00e3o do Encontro Nacional de Legislativos Municipais\/F\u00f3rum da Mulher Parlamentar.<\/p>\n<p>&nbsp;<\/p>\n<p>Hist\u00f3rico das edi\u00e7\u00f5es anteriores \u2013\u00a0 Medalha Mulher Destaque Brasil<\/p>\n<div class=\"elements-box\">\n<p>A primeira edi\u00e7\u00e3o aconteceu no Encontro Nacional de Legislativos Municipais em \u00a0Foz do Igua\u00e7u\/PR, nos dias 14, 15 e 16 de mar\u00e7o de 2018. A segunda edi\u00e7\u00e3o foi realizada em Macei\u00f3\/AL dentro da programa\u00e7\u00e3o do Encontro Nacional de Legislativos e F\u00f3rum Nacional da Mulher Parlamentar, entre os dias 21 a 23 de mar\u00e7o de 2019. E a terceira edi\u00e7\u00e3o aconteceu em Salvador\/BA\u00a0 entre os dias 21 a 24 de Setembro de 2021.<\/p>\n<p>Para receber a medalha a homenageada dever\u00e1 estar inscrita no Encontro, enviar justificativa que ser\u00e1 analisada e participar do encontro definido pela UVB. Tamb\u00e9m ser\u00e3o homenageadas mulheres indicadas pelo presidente da UVB, que justificar\u00e1 a indica\u00e7\u00e3o.<\/p>\n<p><img fetchpriority=\"high\" decoding=\"async\" class=\"alignnone size-medium wp-image-30021\" src=\"https:\/\/uvbbrasil.com.br\/wp-content\/uploads\/2022\/05\/WhatsApp-Image-2023-06-12-at-11.56.09-1-300x300.jpeg\" alt=\"\" width=\"300\" height=\"300\" srcset=\"https:\/\/uvbbrasil.com.br\/wp-content\/uploads\/2022\/05\/WhatsApp-Image-2023-06-12-at-11.56.09-1-300x300.jpeg 300w, https:\/\/uvbbrasil.com.br\/wp-content\/uploads\/2022\/05\/WhatsApp-Image-2023-06-12-at-11.56.09-1-150x150.jpeg 150w, https:\/\/uvbbrasil.com.br\/wp-content\/uploads\/2022\/05\/WhatsApp-Image-2023-06-12-at-11.56.09-1-768x768.jpeg 768w, https:\/\/uvbbrasil.com.br\/wp-content\/uploads\/2022\/05\/WhatsApp-Image-2023-06-12-at-11.56.09-1.jpeg 800w\" sizes=\"(max-width: 300px) 100vw, 300px\" \/><\/p>\n<\/div>\n<\/div>\n<\/div>\n","protected":false},"excerpt":{"rendered":"<p>Conhe\u00e7a o regulamento para a quarta edi\u00e7\u00e3o da Medalha Mulher Destaque Brasil em Mata de S\u00e3o Jo\u00e3o\/BA, de 12\u00a0 15&#8230;<\/p>\n","protected":false},"author":1,"featured_media":30021,"comment_status":"open","ping_status":"open","sticky":false,"template":"","format":"standard","meta":{"footnotes":""},"categories":[3],"tags":[],"class_list":["post-26015","post","type-post","status-publish","format-standard","has-post-thumbnail","hentry","category-noticias"],"yoast_head":"<!-- This site is optimized with the Yoast SEO plugin v26.7 - https:\/\/yoast.com\/wordpress\/plugins\/seo\/ -->\n<title>Medalha Mulher Destaque Brasil - UVB Brasil<\/title>\n<meta name=\"robots\" content=\"index, follow, max-snippet:-1, max-image-preview:large, max-video-preview:-1\" \/>\n<link rel=\"canonical\" href=\"https:\/\/uvbbrasil.com.br\/medalha-mulher-destaque-brasil-2\/\" \/>\n<meta property=\"og:locale\" content=\"pt_BR\" \/>\n<meta property=\"og:type\" content=\"article\" \/>\n<meta property=\"og:title\" content=\"Medalha Mulher Destaque Brasil - UVB Brasil\" \/>\n<meta property=\"og:description\" content=\"Conhe\u00e7a o regulamento para a quarta edi\u00e7\u00e3o da Medalha Mulher Destaque Brasil em Mata de S\u00e3o Jo\u00e3o\/BA, de 12\u00a0 15...\" \/>\n<meta property=\"og:url\" content=\"https:\/\/uvbbrasil.com.br\/medalha-mulher-destaque-brasil-2\/\" \/>\n<meta property=\"og:site_name\" content=\"UVB Brasil\" \/>\n<meta property=\"article:publisher\" content=\"https:\/\/www.facebook.com\/uvb.vereadoresbrasil\" \/>\n<meta property=\"article:published_time\" content=\"2022-05-31T12:28:36+00:00\" \/>\n<meta property=\"og:image\" content=\"https:\/\/uvbbrasil.com.br\/wp-content\/uploads\/2022\/05\/WhatsApp-Image-2023-06-12-at-11.56.09-1.jpeg\" \/>\n\t<meta property=\"og:image:width\" content=\"800\" \/>\n\t<meta property=\"og:image:height\" content=\"800\" \/>\n\t<meta property=\"og:image:type\" content=\"image\/jpeg\" \/>\n<meta name=\"author\" content=\"adminuvb\" \/>\n<meta name=\"twitter:card\" content=\"summary_large_image\" \/>\n<meta name=\"twitter:label1\" content=\"Escrito por\" \/>\n\t<meta name=\"twitter:data1\" content=\"adminuvb\" \/>\n\t<meta name=\"twitter:label2\" content=\"Est. tempo de leitura\" \/>\n\t<meta name=\"twitter:data2\" content=\"4 minutos\" \/>\n<script type=\"application\/ld+json\" class=\"yoast-schema-graph\">{\"@context\":\"https:\/\/schema.org\",\"@graph\":[{\"@type\":\"Article\",\"@id\":\"https:\/\/uvbbrasil.com.br\/medalha-mulher-destaque-brasil-2\/#article\",\"isPartOf\":{\"@id\":\"https:\/\/uvbbrasil.com.br\/medalha-mulher-destaque-brasil-2\/\"},\"author\":{\"name\":\"adminuvb\",\"@id\":\"https:\/\/uvbbrasil.com.br\/#\/schema\/person\/17990098446c098f52effddff4f1b272\"},\"headline\":\"Medalha Mulher Destaque Brasil\",\"datePublished\":\"2022-05-31T12:28:36+00:00\",\"mainEntityOfPage\":{\"@id\":\"https:\/\/uvbbrasil.com.br\/medalha-mulher-destaque-brasil-2\/\"},\"wordCount\":815,\"commentCount\":0,\"publisher\":{\"@id\":\"https:\/\/uvbbrasil.com.br\/#organization\"},\"image\":{\"@id\":\"https:\/\/uvbbrasil.com.br\/medalha-mulher-destaque-brasil-2\/#primaryimage\"},\"thumbnailUrl\":\"https:\/\/uvbbrasil.com.br\/wp-content\/uploads\/2022\/05\/WhatsApp-Image-2023-06-12-at-11.56.09-1.jpeg\",\"articleSection\":[\"NOT\u00cdCIAS\"],\"inLanguage\":\"pt-BR\",\"potentialAction\":[{\"@type\":\"CommentAction\",\"name\":\"Comment\",\"target\":[\"https:\/\/uvbbrasil.com.br\/medalha-mulher-destaque-brasil-2\/#respond\"]}]},{\"@type\":\"WebPage\",\"@id\":\"https:\/\/uvbbrasil.com.br\/medalha-mulher-destaque-brasil-2\/\",\"url\":\"https:\/\/uvbbrasil.com.br\/medalha-mulher-destaque-brasil-2\/\",\"name\":\"Medalha Mulher Destaque Brasil - UVB Brasil\",\"isPartOf\":{\"@id\":\"https:\/\/uvbbrasil.com.br\/#website\"},\"primaryImageOfPage\":{\"@id\":\"https:\/\/uvbbrasil.com.br\/medalha-mulher-destaque-brasil-2\/#primaryimage\"},\"image\":{\"@id\":\"https:\/\/uvbbrasil.com.br\/medalha-mulher-destaque-brasil-2\/#primaryimage\"},\"thumbnailUrl\":\"https:\/\/uvbbrasil.com.br\/wp-content\/uploads\/2022\/05\/WhatsApp-Image-2023-06-12-at-11.56.09-1.jpeg\",\"datePublished\":\"2022-05-31T12:28:36+00:00\",\"breadcrumb\":{\"@id\":\"https:\/\/uvbbrasil.com.br\/medalha-mulher-destaque-brasil-2\/#breadcrumb\"},\"inLanguage\":\"pt-BR\",\"potentialAction\":[{\"@type\":\"ReadAction\",\"target\":[\"https:\/\/uvbbrasil.com.br\/medalha-mulher-destaque-brasil-2\/\"]}]},{\"@type\":\"ImageObject\",\"inLanguage\":\"pt-BR\",\"@id\":\"https:\/\/uvbbrasil.com.br\/medalha-mulher-destaque-brasil-2\/#primaryimage\",\"url\":\"https:\/\/uvbbrasil.com.br\/wp-content\/uploads\/2022\/05\/WhatsApp-Image-2023-06-12-at-11.56.09-1.jpeg\",\"contentUrl\":\"https:\/\/uvbbrasil.com.br\/wp-content\/uploads\/2022\/05\/WhatsApp-Image-2023-06-12-at-11.56.09-1.jpeg\",\"width\":800,\"height\":800},{\"@type\":\"BreadcrumbList\",\"@id\":\"https:\/\/uvbbrasil.com.br\/medalha-mulher-destaque-brasil-2\/#breadcrumb\",\"itemListElement\":[{\"@type\":\"ListItem\",\"position\":1,\"name\":\"In\u00edcio\",\"item\":\"https:\/\/uvbbrasil.com.br\/\"},{\"@type\":\"ListItem\",\"position\":2,\"name\":\"Medalha Mulher Destaque Brasil\"}]},{\"@type\":\"WebSite\",\"@id\":\"https:\/\/uvbbrasil.com.br\/#website\",\"url\":\"https:\/\/uvbbrasil.com.br\/\",\"name\":\"UVB Brasil\",\"description\":\"Uni\u00e3o dos Vereadores do Brasil\",\"publisher\":{\"@id\":\"https:\/\/uvbbrasil.com.br\/#organization\"},\"potentialAction\":[{\"@type\":\"SearchAction\",\"target\":{\"@type\":\"EntryPoint\",\"urlTemplate\":\"https:\/\/uvbbrasil.com.br\/?s={search_term_string}\"},\"query-input\":{\"@type\":\"PropertyValueSpecification\",\"valueRequired\":true,\"valueName\":\"search_term_string\"}}],\"inLanguage\":\"pt-BR\"},{\"@type\":\"Organization\",\"@id\":\"https:\/\/uvbbrasil.com.br\/#organization\",\"name\":\"UVB Brasil\",\"url\":\"https:\/\/uvbbrasil.com.br\/\",\"logo\":{\"@type\":\"ImageObject\",\"inLanguage\":\"pt-BR\",\"@id\":\"https:\/\/uvbbrasil.com.br\/#\/schema\/logo\/image\/\",\"url\":\"https:\/\/uvbbrasil.com.br\/wp-content\/uploads\/2025\/01\/LOGO-UVB-2024-azul-1.jpg\",\"contentUrl\":\"https:\/\/uvbbrasil.com.br\/wp-content\/uploads\/2025\/01\/LOGO-UVB-2024-azul-1.jpg\",\"width\":600,\"height\":211,\"caption\":\"UVB Brasil\"},\"image\":{\"@id\":\"https:\/\/uvbbrasil.com.br\/#\/schema\/logo\/image\/\"},\"sameAs\":[\"https:\/\/www.facebook.com\/uvb.vereadoresbrasil\",\"https:\/\/www.instagram.com\/uvbbrasil\/\",\"https:\/\/www.youtube.com\/channel\/UCIlPQ8Xzw5GHNzosQIg9S5A\"]},{\"@type\":\"Person\",\"@id\":\"https:\/\/uvbbrasil.com.br\/#\/schema\/person\/17990098446c098f52effddff4f1b272\",\"name\":\"adminuvb\",\"image\":{\"@type\":\"ImageObject\",\"inLanguage\":\"pt-BR\",\"@id\":\"https:\/\/uvbbrasil.com.br\/#\/schema\/person\/image\/\",\"url\":\"https:\/\/secure.gravatar.com\/avatar\/1a494ea6f8e2dd1ae526e55b0e9497efdba542491e0620d704cccf63c6f77c45?s=96&d=mm&r=g\",\"contentUrl\":\"https:\/\/secure.gravatar.com\/avatar\/1a494ea6f8e2dd1ae526e55b0e9497efdba542491e0620d704cccf63c6f77c45?s=96&d=mm&r=g\",\"caption\":\"adminuvb\"},\"sameAs\":[\"https:\/\/uvbbrasil.com.br\"],\"url\":\"https:\/\/uvbbrasil.com.br\/author\/adminuvb\/\"}]}<\/script>\n<!-- \/ Yoast SEO plugin. -->","yoast_head_json":{"title":"Medalha Mulher Destaque Brasil - UVB Brasil","robots":{"index":"index","follow":"follow","max-snippet":"max-snippet:-1","max-image-preview":"max-image-preview:large","max-video-preview":"max-video-preview:-1"},"canonical":"https:\/\/uvbbrasil.com.br\/medalha-mulher-destaque-brasil-2\/","og_locale":"pt_BR","og_type":"article","og_title":"Medalha Mulher Destaque Brasil - UVB Brasil","og_description":"Conhe\u00e7a o regulamento para a quarta edi\u00e7\u00e3o da Medalha Mulher Destaque Brasil em Mata de S\u00e3o Jo\u00e3o\/BA, de 12\u00a0 15...","og_url":"https:\/\/uvbbrasil.com.br\/medalha-mulher-destaque-brasil-2\/","og_site_name":"UVB Brasil","article_publisher":"https:\/\/www.facebook.com\/uvb.vereadoresbrasil","article_published_time":"2022-05-31T12:28:36+00:00","og_image":[{"width":800,"height":800,"url":"https:\/\/uvbbrasil.com.br\/wp-content\/uploads\/2022\/05\/WhatsApp-Image-2023-06-12-at-11.56.09-1.jpeg","type":"image\/jpeg"}],"author":"adminuvb","twitter_card":"summary_large_image","twitter_misc":{"Escrito por":"adminuvb","Est. tempo de leitura":"4 minutos"},"schema":{"@context":"https:\/\/schema.org","@graph":[{"@type":"Article","@id":"https:\/\/uvbbrasil.com.br\/medalha-mulher-destaque-brasil-2\/#article","isPartOf":{"@id":"https:\/\/uvbbrasil.com.br\/medalha-mulher-destaque-brasil-2\/"},"author":{"name":"adminuvb","@id":"https:\/\/uvbbrasil.com.br\/#\/schema\/person\/17990098446c098f52effddff4f1b272"},"headline":"Medalha Mulher Destaque Brasil","datePublished":"2022-05-31T12:28:36+00:00","mainEntityOfPage":{"@id":"https:\/\/uvbbrasil.com.br\/medalha-mulher-destaque-brasil-2\/"},"wordCount":815,"commentCount":0,"publisher":{"@id":"https:\/\/uvbbrasil.com.br\/#organization"},"image":{"@id":"https:\/\/uvbbrasil.com.br\/medalha-mulher-destaque-brasil-2\/#primaryimage"},"thumbnailUrl":"https:\/\/uvbbrasil.com.br\/wp-content\/uploads\/2022\/05\/WhatsApp-Image-2023-06-12-at-11.56.09-1.jpeg","articleSection":["NOT\u00cdCIAS"],"inLanguage":"pt-BR","potentialAction":[{"@type":"CommentAction","name":"Comment","target":["https:\/\/uvbbrasil.com.br\/medalha-mulher-destaque-brasil-2\/#respond"]}]},{"@type":"WebPage","@id":"https:\/\/uvbbrasil.com.br\/medalha-mulher-destaque-brasil-2\/","url":"https:\/\/uvbbrasil.com.br\/medalha-mulher-destaque-brasil-2\/","name":"Medalha Mulher Destaque Brasil - UVB Brasil","isPartOf":{"@id":"https:\/\/uvbbrasil.com.br\/#website"},"primaryImageOfPage":{"@id":"https:\/\/uvbbrasil.com.br\/medalha-mulher-destaque-brasil-2\/#primaryimage"},"image":{"@id":"https:\/\/uvbbrasil.com.br\/medalha-mulher-destaque-brasil-2\/#primaryimage"},"thumbnailUrl":"https:\/\/uvbbrasil.com.br\/wp-content\/uploads\/2022\/05\/WhatsApp-Image-2023-06-12-at-11.56.09-1.jpeg","datePublished":"2022-05-31T12:28:36+00:00","breadcrumb":{"@id":"https:\/\/uvbbrasil.com.br\/medalha-mulher-destaque-brasil-2\/#breadcrumb"},"inLanguage":"pt-BR","potentialAction":[{"@type":"ReadAction","target":["https:\/\/uvbbrasil.com.br\/medalha-mulher-destaque-brasil-2\/"]}]},{"@type":"ImageObject","inLanguage":"pt-BR","@id":"https:\/\/uvbbrasil.com.br\/medalha-mulher-destaque-brasil-2\/#primaryimage","url":"https:\/\/uvbbrasil.com.br\/wp-content\/uploads\/2022\/05\/WhatsApp-Image-2023-06-12-at-11.56.09-1.jpeg","contentUrl":"https:\/\/uvbbrasil.com.br\/wp-content\/uploads\/2022\/05\/WhatsApp-Image-2023-06-12-at-11.56.09-1.jpeg","width":800,"height":800},{"@type":"BreadcrumbList","@id":"https:\/\/uvbbrasil.com.br\/medalha-mulher-destaque-brasil-2\/#breadcrumb","itemListElement":[{"@type":"ListItem","position":1,"name":"In\u00edcio","item":"https:\/\/uvbbrasil.com.br\/"},{"@type":"ListItem","position":2,"name":"Medalha Mulher Destaque Brasil"}]},{"@type":"WebSite","@id":"https:\/\/uvbbrasil.com.br\/#website","url":"https:\/\/uvbbrasil.com.br\/","name":"UVB Brasil","description":"Uni\u00e3o dos Vereadores do Brasil","publisher":{"@id":"https:\/\/uvbbrasil.com.br\/#organization"},"potentialAction":[{"@type":"SearchAction","target":{"@type":"EntryPoint","urlTemplate":"https:\/\/uvbbrasil.com.br\/?s={search_term_string}"},"query-input":{"@type":"PropertyValueSpecification","valueRequired":true,"valueName":"search_term_string"}}],"inLanguage":"pt-BR"},{"@type":"Organization","@id":"https:\/\/uvbbrasil.com.br\/#organization","name":"UVB Brasil","url":"https:\/\/uvbbrasil.com.br\/","logo":{"@type":"ImageObject","inLanguage":"pt-BR","@id":"https:\/\/uvbbrasil.com.br\/#\/schema\/logo\/image\/","url":"https:\/\/uvbbrasil.com.br\/wp-content\/uploads\/2025\/01\/LOGO-UVB-2024-azul-1.jpg","contentUrl":"https:\/\/uvbbrasil.com.br\/wp-content\/uploads\/2025\/01\/LOGO-UVB-2024-azul-1.jpg","width":600,"height":211,"caption":"UVB Brasil"},"image":{"@id":"https:\/\/uvbbrasil.com.br\/#\/schema\/logo\/image\/"},"sameAs":["https:\/\/www.facebook.com\/uvb.vereadoresbrasil","https:\/\/www.instagram.com\/uvbbrasil\/","https:\/\/www.youtube.com\/channel\/UCIlPQ8Xzw5GHNzosQIg9S5A"]},{"@type":"Person","@id":"https:\/\/uvbbrasil.com.br\/#\/schema\/person\/17990098446c098f52effddff4f1b272","name":"adminuvb","image":{"@type":"ImageObject","inLanguage":"pt-BR","@id":"https:\/\/uvbbrasil.com.br\/#\/schema\/person\/image\/","url":"https:\/\/secure.gravatar.com\/avatar\/1a494ea6f8e2dd1ae526e55b0e9497efdba542491e0620d704cccf63c6f77c45?s=96&d=mm&r=g","contentUrl":"https:\/\/secure.gravatar.com\/avatar\/1a494ea6f8e2dd1ae526e55b0e9497efdba542491e0620d704cccf63c6f77c45?s=96&d=mm&r=g","caption":"adminuvb"},"sameAs":["https:\/\/uvbbrasil.com.br"],"url":"https:\/\/uvbbrasil.com.br\/author\/adminuvb\/"}]}},"_links":{"self":[{"href":"https:\/\/uvbbrasil.com.br\/uvb-json\/wp\/v2\/posts\/26015","targetHints":{"allow":["GET"]}}],"collection":[{"href":"https:\/\/uvbbrasil.com.br\/uvb-json\/wp\/v2\/posts"}],"about":[{"href":"https:\/\/uvbbrasil.com.br\/uvb-json\/wp\/v2\/types\/post"}],"author":[{"embeddable":true,"href":"https:\/\/uvbbrasil.com.br\/uvb-json\/wp\/v2\/users\/1"}],"replies":[{"embeddable":true,"href":"https:\/\/uvbbrasil.com.br\/uvb-json\/wp\/v2\/comments?post=26015"}],"version-history":[{"count":0,"href":"https:\/\/uvbbrasil.com.br\/uvb-json\/wp\/v2\/posts\/26015\/revisions"}],"wp:featuredmedia":[{"embeddable":true,"href":"https:\/\/uvbbrasil.com.br\/uvb-json\/wp\/v2\/media\/30021"}],"wp:attachment":[{"href":"https:\/\/uvbbrasil.com.br\/uvb-json\/wp\/v2\/media?parent=26015"}],"wp:term":[{"taxonomy":"category","embeddable":true,"href":"https:\/\/uvbbrasil.com.br\/uvb-json\/wp\/v2\/categories?post=26015"},{"taxonomy":"post_tag","embeddable":true,"href":"https:\/\/uvbbrasil.com.br\/uvb-json\/wp\/v2\/tags?post=26015"}],"curies":[{"name":"wp","href":"https:\/\/api.w.org\/{rel}","templated":true}]}}