{"id":25985,"date":"2022-05-18T10:33:26","date_gmt":"2022-05-18T13:33:26","guid":{"rendered":"https:\/\/wpsandbox4.pante.com.br\/?p=25985"},"modified":"2022-05-18T10:33:26","modified_gmt":"2022-05-18T13:33:26","slug":"camara-municipal-de-bonito-pe-elege-mesa-diretora-para-o-bienio-2023-2024","status":"publish","type":"post","link":"https:\/\/uvbbrasil.com.br\/camara-municipal-de-bonito-pe-elege-mesa-diretora-para-o-bienio-2023-2024\/","title":{"rendered":"C\u00e2mara municipal de Bonito\/PE elege mesa diretora para o bi\u00eanio 2023\/2024"},"content":{"rendered":"<p>Em reuni\u00e3o ordin\u00e1ria realizada na noite desta ter\u00e7a-feira (17), aconteceu a elei\u00e7\u00e3o para a composi\u00e7\u00e3o da Mesa Diretora da C\u00e2mara de Vereadores de Bonito\/PE. Os parlamentares escolheram em vota\u00e7\u00e3o secreta os representantes para o bi\u00eanio 2023\/2024. Concorreram ao cargo de presidente o atual presidente Paulinho de Dev\u00e1 e Didi do Paed; para vice-presidente concorrem Adones Lagart\u00e3o e J\u00fanior do Gado; para 1\u00ba secret\u00e1rio se inscreveram Jo\u00e3o Diniz e Eiji de Seu Moura; para 2\u00ba secret\u00e1rio os inscritos foram Maroja e Holandinha.<\/p>\n<p>Na decis\u00e3o dos vereadores de foram escolhidos atrav\u00e9s do voto democr\u00e1tico: Paulinho de Dev\u00e1 (PSB), presidente reeleito; Adones Lagart\u00e3o (AVANTE), vice-presidente; Jo\u00e3o Diniz (PV), 1\u00b0 secret\u00e1rio; e Maroja (PTB), 2\u00b0 secret\u00e1rio. Os eleitos tomar\u00e3o posse em 1\u00b0 janeiro de 2023. &#8220;O resultado de hoje reflete que a independ\u00eancia dos poderes foi respeitada de forma democr\u00e1tica e leg\u00edtima. Estamos satisfeitos em poder continuar trabalhando pela popula\u00e7\u00e3o de Bonito atrav\u00e9s de um Legislativo forte e atuante&#8221;, declarou o presidente reeleito, Paulinho de Dev\u00e1.<\/p>\n<p>A 13\u00b0 Reuni\u00e3o Ordin\u00e1ria foi transmitida na \u00edntegra pela p\u00e1gina oficial da C\u00e2mara no Facebook.<\/p>\n<p><img fetchpriority=\"high\" decoding=\"async\" class=\"alignnone size-medium wp-image-25987\" src=\"https:\/\/uvbbrasil.com.br\/wp-content\/uploads\/2022\/05\/WhatsApp-Image-2022-05-18-at-10.29.35-1-300x200.jpeg\" alt=\"\" width=\"300\" height=\"200\" srcset=\"https:\/\/uvbbrasil.com.br\/wp-content\/uploads\/2022\/05\/WhatsApp-Image-2022-05-18-at-10.29.35-1-300x200.jpeg 300w, https:\/\/uvbbrasil.com.br\/wp-content\/uploads\/2022\/05\/WhatsApp-Image-2022-05-18-at-10.29.35-1-1024x683.jpeg 1024w, https:\/\/uvbbrasil.com.br\/wp-content\/uploads\/2022\/05\/WhatsApp-Image-2022-05-18-at-10.29.35-1-768x512.jpeg 768w, https:\/\/uvbbrasil.com.br\/wp-content\/uploads\/2022\/05\/WhatsApp-Image-2022-05-18-at-10.29.35-1.jpeg 1080w\" sizes=\"(max-width: 300px) 100vw, 300px\" \/><\/p>\n<p><img decoding=\"async\" class=\"alignnone size-medium wp-image-25986\" src=\"https:\/\/uvbbrasil.com.br\/wp-content\/uploads\/2022\/05\/WhatsApp-Image-2022-05-18-at-10.29.35-300x200.jpeg\" alt=\"\" width=\"300\" height=\"200\" srcset=\"https:\/\/uvbbrasil.com.br\/wp-content\/uploads\/2022\/05\/WhatsApp-Image-2022-05-18-at-10.29.35-300x200.jpeg 300w, https:\/\/uvbbrasil.com.br\/wp-content\/uploads\/2022\/05\/WhatsApp-Image-2022-05-18-at-10.29.35-1024x683.jpeg 1024w, https:\/\/uvbbrasil.com.br\/wp-content\/uploads\/2022\/05\/WhatsApp-Image-2022-05-18-at-10.29.35-768x512.jpeg 768w, https:\/\/uvbbrasil.com.br\/wp-content\/uploads\/2022\/05\/WhatsApp-Image-2022-05-18-at-10.29.35.jpeg 1080w\" sizes=\"(max-width: 300px) 100vw, 300px\" \/><\/p>\n","protected":false},"excerpt":{"rendered":"<p>Em reuni\u00e3o ordin\u00e1ria realizada na noite desta ter\u00e7a-feira (17), aconteceu a elei\u00e7\u00e3o para a composi\u00e7\u00e3o da Mesa Diretora da C\u00e2mara&#8230;<\/p>\n","protected":false},"author":1,"featured_media":25986,"comment_status":"open","ping_status":"open","sticky":false,"template":"","format":"standard","meta":{"footnotes":""},"categories":[3],"tags":[],"class_list":["post-25985","post","type-post","status-publish","format-standard","has-post-thumbnail","hentry","category-noticias"],"yoast_head":"<!-- This site is optimized with the Yoast SEO plugin v26.7 - https:\/\/yoast.com\/wordpress\/plugins\/seo\/ -->\n<title>C\u00e2mara municipal de Bonito\/PE elege mesa diretora para o bi\u00eanio 2023\/2024 - UVB Brasil<\/title>\n<meta name=\"robots\" content=\"index, follow, max-snippet:-1, max-image-preview:large, max-video-preview:-1\" \/>\n<link rel=\"canonical\" href=\"https:\/\/uvbbrasil.com.br\/camara-municipal-de-bonito-pe-elege-mesa-diretora-para-o-bienio-2023-2024\/\" \/>\n<meta property=\"og:locale\" content=\"pt_BR\" \/>\n<meta property=\"og:type\" content=\"article\" \/>\n<meta property=\"og:title\" content=\"C\u00e2mara municipal de Bonito\/PE elege mesa diretora para o bi\u00eanio 2023\/2024 - UVB Brasil\" \/>\n<meta property=\"og:description\" content=\"Em reuni\u00e3o ordin\u00e1ria realizada na noite desta ter\u00e7a-feira (17), aconteceu a elei\u00e7\u00e3o para a composi\u00e7\u00e3o da Mesa Diretora da C\u00e2mara...\" \/>\n<meta property=\"og:url\" content=\"https:\/\/uvbbrasil.com.br\/camara-municipal-de-bonito-pe-elege-mesa-diretora-para-o-bienio-2023-2024\/\" \/>\n<meta property=\"og:site_name\" content=\"UVB Brasil\" \/>\n<meta property=\"article:publisher\" content=\"https:\/\/www.facebook.com\/uvb.vereadoresbrasil\" \/>\n<meta property=\"article:published_time\" content=\"2022-05-18T13:33:26+00:00\" \/>\n<meta property=\"og:image\" content=\"https:\/\/uvbbrasil.com.br\/wp-content\/uploads\/2022\/05\/WhatsApp-Image-2022-05-18-at-10.29.35.jpeg\" \/>\n\t<meta property=\"og:image:width\" content=\"1080\" \/>\n\t<meta property=\"og:image:height\" content=\"720\" \/>\n\t<meta property=\"og:image:type\" content=\"image\/jpeg\" \/>\n<meta name=\"author\" content=\"adminuvb\" \/>\n<meta name=\"twitter:card\" content=\"summary_large_image\" \/>\n<meta name=\"twitter:label1\" content=\"Escrito por\" \/>\n\t<meta name=\"twitter:data1\" content=\"adminuvb\" \/>\n\t<meta name=\"twitter:label2\" content=\"Est. tempo de leitura\" \/>\n\t<meta name=\"twitter:data2\" content=\"2 minutos\" \/>\n<script type=\"application\/ld+json\" class=\"yoast-schema-graph\">{\"@context\":\"https:\/\/schema.org\",\"@graph\":[{\"@type\":\"Article\",\"@id\":\"https:\/\/uvbbrasil.com.br\/camara-municipal-de-bonito-pe-elege-mesa-diretora-para-o-bienio-2023-2024\/#article\",\"isPartOf\":{\"@id\":\"https:\/\/uvbbrasil.com.br\/camara-municipal-de-bonito-pe-elege-mesa-diretora-para-o-bienio-2023-2024\/\"},\"author\":{\"name\":\"adminuvb\",\"@id\":\"https:\/\/uvbbrasil.com.br\/#\/schema\/person\/17990098446c098f52effddff4f1b272\"},\"headline\":\"C\u00e2mara municipal de Bonito\/PE elege mesa diretora para o bi\u00eanio 2023\/2024\",\"datePublished\":\"2022-05-18T13:33:26+00:00\",\"mainEntityOfPage\":{\"@id\":\"https:\/\/uvbbrasil.com.br\/camara-municipal-de-bonito-pe-elege-mesa-diretora-para-o-bienio-2023-2024\/\"},\"wordCount\":212,\"commentCount\":0,\"publisher\":{\"@id\":\"https:\/\/uvbbrasil.com.br\/#organization\"},\"image\":{\"@id\":\"https:\/\/uvbbrasil.com.br\/camara-municipal-de-bonito-pe-elege-mesa-diretora-para-o-bienio-2023-2024\/#primaryimage\"},\"thumbnailUrl\":\"https:\/\/uvbbrasil.com.br\/wp-content\/uploads\/2022\/05\/WhatsApp-Image-2022-05-18-at-10.29.35.jpeg\",\"articleSection\":[\"NOT\u00cdCIAS\"],\"inLanguage\":\"pt-BR\",\"potentialAction\":[{\"@type\":\"CommentAction\",\"name\":\"Comment\",\"target\":[\"https:\/\/uvbbrasil.com.br\/camara-municipal-de-bonito-pe-elege-mesa-diretora-para-o-bienio-2023-2024\/#respond\"]}]},{\"@type\":\"WebPage\",\"@id\":\"https:\/\/uvbbrasil.com.br\/camara-municipal-de-bonito-pe-elege-mesa-diretora-para-o-bienio-2023-2024\/\",\"url\":\"https:\/\/uvbbrasil.com.br\/camara-municipal-de-bonito-pe-elege-mesa-diretora-para-o-bienio-2023-2024\/\",\"name\":\"C\u00e2mara municipal de Bonito\/PE elege mesa diretora para o bi\u00eanio 2023\/2024 - UVB Brasil\",\"isPartOf\":{\"@id\":\"https:\/\/uvbbrasil.com.br\/#website\"},\"primaryImageOfPage\":{\"@id\":\"https:\/\/uvbbrasil.com.br\/camara-municipal-de-bonito-pe-elege-mesa-diretora-para-o-bienio-2023-2024\/#primaryimage\"},\"image\":{\"@id\":\"https:\/\/uvbbrasil.com.br\/camara-municipal-de-bonito-pe-elege-mesa-diretora-para-o-bienio-2023-2024\/#primaryimage\"},\"thumbnailUrl\":\"https:\/\/uvbbrasil.com.br\/wp-content\/uploads\/2022\/05\/WhatsApp-Image-2022-05-18-at-10.29.35.jpeg\",\"datePublished\":\"2022-05-18T13:33:26+00:00\",\"breadcrumb\":{\"@id\":\"https:\/\/uvbbrasil.com.br\/camara-municipal-de-bonito-pe-elege-mesa-diretora-para-o-bienio-2023-2024\/#breadcrumb\"},\"inLanguage\":\"pt-BR\",\"potentialAction\":[{\"@type\":\"ReadAction\",\"target\":[\"https:\/\/uvbbrasil.com.br\/camara-municipal-de-bonito-pe-elege-mesa-diretora-para-o-bienio-2023-2024\/\"]}]},{\"@type\":\"ImageObject\",\"inLanguage\":\"pt-BR\",\"@id\":\"https:\/\/uvbbrasil.com.br\/camara-municipal-de-bonito-pe-elege-mesa-diretora-para-o-bienio-2023-2024\/#primaryimage\",\"url\":\"https:\/\/uvbbrasil.com.br\/wp-content\/uploads\/2022\/05\/WhatsApp-Image-2022-05-18-at-10.29.35.jpeg\",\"contentUrl\":\"https:\/\/uvbbrasil.com.br\/wp-content\/uploads\/2022\/05\/WhatsApp-Image-2022-05-18-at-10.29.35.jpeg\",\"width\":1080,\"height\":720},{\"@type\":\"BreadcrumbList\",\"@id\":\"https:\/\/uvbbrasil.com.br\/camara-municipal-de-bonito-pe-elege-mesa-diretora-para-o-bienio-2023-2024\/#breadcrumb\",\"itemListElement\":[{\"@type\":\"ListItem\",\"position\":1,\"name\":\"In\u00edcio\",\"item\":\"https:\/\/uvbbrasil.com.br\/\"},{\"@type\":\"ListItem\",\"position\":2,\"name\":\"C\u00e2mara municipal de Bonito\/PE elege mesa diretora para o bi\u00eanio 2023\/2024\"}]},{\"@type\":\"WebSite\",\"@id\":\"https:\/\/uvbbrasil.com.br\/#website\",\"url\":\"https:\/\/uvbbrasil.com.br\/\",\"name\":\"UVB Brasil\",\"description\":\"Uni\u00e3o dos Vereadores do Brasil\",\"publisher\":{\"@id\":\"https:\/\/uvbbrasil.com.br\/#organization\"},\"potentialAction\":[{\"@type\":\"SearchAction\",\"target\":{\"@type\":\"EntryPoint\",\"urlTemplate\":\"https:\/\/uvbbrasil.com.br\/?s={search_term_string}\"},\"query-input\":{\"@type\":\"PropertyValueSpecification\",\"valueRequired\":true,\"valueName\":\"search_term_string\"}}],\"inLanguage\":\"pt-BR\"},{\"@type\":\"Organization\",\"@id\":\"https:\/\/uvbbrasil.com.br\/#organization\",\"name\":\"UVB Brasil\",\"url\":\"https:\/\/uvbbrasil.com.br\/\",\"logo\":{\"@type\":\"ImageObject\",\"inLanguage\":\"pt-BR\",\"@id\":\"https:\/\/uvbbrasil.com.br\/#\/schema\/logo\/image\/\",\"url\":\"https:\/\/uvbbrasil.com.br\/wp-content\/uploads\/2025\/01\/LOGO-UVB-2024-azul-1.jpg\",\"contentUrl\":\"https:\/\/uvbbrasil.com.br\/wp-content\/uploads\/2025\/01\/LOGO-UVB-2024-azul-1.jpg\",\"width\":600,\"height\":211,\"caption\":\"UVB Brasil\"},\"image\":{\"@id\":\"https:\/\/uvbbrasil.com.br\/#\/schema\/logo\/image\/\"},\"sameAs\":[\"https:\/\/www.facebook.com\/uvb.vereadoresbrasil\",\"https:\/\/www.instagram.com\/uvbbrasil\/\",\"https:\/\/www.youtube.com\/channel\/UCIlPQ8Xzw5GHNzosQIg9S5A\"]},{\"@type\":\"Person\",\"@id\":\"https:\/\/uvbbrasil.com.br\/#\/schema\/person\/17990098446c098f52effddff4f1b272\",\"name\":\"adminuvb\",\"image\":{\"@type\":\"ImageObject\",\"inLanguage\":\"pt-BR\",\"@id\":\"https:\/\/uvbbrasil.com.br\/#\/schema\/person\/image\/\",\"url\":\"https:\/\/secure.gravatar.com\/avatar\/1a494ea6f8e2dd1ae526e55b0e9497efdba542491e0620d704cccf63c6f77c45?s=96&d=mm&r=g\",\"contentUrl\":\"https:\/\/secure.gravatar.com\/avatar\/1a494ea6f8e2dd1ae526e55b0e9497efdba542491e0620d704cccf63c6f77c45?s=96&d=mm&r=g\",\"caption\":\"adminuvb\"},\"sameAs\":[\"https:\/\/uvbbrasil.com.br\"],\"url\":\"https:\/\/uvbbrasil.com.br\/author\/adminuvb\/\"}]}<\/script>\n<!-- \/ Yoast SEO plugin. -->","yoast_head_json":{"title":"C\u00e2mara municipal de Bonito\/PE elege mesa diretora para o bi\u00eanio 2023\/2024 - UVB Brasil","robots":{"index":"index","follow":"follow","max-snippet":"max-snippet:-1","max-image-preview":"max-image-preview:large","max-video-preview":"max-video-preview:-1"},"canonical":"https:\/\/uvbbrasil.com.br\/camara-municipal-de-bonito-pe-elege-mesa-diretora-para-o-bienio-2023-2024\/","og_locale":"pt_BR","og_type":"article","og_title":"C\u00e2mara municipal de Bonito\/PE elege mesa diretora para o bi\u00eanio 2023\/2024 - UVB Brasil","og_description":"Em reuni\u00e3o ordin\u00e1ria realizada na noite desta ter\u00e7a-feira (17), aconteceu a elei\u00e7\u00e3o para a composi\u00e7\u00e3o da Mesa Diretora da C\u00e2mara...","og_url":"https:\/\/uvbbrasil.com.br\/camara-municipal-de-bonito-pe-elege-mesa-diretora-para-o-bienio-2023-2024\/","og_site_name":"UVB Brasil","article_publisher":"https:\/\/www.facebook.com\/uvb.vereadoresbrasil","article_published_time":"2022-05-18T13:33:26+00:00","og_image":[{"width":1080,"height":720,"url":"https:\/\/uvbbrasil.com.br\/wp-content\/uploads\/2022\/05\/WhatsApp-Image-2022-05-18-at-10.29.35.jpeg","type":"image\/jpeg"}],"author":"adminuvb","twitter_card":"summary_large_image","twitter_misc":{"Escrito por":"adminuvb","Est. tempo de leitura":"2 minutos"},"schema":{"@context":"https:\/\/schema.org","@graph":[{"@type":"Article","@id":"https:\/\/uvbbrasil.com.br\/camara-municipal-de-bonito-pe-elege-mesa-diretora-para-o-bienio-2023-2024\/#article","isPartOf":{"@id":"https:\/\/uvbbrasil.com.br\/camara-municipal-de-bonito-pe-elege-mesa-diretora-para-o-bienio-2023-2024\/"},"author":{"name":"adminuvb","@id":"https:\/\/uvbbrasil.com.br\/#\/schema\/person\/17990098446c098f52effddff4f1b272"},"headline":"C\u00e2mara municipal de Bonito\/PE elege mesa diretora para o bi\u00eanio 2023\/2024","datePublished":"2022-05-18T13:33:26+00:00","mainEntityOfPage":{"@id":"https:\/\/uvbbrasil.com.br\/camara-municipal-de-bonito-pe-elege-mesa-diretora-para-o-bienio-2023-2024\/"},"wordCount":212,"commentCount":0,"publisher":{"@id":"https:\/\/uvbbrasil.com.br\/#organization"},"image":{"@id":"https:\/\/uvbbrasil.com.br\/camara-municipal-de-bonito-pe-elege-mesa-diretora-para-o-bienio-2023-2024\/#primaryimage"},"thumbnailUrl":"https:\/\/uvbbrasil.com.br\/wp-content\/uploads\/2022\/05\/WhatsApp-Image-2022-05-18-at-10.29.35.jpeg","articleSection":["NOT\u00cdCIAS"],"inLanguage":"pt-BR","potentialAction":[{"@type":"CommentAction","name":"Comment","target":["https:\/\/uvbbrasil.com.br\/camara-municipal-de-bonito-pe-elege-mesa-diretora-para-o-bienio-2023-2024\/#respond"]}]},{"@type":"WebPage","@id":"https:\/\/uvbbrasil.com.br\/camara-municipal-de-bonito-pe-elege-mesa-diretora-para-o-bienio-2023-2024\/","url":"https:\/\/uvbbrasil.com.br\/camara-municipal-de-bonito-pe-elege-mesa-diretora-para-o-bienio-2023-2024\/","name":"C\u00e2mara municipal de Bonito\/PE elege mesa diretora para o bi\u00eanio 2023\/2024 - UVB Brasil","isPartOf":{"@id":"https:\/\/uvbbrasil.com.br\/#website"},"primaryImageOfPage":{"@id":"https:\/\/uvbbrasil.com.br\/camara-municipal-de-bonito-pe-elege-mesa-diretora-para-o-bienio-2023-2024\/#primaryimage"},"image":{"@id":"https:\/\/uvbbrasil.com.br\/camara-municipal-de-bonito-pe-elege-mesa-diretora-para-o-bienio-2023-2024\/#primaryimage"},"thumbnailUrl":"https:\/\/uvbbrasil.com.br\/wp-content\/uploads\/2022\/05\/WhatsApp-Image-2022-05-18-at-10.29.35.jpeg","datePublished":"2022-05-18T13:33:26+00:00","breadcrumb":{"@id":"https:\/\/uvbbrasil.com.br\/camara-municipal-de-bonito-pe-elege-mesa-diretora-para-o-bienio-2023-2024\/#breadcrumb"},"inLanguage":"pt-BR","potentialAction":[{"@type":"ReadAction","target":["https:\/\/uvbbrasil.com.br\/camara-municipal-de-bonito-pe-elege-mesa-diretora-para-o-bienio-2023-2024\/"]}]},{"@type":"ImageObject","inLanguage":"pt-BR","@id":"https:\/\/uvbbrasil.com.br\/camara-municipal-de-bonito-pe-elege-mesa-diretora-para-o-bienio-2023-2024\/#primaryimage","url":"https:\/\/uvbbrasil.com.br\/wp-content\/uploads\/2022\/05\/WhatsApp-Image-2022-05-18-at-10.29.35.jpeg","contentUrl":"https:\/\/uvbbrasil.com.br\/wp-content\/uploads\/2022\/05\/WhatsApp-Image-2022-05-18-at-10.29.35.jpeg","width":1080,"height":720},{"@type":"BreadcrumbList","@id":"https:\/\/uvbbrasil.com.br\/camara-municipal-de-bonito-pe-elege-mesa-diretora-para-o-bienio-2023-2024\/#breadcrumb","itemListElement":[{"@type":"ListItem","position":1,"name":"In\u00edcio","item":"https:\/\/uvbbrasil.com.br\/"},{"@type":"ListItem","position":2,"name":"C\u00e2mara municipal de Bonito\/PE elege mesa diretora para o bi\u00eanio 2023\/2024"}]},{"@type":"WebSite","@id":"https:\/\/uvbbrasil.com.br\/#website","url":"https:\/\/uvbbrasil.com.br\/","name":"UVB Brasil","description":"Uni\u00e3o dos Vereadores do Brasil","publisher":{"@id":"https:\/\/uvbbrasil.com.br\/#organization"},"potentialAction":[{"@type":"SearchAction","target":{"@type":"EntryPoint","urlTemplate":"https:\/\/uvbbrasil.com.br\/?s={search_term_string}"},"query-input":{"@type":"PropertyValueSpecification","valueRequired":true,"valueName":"search_term_string"}}],"inLanguage":"pt-BR"},{"@type":"Organization","@id":"https:\/\/uvbbrasil.com.br\/#organization","name":"UVB Brasil","url":"https:\/\/uvbbrasil.com.br\/","logo":{"@type":"ImageObject","inLanguage":"pt-BR","@id":"https:\/\/uvbbrasil.com.br\/#\/schema\/logo\/image\/","url":"https:\/\/uvbbrasil.com.br\/wp-content\/uploads\/2025\/01\/LOGO-UVB-2024-azul-1.jpg","contentUrl":"https:\/\/uvbbrasil.com.br\/wp-content\/uploads\/2025\/01\/LOGO-UVB-2024-azul-1.jpg","width":600,"height":211,"caption":"UVB Brasil"},"image":{"@id":"https:\/\/uvbbrasil.com.br\/#\/schema\/logo\/image\/"},"sameAs":["https:\/\/www.facebook.com\/uvb.vereadoresbrasil","https:\/\/www.instagram.com\/uvbbrasil\/","https:\/\/www.youtube.com\/channel\/UCIlPQ8Xzw5GHNzosQIg9S5A"]},{"@type":"Person","@id":"https:\/\/uvbbrasil.com.br\/#\/schema\/person\/17990098446c098f52effddff4f1b272","name":"adminuvb","image":{"@type":"ImageObject","inLanguage":"pt-BR","@id":"https:\/\/uvbbrasil.com.br\/#\/schema\/person\/image\/","url":"https:\/\/secure.gravatar.com\/avatar\/1a494ea6f8e2dd1ae526e55b0e9497efdba542491e0620d704cccf63c6f77c45?s=96&d=mm&r=g","contentUrl":"https:\/\/secure.gravatar.com\/avatar\/1a494ea6f8e2dd1ae526e55b0e9497efdba542491e0620d704cccf63c6f77c45?s=96&d=mm&r=g","caption":"adminuvb"},"sameAs":["https:\/\/uvbbrasil.com.br"],"url":"https:\/\/uvbbrasil.com.br\/author\/adminuvb\/"}]}},"_links":{"self":[{"href":"https:\/\/uvbbrasil.com.br\/uvb-json\/wp\/v2\/posts\/25985","targetHints":{"allow":["GET"]}}],"collection":[{"href":"https:\/\/uvbbrasil.com.br\/uvb-json\/wp\/v2\/posts"}],"about":[{"href":"https:\/\/uvbbrasil.com.br\/uvb-json\/wp\/v2\/types\/post"}],"author":[{"embeddable":true,"href":"https:\/\/uvbbrasil.com.br\/uvb-json\/wp\/v2\/users\/1"}],"replies":[{"embeddable":true,"href":"https:\/\/uvbbrasil.com.br\/uvb-json\/wp\/v2\/comments?post=25985"}],"version-history":[{"count":0,"href":"https:\/\/uvbbrasil.com.br\/uvb-json\/wp\/v2\/posts\/25985\/revisions"}],"wp:featuredmedia":[{"embeddable":true,"href":"https:\/\/uvbbrasil.com.br\/uvb-json\/wp\/v2\/media\/25986"}],"wp:attachment":[{"href":"https:\/\/uvbbrasil.com.br\/uvb-json\/wp\/v2\/media?parent=25985"}],"wp:term":[{"taxonomy":"category","embeddable":true,"href":"https:\/\/uvbbrasil.com.br\/uvb-json\/wp\/v2\/categories?post=25985"},{"taxonomy":"post_tag","embeddable":true,"href":"https:\/\/uvbbrasil.com.br\/uvb-json\/wp\/v2\/tags?post=25985"}],"curies":[{"name":"wp","href":"https:\/\/api.w.org\/{rel}","templated":true}]}}