{"id":25934,"date":"2022-05-10T17:05:52","date_gmt":"2022-05-10T20:05:52","guid":{"rendered":"https:\/\/wpsandbox4.pante.com.br\/?p=25934"},"modified":"2022-05-10T17:05:52","modified_gmt":"2022-05-10T20:05:52","slug":"confira-os-vencedores-do-trofeu-destaque-2022","status":"publish","type":"post","link":"https:\/\/uvbbrasil.com.br\/confira-os-vencedores-do-trofeu-destaque-2022\/","title":{"rendered":"Confira os vencedores do Trof\u00e9u Destaque Nacional 2022"},"content":{"rendered":"<p>O Concurso Destaque Nacional UVB 2022 contou com\u00a0 a participa\u00e7\u00e3o de Vereadores e Vereadoras de todos os Estados inscritos\u00a0 na XXI Marcha dos Legislativos Municipais,\u00a0 o concurso tem o objetivo de destacar as iniciativas que tenham contribu\u00eddo pelo fortalecimento do poder legislativo municipal, estimulando a integra\u00e7\u00e3o com a comunidade, a melhoria da qualidade de vida das pessoas e proposi\u00e7\u00f5es destaques nos munic\u00edpios atrav\u00e9s da participa\u00e7\u00e3o e iniciativa de vereadores e vereadoras.<\/p>\n<p>A id\u00e9ia \u00e9 estimular realiza\u00e7\u00f5es com visibilidade de forma positiva na constru\u00e7\u00e3o de uma sociedade mais justa e com a\u00e7\u00f5es p\u00fablicas inovadoras.<\/p>\n<p>Os projetos s\u00e3o apresentados em forma de v\u00eddeos, para realmente mostrar na pr\u00e1tica a execu\u00e7\u00e3o do projeto apresentado. Na opini\u00e3o do presidente da UVB, Gilson Conzatti, o que se quer com a apresenta\u00e7\u00e3o em v\u00eddeo e mostrar a execu\u00e7\u00e3o do projeto e n\u00e3o o participante usando o espa\u00e7o para explicar com a sua imagem, essa falta de entendimento pode ter tirado bons projetos da premia\u00e7\u00e3o, mas todos s\u00e3o v\u00e1lidos e importantes para a constru\u00e7\u00e3o de uma sociedade mais igual, finalizou Conzatti.<\/p>\n<p>Todos os projetos inscritos foram devidamente analisados pela comiss\u00e3o criada pela Uni\u00e3o dos Vereadores do Brasil\/UVB, seguindo o regulamento do Trof\u00e9u Destaque 2022 conforme divulgado.<\/p>\n<p>A entrega da premia\u00e7\u00e3o aconteceu no dia 28 de abril, durante a realiza\u00e7\u00e3o da XXI Marcha dos\u00a0 Legislativos Municipais em Bras\u00edlia\/DF, onde\u00a0 foram premiados 37 vereadores e vereadoras.<\/p>\n<p>&nbsp;<\/p>\n<p><strong>Trof\u00e9u Destaque 2022 \u2013 Veja a rela\u00e7\u00e3o dos vencedores:<\/strong><\/p>\n<p>FRANCISCO FABIO DE MOURA JUNIOR- CAMARA MUNICIPAL BARA\u00daNA\/RN- PROJETO EMENDAS IMPOSITIVAS DO PODER LEGISLATIVO AO OR\u00c7AMENTO P\u00daBLICO ANUAL<\/p>\n<p>-JOS\u00c9 NILTON VIEIRA DE SOUSA- C\u00c2MARA NOVO ORIENTE DO PIAU\u00cd\/PI- CRIA\u00c7\u00c3O DO PROJETO CALENDARIO E INCLUS\u00c3O ESCOLA NA C\u00c2MARA.<\/p>\n<p>-TELMA APARECIDA MACIEL-PROJETO MULHERES VALENTES- CAMARA MUNICIAPL DE EXTREMA\/MG<\/p>\n<p>-CRYSLAN DE MORAES- CAMARA MUNICIPAL DE S\u00c3O JOS\u00c9 \/SC- PROJETO FISCALIZA S\u00c3O JOS\u00c9<\/p>\n<p>-FABIANO FRANCISCO CAITANO- CAMARA MUNICIPAL DE CONC\u00d3RDIA\/SC- INSTITUI O DIA E A SEMANA MUNICIPAL DE CONCIENTIZA\u00c7\u00c3O E DEFESA DOS PORTADORES DE DOEN\u00c7A INFLAMAT\u00d3RIAS INTESTINAS, E D\u00c1 OUTRAS PROVIDENCIAS .<\/p>\n<p>-ROMULO RENAN PINHEIRO- CAMARA MUNICIPAL DE MILH\u00c3\/CE- PROJETO BAL\u00c7\u00c3O DO CIDAD\u00c3O.<\/p>\n<p>ALYSON WAGNER DE OLIVEIRA-CAMARA MUNICIPAL DE PARELHAS\/RN- PROJETO CENTRO DE REABILIT\u00c7\u00c3O P\u00d3S COVID 19.<\/p>\n<p>CEZAR TADEU RONCHI- MARECHAL FLORIANO\/ES- PROJETO C\u00c2MARA CIDAD\u00c3<\/p>\n<p>-TAIRO WEIRICH- CAMARA MUNICIPAL ROCA SALES\/RS- PROJETO PROGRAMA DE PREVEN\u00c7\u00c3O DE DOEN\u00c7AS OCULARES NAS ESCOLAS DO MUNICIPIO DE ROCA SALES<\/p>\n<p>-GEREMIAS MASCARENHAS-WANDERLEY \/BA- PROJETO \u2013MAR\u00c7O MULHER: MULHERES PROTAGONISTAS, LUTA E RESISTENCIA.<\/p>\n<p>&#8211; MARCUS VINICIUS DE OLIVEIRA VIANA- CAMARA MUNICIPAL DE RAFAEL FERNANDES\/RN- PROJETO ABRIL LARANJA<\/p>\n<p>-RODRIGO MACIEL-GURUPI\/TO-PROJETO GABINETE AT\u00c9 VOC\u00ca<\/p>\n<p>&#8211; OLINDA FIORENTIN- CAMARA MUNICIPAL DE TOLEDO\/PR- CAMPANHA DE COMBATE AO ASS\u00c9DIO SEXUAL NO TRANPORTE COLETIVO<\/p>\n<p>-CARLOS JOS\u00c9 SANTOS BARBOSA-CAMARA MUNICIPAL DE BARCARENA\/PA- PROJETO ORGULHO DA RA\u00c7A<\/p>\n<p>-FILIPE DE ANDRADE COSTA- CAMARA MUNICIPAL DE UBAJARA\/CE- PROJETO &#8211; INSTITUI A CRIA\u00c7\u00c3O DA SEMANA DE CONCIENTIZA\u00c7\u00c3O DO AUTISMO NO MUNIICPIO DE UBAJARA E D\u00c1 OUTRAS PROVIDENCIAS.<\/p>\n<p>-JO\u00c3O FELIPE DE MELO \u2013 CAMARA MUNICIPAL DE BARREIRAS-BA- GABINETE NA PRA\u00c7A- CIDAD\u00c3O PARTICIPA<\/p>\n<p>ANDR\u00c9 DOS ANJOS- CAMARA MUNICIPAL DE CHAPAD\u00c3O DO SUL\/MS- PROJETO CAMARA VAI A ESCOLA.<\/p>\n<p>-ANDR\u00c9 LUI\u00cdS ALMEIDA COUTINHO- CAMARA MUNICIPAL DE CABEDELO\/PB-PROJETO RECONHECE COMO PATRIMONIO CULTURAL E IMATERIAL DE CABEDELO\/PB, A ARTE FEITA COM ESCAMA DE PEIXE<\/p>\n<p>-MICHEL MARTINS DOS SANTOS- CAMARA MUNICIPAL DE V\u00c1RZEA ALEGRE\/CE- PROJETO ACESSO A MEIA ENTRADA NO MUNICIPIO DE VARZEA ALEGRE<\/p>\n<p>&#8211; ANTONIEL MAX SILVA HOLANDA- CAMARA MUNICIPAL ITAI\u00c7ABA\/CE- PROJETO INSTITUI A SEMANA DE CONSCIENTIZA\u00c7\u00c3O DO AUTISMO EM AMBITO MUNICIPAL<\/p>\n<p>-MOIS\u00c9S BARBOZA- CAMARA DE PORTO ALEGRE\/RS- PROJETO LOTEAMENTOS COM ACESSO CONTROLADO\/MONITORADO<\/p>\n<p>ERICA VANESSA SANTORI- CAMARA MUNICIPAL DE VILA MARIA\/RS- PROJETO- TURISMO REGIONAL SUSTENTAVEL PARA PEQUENOS MUNICIPIOS.<\/p>\n<p>MARCIO BARROS- CAMARA MUNICIPAL DE CURITIBA\/PR- PROJETO- INSTITUI DIRETRIZES PARA O DESENVOLVIMENTO AGRO ALIMENTAR METROPOLITANO.<\/p>\n<p>ALVARO DE PINHO BARROSO- CAMARA MUNICIPAL DE SABIN\u00d3POLIS\/MG- PROJETO PARLAMENTO JOVEM MINAS- ETAPA MUNICIPAL<\/p>\n<p>A\u00c9CIO CAVALCANTE DE MEDEIROS- CAMARA MUNICIPAL DE ITATUBA\/PB- PROJETO- PARLAMENTO JOVEM NAS C\u00c2MARAS MUNICIPAIS.<\/p>\n<p>ROQUE CHILE DE SOUZA-CAMARA MUNICIPAL DE LINHARES\/ES- PROJETO CAMARA EMPREENDORA\/ REVOGA\u00c7O EMPREENDEDOR<\/p>\n<p>DOUGLAS HENRIQUE DO AMARAL- CAMARA MUNICIPAL DE SANTO ANTONIO MONTE\/MG, PROJETO INSTITUI O M\u00caS DE AGOSTO COMO O M\u00caS DO TRABALHO VOLUNTARIO<\/p>\n<p>RAMON ALEXANDRE ARA\u00daJO- CAMARA MUNICIPAL DE JANA\u00daBA\/MG- PROJETO ESTUDANTE NA C\u00c2MARA<\/p>\n<p>&#8211; CLIM\u00c9RIO SILVA DE SOUZA- CAMARA MUNICIPAL DE CEARA MIRIM\/RN, PROJETO CEARA MIRIM TURISMO DIGITAL.<\/p>\n<p>-REMI ANTONIO SULZBACHER- CAMARA MUNICIPAL DE PINHALZINHO\/SC- PROJETO INSENTIVOS A COMUNIDADE E BAIRROS<\/p>\n<p>-GALV\u00c3O BUENO DE SOUZA RORIGUES- CAMARA MUNICIPAL DE MUCAMBO\/CE- PROJETO CAMARA VAI \u00c1 ESCOLA.<\/p>\n<p>-ERINEIDE GOMES NETA- CAMARA MUNICIPAL DE CEARA MIRIM\/RN- PROJETO RONDA ESCOLAR<\/p>\n<p>&#8211; ZEZILIA MARTINS- CAMARA DE LUIS EDUARDO MAGALHAES-BA- VARAL SOLIDARIO<\/p>\n<p>JANAD VALCARI- CAMARA MUNIICPAL DE PALMAS\/TO\u2014CAMARA PRESENTE<\/p>\n<p>-PAULA CRISTINA MENDES GATELLI- CAMARA MUNICIPAL \u00c1GUA DOCE\/SC- PROJETO A INCLUS\u00c3O DA EDUCA\u00c7\u00c3O POL\u00cdTICA NO CURRICULO DA REDE MUNICIPAL DE ENSINO DE \u00c1GUA DOCE<\/p>\n<p>-VANDERSON CARDOSO DOS REIS- CAMARA DE CHAPAD\u00c3O DO SUL\/MS- PROJETO RECEITA MEDICA DIGITALIZADA<\/p>\n<p>-JOS\u00c9 VANDERLEY- CAMARA MUNICIPAL S\u00c3O BENTO DO TRAIRI\/RN- PROJETO C\u00c2MARA CIDAD\u00c3-<\/p>\n<p>&#8211; ASAF SOBRINHO-CAMARA MUNICIPAL DE S\u00c3O PEDRO DOS CRENTES\/MA- PROJETO BIBLIOTECA PROFESSORA NESIAS ROCHA<\/p>\n<p>&nbsp;<\/p>\n<p><img fetchpriority=\"high\" decoding=\"async\" class=\"alignnone size-medium wp-image-25936\" src=\"https:\/\/uvbbrasil.com.br\/wp-content\/uploads\/2022\/05\/trofeu-02--300x199.jpg\" alt=\"\" width=\"300\" height=\"199\" \/><\/p>\n<p><img decoding=\"async\" class=\"alignnone size-medium wp-image-25935\" src=\"https:\/\/uvbbrasil.com.br\/wp-content\/uploads\/2022\/05\/trofeu-1--300x199.jpg\" alt=\"\" width=\"300\" height=\"199\" \/><\/p>\n<p><img decoding=\"async\" class=\"alignnone size-medium wp-image-25938\" src=\"https:\/\/uvbbrasil.com.br\/wp-content\/uploads\/2022\/05\/trofeu-006-300x199.jpg\" alt=\"\" width=\"300\" height=\"199\" \/><img loading=\"lazy\" decoding=\"async\" class=\"alignnone size-medium wp-image-25937\" src=\"https:\/\/uvbbrasil.com.br\/wp-content\/uploads\/2022\/05\/trofeu-04--300x199.jpg\" alt=\"\" width=\"300\" height=\"199\" \/><\/p>\n","protected":false},"excerpt":{"rendered":"<p>O Concurso Destaque Nacional UVB 2022 contou com\u00a0 a participa\u00e7\u00e3o de Vereadores e Vereadoras de todos os Estados inscritos\u00a0 na&#8230;<\/p>\n","protected":false},"author":1,"featured_media":25938,"comment_status":"open","ping_status":"open","sticky":false,"template":"","format":"standard","meta":{"footnotes":""},"categories":[3,4],"tags":[],"class_list":["post-25934","post","type-post","status-publish","format-standard","has-post-thumbnail","hentry","category-noticias","category-home"],"yoast_head":"<!-- This site is optimized with the Yoast SEO plugin v26.7 - https:\/\/yoast.com\/wordpress\/plugins\/seo\/ -->\n<title>Confira os vencedores do Trof\u00e9u Destaque Nacional 2022 - UVB Brasil<\/title>\n<meta name=\"robots\" content=\"index, follow, max-snippet:-1, max-image-preview:large, max-video-preview:-1\" \/>\n<link rel=\"canonical\" href=\"https:\/\/uvbbrasil.com.br\/confira-os-vencedores-do-trofeu-destaque-2022\/\" \/>\n<meta property=\"og:locale\" content=\"pt_BR\" \/>\n<meta property=\"og:type\" content=\"article\" \/>\n<meta property=\"og:title\" content=\"Confira os vencedores do Trof\u00e9u Destaque Nacional 2022 - UVB Brasil\" \/>\n<meta property=\"og:description\" content=\"O Concurso Destaque Nacional UVB 2022 contou com\u00a0 a participa\u00e7\u00e3o de Vereadores e Vereadoras de todos os Estados inscritos\u00a0 na...\" \/>\n<meta property=\"og:url\" content=\"https:\/\/uvbbrasil.com.br\/confira-os-vencedores-do-trofeu-destaque-2022\/\" \/>\n<meta property=\"og:site_name\" content=\"UVB Brasil\" \/>\n<meta property=\"article:publisher\" content=\"https:\/\/www.facebook.com\/uvb.vereadoresbrasil\" \/>\n<meta property=\"article:published_time\" content=\"2022-05-10T20:05:52+00:00\" \/>\n<meta property=\"og:image\" content=\"https:\/\/uvbbrasil.com.br\/wp-content\/uploads\/2022\/05\/trofeu-006-scaled-1.jpg\" \/>\n\t<meta property=\"og:image:width\" content=\"2560\" \/>\n\t<meta property=\"og:image:height\" content=\"1700\" \/>\n\t<meta property=\"og:image:type\" content=\"image\/jpeg\" \/>\n<meta name=\"author\" content=\"adminuvb\" \/>\n<meta name=\"twitter:card\" content=\"summary_large_image\" \/>\n<meta name=\"twitter:label1\" content=\"Escrito por\" \/>\n\t<meta name=\"twitter:data1\" content=\"adminuvb\" \/>\n\t<meta name=\"twitter:label2\" content=\"Est. tempo de leitura\" \/>\n\t<meta name=\"twitter:data2\" content=\"5 minutos\" \/>\n<script type=\"application\/ld+json\" class=\"yoast-schema-graph\">{\"@context\":\"https:\/\/schema.org\",\"@graph\":[{\"@type\":\"Article\",\"@id\":\"https:\/\/uvbbrasil.com.br\/confira-os-vencedores-do-trofeu-destaque-2022\/#article\",\"isPartOf\":{\"@id\":\"https:\/\/uvbbrasil.com.br\/confira-os-vencedores-do-trofeu-destaque-2022\/\"},\"author\":{\"name\":\"adminuvb\",\"@id\":\"https:\/\/uvbbrasil.com.br\/#\/schema\/person\/17990098446c098f52effddff4f1b272\"},\"headline\":\"Confira os vencedores do Trof\u00e9u Destaque Nacional 2022\",\"datePublished\":\"2022-05-10T20:05:52+00:00\",\"mainEntityOfPage\":{\"@id\":\"https:\/\/uvbbrasil.com.br\/confira-os-vencedores-do-trofeu-destaque-2022\/\"},\"wordCount\":921,\"commentCount\":0,\"publisher\":{\"@id\":\"https:\/\/uvbbrasil.com.br\/#organization\"},\"image\":{\"@id\":\"https:\/\/uvbbrasil.com.br\/confira-os-vencedores-do-trofeu-destaque-2022\/#primaryimage\"},\"thumbnailUrl\":\"https:\/\/uvbbrasil.com.br\/wp-content\/uploads\/2022\/05\/trofeu-006-scaled-1.jpg\",\"articleSection\":[\"NOT\u00cdCIAS\",\"UVB\"],\"inLanguage\":\"pt-BR\",\"potentialAction\":[{\"@type\":\"CommentAction\",\"name\":\"Comment\",\"target\":[\"https:\/\/uvbbrasil.com.br\/confira-os-vencedores-do-trofeu-destaque-2022\/#respond\"]}]},{\"@type\":\"WebPage\",\"@id\":\"https:\/\/uvbbrasil.com.br\/confira-os-vencedores-do-trofeu-destaque-2022\/\",\"url\":\"https:\/\/uvbbrasil.com.br\/confira-os-vencedores-do-trofeu-destaque-2022\/\",\"name\":\"Confira os vencedores do Trof\u00e9u Destaque Nacional 2022 - UVB Brasil\",\"isPartOf\":{\"@id\":\"https:\/\/uvbbrasil.com.br\/#website\"},\"primaryImageOfPage\":{\"@id\":\"https:\/\/uvbbrasil.com.br\/confira-os-vencedores-do-trofeu-destaque-2022\/#primaryimage\"},\"image\":{\"@id\":\"https:\/\/uvbbrasil.com.br\/confira-os-vencedores-do-trofeu-destaque-2022\/#primaryimage\"},\"thumbnailUrl\":\"https:\/\/uvbbrasil.com.br\/wp-content\/uploads\/2022\/05\/trofeu-006-scaled-1.jpg\",\"datePublished\":\"2022-05-10T20:05:52+00:00\",\"breadcrumb\":{\"@id\":\"https:\/\/uvbbrasil.com.br\/confira-os-vencedores-do-trofeu-destaque-2022\/#breadcrumb\"},\"inLanguage\":\"pt-BR\",\"potentialAction\":[{\"@type\":\"ReadAction\",\"target\":[\"https:\/\/uvbbrasil.com.br\/confira-os-vencedores-do-trofeu-destaque-2022\/\"]}]},{\"@type\":\"ImageObject\",\"inLanguage\":\"pt-BR\",\"@id\":\"https:\/\/uvbbrasil.com.br\/confira-os-vencedores-do-trofeu-destaque-2022\/#primaryimage\",\"url\":\"https:\/\/uvbbrasil.com.br\/wp-content\/uploads\/2022\/05\/trofeu-006-scaled-1.jpg\",\"contentUrl\":\"https:\/\/uvbbrasil.com.br\/wp-content\/uploads\/2022\/05\/trofeu-006-scaled-1.jpg\",\"width\":2560,\"height\":1700},{\"@type\":\"BreadcrumbList\",\"@id\":\"https:\/\/uvbbrasil.com.br\/confira-os-vencedores-do-trofeu-destaque-2022\/#breadcrumb\",\"itemListElement\":[{\"@type\":\"ListItem\",\"position\":1,\"name\":\"In\u00edcio\",\"item\":\"https:\/\/uvbbrasil.com.br\/\"},{\"@type\":\"ListItem\",\"position\":2,\"name\":\"Confira os vencedores do Trof\u00e9u Destaque Nacional 2022\"}]},{\"@type\":\"WebSite\",\"@id\":\"https:\/\/uvbbrasil.com.br\/#website\",\"url\":\"https:\/\/uvbbrasil.com.br\/\",\"name\":\"UVB Brasil\",\"description\":\"Uni\u00e3o dos Vereadores do Brasil\",\"publisher\":{\"@id\":\"https:\/\/uvbbrasil.com.br\/#organization\"},\"potentialAction\":[{\"@type\":\"SearchAction\",\"target\":{\"@type\":\"EntryPoint\",\"urlTemplate\":\"https:\/\/uvbbrasil.com.br\/?s={search_term_string}\"},\"query-input\":{\"@type\":\"PropertyValueSpecification\",\"valueRequired\":true,\"valueName\":\"search_term_string\"}}],\"inLanguage\":\"pt-BR\"},{\"@type\":\"Organization\",\"@id\":\"https:\/\/uvbbrasil.com.br\/#organization\",\"name\":\"UVB Brasil\",\"url\":\"https:\/\/uvbbrasil.com.br\/\",\"logo\":{\"@type\":\"ImageObject\",\"inLanguage\":\"pt-BR\",\"@id\":\"https:\/\/uvbbrasil.com.br\/#\/schema\/logo\/image\/\",\"url\":\"https:\/\/uvbbrasil.com.br\/wp-content\/uploads\/2025\/01\/LOGO-UVB-2024-azul-1.jpg\",\"contentUrl\":\"https:\/\/uvbbrasil.com.br\/wp-content\/uploads\/2025\/01\/LOGO-UVB-2024-azul-1.jpg\",\"width\":600,\"height\":211,\"caption\":\"UVB Brasil\"},\"image\":{\"@id\":\"https:\/\/uvbbrasil.com.br\/#\/schema\/logo\/image\/\"},\"sameAs\":[\"https:\/\/www.facebook.com\/uvb.vereadoresbrasil\",\"https:\/\/www.instagram.com\/uvbbrasil\/\",\"https:\/\/www.youtube.com\/channel\/UCIlPQ8Xzw5GHNzosQIg9S5A\"]},{\"@type\":\"Person\",\"@id\":\"https:\/\/uvbbrasil.com.br\/#\/schema\/person\/17990098446c098f52effddff4f1b272\",\"name\":\"adminuvb\",\"image\":{\"@type\":\"ImageObject\",\"inLanguage\":\"pt-BR\",\"@id\":\"https:\/\/uvbbrasil.com.br\/#\/schema\/person\/image\/\",\"url\":\"https:\/\/secure.gravatar.com\/avatar\/1a494ea6f8e2dd1ae526e55b0e9497efdba542491e0620d704cccf63c6f77c45?s=96&d=mm&r=g\",\"contentUrl\":\"https:\/\/secure.gravatar.com\/avatar\/1a494ea6f8e2dd1ae526e55b0e9497efdba542491e0620d704cccf63c6f77c45?s=96&d=mm&r=g\",\"caption\":\"adminuvb\"},\"sameAs\":[\"https:\/\/uvbbrasil.com.br\"],\"url\":\"https:\/\/uvbbrasil.com.br\/author\/adminuvb\/\"}]}<\/script>\n<!-- \/ Yoast SEO plugin. -->","yoast_head_json":{"title":"Confira os vencedores do Trof\u00e9u Destaque Nacional 2022 - UVB Brasil","robots":{"index":"index","follow":"follow","max-snippet":"max-snippet:-1","max-image-preview":"max-image-preview:large","max-video-preview":"max-video-preview:-1"},"canonical":"https:\/\/uvbbrasil.com.br\/confira-os-vencedores-do-trofeu-destaque-2022\/","og_locale":"pt_BR","og_type":"article","og_title":"Confira os vencedores do Trof\u00e9u Destaque Nacional 2022 - UVB Brasil","og_description":"O Concurso Destaque Nacional UVB 2022 contou com\u00a0 a participa\u00e7\u00e3o de Vereadores e Vereadoras de todos os Estados inscritos\u00a0 na...","og_url":"https:\/\/uvbbrasil.com.br\/confira-os-vencedores-do-trofeu-destaque-2022\/","og_site_name":"UVB Brasil","article_publisher":"https:\/\/www.facebook.com\/uvb.vereadoresbrasil","article_published_time":"2022-05-10T20:05:52+00:00","og_image":[{"width":2560,"height":1700,"url":"https:\/\/uvbbrasil.com.br\/wp-content\/uploads\/2022\/05\/trofeu-006-scaled-1.jpg","type":"image\/jpeg"}],"author":"adminuvb","twitter_card":"summary_large_image","twitter_misc":{"Escrito por":"adminuvb","Est. tempo de leitura":"5 minutos"},"schema":{"@context":"https:\/\/schema.org","@graph":[{"@type":"Article","@id":"https:\/\/uvbbrasil.com.br\/confira-os-vencedores-do-trofeu-destaque-2022\/#article","isPartOf":{"@id":"https:\/\/uvbbrasil.com.br\/confira-os-vencedores-do-trofeu-destaque-2022\/"},"author":{"name":"adminuvb","@id":"https:\/\/uvbbrasil.com.br\/#\/schema\/person\/17990098446c098f52effddff4f1b272"},"headline":"Confira os vencedores do Trof\u00e9u Destaque Nacional 2022","datePublished":"2022-05-10T20:05:52+00:00","mainEntityOfPage":{"@id":"https:\/\/uvbbrasil.com.br\/confira-os-vencedores-do-trofeu-destaque-2022\/"},"wordCount":921,"commentCount":0,"publisher":{"@id":"https:\/\/uvbbrasil.com.br\/#organization"},"image":{"@id":"https:\/\/uvbbrasil.com.br\/confira-os-vencedores-do-trofeu-destaque-2022\/#primaryimage"},"thumbnailUrl":"https:\/\/uvbbrasil.com.br\/wp-content\/uploads\/2022\/05\/trofeu-006-scaled-1.jpg","articleSection":["NOT\u00cdCIAS","UVB"],"inLanguage":"pt-BR","potentialAction":[{"@type":"CommentAction","name":"Comment","target":["https:\/\/uvbbrasil.com.br\/confira-os-vencedores-do-trofeu-destaque-2022\/#respond"]}]},{"@type":"WebPage","@id":"https:\/\/uvbbrasil.com.br\/confira-os-vencedores-do-trofeu-destaque-2022\/","url":"https:\/\/uvbbrasil.com.br\/confira-os-vencedores-do-trofeu-destaque-2022\/","name":"Confira os vencedores do Trof\u00e9u Destaque Nacional 2022 - UVB Brasil","isPartOf":{"@id":"https:\/\/uvbbrasil.com.br\/#website"},"primaryImageOfPage":{"@id":"https:\/\/uvbbrasil.com.br\/confira-os-vencedores-do-trofeu-destaque-2022\/#primaryimage"},"image":{"@id":"https:\/\/uvbbrasil.com.br\/confira-os-vencedores-do-trofeu-destaque-2022\/#primaryimage"},"thumbnailUrl":"https:\/\/uvbbrasil.com.br\/wp-content\/uploads\/2022\/05\/trofeu-006-scaled-1.jpg","datePublished":"2022-05-10T20:05:52+00:00","breadcrumb":{"@id":"https:\/\/uvbbrasil.com.br\/confira-os-vencedores-do-trofeu-destaque-2022\/#breadcrumb"},"inLanguage":"pt-BR","potentialAction":[{"@type":"ReadAction","target":["https:\/\/uvbbrasil.com.br\/confira-os-vencedores-do-trofeu-destaque-2022\/"]}]},{"@type":"ImageObject","inLanguage":"pt-BR","@id":"https:\/\/uvbbrasil.com.br\/confira-os-vencedores-do-trofeu-destaque-2022\/#primaryimage","url":"https:\/\/uvbbrasil.com.br\/wp-content\/uploads\/2022\/05\/trofeu-006-scaled-1.jpg","contentUrl":"https:\/\/uvbbrasil.com.br\/wp-content\/uploads\/2022\/05\/trofeu-006-scaled-1.jpg","width":2560,"height":1700},{"@type":"BreadcrumbList","@id":"https:\/\/uvbbrasil.com.br\/confira-os-vencedores-do-trofeu-destaque-2022\/#breadcrumb","itemListElement":[{"@type":"ListItem","position":1,"name":"In\u00edcio","item":"https:\/\/uvbbrasil.com.br\/"},{"@type":"ListItem","position":2,"name":"Confira os vencedores do Trof\u00e9u Destaque Nacional 2022"}]},{"@type":"WebSite","@id":"https:\/\/uvbbrasil.com.br\/#website","url":"https:\/\/uvbbrasil.com.br\/","name":"UVB Brasil","description":"Uni\u00e3o dos Vereadores do Brasil","publisher":{"@id":"https:\/\/uvbbrasil.com.br\/#organization"},"potentialAction":[{"@type":"SearchAction","target":{"@type":"EntryPoint","urlTemplate":"https:\/\/uvbbrasil.com.br\/?s={search_term_string}"},"query-input":{"@type":"PropertyValueSpecification","valueRequired":true,"valueName":"search_term_string"}}],"inLanguage":"pt-BR"},{"@type":"Organization","@id":"https:\/\/uvbbrasil.com.br\/#organization","name":"UVB Brasil","url":"https:\/\/uvbbrasil.com.br\/","logo":{"@type":"ImageObject","inLanguage":"pt-BR","@id":"https:\/\/uvbbrasil.com.br\/#\/schema\/logo\/image\/","url":"https:\/\/uvbbrasil.com.br\/wp-content\/uploads\/2025\/01\/LOGO-UVB-2024-azul-1.jpg","contentUrl":"https:\/\/uvbbrasil.com.br\/wp-content\/uploads\/2025\/01\/LOGO-UVB-2024-azul-1.jpg","width":600,"height":211,"caption":"UVB Brasil"},"image":{"@id":"https:\/\/uvbbrasil.com.br\/#\/schema\/logo\/image\/"},"sameAs":["https:\/\/www.facebook.com\/uvb.vereadoresbrasil","https:\/\/www.instagram.com\/uvbbrasil\/","https:\/\/www.youtube.com\/channel\/UCIlPQ8Xzw5GHNzosQIg9S5A"]},{"@type":"Person","@id":"https:\/\/uvbbrasil.com.br\/#\/schema\/person\/17990098446c098f52effddff4f1b272","name":"adminuvb","image":{"@type":"ImageObject","inLanguage":"pt-BR","@id":"https:\/\/uvbbrasil.com.br\/#\/schema\/person\/image\/","url":"https:\/\/secure.gravatar.com\/avatar\/1a494ea6f8e2dd1ae526e55b0e9497efdba542491e0620d704cccf63c6f77c45?s=96&d=mm&r=g","contentUrl":"https:\/\/secure.gravatar.com\/avatar\/1a494ea6f8e2dd1ae526e55b0e9497efdba542491e0620d704cccf63c6f77c45?s=96&d=mm&r=g","caption":"adminuvb"},"sameAs":["https:\/\/uvbbrasil.com.br"],"url":"https:\/\/uvbbrasil.com.br\/author\/adminuvb\/"}]}},"_links":{"self":[{"href":"https:\/\/uvbbrasil.com.br\/uvb-json\/wp\/v2\/posts\/25934","targetHints":{"allow":["GET"]}}],"collection":[{"href":"https:\/\/uvbbrasil.com.br\/uvb-json\/wp\/v2\/posts"}],"about":[{"href":"https:\/\/uvbbrasil.com.br\/uvb-json\/wp\/v2\/types\/post"}],"author":[{"embeddable":true,"href":"https:\/\/uvbbrasil.com.br\/uvb-json\/wp\/v2\/users\/1"}],"replies":[{"embeddable":true,"href":"https:\/\/uvbbrasil.com.br\/uvb-json\/wp\/v2\/comments?post=25934"}],"version-history":[{"count":0,"href":"https:\/\/uvbbrasil.com.br\/uvb-json\/wp\/v2\/posts\/25934\/revisions"}],"wp:featuredmedia":[{"embeddable":true,"href":"https:\/\/uvbbrasil.com.br\/uvb-json\/wp\/v2\/media\/25938"}],"wp:attachment":[{"href":"https:\/\/uvbbrasil.com.br\/uvb-json\/wp\/v2\/media?parent=25934"}],"wp:term":[{"taxonomy":"category","embeddable":true,"href":"https:\/\/uvbbrasil.com.br\/uvb-json\/wp\/v2\/categories?post=25934"},{"taxonomy":"post_tag","embeddable":true,"href":"https:\/\/uvbbrasil.com.br\/uvb-json\/wp\/v2\/tags?post=25934"}],"curies":[{"name":"wp","href":"https:\/\/api.w.org\/{rel}","templated":true}]}}