{"id":25923,"date":"2022-05-10T11:44:46","date_gmt":"2022-05-10T14:44:46","guid":{"rendered":"https:\/\/wpsandbox4.pante.com.br\/?p=25923"},"modified":"2022-05-10T11:44:46","modified_gmt":"2022-05-10T14:44:46","slug":"alunos-do-visconde-de-taunay-visitam-a-camara-de-vereadores-de-irai-rs","status":"publish","type":"post","link":"https:\/\/uvbbrasil.com.br\/alunos-do-visconde-de-taunay-visitam-a-camara-de-vereadores-de-irai-rs\/","title":{"rendered":"Alunos do Visconde de Taunay visitam a C\u00e2mara de Vereadores de Ira\u00ed\/RS"},"content":{"rendered":"<div class=\"kvgmc6g5 cxmmr5t8 oygrvhab hcukyx3x c1et5uql ii04i59q\">\n<div dir=\"auto\"><\/div>\n<\/div>\n<div class=\"cxmmr5t8 oygrvhab hcukyx3x c1et5uql o9v6fnle ii04i59q\">\n<div dir=\"auto\">O Poder Legislativo de Ira\u00ed\/RS, recebeu na \u00faltima semana, a visita t\u00e9cnica de alunos do Ensino M\u00e9dio do Instituto Estadual de Educa\u00e7\u00e3o Visconde de Taunay. Os estudantes acompanhados pela professora da disciplina Legisla\u00e7\u00e3o e \u00c9tica, Cristina Franco, foram recepcionados pelo presidente da C\u00e2mara, Gilson Conzatti, e pelo assessor de imprensa e diretor da Escola do Legislativo, o jornalista Fernando Sucolotti.<\/div>\n<\/div>\n<div class=\"cxmmr5t8 oygrvhab hcukyx3x c1et5uql o9v6fnle ii04i59q\">\n<div dir=\"auto\">Em um primeiro momento, no plen\u00e1rio, os jovens tiveram uma palestra com Conzatti e Sucolotti, que discorreram sobre os Tr\u00eas Poderes, especialmente sobre o Poder Legislativo Municipal, o papel do parlamentar e tamb\u00e9m sobre democracia e cidadania. Os alunos, tamb\u00e9m tiveram a oportunidade de conhecer como funciona o processo de vota\u00e7\u00e3o eletr\u00f4nica das sess\u00f5es, a TV do Legislativo e a sala administrativa.<\/div>\n<\/div>\n<div class=\"cxmmr5t8 oygrvhab hcukyx3x c1et5uql o9v6fnle ii04i59q\">\n<div dir=\"auto\">O presidente Conzatti, parabenizou a professora Cristina e os alunos pela iniciativa e destacou que a proposta \u00e9 muito importante, porque objetiva a cidadania dos estudantes, pois ensina a exercer seus direitos e deveres e conhecerem a rotina dos vereadores. \u201cA transforma\u00e7\u00e3o das nossas cidades acontece com a participa\u00e7\u00e3o cidad\u00e3 atrav\u00e9s da educa\u00e7\u00e3o pol\u00edtica. Eu acredito que melhorar a pol\u00edtica \u00e9 ensinando e praticando a boa pol\u00edtica\u201d, destacou<\/div>\n<div dir=\"auto\"><img fetchpriority=\"high\" decoding=\"async\" class=\"alignnone size-medium wp-image-25926\" src=\"https:\/\/uvbbrasil.com.br\/wp-content\/uploads\/2022\/05\/280580473_3102005736678974_8873482971716953279_n-300x225.jpg\" alt=\"\" width=\"300\" height=\"225\" srcset=\"https:\/\/uvbbrasil.com.br\/wp-content\/uploads\/2022\/05\/280580473_3102005736678974_8873482971716953279_n-300x225.jpg 300w, https:\/\/uvbbrasil.com.br\/wp-content\/uploads\/2022\/05\/280580473_3102005736678974_8873482971716953279_n-1024x768.jpg 1024w, https:\/\/uvbbrasil.com.br\/wp-content\/uploads\/2022\/05\/280580473_3102005736678974_8873482971716953279_n-768x576.jpg 768w, https:\/\/uvbbrasil.com.br\/wp-content\/uploads\/2022\/05\/280580473_3102005736678974_8873482971716953279_n-1536x1152.jpg 1536w, https:\/\/uvbbrasil.com.br\/wp-content\/uploads\/2022\/05\/280580473_3102005736678974_8873482971716953279_n.jpg 2048w\" sizes=\"(max-width: 300px) 100vw, 300px\" \/>.<\/div>\n<div dir=\"auto\"><\/div>\n<div dir=\"auto\"><img decoding=\"async\" class=\"alignnone size-medium wp-image-25925\" src=\"https:\/\/uvbbrasil.com.br\/wp-content\/uploads\/2022\/05\/280078266_3102005703345644_5373790094343287663_n-300x225.jpg\" alt=\"\" width=\"300\" height=\"225\" srcset=\"https:\/\/uvbbrasil.com.br\/wp-content\/uploads\/2022\/05\/280078266_3102005703345644_5373790094343287663_n-300x225.jpg 300w, https:\/\/uvbbrasil.com.br\/wp-content\/uploads\/2022\/05\/280078266_3102005703345644_5373790094343287663_n-1024x768.jpg 1024w, https:\/\/uvbbrasil.com.br\/wp-content\/uploads\/2022\/05\/280078266_3102005703345644_5373790094343287663_n-768x576.jpg 768w, https:\/\/uvbbrasil.com.br\/wp-content\/uploads\/2022\/05\/280078266_3102005703345644_5373790094343287663_n-1536x1152.jpg 1536w, https:\/\/uvbbrasil.com.br\/wp-content\/uploads\/2022\/05\/280078266_3102005703345644_5373790094343287663_n.jpg 2048w\" sizes=\"(max-width: 300px) 100vw, 300px\" \/><img decoding=\"async\" class=\"alignnone size-medium wp-image-25924\" src=\"https:\/\/uvbbrasil.com.br\/wp-content\/uploads\/2022\/05\/280414706_3102005756678972_4386619468122153400_n-300x225.jpg\" alt=\"\" width=\"300\" height=\"225\" srcset=\"https:\/\/uvbbrasil.com.br\/wp-content\/uploads\/2022\/05\/280414706_3102005756678972_4386619468122153400_n-300x225.jpg 300w, https:\/\/uvbbrasil.com.br\/wp-content\/uploads\/2022\/05\/280414706_3102005756678972_4386619468122153400_n.jpg 600w\" sizes=\"(max-width: 300px) 100vw, 300px\" \/><\/div>\n<\/div>\n","protected":false},"excerpt":{"rendered":"<p>O Poder Legislativo de Ira\u00ed\/RS, recebeu na \u00faltima semana, a visita t\u00e9cnica de alunos do Ensino M\u00e9dio do Instituto Estadual&#8230;<\/p>\n","protected":false},"author":1,"featured_media":25924,"comment_status":"open","ping_status":"open","sticky":false,"template":"","format":"standard","meta":{"footnotes":""},"categories":[3],"tags":[],"class_list":["post-25923","post","type-post","status-publish","format-standard","has-post-thumbnail","hentry","category-noticias"],"yoast_head":"<!-- This site is optimized with the Yoast SEO plugin v26.7 - https:\/\/yoast.com\/wordpress\/plugins\/seo\/ -->\n<title>Alunos do Visconde de Taunay visitam a C\u00e2mara de Vereadores de Ira\u00ed\/RS - UVB Brasil<\/title>\n<meta name=\"robots\" content=\"index, follow, max-snippet:-1, max-image-preview:large, max-video-preview:-1\" \/>\n<link rel=\"canonical\" href=\"https:\/\/uvbbrasil.com.br\/alunos-do-visconde-de-taunay-visitam-a-camara-de-vereadores-de-irai-rs\/\" \/>\n<meta property=\"og:locale\" content=\"pt_BR\" \/>\n<meta property=\"og:type\" content=\"article\" \/>\n<meta property=\"og:title\" content=\"Alunos do Visconde de Taunay visitam a C\u00e2mara de Vereadores de Ira\u00ed\/RS - UVB Brasil\" \/>\n<meta property=\"og:description\" content=\"O Poder Legislativo de Ira\u00ed\/RS, recebeu na \u00faltima semana, a visita t\u00e9cnica de alunos do Ensino M\u00e9dio do Instituto Estadual...\" \/>\n<meta property=\"og:url\" content=\"https:\/\/uvbbrasil.com.br\/alunos-do-visconde-de-taunay-visitam-a-camara-de-vereadores-de-irai-rs\/\" \/>\n<meta property=\"og:site_name\" content=\"UVB Brasil\" \/>\n<meta property=\"article:publisher\" content=\"https:\/\/www.facebook.com\/uvb.vereadoresbrasil\" \/>\n<meta property=\"article:published_time\" content=\"2022-05-10T14:44:46+00:00\" \/>\n<meta property=\"og:image\" content=\"https:\/\/uvbbrasil.com.br\/wp-content\/uploads\/2022\/05\/280414706_3102005756678972_4386619468122153400_n.jpg\" \/>\n\t<meta property=\"og:image:width\" content=\"600\" \/>\n\t<meta property=\"og:image:height\" content=\"450\" \/>\n\t<meta property=\"og:image:type\" content=\"image\/jpeg\" \/>\n<meta name=\"author\" content=\"adminuvb\" \/>\n<meta name=\"twitter:card\" content=\"summary_large_image\" \/>\n<meta name=\"twitter:label1\" content=\"Escrito por\" \/>\n\t<meta name=\"twitter:data1\" content=\"adminuvb\" \/>\n\t<meta name=\"twitter:label2\" content=\"Est. tempo de leitura\" \/>\n\t<meta name=\"twitter:data2\" content=\"2 minutos\" \/>\n<script type=\"application\/ld+json\" class=\"yoast-schema-graph\">{\"@context\":\"https:\/\/schema.org\",\"@graph\":[{\"@type\":\"Article\",\"@id\":\"https:\/\/uvbbrasil.com.br\/alunos-do-visconde-de-taunay-visitam-a-camara-de-vereadores-de-irai-rs\/#article\",\"isPartOf\":{\"@id\":\"https:\/\/uvbbrasil.com.br\/alunos-do-visconde-de-taunay-visitam-a-camara-de-vereadores-de-irai-rs\/\"},\"author\":{\"name\":\"adminuvb\",\"@id\":\"https:\/\/uvbbrasil.com.br\/#\/schema\/person\/17990098446c098f52effddff4f1b272\"},\"headline\":\"Alunos do Visconde de Taunay visitam a C\u00e2mara de Vereadores de Ira\u00ed\/RS\",\"datePublished\":\"2022-05-10T14:44:46+00:00\",\"mainEntityOfPage\":{\"@id\":\"https:\/\/uvbbrasil.com.br\/alunos-do-visconde-de-taunay-visitam-a-camara-de-vereadores-de-irai-rs\/\"},\"wordCount\":222,\"commentCount\":0,\"publisher\":{\"@id\":\"https:\/\/uvbbrasil.com.br\/#organization\"},\"image\":{\"@id\":\"https:\/\/uvbbrasil.com.br\/alunos-do-visconde-de-taunay-visitam-a-camara-de-vereadores-de-irai-rs\/#primaryimage\"},\"thumbnailUrl\":\"https:\/\/uvbbrasil.com.br\/wp-content\/uploads\/2022\/05\/280414706_3102005756678972_4386619468122153400_n.jpg\",\"articleSection\":[\"NOT\u00cdCIAS\"],\"inLanguage\":\"pt-BR\",\"potentialAction\":[{\"@type\":\"CommentAction\",\"name\":\"Comment\",\"target\":[\"https:\/\/uvbbrasil.com.br\/alunos-do-visconde-de-taunay-visitam-a-camara-de-vereadores-de-irai-rs\/#respond\"]}]},{\"@type\":\"WebPage\",\"@id\":\"https:\/\/uvbbrasil.com.br\/alunos-do-visconde-de-taunay-visitam-a-camara-de-vereadores-de-irai-rs\/\",\"url\":\"https:\/\/uvbbrasil.com.br\/alunos-do-visconde-de-taunay-visitam-a-camara-de-vereadores-de-irai-rs\/\",\"name\":\"Alunos do Visconde de Taunay visitam a C\u00e2mara de Vereadores de Ira\u00ed\/RS - UVB Brasil\",\"isPartOf\":{\"@id\":\"https:\/\/uvbbrasil.com.br\/#website\"},\"primaryImageOfPage\":{\"@id\":\"https:\/\/uvbbrasil.com.br\/alunos-do-visconde-de-taunay-visitam-a-camara-de-vereadores-de-irai-rs\/#primaryimage\"},\"image\":{\"@id\":\"https:\/\/uvbbrasil.com.br\/alunos-do-visconde-de-taunay-visitam-a-camara-de-vereadores-de-irai-rs\/#primaryimage\"},\"thumbnailUrl\":\"https:\/\/uvbbrasil.com.br\/wp-content\/uploads\/2022\/05\/280414706_3102005756678972_4386619468122153400_n.jpg\",\"datePublished\":\"2022-05-10T14:44:46+00:00\",\"breadcrumb\":{\"@id\":\"https:\/\/uvbbrasil.com.br\/alunos-do-visconde-de-taunay-visitam-a-camara-de-vereadores-de-irai-rs\/#breadcrumb\"},\"inLanguage\":\"pt-BR\",\"potentialAction\":[{\"@type\":\"ReadAction\",\"target\":[\"https:\/\/uvbbrasil.com.br\/alunos-do-visconde-de-taunay-visitam-a-camara-de-vereadores-de-irai-rs\/\"]}]},{\"@type\":\"ImageObject\",\"inLanguage\":\"pt-BR\",\"@id\":\"https:\/\/uvbbrasil.com.br\/alunos-do-visconde-de-taunay-visitam-a-camara-de-vereadores-de-irai-rs\/#primaryimage\",\"url\":\"https:\/\/uvbbrasil.com.br\/wp-content\/uploads\/2022\/05\/280414706_3102005756678972_4386619468122153400_n.jpg\",\"contentUrl\":\"https:\/\/uvbbrasil.com.br\/wp-content\/uploads\/2022\/05\/280414706_3102005756678972_4386619468122153400_n.jpg\",\"width\":600,\"height\":450},{\"@type\":\"BreadcrumbList\",\"@id\":\"https:\/\/uvbbrasil.com.br\/alunos-do-visconde-de-taunay-visitam-a-camara-de-vereadores-de-irai-rs\/#breadcrumb\",\"itemListElement\":[{\"@type\":\"ListItem\",\"position\":1,\"name\":\"In\u00edcio\",\"item\":\"https:\/\/uvbbrasil.com.br\/\"},{\"@type\":\"ListItem\",\"position\":2,\"name\":\"Alunos do Visconde de Taunay visitam a C\u00e2mara de Vereadores de Ira\u00ed\/RS\"}]},{\"@type\":\"WebSite\",\"@id\":\"https:\/\/uvbbrasil.com.br\/#website\",\"url\":\"https:\/\/uvbbrasil.com.br\/\",\"name\":\"UVB Brasil\",\"description\":\"Uni\u00e3o dos Vereadores do Brasil\",\"publisher\":{\"@id\":\"https:\/\/uvbbrasil.com.br\/#organization\"},\"potentialAction\":[{\"@type\":\"SearchAction\",\"target\":{\"@type\":\"EntryPoint\",\"urlTemplate\":\"https:\/\/uvbbrasil.com.br\/?s={search_term_string}\"},\"query-input\":{\"@type\":\"PropertyValueSpecification\",\"valueRequired\":true,\"valueName\":\"search_term_string\"}}],\"inLanguage\":\"pt-BR\"},{\"@type\":\"Organization\",\"@id\":\"https:\/\/uvbbrasil.com.br\/#organization\",\"name\":\"UVB Brasil\",\"url\":\"https:\/\/uvbbrasil.com.br\/\",\"logo\":{\"@type\":\"ImageObject\",\"inLanguage\":\"pt-BR\",\"@id\":\"https:\/\/uvbbrasil.com.br\/#\/schema\/logo\/image\/\",\"url\":\"https:\/\/uvbbrasil.com.br\/wp-content\/uploads\/2025\/01\/LOGO-UVB-2024-azul-1.jpg\",\"contentUrl\":\"https:\/\/uvbbrasil.com.br\/wp-content\/uploads\/2025\/01\/LOGO-UVB-2024-azul-1.jpg\",\"width\":600,\"height\":211,\"caption\":\"UVB Brasil\"},\"image\":{\"@id\":\"https:\/\/uvbbrasil.com.br\/#\/schema\/logo\/image\/\"},\"sameAs\":[\"https:\/\/www.facebook.com\/uvb.vereadoresbrasil\",\"https:\/\/www.instagram.com\/uvbbrasil\/\",\"https:\/\/www.youtube.com\/channel\/UCIlPQ8Xzw5GHNzosQIg9S5A\"]},{\"@type\":\"Person\",\"@id\":\"https:\/\/uvbbrasil.com.br\/#\/schema\/person\/17990098446c098f52effddff4f1b272\",\"name\":\"adminuvb\",\"image\":{\"@type\":\"ImageObject\",\"inLanguage\":\"pt-BR\",\"@id\":\"https:\/\/uvbbrasil.com.br\/#\/schema\/person\/image\/\",\"url\":\"https:\/\/secure.gravatar.com\/avatar\/1a494ea6f8e2dd1ae526e55b0e9497efdba542491e0620d704cccf63c6f77c45?s=96&d=mm&r=g\",\"contentUrl\":\"https:\/\/secure.gravatar.com\/avatar\/1a494ea6f8e2dd1ae526e55b0e9497efdba542491e0620d704cccf63c6f77c45?s=96&d=mm&r=g\",\"caption\":\"adminuvb\"},\"sameAs\":[\"https:\/\/uvbbrasil.com.br\"],\"url\":\"https:\/\/uvbbrasil.com.br\/author\/adminuvb\/\"}]}<\/script>\n<!-- \/ Yoast SEO plugin. -->","yoast_head_json":{"title":"Alunos do Visconde de Taunay visitam a C\u00e2mara de Vereadores de Ira\u00ed\/RS - UVB Brasil","robots":{"index":"index","follow":"follow","max-snippet":"max-snippet:-1","max-image-preview":"max-image-preview:large","max-video-preview":"max-video-preview:-1"},"canonical":"https:\/\/uvbbrasil.com.br\/alunos-do-visconde-de-taunay-visitam-a-camara-de-vereadores-de-irai-rs\/","og_locale":"pt_BR","og_type":"article","og_title":"Alunos do Visconde de Taunay visitam a C\u00e2mara de Vereadores de Ira\u00ed\/RS - UVB Brasil","og_description":"O Poder Legislativo de Ira\u00ed\/RS, recebeu na \u00faltima semana, a visita t\u00e9cnica de alunos do Ensino M\u00e9dio do Instituto Estadual...","og_url":"https:\/\/uvbbrasil.com.br\/alunos-do-visconde-de-taunay-visitam-a-camara-de-vereadores-de-irai-rs\/","og_site_name":"UVB Brasil","article_publisher":"https:\/\/www.facebook.com\/uvb.vereadoresbrasil","article_published_time":"2022-05-10T14:44:46+00:00","og_image":[{"width":600,"height":450,"url":"https:\/\/uvbbrasil.com.br\/wp-content\/uploads\/2022\/05\/280414706_3102005756678972_4386619468122153400_n.jpg","type":"image\/jpeg"}],"author":"adminuvb","twitter_card":"summary_large_image","twitter_misc":{"Escrito por":"adminuvb","Est. tempo de leitura":"2 minutos"},"schema":{"@context":"https:\/\/schema.org","@graph":[{"@type":"Article","@id":"https:\/\/uvbbrasil.com.br\/alunos-do-visconde-de-taunay-visitam-a-camara-de-vereadores-de-irai-rs\/#article","isPartOf":{"@id":"https:\/\/uvbbrasil.com.br\/alunos-do-visconde-de-taunay-visitam-a-camara-de-vereadores-de-irai-rs\/"},"author":{"name":"adminuvb","@id":"https:\/\/uvbbrasil.com.br\/#\/schema\/person\/17990098446c098f52effddff4f1b272"},"headline":"Alunos do Visconde de Taunay visitam a C\u00e2mara de Vereadores de Ira\u00ed\/RS","datePublished":"2022-05-10T14:44:46+00:00","mainEntityOfPage":{"@id":"https:\/\/uvbbrasil.com.br\/alunos-do-visconde-de-taunay-visitam-a-camara-de-vereadores-de-irai-rs\/"},"wordCount":222,"commentCount":0,"publisher":{"@id":"https:\/\/uvbbrasil.com.br\/#organization"},"image":{"@id":"https:\/\/uvbbrasil.com.br\/alunos-do-visconde-de-taunay-visitam-a-camara-de-vereadores-de-irai-rs\/#primaryimage"},"thumbnailUrl":"https:\/\/uvbbrasil.com.br\/wp-content\/uploads\/2022\/05\/280414706_3102005756678972_4386619468122153400_n.jpg","articleSection":["NOT\u00cdCIAS"],"inLanguage":"pt-BR","potentialAction":[{"@type":"CommentAction","name":"Comment","target":["https:\/\/uvbbrasil.com.br\/alunos-do-visconde-de-taunay-visitam-a-camara-de-vereadores-de-irai-rs\/#respond"]}]},{"@type":"WebPage","@id":"https:\/\/uvbbrasil.com.br\/alunos-do-visconde-de-taunay-visitam-a-camara-de-vereadores-de-irai-rs\/","url":"https:\/\/uvbbrasil.com.br\/alunos-do-visconde-de-taunay-visitam-a-camara-de-vereadores-de-irai-rs\/","name":"Alunos do Visconde de Taunay visitam a C\u00e2mara de Vereadores de Ira\u00ed\/RS - UVB Brasil","isPartOf":{"@id":"https:\/\/uvbbrasil.com.br\/#website"},"primaryImageOfPage":{"@id":"https:\/\/uvbbrasil.com.br\/alunos-do-visconde-de-taunay-visitam-a-camara-de-vereadores-de-irai-rs\/#primaryimage"},"image":{"@id":"https:\/\/uvbbrasil.com.br\/alunos-do-visconde-de-taunay-visitam-a-camara-de-vereadores-de-irai-rs\/#primaryimage"},"thumbnailUrl":"https:\/\/uvbbrasil.com.br\/wp-content\/uploads\/2022\/05\/280414706_3102005756678972_4386619468122153400_n.jpg","datePublished":"2022-05-10T14:44:46+00:00","breadcrumb":{"@id":"https:\/\/uvbbrasil.com.br\/alunos-do-visconde-de-taunay-visitam-a-camara-de-vereadores-de-irai-rs\/#breadcrumb"},"inLanguage":"pt-BR","potentialAction":[{"@type":"ReadAction","target":["https:\/\/uvbbrasil.com.br\/alunos-do-visconde-de-taunay-visitam-a-camara-de-vereadores-de-irai-rs\/"]}]},{"@type":"ImageObject","inLanguage":"pt-BR","@id":"https:\/\/uvbbrasil.com.br\/alunos-do-visconde-de-taunay-visitam-a-camara-de-vereadores-de-irai-rs\/#primaryimage","url":"https:\/\/uvbbrasil.com.br\/wp-content\/uploads\/2022\/05\/280414706_3102005756678972_4386619468122153400_n.jpg","contentUrl":"https:\/\/uvbbrasil.com.br\/wp-content\/uploads\/2022\/05\/280414706_3102005756678972_4386619468122153400_n.jpg","width":600,"height":450},{"@type":"BreadcrumbList","@id":"https:\/\/uvbbrasil.com.br\/alunos-do-visconde-de-taunay-visitam-a-camara-de-vereadores-de-irai-rs\/#breadcrumb","itemListElement":[{"@type":"ListItem","position":1,"name":"In\u00edcio","item":"https:\/\/uvbbrasil.com.br\/"},{"@type":"ListItem","position":2,"name":"Alunos do Visconde de Taunay visitam a C\u00e2mara de Vereadores de Ira\u00ed\/RS"}]},{"@type":"WebSite","@id":"https:\/\/uvbbrasil.com.br\/#website","url":"https:\/\/uvbbrasil.com.br\/","name":"UVB Brasil","description":"Uni\u00e3o dos Vereadores do Brasil","publisher":{"@id":"https:\/\/uvbbrasil.com.br\/#organization"},"potentialAction":[{"@type":"SearchAction","target":{"@type":"EntryPoint","urlTemplate":"https:\/\/uvbbrasil.com.br\/?s={search_term_string}"},"query-input":{"@type":"PropertyValueSpecification","valueRequired":true,"valueName":"search_term_string"}}],"inLanguage":"pt-BR"},{"@type":"Organization","@id":"https:\/\/uvbbrasil.com.br\/#organization","name":"UVB Brasil","url":"https:\/\/uvbbrasil.com.br\/","logo":{"@type":"ImageObject","inLanguage":"pt-BR","@id":"https:\/\/uvbbrasil.com.br\/#\/schema\/logo\/image\/","url":"https:\/\/uvbbrasil.com.br\/wp-content\/uploads\/2025\/01\/LOGO-UVB-2024-azul-1.jpg","contentUrl":"https:\/\/uvbbrasil.com.br\/wp-content\/uploads\/2025\/01\/LOGO-UVB-2024-azul-1.jpg","width":600,"height":211,"caption":"UVB Brasil"},"image":{"@id":"https:\/\/uvbbrasil.com.br\/#\/schema\/logo\/image\/"},"sameAs":["https:\/\/www.facebook.com\/uvb.vereadoresbrasil","https:\/\/www.instagram.com\/uvbbrasil\/","https:\/\/www.youtube.com\/channel\/UCIlPQ8Xzw5GHNzosQIg9S5A"]},{"@type":"Person","@id":"https:\/\/uvbbrasil.com.br\/#\/schema\/person\/17990098446c098f52effddff4f1b272","name":"adminuvb","image":{"@type":"ImageObject","inLanguage":"pt-BR","@id":"https:\/\/uvbbrasil.com.br\/#\/schema\/person\/image\/","url":"https:\/\/secure.gravatar.com\/avatar\/1a494ea6f8e2dd1ae526e55b0e9497efdba542491e0620d704cccf63c6f77c45?s=96&d=mm&r=g","contentUrl":"https:\/\/secure.gravatar.com\/avatar\/1a494ea6f8e2dd1ae526e55b0e9497efdba542491e0620d704cccf63c6f77c45?s=96&d=mm&r=g","caption":"adminuvb"},"sameAs":["https:\/\/uvbbrasil.com.br"],"url":"https:\/\/uvbbrasil.com.br\/author\/adminuvb\/"}]}},"_links":{"self":[{"href":"https:\/\/uvbbrasil.com.br\/uvb-json\/wp\/v2\/posts\/25923","targetHints":{"allow":["GET"]}}],"collection":[{"href":"https:\/\/uvbbrasil.com.br\/uvb-json\/wp\/v2\/posts"}],"about":[{"href":"https:\/\/uvbbrasil.com.br\/uvb-json\/wp\/v2\/types\/post"}],"author":[{"embeddable":true,"href":"https:\/\/uvbbrasil.com.br\/uvb-json\/wp\/v2\/users\/1"}],"replies":[{"embeddable":true,"href":"https:\/\/uvbbrasil.com.br\/uvb-json\/wp\/v2\/comments?post=25923"}],"version-history":[{"count":0,"href":"https:\/\/uvbbrasil.com.br\/uvb-json\/wp\/v2\/posts\/25923\/revisions"}],"wp:featuredmedia":[{"embeddable":true,"href":"https:\/\/uvbbrasil.com.br\/uvb-json\/wp\/v2\/media\/25924"}],"wp:attachment":[{"href":"https:\/\/uvbbrasil.com.br\/uvb-json\/wp\/v2\/media?parent=25923"}],"wp:term":[{"taxonomy":"category","embeddable":true,"href":"https:\/\/uvbbrasil.com.br\/uvb-json\/wp\/v2\/categories?post=25923"},{"taxonomy":"post_tag","embeddable":true,"href":"https:\/\/uvbbrasil.com.br\/uvb-json\/wp\/v2\/tags?post=25923"}],"curies":[{"name":"wp","href":"https:\/\/api.w.org\/{rel}","templated":true}]}}