{"id":25917,"date":"2022-05-09T14:05:00","date_gmt":"2022-05-09T17:05:00","guid":{"rendered":"https:\/\/wpsandbox4.pante.com.br\/?p=25917"},"modified":"2022-05-09T14:05:00","modified_gmt":"2022-05-09T17:05:00","slug":"como-fazer-uma-boa-gestao-legislativa-administrativa-e-financeira-nas-camaras-municipais","status":"publish","type":"post","link":"https:\/\/uvbbrasil.com.br\/como-fazer-uma-boa-gestao-legislativa-administrativa-e-financeira-nas-camaras-municipais\/","title":{"rendered":"Como fazer uma boa gest\u00e3o legislativa, administrativa e financeira nas c\u00e2maras municipais"},"content":{"rendered":"<p>A gest\u00e3o administrativa e financeira \u00e9 realizada pelo Presidente e os Servidores, atrav\u00e9s de normas, procedimentos e a\u00e7\u00f5es, que permitem a an\u00e1lise e planejamento de suas atividades conforme a legisla\u00e7\u00e3o, visando o maior controle e transpar\u00eancia. Que estabelecer a estrutura administrativa com os cargos, atribui\u00e7\u00f5es, vencimentos, departamentos e organograma geral, unificando e atualizando a estrutura de pessoal revogando as leis espa\u00e7as. Oque facilitar\u00e1 o controle administrativo de pessoal, cont\u00e1bil e financeiro da folha de pagamento se for adquirir bens m\u00f3veis dur\u00e1veis e im\u00f3veis, lembre-se, de cotar e constar no patrim\u00f4nio.<\/p>\n<p>A Gest\u00e3o legislativa \u00e9 realizada por todos os vereadores, sendo a \u00e1rea que melhor identifica o poder legislativo para a popula\u00e7\u00e3o, refere-se \u00e0 sua compet\u00eancia de produzir normas legislativas eficientes e eficazes que s\u00e3o percebidas pela sociedade.<\/p>\n<p>O advogado exemplificou o crime de responsabilidade \u2013 duod\u00e9cimo baseado no artigo 29 &#8211; (&#8230;)<\/p>\n<p>\u00a7 2\u00ba &#8211; Constitui crime de responsabilidade do <strong><u>Prefeito Municipal<\/u><\/strong> artigo 29 &#8211; (&#8230;)<\/p>\n<p>I &#8211; efetuar repasse que supere os limites definidos neste artigo;<\/p>\n<p>II &#8211; n\u00e3o enviar o repasse at\u00e9 o dia vinte de cada m\u00eas;<\/p>\n<p>III &#8211; envi\u00e1-lo a menor em rela\u00e7\u00e3o \u00e0 propor\u00e7\u00e3o fixada na Lei Or\u00e7ament\u00e1ria.<\/p>\n<p><strong>Com a dica:<\/strong> No final do exerc\u00edcio o gestor deve comprovar que repassou a quantia anual exata para o Poder Legislativo, quando ser\u00e1 feita a verifica\u00e7\u00e3o e fiscaliza\u00e7\u00e3o por parte do Tribunal de Contas.<\/p>\n<p>Citou tamb\u00e9m pontos \u00a0sobre o c\u00e1lculo do duod\u00e9cimo \u2013 art. 29-a cf, crime de responsabilidade \u2013 duod\u00e9cimo, subs\u00eddio dos vereadores \u2013 art. 29, vi cf ,limites de gastos com pessoal e crimes de responsabilidade, 13\u00ba e 1\/3 de f\u00e9rias para vereador, verba de representa\u00e7\u00e3o, pagamento de verba de representa\u00e7\u00e3o e sess\u00e3o extraordin\u00e1ria e sobre a nomea\u00e7\u00e3o de servidores<\/p>\n<p>William Pessoa \u00e9 advogado especialista em direito legislativo e administra\u00e7\u00e3o p\u00fablica, consultor jur\u00eddico da UVB\/PE, conselheiro da OAB\/PE- SUB Caruaru, assessor jur\u00eddico de prefeituras e c\u00e2maras municipais.<\/p>\n<p><img fetchpriority=\"high\" decoding=\"async\" class=\"alignnone size-medium wp-image-25918\" src=\"https:\/\/uvbbrasil.com.br\/wp-content\/uploads\/2022\/05\/dr-william-300x200.jpg\" alt=\"\" width=\"300\" height=\"200\" \/><img decoding=\"async\" class=\"alignnone size-medium wp-image-25919\" src=\"https:\/\/uvbbrasil.com.br\/wp-content\/uploads\/2022\/05\/dr-william1--300x200.jpg\" alt=\"\" width=\"300\" height=\"200\" \/><img decoding=\"async\" class=\"alignnone size-medium wp-image-25921\" src=\"https:\/\/uvbbrasil.com.br\/wp-content\/uploads\/2022\/05\/dr-william-3-300x200.jpg\" alt=\"\" width=\"300\" height=\"200\" \/><img loading=\"lazy\" decoding=\"async\" class=\"alignnone size-medium wp-image-25920\" src=\"https:\/\/uvbbrasil.com.br\/wp-content\/uploads\/2022\/05\/dr-william-2-300x200.jpg\" alt=\"\" width=\"300\" height=\"200\" \/><\/p>\n","protected":false},"excerpt":{"rendered":"<p>A gest\u00e3o administrativa e financeira \u00e9 realizada pelo Presidente e os Servidores, atrav\u00e9s de normas, procedimentos e a\u00e7\u00f5es, que permitem&#8230;<\/p>\n","protected":false},"author":1,"featured_media":25921,"comment_status":"open","ping_status":"open","sticky":false,"template":"","format":"standard","meta":{"footnotes":""},"categories":[3,4],"tags":[],"class_list":["post-25917","post","type-post","status-publish","format-standard","has-post-thumbnail","hentry","category-noticias","category-home"],"yoast_head":"<!-- This site is optimized with the Yoast SEO plugin v26.7 - https:\/\/yoast.com\/wordpress\/plugins\/seo\/ -->\n<title>Como fazer uma boa gest\u00e3o legislativa, administrativa e financeira nas c\u00e2maras municipais - UVB Brasil<\/title>\n<meta name=\"robots\" content=\"index, follow, max-snippet:-1, max-image-preview:large, max-video-preview:-1\" \/>\n<link rel=\"canonical\" href=\"https:\/\/uvbbrasil.com.br\/como-fazer-uma-boa-gestao-legislativa-administrativa-e-financeira-nas-camaras-municipais\/\" \/>\n<meta property=\"og:locale\" content=\"pt_BR\" \/>\n<meta property=\"og:type\" content=\"article\" \/>\n<meta property=\"og:title\" content=\"Como fazer uma boa gest\u00e3o legislativa, administrativa e financeira nas c\u00e2maras municipais - UVB Brasil\" \/>\n<meta property=\"og:description\" content=\"A gest\u00e3o administrativa e financeira \u00e9 realizada pelo Presidente e os Servidores, atrav\u00e9s de normas, procedimentos e a\u00e7\u00f5es, que permitem...\" \/>\n<meta property=\"og:url\" content=\"https:\/\/uvbbrasil.com.br\/como-fazer-uma-boa-gestao-legislativa-administrativa-e-financeira-nas-camaras-municipais\/\" \/>\n<meta property=\"og:site_name\" content=\"UVB Brasil\" \/>\n<meta property=\"article:publisher\" content=\"https:\/\/www.facebook.com\/uvb.vereadoresbrasil\" \/>\n<meta property=\"article:published_time\" content=\"2022-05-09T17:05:00+00:00\" \/>\n<meta property=\"og:image\" content=\"https:\/\/uvbbrasil.com.br\/wp-content\/uploads\/2022\/05\/dr-william-3-scaled-1.jpg\" \/>\n\t<meta property=\"og:image:width\" content=\"2560\" \/>\n\t<meta property=\"og:image:height\" content=\"1707\" \/>\n\t<meta property=\"og:image:type\" content=\"image\/jpeg\" \/>\n<meta name=\"author\" content=\"adminuvb\" \/>\n<meta name=\"twitter:card\" content=\"summary_large_image\" \/>\n<meta name=\"twitter:label1\" content=\"Escrito por\" \/>\n\t<meta name=\"twitter:data1\" content=\"adminuvb\" \/>\n\t<meta name=\"twitter:label2\" content=\"Est. tempo de leitura\" \/>\n\t<meta name=\"twitter:data2\" content=\"3 minutos\" \/>\n<script type=\"application\/ld+json\" class=\"yoast-schema-graph\">{\"@context\":\"https:\/\/schema.org\",\"@graph\":[{\"@type\":\"Article\",\"@id\":\"https:\/\/uvbbrasil.com.br\/como-fazer-uma-boa-gestao-legislativa-administrativa-e-financeira-nas-camaras-municipais\/#article\",\"isPartOf\":{\"@id\":\"https:\/\/uvbbrasil.com.br\/como-fazer-uma-boa-gestao-legislativa-administrativa-e-financeira-nas-camaras-municipais\/\"},\"author\":{\"name\":\"adminuvb\",\"@id\":\"https:\/\/uvbbrasil.com.br\/#\/schema\/person\/17990098446c098f52effddff4f1b272\"},\"headline\":\"Como fazer uma boa gest\u00e3o legislativa, administrativa e financeira nas c\u00e2maras municipais\",\"datePublished\":\"2022-05-09T17:05:00+00:00\",\"mainEntityOfPage\":{\"@id\":\"https:\/\/uvbbrasil.com.br\/como-fazer-uma-boa-gestao-legislativa-administrativa-e-financeira-nas-camaras-municipais\/\"},\"wordCount\":354,\"commentCount\":0,\"publisher\":{\"@id\":\"https:\/\/uvbbrasil.com.br\/#organization\"},\"image\":{\"@id\":\"https:\/\/uvbbrasil.com.br\/como-fazer-uma-boa-gestao-legislativa-administrativa-e-financeira-nas-camaras-municipais\/#primaryimage\"},\"thumbnailUrl\":\"https:\/\/uvbbrasil.com.br\/wp-content\/uploads\/2022\/05\/dr-william-3-scaled-1.jpg\",\"articleSection\":[\"NOT\u00cdCIAS\",\"UVB\"],\"inLanguage\":\"pt-BR\",\"potentialAction\":[{\"@type\":\"CommentAction\",\"name\":\"Comment\",\"target\":[\"https:\/\/uvbbrasil.com.br\/como-fazer-uma-boa-gestao-legislativa-administrativa-e-financeira-nas-camaras-municipais\/#respond\"]}]},{\"@type\":\"WebPage\",\"@id\":\"https:\/\/uvbbrasil.com.br\/como-fazer-uma-boa-gestao-legislativa-administrativa-e-financeira-nas-camaras-municipais\/\",\"url\":\"https:\/\/uvbbrasil.com.br\/como-fazer-uma-boa-gestao-legislativa-administrativa-e-financeira-nas-camaras-municipais\/\",\"name\":\"Como fazer uma boa gest\u00e3o legislativa, administrativa e financeira nas c\u00e2maras municipais - UVB Brasil\",\"isPartOf\":{\"@id\":\"https:\/\/uvbbrasil.com.br\/#website\"},\"primaryImageOfPage\":{\"@id\":\"https:\/\/uvbbrasil.com.br\/como-fazer-uma-boa-gestao-legislativa-administrativa-e-financeira-nas-camaras-municipais\/#primaryimage\"},\"image\":{\"@id\":\"https:\/\/uvbbrasil.com.br\/como-fazer-uma-boa-gestao-legislativa-administrativa-e-financeira-nas-camaras-municipais\/#primaryimage\"},\"thumbnailUrl\":\"https:\/\/uvbbrasil.com.br\/wp-content\/uploads\/2022\/05\/dr-william-3-scaled-1.jpg\",\"datePublished\":\"2022-05-09T17:05:00+00:00\",\"breadcrumb\":{\"@id\":\"https:\/\/uvbbrasil.com.br\/como-fazer-uma-boa-gestao-legislativa-administrativa-e-financeira-nas-camaras-municipais\/#breadcrumb\"},\"inLanguage\":\"pt-BR\",\"potentialAction\":[{\"@type\":\"ReadAction\",\"target\":[\"https:\/\/uvbbrasil.com.br\/como-fazer-uma-boa-gestao-legislativa-administrativa-e-financeira-nas-camaras-municipais\/\"]}]},{\"@type\":\"ImageObject\",\"inLanguage\":\"pt-BR\",\"@id\":\"https:\/\/uvbbrasil.com.br\/como-fazer-uma-boa-gestao-legislativa-administrativa-e-financeira-nas-camaras-municipais\/#primaryimage\",\"url\":\"https:\/\/uvbbrasil.com.br\/wp-content\/uploads\/2022\/05\/dr-william-3-scaled-1.jpg\",\"contentUrl\":\"https:\/\/uvbbrasil.com.br\/wp-content\/uploads\/2022\/05\/dr-william-3-scaled-1.jpg\",\"width\":2560,\"height\":1707},{\"@type\":\"BreadcrumbList\",\"@id\":\"https:\/\/uvbbrasil.com.br\/como-fazer-uma-boa-gestao-legislativa-administrativa-e-financeira-nas-camaras-municipais\/#breadcrumb\",\"itemListElement\":[{\"@type\":\"ListItem\",\"position\":1,\"name\":\"In\u00edcio\",\"item\":\"https:\/\/uvbbrasil.com.br\/\"},{\"@type\":\"ListItem\",\"position\":2,\"name\":\"Como fazer uma boa gest\u00e3o legislativa, administrativa e financeira nas c\u00e2maras municipais\"}]},{\"@type\":\"WebSite\",\"@id\":\"https:\/\/uvbbrasil.com.br\/#website\",\"url\":\"https:\/\/uvbbrasil.com.br\/\",\"name\":\"UVB Brasil\",\"description\":\"Uni\u00e3o dos Vereadores do Brasil\",\"publisher\":{\"@id\":\"https:\/\/uvbbrasil.com.br\/#organization\"},\"potentialAction\":[{\"@type\":\"SearchAction\",\"target\":{\"@type\":\"EntryPoint\",\"urlTemplate\":\"https:\/\/uvbbrasil.com.br\/?s={search_term_string}\"},\"query-input\":{\"@type\":\"PropertyValueSpecification\",\"valueRequired\":true,\"valueName\":\"search_term_string\"}}],\"inLanguage\":\"pt-BR\"},{\"@type\":\"Organization\",\"@id\":\"https:\/\/uvbbrasil.com.br\/#organization\",\"name\":\"UVB Brasil\",\"url\":\"https:\/\/uvbbrasil.com.br\/\",\"logo\":{\"@type\":\"ImageObject\",\"inLanguage\":\"pt-BR\",\"@id\":\"https:\/\/uvbbrasil.com.br\/#\/schema\/logo\/image\/\",\"url\":\"https:\/\/uvbbrasil.com.br\/wp-content\/uploads\/2025\/01\/LOGO-UVB-2024-azul-1.jpg\",\"contentUrl\":\"https:\/\/uvbbrasil.com.br\/wp-content\/uploads\/2025\/01\/LOGO-UVB-2024-azul-1.jpg\",\"width\":600,\"height\":211,\"caption\":\"UVB Brasil\"},\"image\":{\"@id\":\"https:\/\/uvbbrasil.com.br\/#\/schema\/logo\/image\/\"},\"sameAs\":[\"https:\/\/www.facebook.com\/uvb.vereadoresbrasil\",\"https:\/\/www.instagram.com\/uvbbrasil\/\",\"https:\/\/www.youtube.com\/channel\/UCIlPQ8Xzw5GHNzosQIg9S5A\"]},{\"@type\":\"Person\",\"@id\":\"https:\/\/uvbbrasil.com.br\/#\/schema\/person\/17990098446c098f52effddff4f1b272\",\"name\":\"adminuvb\",\"image\":{\"@type\":\"ImageObject\",\"inLanguage\":\"pt-BR\",\"@id\":\"https:\/\/uvbbrasil.com.br\/#\/schema\/person\/image\/\",\"url\":\"https:\/\/secure.gravatar.com\/avatar\/1a494ea6f8e2dd1ae526e55b0e9497efdba542491e0620d704cccf63c6f77c45?s=96&d=mm&r=g\",\"contentUrl\":\"https:\/\/secure.gravatar.com\/avatar\/1a494ea6f8e2dd1ae526e55b0e9497efdba542491e0620d704cccf63c6f77c45?s=96&d=mm&r=g\",\"caption\":\"adminuvb\"},\"sameAs\":[\"https:\/\/uvbbrasil.com.br\"],\"url\":\"https:\/\/uvbbrasil.com.br\/author\/adminuvb\/\"}]}<\/script>\n<!-- \/ Yoast SEO plugin. -->","yoast_head_json":{"title":"Como fazer uma boa gest\u00e3o legislativa, administrativa e financeira nas c\u00e2maras municipais - UVB Brasil","robots":{"index":"index","follow":"follow","max-snippet":"max-snippet:-1","max-image-preview":"max-image-preview:large","max-video-preview":"max-video-preview:-1"},"canonical":"https:\/\/uvbbrasil.com.br\/como-fazer-uma-boa-gestao-legislativa-administrativa-e-financeira-nas-camaras-municipais\/","og_locale":"pt_BR","og_type":"article","og_title":"Como fazer uma boa gest\u00e3o legislativa, administrativa e financeira nas c\u00e2maras municipais - UVB Brasil","og_description":"A gest\u00e3o administrativa e financeira \u00e9 realizada pelo Presidente e os Servidores, atrav\u00e9s de normas, procedimentos e a\u00e7\u00f5es, que permitem...","og_url":"https:\/\/uvbbrasil.com.br\/como-fazer-uma-boa-gestao-legislativa-administrativa-e-financeira-nas-camaras-municipais\/","og_site_name":"UVB Brasil","article_publisher":"https:\/\/www.facebook.com\/uvb.vereadoresbrasil","article_published_time":"2022-05-09T17:05:00+00:00","og_image":[{"width":2560,"height":1707,"url":"https:\/\/uvbbrasil.com.br\/wp-content\/uploads\/2022\/05\/dr-william-3-scaled-1.jpg","type":"image\/jpeg"}],"author":"adminuvb","twitter_card":"summary_large_image","twitter_misc":{"Escrito por":"adminuvb","Est. tempo de leitura":"3 minutos"},"schema":{"@context":"https:\/\/schema.org","@graph":[{"@type":"Article","@id":"https:\/\/uvbbrasil.com.br\/como-fazer-uma-boa-gestao-legislativa-administrativa-e-financeira-nas-camaras-municipais\/#article","isPartOf":{"@id":"https:\/\/uvbbrasil.com.br\/como-fazer-uma-boa-gestao-legislativa-administrativa-e-financeira-nas-camaras-municipais\/"},"author":{"name":"adminuvb","@id":"https:\/\/uvbbrasil.com.br\/#\/schema\/person\/17990098446c098f52effddff4f1b272"},"headline":"Como fazer uma boa gest\u00e3o legislativa, administrativa e financeira nas c\u00e2maras municipais","datePublished":"2022-05-09T17:05:00+00:00","mainEntityOfPage":{"@id":"https:\/\/uvbbrasil.com.br\/como-fazer-uma-boa-gestao-legislativa-administrativa-e-financeira-nas-camaras-municipais\/"},"wordCount":354,"commentCount":0,"publisher":{"@id":"https:\/\/uvbbrasil.com.br\/#organization"},"image":{"@id":"https:\/\/uvbbrasil.com.br\/como-fazer-uma-boa-gestao-legislativa-administrativa-e-financeira-nas-camaras-municipais\/#primaryimage"},"thumbnailUrl":"https:\/\/uvbbrasil.com.br\/wp-content\/uploads\/2022\/05\/dr-william-3-scaled-1.jpg","articleSection":["NOT\u00cdCIAS","UVB"],"inLanguage":"pt-BR","potentialAction":[{"@type":"CommentAction","name":"Comment","target":["https:\/\/uvbbrasil.com.br\/como-fazer-uma-boa-gestao-legislativa-administrativa-e-financeira-nas-camaras-municipais\/#respond"]}]},{"@type":"WebPage","@id":"https:\/\/uvbbrasil.com.br\/como-fazer-uma-boa-gestao-legislativa-administrativa-e-financeira-nas-camaras-municipais\/","url":"https:\/\/uvbbrasil.com.br\/como-fazer-uma-boa-gestao-legislativa-administrativa-e-financeira-nas-camaras-municipais\/","name":"Como fazer uma boa gest\u00e3o legislativa, administrativa e financeira nas c\u00e2maras municipais - UVB Brasil","isPartOf":{"@id":"https:\/\/uvbbrasil.com.br\/#website"},"primaryImageOfPage":{"@id":"https:\/\/uvbbrasil.com.br\/como-fazer-uma-boa-gestao-legislativa-administrativa-e-financeira-nas-camaras-municipais\/#primaryimage"},"image":{"@id":"https:\/\/uvbbrasil.com.br\/como-fazer-uma-boa-gestao-legislativa-administrativa-e-financeira-nas-camaras-municipais\/#primaryimage"},"thumbnailUrl":"https:\/\/uvbbrasil.com.br\/wp-content\/uploads\/2022\/05\/dr-william-3-scaled-1.jpg","datePublished":"2022-05-09T17:05:00+00:00","breadcrumb":{"@id":"https:\/\/uvbbrasil.com.br\/como-fazer-uma-boa-gestao-legislativa-administrativa-e-financeira-nas-camaras-municipais\/#breadcrumb"},"inLanguage":"pt-BR","potentialAction":[{"@type":"ReadAction","target":["https:\/\/uvbbrasil.com.br\/como-fazer-uma-boa-gestao-legislativa-administrativa-e-financeira-nas-camaras-municipais\/"]}]},{"@type":"ImageObject","inLanguage":"pt-BR","@id":"https:\/\/uvbbrasil.com.br\/como-fazer-uma-boa-gestao-legislativa-administrativa-e-financeira-nas-camaras-municipais\/#primaryimage","url":"https:\/\/uvbbrasil.com.br\/wp-content\/uploads\/2022\/05\/dr-william-3-scaled-1.jpg","contentUrl":"https:\/\/uvbbrasil.com.br\/wp-content\/uploads\/2022\/05\/dr-william-3-scaled-1.jpg","width":2560,"height":1707},{"@type":"BreadcrumbList","@id":"https:\/\/uvbbrasil.com.br\/como-fazer-uma-boa-gestao-legislativa-administrativa-e-financeira-nas-camaras-municipais\/#breadcrumb","itemListElement":[{"@type":"ListItem","position":1,"name":"In\u00edcio","item":"https:\/\/uvbbrasil.com.br\/"},{"@type":"ListItem","position":2,"name":"Como fazer uma boa gest\u00e3o legislativa, administrativa e financeira nas c\u00e2maras municipais"}]},{"@type":"WebSite","@id":"https:\/\/uvbbrasil.com.br\/#website","url":"https:\/\/uvbbrasil.com.br\/","name":"UVB Brasil","description":"Uni\u00e3o dos Vereadores do Brasil","publisher":{"@id":"https:\/\/uvbbrasil.com.br\/#organization"},"potentialAction":[{"@type":"SearchAction","target":{"@type":"EntryPoint","urlTemplate":"https:\/\/uvbbrasil.com.br\/?s={search_term_string}"},"query-input":{"@type":"PropertyValueSpecification","valueRequired":true,"valueName":"search_term_string"}}],"inLanguage":"pt-BR"},{"@type":"Organization","@id":"https:\/\/uvbbrasil.com.br\/#organization","name":"UVB Brasil","url":"https:\/\/uvbbrasil.com.br\/","logo":{"@type":"ImageObject","inLanguage":"pt-BR","@id":"https:\/\/uvbbrasil.com.br\/#\/schema\/logo\/image\/","url":"https:\/\/uvbbrasil.com.br\/wp-content\/uploads\/2025\/01\/LOGO-UVB-2024-azul-1.jpg","contentUrl":"https:\/\/uvbbrasil.com.br\/wp-content\/uploads\/2025\/01\/LOGO-UVB-2024-azul-1.jpg","width":600,"height":211,"caption":"UVB Brasil"},"image":{"@id":"https:\/\/uvbbrasil.com.br\/#\/schema\/logo\/image\/"},"sameAs":["https:\/\/www.facebook.com\/uvb.vereadoresbrasil","https:\/\/www.instagram.com\/uvbbrasil\/","https:\/\/www.youtube.com\/channel\/UCIlPQ8Xzw5GHNzosQIg9S5A"]},{"@type":"Person","@id":"https:\/\/uvbbrasil.com.br\/#\/schema\/person\/17990098446c098f52effddff4f1b272","name":"adminuvb","image":{"@type":"ImageObject","inLanguage":"pt-BR","@id":"https:\/\/uvbbrasil.com.br\/#\/schema\/person\/image\/","url":"https:\/\/secure.gravatar.com\/avatar\/1a494ea6f8e2dd1ae526e55b0e9497efdba542491e0620d704cccf63c6f77c45?s=96&d=mm&r=g","contentUrl":"https:\/\/secure.gravatar.com\/avatar\/1a494ea6f8e2dd1ae526e55b0e9497efdba542491e0620d704cccf63c6f77c45?s=96&d=mm&r=g","caption":"adminuvb"},"sameAs":["https:\/\/uvbbrasil.com.br"],"url":"https:\/\/uvbbrasil.com.br\/author\/adminuvb\/"}]}},"_links":{"self":[{"href":"https:\/\/uvbbrasil.com.br\/uvb-json\/wp\/v2\/posts\/25917","targetHints":{"allow":["GET"]}}],"collection":[{"href":"https:\/\/uvbbrasil.com.br\/uvb-json\/wp\/v2\/posts"}],"about":[{"href":"https:\/\/uvbbrasil.com.br\/uvb-json\/wp\/v2\/types\/post"}],"author":[{"embeddable":true,"href":"https:\/\/uvbbrasil.com.br\/uvb-json\/wp\/v2\/users\/1"}],"replies":[{"embeddable":true,"href":"https:\/\/uvbbrasil.com.br\/uvb-json\/wp\/v2\/comments?post=25917"}],"version-history":[{"count":0,"href":"https:\/\/uvbbrasil.com.br\/uvb-json\/wp\/v2\/posts\/25917\/revisions"}],"wp:featuredmedia":[{"embeddable":true,"href":"https:\/\/uvbbrasil.com.br\/uvb-json\/wp\/v2\/media\/25921"}],"wp:attachment":[{"href":"https:\/\/uvbbrasil.com.br\/uvb-json\/wp\/v2\/media?parent=25917"}],"wp:term":[{"taxonomy":"category","embeddable":true,"href":"https:\/\/uvbbrasil.com.br\/uvb-json\/wp\/v2\/categories?post=25917"},{"taxonomy":"post_tag","embeddable":true,"href":"https:\/\/uvbbrasil.com.br\/uvb-json\/wp\/v2\/tags?post=25917"}],"curies":[{"name":"wp","href":"https:\/\/api.w.org\/{rel}","templated":true}]}}