{"id":25913,"date":"2022-05-09T09:09:24","date_gmt":"2022-05-09T12:09:24","guid":{"rendered":"https:\/\/wpsandbox4.pante.com.br\/?p=25913"},"modified":"2022-05-09T09:09:24","modified_gmt":"2022-05-09T12:09:24","slug":"tse-comemora-marca-historica-de-jovens-eleitores-nas-eleicoes-2022","status":"publish","type":"post","link":"https:\/\/uvbbrasil.com.br\/tse-comemora-marca-historica-de-jovens-eleitores-nas-eleicoes-2022\/","title":{"rendered":"TSE comemora marca hist\u00f3rica de jovens eleitores nas Elei\u00e7\u00f5es 2022"},"content":{"rendered":"<p class=\"noticia-subtitulo\">Entre janeiro e abril deste ano o pa\u00eds ganhou 2.042.817 novos eleitores entre 16 e 18 anos, um aumento de 47,2% em rela\u00e7\u00e3o ao mesmo per\u00edodo em 2018<\/p>\n<p>Ao encerrar o cadastro eleitoral para as Elei\u00e7\u00f5es 2022, o Tribunal Superior Eleitoral (TSE) celebra a supera\u00e7\u00e3o de todos os recordes j\u00e1 registrados pela Justi\u00e7a Eleitoral. O an\u00fancio foi feito pelo presidente do Tribunal, ministro Edson Fachin, na abertura da sess\u00e3o dessa quinta-feira (5).<\/p>\n<p>\u201cEntre janeiro e abril deste ano o pa\u00eds ganhou 2.042.817 novos eleitores entre 16 e 18 anos, que no dia 2 de outubro comparecer\u00e3o \u00e0s urnas para exercer o nobre e digno direito do voto\u201d, destacou.<\/p>\n<p>Esse n\u00famero representa um aumento de 47,2% em rela\u00e7\u00e3o ao mesmo per\u00edodo em 2018 e de 57,4% em rela\u00e7\u00e3o aos quatro primeiros meses do ano em 2014. As a\u00e7\u00f5es da Justi\u00e7a Eleitoral realizadas durante a Semana do Jovem Eleitor, entre os dias 14 e 18 de mar\u00e7o, se refletiram nos n\u00fameros.<\/p>\n<p>Segundo Fachin, a juventude brasileira foi convocada a participar das elei\u00e7\u00f5es em outubro, e a resposta foi impressionante.<\/p>\n<p>Em mar\u00e7o deste ano, o Brasil contou com o ingresso de 522.471 novos eleitores de 16 a 18 anos. Em abril esse n\u00famero foi de 991.415 jovens com o primeiro t\u00edtulo, um salto de 89,7% quando comparado ao m\u00eas anterior.<\/p>\n<p>A Justi\u00e7a Eleitoral mostrou toda a for\u00e7a que tem nessa reta final do fechamento do cadastro eleitoral para as Elei\u00e7\u00f5es 2022, encerrado no dia de ontem. Nos \u00faltimos 31 dias, foram registrados 8.951.527 pedidos, sendo 4.557.342 de forma presencial nos cart\u00f3rios pelo sistema Elo e 4.394.185 solicita\u00e7\u00f5es feitas de forma virtual pelo\u00a0<a href=\"https:\/\/cad-app-titulonet.tse.jus.br\/titulonet\/acompanharRequerimento\">T\u00edtulo Net<\/a>.<\/p>\n<p><b>Iniciativa\u00a0 pioneira<\/b><\/p>\n<p>A Semana do Jovem Eleitor de 2022, promovida pelo TSE e por todos os 27 Tribunais Regionais Eleitorais (TREs), teve como objetivo atrair o p\u00fablico de 15 a 18 anos de idade. A iniciativa foi criada em 2015 e visa aumentar cada vez mais o n\u00famero de brasileiras e brasileiros que contribuem para a escolha dos representantes pol\u00edticos do pa\u00eds.<\/p>\n<p>Uma resolu\u00e7\u00e3o do TSE permitiu que eleitores com 15 anos tirem o t\u00edtulo, mas s\u00f3 podem exercer o direito do voto aqueles jovens que tenham completado 16 anos at\u00e9 o dia do primeiro turno das elei\u00e7\u00f5es.<\/p>\n<p>No per\u00edodo da Semana, o Portal do Tribunal publicou uma s\u00e9rie de not\u00edcias com as principais informa\u00e7\u00f5es sobre o pleito deste ano, legisla\u00e7\u00e3o eleitoral, alistamento, transfer\u00eancia e regulariza\u00e7\u00e3o do t\u00edtulo de eleitor, entre outros t\u00f3picos, tudo para que o p\u00fablico jovem n\u00e3o tenha nenhuma d\u00favida quanto a prazos e regras das elei\u00e7\u00f5es e possa votar com seguran\u00e7a e confian\u00e7a.<\/p>\n<p>Al\u00e9m disso, as redes sociais do TSE e dos TREs conversaram de forma mais direta com os jovens. Essa mobiliza\u00e7\u00e3o nacional contou com a parceria de diversos influenciadores digitais, clubes de futebol, organiza\u00e7\u00f5es da sociedade civil e institui\u00e7\u00f5es p\u00fablicas e privadas.<\/p>\n<p>Um dos destaques da Semana foi o\u00a0<a href=\"https:\/\/www.tse.jus.br\/imprensa\/noticias-tse\/2022\/Marco\/tse-promove-tuitaco-para-incentivar-participacao-dos-jovens-nas-eleicoes-2022\"><i>tuita\u00e7o<\/i>\u00a0para conscientizar a juventude<\/a>\u00a0sobre a import\u00e2ncia de tirar o t\u00edtulo de eleitor realizado no dia 16 de mar\u00e7o. Segundo dados do Twitter,\u00a0<a href=\"https:\/\/www.tse.jus.br\/imprensa\/noticias-tse\/2022\/Marco\/eleicoes-2022-participe-do-tuitaco-para-incentivar-a-participacao-dos-jovens\"><b>foram publicados durante a mobiliza\u00e7\u00e3o<\/b><\/a>\u00a0cerca de 6,8 mil\u00a0tu\u00edtes\u00a0com esse tema, que chegaram \u00e0s telas de mais de 88 milh\u00f5es de pessoas. Mais de 4,7 mil usu\u00e1rios da plataforma participaram da iniciativa, seja com publica\u00e7\u00f5es pr\u00f3prias ou com a retransmiss\u00e3o de postagens feitas por pessoas a quem seguem.<\/p>\n<p>&nbsp;<\/p>\n<p><img decoding=\"async\" class=\"alignnone size-medium wp-image-25914\" src=\"https:\/\/uvbbrasil.com.br\/wp-content\/uploads\/2022\/05\/03596f0a-3135-4803-9f7b-93c86a71dd1e-300x145.jpeg\" alt=\"\" width=\"300\" height=\"145\" srcset=\"https:\/\/uvbbrasil.com.br\/wp-content\/uploads\/2022\/05\/03596f0a-3135-4803-9f7b-93c86a71dd1e-300x145.jpeg 300w, https:\/\/uvbbrasil.com.br\/wp-content\/uploads\/2022\/05\/03596f0a-3135-4803-9f7b-93c86a71dd1e.jpeg 620w\" sizes=\"(max-width: 300px) 100vw, 300px\" \/><\/p>\n","protected":false},"excerpt":{"rendered":"<p>Entre janeiro e abril deste ano o pa\u00eds ganhou 2.042.817 novos eleitores entre 16 e 18 anos, um aumento de&#8230;<\/p>\n","protected":false},"author":1,"featured_media":25914,"comment_status":"open","ping_status":"open","sticky":false,"template":"","format":"standard","meta":{"footnotes":""},"categories":[3],"tags":[],"class_list":["post-25913","post","type-post","status-publish","format-standard","has-post-thumbnail","hentry","category-noticias"],"yoast_head":"<!-- This site is optimized with the Yoast SEO plugin v26.7 - https:\/\/yoast.com\/wordpress\/plugins\/seo\/ -->\n<title>TSE comemora marca hist\u00f3rica de jovens eleitores nas Elei\u00e7\u00f5es 2022 - UVB Brasil<\/title>\n<meta name=\"robots\" content=\"index, follow, max-snippet:-1, max-image-preview:large, max-video-preview:-1\" \/>\n<link rel=\"canonical\" href=\"https:\/\/uvbbrasil.com.br\/tse-comemora-marca-historica-de-jovens-eleitores-nas-eleicoes-2022\/\" \/>\n<meta property=\"og:locale\" content=\"pt_BR\" \/>\n<meta property=\"og:type\" content=\"article\" \/>\n<meta property=\"og:title\" content=\"TSE comemora marca hist\u00f3rica de jovens eleitores nas Elei\u00e7\u00f5es 2022 - UVB Brasil\" \/>\n<meta property=\"og:description\" content=\"Entre janeiro e abril deste ano o pa\u00eds ganhou 2.042.817 novos eleitores entre 16 e 18 anos, um aumento de...\" \/>\n<meta property=\"og:url\" content=\"https:\/\/uvbbrasil.com.br\/tse-comemora-marca-historica-de-jovens-eleitores-nas-eleicoes-2022\/\" \/>\n<meta property=\"og:site_name\" content=\"UVB Brasil\" \/>\n<meta property=\"article:publisher\" content=\"https:\/\/www.facebook.com\/uvb.vereadoresbrasil\" \/>\n<meta property=\"article:published_time\" content=\"2022-05-09T12:09:24+00:00\" \/>\n<meta property=\"og:image\" content=\"https:\/\/uvbbrasil.com.br\/wp-content\/uploads\/2022\/05\/03596f0a-3135-4803-9f7b-93c86a71dd1e.jpeg\" \/>\n\t<meta property=\"og:image:width\" content=\"620\" \/>\n\t<meta property=\"og:image:height\" content=\"300\" \/>\n\t<meta property=\"og:image:type\" content=\"image\/jpeg\" \/>\n<meta name=\"author\" content=\"adminuvb\" \/>\n<meta name=\"twitter:card\" content=\"summary_large_image\" \/>\n<meta name=\"twitter:label1\" content=\"Escrito por\" \/>\n\t<meta name=\"twitter:data1\" content=\"adminuvb\" \/>\n\t<meta name=\"twitter:label2\" content=\"Est. tempo de leitura\" \/>\n\t<meta name=\"twitter:data2\" content=\"3 minutos\" \/>\n<script type=\"application\/ld+json\" class=\"yoast-schema-graph\">{\"@context\":\"https:\/\/schema.org\",\"@graph\":[{\"@type\":\"Article\",\"@id\":\"https:\/\/uvbbrasil.com.br\/tse-comemora-marca-historica-de-jovens-eleitores-nas-eleicoes-2022\/#article\",\"isPartOf\":{\"@id\":\"https:\/\/uvbbrasil.com.br\/tse-comemora-marca-historica-de-jovens-eleitores-nas-eleicoes-2022\/\"},\"author\":{\"name\":\"adminuvb\",\"@id\":\"https:\/\/uvbbrasil.com.br\/#\/schema\/person\/17990098446c098f52effddff4f1b272\"},\"headline\":\"TSE comemora marca hist\u00f3rica de jovens eleitores nas Elei\u00e7\u00f5es 2022\",\"datePublished\":\"2022-05-09T12:09:24+00:00\",\"mainEntityOfPage\":{\"@id\":\"https:\/\/uvbbrasil.com.br\/tse-comemora-marca-historica-de-jovens-eleitores-nas-eleicoes-2022\/\"},\"wordCount\":591,\"commentCount\":0,\"publisher\":{\"@id\":\"https:\/\/uvbbrasil.com.br\/#organization\"},\"image\":{\"@id\":\"https:\/\/uvbbrasil.com.br\/tse-comemora-marca-historica-de-jovens-eleitores-nas-eleicoes-2022\/#primaryimage\"},\"thumbnailUrl\":\"https:\/\/uvbbrasil.com.br\/wp-content\/uploads\/2022\/05\/03596f0a-3135-4803-9f7b-93c86a71dd1e.jpeg\",\"articleSection\":[\"NOT\u00cdCIAS\"],\"inLanguage\":\"pt-BR\",\"potentialAction\":[{\"@type\":\"CommentAction\",\"name\":\"Comment\",\"target\":[\"https:\/\/uvbbrasil.com.br\/tse-comemora-marca-historica-de-jovens-eleitores-nas-eleicoes-2022\/#respond\"]}]},{\"@type\":\"WebPage\",\"@id\":\"https:\/\/uvbbrasil.com.br\/tse-comemora-marca-historica-de-jovens-eleitores-nas-eleicoes-2022\/\",\"url\":\"https:\/\/uvbbrasil.com.br\/tse-comemora-marca-historica-de-jovens-eleitores-nas-eleicoes-2022\/\",\"name\":\"TSE comemora marca hist\u00f3rica de jovens eleitores nas Elei\u00e7\u00f5es 2022 - UVB Brasil\",\"isPartOf\":{\"@id\":\"https:\/\/uvbbrasil.com.br\/#website\"},\"primaryImageOfPage\":{\"@id\":\"https:\/\/uvbbrasil.com.br\/tse-comemora-marca-historica-de-jovens-eleitores-nas-eleicoes-2022\/#primaryimage\"},\"image\":{\"@id\":\"https:\/\/uvbbrasil.com.br\/tse-comemora-marca-historica-de-jovens-eleitores-nas-eleicoes-2022\/#primaryimage\"},\"thumbnailUrl\":\"https:\/\/uvbbrasil.com.br\/wp-content\/uploads\/2022\/05\/03596f0a-3135-4803-9f7b-93c86a71dd1e.jpeg\",\"datePublished\":\"2022-05-09T12:09:24+00:00\",\"breadcrumb\":{\"@id\":\"https:\/\/uvbbrasil.com.br\/tse-comemora-marca-historica-de-jovens-eleitores-nas-eleicoes-2022\/#breadcrumb\"},\"inLanguage\":\"pt-BR\",\"potentialAction\":[{\"@type\":\"ReadAction\",\"target\":[\"https:\/\/uvbbrasil.com.br\/tse-comemora-marca-historica-de-jovens-eleitores-nas-eleicoes-2022\/\"]}]},{\"@type\":\"ImageObject\",\"inLanguage\":\"pt-BR\",\"@id\":\"https:\/\/uvbbrasil.com.br\/tse-comemora-marca-historica-de-jovens-eleitores-nas-eleicoes-2022\/#primaryimage\",\"url\":\"https:\/\/uvbbrasil.com.br\/wp-content\/uploads\/2022\/05\/03596f0a-3135-4803-9f7b-93c86a71dd1e.jpeg\",\"contentUrl\":\"https:\/\/uvbbrasil.com.br\/wp-content\/uploads\/2022\/05\/03596f0a-3135-4803-9f7b-93c86a71dd1e.jpeg\",\"width\":620,\"height\":300},{\"@type\":\"BreadcrumbList\",\"@id\":\"https:\/\/uvbbrasil.com.br\/tse-comemora-marca-historica-de-jovens-eleitores-nas-eleicoes-2022\/#breadcrumb\",\"itemListElement\":[{\"@type\":\"ListItem\",\"position\":1,\"name\":\"In\u00edcio\",\"item\":\"https:\/\/uvbbrasil.com.br\/\"},{\"@type\":\"ListItem\",\"position\":2,\"name\":\"TSE comemora marca hist\u00f3rica de jovens eleitores nas Elei\u00e7\u00f5es 2022\"}]},{\"@type\":\"WebSite\",\"@id\":\"https:\/\/uvbbrasil.com.br\/#website\",\"url\":\"https:\/\/uvbbrasil.com.br\/\",\"name\":\"UVB Brasil\",\"description\":\"Uni\u00e3o dos Vereadores do Brasil\",\"publisher\":{\"@id\":\"https:\/\/uvbbrasil.com.br\/#organization\"},\"potentialAction\":[{\"@type\":\"SearchAction\",\"target\":{\"@type\":\"EntryPoint\",\"urlTemplate\":\"https:\/\/uvbbrasil.com.br\/?s={search_term_string}\"},\"query-input\":{\"@type\":\"PropertyValueSpecification\",\"valueRequired\":true,\"valueName\":\"search_term_string\"}}],\"inLanguage\":\"pt-BR\"},{\"@type\":\"Organization\",\"@id\":\"https:\/\/uvbbrasil.com.br\/#organization\",\"name\":\"UVB Brasil\",\"url\":\"https:\/\/uvbbrasil.com.br\/\",\"logo\":{\"@type\":\"ImageObject\",\"inLanguage\":\"pt-BR\",\"@id\":\"https:\/\/uvbbrasil.com.br\/#\/schema\/logo\/image\/\",\"url\":\"https:\/\/uvbbrasil.com.br\/wp-content\/uploads\/2025\/01\/LOGO-UVB-2024-azul-1.jpg\",\"contentUrl\":\"https:\/\/uvbbrasil.com.br\/wp-content\/uploads\/2025\/01\/LOGO-UVB-2024-azul-1.jpg\",\"width\":600,\"height\":211,\"caption\":\"UVB Brasil\"},\"image\":{\"@id\":\"https:\/\/uvbbrasil.com.br\/#\/schema\/logo\/image\/\"},\"sameAs\":[\"https:\/\/www.facebook.com\/uvb.vereadoresbrasil\",\"https:\/\/www.instagram.com\/uvbbrasil\/\",\"https:\/\/www.youtube.com\/channel\/UCIlPQ8Xzw5GHNzosQIg9S5A\"]},{\"@type\":\"Person\",\"@id\":\"https:\/\/uvbbrasil.com.br\/#\/schema\/person\/17990098446c098f52effddff4f1b272\",\"name\":\"adminuvb\",\"image\":{\"@type\":\"ImageObject\",\"inLanguage\":\"pt-BR\",\"@id\":\"https:\/\/uvbbrasil.com.br\/#\/schema\/person\/image\/\",\"url\":\"https:\/\/secure.gravatar.com\/avatar\/1a494ea6f8e2dd1ae526e55b0e9497efdba542491e0620d704cccf63c6f77c45?s=96&d=mm&r=g\",\"contentUrl\":\"https:\/\/secure.gravatar.com\/avatar\/1a494ea6f8e2dd1ae526e55b0e9497efdba542491e0620d704cccf63c6f77c45?s=96&d=mm&r=g\",\"caption\":\"adminuvb\"},\"sameAs\":[\"https:\/\/uvbbrasil.com.br\"],\"url\":\"https:\/\/uvbbrasil.com.br\/author\/adminuvb\/\"}]}<\/script>\n<!-- \/ Yoast SEO plugin. -->","yoast_head_json":{"title":"TSE comemora marca hist\u00f3rica de jovens eleitores nas Elei\u00e7\u00f5es 2022 - UVB Brasil","robots":{"index":"index","follow":"follow","max-snippet":"max-snippet:-1","max-image-preview":"max-image-preview:large","max-video-preview":"max-video-preview:-1"},"canonical":"https:\/\/uvbbrasil.com.br\/tse-comemora-marca-historica-de-jovens-eleitores-nas-eleicoes-2022\/","og_locale":"pt_BR","og_type":"article","og_title":"TSE comemora marca hist\u00f3rica de jovens eleitores nas Elei\u00e7\u00f5es 2022 - UVB Brasil","og_description":"Entre janeiro e abril deste ano o pa\u00eds ganhou 2.042.817 novos eleitores entre 16 e 18 anos, um aumento de...","og_url":"https:\/\/uvbbrasil.com.br\/tse-comemora-marca-historica-de-jovens-eleitores-nas-eleicoes-2022\/","og_site_name":"UVB Brasil","article_publisher":"https:\/\/www.facebook.com\/uvb.vereadoresbrasil","article_published_time":"2022-05-09T12:09:24+00:00","og_image":[{"width":620,"height":300,"url":"https:\/\/uvbbrasil.com.br\/wp-content\/uploads\/2022\/05\/03596f0a-3135-4803-9f7b-93c86a71dd1e.jpeg","type":"image\/jpeg"}],"author":"adminuvb","twitter_card":"summary_large_image","twitter_misc":{"Escrito por":"adminuvb","Est. tempo de leitura":"3 minutos"},"schema":{"@context":"https:\/\/schema.org","@graph":[{"@type":"Article","@id":"https:\/\/uvbbrasil.com.br\/tse-comemora-marca-historica-de-jovens-eleitores-nas-eleicoes-2022\/#article","isPartOf":{"@id":"https:\/\/uvbbrasil.com.br\/tse-comemora-marca-historica-de-jovens-eleitores-nas-eleicoes-2022\/"},"author":{"name":"adminuvb","@id":"https:\/\/uvbbrasil.com.br\/#\/schema\/person\/17990098446c098f52effddff4f1b272"},"headline":"TSE comemora marca hist\u00f3rica de jovens eleitores nas Elei\u00e7\u00f5es 2022","datePublished":"2022-05-09T12:09:24+00:00","mainEntityOfPage":{"@id":"https:\/\/uvbbrasil.com.br\/tse-comemora-marca-historica-de-jovens-eleitores-nas-eleicoes-2022\/"},"wordCount":591,"commentCount":0,"publisher":{"@id":"https:\/\/uvbbrasil.com.br\/#organization"},"image":{"@id":"https:\/\/uvbbrasil.com.br\/tse-comemora-marca-historica-de-jovens-eleitores-nas-eleicoes-2022\/#primaryimage"},"thumbnailUrl":"https:\/\/uvbbrasil.com.br\/wp-content\/uploads\/2022\/05\/03596f0a-3135-4803-9f7b-93c86a71dd1e.jpeg","articleSection":["NOT\u00cdCIAS"],"inLanguage":"pt-BR","potentialAction":[{"@type":"CommentAction","name":"Comment","target":["https:\/\/uvbbrasil.com.br\/tse-comemora-marca-historica-de-jovens-eleitores-nas-eleicoes-2022\/#respond"]}]},{"@type":"WebPage","@id":"https:\/\/uvbbrasil.com.br\/tse-comemora-marca-historica-de-jovens-eleitores-nas-eleicoes-2022\/","url":"https:\/\/uvbbrasil.com.br\/tse-comemora-marca-historica-de-jovens-eleitores-nas-eleicoes-2022\/","name":"TSE comemora marca hist\u00f3rica de jovens eleitores nas Elei\u00e7\u00f5es 2022 - UVB Brasil","isPartOf":{"@id":"https:\/\/uvbbrasil.com.br\/#website"},"primaryImageOfPage":{"@id":"https:\/\/uvbbrasil.com.br\/tse-comemora-marca-historica-de-jovens-eleitores-nas-eleicoes-2022\/#primaryimage"},"image":{"@id":"https:\/\/uvbbrasil.com.br\/tse-comemora-marca-historica-de-jovens-eleitores-nas-eleicoes-2022\/#primaryimage"},"thumbnailUrl":"https:\/\/uvbbrasil.com.br\/wp-content\/uploads\/2022\/05\/03596f0a-3135-4803-9f7b-93c86a71dd1e.jpeg","datePublished":"2022-05-09T12:09:24+00:00","breadcrumb":{"@id":"https:\/\/uvbbrasil.com.br\/tse-comemora-marca-historica-de-jovens-eleitores-nas-eleicoes-2022\/#breadcrumb"},"inLanguage":"pt-BR","potentialAction":[{"@type":"ReadAction","target":["https:\/\/uvbbrasil.com.br\/tse-comemora-marca-historica-de-jovens-eleitores-nas-eleicoes-2022\/"]}]},{"@type":"ImageObject","inLanguage":"pt-BR","@id":"https:\/\/uvbbrasil.com.br\/tse-comemora-marca-historica-de-jovens-eleitores-nas-eleicoes-2022\/#primaryimage","url":"https:\/\/uvbbrasil.com.br\/wp-content\/uploads\/2022\/05\/03596f0a-3135-4803-9f7b-93c86a71dd1e.jpeg","contentUrl":"https:\/\/uvbbrasil.com.br\/wp-content\/uploads\/2022\/05\/03596f0a-3135-4803-9f7b-93c86a71dd1e.jpeg","width":620,"height":300},{"@type":"BreadcrumbList","@id":"https:\/\/uvbbrasil.com.br\/tse-comemora-marca-historica-de-jovens-eleitores-nas-eleicoes-2022\/#breadcrumb","itemListElement":[{"@type":"ListItem","position":1,"name":"In\u00edcio","item":"https:\/\/uvbbrasil.com.br\/"},{"@type":"ListItem","position":2,"name":"TSE comemora marca hist\u00f3rica de jovens eleitores nas Elei\u00e7\u00f5es 2022"}]},{"@type":"WebSite","@id":"https:\/\/uvbbrasil.com.br\/#website","url":"https:\/\/uvbbrasil.com.br\/","name":"UVB Brasil","description":"Uni\u00e3o dos Vereadores do Brasil","publisher":{"@id":"https:\/\/uvbbrasil.com.br\/#organization"},"potentialAction":[{"@type":"SearchAction","target":{"@type":"EntryPoint","urlTemplate":"https:\/\/uvbbrasil.com.br\/?s={search_term_string}"},"query-input":{"@type":"PropertyValueSpecification","valueRequired":true,"valueName":"search_term_string"}}],"inLanguage":"pt-BR"},{"@type":"Organization","@id":"https:\/\/uvbbrasil.com.br\/#organization","name":"UVB Brasil","url":"https:\/\/uvbbrasil.com.br\/","logo":{"@type":"ImageObject","inLanguage":"pt-BR","@id":"https:\/\/uvbbrasil.com.br\/#\/schema\/logo\/image\/","url":"https:\/\/uvbbrasil.com.br\/wp-content\/uploads\/2025\/01\/LOGO-UVB-2024-azul-1.jpg","contentUrl":"https:\/\/uvbbrasil.com.br\/wp-content\/uploads\/2025\/01\/LOGO-UVB-2024-azul-1.jpg","width":600,"height":211,"caption":"UVB Brasil"},"image":{"@id":"https:\/\/uvbbrasil.com.br\/#\/schema\/logo\/image\/"},"sameAs":["https:\/\/www.facebook.com\/uvb.vereadoresbrasil","https:\/\/www.instagram.com\/uvbbrasil\/","https:\/\/www.youtube.com\/channel\/UCIlPQ8Xzw5GHNzosQIg9S5A"]},{"@type":"Person","@id":"https:\/\/uvbbrasil.com.br\/#\/schema\/person\/17990098446c098f52effddff4f1b272","name":"adminuvb","image":{"@type":"ImageObject","inLanguage":"pt-BR","@id":"https:\/\/uvbbrasil.com.br\/#\/schema\/person\/image\/","url":"https:\/\/secure.gravatar.com\/avatar\/1a494ea6f8e2dd1ae526e55b0e9497efdba542491e0620d704cccf63c6f77c45?s=96&d=mm&r=g","contentUrl":"https:\/\/secure.gravatar.com\/avatar\/1a494ea6f8e2dd1ae526e55b0e9497efdba542491e0620d704cccf63c6f77c45?s=96&d=mm&r=g","caption":"adminuvb"},"sameAs":["https:\/\/uvbbrasil.com.br"],"url":"https:\/\/uvbbrasil.com.br\/author\/adminuvb\/"}]}},"_links":{"self":[{"href":"https:\/\/uvbbrasil.com.br\/uvb-json\/wp\/v2\/posts\/25913","targetHints":{"allow":["GET"]}}],"collection":[{"href":"https:\/\/uvbbrasil.com.br\/uvb-json\/wp\/v2\/posts"}],"about":[{"href":"https:\/\/uvbbrasil.com.br\/uvb-json\/wp\/v2\/types\/post"}],"author":[{"embeddable":true,"href":"https:\/\/uvbbrasil.com.br\/uvb-json\/wp\/v2\/users\/1"}],"replies":[{"embeddable":true,"href":"https:\/\/uvbbrasil.com.br\/uvb-json\/wp\/v2\/comments?post=25913"}],"version-history":[{"count":0,"href":"https:\/\/uvbbrasil.com.br\/uvb-json\/wp\/v2\/posts\/25913\/revisions"}],"wp:featuredmedia":[{"embeddable":true,"href":"https:\/\/uvbbrasil.com.br\/uvb-json\/wp\/v2\/media\/25914"}],"wp:attachment":[{"href":"https:\/\/uvbbrasil.com.br\/uvb-json\/wp\/v2\/media?parent=25913"}],"wp:term":[{"taxonomy":"category","embeddable":true,"href":"https:\/\/uvbbrasil.com.br\/uvb-json\/wp\/v2\/categories?post=25913"},{"taxonomy":"post_tag","embeddable":true,"href":"https:\/\/uvbbrasil.com.br\/uvb-json\/wp\/v2\/tags?post=25913"}],"curies":[{"name":"wp","href":"https:\/\/api.w.org\/{rel}","templated":true}]}}