{"id":25874,"date":"2022-05-04T11:21:31","date_gmt":"2022-05-04T14:21:31","guid":{"rendered":"https:\/\/wpsandbox4.pante.com.br\/?p=25874"},"modified":"2022-05-04T11:21:31","modified_gmt":"2022-05-04T14:21:31","slug":"ucvms-defini-programacao-do-seminario-em-corumba-ms","status":"publish","type":"post","link":"https:\/\/uvbbrasil.com.br\/ucvms-defini-programacao-do-seminario-em-corumba-ms\/","title":{"rendered":"UCVMS defini programa\u00e7\u00e3o do semin\u00e1rio em Corumb\u00e1\/MS"},"content":{"rendered":"<p style=\"font-weight: 400;\">Os pr\u00f3ximos dias 25, 26 e 27 de maio, Corumb\u00e1\/MS, abre os bra\u00e7os para acolher os participantes do semin\u00e1rio promovido pela Uni\u00e3o das C\u00e2maras de Vereadores do Mato Grosso do Sul (UCVMS) em parceria com a Uni\u00e3o dos Vereadores do Brasil (UVB).<\/p>\n<p style=\"font-weight: 400;\">O evento coincidir\u00e1 com o maior festival de arte e m\u00fasica das Am\u00e9ricas: o Festival Am\u00e9rica do Sul. Durante tr\u00eas dias a edilidade do estado estar\u00e1 reunida para absorver conhecimento junto aos palestrantes do semin\u00e1rio.<\/p>\n<p style=\"font-weight: 400;\">A diretoria da UCVMS, desenvolveu uma programa\u00e7\u00e3o de alto n\u00edvel, com palestrantes renomados, incluindo o presidente da Uni\u00e3o dos Vereadores do Brasil, Gilson Conzatti, que abordar\u00e3o temas importantes aos mandatos dos atuais vereadores.<\/p>\n<p style=\"font-weight: 400;\">Por conta do Festival Am\u00e9rica do Sul, o presidente da UCVMS, vereador Jeovani Vieira (PSDB), pede aos colegas que procurem reservar suas vagas nos hot\u00e9is e que a quarta-feira ser\u00e1 livre para quem quiser ir at\u00e9 a fronteira com a Bol\u00edvia.<\/p>\n<p style=\"font-weight: 400;\"><strong>O evento<\/strong><\/p>\n<p style=\"font-weight: 400;\">O semin\u00e1rio da UCVMS \u00e9 destinado a prefeitos, vereadores, controladores internos, secret\u00e1rios, diretores, servidores efetivos ou comissionados, assessores parlamentares, assessores de bancada, assessores jur\u00eddicos, sindicatos e associa\u00e7\u00f5es, a diretoria definiu a seguinte programa\u00e7\u00e3o.<\/p>\n<p>&nbsp;<\/p>\n<p style=\"font-weight: 400;\"><strong>Programa\u00e7\u00e3o<\/strong><\/p>\n<p style=\"font-weight: 400;\"><strong>Quarta-feira- 25\/05<\/strong><\/p>\n<p style=\"font-weight: 400;\">Das 13 \u00e0s 17 horas- <strong>inscri\u00e7\u00f5es na C\u00e2mara Municipal de Corumb\u00e1<\/strong><\/p>\n<p>&nbsp;<\/p>\n<p style=\"font-weight: 400;\"><strong>Quinta-feira-26\/05<\/strong><\/p>\n<p style=\"font-weight: 400;\"><strong>Das 09h a 12h-<\/strong> palestra com Gilson Conzatti, com o tema \u201cC\u00e2mara protagonista \u2013 O papel do Legislativo que busca o desenvolvimento de sua cidade\u201d<\/p>\n<p style=\"font-weight: 400;\"><strong>Das 14h \u00e0s 17h<\/strong>&#8211; palestra com Derley Cunha Fialho, que abordar\u00e1 o tema \u201cDesenvolvimento regional\u201d<\/p>\n<p>&nbsp;<\/p>\n<p style=\"font-weight: 400;\"><strong>Sexta-feira- 27\/05<\/strong><\/p>\n<p style=\"font-weight: 400;\"><strong>Das 09h a 12h-\u00a0<\/strong> Humberto Torres tratar\u00e1 do tema \u201cA import\u00e2ncia do turismo no seu munic\u00edpio\u201d.<\/p>\n<p>&nbsp;<\/p>\n<p><img fetchpriority=\"high\" decoding=\"async\" class=\"alignnone size-medium wp-image-25875\" src=\"https:\/\/uvbbrasil.com.br\/wp-content\/uploads\/2022\/05\/corumba-300x193.jpg\" alt=\"\" width=\"300\" height=\"193\" srcset=\"https:\/\/uvbbrasil.com.br\/wp-content\/uploads\/2022\/05\/corumba-300x193.jpg 300w, https:\/\/uvbbrasil.com.br\/wp-content\/uploads\/2022\/05\/corumba.jpg 600w\" sizes=\"(max-width: 300px) 100vw, 300px\" \/><\/p>\n","protected":false},"excerpt":{"rendered":"<p>Os pr\u00f3ximos dias 25, 26 e 27 de maio, Corumb\u00e1\/MS, abre os bra\u00e7os para acolher os participantes do semin\u00e1rio promovido&#8230;<\/p>\n","protected":false},"author":1,"featured_media":25875,"comment_status":"open","ping_status":"open","sticky":false,"template":"","format":"standard","meta":{"footnotes":""},"categories":[3],"tags":[],"class_list":["post-25874","post","type-post","status-publish","format-standard","has-post-thumbnail","hentry","category-noticias"],"yoast_head":"<!-- This site is optimized with the Yoast SEO plugin v26.7 - https:\/\/yoast.com\/wordpress\/plugins\/seo\/ -->\n<title>UCVMS defini programa\u00e7\u00e3o do semin\u00e1rio em Corumb\u00e1\/MS - UVB Brasil<\/title>\n<meta name=\"robots\" content=\"index, follow, max-snippet:-1, max-image-preview:large, max-video-preview:-1\" \/>\n<link rel=\"canonical\" href=\"https:\/\/uvbbrasil.com.br\/ucvms-defini-programacao-do-seminario-em-corumba-ms\/\" \/>\n<meta property=\"og:locale\" content=\"pt_BR\" \/>\n<meta property=\"og:type\" content=\"article\" \/>\n<meta property=\"og:title\" content=\"UCVMS defini programa\u00e7\u00e3o do semin\u00e1rio em Corumb\u00e1\/MS - UVB Brasil\" \/>\n<meta property=\"og:description\" content=\"Os pr\u00f3ximos dias 25, 26 e 27 de maio, Corumb\u00e1\/MS, abre os bra\u00e7os para acolher os participantes do semin\u00e1rio promovido...\" \/>\n<meta property=\"og:url\" content=\"https:\/\/uvbbrasil.com.br\/ucvms-defini-programacao-do-seminario-em-corumba-ms\/\" \/>\n<meta property=\"og:site_name\" content=\"UVB Brasil\" \/>\n<meta property=\"article:publisher\" content=\"https:\/\/www.facebook.com\/uvb.vereadoresbrasil\" \/>\n<meta property=\"article:published_time\" content=\"2022-05-04T14:21:31+00:00\" \/>\n<meta property=\"og:image\" content=\"https:\/\/uvbbrasil.com.br\/wp-content\/uploads\/2022\/05\/corumba.jpg\" \/>\n\t<meta property=\"og:image:width\" content=\"600\" \/>\n\t<meta property=\"og:image:height\" content=\"385\" \/>\n\t<meta property=\"og:image:type\" content=\"image\/jpeg\" \/>\n<meta name=\"author\" content=\"adminuvb\" \/>\n<meta name=\"twitter:card\" content=\"summary_large_image\" \/>\n<meta name=\"twitter:label1\" content=\"Escrito por\" \/>\n\t<meta name=\"twitter:data1\" content=\"adminuvb\" \/>\n\t<meta name=\"twitter:label2\" content=\"Est. tempo de leitura\" \/>\n\t<meta name=\"twitter:data2\" content=\"2 minutos\" \/>\n<script type=\"application\/ld+json\" class=\"yoast-schema-graph\">{\"@context\":\"https:\/\/schema.org\",\"@graph\":[{\"@type\":\"Article\",\"@id\":\"https:\/\/uvbbrasil.com.br\/ucvms-defini-programacao-do-seminario-em-corumba-ms\/#article\",\"isPartOf\":{\"@id\":\"https:\/\/uvbbrasil.com.br\/ucvms-defini-programacao-do-seminario-em-corumba-ms\/\"},\"author\":{\"name\":\"adminuvb\",\"@id\":\"https:\/\/uvbbrasil.com.br\/#\/schema\/person\/17990098446c098f52effddff4f1b272\"},\"headline\":\"UCVMS defini programa\u00e7\u00e3o do semin\u00e1rio em Corumb\u00e1\/MS\",\"datePublished\":\"2022-05-04T14:21:31+00:00\",\"mainEntityOfPage\":{\"@id\":\"https:\/\/uvbbrasil.com.br\/ucvms-defini-programacao-do-seminario-em-corumba-ms\/\"},\"wordCount\":294,\"commentCount\":0,\"publisher\":{\"@id\":\"https:\/\/uvbbrasil.com.br\/#organization\"},\"image\":{\"@id\":\"https:\/\/uvbbrasil.com.br\/ucvms-defini-programacao-do-seminario-em-corumba-ms\/#primaryimage\"},\"thumbnailUrl\":\"https:\/\/uvbbrasil.com.br\/wp-content\/uploads\/2022\/05\/corumba.jpg\",\"articleSection\":[\"NOT\u00cdCIAS\"],\"inLanguage\":\"pt-BR\",\"potentialAction\":[{\"@type\":\"CommentAction\",\"name\":\"Comment\",\"target\":[\"https:\/\/uvbbrasil.com.br\/ucvms-defini-programacao-do-seminario-em-corumba-ms\/#respond\"]}]},{\"@type\":\"WebPage\",\"@id\":\"https:\/\/uvbbrasil.com.br\/ucvms-defini-programacao-do-seminario-em-corumba-ms\/\",\"url\":\"https:\/\/uvbbrasil.com.br\/ucvms-defini-programacao-do-seminario-em-corumba-ms\/\",\"name\":\"UCVMS defini programa\u00e7\u00e3o do semin\u00e1rio em Corumb\u00e1\/MS - UVB Brasil\",\"isPartOf\":{\"@id\":\"https:\/\/uvbbrasil.com.br\/#website\"},\"primaryImageOfPage\":{\"@id\":\"https:\/\/uvbbrasil.com.br\/ucvms-defini-programacao-do-seminario-em-corumba-ms\/#primaryimage\"},\"image\":{\"@id\":\"https:\/\/uvbbrasil.com.br\/ucvms-defini-programacao-do-seminario-em-corumba-ms\/#primaryimage\"},\"thumbnailUrl\":\"https:\/\/uvbbrasil.com.br\/wp-content\/uploads\/2022\/05\/corumba.jpg\",\"datePublished\":\"2022-05-04T14:21:31+00:00\",\"breadcrumb\":{\"@id\":\"https:\/\/uvbbrasil.com.br\/ucvms-defini-programacao-do-seminario-em-corumba-ms\/#breadcrumb\"},\"inLanguage\":\"pt-BR\",\"potentialAction\":[{\"@type\":\"ReadAction\",\"target\":[\"https:\/\/uvbbrasil.com.br\/ucvms-defini-programacao-do-seminario-em-corumba-ms\/\"]}]},{\"@type\":\"ImageObject\",\"inLanguage\":\"pt-BR\",\"@id\":\"https:\/\/uvbbrasil.com.br\/ucvms-defini-programacao-do-seminario-em-corumba-ms\/#primaryimage\",\"url\":\"https:\/\/uvbbrasil.com.br\/wp-content\/uploads\/2022\/05\/corumba.jpg\",\"contentUrl\":\"https:\/\/uvbbrasil.com.br\/wp-content\/uploads\/2022\/05\/corumba.jpg\",\"width\":600,\"height\":385},{\"@type\":\"BreadcrumbList\",\"@id\":\"https:\/\/uvbbrasil.com.br\/ucvms-defini-programacao-do-seminario-em-corumba-ms\/#breadcrumb\",\"itemListElement\":[{\"@type\":\"ListItem\",\"position\":1,\"name\":\"In\u00edcio\",\"item\":\"https:\/\/uvbbrasil.com.br\/\"},{\"@type\":\"ListItem\",\"position\":2,\"name\":\"UCVMS defini programa\u00e7\u00e3o do semin\u00e1rio em Corumb\u00e1\/MS\"}]},{\"@type\":\"WebSite\",\"@id\":\"https:\/\/uvbbrasil.com.br\/#website\",\"url\":\"https:\/\/uvbbrasil.com.br\/\",\"name\":\"UVB Brasil\",\"description\":\"Uni\u00e3o dos Vereadores do Brasil\",\"publisher\":{\"@id\":\"https:\/\/uvbbrasil.com.br\/#organization\"},\"potentialAction\":[{\"@type\":\"SearchAction\",\"target\":{\"@type\":\"EntryPoint\",\"urlTemplate\":\"https:\/\/uvbbrasil.com.br\/?s={search_term_string}\"},\"query-input\":{\"@type\":\"PropertyValueSpecification\",\"valueRequired\":true,\"valueName\":\"search_term_string\"}}],\"inLanguage\":\"pt-BR\"},{\"@type\":\"Organization\",\"@id\":\"https:\/\/uvbbrasil.com.br\/#organization\",\"name\":\"UVB Brasil\",\"url\":\"https:\/\/uvbbrasil.com.br\/\",\"logo\":{\"@type\":\"ImageObject\",\"inLanguage\":\"pt-BR\",\"@id\":\"https:\/\/uvbbrasil.com.br\/#\/schema\/logo\/image\/\",\"url\":\"https:\/\/uvbbrasil.com.br\/wp-content\/uploads\/2025\/01\/LOGO-UVB-2024-azul-1.jpg\",\"contentUrl\":\"https:\/\/uvbbrasil.com.br\/wp-content\/uploads\/2025\/01\/LOGO-UVB-2024-azul-1.jpg\",\"width\":600,\"height\":211,\"caption\":\"UVB Brasil\"},\"image\":{\"@id\":\"https:\/\/uvbbrasil.com.br\/#\/schema\/logo\/image\/\"},\"sameAs\":[\"https:\/\/www.facebook.com\/uvb.vereadoresbrasil\",\"https:\/\/www.instagram.com\/uvbbrasil\/\",\"https:\/\/www.youtube.com\/channel\/UCIlPQ8Xzw5GHNzosQIg9S5A\"]},{\"@type\":\"Person\",\"@id\":\"https:\/\/uvbbrasil.com.br\/#\/schema\/person\/17990098446c098f52effddff4f1b272\",\"name\":\"adminuvb\",\"image\":{\"@type\":\"ImageObject\",\"inLanguage\":\"pt-BR\",\"@id\":\"https:\/\/uvbbrasil.com.br\/#\/schema\/person\/image\/\",\"url\":\"https:\/\/secure.gravatar.com\/avatar\/1a494ea6f8e2dd1ae526e55b0e9497efdba542491e0620d704cccf63c6f77c45?s=96&d=mm&r=g\",\"contentUrl\":\"https:\/\/secure.gravatar.com\/avatar\/1a494ea6f8e2dd1ae526e55b0e9497efdba542491e0620d704cccf63c6f77c45?s=96&d=mm&r=g\",\"caption\":\"adminuvb\"},\"sameAs\":[\"https:\/\/uvbbrasil.com.br\"],\"url\":\"https:\/\/uvbbrasil.com.br\/author\/adminuvb\/\"}]}<\/script>\n<!-- \/ Yoast SEO plugin. -->","yoast_head_json":{"title":"UCVMS defini programa\u00e7\u00e3o do semin\u00e1rio em Corumb\u00e1\/MS - UVB Brasil","robots":{"index":"index","follow":"follow","max-snippet":"max-snippet:-1","max-image-preview":"max-image-preview:large","max-video-preview":"max-video-preview:-1"},"canonical":"https:\/\/uvbbrasil.com.br\/ucvms-defini-programacao-do-seminario-em-corumba-ms\/","og_locale":"pt_BR","og_type":"article","og_title":"UCVMS defini programa\u00e7\u00e3o do semin\u00e1rio em Corumb\u00e1\/MS - UVB Brasil","og_description":"Os pr\u00f3ximos dias 25, 26 e 27 de maio, Corumb\u00e1\/MS, abre os bra\u00e7os para acolher os participantes do semin\u00e1rio promovido...","og_url":"https:\/\/uvbbrasil.com.br\/ucvms-defini-programacao-do-seminario-em-corumba-ms\/","og_site_name":"UVB Brasil","article_publisher":"https:\/\/www.facebook.com\/uvb.vereadoresbrasil","article_published_time":"2022-05-04T14:21:31+00:00","og_image":[{"width":600,"height":385,"url":"https:\/\/uvbbrasil.com.br\/wp-content\/uploads\/2022\/05\/corumba.jpg","type":"image\/jpeg"}],"author":"adminuvb","twitter_card":"summary_large_image","twitter_misc":{"Escrito por":"adminuvb","Est. tempo de leitura":"2 minutos"},"schema":{"@context":"https:\/\/schema.org","@graph":[{"@type":"Article","@id":"https:\/\/uvbbrasil.com.br\/ucvms-defini-programacao-do-seminario-em-corumba-ms\/#article","isPartOf":{"@id":"https:\/\/uvbbrasil.com.br\/ucvms-defini-programacao-do-seminario-em-corumba-ms\/"},"author":{"name":"adminuvb","@id":"https:\/\/uvbbrasil.com.br\/#\/schema\/person\/17990098446c098f52effddff4f1b272"},"headline":"UCVMS defini programa\u00e7\u00e3o do semin\u00e1rio em Corumb\u00e1\/MS","datePublished":"2022-05-04T14:21:31+00:00","mainEntityOfPage":{"@id":"https:\/\/uvbbrasil.com.br\/ucvms-defini-programacao-do-seminario-em-corumba-ms\/"},"wordCount":294,"commentCount":0,"publisher":{"@id":"https:\/\/uvbbrasil.com.br\/#organization"},"image":{"@id":"https:\/\/uvbbrasil.com.br\/ucvms-defini-programacao-do-seminario-em-corumba-ms\/#primaryimage"},"thumbnailUrl":"https:\/\/uvbbrasil.com.br\/wp-content\/uploads\/2022\/05\/corumba.jpg","articleSection":["NOT\u00cdCIAS"],"inLanguage":"pt-BR","potentialAction":[{"@type":"CommentAction","name":"Comment","target":["https:\/\/uvbbrasil.com.br\/ucvms-defini-programacao-do-seminario-em-corumba-ms\/#respond"]}]},{"@type":"WebPage","@id":"https:\/\/uvbbrasil.com.br\/ucvms-defini-programacao-do-seminario-em-corumba-ms\/","url":"https:\/\/uvbbrasil.com.br\/ucvms-defini-programacao-do-seminario-em-corumba-ms\/","name":"UCVMS defini programa\u00e7\u00e3o do semin\u00e1rio em Corumb\u00e1\/MS - UVB Brasil","isPartOf":{"@id":"https:\/\/uvbbrasil.com.br\/#website"},"primaryImageOfPage":{"@id":"https:\/\/uvbbrasil.com.br\/ucvms-defini-programacao-do-seminario-em-corumba-ms\/#primaryimage"},"image":{"@id":"https:\/\/uvbbrasil.com.br\/ucvms-defini-programacao-do-seminario-em-corumba-ms\/#primaryimage"},"thumbnailUrl":"https:\/\/uvbbrasil.com.br\/wp-content\/uploads\/2022\/05\/corumba.jpg","datePublished":"2022-05-04T14:21:31+00:00","breadcrumb":{"@id":"https:\/\/uvbbrasil.com.br\/ucvms-defini-programacao-do-seminario-em-corumba-ms\/#breadcrumb"},"inLanguage":"pt-BR","potentialAction":[{"@type":"ReadAction","target":["https:\/\/uvbbrasil.com.br\/ucvms-defini-programacao-do-seminario-em-corumba-ms\/"]}]},{"@type":"ImageObject","inLanguage":"pt-BR","@id":"https:\/\/uvbbrasil.com.br\/ucvms-defini-programacao-do-seminario-em-corumba-ms\/#primaryimage","url":"https:\/\/uvbbrasil.com.br\/wp-content\/uploads\/2022\/05\/corumba.jpg","contentUrl":"https:\/\/uvbbrasil.com.br\/wp-content\/uploads\/2022\/05\/corumba.jpg","width":600,"height":385},{"@type":"BreadcrumbList","@id":"https:\/\/uvbbrasil.com.br\/ucvms-defini-programacao-do-seminario-em-corumba-ms\/#breadcrumb","itemListElement":[{"@type":"ListItem","position":1,"name":"In\u00edcio","item":"https:\/\/uvbbrasil.com.br\/"},{"@type":"ListItem","position":2,"name":"UCVMS defini programa\u00e7\u00e3o do semin\u00e1rio em Corumb\u00e1\/MS"}]},{"@type":"WebSite","@id":"https:\/\/uvbbrasil.com.br\/#website","url":"https:\/\/uvbbrasil.com.br\/","name":"UVB Brasil","description":"Uni\u00e3o dos Vereadores do Brasil","publisher":{"@id":"https:\/\/uvbbrasil.com.br\/#organization"},"potentialAction":[{"@type":"SearchAction","target":{"@type":"EntryPoint","urlTemplate":"https:\/\/uvbbrasil.com.br\/?s={search_term_string}"},"query-input":{"@type":"PropertyValueSpecification","valueRequired":true,"valueName":"search_term_string"}}],"inLanguage":"pt-BR"},{"@type":"Organization","@id":"https:\/\/uvbbrasil.com.br\/#organization","name":"UVB Brasil","url":"https:\/\/uvbbrasil.com.br\/","logo":{"@type":"ImageObject","inLanguage":"pt-BR","@id":"https:\/\/uvbbrasil.com.br\/#\/schema\/logo\/image\/","url":"https:\/\/uvbbrasil.com.br\/wp-content\/uploads\/2025\/01\/LOGO-UVB-2024-azul-1.jpg","contentUrl":"https:\/\/uvbbrasil.com.br\/wp-content\/uploads\/2025\/01\/LOGO-UVB-2024-azul-1.jpg","width":600,"height":211,"caption":"UVB Brasil"},"image":{"@id":"https:\/\/uvbbrasil.com.br\/#\/schema\/logo\/image\/"},"sameAs":["https:\/\/www.facebook.com\/uvb.vereadoresbrasil","https:\/\/www.instagram.com\/uvbbrasil\/","https:\/\/www.youtube.com\/channel\/UCIlPQ8Xzw5GHNzosQIg9S5A"]},{"@type":"Person","@id":"https:\/\/uvbbrasil.com.br\/#\/schema\/person\/17990098446c098f52effddff4f1b272","name":"adminuvb","image":{"@type":"ImageObject","inLanguage":"pt-BR","@id":"https:\/\/uvbbrasil.com.br\/#\/schema\/person\/image\/","url":"https:\/\/secure.gravatar.com\/avatar\/1a494ea6f8e2dd1ae526e55b0e9497efdba542491e0620d704cccf63c6f77c45?s=96&d=mm&r=g","contentUrl":"https:\/\/secure.gravatar.com\/avatar\/1a494ea6f8e2dd1ae526e55b0e9497efdba542491e0620d704cccf63c6f77c45?s=96&d=mm&r=g","caption":"adminuvb"},"sameAs":["https:\/\/uvbbrasil.com.br"],"url":"https:\/\/uvbbrasil.com.br\/author\/adminuvb\/"}]}},"_links":{"self":[{"href":"https:\/\/uvbbrasil.com.br\/uvb-json\/wp\/v2\/posts\/25874","targetHints":{"allow":["GET"]}}],"collection":[{"href":"https:\/\/uvbbrasil.com.br\/uvb-json\/wp\/v2\/posts"}],"about":[{"href":"https:\/\/uvbbrasil.com.br\/uvb-json\/wp\/v2\/types\/post"}],"author":[{"embeddable":true,"href":"https:\/\/uvbbrasil.com.br\/uvb-json\/wp\/v2\/users\/1"}],"replies":[{"embeddable":true,"href":"https:\/\/uvbbrasil.com.br\/uvb-json\/wp\/v2\/comments?post=25874"}],"version-history":[{"count":0,"href":"https:\/\/uvbbrasil.com.br\/uvb-json\/wp\/v2\/posts\/25874\/revisions"}],"wp:featuredmedia":[{"embeddable":true,"href":"https:\/\/uvbbrasil.com.br\/uvb-json\/wp\/v2\/media\/25875"}],"wp:attachment":[{"href":"https:\/\/uvbbrasil.com.br\/uvb-json\/wp\/v2\/media?parent=25874"}],"wp:term":[{"taxonomy":"category","embeddable":true,"href":"https:\/\/uvbbrasil.com.br\/uvb-json\/wp\/v2\/categories?post=25874"},{"taxonomy":"post_tag","embeddable":true,"href":"https:\/\/uvbbrasil.com.br\/uvb-json\/wp\/v2\/tags?post=25874"}],"curies":[{"name":"wp","href":"https:\/\/api.w.org\/{rel}","templated":true}]}}