{"id":25856,"date":"2022-05-04T07:07:45","date_gmt":"2022-05-04T10:07:45","guid":{"rendered":"https:\/\/wpsandbox4.pante.com.br\/?p=25856"},"modified":"2022-05-04T07:07:45","modified_gmt":"2022-05-04T10:07:45","slug":"presidente-jair-bolsonaro-participa-da-xxi-marcha-dos-legislativos-municipais","status":"publish","type":"post","link":"https:\/\/uvbbrasil.com.br\/presidente-jair-bolsonaro-participa-da-xxi-marcha-dos-legislativos-municipais\/","title":{"rendered":"Presidente Jair Bolsonaro participa da XXI Marcha dos Legislativos Municipais"},"content":{"rendered":"<p>O Presidente da Rep\u00fablica, Jair Bolsonaro, participou, na tarde da quinta-feira (28\/04) da \u201cXXI Marcha dos Legislativos Municipais\u201d, que ocorreu\u00a0 em Bras\u00edlia. Com o tema \u201cO Brasil do Futuro passa pela Lideran\u00e7a e o protagonismo do Legislativo Municipal\u201d, o evento re\u00fane 3.500 vereadores de todos os estados.<\/p>\n<p>Em seu discurso, o Presidente Jair Bolsonaro destacou que o evento re\u00fane a base da pol\u00edtica nacional, que sabe o que o povo precisa. Ele lembrou, ainda, que come\u00e7ou a vida p\u00fablica como vereador do munic\u00edpio do Rio de Janeiro.<\/p>\n<p>Segundo o presidente da Uni\u00e3o dos Vereadores do Brasil (UVB), Gilson Conzatti, foi a primeira vez que um Presidente da Rep\u00fablica participou do evento. A Uni\u00e3o dos Vereadores do Brasil foi criada h\u00e1 57 anos.<\/p>\n<p>A XXI edi\u00e7\u00e3o da Marcha dos Legislativos Municipais come\u00e7ou na ter\u00e7a-feira (26\/04) e encerrou na sexta-feira (29\/04).<\/p>\n<p>Capacita\u00e7\u00e3o<br \/>\nA Secretaria de Governo da Presid\u00eancia da Rep\u00fablica est\u00e1 disponibilizando \u00e0s C\u00e2maras Municipais a plataforma Escola Federativa, que re\u00fane cursos gratuitos de aprimoramento e capacita\u00e7\u00e3o destinados a servidores p\u00fablicos e vereadores dos munic\u00edpios brasileiros. A plataforma, que vai auxiliar no planejamento e implementa\u00e7\u00e3o de pol\u00edticas p\u00fablicas, foi divulgada durante o evento.<\/p>\n<p>Confira a plataforma Escola Federativa aqui.<\/p>\n<p>Este foi o segundo evento envolvendo gestores municipais que o Presidente Jair Bolsonaro participou nesta semana. Na ter\u00e7a-feira ele esteve na 23\u00aa Marcha a Bras\u00edlia em Defesa dos Munic\u00edpios. A Marcha dos Legislativos promovida pela Uni\u00e3o dos Vereadores do Brasil\/UVB,\u00a0 ocorre anualmente e re\u00fane\u00a0 vereadores, vereadoras, prefeitos, vice-prefeitos, secret\u00e1rios para debaterem as pol\u00edticas p\u00fablicas que impactam a vida da popula\u00e7\u00e3o.<\/p>\n<p><img fetchpriority=\"high\" decoding=\"async\" class=\"alignnone size-medium wp-image-25858\" src=\"https:\/\/uvbbrasil.com.br\/wp-content\/uploads\/2022\/05\/bozo-2-300x200.jpg\" alt=\"\" width=\"300\" height=\"200\" srcset=\"https:\/\/uvbbrasil.com.br\/wp-content\/uploads\/2022\/05\/bozo-2-300x200.jpg 300w, https:\/\/uvbbrasil.com.br\/wp-content\/uploads\/2022\/05\/bozo-2.jpg 640w\" sizes=\"(max-width: 300px) 100vw, 300px\" \/><img decoding=\"async\" class=\"alignnone size-medium wp-image-25859\" src=\"https:\/\/uvbbrasil.com.br\/wp-content\/uploads\/2022\/05\/bozo-3-300x200.jpg\" alt=\"\" width=\"300\" height=\"200\" srcset=\"https:\/\/uvbbrasil.com.br\/wp-content\/uploads\/2022\/05\/bozo-3-300x200.jpg 300w, https:\/\/uvbbrasil.com.br\/wp-content\/uploads\/2022\/05\/bozo-3.jpg 640w\" sizes=\"(max-width: 300px) 100vw, 300px\" \/><img decoding=\"async\" class=\"alignnone size-medium wp-image-25860\" src=\"https:\/\/uvbbrasil.com.br\/wp-content\/uploads\/2022\/05\/bozo-4-300x200.jpg\" alt=\"\" width=\"300\" height=\"200\" srcset=\"https:\/\/uvbbrasil.com.br\/wp-content\/uploads\/2022\/05\/bozo-4-300x200.jpg 300w, https:\/\/uvbbrasil.com.br\/wp-content\/uploads\/2022\/05\/bozo-4.jpg 640w\" sizes=\"(max-width: 300px) 100vw, 300px\" \/><img loading=\"lazy\" decoding=\"async\" class=\"alignnone size-medium wp-image-25861\" src=\"https:\/\/uvbbrasil.com.br\/wp-content\/uploads\/2022\/05\/bozo-5-300x200.jpg\" alt=\"\" width=\"300\" height=\"200\" srcset=\"https:\/\/uvbbrasil.com.br\/wp-content\/uploads\/2022\/05\/bozo-5-300x200.jpg 300w, https:\/\/uvbbrasil.com.br\/wp-content\/uploads\/2022\/05\/bozo-5.jpg 640w\" sizes=\"(max-width: 300px) 100vw, 300px\" \/><\/p>\n<p><img loading=\"lazy\" decoding=\"async\" class=\"alignnone size-medium wp-image-25857\" src=\"https:\/\/uvbbrasil.com.br\/wp-content\/uploads\/2022\/05\/bozo-1-300x200.jpg\" alt=\"\" width=\"300\" height=\"200\" srcset=\"https:\/\/uvbbrasil.com.br\/wp-content\/uploads\/2022\/05\/bozo-1-300x200.jpg 300w, https:\/\/uvbbrasil.com.br\/wp-content\/uploads\/2022\/05\/bozo-1.jpg 640w\" sizes=\"(max-width: 300px) 100vw, 300px\" \/><\/p>\n<p><img loading=\"lazy\" decoding=\"async\" class=\"alignnone size-medium wp-image-25862\" src=\"https:\/\/uvbbrasil.com.br\/wp-content\/uploads\/2022\/05\/bozo-6-300x200.jpg\" alt=\"\" width=\"300\" height=\"200\" srcset=\"https:\/\/uvbbrasil.com.br\/wp-content\/uploads\/2022\/05\/bozo-6-300x200.jpg 300w, https:\/\/uvbbrasil.com.br\/wp-content\/uploads\/2022\/05\/bozo-6.jpg 640w\" sizes=\"(max-width: 300px) 100vw, 300px\" \/><img loading=\"lazy\" decoding=\"async\" class=\"alignnone size-medium wp-image-25863\" src=\"https:\/\/uvbbrasil.com.br\/wp-content\/uploads\/2022\/05\/bozo-7-300x200.jpg\" alt=\"\" width=\"300\" height=\"200\" srcset=\"https:\/\/uvbbrasil.com.br\/wp-content\/uploads\/2022\/05\/bozo-7-300x200.jpg 300w, https:\/\/uvbbrasil.com.br\/wp-content\/uploads\/2022\/05\/bozo-7.jpg 640w\" sizes=\"(max-width: 300px) 100vw, 300px\" \/><img loading=\"lazy\" decoding=\"async\" class=\"alignnone size-medium wp-image-25864\" src=\"https:\/\/uvbbrasil.com.br\/wp-content\/uploads\/2022\/05\/bozo-8-300x200.jpg\" alt=\"\" width=\"300\" height=\"200\" \/><img loading=\"lazy\" decoding=\"async\" class=\"alignnone size-medium wp-image-25867\" src=\"https:\/\/uvbbrasil.com.br\/wp-content\/uploads\/2022\/05\/bozo-13-300x200.jpg\" alt=\"\" width=\"300\" height=\"200\" srcset=\"https:\/\/uvbbrasil.com.br\/wp-content\/uploads\/2022\/05\/bozo-13-300x200.jpg 300w, https:\/\/uvbbrasil.com.br\/wp-content\/uploads\/2022\/05\/bozo-13-768x512.jpg 768w, https:\/\/uvbbrasil.com.br\/wp-content\/uploads\/2022\/05\/bozo-13.jpg 1024w\" sizes=\"(max-width: 300px) 100vw, 300px\" \/><img loading=\"lazy\" decoding=\"async\" class=\"alignnone size-medium wp-image-25868\" src=\"https:\/\/uvbbrasil.com.br\/wp-content\/uploads\/2022\/05\/bozo14-300x200.jpg\" alt=\"\" width=\"300\" height=\"200\" srcset=\"https:\/\/uvbbrasil.com.br\/wp-content\/uploads\/2022\/05\/bozo14-300x200.jpg 300w, https:\/\/uvbbrasil.com.br\/wp-content\/uploads\/2022\/05\/bozo14-768x512.jpg 768w, https:\/\/uvbbrasil.com.br\/wp-content\/uploads\/2022\/05\/bozo14.jpg 1024w\" sizes=\"(max-width: 300px) 100vw, 300px\" \/><img loading=\"lazy\" decoding=\"async\" class=\"alignnone size-medium wp-image-25869\" src=\"https:\/\/uvbbrasil.com.br\/wp-content\/uploads\/2022\/05\/bozo-16-300x200.jpg\" alt=\"\" width=\"300\" height=\"200\" srcset=\"https:\/\/uvbbrasil.com.br\/wp-content\/uploads\/2022\/05\/bozo-16-300x200.jpg 300w, https:\/\/uvbbrasil.com.br\/wp-content\/uploads\/2022\/05\/bozo-16-768x512.jpg 768w, https:\/\/uvbbrasil.com.br\/wp-content\/uploads\/2022\/05\/bozo-16.jpg 1024w\" sizes=\"(max-width: 300px) 100vw, 300px\" \/><img loading=\"lazy\" decoding=\"async\" class=\"alignnone size-medium wp-image-25870\" src=\"https:\/\/uvbbrasil.com.br\/wp-content\/uploads\/2022\/05\/bozo-17-300x200.jpg\" alt=\"\" width=\"300\" height=\"200\" srcset=\"https:\/\/uvbbrasil.com.br\/wp-content\/uploads\/2022\/05\/bozo-17-300x200.jpg 300w, https:\/\/uvbbrasil.com.br\/wp-content\/uploads\/2022\/05\/bozo-17-768x512.jpg 768w, https:\/\/uvbbrasil.com.br\/wp-content\/uploads\/2022\/05\/bozo-17.jpg 1024w\" sizes=\"(max-width: 300px) 100vw, 300px\" \/><\/p>\n<p><img loading=\"lazy\" decoding=\"async\" class=\"alignnone size-medium wp-image-25865\" src=\"https:\/\/uvbbrasil.com.br\/wp-content\/uploads\/2022\/05\/bozo-10-300x200.jpg\" alt=\"\" width=\"300\" height=\"200\" srcset=\"https:\/\/uvbbrasil.com.br\/wp-content\/uploads\/2022\/05\/bozo-10-300x200.jpg 300w, https:\/\/uvbbrasil.com.br\/wp-content\/uploads\/2022\/05\/bozo-10-768x512.jpg 768w, https:\/\/uvbbrasil.com.br\/wp-content\/uploads\/2022\/05\/bozo-10.jpg 1024w\" sizes=\"(max-width: 300px) 100vw, 300px\" \/><\/p>\n","protected":false},"excerpt":{"rendered":"<p>O Presidente da Rep\u00fablica, Jair Bolsonaro, participou, na tarde da quinta-feira (28\/04) da \u201cXXI Marcha dos Legislativos Municipais\u201d, que ocorreu\u00a0&#8230;<\/p>\n","protected":false},"author":1,"featured_media":25861,"comment_status":"open","ping_status":"open","sticky":false,"template":"","format":"standard","meta":{"footnotes":""},"categories":[3,4],"tags":[],"class_list":["post-25856","post","type-post","status-publish","format-standard","has-post-thumbnail","hentry","category-noticias","category-home"],"yoast_head":"<!-- This site is optimized with the Yoast SEO plugin v26.7 - https:\/\/yoast.com\/wordpress\/plugins\/seo\/ -->\n<title>Presidente Jair Bolsonaro participa da XXI Marcha dos Legislativos Municipais - UVB Brasil<\/title>\n<meta name=\"robots\" content=\"index, follow, max-snippet:-1, max-image-preview:large, max-video-preview:-1\" \/>\n<link rel=\"canonical\" href=\"https:\/\/uvbbrasil.com.br\/presidente-jair-bolsonaro-participa-da-xxi-marcha-dos-legislativos-municipais\/\" \/>\n<meta property=\"og:locale\" content=\"pt_BR\" \/>\n<meta property=\"og:type\" content=\"article\" \/>\n<meta property=\"og:title\" content=\"Presidente Jair Bolsonaro participa da XXI Marcha dos Legislativos Municipais - UVB Brasil\" \/>\n<meta property=\"og:description\" content=\"O Presidente da Rep\u00fablica, Jair Bolsonaro, participou, na tarde da quinta-feira (28\/04) da \u201cXXI Marcha dos Legislativos Municipais\u201d, que ocorreu\u00a0...\" \/>\n<meta property=\"og:url\" content=\"https:\/\/uvbbrasil.com.br\/presidente-jair-bolsonaro-participa-da-xxi-marcha-dos-legislativos-municipais\/\" \/>\n<meta property=\"og:site_name\" content=\"UVB Brasil\" \/>\n<meta property=\"article:publisher\" content=\"https:\/\/www.facebook.com\/uvb.vereadoresbrasil\" \/>\n<meta property=\"article:published_time\" content=\"2022-05-04T10:07:45+00:00\" \/>\n<meta property=\"og:image\" content=\"https:\/\/uvbbrasil.com.br\/wp-content\/uploads\/2022\/05\/bozo-5.jpg\" \/>\n\t<meta property=\"og:image:width\" content=\"640\" \/>\n\t<meta property=\"og:image:height\" content=\"427\" \/>\n\t<meta property=\"og:image:type\" content=\"image\/jpeg\" \/>\n<meta name=\"author\" content=\"adminuvb\" \/>\n<meta name=\"twitter:card\" content=\"summary_large_image\" \/>\n<meta name=\"twitter:label1\" content=\"Escrito por\" \/>\n\t<meta name=\"twitter:data1\" content=\"adminuvb\" \/>\n\t<meta name=\"twitter:label2\" content=\"Est. tempo de leitura\" \/>\n\t<meta name=\"twitter:data2\" content=\"4 minutos\" \/>\n<script type=\"application\/ld+json\" class=\"yoast-schema-graph\">{\"@context\":\"https:\/\/schema.org\",\"@graph\":[{\"@type\":\"Article\",\"@id\":\"https:\/\/uvbbrasil.com.br\/presidente-jair-bolsonaro-participa-da-xxi-marcha-dos-legislativos-municipais\/#article\",\"isPartOf\":{\"@id\":\"https:\/\/uvbbrasil.com.br\/presidente-jair-bolsonaro-participa-da-xxi-marcha-dos-legislativos-municipais\/\"},\"author\":{\"name\":\"adminuvb\",\"@id\":\"https:\/\/uvbbrasil.com.br\/#\/schema\/person\/17990098446c098f52effddff4f1b272\"},\"headline\":\"Presidente Jair Bolsonaro participa da XXI Marcha dos Legislativos Municipais\",\"datePublished\":\"2022-05-04T10:07:45+00:00\",\"mainEntityOfPage\":{\"@id\":\"https:\/\/uvbbrasil.com.br\/presidente-jair-bolsonaro-participa-da-xxi-marcha-dos-legislativos-municipais\/\"},\"wordCount\":297,\"commentCount\":0,\"publisher\":{\"@id\":\"https:\/\/uvbbrasil.com.br\/#organization\"},\"image\":{\"@id\":\"https:\/\/uvbbrasil.com.br\/presidente-jair-bolsonaro-participa-da-xxi-marcha-dos-legislativos-municipais\/#primaryimage\"},\"thumbnailUrl\":\"https:\/\/uvbbrasil.com.br\/wp-content\/uploads\/2022\/05\/bozo-5.jpg\",\"articleSection\":[\"NOT\u00cdCIAS\",\"UVB\"],\"inLanguage\":\"pt-BR\",\"potentialAction\":[{\"@type\":\"CommentAction\",\"name\":\"Comment\",\"target\":[\"https:\/\/uvbbrasil.com.br\/presidente-jair-bolsonaro-participa-da-xxi-marcha-dos-legislativos-municipais\/#respond\"]}]},{\"@type\":\"WebPage\",\"@id\":\"https:\/\/uvbbrasil.com.br\/presidente-jair-bolsonaro-participa-da-xxi-marcha-dos-legislativos-municipais\/\",\"url\":\"https:\/\/uvbbrasil.com.br\/presidente-jair-bolsonaro-participa-da-xxi-marcha-dos-legislativos-municipais\/\",\"name\":\"Presidente Jair Bolsonaro participa da XXI Marcha dos Legislativos Municipais - UVB Brasil\",\"isPartOf\":{\"@id\":\"https:\/\/uvbbrasil.com.br\/#website\"},\"primaryImageOfPage\":{\"@id\":\"https:\/\/uvbbrasil.com.br\/presidente-jair-bolsonaro-participa-da-xxi-marcha-dos-legislativos-municipais\/#primaryimage\"},\"image\":{\"@id\":\"https:\/\/uvbbrasil.com.br\/presidente-jair-bolsonaro-participa-da-xxi-marcha-dos-legislativos-municipais\/#primaryimage\"},\"thumbnailUrl\":\"https:\/\/uvbbrasil.com.br\/wp-content\/uploads\/2022\/05\/bozo-5.jpg\",\"datePublished\":\"2022-05-04T10:07:45+00:00\",\"breadcrumb\":{\"@id\":\"https:\/\/uvbbrasil.com.br\/presidente-jair-bolsonaro-participa-da-xxi-marcha-dos-legislativos-municipais\/#breadcrumb\"},\"inLanguage\":\"pt-BR\",\"potentialAction\":[{\"@type\":\"ReadAction\",\"target\":[\"https:\/\/uvbbrasil.com.br\/presidente-jair-bolsonaro-participa-da-xxi-marcha-dos-legislativos-municipais\/\"]}]},{\"@type\":\"ImageObject\",\"inLanguage\":\"pt-BR\",\"@id\":\"https:\/\/uvbbrasil.com.br\/presidente-jair-bolsonaro-participa-da-xxi-marcha-dos-legislativos-municipais\/#primaryimage\",\"url\":\"https:\/\/uvbbrasil.com.br\/wp-content\/uploads\/2022\/05\/bozo-5.jpg\",\"contentUrl\":\"https:\/\/uvbbrasil.com.br\/wp-content\/uploads\/2022\/05\/bozo-5.jpg\",\"width\":640,\"height\":427},{\"@type\":\"BreadcrumbList\",\"@id\":\"https:\/\/uvbbrasil.com.br\/presidente-jair-bolsonaro-participa-da-xxi-marcha-dos-legislativos-municipais\/#breadcrumb\",\"itemListElement\":[{\"@type\":\"ListItem\",\"position\":1,\"name\":\"In\u00edcio\",\"item\":\"https:\/\/uvbbrasil.com.br\/\"},{\"@type\":\"ListItem\",\"position\":2,\"name\":\"Presidente Jair Bolsonaro participa da XXI Marcha dos Legislativos Municipais\"}]},{\"@type\":\"WebSite\",\"@id\":\"https:\/\/uvbbrasil.com.br\/#website\",\"url\":\"https:\/\/uvbbrasil.com.br\/\",\"name\":\"UVB Brasil\",\"description\":\"Uni\u00e3o dos Vereadores do Brasil\",\"publisher\":{\"@id\":\"https:\/\/uvbbrasil.com.br\/#organization\"},\"potentialAction\":[{\"@type\":\"SearchAction\",\"target\":{\"@type\":\"EntryPoint\",\"urlTemplate\":\"https:\/\/uvbbrasil.com.br\/?s={search_term_string}\"},\"query-input\":{\"@type\":\"PropertyValueSpecification\",\"valueRequired\":true,\"valueName\":\"search_term_string\"}}],\"inLanguage\":\"pt-BR\"},{\"@type\":\"Organization\",\"@id\":\"https:\/\/uvbbrasil.com.br\/#organization\",\"name\":\"UVB Brasil\",\"url\":\"https:\/\/uvbbrasil.com.br\/\",\"logo\":{\"@type\":\"ImageObject\",\"inLanguage\":\"pt-BR\",\"@id\":\"https:\/\/uvbbrasil.com.br\/#\/schema\/logo\/image\/\",\"url\":\"https:\/\/uvbbrasil.com.br\/wp-content\/uploads\/2025\/01\/LOGO-UVB-2024-azul-1.jpg\",\"contentUrl\":\"https:\/\/uvbbrasil.com.br\/wp-content\/uploads\/2025\/01\/LOGO-UVB-2024-azul-1.jpg\",\"width\":600,\"height\":211,\"caption\":\"UVB Brasil\"},\"image\":{\"@id\":\"https:\/\/uvbbrasil.com.br\/#\/schema\/logo\/image\/\"},\"sameAs\":[\"https:\/\/www.facebook.com\/uvb.vereadoresbrasil\",\"https:\/\/www.instagram.com\/uvbbrasil\/\",\"https:\/\/www.youtube.com\/channel\/UCIlPQ8Xzw5GHNzosQIg9S5A\"]},{\"@type\":\"Person\",\"@id\":\"https:\/\/uvbbrasil.com.br\/#\/schema\/person\/17990098446c098f52effddff4f1b272\",\"name\":\"adminuvb\",\"image\":{\"@type\":\"ImageObject\",\"inLanguage\":\"pt-BR\",\"@id\":\"https:\/\/uvbbrasil.com.br\/#\/schema\/person\/image\/\",\"url\":\"https:\/\/secure.gravatar.com\/avatar\/1a494ea6f8e2dd1ae526e55b0e9497efdba542491e0620d704cccf63c6f77c45?s=96&d=mm&r=g\",\"contentUrl\":\"https:\/\/secure.gravatar.com\/avatar\/1a494ea6f8e2dd1ae526e55b0e9497efdba542491e0620d704cccf63c6f77c45?s=96&d=mm&r=g\",\"caption\":\"adminuvb\"},\"sameAs\":[\"https:\/\/uvbbrasil.com.br\"],\"url\":\"https:\/\/uvbbrasil.com.br\/author\/adminuvb\/\"}]}<\/script>\n<!-- \/ Yoast SEO plugin. -->","yoast_head_json":{"title":"Presidente Jair Bolsonaro participa da XXI Marcha dos Legislativos Municipais - UVB Brasil","robots":{"index":"index","follow":"follow","max-snippet":"max-snippet:-1","max-image-preview":"max-image-preview:large","max-video-preview":"max-video-preview:-1"},"canonical":"https:\/\/uvbbrasil.com.br\/presidente-jair-bolsonaro-participa-da-xxi-marcha-dos-legislativos-municipais\/","og_locale":"pt_BR","og_type":"article","og_title":"Presidente Jair Bolsonaro participa da XXI Marcha dos Legislativos Municipais - UVB Brasil","og_description":"O Presidente da Rep\u00fablica, Jair Bolsonaro, participou, na tarde da quinta-feira (28\/04) da \u201cXXI Marcha dos Legislativos Municipais\u201d, que ocorreu\u00a0...","og_url":"https:\/\/uvbbrasil.com.br\/presidente-jair-bolsonaro-participa-da-xxi-marcha-dos-legislativos-municipais\/","og_site_name":"UVB Brasil","article_publisher":"https:\/\/www.facebook.com\/uvb.vereadoresbrasil","article_published_time":"2022-05-04T10:07:45+00:00","og_image":[{"width":640,"height":427,"url":"https:\/\/uvbbrasil.com.br\/wp-content\/uploads\/2022\/05\/bozo-5.jpg","type":"image\/jpeg"}],"author":"adminuvb","twitter_card":"summary_large_image","twitter_misc":{"Escrito por":"adminuvb","Est. tempo de leitura":"4 minutos"},"schema":{"@context":"https:\/\/schema.org","@graph":[{"@type":"Article","@id":"https:\/\/uvbbrasil.com.br\/presidente-jair-bolsonaro-participa-da-xxi-marcha-dos-legislativos-municipais\/#article","isPartOf":{"@id":"https:\/\/uvbbrasil.com.br\/presidente-jair-bolsonaro-participa-da-xxi-marcha-dos-legislativos-municipais\/"},"author":{"name":"adminuvb","@id":"https:\/\/uvbbrasil.com.br\/#\/schema\/person\/17990098446c098f52effddff4f1b272"},"headline":"Presidente Jair Bolsonaro participa da XXI Marcha dos Legislativos Municipais","datePublished":"2022-05-04T10:07:45+00:00","mainEntityOfPage":{"@id":"https:\/\/uvbbrasil.com.br\/presidente-jair-bolsonaro-participa-da-xxi-marcha-dos-legislativos-municipais\/"},"wordCount":297,"commentCount":0,"publisher":{"@id":"https:\/\/uvbbrasil.com.br\/#organization"},"image":{"@id":"https:\/\/uvbbrasil.com.br\/presidente-jair-bolsonaro-participa-da-xxi-marcha-dos-legislativos-municipais\/#primaryimage"},"thumbnailUrl":"https:\/\/uvbbrasil.com.br\/wp-content\/uploads\/2022\/05\/bozo-5.jpg","articleSection":["NOT\u00cdCIAS","UVB"],"inLanguage":"pt-BR","potentialAction":[{"@type":"CommentAction","name":"Comment","target":["https:\/\/uvbbrasil.com.br\/presidente-jair-bolsonaro-participa-da-xxi-marcha-dos-legislativos-municipais\/#respond"]}]},{"@type":"WebPage","@id":"https:\/\/uvbbrasil.com.br\/presidente-jair-bolsonaro-participa-da-xxi-marcha-dos-legislativos-municipais\/","url":"https:\/\/uvbbrasil.com.br\/presidente-jair-bolsonaro-participa-da-xxi-marcha-dos-legislativos-municipais\/","name":"Presidente Jair Bolsonaro participa da XXI Marcha dos Legislativos Municipais - UVB Brasil","isPartOf":{"@id":"https:\/\/uvbbrasil.com.br\/#website"},"primaryImageOfPage":{"@id":"https:\/\/uvbbrasil.com.br\/presidente-jair-bolsonaro-participa-da-xxi-marcha-dos-legislativos-municipais\/#primaryimage"},"image":{"@id":"https:\/\/uvbbrasil.com.br\/presidente-jair-bolsonaro-participa-da-xxi-marcha-dos-legislativos-municipais\/#primaryimage"},"thumbnailUrl":"https:\/\/uvbbrasil.com.br\/wp-content\/uploads\/2022\/05\/bozo-5.jpg","datePublished":"2022-05-04T10:07:45+00:00","breadcrumb":{"@id":"https:\/\/uvbbrasil.com.br\/presidente-jair-bolsonaro-participa-da-xxi-marcha-dos-legislativos-municipais\/#breadcrumb"},"inLanguage":"pt-BR","potentialAction":[{"@type":"ReadAction","target":["https:\/\/uvbbrasil.com.br\/presidente-jair-bolsonaro-participa-da-xxi-marcha-dos-legislativos-municipais\/"]}]},{"@type":"ImageObject","inLanguage":"pt-BR","@id":"https:\/\/uvbbrasil.com.br\/presidente-jair-bolsonaro-participa-da-xxi-marcha-dos-legislativos-municipais\/#primaryimage","url":"https:\/\/uvbbrasil.com.br\/wp-content\/uploads\/2022\/05\/bozo-5.jpg","contentUrl":"https:\/\/uvbbrasil.com.br\/wp-content\/uploads\/2022\/05\/bozo-5.jpg","width":640,"height":427},{"@type":"BreadcrumbList","@id":"https:\/\/uvbbrasil.com.br\/presidente-jair-bolsonaro-participa-da-xxi-marcha-dos-legislativos-municipais\/#breadcrumb","itemListElement":[{"@type":"ListItem","position":1,"name":"In\u00edcio","item":"https:\/\/uvbbrasil.com.br\/"},{"@type":"ListItem","position":2,"name":"Presidente Jair Bolsonaro participa da XXI Marcha dos Legislativos Municipais"}]},{"@type":"WebSite","@id":"https:\/\/uvbbrasil.com.br\/#website","url":"https:\/\/uvbbrasil.com.br\/","name":"UVB Brasil","description":"Uni\u00e3o dos Vereadores do Brasil","publisher":{"@id":"https:\/\/uvbbrasil.com.br\/#organization"},"potentialAction":[{"@type":"SearchAction","target":{"@type":"EntryPoint","urlTemplate":"https:\/\/uvbbrasil.com.br\/?s={search_term_string}"},"query-input":{"@type":"PropertyValueSpecification","valueRequired":true,"valueName":"search_term_string"}}],"inLanguage":"pt-BR"},{"@type":"Organization","@id":"https:\/\/uvbbrasil.com.br\/#organization","name":"UVB Brasil","url":"https:\/\/uvbbrasil.com.br\/","logo":{"@type":"ImageObject","inLanguage":"pt-BR","@id":"https:\/\/uvbbrasil.com.br\/#\/schema\/logo\/image\/","url":"https:\/\/uvbbrasil.com.br\/wp-content\/uploads\/2025\/01\/LOGO-UVB-2024-azul-1.jpg","contentUrl":"https:\/\/uvbbrasil.com.br\/wp-content\/uploads\/2025\/01\/LOGO-UVB-2024-azul-1.jpg","width":600,"height":211,"caption":"UVB Brasil"},"image":{"@id":"https:\/\/uvbbrasil.com.br\/#\/schema\/logo\/image\/"},"sameAs":["https:\/\/www.facebook.com\/uvb.vereadoresbrasil","https:\/\/www.instagram.com\/uvbbrasil\/","https:\/\/www.youtube.com\/channel\/UCIlPQ8Xzw5GHNzosQIg9S5A"]},{"@type":"Person","@id":"https:\/\/uvbbrasil.com.br\/#\/schema\/person\/17990098446c098f52effddff4f1b272","name":"adminuvb","image":{"@type":"ImageObject","inLanguage":"pt-BR","@id":"https:\/\/uvbbrasil.com.br\/#\/schema\/person\/image\/","url":"https:\/\/secure.gravatar.com\/avatar\/1a494ea6f8e2dd1ae526e55b0e9497efdba542491e0620d704cccf63c6f77c45?s=96&d=mm&r=g","contentUrl":"https:\/\/secure.gravatar.com\/avatar\/1a494ea6f8e2dd1ae526e55b0e9497efdba542491e0620d704cccf63c6f77c45?s=96&d=mm&r=g","caption":"adminuvb"},"sameAs":["https:\/\/uvbbrasil.com.br"],"url":"https:\/\/uvbbrasil.com.br\/author\/adminuvb\/"}]}},"_links":{"self":[{"href":"https:\/\/uvbbrasil.com.br\/uvb-json\/wp\/v2\/posts\/25856","targetHints":{"allow":["GET"]}}],"collection":[{"href":"https:\/\/uvbbrasil.com.br\/uvb-json\/wp\/v2\/posts"}],"about":[{"href":"https:\/\/uvbbrasil.com.br\/uvb-json\/wp\/v2\/types\/post"}],"author":[{"embeddable":true,"href":"https:\/\/uvbbrasil.com.br\/uvb-json\/wp\/v2\/users\/1"}],"replies":[{"embeddable":true,"href":"https:\/\/uvbbrasil.com.br\/uvb-json\/wp\/v2\/comments?post=25856"}],"version-history":[{"count":0,"href":"https:\/\/uvbbrasil.com.br\/uvb-json\/wp\/v2\/posts\/25856\/revisions"}],"wp:featuredmedia":[{"embeddable":true,"href":"https:\/\/uvbbrasil.com.br\/uvb-json\/wp\/v2\/media\/25861"}],"wp:attachment":[{"href":"https:\/\/uvbbrasil.com.br\/uvb-json\/wp\/v2\/media?parent=25856"}],"wp:term":[{"taxonomy":"category","embeddable":true,"href":"https:\/\/uvbbrasil.com.br\/uvb-json\/wp\/v2\/categories?post=25856"},{"taxonomy":"post_tag","embeddable":true,"href":"https:\/\/uvbbrasil.com.br\/uvb-json\/wp\/v2\/tags?post=25856"}],"curies":[{"name":"wp","href":"https:\/\/api.w.org\/{rel}","templated":true}]}}