{"id":25755,"date":"2022-05-02T17:07:11","date_gmt":"2022-05-02T20:07:11","guid":{"rendered":"https:\/\/wpsandbox4.pante.com.br\/?p=25755"},"modified":"2022-05-02T17:07:11","modified_gmt":"2022-05-02T20:07:11","slug":"o-vereador-e-o-orcamento-com-o-conselheiro-titular-do-tce-to","status":"publish","type":"post","link":"https:\/\/uvbbrasil.com.br\/o-vereador-e-o-orcamento-com-o-conselheiro-titular-do-tce-to\/","title":{"rendered":"O Vereador e o Or\u00e7amento, com o Conselheiro titular do TCE\/TO"},"content":{"rendered":"<p>O conselheiro\u00a0 Titular do Tribunal de Contas do Estado do Tocantins\/TCE\/TO, professor de Direito Constitucional e Direito Financeiro Dr. Andr\u00e9 Luiz Matos,\u00a0 discorreu com os vereadores e vereadoras de todos os estados presentes na XXI Marcha dos Legislativos Municipais na\u00a0 quarta-feira(27).<\/p>\n<p>Com o tema o vereador e o or\u00e7amento: o Boi n\u00e3o sabe a for\u00e7a que tem, esclareceu aos parlamentares sobre a Fiscaliza\u00e7\u00e3o do Munic\u00edpio, baseado na constitui\u00e7\u00e3o Federal de 1988<\/p>\n<p>Art. 31. A fiscaliza\u00e7\u00e3o do Munic\u00edpio ser\u00e1 exercida pelo Poder Legislativo Municipal, mediante controle externo, e pelos sistemas de controle interno do Poder Executivo Municipal, na forma da lei.<\/p>\n<ul>\n<li>1\u00ba O controle externo da C\u00e2mara Municipal ser\u00e1 exercido com o aux\u00edlio dos Tribunais de Contas dos Estados ou do Munic\u00edpio ou dos Conselhos ou Tribunais de Contas dos Munic\u00edpios, onde houver.<\/li>\n<\/ul>\n<p>O Munic\u00edpio e as LEIS OR\u00c7AMENT\u00c1RIAS, Fundamentos da Contabilidade P\u00fablica<\/p>\n<p>O que acontece se voc\u00ea gastar mais do que recebe?\u00a0 Empr\u00e9stimos a juros, em regra, \u00e9 um bom neg\u00f3cio?\u00a0 Como s\u00e3o pagas as pol\u00edticas p\u00fablicas e os direitos<\/p>\n<p>Fundamentais como sa\u00fade e educa\u00e7\u00e3o?<\/p>\n<p>Or\u00e7amento P\u00fablico , conceito cl\u00e1ssico, fixa\u00e7\u00e3o de despesas e previs\u00e3o de receitas um vi\u00e9s fortemente cont\u00e1bil, Moderno, programa\u00e7\u00e3o financeira, prepondera o interesse da sociedade em detrimento do equil\u00edbrio fiscal possibilidade de endividamento p\u00fablico a Import\u00e2ncia, Transpar\u00eancia detalhamento dos gastos, planejamento, exemplo a PPA ( 4 anos); \u00a0LDO e LOA.<\/p>\n<p>O Or\u00e7amento P\u00fablico e os Direitos Fundamentais<\/p>\n<p>Exist\u00eancia do Or\u00e7amento: forte indicativo do progresso de um povo como civiliza\u00e7\u00e3o, o or\u00e7amento possui forte liga\u00e7\u00e3o com a concretiza\u00e7\u00e3o dos direitos fundamentais com os\u00a0princ\u00edpios existentes na Constitui\u00e7\u00e3o \u2013 Neoconstitucionalismo<\/p>\n<p>Como a Administra\u00e7\u00e3o P\u00fablica financia os direitos e garantidas fundamentais?<\/p>\n<p>LEI\u00a0 OR\u00c7AMENT\u00c1RIA\u00a0 ANUAL\u00a0 (LOA)\u00a0 \u2013\u00a0 Estima\u00a0 as\u00a0 receitas\u00a0 e\u00a0 fixa\u00a0 as despesas para um determinado exerc\u00edcio financeiro<\/p>\n<p>LEI DE DIRETRIZES OR\u00c7AMENT\u00c1RIAS (LDO) \u2013 busca viabilizar as diretrizes estabelecidas no PPA, determinando as prioridades a serem realizadas<\/p>\n<p>PLANO\u00a0 PLURIANUAL\u00a0 (PPA)\u00a0 \u2013\u00a0 Estabelece\u00a0 os\u00a0 programas\u00a0 de\u00a0 dura\u00e7\u00e3o continuada e as despesas de capital de determinado ente p\u00fablico, Leis Or\u00e7ament\u00e1rias, Plano Plurianual<\/p>\n<p>Lei de Diretrizes, Or\u00e7ament\u00e1rias Lei Or\u00e7ament\u00e1ria Anual, Ciclo Or\u00e7ament\u00e1rio, O conselheiro encerrou a grande participa\u00e7\u00e3o na XXI Marcha dos Legislativos, agradecendo a todos e ao Presidente da Uni\u00e3o dos Vereadores do brasil\/UVB, Gilson Conzatti pelo convite.<\/p>\n<p>&nbsp;<\/p>\n<p><img fetchpriority=\"high\" decoding=\"async\" class=\"alignnone size-medium wp-image-25756\" src=\"https:\/\/uvbbrasil.com.br\/wp-content\/uploads\/2022\/05\/WhatsApp-Image-2022-05-02-at-11.14.53-300x200.jpeg\" alt=\"\" width=\"300\" height=\"200\" srcset=\"https:\/\/uvbbrasil.com.br\/wp-content\/uploads\/2022\/05\/WhatsApp-Image-2022-05-02-at-11.14.53-300x200.jpeg 300w, https:\/\/uvbbrasil.com.br\/wp-content\/uploads\/2022\/05\/WhatsApp-Image-2022-05-02-at-11.14.53-1024x682.jpeg 1024w, https:\/\/uvbbrasil.com.br\/wp-content\/uploads\/2022\/05\/WhatsApp-Image-2022-05-02-at-11.14.53-768x512.jpeg 768w, https:\/\/uvbbrasil.com.br\/wp-content\/uploads\/2022\/05\/WhatsApp-Image-2022-05-02-at-11.14.53.jpeg 1280w\" sizes=\"(max-width: 300px) 100vw, 300px\" \/><img decoding=\"async\" class=\"alignnone size-medium wp-image-25757\" src=\"https:\/\/uvbbrasil.com.br\/wp-content\/uploads\/2022\/05\/WhatsApp-Image-2022-05-02-at-11.14.54-300x200.jpeg\" alt=\"\" width=\"300\" height=\"200\" srcset=\"https:\/\/uvbbrasil.com.br\/wp-content\/uploads\/2022\/05\/WhatsApp-Image-2022-05-02-at-11.14.54-300x200.jpeg 300w, https:\/\/uvbbrasil.com.br\/wp-content\/uploads\/2022\/05\/WhatsApp-Image-2022-05-02-at-11.14.54-1024x682.jpeg 1024w, https:\/\/uvbbrasil.com.br\/wp-content\/uploads\/2022\/05\/WhatsApp-Image-2022-05-02-at-11.14.54-768x512.jpeg 768w, https:\/\/uvbbrasil.com.br\/wp-content\/uploads\/2022\/05\/WhatsApp-Image-2022-05-02-at-11.14.54.jpeg 1280w\" sizes=\"(max-width: 300px) 100vw, 300px\" \/><img decoding=\"async\" class=\"alignnone size-medium wp-image-25758\" src=\"https:\/\/uvbbrasil.com.br\/wp-content\/uploads\/2022\/05\/WhatsApp-Image-2022-05-02-at-11.14.54-1-300x200.jpeg\" alt=\"\" width=\"300\" height=\"200\" srcset=\"https:\/\/uvbbrasil.com.br\/wp-content\/uploads\/2022\/05\/WhatsApp-Image-2022-05-02-at-11.14.54-1-300x200.jpeg 300w, https:\/\/uvbbrasil.com.br\/wp-content\/uploads\/2022\/05\/WhatsApp-Image-2022-05-02-at-11.14.54-1-1024x682.jpeg 1024w, https:\/\/uvbbrasil.com.br\/wp-content\/uploads\/2022\/05\/WhatsApp-Image-2022-05-02-at-11.14.54-1-768x512.jpeg 768w, https:\/\/uvbbrasil.com.br\/wp-content\/uploads\/2022\/05\/WhatsApp-Image-2022-05-02-at-11.14.54-1.jpeg 1280w\" sizes=\"(max-width: 300px) 100vw, 300px\" \/><img loading=\"lazy\" decoding=\"async\" class=\"alignnone size-medium wp-image-25759\" src=\"https:\/\/uvbbrasil.com.br\/wp-content\/uploads\/2022\/05\/WhatsApp-Image-2022-05-02-at-11.14.56-300x200.jpeg\" alt=\"\" width=\"300\" height=\"200\" srcset=\"https:\/\/uvbbrasil.com.br\/wp-content\/uploads\/2022\/05\/WhatsApp-Image-2022-05-02-at-11.14.56-300x200.jpeg 300w, https:\/\/uvbbrasil.com.br\/wp-content\/uploads\/2022\/05\/WhatsApp-Image-2022-05-02-at-11.14.56-1024x682.jpeg 1024w, https:\/\/uvbbrasil.com.br\/wp-content\/uploads\/2022\/05\/WhatsApp-Image-2022-05-02-at-11.14.56-768x512.jpeg 768w, https:\/\/uvbbrasil.com.br\/wp-content\/uploads\/2022\/05\/WhatsApp-Image-2022-05-02-at-11.14.56.jpeg 1280w\" sizes=\"(max-width: 300px) 100vw, 300px\" \/><\/p>\n","protected":false},"excerpt":{"rendered":"<p>O conselheiro\u00a0 Titular do Tribunal de Contas do Estado do Tocantins\/TCE\/TO, professor de Direito Constitucional e Direito Financeiro Dr. Andr\u00e9&#8230;<\/p>\n","protected":false},"author":1,"featured_media":25756,"comment_status":"open","ping_status":"open","sticky":false,"template":"","format":"standard","meta":{"footnotes":""},"categories":[3,4],"tags":[],"class_list":["post-25755","post","type-post","status-publish","format-standard","has-post-thumbnail","hentry","category-noticias","category-home"],"yoast_head":"<!-- This site is optimized with the Yoast SEO plugin v26.7 - https:\/\/yoast.com\/wordpress\/plugins\/seo\/ -->\n<title>O Vereador e o Or\u00e7amento, com o Conselheiro titular do TCE\/TO - UVB Brasil<\/title>\n<meta name=\"robots\" content=\"index, follow, max-snippet:-1, max-image-preview:large, max-video-preview:-1\" \/>\n<link rel=\"canonical\" href=\"https:\/\/uvbbrasil.com.br\/o-vereador-e-o-orcamento-com-o-conselheiro-titular-do-tce-to\/\" \/>\n<meta property=\"og:locale\" content=\"pt_BR\" \/>\n<meta property=\"og:type\" content=\"article\" \/>\n<meta property=\"og:title\" content=\"O Vereador e o Or\u00e7amento, com o Conselheiro titular do TCE\/TO - UVB Brasil\" \/>\n<meta property=\"og:description\" content=\"O conselheiro\u00a0 Titular do Tribunal de Contas do Estado do Tocantins\/TCE\/TO, professor de Direito Constitucional e Direito Financeiro Dr. Andr\u00e9...\" \/>\n<meta property=\"og:url\" content=\"https:\/\/uvbbrasil.com.br\/o-vereador-e-o-orcamento-com-o-conselheiro-titular-do-tce-to\/\" \/>\n<meta property=\"og:site_name\" content=\"UVB Brasil\" \/>\n<meta property=\"article:publisher\" content=\"https:\/\/www.facebook.com\/uvb.vereadoresbrasil\" \/>\n<meta property=\"article:published_time\" content=\"2022-05-02T20:07:11+00:00\" \/>\n<meta property=\"og:image\" content=\"https:\/\/uvbbrasil.com.br\/wp-content\/uploads\/2022\/05\/WhatsApp-Image-2022-05-02-at-11.14.53.jpeg\" \/>\n\t<meta property=\"og:image:width\" content=\"1280\" \/>\n\t<meta property=\"og:image:height\" content=\"853\" \/>\n\t<meta property=\"og:image:type\" content=\"image\/jpeg\" \/>\n<meta name=\"author\" content=\"adminuvb\" \/>\n<meta name=\"twitter:card\" content=\"summary_large_image\" \/>\n<meta name=\"twitter:label1\" content=\"Escrito por\" \/>\n\t<meta name=\"twitter:data1\" content=\"adminuvb\" \/>\n\t<meta name=\"twitter:label2\" content=\"Est. tempo de leitura\" \/>\n\t<meta name=\"twitter:data2\" content=\"3 minutos\" \/>\n<script type=\"application\/ld+json\" class=\"yoast-schema-graph\">{\"@context\":\"https:\/\/schema.org\",\"@graph\":[{\"@type\":\"Article\",\"@id\":\"https:\/\/uvbbrasil.com.br\/o-vereador-e-o-orcamento-com-o-conselheiro-titular-do-tce-to\/#article\",\"isPartOf\":{\"@id\":\"https:\/\/uvbbrasil.com.br\/o-vereador-e-o-orcamento-com-o-conselheiro-titular-do-tce-to\/\"},\"author\":{\"name\":\"adminuvb\",\"@id\":\"https:\/\/uvbbrasil.com.br\/#\/schema\/person\/17990098446c098f52effddff4f1b272\"},\"headline\":\"O Vereador e o Or\u00e7amento, com o Conselheiro titular do TCE\/TO\",\"datePublished\":\"2022-05-02T20:07:11+00:00\",\"mainEntityOfPage\":{\"@id\":\"https:\/\/uvbbrasil.com.br\/o-vereador-e-o-orcamento-com-o-conselheiro-titular-do-tce-to\/\"},\"wordCount\":437,\"commentCount\":0,\"publisher\":{\"@id\":\"https:\/\/uvbbrasil.com.br\/#organization\"},\"image\":{\"@id\":\"https:\/\/uvbbrasil.com.br\/o-vereador-e-o-orcamento-com-o-conselheiro-titular-do-tce-to\/#primaryimage\"},\"thumbnailUrl\":\"https:\/\/uvbbrasil.com.br\/wp-content\/uploads\/2022\/05\/WhatsApp-Image-2022-05-02-at-11.14.53.jpeg\",\"articleSection\":[\"NOT\u00cdCIAS\",\"UVB\"],\"inLanguage\":\"pt-BR\",\"potentialAction\":[{\"@type\":\"CommentAction\",\"name\":\"Comment\",\"target\":[\"https:\/\/uvbbrasil.com.br\/o-vereador-e-o-orcamento-com-o-conselheiro-titular-do-tce-to\/#respond\"]}]},{\"@type\":\"WebPage\",\"@id\":\"https:\/\/uvbbrasil.com.br\/o-vereador-e-o-orcamento-com-o-conselheiro-titular-do-tce-to\/\",\"url\":\"https:\/\/uvbbrasil.com.br\/o-vereador-e-o-orcamento-com-o-conselheiro-titular-do-tce-to\/\",\"name\":\"O Vereador e o Or\u00e7amento, com o Conselheiro titular do TCE\/TO - UVB Brasil\",\"isPartOf\":{\"@id\":\"https:\/\/uvbbrasil.com.br\/#website\"},\"primaryImageOfPage\":{\"@id\":\"https:\/\/uvbbrasil.com.br\/o-vereador-e-o-orcamento-com-o-conselheiro-titular-do-tce-to\/#primaryimage\"},\"image\":{\"@id\":\"https:\/\/uvbbrasil.com.br\/o-vereador-e-o-orcamento-com-o-conselheiro-titular-do-tce-to\/#primaryimage\"},\"thumbnailUrl\":\"https:\/\/uvbbrasil.com.br\/wp-content\/uploads\/2022\/05\/WhatsApp-Image-2022-05-02-at-11.14.53.jpeg\",\"datePublished\":\"2022-05-02T20:07:11+00:00\",\"breadcrumb\":{\"@id\":\"https:\/\/uvbbrasil.com.br\/o-vereador-e-o-orcamento-com-o-conselheiro-titular-do-tce-to\/#breadcrumb\"},\"inLanguage\":\"pt-BR\",\"potentialAction\":[{\"@type\":\"ReadAction\",\"target\":[\"https:\/\/uvbbrasil.com.br\/o-vereador-e-o-orcamento-com-o-conselheiro-titular-do-tce-to\/\"]}]},{\"@type\":\"ImageObject\",\"inLanguage\":\"pt-BR\",\"@id\":\"https:\/\/uvbbrasil.com.br\/o-vereador-e-o-orcamento-com-o-conselheiro-titular-do-tce-to\/#primaryimage\",\"url\":\"https:\/\/uvbbrasil.com.br\/wp-content\/uploads\/2022\/05\/WhatsApp-Image-2022-05-02-at-11.14.53.jpeg\",\"contentUrl\":\"https:\/\/uvbbrasil.com.br\/wp-content\/uploads\/2022\/05\/WhatsApp-Image-2022-05-02-at-11.14.53.jpeg\",\"width\":1280,\"height\":853},{\"@type\":\"BreadcrumbList\",\"@id\":\"https:\/\/uvbbrasil.com.br\/o-vereador-e-o-orcamento-com-o-conselheiro-titular-do-tce-to\/#breadcrumb\",\"itemListElement\":[{\"@type\":\"ListItem\",\"position\":1,\"name\":\"In\u00edcio\",\"item\":\"https:\/\/uvbbrasil.com.br\/\"},{\"@type\":\"ListItem\",\"position\":2,\"name\":\"O Vereador e o Or\u00e7amento, com o Conselheiro titular do TCE\/TO\"}]},{\"@type\":\"WebSite\",\"@id\":\"https:\/\/uvbbrasil.com.br\/#website\",\"url\":\"https:\/\/uvbbrasil.com.br\/\",\"name\":\"UVB Brasil\",\"description\":\"Uni\u00e3o dos Vereadores do Brasil\",\"publisher\":{\"@id\":\"https:\/\/uvbbrasil.com.br\/#organization\"},\"potentialAction\":[{\"@type\":\"SearchAction\",\"target\":{\"@type\":\"EntryPoint\",\"urlTemplate\":\"https:\/\/uvbbrasil.com.br\/?s={search_term_string}\"},\"query-input\":{\"@type\":\"PropertyValueSpecification\",\"valueRequired\":true,\"valueName\":\"search_term_string\"}}],\"inLanguage\":\"pt-BR\"},{\"@type\":\"Organization\",\"@id\":\"https:\/\/uvbbrasil.com.br\/#organization\",\"name\":\"UVB Brasil\",\"url\":\"https:\/\/uvbbrasil.com.br\/\",\"logo\":{\"@type\":\"ImageObject\",\"inLanguage\":\"pt-BR\",\"@id\":\"https:\/\/uvbbrasil.com.br\/#\/schema\/logo\/image\/\",\"url\":\"https:\/\/uvbbrasil.com.br\/wp-content\/uploads\/2025\/01\/LOGO-UVB-2024-azul-1.jpg\",\"contentUrl\":\"https:\/\/uvbbrasil.com.br\/wp-content\/uploads\/2025\/01\/LOGO-UVB-2024-azul-1.jpg\",\"width\":600,\"height\":211,\"caption\":\"UVB Brasil\"},\"image\":{\"@id\":\"https:\/\/uvbbrasil.com.br\/#\/schema\/logo\/image\/\"},\"sameAs\":[\"https:\/\/www.facebook.com\/uvb.vereadoresbrasil\",\"https:\/\/www.instagram.com\/uvbbrasil\/\",\"https:\/\/www.youtube.com\/channel\/UCIlPQ8Xzw5GHNzosQIg9S5A\"]},{\"@type\":\"Person\",\"@id\":\"https:\/\/uvbbrasil.com.br\/#\/schema\/person\/17990098446c098f52effddff4f1b272\",\"name\":\"adminuvb\",\"image\":{\"@type\":\"ImageObject\",\"inLanguage\":\"pt-BR\",\"@id\":\"https:\/\/uvbbrasil.com.br\/#\/schema\/person\/image\/\",\"url\":\"https:\/\/secure.gravatar.com\/avatar\/1a494ea6f8e2dd1ae526e55b0e9497efdba542491e0620d704cccf63c6f77c45?s=96&d=mm&r=g\",\"contentUrl\":\"https:\/\/secure.gravatar.com\/avatar\/1a494ea6f8e2dd1ae526e55b0e9497efdba542491e0620d704cccf63c6f77c45?s=96&d=mm&r=g\",\"caption\":\"adminuvb\"},\"sameAs\":[\"https:\/\/uvbbrasil.com.br\"],\"url\":\"https:\/\/uvbbrasil.com.br\/author\/adminuvb\/\"}]}<\/script>\n<!-- \/ Yoast SEO plugin. -->","yoast_head_json":{"title":"O Vereador e o Or\u00e7amento, com o Conselheiro titular do TCE\/TO - UVB Brasil","robots":{"index":"index","follow":"follow","max-snippet":"max-snippet:-1","max-image-preview":"max-image-preview:large","max-video-preview":"max-video-preview:-1"},"canonical":"https:\/\/uvbbrasil.com.br\/o-vereador-e-o-orcamento-com-o-conselheiro-titular-do-tce-to\/","og_locale":"pt_BR","og_type":"article","og_title":"O Vereador e o Or\u00e7amento, com o Conselheiro titular do TCE\/TO - UVB Brasil","og_description":"O conselheiro\u00a0 Titular do Tribunal de Contas do Estado do Tocantins\/TCE\/TO, professor de Direito Constitucional e Direito Financeiro Dr. Andr\u00e9...","og_url":"https:\/\/uvbbrasil.com.br\/o-vereador-e-o-orcamento-com-o-conselheiro-titular-do-tce-to\/","og_site_name":"UVB Brasil","article_publisher":"https:\/\/www.facebook.com\/uvb.vereadoresbrasil","article_published_time":"2022-05-02T20:07:11+00:00","og_image":[{"width":1280,"height":853,"url":"https:\/\/uvbbrasil.com.br\/wp-content\/uploads\/2022\/05\/WhatsApp-Image-2022-05-02-at-11.14.53.jpeg","type":"image\/jpeg"}],"author":"adminuvb","twitter_card":"summary_large_image","twitter_misc":{"Escrito por":"adminuvb","Est. tempo de leitura":"3 minutos"},"schema":{"@context":"https:\/\/schema.org","@graph":[{"@type":"Article","@id":"https:\/\/uvbbrasil.com.br\/o-vereador-e-o-orcamento-com-o-conselheiro-titular-do-tce-to\/#article","isPartOf":{"@id":"https:\/\/uvbbrasil.com.br\/o-vereador-e-o-orcamento-com-o-conselheiro-titular-do-tce-to\/"},"author":{"name":"adminuvb","@id":"https:\/\/uvbbrasil.com.br\/#\/schema\/person\/17990098446c098f52effddff4f1b272"},"headline":"O Vereador e o Or\u00e7amento, com o Conselheiro titular do TCE\/TO","datePublished":"2022-05-02T20:07:11+00:00","mainEntityOfPage":{"@id":"https:\/\/uvbbrasil.com.br\/o-vereador-e-o-orcamento-com-o-conselheiro-titular-do-tce-to\/"},"wordCount":437,"commentCount":0,"publisher":{"@id":"https:\/\/uvbbrasil.com.br\/#organization"},"image":{"@id":"https:\/\/uvbbrasil.com.br\/o-vereador-e-o-orcamento-com-o-conselheiro-titular-do-tce-to\/#primaryimage"},"thumbnailUrl":"https:\/\/uvbbrasil.com.br\/wp-content\/uploads\/2022\/05\/WhatsApp-Image-2022-05-02-at-11.14.53.jpeg","articleSection":["NOT\u00cdCIAS","UVB"],"inLanguage":"pt-BR","potentialAction":[{"@type":"CommentAction","name":"Comment","target":["https:\/\/uvbbrasil.com.br\/o-vereador-e-o-orcamento-com-o-conselheiro-titular-do-tce-to\/#respond"]}]},{"@type":"WebPage","@id":"https:\/\/uvbbrasil.com.br\/o-vereador-e-o-orcamento-com-o-conselheiro-titular-do-tce-to\/","url":"https:\/\/uvbbrasil.com.br\/o-vereador-e-o-orcamento-com-o-conselheiro-titular-do-tce-to\/","name":"O Vereador e o Or\u00e7amento, com o Conselheiro titular do TCE\/TO - UVB Brasil","isPartOf":{"@id":"https:\/\/uvbbrasil.com.br\/#website"},"primaryImageOfPage":{"@id":"https:\/\/uvbbrasil.com.br\/o-vereador-e-o-orcamento-com-o-conselheiro-titular-do-tce-to\/#primaryimage"},"image":{"@id":"https:\/\/uvbbrasil.com.br\/o-vereador-e-o-orcamento-com-o-conselheiro-titular-do-tce-to\/#primaryimage"},"thumbnailUrl":"https:\/\/uvbbrasil.com.br\/wp-content\/uploads\/2022\/05\/WhatsApp-Image-2022-05-02-at-11.14.53.jpeg","datePublished":"2022-05-02T20:07:11+00:00","breadcrumb":{"@id":"https:\/\/uvbbrasil.com.br\/o-vereador-e-o-orcamento-com-o-conselheiro-titular-do-tce-to\/#breadcrumb"},"inLanguage":"pt-BR","potentialAction":[{"@type":"ReadAction","target":["https:\/\/uvbbrasil.com.br\/o-vereador-e-o-orcamento-com-o-conselheiro-titular-do-tce-to\/"]}]},{"@type":"ImageObject","inLanguage":"pt-BR","@id":"https:\/\/uvbbrasil.com.br\/o-vereador-e-o-orcamento-com-o-conselheiro-titular-do-tce-to\/#primaryimage","url":"https:\/\/uvbbrasil.com.br\/wp-content\/uploads\/2022\/05\/WhatsApp-Image-2022-05-02-at-11.14.53.jpeg","contentUrl":"https:\/\/uvbbrasil.com.br\/wp-content\/uploads\/2022\/05\/WhatsApp-Image-2022-05-02-at-11.14.53.jpeg","width":1280,"height":853},{"@type":"BreadcrumbList","@id":"https:\/\/uvbbrasil.com.br\/o-vereador-e-o-orcamento-com-o-conselheiro-titular-do-tce-to\/#breadcrumb","itemListElement":[{"@type":"ListItem","position":1,"name":"In\u00edcio","item":"https:\/\/uvbbrasil.com.br\/"},{"@type":"ListItem","position":2,"name":"O Vereador e o Or\u00e7amento, com o Conselheiro titular do TCE\/TO"}]},{"@type":"WebSite","@id":"https:\/\/uvbbrasil.com.br\/#website","url":"https:\/\/uvbbrasil.com.br\/","name":"UVB Brasil","description":"Uni\u00e3o dos Vereadores do Brasil","publisher":{"@id":"https:\/\/uvbbrasil.com.br\/#organization"},"potentialAction":[{"@type":"SearchAction","target":{"@type":"EntryPoint","urlTemplate":"https:\/\/uvbbrasil.com.br\/?s={search_term_string}"},"query-input":{"@type":"PropertyValueSpecification","valueRequired":true,"valueName":"search_term_string"}}],"inLanguage":"pt-BR"},{"@type":"Organization","@id":"https:\/\/uvbbrasil.com.br\/#organization","name":"UVB Brasil","url":"https:\/\/uvbbrasil.com.br\/","logo":{"@type":"ImageObject","inLanguage":"pt-BR","@id":"https:\/\/uvbbrasil.com.br\/#\/schema\/logo\/image\/","url":"https:\/\/uvbbrasil.com.br\/wp-content\/uploads\/2025\/01\/LOGO-UVB-2024-azul-1.jpg","contentUrl":"https:\/\/uvbbrasil.com.br\/wp-content\/uploads\/2025\/01\/LOGO-UVB-2024-azul-1.jpg","width":600,"height":211,"caption":"UVB Brasil"},"image":{"@id":"https:\/\/uvbbrasil.com.br\/#\/schema\/logo\/image\/"},"sameAs":["https:\/\/www.facebook.com\/uvb.vereadoresbrasil","https:\/\/www.instagram.com\/uvbbrasil\/","https:\/\/www.youtube.com\/channel\/UCIlPQ8Xzw5GHNzosQIg9S5A"]},{"@type":"Person","@id":"https:\/\/uvbbrasil.com.br\/#\/schema\/person\/17990098446c098f52effddff4f1b272","name":"adminuvb","image":{"@type":"ImageObject","inLanguage":"pt-BR","@id":"https:\/\/uvbbrasil.com.br\/#\/schema\/person\/image\/","url":"https:\/\/secure.gravatar.com\/avatar\/1a494ea6f8e2dd1ae526e55b0e9497efdba542491e0620d704cccf63c6f77c45?s=96&d=mm&r=g","contentUrl":"https:\/\/secure.gravatar.com\/avatar\/1a494ea6f8e2dd1ae526e55b0e9497efdba542491e0620d704cccf63c6f77c45?s=96&d=mm&r=g","caption":"adminuvb"},"sameAs":["https:\/\/uvbbrasil.com.br"],"url":"https:\/\/uvbbrasil.com.br\/author\/adminuvb\/"}]}},"_links":{"self":[{"href":"https:\/\/uvbbrasil.com.br\/uvb-json\/wp\/v2\/posts\/25755","targetHints":{"allow":["GET"]}}],"collection":[{"href":"https:\/\/uvbbrasil.com.br\/uvb-json\/wp\/v2\/posts"}],"about":[{"href":"https:\/\/uvbbrasil.com.br\/uvb-json\/wp\/v2\/types\/post"}],"author":[{"embeddable":true,"href":"https:\/\/uvbbrasil.com.br\/uvb-json\/wp\/v2\/users\/1"}],"replies":[{"embeddable":true,"href":"https:\/\/uvbbrasil.com.br\/uvb-json\/wp\/v2\/comments?post=25755"}],"version-history":[{"count":0,"href":"https:\/\/uvbbrasil.com.br\/uvb-json\/wp\/v2\/posts\/25755\/revisions"}],"wp:featuredmedia":[{"embeddable":true,"href":"https:\/\/uvbbrasil.com.br\/uvb-json\/wp\/v2\/media\/25756"}],"wp:attachment":[{"href":"https:\/\/uvbbrasil.com.br\/uvb-json\/wp\/v2\/media?parent=25755"}],"wp:term":[{"taxonomy":"category","embeddable":true,"href":"https:\/\/uvbbrasil.com.br\/uvb-json\/wp\/v2\/categories?post=25755"},{"taxonomy":"post_tag","embeddable":true,"href":"https:\/\/uvbbrasil.com.br\/uvb-json\/wp\/v2\/tags?post=25755"}],"curies":[{"name":"wp","href":"https:\/\/api.w.org\/{rel}","templated":true}]}}