{"id":25749,"date":"2022-05-02T09:43:06","date_gmt":"2022-05-02T12:43:06","guid":{"rendered":"https:\/\/wpsandbox4.pante.com.br\/?p=25749"},"modified":"2022-05-02T09:43:06","modified_gmt":"2022-05-02T12:43:06","slug":"governo-do-tocantins-participa-da-xxi-marcha-dos-legislativos-da-uvb","status":"publish","type":"post","link":"https:\/\/uvbbrasil.com.br\/governo-do-tocantins-participa-da-xxi-marcha-dos-legislativos-da-uvb\/","title":{"rendered":"Governo do Tocantins participa da XXI Marcha dos Legislativos da UVB"},"content":{"rendered":"<p>Em agenda na capital brasileira, Bras\u00edlia (DF), o governador do Tocantins, Wanderlei Barbosa, participou no dia, 27, da 21\u00aa Marcha dos Legislativos da Uni\u00e3o dos Vereadores do Brasil (UVB). O evento tem como objetivo mobilizar as C\u00e2maras Municipais para discuss\u00f5es de tem\u00e1ticas relacionadas ao Governo Federal, que possam garantir impactos positivos para os munic\u00edpios.<\/p>\n<p>Tendo aten\u00e7\u00e3o com a esfera municipal, o Governador ressaltou como a troca com os vereadores de diferentes localidades da federa\u00e7\u00e3o \u00e9 extremamente positivo, experi\u00eancia que, para ele, conta muito para a gest\u00e3o estadual. &#8220;A minha vinda aqui \u00e9 para abra\u00e7ar os vereadores do Brasil, para abra\u00e7ar os meus irm\u00e3os vereadores do Tocantins, para que a gente possa trabalhar em conjunto&#8221;, afirmou Wanderlei Barbosa.<\/p>\n<p>O evento iniciou na ter\u00e7a-feira, 26, e prosseguiu com programa\u00e7\u00e3o at\u00e9 a sexta-feira, 29, com a participa\u00e7\u00e3o de palestrantes pol\u00edticos, candidatos \u00e0 presid\u00eancia e do pr\u00f3prio presidente do Brasil, Jair Bolsonaro.<\/p>\n<p>O presidente da Uni\u00e3o dos Vereadores do Brasil (UVB), vereador de Ira\u00ed (RS), Gilson Conzatti, ressaltou, com otimismo, a participa\u00e7\u00e3o do Governador do Tocantins ao apresent\u00e1-lo aos demais vereadores durante a programa\u00e7\u00e3o. O presidente Gilson Conzatti ressaltou o seu curr\u00edculo na esfera pol\u00edtica. &#8220;Wanderlei Barbosa \u00e9 um parceiro, um amigo, foi vereador e deputado estadual, estava em Bras\u00edlia e me ligou, fazendo quest\u00e3o de participar da nossa marcha&#8221;, comentou Gilson Conzatti.<\/p>\n<p>Wanderlei Barbosa foi vereador por dois mandatos em Porto Nacional e mais quatro mandatos como vereador da Capital, Palmas, deixando o cargo em 2011 para assumir como Deputado Estadual na Assembleia Legislativa, sendo reeleito para mais dois mandatos, permanecendo na fun\u00e7\u00e3o at\u00e9 2018, quando disputou a elei\u00e7\u00e3o suplementar como vice-governador e, desde 20 de outubro de 2021, ocupa o cargo de governador do Estado.<\/p>\n<p>&#8220;Nunca deixei de receber no meu gabinete, da mesma forma que eu recebia quando era vereador, o l\u00edder comunit\u00e1rio da minha comunidade. Eu recebia tamb\u00e9m como deputado, os meus vereadores, prefeitos e vice-prefeitos e a representa\u00e7\u00e3o social quando me procurava. E esse \u00e9 o trabalho que eu sei que os senhores fazem, fazem com muita coer\u00eancia, como fazem os vereadores do Tocantins. Esse \u00e9 o trabalho do parlamento que me deu orgulho por 18 anos e tenho orgulho de dizer que a minha base foi constru\u00edda no parlamento municipal&#8221;, concluiu o governador Wanderlei Barbosa.<\/p>\n<p>O presidente licenciado da Uni\u00e3o dos Vereadores do Estado do Tocantins (Uvet), Terciliano Gomes, destacou que a presen\u00e7a do Chefe do Executivo Estadual engrandeceu o evento. \u201c Quero parabenizar a todos os vereadores que se deslocaram de todo o Tocantins e de todo o Brasil para a Marcha dos Vereadores na busca do conhecimento e da qualifica\u00e7\u00e3o para prestar um servi\u00e7o de excel\u00eancia. A vinda do governador Wanderlei Barbosa engrandece ainda mais esse evento, ele que foi vereador e que conhece a import\u00e2ncia desse agente pol\u00edtico, como um agente de transforma\u00e7\u00e3o do munic\u00edpio em que atua\u201d, finalizou.<\/p>\n<p><img fetchpriority=\"high\" decoding=\"async\" class=\"alignnone size-medium wp-image-25750\" src=\"https:\/\/uvbbrasil.com.br\/wp-content\/uploads\/2022\/05\/38b6cffa51e74c024cec34ba8fdab61b_L-300x200.jpg\" alt=\"\" width=\"300\" height=\"200\" srcset=\"https:\/\/uvbbrasil.com.br\/wp-content\/uploads\/2022\/05\/38b6cffa51e74c024cec34ba8fdab61b_L-300x200.jpg 300w, https:\/\/uvbbrasil.com.br\/wp-content\/uploads\/2022\/05\/38b6cffa51e74c024cec34ba8fdab61b_L-768x512.jpg 768w, https:\/\/uvbbrasil.com.br\/wp-content\/uploads\/2022\/05\/38b6cffa51e74c024cec34ba8fdab61b_L.jpg 995w\" sizes=\"(max-width: 300px) 100vw, 300px\" \/><\/p>\n","protected":false},"excerpt":{"rendered":"<p>Em agenda na capital brasileira, Bras\u00edlia (DF), o governador do Tocantins, Wanderlei Barbosa, participou no dia, 27, da 21\u00aa Marcha&#8230;<\/p>\n","protected":false},"author":1,"featured_media":25750,"comment_status":"open","ping_status":"open","sticky":false,"template":"","format":"standard","meta":{"footnotes":""},"categories":[3,4],"tags":[],"class_list":["post-25749","post","type-post","status-publish","format-standard","has-post-thumbnail","hentry","category-noticias","category-home"],"yoast_head":"<!-- This site is optimized with the Yoast SEO plugin v26.7 - https:\/\/yoast.com\/wordpress\/plugins\/seo\/ -->\n<title>Governo do Tocantins participa da XXI Marcha dos Legislativos da UVB - UVB Brasil<\/title>\n<meta name=\"robots\" content=\"index, follow, max-snippet:-1, max-image-preview:large, max-video-preview:-1\" \/>\n<link rel=\"canonical\" href=\"https:\/\/uvbbrasil.com.br\/governo-do-tocantins-participa-da-xxi-marcha-dos-legislativos-da-uvb\/\" \/>\n<meta property=\"og:locale\" content=\"pt_BR\" \/>\n<meta property=\"og:type\" content=\"article\" \/>\n<meta property=\"og:title\" content=\"Governo do Tocantins participa da XXI Marcha dos Legislativos da UVB - UVB Brasil\" \/>\n<meta property=\"og:description\" content=\"Em agenda na capital brasileira, Bras\u00edlia (DF), o governador do Tocantins, Wanderlei Barbosa, participou no dia, 27, da 21\u00aa Marcha...\" \/>\n<meta property=\"og:url\" content=\"https:\/\/uvbbrasil.com.br\/governo-do-tocantins-participa-da-xxi-marcha-dos-legislativos-da-uvb\/\" \/>\n<meta property=\"og:site_name\" content=\"UVB Brasil\" \/>\n<meta property=\"article:publisher\" content=\"https:\/\/www.facebook.com\/uvb.vereadoresbrasil\" \/>\n<meta property=\"article:published_time\" content=\"2022-05-02T12:43:06+00:00\" \/>\n<meta property=\"og:image\" content=\"https:\/\/uvbbrasil.com.br\/wp-content\/uploads\/2022\/05\/38b6cffa51e74c024cec34ba8fdab61b_L.jpg\" \/>\n\t<meta property=\"og:image:width\" content=\"995\" \/>\n\t<meta property=\"og:image:height\" content=\"663\" \/>\n\t<meta property=\"og:image:type\" content=\"image\/jpeg\" \/>\n<meta name=\"author\" content=\"adminuvb\" \/>\n<meta name=\"twitter:card\" content=\"summary_large_image\" \/>\n<meta name=\"twitter:label1\" content=\"Escrito por\" \/>\n\t<meta name=\"twitter:data1\" content=\"adminuvb\" \/>\n\t<meta name=\"twitter:label2\" content=\"Est. tempo de leitura\" \/>\n\t<meta name=\"twitter:data2\" content=\"3 minutos\" \/>\n<script type=\"application\/ld+json\" class=\"yoast-schema-graph\">{\"@context\":\"https:\/\/schema.org\",\"@graph\":[{\"@type\":\"Article\",\"@id\":\"https:\/\/uvbbrasil.com.br\/governo-do-tocantins-participa-da-xxi-marcha-dos-legislativos-da-uvb\/#article\",\"isPartOf\":{\"@id\":\"https:\/\/uvbbrasil.com.br\/governo-do-tocantins-participa-da-xxi-marcha-dos-legislativos-da-uvb\/\"},\"author\":{\"name\":\"adminuvb\",\"@id\":\"https:\/\/uvbbrasil.com.br\/#\/schema\/person\/17990098446c098f52effddff4f1b272\"},\"headline\":\"Governo do Tocantins participa da XXI Marcha dos Legislativos da UVB\",\"datePublished\":\"2022-05-02T12:43:06+00:00\",\"mainEntityOfPage\":{\"@id\":\"https:\/\/uvbbrasil.com.br\/governo-do-tocantins-participa-da-xxi-marcha-dos-legislativos-da-uvb\/\"},\"wordCount\":513,\"commentCount\":0,\"publisher\":{\"@id\":\"https:\/\/uvbbrasil.com.br\/#organization\"},\"image\":{\"@id\":\"https:\/\/uvbbrasil.com.br\/governo-do-tocantins-participa-da-xxi-marcha-dos-legislativos-da-uvb\/#primaryimage\"},\"thumbnailUrl\":\"https:\/\/uvbbrasil.com.br\/wp-content\/uploads\/2022\/05\/38b6cffa51e74c024cec34ba8fdab61b_L.jpg\",\"articleSection\":[\"NOT\u00cdCIAS\",\"UVB\"],\"inLanguage\":\"pt-BR\",\"potentialAction\":[{\"@type\":\"CommentAction\",\"name\":\"Comment\",\"target\":[\"https:\/\/uvbbrasil.com.br\/governo-do-tocantins-participa-da-xxi-marcha-dos-legislativos-da-uvb\/#respond\"]}]},{\"@type\":\"WebPage\",\"@id\":\"https:\/\/uvbbrasil.com.br\/governo-do-tocantins-participa-da-xxi-marcha-dos-legislativos-da-uvb\/\",\"url\":\"https:\/\/uvbbrasil.com.br\/governo-do-tocantins-participa-da-xxi-marcha-dos-legislativos-da-uvb\/\",\"name\":\"Governo do Tocantins participa da XXI Marcha dos Legislativos da UVB - UVB Brasil\",\"isPartOf\":{\"@id\":\"https:\/\/uvbbrasil.com.br\/#website\"},\"primaryImageOfPage\":{\"@id\":\"https:\/\/uvbbrasil.com.br\/governo-do-tocantins-participa-da-xxi-marcha-dos-legislativos-da-uvb\/#primaryimage\"},\"image\":{\"@id\":\"https:\/\/uvbbrasil.com.br\/governo-do-tocantins-participa-da-xxi-marcha-dos-legislativos-da-uvb\/#primaryimage\"},\"thumbnailUrl\":\"https:\/\/uvbbrasil.com.br\/wp-content\/uploads\/2022\/05\/38b6cffa51e74c024cec34ba8fdab61b_L.jpg\",\"datePublished\":\"2022-05-02T12:43:06+00:00\",\"breadcrumb\":{\"@id\":\"https:\/\/uvbbrasil.com.br\/governo-do-tocantins-participa-da-xxi-marcha-dos-legislativos-da-uvb\/#breadcrumb\"},\"inLanguage\":\"pt-BR\",\"potentialAction\":[{\"@type\":\"ReadAction\",\"target\":[\"https:\/\/uvbbrasil.com.br\/governo-do-tocantins-participa-da-xxi-marcha-dos-legislativos-da-uvb\/\"]}]},{\"@type\":\"ImageObject\",\"inLanguage\":\"pt-BR\",\"@id\":\"https:\/\/uvbbrasil.com.br\/governo-do-tocantins-participa-da-xxi-marcha-dos-legislativos-da-uvb\/#primaryimage\",\"url\":\"https:\/\/uvbbrasil.com.br\/wp-content\/uploads\/2022\/05\/38b6cffa51e74c024cec34ba8fdab61b_L.jpg\",\"contentUrl\":\"https:\/\/uvbbrasil.com.br\/wp-content\/uploads\/2022\/05\/38b6cffa51e74c024cec34ba8fdab61b_L.jpg\",\"width\":995,\"height\":663},{\"@type\":\"BreadcrumbList\",\"@id\":\"https:\/\/uvbbrasil.com.br\/governo-do-tocantins-participa-da-xxi-marcha-dos-legislativos-da-uvb\/#breadcrumb\",\"itemListElement\":[{\"@type\":\"ListItem\",\"position\":1,\"name\":\"In\u00edcio\",\"item\":\"https:\/\/uvbbrasil.com.br\/\"},{\"@type\":\"ListItem\",\"position\":2,\"name\":\"Governo do Tocantins participa da XXI Marcha dos Legislativos da UVB\"}]},{\"@type\":\"WebSite\",\"@id\":\"https:\/\/uvbbrasil.com.br\/#website\",\"url\":\"https:\/\/uvbbrasil.com.br\/\",\"name\":\"UVB Brasil\",\"description\":\"Uni\u00e3o dos Vereadores do Brasil\",\"publisher\":{\"@id\":\"https:\/\/uvbbrasil.com.br\/#organization\"},\"potentialAction\":[{\"@type\":\"SearchAction\",\"target\":{\"@type\":\"EntryPoint\",\"urlTemplate\":\"https:\/\/uvbbrasil.com.br\/?s={search_term_string}\"},\"query-input\":{\"@type\":\"PropertyValueSpecification\",\"valueRequired\":true,\"valueName\":\"search_term_string\"}}],\"inLanguage\":\"pt-BR\"},{\"@type\":\"Organization\",\"@id\":\"https:\/\/uvbbrasil.com.br\/#organization\",\"name\":\"UVB Brasil\",\"url\":\"https:\/\/uvbbrasil.com.br\/\",\"logo\":{\"@type\":\"ImageObject\",\"inLanguage\":\"pt-BR\",\"@id\":\"https:\/\/uvbbrasil.com.br\/#\/schema\/logo\/image\/\",\"url\":\"https:\/\/uvbbrasil.com.br\/wp-content\/uploads\/2025\/01\/LOGO-UVB-2024-azul-1.jpg\",\"contentUrl\":\"https:\/\/uvbbrasil.com.br\/wp-content\/uploads\/2025\/01\/LOGO-UVB-2024-azul-1.jpg\",\"width\":600,\"height\":211,\"caption\":\"UVB Brasil\"},\"image\":{\"@id\":\"https:\/\/uvbbrasil.com.br\/#\/schema\/logo\/image\/\"},\"sameAs\":[\"https:\/\/www.facebook.com\/uvb.vereadoresbrasil\",\"https:\/\/www.instagram.com\/uvbbrasil\/\",\"https:\/\/www.youtube.com\/channel\/UCIlPQ8Xzw5GHNzosQIg9S5A\"]},{\"@type\":\"Person\",\"@id\":\"https:\/\/uvbbrasil.com.br\/#\/schema\/person\/17990098446c098f52effddff4f1b272\",\"name\":\"adminuvb\",\"image\":{\"@type\":\"ImageObject\",\"inLanguage\":\"pt-BR\",\"@id\":\"https:\/\/uvbbrasil.com.br\/#\/schema\/person\/image\/\",\"url\":\"https:\/\/secure.gravatar.com\/avatar\/1a494ea6f8e2dd1ae526e55b0e9497efdba542491e0620d704cccf63c6f77c45?s=96&d=mm&r=g\",\"contentUrl\":\"https:\/\/secure.gravatar.com\/avatar\/1a494ea6f8e2dd1ae526e55b0e9497efdba542491e0620d704cccf63c6f77c45?s=96&d=mm&r=g\",\"caption\":\"adminuvb\"},\"sameAs\":[\"https:\/\/uvbbrasil.com.br\"],\"url\":\"https:\/\/uvbbrasil.com.br\/author\/adminuvb\/\"}]}<\/script>\n<!-- \/ Yoast SEO plugin. -->","yoast_head_json":{"title":"Governo do Tocantins participa da XXI Marcha dos Legislativos da UVB - UVB Brasil","robots":{"index":"index","follow":"follow","max-snippet":"max-snippet:-1","max-image-preview":"max-image-preview:large","max-video-preview":"max-video-preview:-1"},"canonical":"https:\/\/uvbbrasil.com.br\/governo-do-tocantins-participa-da-xxi-marcha-dos-legislativos-da-uvb\/","og_locale":"pt_BR","og_type":"article","og_title":"Governo do Tocantins participa da XXI Marcha dos Legislativos da UVB - UVB Brasil","og_description":"Em agenda na capital brasileira, Bras\u00edlia (DF), o governador do Tocantins, Wanderlei Barbosa, participou no dia, 27, da 21\u00aa Marcha...","og_url":"https:\/\/uvbbrasil.com.br\/governo-do-tocantins-participa-da-xxi-marcha-dos-legislativos-da-uvb\/","og_site_name":"UVB Brasil","article_publisher":"https:\/\/www.facebook.com\/uvb.vereadoresbrasil","article_published_time":"2022-05-02T12:43:06+00:00","og_image":[{"width":995,"height":663,"url":"https:\/\/uvbbrasil.com.br\/wp-content\/uploads\/2022\/05\/38b6cffa51e74c024cec34ba8fdab61b_L.jpg","type":"image\/jpeg"}],"author":"adminuvb","twitter_card":"summary_large_image","twitter_misc":{"Escrito por":"adminuvb","Est. tempo de leitura":"3 minutos"},"schema":{"@context":"https:\/\/schema.org","@graph":[{"@type":"Article","@id":"https:\/\/uvbbrasil.com.br\/governo-do-tocantins-participa-da-xxi-marcha-dos-legislativos-da-uvb\/#article","isPartOf":{"@id":"https:\/\/uvbbrasil.com.br\/governo-do-tocantins-participa-da-xxi-marcha-dos-legislativos-da-uvb\/"},"author":{"name":"adminuvb","@id":"https:\/\/uvbbrasil.com.br\/#\/schema\/person\/17990098446c098f52effddff4f1b272"},"headline":"Governo do Tocantins participa da XXI Marcha dos Legislativos da UVB","datePublished":"2022-05-02T12:43:06+00:00","mainEntityOfPage":{"@id":"https:\/\/uvbbrasil.com.br\/governo-do-tocantins-participa-da-xxi-marcha-dos-legislativos-da-uvb\/"},"wordCount":513,"commentCount":0,"publisher":{"@id":"https:\/\/uvbbrasil.com.br\/#organization"},"image":{"@id":"https:\/\/uvbbrasil.com.br\/governo-do-tocantins-participa-da-xxi-marcha-dos-legislativos-da-uvb\/#primaryimage"},"thumbnailUrl":"https:\/\/uvbbrasil.com.br\/wp-content\/uploads\/2022\/05\/38b6cffa51e74c024cec34ba8fdab61b_L.jpg","articleSection":["NOT\u00cdCIAS","UVB"],"inLanguage":"pt-BR","potentialAction":[{"@type":"CommentAction","name":"Comment","target":["https:\/\/uvbbrasil.com.br\/governo-do-tocantins-participa-da-xxi-marcha-dos-legislativos-da-uvb\/#respond"]}]},{"@type":"WebPage","@id":"https:\/\/uvbbrasil.com.br\/governo-do-tocantins-participa-da-xxi-marcha-dos-legislativos-da-uvb\/","url":"https:\/\/uvbbrasil.com.br\/governo-do-tocantins-participa-da-xxi-marcha-dos-legislativos-da-uvb\/","name":"Governo do Tocantins participa da XXI Marcha dos Legislativos da UVB - UVB Brasil","isPartOf":{"@id":"https:\/\/uvbbrasil.com.br\/#website"},"primaryImageOfPage":{"@id":"https:\/\/uvbbrasil.com.br\/governo-do-tocantins-participa-da-xxi-marcha-dos-legislativos-da-uvb\/#primaryimage"},"image":{"@id":"https:\/\/uvbbrasil.com.br\/governo-do-tocantins-participa-da-xxi-marcha-dos-legislativos-da-uvb\/#primaryimage"},"thumbnailUrl":"https:\/\/uvbbrasil.com.br\/wp-content\/uploads\/2022\/05\/38b6cffa51e74c024cec34ba8fdab61b_L.jpg","datePublished":"2022-05-02T12:43:06+00:00","breadcrumb":{"@id":"https:\/\/uvbbrasil.com.br\/governo-do-tocantins-participa-da-xxi-marcha-dos-legislativos-da-uvb\/#breadcrumb"},"inLanguage":"pt-BR","potentialAction":[{"@type":"ReadAction","target":["https:\/\/uvbbrasil.com.br\/governo-do-tocantins-participa-da-xxi-marcha-dos-legislativos-da-uvb\/"]}]},{"@type":"ImageObject","inLanguage":"pt-BR","@id":"https:\/\/uvbbrasil.com.br\/governo-do-tocantins-participa-da-xxi-marcha-dos-legislativos-da-uvb\/#primaryimage","url":"https:\/\/uvbbrasil.com.br\/wp-content\/uploads\/2022\/05\/38b6cffa51e74c024cec34ba8fdab61b_L.jpg","contentUrl":"https:\/\/uvbbrasil.com.br\/wp-content\/uploads\/2022\/05\/38b6cffa51e74c024cec34ba8fdab61b_L.jpg","width":995,"height":663},{"@type":"BreadcrumbList","@id":"https:\/\/uvbbrasil.com.br\/governo-do-tocantins-participa-da-xxi-marcha-dos-legislativos-da-uvb\/#breadcrumb","itemListElement":[{"@type":"ListItem","position":1,"name":"In\u00edcio","item":"https:\/\/uvbbrasil.com.br\/"},{"@type":"ListItem","position":2,"name":"Governo do Tocantins participa da XXI Marcha dos Legislativos da UVB"}]},{"@type":"WebSite","@id":"https:\/\/uvbbrasil.com.br\/#website","url":"https:\/\/uvbbrasil.com.br\/","name":"UVB Brasil","description":"Uni\u00e3o dos Vereadores do Brasil","publisher":{"@id":"https:\/\/uvbbrasil.com.br\/#organization"},"potentialAction":[{"@type":"SearchAction","target":{"@type":"EntryPoint","urlTemplate":"https:\/\/uvbbrasil.com.br\/?s={search_term_string}"},"query-input":{"@type":"PropertyValueSpecification","valueRequired":true,"valueName":"search_term_string"}}],"inLanguage":"pt-BR"},{"@type":"Organization","@id":"https:\/\/uvbbrasil.com.br\/#organization","name":"UVB Brasil","url":"https:\/\/uvbbrasil.com.br\/","logo":{"@type":"ImageObject","inLanguage":"pt-BR","@id":"https:\/\/uvbbrasil.com.br\/#\/schema\/logo\/image\/","url":"https:\/\/uvbbrasil.com.br\/wp-content\/uploads\/2025\/01\/LOGO-UVB-2024-azul-1.jpg","contentUrl":"https:\/\/uvbbrasil.com.br\/wp-content\/uploads\/2025\/01\/LOGO-UVB-2024-azul-1.jpg","width":600,"height":211,"caption":"UVB Brasil"},"image":{"@id":"https:\/\/uvbbrasil.com.br\/#\/schema\/logo\/image\/"},"sameAs":["https:\/\/www.facebook.com\/uvb.vereadoresbrasil","https:\/\/www.instagram.com\/uvbbrasil\/","https:\/\/www.youtube.com\/channel\/UCIlPQ8Xzw5GHNzosQIg9S5A"]},{"@type":"Person","@id":"https:\/\/uvbbrasil.com.br\/#\/schema\/person\/17990098446c098f52effddff4f1b272","name":"adminuvb","image":{"@type":"ImageObject","inLanguage":"pt-BR","@id":"https:\/\/uvbbrasil.com.br\/#\/schema\/person\/image\/","url":"https:\/\/secure.gravatar.com\/avatar\/1a494ea6f8e2dd1ae526e55b0e9497efdba542491e0620d704cccf63c6f77c45?s=96&d=mm&r=g","contentUrl":"https:\/\/secure.gravatar.com\/avatar\/1a494ea6f8e2dd1ae526e55b0e9497efdba542491e0620d704cccf63c6f77c45?s=96&d=mm&r=g","caption":"adminuvb"},"sameAs":["https:\/\/uvbbrasil.com.br"],"url":"https:\/\/uvbbrasil.com.br\/author\/adminuvb\/"}]}},"_links":{"self":[{"href":"https:\/\/uvbbrasil.com.br\/uvb-json\/wp\/v2\/posts\/25749","targetHints":{"allow":["GET"]}}],"collection":[{"href":"https:\/\/uvbbrasil.com.br\/uvb-json\/wp\/v2\/posts"}],"about":[{"href":"https:\/\/uvbbrasil.com.br\/uvb-json\/wp\/v2\/types\/post"}],"author":[{"embeddable":true,"href":"https:\/\/uvbbrasil.com.br\/uvb-json\/wp\/v2\/users\/1"}],"replies":[{"embeddable":true,"href":"https:\/\/uvbbrasil.com.br\/uvb-json\/wp\/v2\/comments?post=25749"}],"version-history":[{"count":0,"href":"https:\/\/uvbbrasil.com.br\/uvb-json\/wp\/v2\/posts\/25749\/revisions"}],"wp:featuredmedia":[{"embeddable":true,"href":"https:\/\/uvbbrasil.com.br\/uvb-json\/wp\/v2\/media\/25750"}],"wp:attachment":[{"href":"https:\/\/uvbbrasil.com.br\/uvb-json\/wp\/v2\/media?parent=25749"}],"wp:term":[{"taxonomy":"category","embeddable":true,"href":"https:\/\/uvbbrasil.com.br\/uvb-json\/wp\/v2\/categories?post=25749"},{"taxonomy":"post_tag","embeddable":true,"href":"https:\/\/uvbbrasil.com.br\/uvb-json\/wp\/v2\/tags?post=25749"}],"curies":[{"name":"wp","href":"https:\/\/api.w.org\/{rel}","templated":true}]}}