{"id":25740,"date":"2022-04-30T07:00:24","date_gmt":"2022-04-30T10:00:24","guid":{"rendered":"https:\/\/wpsandbox4.pante.com.br\/?p=25740"},"modified":"2022-04-30T07:00:24","modified_gmt":"2022-04-30T10:00:24","slug":"a-responsabilidade-dos-vereadores-perante-os-tribunais","status":"publish","type":"post","link":"https:\/\/uvbbrasil.com.br\/a-responsabilidade-dos-vereadores-perante-os-tribunais\/","title":{"rendered":"A responsabilidade dos vereadores perante os tribunais"},"content":{"rendered":"<p>Giordano Mota, contador, advogado, auditor, perito contador Judicial, mestre em administra\u00e7\u00e3o e controladoria e consultor da Uni\u00e3o dos Vereadores do Estado do Cear\u00e1\/UVC participou da XXI Marcha dos Legislativos Municipais na Capital Federal na manha desta quarta-feira(27).<\/p>\n<p>Em participa\u00e7\u00e3o esclareceu aos vereadores e vereadoras sobre a responsabilidade dos vereadores perante os tribunais de contas, onde esclareceu mediante a apresenta\u00e7\u00e3o da constitui\u00e7\u00e3o Federal com o artigo 31:<\/p>\n<p>Art. 31. A fiscaliza\u00e7\u00e3o do Munic\u00edpio ser\u00e1 exercida pelo Poder Legislativo Municipal, mediante controle externo, e pelos sistemas de controle interno do Poder Executivo Municipal, na forma da lei.<\/p>\n<ul>\n<li>1\u00ba O controle externo da C\u00e2mara Municipal ser\u00e1 exercido com o aux\u00edlio dos Tribunais de Contas dos Estados ou do Munic\u00edpio ou dos Conselhos ou Tribunais de Contas dos Munic\u00edpios, onde houver.<\/li>\n<\/ul>\n<p>Art. 1\u00ba Ao Tribunal de Contas do Estado, \u00f3rg\u00e3o de Controle Externo, compete, nos termos das Constitui\u00e7\u00f5es Federal e Estadual:<\/p>\n<p>I &#8211; julgar as contas dos administradores e demais respons\u00e1veis por dinheiro, bens e valores p\u00fablicos das unidades administrativas dos Poderes do Estado e dos Munic\u00edpios e do Minist\u00e9rio P\u00fablico e das entidades da administra\u00e7\u00e3o indireta, inclu\u00eddas funda\u00e7\u00f5es e sociedades institu\u00eddas e mantidas pelo Poder P\u00fablico Estadual ou municipal, bem como as contas daquelas que derem causa a perda, extravio ou outra irregularidade que resulte dano ao er\u00e1rio.<\/p>\n<p>Art. 5\u00ba A jurisdi\u00e7\u00e3o do Tribunal abrange:<\/p>\n<p>I &#8211; qualquer pessoa f\u00edsica, \u00f3rg\u00e3os ou entidades a que se refere o inciso I do Art. 1\u00ba desta Lei, que utilize, arrecade, guarde, gerencie ou administre dinheiro, bens e valores p\u00fablicos ou pelos quais o Estado ou o Munic\u00edpio responda, ou que, em nome deste, assuma obriga\u00e7\u00f5es de natureza pecuni\u00e1ria;<\/p>\n<p>II &#8211; aqueles que derem causa a perda, extravio ou outra irregularidade de que resulte dano ao er\u00e1rio;<\/p>\n<p>TCE-CE<\/p>\n<p>LEI N\u00ba 12.509, DE 06 DE DEZEMBRO DE 1995<\/p>\n<p>Art. 8\u00ba Diante da omiss\u00e3o no dever de prestar contas, da n\u00e3o comprova\u00e7\u00e3o da aplica\u00e7\u00e3o dos recursos repassados pelo Estado ou pelo Munic\u00edpio, na forma prevista no inciso VII do Art. 5\u00ba desta Lei, da ocorr\u00eancia de desfalque ou desvio de dinheiro, bens ou valores p\u00fablicos ou ainda, da pr\u00e1tica de qualquer ato ilegal, ileg\u00edtimo ou antiecon\u00f4mico de que resulte dano ao er\u00e1rio, a autoridade administrativa competente que tiver conhecimento do fato, sob pena de responsabilidade solid\u00e1ria, dever\u00e1 imediatamente adotar provid\u00eancias com vistas \u00e0 instaura\u00e7\u00e3o da tomada de contas especial para apura\u00e7\u00e3o dos fatos, identifica\u00e7\u00e3o dos respons\u00e1veis e quantifica\u00e7\u00e3o do dano.<\/p>\n<p>No setor administrativo:<\/p>\n<ol>\n<li>a) superintender os servi\u00e7os administrativos da C\u00e2mara e elaborar seu regulamento, interpretando conclusivamente, em grau de recurso, os seus dispositivos;<\/li>\n<li>c) devolver \u00e0 Tesouraria da Prefeitura o saldo de caixa existente na C\u00e2mara no final do exerc\u00edcio;<\/li>\n<li>d) enviar ao Tribunal de Contas do Munic\u00edpio, at\u00e9 o dia 31 de mar\u00e7o, as contas do exerc\u00edcio anterior;<\/li>\n<li>e) nomear, promover, comissionar, conceder gratifica\u00e7\u00f5es e licen\u00e7as, p\u00f4r em disponibilidade, exonerar, demitir, aposentar e punir servidores da C\u00e2mara Municipal, nos termos da lei;<\/li>\n<\/ol>\n<p>A \u00a0responsabilidade em regra, decorre do cometimento de um ato il\u00edcito, ou seja, que atenta contra o ordenamento jur\u00eddico, dano, repara\u00e7\u00e3o, Civil, Penal e Administrativa. Citou a\u00a0 diferen\u00e7a entre a responsabilidade objetiva\u00a0 e subjetiva, despesas e procedimentos n\u00e3o eleg\u00edveis \u00e0s c\u00e2maras municipais, doa\u00e7\u00f5es, patroc\u00ednio eventos esportivos, religiosos, cr\u00e9ditos adicionais, di\u00e1rias n\u00e3o comprovadas, aux\u00edlios\/indeniza\u00e7\u00e3o n\u00e3o comprovadas, despesas e procedimentos eleg\u00edveis \u00e0s c\u00e2maras municipais, di\u00e1rias, aux\u00edlios\/indeniza\u00e7\u00e3o e verba de desempenho parlamentar.<\/p>\n<p>&nbsp;<\/p>\n<p><img fetchpriority=\"high\" decoding=\"async\" class=\"alignnone size-medium wp-image-25741\" src=\"https:\/\/uvbbrasil.com.br\/wp-content\/uploads\/2022\/04\/WhatsApp-Image-2022-04-29-at-17.38.46-300x200.jpeg\" alt=\"\" width=\"300\" height=\"200\" srcset=\"https:\/\/uvbbrasil.com.br\/wp-content\/uploads\/2022\/04\/WhatsApp-Image-2022-04-29-at-17.38.46-300x200.jpeg 300w, https:\/\/uvbbrasil.com.br\/wp-content\/uploads\/2022\/04\/WhatsApp-Image-2022-04-29-at-17.38.46-1024x682.jpeg 1024w, https:\/\/uvbbrasil.com.br\/wp-content\/uploads\/2022\/04\/WhatsApp-Image-2022-04-29-at-17.38.46-768x512.jpeg 768w, https:\/\/uvbbrasil.com.br\/wp-content\/uploads\/2022\/04\/WhatsApp-Image-2022-04-29-at-17.38.46.jpeg 1280w\" sizes=\"(max-width: 300px) 100vw, 300px\" \/><\/p>\n<p><img decoding=\"async\" class=\"alignnone size-medium wp-image-25742\" src=\"https:\/\/uvbbrasil.com.br\/wp-content\/uploads\/2022\/04\/WhatsApp-Image-2022-04-29-at-17.38.47-300x200.jpeg\" alt=\"\" width=\"300\" height=\"200\" srcset=\"https:\/\/uvbbrasil.com.br\/wp-content\/uploads\/2022\/04\/WhatsApp-Image-2022-04-29-at-17.38.47-300x200.jpeg 300w, https:\/\/uvbbrasil.com.br\/wp-content\/uploads\/2022\/04\/WhatsApp-Image-2022-04-29-at-17.38.47-1024x682.jpeg 1024w, https:\/\/uvbbrasil.com.br\/wp-content\/uploads\/2022\/04\/WhatsApp-Image-2022-04-29-at-17.38.47-768x512.jpeg 768w, https:\/\/uvbbrasil.com.br\/wp-content\/uploads\/2022\/04\/WhatsApp-Image-2022-04-29-at-17.38.47.jpeg 1280w\" sizes=\"(max-width: 300px) 100vw, 300px\" \/><\/p>\n<p><img decoding=\"async\" class=\"alignnone size-medium wp-image-25743\" src=\"https:\/\/uvbbrasil.com.br\/wp-content\/uploads\/2022\/04\/WhatsApp-Image-2022-04-29-at-17.38.47-1-300x200.jpeg\" alt=\"\" width=\"300\" height=\"200\" srcset=\"https:\/\/uvbbrasil.com.br\/wp-content\/uploads\/2022\/04\/WhatsApp-Image-2022-04-29-at-17.38.47-1-300x200.jpeg 300w, https:\/\/uvbbrasil.com.br\/wp-content\/uploads\/2022\/04\/WhatsApp-Image-2022-04-29-at-17.38.47-1-1024x682.jpeg 1024w, https:\/\/uvbbrasil.com.br\/wp-content\/uploads\/2022\/04\/WhatsApp-Image-2022-04-29-at-17.38.47-1-768x512.jpeg 768w, https:\/\/uvbbrasil.com.br\/wp-content\/uploads\/2022\/04\/WhatsApp-Image-2022-04-29-at-17.38.47-1.jpeg 1280w\" sizes=\"(max-width: 300px) 100vw, 300px\" \/><img loading=\"lazy\" decoding=\"async\" class=\"alignnone size-medium wp-image-25744\" src=\"https:\/\/uvbbrasil.com.br\/wp-content\/uploads\/2022\/04\/WhatsApp-Image-2022-04-29-at-17.38.48-300x200.jpeg\" alt=\"\" width=\"300\" height=\"200\" srcset=\"https:\/\/uvbbrasil.com.br\/wp-content\/uploads\/2022\/04\/WhatsApp-Image-2022-04-29-at-17.38.48-300x200.jpeg 300w, https:\/\/uvbbrasil.com.br\/wp-content\/uploads\/2022\/04\/WhatsApp-Image-2022-04-29-at-17.38.48-1024x682.jpeg 1024w, https:\/\/uvbbrasil.com.br\/wp-content\/uploads\/2022\/04\/WhatsApp-Image-2022-04-29-at-17.38.48-768x512.jpeg 768w, https:\/\/uvbbrasil.com.br\/wp-content\/uploads\/2022\/04\/WhatsApp-Image-2022-04-29-at-17.38.48.jpeg 1280w\" sizes=\"(max-width: 300px) 100vw, 300px\" \/><img loading=\"lazy\" decoding=\"async\" class=\"alignnone size-medium wp-image-25745\" src=\"https:\/\/uvbbrasil.com.br\/wp-content\/uploads\/2022\/04\/WhatsApp-Image-2022-04-29-at-17.38.49-300x200.jpeg\" alt=\"\" width=\"300\" height=\"200\" srcset=\"https:\/\/uvbbrasil.com.br\/wp-content\/uploads\/2022\/04\/WhatsApp-Image-2022-04-29-at-17.38.49-300x200.jpeg 300w, https:\/\/uvbbrasil.com.br\/wp-content\/uploads\/2022\/04\/WhatsApp-Image-2022-04-29-at-17.38.49-1024x682.jpeg 1024w, https:\/\/uvbbrasil.com.br\/wp-content\/uploads\/2022\/04\/WhatsApp-Image-2022-04-29-at-17.38.49-768x512.jpeg 768w, https:\/\/uvbbrasil.com.br\/wp-content\/uploads\/2022\/04\/WhatsApp-Image-2022-04-29-at-17.38.49.jpeg 1280w\" sizes=\"(max-width: 300px) 100vw, 300px\" \/><\/p>\n","protected":false},"excerpt":{"rendered":"<p>Giordano Mota, contador, advogado, auditor, perito contador Judicial, mestre em administra\u00e7\u00e3o e controladoria e consultor da Uni\u00e3o dos Vereadores do&#8230;<\/p>\n","protected":false},"author":1,"featured_media":25745,"comment_status":"open","ping_status":"open","sticky":false,"template":"","format":"standard","meta":{"footnotes":""},"categories":[3,4],"tags":[],"class_list":["post-25740","post","type-post","status-publish","format-standard","has-post-thumbnail","hentry","category-noticias","category-home"],"yoast_head":"<!-- This site is optimized with the Yoast SEO plugin v26.7 - https:\/\/yoast.com\/wordpress\/plugins\/seo\/ -->\n<title>A responsabilidade dos vereadores perante os tribunais - UVB Brasil<\/title>\n<meta name=\"robots\" content=\"index, follow, max-snippet:-1, max-image-preview:large, max-video-preview:-1\" \/>\n<link rel=\"canonical\" href=\"https:\/\/uvbbrasil.com.br\/a-responsabilidade-dos-vereadores-perante-os-tribunais\/\" \/>\n<meta property=\"og:locale\" content=\"pt_BR\" \/>\n<meta property=\"og:type\" content=\"article\" \/>\n<meta property=\"og:title\" content=\"A responsabilidade dos vereadores perante os tribunais - UVB Brasil\" \/>\n<meta property=\"og:description\" content=\"Giordano Mota, contador, advogado, auditor, perito contador Judicial, mestre em administra\u00e7\u00e3o e controladoria e consultor da Uni\u00e3o dos Vereadores do...\" \/>\n<meta property=\"og:url\" content=\"https:\/\/uvbbrasil.com.br\/a-responsabilidade-dos-vereadores-perante-os-tribunais\/\" \/>\n<meta property=\"og:site_name\" content=\"UVB Brasil\" \/>\n<meta property=\"article:publisher\" content=\"https:\/\/www.facebook.com\/uvb.vereadoresbrasil\" \/>\n<meta property=\"article:published_time\" content=\"2022-04-30T10:00:24+00:00\" \/>\n<meta property=\"og:image\" content=\"https:\/\/uvbbrasil.com.br\/wp-content\/uploads\/2022\/04\/WhatsApp-Image-2022-04-29-at-17.38.49.jpeg\" \/>\n\t<meta property=\"og:image:width\" content=\"1280\" \/>\n\t<meta property=\"og:image:height\" content=\"853\" \/>\n\t<meta property=\"og:image:type\" content=\"image\/jpeg\" \/>\n<meta name=\"author\" content=\"adminuvb\" \/>\n<meta name=\"twitter:card\" content=\"summary_large_image\" \/>\n<meta name=\"twitter:label1\" content=\"Escrito por\" \/>\n\t<meta name=\"twitter:data1\" content=\"adminuvb\" \/>\n\t<meta name=\"twitter:label2\" content=\"Est. tempo de leitura\" \/>\n\t<meta name=\"twitter:data2\" content=\"4 minutos\" \/>\n<script type=\"application\/ld+json\" class=\"yoast-schema-graph\">{\"@context\":\"https:\/\/schema.org\",\"@graph\":[{\"@type\":\"Article\",\"@id\":\"https:\/\/uvbbrasil.com.br\/a-responsabilidade-dos-vereadores-perante-os-tribunais\/#article\",\"isPartOf\":{\"@id\":\"https:\/\/uvbbrasil.com.br\/a-responsabilidade-dos-vereadores-perante-os-tribunais\/\"},\"author\":{\"name\":\"adminuvb\",\"@id\":\"https:\/\/uvbbrasil.com.br\/#\/schema\/person\/17990098446c098f52effddff4f1b272\"},\"headline\":\"A responsabilidade dos vereadores perante os tribunais\",\"datePublished\":\"2022-04-30T10:00:24+00:00\",\"mainEntityOfPage\":{\"@id\":\"https:\/\/uvbbrasil.com.br\/a-responsabilidade-dos-vereadores-perante-os-tribunais\/\"},\"wordCount\":632,\"commentCount\":0,\"publisher\":{\"@id\":\"https:\/\/uvbbrasil.com.br\/#organization\"},\"image\":{\"@id\":\"https:\/\/uvbbrasil.com.br\/a-responsabilidade-dos-vereadores-perante-os-tribunais\/#primaryimage\"},\"thumbnailUrl\":\"https:\/\/uvbbrasil.com.br\/wp-content\/uploads\/2022\/04\/WhatsApp-Image-2022-04-29-at-17.38.49.jpeg\",\"articleSection\":[\"NOT\u00cdCIAS\",\"UVB\"],\"inLanguage\":\"pt-BR\",\"potentialAction\":[{\"@type\":\"CommentAction\",\"name\":\"Comment\",\"target\":[\"https:\/\/uvbbrasil.com.br\/a-responsabilidade-dos-vereadores-perante-os-tribunais\/#respond\"]}]},{\"@type\":\"WebPage\",\"@id\":\"https:\/\/uvbbrasil.com.br\/a-responsabilidade-dos-vereadores-perante-os-tribunais\/\",\"url\":\"https:\/\/uvbbrasil.com.br\/a-responsabilidade-dos-vereadores-perante-os-tribunais\/\",\"name\":\"A responsabilidade dos vereadores perante os tribunais - UVB Brasil\",\"isPartOf\":{\"@id\":\"https:\/\/uvbbrasil.com.br\/#website\"},\"primaryImageOfPage\":{\"@id\":\"https:\/\/uvbbrasil.com.br\/a-responsabilidade-dos-vereadores-perante-os-tribunais\/#primaryimage\"},\"image\":{\"@id\":\"https:\/\/uvbbrasil.com.br\/a-responsabilidade-dos-vereadores-perante-os-tribunais\/#primaryimage\"},\"thumbnailUrl\":\"https:\/\/uvbbrasil.com.br\/wp-content\/uploads\/2022\/04\/WhatsApp-Image-2022-04-29-at-17.38.49.jpeg\",\"datePublished\":\"2022-04-30T10:00:24+00:00\",\"breadcrumb\":{\"@id\":\"https:\/\/uvbbrasil.com.br\/a-responsabilidade-dos-vereadores-perante-os-tribunais\/#breadcrumb\"},\"inLanguage\":\"pt-BR\",\"potentialAction\":[{\"@type\":\"ReadAction\",\"target\":[\"https:\/\/uvbbrasil.com.br\/a-responsabilidade-dos-vereadores-perante-os-tribunais\/\"]}]},{\"@type\":\"ImageObject\",\"inLanguage\":\"pt-BR\",\"@id\":\"https:\/\/uvbbrasil.com.br\/a-responsabilidade-dos-vereadores-perante-os-tribunais\/#primaryimage\",\"url\":\"https:\/\/uvbbrasil.com.br\/wp-content\/uploads\/2022\/04\/WhatsApp-Image-2022-04-29-at-17.38.49.jpeg\",\"contentUrl\":\"https:\/\/uvbbrasil.com.br\/wp-content\/uploads\/2022\/04\/WhatsApp-Image-2022-04-29-at-17.38.49.jpeg\",\"width\":1280,\"height\":853},{\"@type\":\"BreadcrumbList\",\"@id\":\"https:\/\/uvbbrasil.com.br\/a-responsabilidade-dos-vereadores-perante-os-tribunais\/#breadcrumb\",\"itemListElement\":[{\"@type\":\"ListItem\",\"position\":1,\"name\":\"In\u00edcio\",\"item\":\"https:\/\/uvbbrasil.com.br\/\"},{\"@type\":\"ListItem\",\"position\":2,\"name\":\"A responsabilidade dos vereadores perante os tribunais\"}]},{\"@type\":\"WebSite\",\"@id\":\"https:\/\/uvbbrasil.com.br\/#website\",\"url\":\"https:\/\/uvbbrasil.com.br\/\",\"name\":\"UVB Brasil\",\"description\":\"Uni\u00e3o dos Vereadores do Brasil\",\"publisher\":{\"@id\":\"https:\/\/uvbbrasil.com.br\/#organization\"},\"potentialAction\":[{\"@type\":\"SearchAction\",\"target\":{\"@type\":\"EntryPoint\",\"urlTemplate\":\"https:\/\/uvbbrasil.com.br\/?s={search_term_string}\"},\"query-input\":{\"@type\":\"PropertyValueSpecification\",\"valueRequired\":true,\"valueName\":\"search_term_string\"}}],\"inLanguage\":\"pt-BR\"},{\"@type\":\"Organization\",\"@id\":\"https:\/\/uvbbrasil.com.br\/#organization\",\"name\":\"UVB Brasil\",\"url\":\"https:\/\/uvbbrasil.com.br\/\",\"logo\":{\"@type\":\"ImageObject\",\"inLanguage\":\"pt-BR\",\"@id\":\"https:\/\/uvbbrasil.com.br\/#\/schema\/logo\/image\/\",\"url\":\"https:\/\/uvbbrasil.com.br\/wp-content\/uploads\/2025\/01\/LOGO-UVB-2024-azul-1.jpg\",\"contentUrl\":\"https:\/\/uvbbrasil.com.br\/wp-content\/uploads\/2025\/01\/LOGO-UVB-2024-azul-1.jpg\",\"width\":600,\"height\":211,\"caption\":\"UVB Brasil\"},\"image\":{\"@id\":\"https:\/\/uvbbrasil.com.br\/#\/schema\/logo\/image\/\"},\"sameAs\":[\"https:\/\/www.facebook.com\/uvb.vereadoresbrasil\",\"https:\/\/www.instagram.com\/uvbbrasil\/\",\"https:\/\/www.youtube.com\/channel\/UCIlPQ8Xzw5GHNzosQIg9S5A\"]},{\"@type\":\"Person\",\"@id\":\"https:\/\/uvbbrasil.com.br\/#\/schema\/person\/17990098446c098f52effddff4f1b272\",\"name\":\"adminuvb\",\"image\":{\"@type\":\"ImageObject\",\"inLanguage\":\"pt-BR\",\"@id\":\"https:\/\/uvbbrasil.com.br\/#\/schema\/person\/image\/\",\"url\":\"https:\/\/secure.gravatar.com\/avatar\/1a494ea6f8e2dd1ae526e55b0e9497efdba542491e0620d704cccf63c6f77c45?s=96&d=mm&r=g\",\"contentUrl\":\"https:\/\/secure.gravatar.com\/avatar\/1a494ea6f8e2dd1ae526e55b0e9497efdba542491e0620d704cccf63c6f77c45?s=96&d=mm&r=g\",\"caption\":\"adminuvb\"},\"sameAs\":[\"https:\/\/uvbbrasil.com.br\"],\"url\":\"https:\/\/uvbbrasil.com.br\/author\/adminuvb\/\"}]}<\/script>\n<!-- \/ Yoast SEO plugin. -->","yoast_head_json":{"title":"A responsabilidade dos vereadores perante os tribunais - UVB Brasil","robots":{"index":"index","follow":"follow","max-snippet":"max-snippet:-1","max-image-preview":"max-image-preview:large","max-video-preview":"max-video-preview:-1"},"canonical":"https:\/\/uvbbrasil.com.br\/a-responsabilidade-dos-vereadores-perante-os-tribunais\/","og_locale":"pt_BR","og_type":"article","og_title":"A responsabilidade dos vereadores perante os tribunais - UVB Brasil","og_description":"Giordano Mota, contador, advogado, auditor, perito contador Judicial, mestre em administra\u00e7\u00e3o e controladoria e consultor da Uni\u00e3o dos Vereadores do...","og_url":"https:\/\/uvbbrasil.com.br\/a-responsabilidade-dos-vereadores-perante-os-tribunais\/","og_site_name":"UVB Brasil","article_publisher":"https:\/\/www.facebook.com\/uvb.vereadoresbrasil","article_published_time":"2022-04-30T10:00:24+00:00","og_image":[{"width":1280,"height":853,"url":"https:\/\/uvbbrasil.com.br\/wp-content\/uploads\/2022\/04\/WhatsApp-Image-2022-04-29-at-17.38.49.jpeg","type":"image\/jpeg"}],"author":"adminuvb","twitter_card":"summary_large_image","twitter_misc":{"Escrito por":"adminuvb","Est. tempo de leitura":"4 minutos"},"schema":{"@context":"https:\/\/schema.org","@graph":[{"@type":"Article","@id":"https:\/\/uvbbrasil.com.br\/a-responsabilidade-dos-vereadores-perante-os-tribunais\/#article","isPartOf":{"@id":"https:\/\/uvbbrasil.com.br\/a-responsabilidade-dos-vereadores-perante-os-tribunais\/"},"author":{"name":"adminuvb","@id":"https:\/\/uvbbrasil.com.br\/#\/schema\/person\/17990098446c098f52effddff4f1b272"},"headline":"A responsabilidade dos vereadores perante os tribunais","datePublished":"2022-04-30T10:00:24+00:00","mainEntityOfPage":{"@id":"https:\/\/uvbbrasil.com.br\/a-responsabilidade-dos-vereadores-perante-os-tribunais\/"},"wordCount":632,"commentCount":0,"publisher":{"@id":"https:\/\/uvbbrasil.com.br\/#organization"},"image":{"@id":"https:\/\/uvbbrasil.com.br\/a-responsabilidade-dos-vereadores-perante-os-tribunais\/#primaryimage"},"thumbnailUrl":"https:\/\/uvbbrasil.com.br\/wp-content\/uploads\/2022\/04\/WhatsApp-Image-2022-04-29-at-17.38.49.jpeg","articleSection":["NOT\u00cdCIAS","UVB"],"inLanguage":"pt-BR","potentialAction":[{"@type":"CommentAction","name":"Comment","target":["https:\/\/uvbbrasil.com.br\/a-responsabilidade-dos-vereadores-perante-os-tribunais\/#respond"]}]},{"@type":"WebPage","@id":"https:\/\/uvbbrasil.com.br\/a-responsabilidade-dos-vereadores-perante-os-tribunais\/","url":"https:\/\/uvbbrasil.com.br\/a-responsabilidade-dos-vereadores-perante-os-tribunais\/","name":"A responsabilidade dos vereadores perante os tribunais - UVB Brasil","isPartOf":{"@id":"https:\/\/uvbbrasil.com.br\/#website"},"primaryImageOfPage":{"@id":"https:\/\/uvbbrasil.com.br\/a-responsabilidade-dos-vereadores-perante-os-tribunais\/#primaryimage"},"image":{"@id":"https:\/\/uvbbrasil.com.br\/a-responsabilidade-dos-vereadores-perante-os-tribunais\/#primaryimage"},"thumbnailUrl":"https:\/\/uvbbrasil.com.br\/wp-content\/uploads\/2022\/04\/WhatsApp-Image-2022-04-29-at-17.38.49.jpeg","datePublished":"2022-04-30T10:00:24+00:00","breadcrumb":{"@id":"https:\/\/uvbbrasil.com.br\/a-responsabilidade-dos-vereadores-perante-os-tribunais\/#breadcrumb"},"inLanguage":"pt-BR","potentialAction":[{"@type":"ReadAction","target":["https:\/\/uvbbrasil.com.br\/a-responsabilidade-dos-vereadores-perante-os-tribunais\/"]}]},{"@type":"ImageObject","inLanguage":"pt-BR","@id":"https:\/\/uvbbrasil.com.br\/a-responsabilidade-dos-vereadores-perante-os-tribunais\/#primaryimage","url":"https:\/\/uvbbrasil.com.br\/wp-content\/uploads\/2022\/04\/WhatsApp-Image-2022-04-29-at-17.38.49.jpeg","contentUrl":"https:\/\/uvbbrasil.com.br\/wp-content\/uploads\/2022\/04\/WhatsApp-Image-2022-04-29-at-17.38.49.jpeg","width":1280,"height":853},{"@type":"BreadcrumbList","@id":"https:\/\/uvbbrasil.com.br\/a-responsabilidade-dos-vereadores-perante-os-tribunais\/#breadcrumb","itemListElement":[{"@type":"ListItem","position":1,"name":"In\u00edcio","item":"https:\/\/uvbbrasil.com.br\/"},{"@type":"ListItem","position":2,"name":"A responsabilidade dos vereadores perante os tribunais"}]},{"@type":"WebSite","@id":"https:\/\/uvbbrasil.com.br\/#website","url":"https:\/\/uvbbrasil.com.br\/","name":"UVB Brasil","description":"Uni\u00e3o dos Vereadores do Brasil","publisher":{"@id":"https:\/\/uvbbrasil.com.br\/#organization"},"potentialAction":[{"@type":"SearchAction","target":{"@type":"EntryPoint","urlTemplate":"https:\/\/uvbbrasil.com.br\/?s={search_term_string}"},"query-input":{"@type":"PropertyValueSpecification","valueRequired":true,"valueName":"search_term_string"}}],"inLanguage":"pt-BR"},{"@type":"Organization","@id":"https:\/\/uvbbrasil.com.br\/#organization","name":"UVB Brasil","url":"https:\/\/uvbbrasil.com.br\/","logo":{"@type":"ImageObject","inLanguage":"pt-BR","@id":"https:\/\/uvbbrasil.com.br\/#\/schema\/logo\/image\/","url":"https:\/\/uvbbrasil.com.br\/wp-content\/uploads\/2025\/01\/LOGO-UVB-2024-azul-1.jpg","contentUrl":"https:\/\/uvbbrasil.com.br\/wp-content\/uploads\/2025\/01\/LOGO-UVB-2024-azul-1.jpg","width":600,"height":211,"caption":"UVB Brasil"},"image":{"@id":"https:\/\/uvbbrasil.com.br\/#\/schema\/logo\/image\/"},"sameAs":["https:\/\/www.facebook.com\/uvb.vereadoresbrasil","https:\/\/www.instagram.com\/uvbbrasil\/","https:\/\/www.youtube.com\/channel\/UCIlPQ8Xzw5GHNzosQIg9S5A"]},{"@type":"Person","@id":"https:\/\/uvbbrasil.com.br\/#\/schema\/person\/17990098446c098f52effddff4f1b272","name":"adminuvb","image":{"@type":"ImageObject","inLanguage":"pt-BR","@id":"https:\/\/uvbbrasil.com.br\/#\/schema\/person\/image\/","url":"https:\/\/secure.gravatar.com\/avatar\/1a494ea6f8e2dd1ae526e55b0e9497efdba542491e0620d704cccf63c6f77c45?s=96&d=mm&r=g","contentUrl":"https:\/\/secure.gravatar.com\/avatar\/1a494ea6f8e2dd1ae526e55b0e9497efdba542491e0620d704cccf63c6f77c45?s=96&d=mm&r=g","caption":"adminuvb"},"sameAs":["https:\/\/uvbbrasil.com.br"],"url":"https:\/\/uvbbrasil.com.br\/author\/adminuvb\/"}]}},"_links":{"self":[{"href":"https:\/\/uvbbrasil.com.br\/uvb-json\/wp\/v2\/posts\/25740","targetHints":{"allow":["GET"]}}],"collection":[{"href":"https:\/\/uvbbrasil.com.br\/uvb-json\/wp\/v2\/posts"}],"about":[{"href":"https:\/\/uvbbrasil.com.br\/uvb-json\/wp\/v2\/types\/post"}],"author":[{"embeddable":true,"href":"https:\/\/uvbbrasil.com.br\/uvb-json\/wp\/v2\/users\/1"}],"replies":[{"embeddable":true,"href":"https:\/\/uvbbrasil.com.br\/uvb-json\/wp\/v2\/comments?post=25740"}],"version-history":[{"count":0,"href":"https:\/\/uvbbrasil.com.br\/uvb-json\/wp\/v2\/posts\/25740\/revisions"}],"wp:featuredmedia":[{"embeddable":true,"href":"https:\/\/uvbbrasil.com.br\/uvb-json\/wp\/v2\/media\/25745"}],"wp:attachment":[{"href":"https:\/\/uvbbrasil.com.br\/uvb-json\/wp\/v2\/media?parent=25740"}],"wp:term":[{"taxonomy":"category","embeddable":true,"href":"https:\/\/uvbbrasil.com.br\/uvb-json\/wp\/v2\/categories?post=25740"},{"taxonomy":"post_tag","embeddable":true,"href":"https:\/\/uvbbrasil.com.br\/uvb-json\/wp\/v2\/tags?post=25740"}],"curies":[{"name":"wp","href":"https:\/\/api.w.org\/{rel}","templated":true}]}}