{"id":25727,"date":"2022-04-27T19:10:56","date_gmt":"2022-04-27T22:10:56","guid":{"rendered":"https:\/\/wpsandbox4.pante.com.br\/?p=25727"},"modified":"2022-04-27T19:10:56","modified_gmt":"2022-04-27T22:10:56","slug":"relacao-entre-poder-legislativo-e-judiciario","status":"publish","type":"post","link":"https:\/\/uvbbrasil.com.br\/relacao-entre-poder-legislativo-e-judiciario\/","title":{"rendered":"Rela\u00e7\u00e3o entre Poder Legislativo e Judici\u00e1rio"},"content":{"rendered":"<p>O juiz F\u00e1bio Esteves que atualmente exerce o cargo de Juiz Instrutor do Gabinete do Ministro Edson Fachin, no STF, professor de Direito Constitucional e de Direito Administrativo da Escola da Magistratura do Distrito Federal, participou na\u00a0 tarde desta ter\u00e7a-feira (26 ) da XXI Marcha dos Legislativos Municipais, onde explanou sobre a rela\u00e7\u00e3o entre o poder legislativo e o Judici\u00e1rio.<\/p>\n<p>Esta rela\u00e7\u00e3o do Poder Legislativo e o Judici\u00e1rio diversifica, cada caso com suas peculiaridades e caracter\u00edsticas pr\u00f3prias, estabelecendo v\u00e1rias forma\u00e7\u00f5es e diferen\u00e7as de prelacio mamente o entre si.\u00a0 H\u00e1 desde as separa\u00e7\u00f5es mais r\u00edgidas, como \u00e9 o caso do Brasil, com garantias claras enformais de autonomia, at\u00e9 ou tr\u00e1s menos, como se v\u00ea regimes parlamentaristas. E h\u00e1 \u00f3rg\u00e3os e institui\u00e7\u00f5es independentes que sequer figuram nessa rela\u00e7\u00e3o. No Brasil, por exemplo, os tribunais de contas s\u00e3o dotados de garantias que conferem autonomia, embora n\u00e3o integrem quaisquer dos poderes. Em Portugal, h\u00e1 refer\u00eancia na Constitui\u00e7\u00e3o n\u00e3o ao Pode r Judici\u00e1rio, mas aos tribunais, entre os quais se incluem os tribunais de contas como um tribunal especializado em mat\u00e9ria financeira. Nos pa\u00edses de tradi\u00e7\u00e3o anglo-sax\u00e3, nem existem tribunais de contas, e as fun\u00e7\u00f5es de an\u00e1lise das contas p\u00fablicas s\u00e3o por \u00f3rg\u00e3os n\u00e3o colegiados chamados \u201cescrit\u00f3rios de audit\u00f3rio\u201d. \u00c9 o caso, para citar alguns exemplo<\/p>\n<p>No Brasil, os tribunais do Poder Judici\u00e1rio e os tribunais de contas de exerc\u00edcio fun\u00e7\u00f5es essenciais e fundamentais para o funcionamento de nosso Estado Democr\u00e1tico de Direito, e a harmonia entre eles, logo preconizada no artigo 2\u00bada Constitui\u00e7\u00e3o, sempre deve prevalecer e h\u00e1 de s\u00e9rum principio ido a ser seguido \u00e0 risca, sem o que todos saem prejudicados. Trata-se de uma rela\u00e7\u00e3o importante no \u00e2mbito do Direito Financeiro, detalhes exigidos por vezes configura\u00e7\u00f5es dei-nos que pouco t\u00eam sido analisados \u200b\u200be abordados e demandam uma rela\u00e7\u00e3o importante no \u00e2mbito do Direito Financeiro, detalhes exigidos por vezes configura\u00e7\u00f5es dei-nos que pouco t\u00eam sido analisados \u200b\u200be abordados e demandam um maior aprofundamento.<img fetchpriority=\"high\" decoding=\"async\" class=\"alignnone size-medium wp-image-25733\" src=\"https:\/\/uvbbrasil.com.br\/wp-content\/uploads\/2022\/04\/WhatsApp-Image-2022-04-27-at-18.20.50-300x200.jpeg\" alt=\"\" width=\"300\" height=\"200\" srcset=\"https:\/\/uvbbrasil.com.br\/wp-content\/uploads\/2022\/04\/WhatsApp-Image-2022-04-27-at-18.20.50-300x200.jpeg 300w, https:\/\/uvbbrasil.com.br\/wp-content\/uploads\/2022\/04\/WhatsApp-Image-2022-04-27-at-18.20.50-1024x682.jpeg 1024w, https:\/\/uvbbrasil.com.br\/wp-content\/uploads\/2022\/04\/WhatsApp-Image-2022-04-27-at-18.20.50-768x512.jpeg 768w, https:\/\/uvbbrasil.com.br\/wp-content\/uploads\/2022\/04\/WhatsApp-Image-2022-04-27-at-18.20.50.jpeg 1280w\" sizes=\"(max-width: 300px) 100vw, 300px\" \/><\/p>\n<p><img decoding=\"async\" class=\"alignnone size-medium wp-image-25732\" src=\"https:\/\/uvbbrasil.com.br\/wp-content\/uploads\/2022\/04\/WhatsApp-Image-2022-04-27-at-18.20.49-300x200.jpeg\" alt=\"\" width=\"300\" height=\"200\" srcset=\"https:\/\/uvbbrasil.com.br\/wp-content\/uploads\/2022\/04\/WhatsApp-Image-2022-04-27-at-18.20.49-300x200.jpeg 300w, https:\/\/uvbbrasil.com.br\/wp-content\/uploads\/2022\/04\/WhatsApp-Image-2022-04-27-at-18.20.49-1024x682.jpeg 1024w, https:\/\/uvbbrasil.com.br\/wp-content\/uploads\/2022\/04\/WhatsApp-Image-2022-04-27-at-18.20.49-768x512.jpeg 768w, https:\/\/uvbbrasil.com.br\/wp-content\/uploads\/2022\/04\/WhatsApp-Image-2022-04-27-at-18.20.49.jpeg 1280w\" sizes=\"(max-width: 300px) 100vw, 300px\" \/><img decoding=\"async\" class=\"alignnone size-medium wp-image-25728\" src=\"https:\/\/uvbbrasil.com.br\/wp-content\/uploads\/2022\/04\/WhatsApp-Image-2022-04-27-at-18.20.43-300x200.jpeg\" alt=\"\" width=\"300\" height=\"200\" srcset=\"https:\/\/uvbbrasil.com.br\/wp-content\/uploads\/2022\/04\/WhatsApp-Image-2022-04-27-at-18.20.43-300x200.jpeg 300w, https:\/\/uvbbrasil.com.br\/wp-content\/uploads\/2022\/04\/WhatsApp-Image-2022-04-27-at-18.20.43-1024x682.jpeg 1024w, https:\/\/uvbbrasil.com.br\/wp-content\/uploads\/2022\/04\/WhatsApp-Image-2022-04-27-at-18.20.43-768x512.jpeg 768w, https:\/\/uvbbrasil.com.br\/wp-content\/uploads\/2022\/04\/WhatsApp-Image-2022-04-27-at-18.20.43.jpeg 1280w\" sizes=\"(max-width: 300px) 100vw, 300px\" \/><img loading=\"lazy\" decoding=\"async\" class=\"alignnone size-medium wp-image-25729\" src=\"https:\/\/uvbbrasil.com.br\/wp-content\/uploads\/2022\/04\/WhatsApp-Image-2022-04-27-at-18.20.42-300x200.jpeg\" alt=\"\" width=\"300\" height=\"200\" srcset=\"https:\/\/uvbbrasil.com.br\/wp-content\/uploads\/2022\/04\/WhatsApp-Image-2022-04-27-at-18.20.42-300x200.jpeg 300w, https:\/\/uvbbrasil.com.br\/wp-content\/uploads\/2022\/04\/WhatsApp-Image-2022-04-27-at-18.20.42-1024x682.jpeg 1024w, https:\/\/uvbbrasil.com.br\/wp-content\/uploads\/2022\/04\/WhatsApp-Image-2022-04-27-at-18.20.42-768x512.jpeg 768w, https:\/\/uvbbrasil.com.br\/wp-content\/uploads\/2022\/04\/WhatsApp-Image-2022-04-27-at-18.20.42.jpeg 1280w\" sizes=\"(max-width: 300px) 100vw, 300px\" \/><img loading=\"lazy\" decoding=\"async\" class=\"alignnone size-medium wp-image-25731\" src=\"https:\/\/uvbbrasil.com.br\/wp-content\/uploads\/2022\/04\/WhatsApp-Image-2022-04-27-at-18.20.47-300x200.jpeg\" alt=\"\" width=\"300\" height=\"200\" srcset=\"https:\/\/uvbbrasil.com.br\/wp-content\/uploads\/2022\/04\/WhatsApp-Image-2022-04-27-at-18.20.47-300x200.jpeg 300w, https:\/\/uvbbrasil.com.br\/wp-content\/uploads\/2022\/04\/WhatsApp-Image-2022-04-27-at-18.20.47-1024x682.jpeg 1024w, https:\/\/uvbbrasil.com.br\/wp-content\/uploads\/2022\/04\/WhatsApp-Image-2022-04-27-at-18.20.47-768x512.jpeg 768w, https:\/\/uvbbrasil.com.br\/wp-content\/uploads\/2022\/04\/WhatsApp-Image-2022-04-27-at-18.20.47.jpeg 1280w\" sizes=\"(max-width: 300px) 100vw, 300px\" \/><\/p>\n","protected":false},"excerpt":{"rendered":"<p>O juiz F\u00e1bio Esteves que atualmente exerce o cargo de Juiz Instrutor do Gabinete do Ministro Edson Fachin, no STF,&#8230;<\/p>\n","protected":false},"author":1,"featured_media":25729,"comment_status":"open","ping_status":"open","sticky":false,"template":"","format":"standard","meta":{"footnotes":""},"categories":[3,4],"tags":[],"class_list":["post-25727","post","type-post","status-publish","format-standard","has-post-thumbnail","hentry","category-noticias","category-home"],"yoast_head":"<!-- This site is optimized with the Yoast SEO plugin v26.7 - https:\/\/yoast.com\/wordpress\/plugins\/seo\/ -->\n<title>Rela\u00e7\u00e3o entre Poder Legislativo e Judici\u00e1rio - UVB Brasil<\/title>\n<meta name=\"robots\" content=\"index, follow, max-snippet:-1, max-image-preview:large, max-video-preview:-1\" \/>\n<link rel=\"canonical\" href=\"https:\/\/uvbbrasil.com.br\/relacao-entre-poder-legislativo-e-judiciario\/\" \/>\n<meta property=\"og:locale\" content=\"pt_BR\" \/>\n<meta property=\"og:type\" content=\"article\" \/>\n<meta property=\"og:title\" content=\"Rela\u00e7\u00e3o entre Poder Legislativo e Judici\u00e1rio - UVB Brasil\" \/>\n<meta property=\"og:description\" content=\"O juiz F\u00e1bio Esteves que atualmente exerce o cargo de Juiz Instrutor do Gabinete do Ministro Edson Fachin, no STF,...\" \/>\n<meta property=\"og:url\" content=\"https:\/\/uvbbrasil.com.br\/relacao-entre-poder-legislativo-e-judiciario\/\" \/>\n<meta property=\"og:site_name\" content=\"UVB Brasil\" \/>\n<meta property=\"article:publisher\" content=\"https:\/\/www.facebook.com\/uvb.vereadoresbrasil\" \/>\n<meta property=\"article:published_time\" content=\"2022-04-27T22:10:56+00:00\" \/>\n<meta property=\"og:image\" content=\"https:\/\/uvbbrasil.com.br\/wp-content\/uploads\/2022\/04\/WhatsApp-Image-2022-04-27-at-18.20.42.jpeg\" \/>\n\t<meta property=\"og:image:width\" content=\"1280\" \/>\n\t<meta property=\"og:image:height\" content=\"853\" \/>\n\t<meta property=\"og:image:type\" content=\"image\/jpeg\" \/>\n<meta name=\"author\" content=\"adminuvb\" \/>\n<meta name=\"twitter:card\" content=\"summary_large_image\" \/>\n<meta name=\"twitter:label1\" content=\"Escrito por\" \/>\n\t<meta name=\"twitter:data1\" content=\"adminuvb\" \/>\n\t<meta name=\"twitter:label2\" content=\"Est. tempo de leitura\" \/>\n\t<meta name=\"twitter:data2\" content=\"2 minutos\" \/>\n<script type=\"application\/ld+json\" class=\"yoast-schema-graph\">{\"@context\":\"https:\/\/schema.org\",\"@graph\":[{\"@type\":\"Article\",\"@id\":\"https:\/\/uvbbrasil.com.br\/relacao-entre-poder-legislativo-e-judiciario\/#article\",\"isPartOf\":{\"@id\":\"https:\/\/uvbbrasil.com.br\/relacao-entre-poder-legislativo-e-judiciario\/\"},\"author\":{\"name\":\"adminuvb\",\"@id\":\"https:\/\/uvbbrasil.com.br\/#\/schema\/person\/17990098446c098f52effddff4f1b272\"},\"headline\":\"Rela\u00e7\u00e3o entre Poder Legislativo e Judici\u00e1rio\",\"datePublished\":\"2022-04-27T22:10:56+00:00\",\"mainEntityOfPage\":{\"@id\":\"https:\/\/uvbbrasil.com.br\/relacao-entre-poder-legislativo-e-judiciario\/\"},\"wordCount\":369,\"commentCount\":0,\"publisher\":{\"@id\":\"https:\/\/uvbbrasil.com.br\/#organization\"},\"image\":{\"@id\":\"https:\/\/uvbbrasil.com.br\/relacao-entre-poder-legislativo-e-judiciario\/#primaryimage\"},\"thumbnailUrl\":\"https:\/\/uvbbrasil.com.br\/wp-content\/uploads\/2022\/04\/WhatsApp-Image-2022-04-27-at-18.20.42.jpeg\",\"articleSection\":[\"NOT\u00cdCIAS\",\"UVB\"],\"inLanguage\":\"pt-BR\",\"potentialAction\":[{\"@type\":\"CommentAction\",\"name\":\"Comment\",\"target\":[\"https:\/\/uvbbrasil.com.br\/relacao-entre-poder-legislativo-e-judiciario\/#respond\"]}]},{\"@type\":\"WebPage\",\"@id\":\"https:\/\/uvbbrasil.com.br\/relacao-entre-poder-legislativo-e-judiciario\/\",\"url\":\"https:\/\/uvbbrasil.com.br\/relacao-entre-poder-legislativo-e-judiciario\/\",\"name\":\"Rela\u00e7\u00e3o entre Poder Legislativo e Judici\u00e1rio - UVB Brasil\",\"isPartOf\":{\"@id\":\"https:\/\/uvbbrasil.com.br\/#website\"},\"primaryImageOfPage\":{\"@id\":\"https:\/\/uvbbrasil.com.br\/relacao-entre-poder-legislativo-e-judiciario\/#primaryimage\"},\"image\":{\"@id\":\"https:\/\/uvbbrasil.com.br\/relacao-entre-poder-legislativo-e-judiciario\/#primaryimage\"},\"thumbnailUrl\":\"https:\/\/uvbbrasil.com.br\/wp-content\/uploads\/2022\/04\/WhatsApp-Image-2022-04-27-at-18.20.42.jpeg\",\"datePublished\":\"2022-04-27T22:10:56+00:00\",\"breadcrumb\":{\"@id\":\"https:\/\/uvbbrasil.com.br\/relacao-entre-poder-legislativo-e-judiciario\/#breadcrumb\"},\"inLanguage\":\"pt-BR\",\"potentialAction\":[{\"@type\":\"ReadAction\",\"target\":[\"https:\/\/uvbbrasil.com.br\/relacao-entre-poder-legislativo-e-judiciario\/\"]}]},{\"@type\":\"ImageObject\",\"inLanguage\":\"pt-BR\",\"@id\":\"https:\/\/uvbbrasil.com.br\/relacao-entre-poder-legislativo-e-judiciario\/#primaryimage\",\"url\":\"https:\/\/uvbbrasil.com.br\/wp-content\/uploads\/2022\/04\/WhatsApp-Image-2022-04-27-at-18.20.42.jpeg\",\"contentUrl\":\"https:\/\/uvbbrasil.com.br\/wp-content\/uploads\/2022\/04\/WhatsApp-Image-2022-04-27-at-18.20.42.jpeg\",\"width\":1280,\"height\":853},{\"@type\":\"BreadcrumbList\",\"@id\":\"https:\/\/uvbbrasil.com.br\/relacao-entre-poder-legislativo-e-judiciario\/#breadcrumb\",\"itemListElement\":[{\"@type\":\"ListItem\",\"position\":1,\"name\":\"In\u00edcio\",\"item\":\"https:\/\/uvbbrasil.com.br\/\"},{\"@type\":\"ListItem\",\"position\":2,\"name\":\"Rela\u00e7\u00e3o entre Poder Legislativo e Judici\u00e1rio\"}]},{\"@type\":\"WebSite\",\"@id\":\"https:\/\/uvbbrasil.com.br\/#website\",\"url\":\"https:\/\/uvbbrasil.com.br\/\",\"name\":\"UVB Brasil\",\"description\":\"Uni\u00e3o dos Vereadores do Brasil\",\"publisher\":{\"@id\":\"https:\/\/uvbbrasil.com.br\/#organization\"},\"potentialAction\":[{\"@type\":\"SearchAction\",\"target\":{\"@type\":\"EntryPoint\",\"urlTemplate\":\"https:\/\/uvbbrasil.com.br\/?s={search_term_string}\"},\"query-input\":{\"@type\":\"PropertyValueSpecification\",\"valueRequired\":true,\"valueName\":\"search_term_string\"}}],\"inLanguage\":\"pt-BR\"},{\"@type\":\"Organization\",\"@id\":\"https:\/\/uvbbrasil.com.br\/#organization\",\"name\":\"UVB Brasil\",\"url\":\"https:\/\/uvbbrasil.com.br\/\",\"logo\":{\"@type\":\"ImageObject\",\"inLanguage\":\"pt-BR\",\"@id\":\"https:\/\/uvbbrasil.com.br\/#\/schema\/logo\/image\/\",\"url\":\"https:\/\/uvbbrasil.com.br\/wp-content\/uploads\/2025\/01\/LOGO-UVB-2024-azul-1.jpg\",\"contentUrl\":\"https:\/\/uvbbrasil.com.br\/wp-content\/uploads\/2025\/01\/LOGO-UVB-2024-azul-1.jpg\",\"width\":600,\"height\":211,\"caption\":\"UVB Brasil\"},\"image\":{\"@id\":\"https:\/\/uvbbrasil.com.br\/#\/schema\/logo\/image\/\"},\"sameAs\":[\"https:\/\/www.facebook.com\/uvb.vereadoresbrasil\",\"https:\/\/www.instagram.com\/uvbbrasil\/\",\"https:\/\/www.youtube.com\/channel\/UCIlPQ8Xzw5GHNzosQIg9S5A\"]},{\"@type\":\"Person\",\"@id\":\"https:\/\/uvbbrasil.com.br\/#\/schema\/person\/17990098446c098f52effddff4f1b272\",\"name\":\"adminuvb\",\"image\":{\"@type\":\"ImageObject\",\"inLanguage\":\"pt-BR\",\"@id\":\"https:\/\/uvbbrasil.com.br\/#\/schema\/person\/image\/\",\"url\":\"https:\/\/secure.gravatar.com\/avatar\/1a494ea6f8e2dd1ae526e55b0e9497efdba542491e0620d704cccf63c6f77c45?s=96&d=mm&r=g\",\"contentUrl\":\"https:\/\/secure.gravatar.com\/avatar\/1a494ea6f8e2dd1ae526e55b0e9497efdba542491e0620d704cccf63c6f77c45?s=96&d=mm&r=g\",\"caption\":\"adminuvb\"},\"sameAs\":[\"https:\/\/uvbbrasil.com.br\"],\"url\":\"https:\/\/uvbbrasil.com.br\/author\/adminuvb\/\"}]}<\/script>\n<!-- \/ Yoast SEO plugin. -->","yoast_head_json":{"title":"Rela\u00e7\u00e3o entre Poder Legislativo e Judici\u00e1rio - UVB Brasil","robots":{"index":"index","follow":"follow","max-snippet":"max-snippet:-1","max-image-preview":"max-image-preview:large","max-video-preview":"max-video-preview:-1"},"canonical":"https:\/\/uvbbrasil.com.br\/relacao-entre-poder-legislativo-e-judiciario\/","og_locale":"pt_BR","og_type":"article","og_title":"Rela\u00e7\u00e3o entre Poder Legislativo e Judici\u00e1rio - UVB Brasil","og_description":"O juiz F\u00e1bio Esteves que atualmente exerce o cargo de Juiz Instrutor do Gabinete do Ministro Edson Fachin, no STF,...","og_url":"https:\/\/uvbbrasil.com.br\/relacao-entre-poder-legislativo-e-judiciario\/","og_site_name":"UVB Brasil","article_publisher":"https:\/\/www.facebook.com\/uvb.vereadoresbrasil","article_published_time":"2022-04-27T22:10:56+00:00","og_image":[{"width":1280,"height":853,"url":"https:\/\/uvbbrasil.com.br\/wp-content\/uploads\/2022\/04\/WhatsApp-Image-2022-04-27-at-18.20.42.jpeg","type":"image\/jpeg"}],"author":"adminuvb","twitter_card":"summary_large_image","twitter_misc":{"Escrito por":"adminuvb","Est. tempo de leitura":"2 minutos"},"schema":{"@context":"https:\/\/schema.org","@graph":[{"@type":"Article","@id":"https:\/\/uvbbrasil.com.br\/relacao-entre-poder-legislativo-e-judiciario\/#article","isPartOf":{"@id":"https:\/\/uvbbrasil.com.br\/relacao-entre-poder-legislativo-e-judiciario\/"},"author":{"name":"adminuvb","@id":"https:\/\/uvbbrasil.com.br\/#\/schema\/person\/17990098446c098f52effddff4f1b272"},"headline":"Rela\u00e7\u00e3o entre Poder Legislativo e Judici\u00e1rio","datePublished":"2022-04-27T22:10:56+00:00","mainEntityOfPage":{"@id":"https:\/\/uvbbrasil.com.br\/relacao-entre-poder-legislativo-e-judiciario\/"},"wordCount":369,"commentCount":0,"publisher":{"@id":"https:\/\/uvbbrasil.com.br\/#organization"},"image":{"@id":"https:\/\/uvbbrasil.com.br\/relacao-entre-poder-legislativo-e-judiciario\/#primaryimage"},"thumbnailUrl":"https:\/\/uvbbrasil.com.br\/wp-content\/uploads\/2022\/04\/WhatsApp-Image-2022-04-27-at-18.20.42.jpeg","articleSection":["NOT\u00cdCIAS","UVB"],"inLanguage":"pt-BR","potentialAction":[{"@type":"CommentAction","name":"Comment","target":["https:\/\/uvbbrasil.com.br\/relacao-entre-poder-legislativo-e-judiciario\/#respond"]}]},{"@type":"WebPage","@id":"https:\/\/uvbbrasil.com.br\/relacao-entre-poder-legislativo-e-judiciario\/","url":"https:\/\/uvbbrasil.com.br\/relacao-entre-poder-legislativo-e-judiciario\/","name":"Rela\u00e7\u00e3o entre Poder Legislativo e Judici\u00e1rio - UVB Brasil","isPartOf":{"@id":"https:\/\/uvbbrasil.com.br\/#website"},"primaryImageOfPage":{"@id":"https:\/\/uvbbrasil.com.br\/relacao-entre-poder-legislativo-e-judiciario\/#primaryimage"},"image":{"@id":"https:\/\/uvbbrasil.com.br\/relacao-entre-poder-legislativo-e-judiciario\/#primaryimage"},"thumbnailUrl":"https:\/\/uvbbrasil.com.br\/wp-content\/uploads\/2022\/04\/WhatsApp-Image-2022-04-27-at-18.20.42.jpeg","datePublished":"2022-04-27T22:10:56+00:00","breadcrumb":{"@id":"https:\/\/uvbbrasil.com.br\/relacao-entre-poder-legislativo-e-judiciario\/#breadcrumb"},"inLanguage":"pt-BR","potentialAction":[{"@type":"ReadAction","target":["https:\/\/uvbbrasil.com.br\/relacao-entre-poder-legislativo-e-judiciario\/"]}]},{"@type":"ImageObject","inLanguage":"pt-BR","@id":"https:\/\/uvbbrasil.com.br\/relacao-entre-poder-legislativo-e-judiciario\/#primaryimage","url":"https:\/\/uvbbrasil.com.br\/wp-content\/uploads\/2022\/04\/WhatsApp-Image-2022-04-27-at-18.20.42.jpeg","contentUrl":"https:\/\/uvbbrasil.com.br\/wp-content\/uploads\/2022\/04\/WhatsApp-Image-2022-04-27-at-18.20.42.jpeg","width":1280,"height":853},{"@type":"BreadcrumbList","@id":"https:\/\/uvbbrasil.com.br\/relacao-entre-poder-legislativo-e-judiciario\/#breadcrumb","itemListElement":[{"@type":"ListItem","position":1,"name":"In\u00edcio","item":"https:\/\/uvbbrasil.com.br\/"},{"@type":"ListItem","position":2,"name":"Rela\u00e7\u00e3o entre Poder Legislativo e Judici\u00e1rio"}]},{"@type":"WebSite","@id":"https:\/\/uvbbrasil.com.br\/#website","url":"https:\/\/uvbbrasil.com.br\/","name":"UVB Brasil","description":"Uni\u00e3o dos Vereadores do Brasil","publisher":{"@id":"https:\/\/uvbbrasil.com.br\/#organization"},"potentialAction":[{"@type":"SearchAction","target":{"@type":"EntryPoint","urlTemplate":"https:\/\/uvbbrasil.com.br\/?s={search_term_string}"},"query-input":{"@type":"PropertyValueSpecification","valueRequired":true,"valueName":"search_term_string"}}],"inLanguage":"pt-BR"},{"@type":"Organization","@id":"https:\/\/uvbbrasil.com.br\/#organization","name":"UVB Brasil","url":"https:\/\/uvbbrasil.com.br\/","logo":{"@type":"ImageObject","inLanguage":"pt-BR","@id":"https:\/\/uvbbrasil.com.br\/#\/schema\/logo\/image\/","url":"https:\/\/uvbbrasil.com.br\/wp-content\/uploads\/2025\/01\/LOGO-UVB-2024-azul-1.jpg","contentUrl":"https:\/\/uvbbrasil.com.br\/wp-content\/uploads\/2025\/01\/LOGO-UVB-2024-azul-1.jpg","width":600,"height":211,"caption":"UVB Brasil"},"image":{"@id":"https:\/\/uvbbrasil.com.br\/#\/schema\/logo\/image\/"},"sameAs":["https:\/\/www.facebook.com\/uvb.vereadoresbrasil","https:\/\/www.instagram.com\/uvbbrasil\/","https:\/\/www.youtube.com\/channel\/UCIlPQ8Xzw5GHNzosQIg9S5A"]},{"@type":"Person","@id":"https:\/\/uvbbrasil.com.br\/#\/schema\/person\/17990098446c098f52effddff4f1b272","name":"adminuvb","image":{"@type":"ImageObject","inLanguage":"pt-BR","@id":"https:\/\/uvbbrasil.com.br\/#\/schema\/person\/image\/","url":"https:\/\/secure.gravatar.com\/avatar\/1a494ea6f8e2dd1ae526e55b0e9497efdba542491e0620d704cccf63c6f77c45?s=96&d=mm&r=g","contentUrl":"https:\/\/secure.gravatar.com\/avatar\/1a494ea6f8e2dd1ae526e55b0e9497efdba542491e0620d704cccf63c6f77c45?s=96&d=mm&r=g","caption":"adminuvb"},"sameAs":["https:\/\/uvbbrasil.com.br"],"url":"https:\/\/uvbbrasil.com.br\/author\/adminuvb\/"}]}},"_links":{"self":[{"href":"https:\/\/uvbbrasil.com.br\/uvb-json\/wp\/v2\/posts\/25727","targetHints":{"allow":["GET"]}}],"collection":[{"href":"https:\/\/uvbbrasil.com.br\/uvb-json\/wp\/v2\/posts"}],"about":[{"href":"https:\/\/uvbbrasil.com.br\/uvb-json\/wp\/v2\/types\/post"}],"author":[{"embeddable":true,"href":"https:\/\/uvbbrasil.com.br\/uvb-json\/wp\/v2\/users\/1"}],"replies":[{"embeddable":true,"href":"https:\/\/uvbbrasil.com.br\/uvb-json\/wp\/v2\/comments?post=25727"}],"version-history":[{"count":0,"href":"https:\/\/uvbbrasil.com.br\/uvb-json\/wp\/v2\/posts\/25727\/revisions"}],"wp:featuredmedia":[{"embeddable":true,"href":"https:\/\/uvbbrasil.com.br\/uvb-json\/wp\/v2\/media\/25729"}],"wp:attachment":[{"href":"https:\/\/uvbbrasil.com.br\/uvb-json\/wp\/v2\/media?parent=25727"}],"wp:term":[{"taxonomy":"category","embeddable":true,"href":"https:\/\/uvbbrasil.com.br\/uvb-json\/wp\/v2\/categories?post=25727"},{"taxonomy":"post_tag","embeddable":true,"href":"https:\/\/uvbbrasil.com.br\/uvb-json\/wp\/v2\/tags?post=25727"}],"curies":[{"name":"wp","href":"https:\/\/api.w.org\/{rel}","templated":true}]}}