{"id":25720,"date":"2022-04-27T17:11:51","date_gmt":"2022-04-27T20:11:51","guid":{"rendered":"https:\/\/wpsandbox4.pante.com.br\/?p=25720"},"modified":"2022-04-27T17:11:51","modified_gmt":"2022-04-27T20:11:51","slug":"eduardo-leite-participa-da-xxi-marcha-dos-legislativos-municipais-em-brasilia","status":"publish","type":"post","link":"https:\/\/uvbbrasil.com.br\/eduardo-leite-participa-da-xxi-marcha-dos-legislativos-municipais-em-brasilia\/","title":{"rendered":"Eduardo Leite participa da XXI Marcha dos Legislativos Municipais em Bras\u00edlia"},"content":{"rendered":"<p>Apesar do discurso, Eduardo Leite \u00e9 o \u00fanico n\u00e3o-candidato oficial a participar da XXI Marcha de Vereadores. Evento ir\u00e1 receber Tebet, Ciro, Doria e Bolsonaro at\u00e9 o pr\u00f3ximo dia 28<\/p>\n<p>Ap\u00f3s discursar durante a XXI Marcha de Vereadores, realizada em Bras\u00edlia nesta ter\u00e7a-feira (26\/4),\u00a0<a href=\"https:\/\/www.correiobraziliense.com.br\/politica\/2022\/04\/5002525-em-carta-eduardo-leite-diz-que-vai-apoiar-candidatura-de-doria-ao-planalto.html\">o ex-governador do Rio Grande do Sul, Eduardo Leite (PSDB) reafirmou que ir\u00e1 respeitar o resultado das pr\u00e9vias do PSDB e apoiar a candidatura de Jo\u00e3o Doria<\/a>.<\/p>\n<p>\u201cForam feitas as pr\u00e9vias e se o candidato vencedor das pr\u00e9vias desejar ser candidato est\u00e1 escolhido, est\u00e1 decidido o que o partido deve levar adiante.\u00a0<a href=\"https:\/\/www.correiobraziliense.com.br\/politica\/2022\/04\/5002525-em-carta-eduardo-leite-diz-que-vai-apoiar-candidatura-de-doria-ao-planalto.html\">Eu j\u00e1 fiz a minha manifesta\u00e7\u00e3o na carta que eu publiquei na semana passada. Qualquer discuss\u00e3o para um caminho diferente depende de entendimento com o pr\u00f3prio candidato escolhido, que \u00e9 o ex-governador de S\u00e3o Paulo, Jo\u00e3o Doria. Se ele mant\u00e9m a sua candidatura, deseja ser candidato, ter\u00e1 o meu apoio, o meu est\u00edmulo, a minha participa\u00e7\u00e3o, tanto quanto for necess\u00e1rio como partid\u00e1rio<\/a>\u201d, disse.<\/p>\n<p>Leite afirmou que pretende trabalhar na sucess\u00e3o de Ranolfo Vieira J\u00fanior\u00a0\u2014 seu vice antes da ren\u00fancia\u00a0\u2014 ao governo do Rio Grande do Sul.<\/p>\n<p>\u201cN\u00e3o trabalho com a l\u00f3gica de ocupa\u00e7\u00e3o de qualquer posi\u00e7\u00e3o numa chapa presidencial vou cuidar do Rio Grande do Sul, da nossa sucess\u00e3o para garantir que o Estado n\u00e3o d\u00ea passos atr\u00e1s. Meu trabalho \u00e9 esse, garantir que o Rio Grande do Sul n\u00e3o volte ao passado, que consiga seguir em frente \u00e9 com essa mudan\u00e7a de paradigma que fizemos e o andamento da contribui\u00e7\u00e3o, tanto quanto for necess\u00e1rio, tamb\u00e9m para o cen\u00e1rio nacional\u201d, pontuou o tucano, que ainda afirmou que n\u00e3o ir\u00e1 disputar a reelei\u00e7\u00e3o no RS.<\/p>\n<p><strong>Apesar da n\u00e3o candidatura, o tom de campanha<\/strong><\/p>\n<p>Mesmo tendo reafirmado seu apoio a Jo\u00e3o Doria, Eduardo Leite discursou em tom de campanha aos vereadores presentes. Ressaltou a import\u00e2ncia do cargo legislativo municipal e disse que \u201ctodo pol\u00edtico precisa ser vereador\u201d para ter no\u00e7\u00e3o da dimens\u00e3o dos problemas da popula\u00e7\u00e3o no dia a dia.<\/p>\n<p>\u201cFez diferen\u00e7a na minha vida pol\u00edtica ter sido vereador, cuidando desde problemas mais do dia a dia da popula\u00e7\u00e3o, desde saneamento, posto de sa\u00fade, pavimenta\u00e7\u00e3o, as quest\u00f5es das comunidades, at\u00e9 problemas mais complexos\u201d, disse.<\/p>\n<p>Al\u00e9m de destacar o diferencial, Leite criticou, sem citar nomes, o acirramento pol\u00edtico do Brasil, disse que a popula\u00e7\u00e3o possui muitos problemas para &#8220;desperdi\u00e7ar energia&#8221; para atacar advers\u00e1rios pol\u00edticos<\/p>\n<p>\u201cA popula\u00e7\u00e3o tem muitos problemas para ficarmos nos atacando. Devemos nos concentrar em atacar os problemas. Atacar uns aos outros n\u00e3o resolve problemas dos munic\u00edpios, nem dos estados e nem do Brasil. A gente pode sentar e conversar, n\u00e3o precisa tentar aniquilar o outro\u201d, disse.<\/p>\n<p>\u201c\u00c9 poss\u00edvel fazer pol\u00edtica com firmeza de convic\u00e7\u00e3o, defendendo suas ideias, mas \u00e9 poss\u00edvel defender com. Firmeza e di\u00e1logo, sem discriminar os que pensam diferente. Precisamos pensar na popula\u00e7\u00e3o, nas cidades, estados e no Brasil\u201d, complementou.<\/p>\n<h3>XXI Marcha de Vereadores<\/h3>\n<p>A Marcha de Vereadores, organizada pela Uni\u00e3o de Vereadores do Brasil (UVB), ainda receber\u00e1 outros pr\u00e9-candidatos ao Pal\u00e1cio do Planalto.\u00a0Nesta quarta-feira (27\/4) \u00e0s 11h20, Ciro Gomes (PDT) far\u00e1 discurso aos vereadores presentes.<\/p>\n<p>Outros presidenci\u00e1veis marcar\u00e3o presen\u00e7a durante a marcha tamb\u00e9m na pr\u00f3xima quinta-feira (29\/4). O ex-governador de S\u00e3o Paulo Jo\u00e3o Doria, \u00e0s 11h20, e a senadora Simone Tebet, \u00e0s 15h e foi anunciado durante o evento a participa\u00e7\u00e3o do presidente e pr\u00e9-candidato \u00e0 reelei\u00e7\u00e3o, Jair Bolsonaro (PL), agendado para 17h.<\/p>\n<p>&nbsp;<\/p>\n<p><img fetchpriority=\"high\" decoding=\"async\" class=\"alignnone size-medium wp-image-25721\" src=\"https:\/\/uvbbrasil.com.br\/wp-content\/uploads\/2022\/04\/WhatsApp-Image-2022-04-27-at-16.58.50-300x200.jpeg\" alt=\"\" width=\"300\" height=\"200\" srcset=\"https:\/\/uvbbrasil.com.br\/wp-content\/uploads\/2022\/04\/WhatsApp-Image-2022-04-27-at-16.58.50-300x200.jpeg 300w, https:\/\/uvbbrasil.com.br\/wp-content\/uploads\/2022\/04\/WhatsApp-Image-2022-04-27-at-16.58.50-1024x682.jpeg 1024w, https:\/\/uvbbrasil.com.br\/wp-content\/uploads\/2022\/04\/WhatsApp-Image-2022-04-27-at-16.58.50-768x512.jpeg 768w, https:\/\/uvbbrasil.com.br\/wp-content\/uploads\/2022\/04\/WhatsApp-Image-2022-04-27-at-16.58.50.jpeg 1280w\" sizes=\"(max-width: 300px) 100vw, 300px\" \/><img decoding=\"async\" class=\"alignnone size-medium wp-image-25722\" src=\"https:\/\/uvbbrasil.com.br\/wp-content\/uploads\/2022\/04\/WhatsApp-Image-2022-04-27-at-16.58.50-1-300x200.jpeg\" alt=\"\" width=\"300\" height=\"200\" srcset=\"https:\/\/uvbbrasil.com.br\/wp-content\/uploads\/2022\/04\/WhatsApp-Image-2022-04-27-at-16.58.50-1-300x200.jpeg 300w, https:\/\/uvbbrasil.com.br\/wp-content\/uploads\/2022\/04\/WhatsApp-Image-2022-04-27-at-16.58.50-1-1024x682.jpeg 1024w, https:\/\/uvbbrasil.com.br\/wp-content\/uploads\/2022\/04\/WhatsApp-Image-2022-04-27-at-16.58.50-1-768x512.jpeg 768w, https:\/\/uvbbrasil.com.br\/wp-content\/uploads\/2022\/04\/WhatsApp-Image-2022-04-27-at-16.58.50-1.jpeg 1280w\" sizes=\"(max-width: 300px) 100vw, 300px\" \/><\/p>\n<p><img decoding=\"async\" class=\"alignnone size-medium wp-image-25723\" src=\"https:\/\/uvbbrasil.com.br\/wp-content\/uploads\/2022\/04\/WhatsApp-Image-2022-04-27-at-16.58.51-300x200.jpeg\" alt=\"\" width=\"300\" height=\"200\" srcset=\"https:\/\/uvbbrasil.com.br\/wp-content\/uploads\/2022\/04\/WhatsApp-Image-2022-04-27-at-16.58.51-300x200.jpeg 300w, https:\/\/uvbbrasil.com.br\/wp-content\/uploads\/2022\/04\/WhatsApp-Image-2022-04-27-at-16.58.51-1024x682.jpeg 1024w, https:\/\/uvbbrasil.com.br\/wp-content\/uploads\/2022\/04\/WhatsApp-Image-2022-04-27-at-16.58.51-768x512.jpeg 768w, https:\/\/uvbbrasil.com.br\/wp-content\/uploads\/2022\/04\/WhatsApp-Image-2022-04-27-at-16.58.51.jpeg 1280w\" sizes=\"(max-width: 300px) 100vw, 300px\" \/><img loading=\"lazy\" decoding=\"async\" class=\"alignnone size-medium wp-image-25724\" src=\"https:\/\/uvbbrasil.com.br\/wp-content\/uploads\/2022\/04\/WhatsApp-Image-2022-04-27-at-16.58.51-1-300x200.jpeg\" alt=\"\" width=\"300\" height=\"200\" srcset=\"https:\/\/uvbbrasil.com.br\/wp-content\/uploads\/2022\/04\/WhatsApp-Image-2022-04-27-at-16.58.51-1-300x200.jpeg 300w, https:\/\/uvbbrasil.com.br\/wp-content\/uploads\/2022\/04\/WhatsApp-Image-2022-04-27-at-16.58.51-1-1024x682.jpeg 1024w, https:\/\/uvbbrasil.com.br\/wp-content\/uploads\/2022\/04\/WhatsApp-Image-2022-04-27-at-16.58.51-1-768x512.jpeg 768w, https:\/\/uvbbrasil.com.br\/wp-content\/uploads\/2022\/04\/WhatsApp-Image-2022-04-27-at-16.58.51-1.jpeg 1280w\" sizes=\"(max-width: 300px) 100vw, 300px\" \/><img loading=\"lazy\" decoding=\"async\" class=\"alignnone size-medium wp-image-25725\" src=\"https:\/\/uvbbrasil.com.br\/wp-content\/uploads\/2022\/04\/WhatsApp-Image-2022-04-27-at-16.58.51-2-300x200.jpeg\" alt=\"\" width=\"300\" height=\"200\" srcset=\"https:\/\/uvbbrasil.com.br\/wp-content\/uploads\/2022\/04\/WhatsApp-Image-2022-04-27-at-16.58.51-2-300x200.jpeg 300w, https:\/\/uvbbrasil.com.br\/wp-content\/uploads\/2022\/04\/WhatsApp-Image-2022-04-27-at-16.58.51-2-1024x682.jpeg 1024w, https:\/\/uvbbrasil.com.br\/wp-content\/uploads\/2022\/04\/WhatsApp-Image-2022-04-27-at-16.58.51-2-768x512.jpeg 768w, https:\/\/uvbbrasil.com.br\/wp-content\/uploads\/2022\/04\/WhatsApp-Image-2022-04-27-at-16.58.51-2.jpeg 1280w\" sizes=\"(max-width: 300px) 100vw, 300px\" \/><\/p>\n","protected":false},"excerpt":{"rendered":"<p>Apesar do discurso, Eduardo Leite \u00e9 o \u00fanico n\u00e3o-candidato oficial a participar da XXI Marcha de Vereadores. Evento ir\u00e1 receber&#8230;<\/p>\n","protected":false},"author":1,"featured_media":25724,"comment_status":"open","ping_status":"open","sticky":false,"template":"","format":"standard","meta":{"footnotes":""},"categories":[3,4],"tags":[],"class_list":["post-25720","post","type-post","status-publish","format-standard","has-post-thumbnail","hentry","category-noticias","category-home"],"yoast_head":"<!-- This site is optimized with the Yoast SEO plugin v26.7 - https:\/\/yoast.com\/wordpress\/plugins\/seo\/ -->\n<title>Eduardo Leite participa da XXI Marcha dos Legislativos Municipais em Bras\u00edlia - UVB Brasil<\/title>\n<meta name=\"robots\" content=\"index, follow, max-snippet:-1, max-image-preview:large, max-video-preview:-1\" \/>\n<link rel=\"canonical\" href=\"https:\/\/uvbbrasil.com.br\/eduardo-leite-participa-da-xxi-marcha-dos-legislativos-municipais-em-brasilia\/\" \/>\n<meta property=\"og:locale\" content=\"pt_BR\" \/>\n<meta property=\"og:type\" content=\"article\" \/>\n<meta property=\"og:title\" content=\"Eduardo Leite participa da XXI Marcha dos Legislativos Municipais em Bras\u00edlia - UVB Brasil\" \/>\n<meta property=\"og:description\" content=\"Apesar do discurso, Eduardo Leite \u00e9 o \u00fanico n\u00e3o-candidato oficial a participar da XXI Marcha de Vereadores. Evento ir\u00e1 receber...\" \/>\n<meta property=\"og:url\" content=\"https:\/\/uvbbrasil.com.br\/eduardo-leite-participa-da-xxi-marcha-dos-legislativos-municipais-em-brasilia\/\" \/>\n<meta property=\"og:site_name\" content=\"UVB Brasil\" \/>\n<meta property=\"article:publisher\" content=\"https:\/\/www.facebook.com\/uvb.vereadoresbrasil\" \/>\n<meta property=\"article:published_time\" content=\"2022-04-27T20:11:51+00:00\" \/>\n<meta property=\"og:image\" content=\"https:\/\/uvbbrasil.com.br\/wp-content\/uploads\/2022\/04\/WhatsApp-Image-2022-04-27-at-16.58.51-1.jpeg\" \/>\n\t<meta property=\"og:image:width\" content=\"1280\" \/>\n\t<meta property=\"og:image:height\" content=\"853\" \/>\n\t<meta property=\"og:image:type\" content=\"image\/jpeg\" \/>\n<meta name=\"author\" content=\"adminuvb\" \/>\n<meta name=\"twitter:card\" content=\"summary_large_image\" \/>\n<meta name=\"twitter:label1\" content=\"Escrito por\" \/>\n\t<meta name=\"twitter:data1\" content=\"adminuvb\" \/>\n\t<meta name=\"twitter:label2\" content=\"Est. tempo de leitura\" \/>\n\t<meta name=\"twitter:data2\" content=\"4 minutos\" \/>\n<script type=\"application\/ld+json\" class=\"yoast-schema-graph\">{\"@context\":\"https:\/\/schema.org\",\"@graph\":[{\"@type\":\"Article\",\"@id\":\"https:\/\/uvbbrasil.com.br\/eduardo-leite-participa-da-xxi-marcha-dos-legislativos-municipais-em-brasilia\/#article\",\"isPartOf\":{\"@id\":\"https:\/\/uvbbrasil.com.br\/eduardo-leite-participa-da-xxi-marcha-dos-legislativos-municipais-em-brasilia\/\"},\"author\":{\"name\":\"adminuvb\",\"@id\":\"https:\/\/uvbbrasil.com.br\/#\/schema\/person\/17990098446c098f52effddff4f1b272\"},\"headline\":\"Eduardo Leite participa da XXI Marcha dos Legislativos Municipais em Bras\u00edlia\",\"datePublished\":\"2022-04-27T20:11:51+00:00\",\"mainEntityOfPage\":{\"@id\":\"https:\/\/uvbbrasil.com.br\/eduardo-leite-participa-da-xxi-marcha-dos-legislativos-municipais-em-brasilia\/\"},\"wordCount\":634,\"commentCount\":0,\"publisher\":{\"@id\":\"https:\/\/uvbbrasil.com.br\/#organization\"},\"image\":{\"@id\":\"https:\/\/uvbbrasil.com.br\/eduardo-leite-participa-da-xxi-marcha-dos-legislativos-municipais-em-brasilia\/#primaryimage\"},\"thumbnailUrl\":\"https:\/\/uvbbrasil.com.br\/wp-content\/uploads\/2022\/04\/WhatsApp-Image-2022-04-27-at-16.58.51-1.jpeg\",\"articleSection\":[\"NOT\u00cdCIAS\",\"UVB\"],\"inLanguage\":\"pt-BR\",\"potentialAction\":[{\"@type\":\"CommentAction\",\"name\":\"Comment\",\"target\":[\"https:\/\/uvbbrasil.com.br\/eduardo-leite-participa-da-xxi-marcha-dos-legislativos-municipais-em-brasilia\/#respond\"]}]},{\"@type\":\"WebPage\",\"@id\":\"https:\/\/uvbbrasil.com.br\/eduardo-leite-participa-da-xxi-marcha-dos-legislativos-municipais-em-brasilia\/\",\"url\":\"https:\/\/uvbbrasil.com.br\/eduardo-leite-participa-da-xxi-marcha-dos-legislativos-municipais-em-brasilia\/\",\"name\":\"Eduardo Leite participa da XXI Marcha dos Legislativos Municipais em Bras\u00edlia - UVB Brasil\",\"isPartOf\":{\"@id\":\"https:\/\/uvbbrasil.com.br\/#website\"},\"primaryImageOfPage\":{\"@id\":\"https:\/\/uvbbrasil.com.br\/eduardo-leite-participa-da-xxi-marcha-dos-legislativos-municipais-em-brasilia\/#primaryimage\"},\"image\":{\"@id\":\"https:\/\/uvbbrasil.com.br\/eduardo-leite-participa-da-xxi-marcha-dos-legislativos-municipais-em-brasilia\/#primaryimage\"},\"thumbnailUrl\":\"https:\/\/uvbbrasil.com.br\/wp-content\/uploads\/2022\/04\/WhatsApp-Image-2022-04-27-at-16.58.51-1.jpeg\",\"datePublished\":\"2022-04-27T20:11:51+00:00\",\"breadcrumb\":{\"@id\":\"https:\/\/uvbbrasil.com.br\/eduardo-leite-participa-da-xxi-marcha-dos-legislativos-municipais-em-brasilia\/#breadcrumb\"},\"inLanguage\":\"pt-BR\",\"potentialAction\":[{\"@type\":\"ReadAction\",\"target\":[\"https:\/\/uvbbrasil.com.br\/eduardo-leite-participa-da-xxi-marcha-dos-legislativos-municipais-em-brasilia\/\"]}]},{\"@type\":\"ImageObject\",\"inLanguage\":\"pt-BR\",\"@id\":\"https:\/\/uvbbrasil.com.br\/eduardo-leite-participa-da-xxi-marcha-dos-legislativos-municipais-em-brasilia\/#primaryimage\",\"url\":\"https:\/\/uvbbrasil.com.br\/wp-content\/uploads\/2022\/04\/WhatsApp-Image-2022-04-27-at-16.58.51-1.jpeg\",\"contentUrl\":\"https:\/\/uvbbrasil.com.br\/wp-content\/uploads\/2022\/04\/WhatsApp-Image-2022-04-27-at-16.58.51-1.jpeg\",\"width\":1280,\"height\":853},{\"@type\":\"BreadcrumbList\",\"@id\":\"https:\/\/uvbbrasil.com.br\/eduardo-leite-participa-da-xxi-marcha-dos-legislativos-municipais-em-brasilia\/#breadcrumb\",\"itemListElement\":[{\"@type\":\"ListItem\",\"position\":1,\"name\":\"In\u00edcio\",\"item\":\"https:\/\/uvbbrasil.com.br\/\"},{\"@type\":\"ListItem\",\"position\":2,\"name\":\"Eduardo Leite participa da XXI Marcha dos Legislativos Municipais em Bras\u00edlia\"}]},{\"@type\":\"WebSite\",\"@id\":\"https:\/\/uvbbrasil.com.br\/#website\",\"url\":\"https:\/\/uvbbrasil.com.br\/\",\"name\":\"UVB Brasil\",\"description\":\"Uni\u00e3o dos Vereadores do Brasil\",\"publisher\":{\"@id\":\"https:\/\/uvbbrasil.com.br\/#organization\"},\"potentialAction\":[{\"@type\":\"SearchAction\",\"target\":{\"@type\":\"EntryPoint\",\"urlTemplate\":\"https:\/\/uvbbrasil.com.br\/?s={search_term_string}\"},\"query-input\":{\"@type\":\"PropertyValueSpecification\",\"valueRequired\":true,\"valueName\":\"search_term_string\"}}],\"inLanguage\":\"pt-BR\"},{\"@type\":\"Organization\",\"@id\":\"https:\/\/uvbbrasil.com.br\/#organization\",\"name\":\"UVB Brasil\",\"url\":\"https:\/\/uvbbrasil.com.br\/\",\"logo\":{\"@type\":\"ImageObject\",\"inLanguage\":\"pt-BR\",\"@id\":\"https:\/\/uvbbrasil.com.br\/#\/schema\/logo\/image\/\",\"url\":\"https:\/\/uvbbrasil.com.br\/wp-content\/uploads\/2025\/01\/LOGO-UVB-2024-azul-1.jpg\",\"contentUrl\":\"https:\/\/uvbbrasil.com.br\/wp-content\/uploads\/2025\/01\/LOGO-UVB-2024-azul-1.jpg\",\"width\":600,\"height\":211,\"caption\":\"UVB Brasil\"},\"image\":{\"@id\":\"https:\/\/uvbbrasil.com.br\/#\/schema\/logo\/image\/\"},\"sameAs\":[\"https:\/\/www.facebook.com\/uvb.vereadoresbrasil\",\"https:\/\/www.instagram.com\/uvbbrasil\/\",\"https:\/\/www.youtube.com\/channel\/UCIlPQ8Xzw5GHNzosQIg9S5A\"]},{\"@type\":\"Person\",\"@id\":\"https:\/\/uvbbrasil.com.br\/#\/schema\/person\/17990098446c098f52effddff4f1b272\",\"name\":\"adminuvb\",\"image\":{\"@type\":\"ImageObject\",\"inLanguage\":\"pt-BR\",\"@id\":\"https:\/\/uvbbrasil.com.br\/#\/schema\/person\/image\/\",\"url\":\"https:\/\/secure.gravatar.com\/avatar\/1a494ea6f8e2dd1ae526e55b0e9497efdba542491e0620d704cccf63c6f77c45?s=96&d=mm&r=g\",\"contentUrl\":\"https:\/\/secure.gravatar.com\/avatar\/1a494ea6f8e2dd1ae526e55b0e9497efdba542491e0620d704cccf63c6f77c45?s=96&d=mm&r=g\",\"caption\":\"adminuvb\"},\"sameAs\":[\"https:\/\/uvbbrasil.com.br\"],\"url\":\"https:\/\/uvbbrasil.com.br\/author\/adminuvb\/\"}]}<\/script>\n<!-- \/ Yoast SEO plugin. -->","yoast_head_json":{"title":"Eduardo Leite participa da XXI Marcha dos Legislativos Municipais em Bras\u00edlia - UVB Brasil","robots":{"index":"index","follow":"follow","max-snippet":"max-snippet:-1","max-image-preview":"max-image-preview:large","max-video-preview":"max-video-preview:-1"},"canonical":"https:\/\/uvbbrasil.com.br\/eduardo-leite-participa-da-xxi-marcha-dos-legislativos-municipais-em-brasilia\/","og_locale":"pt_BR","og_type":"article","og_title":"Eduardo Leite participa da XXI Marcha dos Legislativos Municipais em Bras\u00edlia - UVB Brasil","og_description":"Apesar do discurso, Eduardo Leite \u00e9 o \u00fanico n\u00e3o-candidato oficial a participar da XXI Marcha de Vereadores. Evento ir\u00e1 receber...","og_url":"https:\/\/uvbbrasil.com.br\/eduardo-leite-participa-da-xxi-marcha-dos-legislativos-municipais-em-brasilia\/","og_site_name":"UVB Brasil","article_publisher":"https:\/\/www.facebook.com\/uvb.vereadoresbrasil","article_published_time":"2022-04-27T20:11:51+00:00","og_image":[{"width":1280,"height":853,"url":"https:\/\/uvbbrasil.com.br\/wp-content\/uploads\/2022\/04\/WhatsApp-Image-2022-04-27-at-16.58.51-1.jpeg","type":"image\/jpeg"}],"author":"adminuvb","twitter_card":"summary_large_image","twitter_misc":{"Escrito por":"adminuvb","Est. tempo de leitura":"4 minutos"},"schema":{"@context":"https:\/\/schema.org","@graph":[{"@type":"Article","@id":"https:\/\/uvbbrasil.com.br\/eduardo-leite-participa-da-xxi-marcha-dos-legislativos-municipais-em-brasilia\/#article","isPartOf":{"@id":"https:\/\/uvbbrasil.com.br\/eduardo-leite-participa-da-xxi-marcha-dos-legislativos-municipais-em-brasilia\/"},"author":{"name":"adminuvb","@id":"https:\/\/uvbbrasil.com.br\/#\/schema\/person\/17990098446c098f52effddff4f1b272"},"headline":"Eduardo Leite participa da XXI Marcha dos Legislativos Municipais em Bras\u00edlia","datePublished":"2022-04-27T20:11:51+00:00","mainEntityOfPage":{"@id":"https:\/\/uvbbrasil.com.br\/eduardo-leite-participa-da-xxi-marcha-dos-legislativos-municipais-em-brasilia\/"},"wordCount":634,"commentCount":0,"publisher":{"@id":"https:\/\/uvbbrasil.com.br\/#organization"},"image":{"@id":"https:\/\/uvbbrasil.com.br\/eduardo-leite-participa-da-xxi-marcha-dos-legislativos-municipais-em-brasilia\/#primaryimage"},"thumbnailUrl":"https:\/\/uvbbrasil.com.br\/wp-content\/uploads\/2022\/04\/WhatsApp-Image-2022-04-27-at-16.58.51-1.jpeg","articleSection":["NOT\u00cdCIAS","UVB"],"inLanguage":"pt-BR","potentialAction":[{"@type":"CommentAction","name":"Comment","target":["https:\/\/uvbbrasil.com.br\/eduardo-leite-participa-da-xxi-marcha-dos-legislativos-municipais-em-brasilia\/#respond"]}]},{"@type":"WebPage","@id":"https:\/\/uvbbrasil.com.br\/eduardo-leite-participa-da-xxi-marcha-dos-legislativos-municipais-em-brasilia\/","url":"https:\/\/uvbbrasil.com.br\/eduardo-leite-participa-da-xxi-marcha-dos-legislativos-municipais-em-brasilia\/","name":"Eduardo Leite participa da XXI Marcha dos Legislativos Municipais em Bras\u00edlia - UVB Brasil","isPartOf":{"@id":"https:\/\/uvbbrasil.com.br\/#website"},"primaryImageOfPage":{"@id":"https:\/\/uvbbrasil.com.br\/eduardo-leite-participa-da-xxi-marcha-dos-legislativos-municipais-em-brasilia\/#primaryimage"},"image":{"@id":"https:\/\/uvbbrasil.com.br\/eduardo-leite-participa-da-xxi-marcha-dos-legislativos-municipais-em-brasilia\/#primaryimage"},"thumbnailUrl":"https:\/\/uvbbrasil.com.br\/wp-content\/uploads\/2022\/04\/WhatsApp-Image-2022-04-27-at-16.58.51-1.jpeg","datePublished":"2022-04-27T20:11:51+00:00","breadcrumb":{"@id":"https:\/\/uvbbrasil.com.br\/eduardo-leite-participa-da-xxi-marcha-dos-legislativos-municipais-em-brasilia\/#breadcrumb"},"inLanguage":"pt-BR","potentialAction":[{"@type":"ReadAction","target":["https:\/\/uvbbrasil.com.br\/eduardo-leite-participa-da-xxi-marcha-dos-legislativos-municipais-em-brasilia\/"]}]},{"@type":"ImageObject","inLanguage":"pt-BR","@id":"https:\/\/uvbbrasil.com.br\/eduardo-leite-participa-da-xxi-marcha-dos-legislativos-municipais-em-brasilia\/#primaryimage","url":"https:\/\/uvbbrasil.com.br\/wp-content\/uploads\/2022\/04\/WhatsApp-Image-2022-04-27-at-16.58.51-1.jpeg","contentUrl":"https:\/\/uvbbrasil.com.br\/wp-content\/uploads\/2022\/04\/WhatsApp-Image-2022-04-27-at-16.58.51-1.jpeg","width":1280,"height":853},{"@type":"BreadcrumbList","@id":"https:\/\/uvbbrasil.com.br\/eduardo-leite-participa-da-xxi-marcha-dos-legislativos-municipais-em-brasilia\/#breadcrumb","itemListElement":[{"@type":"ListItem","position":1,"name":"In\u00edcio","item":"https:\/\/uvbbrasil.com.br\/"},{"@type":"ListItem","position":2,"name":"Eduardo Leite participa da XXI Marcha dos Legislativos Municipais em Bras\u00edlia"}]},{"@type":"WebSite","@id":"https:\/\/uvbbrasil.com.br\/#website","url":"https:\/\/uvbbrasil.com.br\/","name":"UVB Brasil","description":"Uni\u00e3o dos Vereadores do Brasil","publisher":{"@id":"https:\/\/uvbbrasil.com.br\/#organization"},"potentialAction":[{"@type":"SearchAction","target":{"@type":"EntryPoint","urlTemplate":"https:\/\/uvbbrasil.com.br\/?s={search_term_string}"},"query-input":{"@type":"PropertyValueSpecification","valueRequired":true,"valueName":"search_term_string"}}],"inLanguage":"pt-BR"},{"@type":"Organization","@id":"https:\/\/uvbbrasil.com.br\/#organization","name":"UVB Brasil","url":"https:\/\/uvbbrasil.com.br\/","logo":{"@type":"ImageObject","inLanguage":"pt-BR","@id":"https:\/\/uvbbrasil.com.br\/#\/schema\/logo\/image\/","url":"https:\/\/uvbbrasil.com.br\/wp-content\/uploads\/2025\/01\/LOGO-UVB-2024-azul-1.jpg","contentUrl":"https:\/\/uvbbrasil.com.br\/wp-content\/uploads\/2025\/01\/LOGO-UVB-2024-azul-1.jpg","width":600,"height":211,"caption":"UVB Brasil"},"image":{"@id":"https:\/\/uvbbrasil.com.br\/#\/schema\/logo\/image\/"},"sameAs":["https:\/\/www.facebook.com\/uvb.vereadoresbrasil","https:\/\/www.instagram.com\/uvbbrasil\/","https:\/\/www.youtube.com\/channel\/UCIlPQ8Xzw5GHNzosQIg9S5A"]},{"@type":"Person","@id":"https:\/\/uvbbrasil.com.br\/#\/schema\/person\/17990098446c098f52effddff4f1b272","name":"adminuvb","image":{"@type":"ImageObject","inLanguage":"pt-BR","@id":"https:\/\/uvbbrasil.com.br\/#\/schema\/person\/image\/","url":"https:\/\/secure.gravatar.com\/avatar\/1a494ea6f8e2dd1ae526e55b0e9497efdba542491e0620d704cccf63c6f77c45?s=96&d=mm&r=g","contentUrl":"https:\/\/secure.gravatar.com\/avatar\/1a494ea6f8e2dd1ae526e55b0e9497efdba542491e0620d704cccf63c6f77c45?s=96&d=mm&r=g","caption":"adminuvb"},"sameAs":["https:\/\/uvbbrasil.com.br"],"url":"https:\/\/uvbbrasil.com.br\/author\/adminuvb\/"}]}},"_links":{"self":[{"href":"https:\/\/uvbbrasil.com.br\/uvb-json\/wp\/v2\/posts\/25720","targetHints":{"allow":["GET"]}}],"collection":[{"href":"https:\/\/uvbbrasil.com.br\/uvb-json\/wp\/v2\/posts"}],"about":[{"href":"https:\/\/uvbbrasil.com.br\/uvb-json\/wp\/v2\/types\/post"}],"author":[{"embeddable":true,"href":"https:\/\/uvbbrasil.com.br\/uvb-json\/wp\/v2\/users\/1"}],"replies":[{"embeddable":true,"href":"https:\/\/uvbbrasil.com.br\/uvb-json\/wp\/v2\/comments?post=25720"}],"version-history":[{"count":0,"href":"https:\/\/uvbbrasil.com.br\/uvb-json\/wp\/v2\/posts\/25720\/revisions"}],"wp:featuredmedia":[{"embeddable":true,"href":"https:\/\/uvbbrasil.com.br\/uvb-json\/wp\/v2\/media\/25724"}],"wp:attachment":[{"href":"https:\/\/uvbbrasil.com.br\/uvb-json\/wp\/v2\/media?parent=25720"}],"wp:term":[{"taxonomy":"category","embeddable":true,"href":"https:\/\/uvbbrasil.com.br\/uvb-json\/wp\/v2\/categories?post=25720"},{"taxonomy":"post_tag","embeddable":true,"href":"https:\/\/uvbbrasil.com.br\/uvb-json\/wp\/v2\/tags?post=25720"}],"curies":[{"name":"wp","href":"https:\/\/api.w.org\/{rel}","templated":true}]}}