{"id":25707,"date":"2022-04-27T16:43:46","date_gmt":"2022-04-27T19:43:46","guid":{"rendered":"https:\/\/wpsandbox4.pante.com.br\/?p=25707"},"modified":"2022-04-27T16:43:46","modified_gmt":"2022-04-27T19:43:46","slug":"abertura-oficial-da-xxi-marcha-dos-legislativos-municipais","status":"publish","type":"post","link":"https:\/\/uvbbrasil.com.br\/abertura-oficial-da-xxi-marcha-dos-legislativos-municipais\/","title":{"rendered":"Abertura oficial da XXI Marcha dos Legislativos Municipais"},"content":{"rendered":"<p>A abertura oficial da XXI edi\u00e7\u00e3o da Marcha dos Legislativos Municipais com o tema o &#8220;Brasil do Futuro passa pela Lideran\u00e7a e o protagonismo do Legislativo Municipal&#8221;, aconteceu na tarde desta ter\u00e7a-feira (26) no opera hall com a participa\u00e7\u00e3o de\u00a0 3.500 vereadores e vereadoras de todos os estados da Federa\u00e7\u00e3o Brasileira.<\/p>\n<p>Comandada pelo o Presidente da Uni\u00e3o dos Vereadores do Brasil\/UVB, Gilson Conzatti, \u00a0que em seu pronunciamento citou a import\u00e2ncia dos vereadores se unirem cada vez para o fortalecimento do poder legislativo municipal. A cerim\u00f4nia de abertura contou com a presen\u00e7a do, Deputado Federal Daniel Trizeciak), , Presidente da Fenalegis, Ant\u00f4nio Carlos Fernandes- Secretaria Geral do F\u00f3rum\u00a0 Nacional<strong>\u00a0 da Mulher Parlamentar, Vereadora \u00a0<\/strong>L\u00edvia Maia, representando as entidades estaduais Rio Grande do Sul, Silomar Garcia, Santa Catarina, , Mato Grosso do Sul, Jeovani Vieira, Pernambuco,,Piau\u00ed, Jos\u00e9 Cardoso, Minas, Evandro Lott, ,Ceara, Toim Braga, Rio Grande do Norte Presidente da FECAM, Ivanildo dos Santos e Presidente da Uni\u00e3o dos Vereadores Rio Grande do Norte, Edinor Albuquerque.<\/p>\n<p>A XXI Marcha dos Legislativos Municipais neste ano de 2022 segue sendo a maior de todos os tempos da Uni\u00e3o dos Vereadores, com a participa\u00e7\u00e3o dos presidenci\u00e1veis. Pelo palco principal \u00a0j\u00e1 passou o Ex- Governador do Estado do Rio Grande do Sul, Eduardo Leite, onde debateu com os vereadores e vereadoras sobre \u201co Brasil do Futuro\u201d.<\/p>\n<p>A programa\u00e7\u00e3o da XXI Marcha dos Legislativos Municipais segue ate a sexta-feira(29).<\/p>\n<p><img fetchpriority=\"high\" decoding=\"async\" class=\"alignnone size-medium wp-image-25708\" src=\"https:\/\/uvbbrasil.com.br\/wp-content\/uploads\/2022\/04\/WhatsApp-Image-2022-04-27-at-16.23.26-300x200.jpeg\" alt=\"\" width=\"300\" height=\"200\" srcset=\"https:\/\/uvbbrasil.com.br\/wp-content\/uploads\/2022\/04\/WhatsApp-Image-2022-04-27-at-16.23.26-300x200.jpeg 300w, https:\/\/uvbbrasil.com.br\/wp-content\/uploads\/2022\/04\/WhatsApp-Image-2022-04-27-at-16.23.26-1024x682.jpeg 1024w, https:\/\/uvbbrasil.com.br\/wp-content\/uploads\/2022\/04\/WhatsApp-Image-2022-04-27-at-16.23.26-768x512.jpeg 768w, https:\/\/uvbbrasil.com.br\/wp-content\/uploads\/2022\/04\/WhatsApp-Image-2022-04-27-at-16.23.26.jpeg 1280w\" sizes=\"(max-width: 300px) 100vw, 300px\" \/><img decoding=\"async\" class=\"alignnone size-medium wp-image-25709\" src=\"https:\/\/uvbbrasil.com.br\/wp-content\/uploads\/2022\/04\/WhatsApp-Image-2022-04-27-at-16.23.26-1-300x200.jpeg\" alt=\"\" width=\"300\" height=\"200\" srcset=\"https:\/\/uvbbrasil.com.br\/wp-content\/uploads\/2022\/04\/WhatsApp-Image-2022-04-27-at-16.23.26-1-300x200.jpeg 300w, https:\/\/uvbbrasil.com.br\/wp-content\/uploads\/2022\/04\/WhatsApp-Image-2022-04-27-at-16.23.26-1-1024x682.jpeg 1024w, https:\/\/uvbbrasil.com.br\/wp-content\/uploads\/2022\/04\/WhatsApp-Image-2022-04-27-at-16.23.26-1-768x512.jpeg 768w, https:\/\/uvbbrasil.com.br\/wp-content\/uploads\/2022\/04\/WhatsApp-Image-2022-04-27-at-16.23.26-1.jpeg 1280w\" sizes=\"(max-width: 300px) 100vw, 300px\" \/><img decoding=\"async\" class=\"alignnone size-medium wp-image-25710\" src=\"https:\/\/uvbbrasil.com.br\/wp-content\/uploads\/2022\/04\/WhatsApp-Image-2022-04-27-at-16.23.26-2-300x200.jpeg\" alt=\"\" width=\"300\" height=\"200\" srcset=\"https:\/\/uvbbrasil.com.br\/wp-content\/uploads\/2022\/04\/WhatsApp-Image-2022-04-27-at-16.23.26-2-300x200.jpeg 300w, https:\/\/uvbbrasil.com.br\/wp-content\/uploads\/2022\/04\/WhatsApp-Image-2022-04-27-at-16.23.26-2-1024x682.jpeg 1024w, https:\/\/uvbbrasil.com.br\/wp-content\/uploads\/2022\/04\/WhatsApp-Image-2022-04-27-at-16.23.26-2-768x512.jpeg 768w, https:\/\/uvbbrasil.com.br\/wp-content\/uploads\/2022\/04\/WhatsApp-Image-2022-04-27-at-16.23.26-2.jpeg 1280w\" sizes=\"(max-width: 300px) 100vw, 300px\" \/><img loading=\"lazy\" decoding=\"async\" class=\"alignnone size-medium wp-image-25711\" src=\"https:\/\/uvbbrasil.com.br\/wp-content\/uploads\/2022\/04\/WhatsApp-Image-2022-04-27-at-16.23.27-300x200.jpeg\" alt=\"\" width=\"300\" height=\"200\" srcset=\"https:\/\/uvbbrasil.com.br\/wp-content\/uploads\/2022\/04\/WhatsApp-Image-2022-04-27-at-16.23.27-300x200.jpeg 300w, https:\/\/uvbbrasil.com.br\/wp-content\/uploads\/2022\/04\/WhatsApp-Image-2022-04-27-at-16.23.27-1024x682.jpeg 1024w, https:\/\/uvbbrasil.com.br\/wp-content\/uploads\/2022\/04\/WhatsApp-Image-2022-04-27-at-16.23.27-768x512.jpeg 768w, https:\/\/uvbbrasil.com.br\/wp-content\/uploads\/2022\/04\/WhatsApp-Image-2022-04-27-at-16.23.27.jpeg 1280w\" sizes=\"(max-width: 300px) 100vw, 300px\" \/><img loading=\"lazy\" decoding=\"async\" class=\"alignnone size-medium wp-image-25712\" src=\"https:\/\/uvbbrasil.com.br\/wp-content\/uploads\/2022\/04\/WhatsApp-Image-2022-04-27-at-16.23.27-1-300x200.jpeg\" alt=\"\" width=\"300\" height=\"200\" srcset=\"https:\/\/uvbbrasil.com.br\/wp-content\/uploads\/2022\/04\/WhatsApp-Image-2022-04-27-at-16.23.27-1-300x200.jpeg 300w, https:\/\/uvbbrasil.com.br\/wp-content\/uploads\/2022\/04\/WhatsApp-Image-2022-04-27-at-16.23.27-1-1024x682.jpeg 1024w, https:\/\/uvbbrasil.com.br\/wp-content\/uploads\/2022\/04\/WhatsApp-Image-2022-04-27-at-16.23.27-1-768x512.jpeg 768w, https:\/\/uvbbrasil.com.br\/wp-content\/uploads\/2022\/04\/WhatsApp-Image-2022-04-27-at-16.23.27-1.jpeg 1280w\" sizes=\"(max-width: 300px) 100vw, 300px\" \/><img loading=\"lazy\" decoding=\"async\" class=\"alignnone size-medium wp-image-25713\" src=\"https:\/\/uvbbrasil.com.br\/wp-content\/uploads\/2022\/04\/WhatsApp-Image-2022-04-27-at-16.23.27-2-300x200.jpeg\" alt=\"\" width=\"300\" height=\"200\" srcset=\"https:\/\/uvbbrasil.com.br\/wp-content\/uploads\/2022\/04\/WhatsApp-Image-2022-04-27-at-16.23.27-2-300x200.jpeg 300w, https:\/\/uvbbrasil.com.br\/wp-content\/uploads\/2022\/04\/WhatsApp-Image-2022-04-27-at-16.23.27-2-1024x682.jpeg 1024w, https:\/\/uvbbrasil.com.br\/wp-content\/uploads\/2022\/04\/WhatsApp-Image-2022-04-27-at-16.23.27-2-768x512.jpeg 768w, https:\/\/uvbbrasil.com.br\/wp-content\/uploads\/2022\/04\/WhatsApp-Image-2022-04-27-at-16.23.27-2.jpeg 1280w\" sizes=\"(max-width: 300px) 100vw, 300px\" \/><img loading=\"lazy\" decoding=\"async\" class=\"alignnone size-medium wp-image-25714\" src=\"https:\/\/uvbbrasil.com.br\/wp-content\/uploads\/2022\/04\/WhatsApp-Image-2022-04-27-at-16.23.28-300x200.jpeg\" alt=\"\" width=\"300\" height=\"200\" srcset=\"https:\/\/uvbbrasil.com.br\/wp-content\/uploads\/2022\/04\/WhatsApp-Image-2022-04-27-at-16.23.28-300x200.jpeg 300w, https:\/\/uvbbrasil.com.br\/wp-content\/uploads\/2022\/04\/WhatsApp-Image-2022-04-27-at-16.23.28-1024x682.jpeg 1024w, https:\/\/uvbbrasil.com.br\/wp-content\/uploads\/2022\/04\/WhatsApp-Image-2022-04-27-at-16.23.28-768x512.jpeg 768w, https:\/\/uvbbrasil.com.br\/wp-content\/uploads\/2022\/04\/WhatsApp-Image-2022-04-27-at-16.23.28.jpeg 1280w\" sizes=\"(max-width: 300px) 100vw, 300px\" \/><img loading=\"lazy\" decoding=\"async\" class=\"alignnone size-medium wp-image-25715\" src=\"https:\/\/uvbbrasil.com.br\/wp-content\/uploads\/2022\/04\/WhatsApp-Image-2022-04-27-at-16.23.29-300x200.jpeg\" alt=\"\" width=\"300\" height=\"200\" srcset=\"https:\/\/uvbbrasil.com.br\/wp-content\/uploads\/2022\/04\/WhatsApp-Image-2022-04-27-at-16.23.29-300x200.jpeg 300w, https:\/\/uvbbrasil.com.br\/wp-content\/uploads\/2022\/04\/WhatsApp-Image-2022-04-27-at-16.23.29-1024x682.jpeg 1024w, https:\/\/uvbbrasil.com.br\/wp-content\/uploads\/2022\/04\/WhatsApp-Image-2022-04-27-at-16.23.29-768x512.jpeg 768w, https:\/\/uvbbrasil.com.br\/wp-content\/uploads\/2022\/04\/WhatsApp-Image-2022-04-27-at-16.23.29.jpeg 1280w\" sizes=\"(max-width: 300px) 100vw, 300px\" \/><\/p>\n<p><img loading=\"lazy\" decoding=\"async\" class=\"alignnone size-medium wp-image-25716\" src=\"https:\/\/uvbbrasil.com.br\/wp-content\/uploads\/2022\/04\/WhatsApp-Image-2022-04-27-at-16.23.29-1-300x200.jpeg\" alt=\"\" width=\"300\" height=\"200\" srcset=\"https:\/\/uvbbrasil.com.br\/wp-content\/uploads\/2022\/04\/WhatsApp-Image-2022-04-27-at-16.23.29-1-300x200.jpeg 300w, https:\/\/uvbbrasil.com.br\/wp-content\/uploads\/2022\/04\/WhatsApp-Image-2022-04-27-at-16.23.29-1-1024x682.jpeg 1024w, https:\/\/uvbbrasil.com.br\/wp-content\/uploads\/2022\/04\/WhatsApp-Image-2022-04-27-at-16.23.29-1-768x512.jpeg 768w, https:\/\/uvbbrasil.com.br\/wp-content\/uploads\/2022\/04\/WhatsApp-Image-2022-04-27-at-16.23.29-1.jpeg 1280w\" sizes=\"(max-width: 300px) 100vw, 300px\" \/><\/p>\n<p><img loading=\"lazy\" decoding=\"async\" class=\"alignnone size-medium wp-image-25717\" src=\"https:\/\/uvbbrasil.com.br\/wp-content\/uploads\/2022\/04\/WhatsApp-Image-2022-04-27-at-16.23.29-1-1-300x200.jpeg\" alt=\"\" width=\"300\" height=\"200\" srcset=\"https:\/\/uvbbrasil.com.br\/wp-content\/uploads\/2022\/04\/WhatsApp-Image-2022-04-27-at-16.23.29-1-1-300x200.jpeg 300w, https:\/\/uvbbrasil.com.br\/wp-content\/uploads\/2022\/04\/WhatsApp-Image-2022-04-27-at-16.23.29-1-1-1024x682.jpeg 1024w, https:\/\/uvbbrasil.com.br\/wp-content\/uploads\/2022\/04\/WhatsApp-Image-2022-04-27-at-16.23.29-1-1-768x512.jpeg 768w, https:\/\/uvbbrasil.com.br\/wp-content\/uploads\/2022\/04\/WhatsApp-Image-2022-04-27-at-16.23.29-1-1.jpeg 1280w\" sizes=\"(max-width: 300px) 100vw, 300px\" \/><\/p>\n<p><img loading=\"lazy\" decoding=\"async\" class=\"alignnone size-medium wp-image-25718\" src=\"https:\/\/uvbbrasil.com.br\/wp-content\/uploads\/2022\/04\/WhatsApp-Image-2022-04-27-at-15.56.50-300x200.jpeg\" alt=\"\" width=\"300\" height=\"200\" srcset=\"https:\/\/uvbbrasil.com.br\/wp-content\/uploads\/2022\/04\/WhatsApp-Image-2022-04-27-at-15.56.50-300x200.jpeg 300w, https:\/\/uvbbrasil.com.br\/wp-content\/uploads\/2022\/04\/WhatsApp-Image-2022-04-27-at-15.56.50-1024x682.jpeg 1024w, https:\/\/uvbbrasil.com.br\/wp-content\/uploads\/2022\/04\/WhatsApp-Image-2022-04-27-at-15.56.50-768x512.jpeg 768w, https:\/\/uvbbrasil.com.br\/wp-content\/uploads\/2022\/04\/WhatsApp-Image-2022-04-27-at-15.56.50.jpeg 1280w\" sizes=\"(max-width: 300px) 100vw, 300px\" \/><\/p>\n","protected":false},"excerpt":{"rendered":"<p>A abertura oficial da XXI edi\u00e7\u00e3o da Marcha dos Legislativos Municipais com o tema o &#8220;Brasil do Futuro passa pela&#8230;<\/p>\n","protected":false},"author":1,"featured_media":25717,"comment_status":"open","ping_status":"open","sticky":false,"template":"","format":"standard","meta":{"footnotes":""},"categories":[3,4],"tags":[],"class_list":["post-25707","post","type-post","status-publish","format-standard","has-post-thumbnail","hentry","category-noticias","category-home"],"yoast_head":"<!-- This site is optimized with the Yoast SEO plugin v26.7 - https:\/\/yoast.com\/wordpress\/plugins\/seo\/ -->\n<title>Abertura oficial da XXI Marcha dos Legislativos Municipais - UVB Brasil<\/title>\n<meta name=\"robots\" content=\"index, follow, max-snippet:-1, max-image-preview:large, max-video-preview:-1\" \/>\n<link rel=\"canonical\" href=\"https:\/\/uvbbrasil.com.br\/abertura-oficial-da-xxi-marcha-dos-legislativos-municipais\/\" \/>\n<meta property=\"og:locale\" content=\"pt_BR\" \/>\n<meta property=\"og:type\" content=\"article\" \/>\n<meta property=\"og:title\" content=\"Abertura oficial da XXI Marcha dos Legislativos Municipais - UVB Brasil\" \/>\n<meta property=\"og:description\" content=\"A abertura oficial da XXI edi\u00e7\u00e3o da Marcha dos Legislativos Municipais com o tema o &#8220;Brasil do Futuro passa pela...\" \/>\n<meta property=\"og:url\" content=\"https:\/\/uvbbrasil.com.br\/abertura-oficial-da-xxi-marcha-dos-legislativos-municipais\/\" \/>\n<meta property=\"og:site_name\" content=\"UVB Brasil\" \/>\n<meta property=\"article:publisher\" content=\"https:\/\/www.facebook.com\/uvb.vereadoresbrasil\" \/>\n<meta property=\"article:published_time\" content=\"2022-04-27T19:43:46+00:00\" \/>\n<meta property=\"og:image\" content=\"https:\/\/uvbbrasil.com.br\/wp-content\/uploads\/2022\/04\/WhatsApp-Image-2022-04-27-at-16.23.29-1-1.jpeg\" \/>\n\t<meta property=\"og:image:width\" content=\"1280\" \/>\n\t<meta property=\"og:image:height\" content=\"853\" \/>\n\t<meta property=\"og:image:type\" content=\"image\/jpeg\" \/>\n<meta name=\"author\" content=\"adminuvb\" \/>\n<meta name=\"twitter:card\" content=\"summary_large_image\" \/>\n<meta name=\"twitter:label1\" content=\"Escrito por\" \/>\n\t<meta name=\"twitter:data1\" content=\"adminuvb\" \/>\n\t<meta name=\"twitter:label2\" content=\"Est. tempo de leitura\" \/>\n\t<meta name=\"twitter:data2\" content=\"4 minutos\" \/>\n<script type=\"application\/ld+json\" class=\"yoast-schema-graph\">{\"@context\":\"https:\/\/schema.org\",\"@graph\":[{\"@type\":\"Article\",\"@id\":\"https:\/\/uvbbrasil.com.br\/abertura-oficial-da-xxi-marcha-dos-legislativos-municipais\/#article\",\"isPartOf\":{\"@id\":\"https:\/\/uvbbrasil.com.br\/abertura-oficial-da-xxi-marcha-dos-legislativos-municipais\/\"},\"author\":{\"name\":\"adminuvb\",\"@id\":\"https:\/\/uvbbrasil.com.br\/#\/schema\/person\/17990098446c098f52effddff4f1b272\"},\"headline\":\"Abertura oficial da XXI Marcha dos Legislativos Municipais\",\"datePublished\":\"2022-04-27T19:43:46+00:00\",\"mainEntityOfPage\":{\"@id\":\"https:\/\/uvbbrasil.com.br\/abertura-oficial-da-xxi-marcha-dos-legislativos-municipais\/\"},\"wordCount\":254,\"commentCount\":0,\"publisher\":{\"@id\":\"https:\/\/uvbbrasil.com.br\/#organization\"},\"image\":{\"@id\":\"https:\/\/uvbbrasil.com.br\/abertura-oficial-da-xxi-marcha-dos-legislativos-municipais\/#primaryimage\"},\"thumbnailUrl\":\"https:\/\/uvbbrasil.com.br\/wp-content\/uploads\/2022\/04\/WhatsApp-Image-2022-04-27-at-16.23.29-1-1.jpeg\",\"articleSection\":[\"NOT\u00cdCIAS\",\"UVB\"],\"inLanguage\":\"pt-BR\",\"potentialAction\":[{\"@type\":\"CommentAction\",\"name\":\"Comment\",\"target\":[\"https:\/\/uvbbrasil.com.br\/abertura-oficial-da-xxi-marcha-dos-legislativos-municipais\/#respond\"]}]},{\"@type\":\"WebPage\",\"@id\":\"https:\/\/uvbbrasil.com.br\/abertura-oficial-da-xxi-marcha-dos-legislativos-municipais\/\",\"url\":\"https:\/\/uvbbrasil.com.br\/abertura-oficial-da-xxi-marcha-dos-legislativos-municipais\/\",\"name\":\"Abertura oficial da XXI Marcha dos Legislativos Municipais - UVB Brasil\",\"isPartOf\":{\"@id\":\"https:\/\/uvbbrasil.com.br\/#website\"},\"primaryImageOfPage\":{\"@id\":\"https:\/\/uvbbrasil.com.br\/abertura-oficial-da-xxi-marcha-dos-legislativos-municipais\/#primaryimage\"},\"image\":{\"@id\":\"https:\/\/uvbbrasil.com.br\/abertura-oficial-da-xxi-marcha-dos-legislativos-municipais\/#primaryimage\"},\"thumbnailUrl\":\"https:\/\/uvbbrasil.com.br\/wp-content\/uploads\/2022\/04\/WhatsApp-Image-2022-04-27-at-16.23.29-1-1.jpeg\",\"datePublished\":\"2022-04-27T19:43:46+00:00\",\"breadcrumb\":{\"@id\":\"https:\/\/uvbbrasil.com.br\/abertura-oficial-da-xxi-marcha-dos-legislativos-municipais\/#breadcrumb\"},\"inLanguage\":\"pt-BR\",\"potentialAction\":[{\"@type\":\"ReadAction\",\"target\":[\"https:\/\/uvbbrasil.com.br\/abertura-oficial-da-xxi-marcha-dos-legislativos-municipais\/\"]}]},{\"@type\":\"ImageObject\",\"inLanguage\":\"pt-BR\",\"@id\":\"https:\/\/uvbbrasil.com.br\/abertura-oficial-da-xxi-marcha-dos-legislativos-municipais\/#primaryimage\",\"url\":\"https:\/\/uvbbrasil.com.br\/wp-content\/uploads\/2022\/04\/WhatsApp-Image-2022-04-27-at-16.23.29-1-1.jpeg\",\"contentUrl\":\"https:\/\/uvbbrasil.com.br\/wp-content\/uploads\/2022\/04\/WhatsApp-Image-2022-04-27-at-16.23.29-1-1.jpeg\",\"width\":1280,\"height\":853},{\"@type\":\"BreadcrumbList\",\"@id\":\"https:\/\/uvbbrasil.com.br\/abertura-oficial-da-xxi-marcha-dos-legislativos-municipais\/#breadcrumb\",\"itemListElement\":[{\"@type\":\"ListItem\",\"position\":1,\"name\":\"In\u00edcio\",\"item\":\"https:\/\/uvbbrasil.com.br\/\"},{\"@type\":\"ListItem\",\"position\":2,\"name\":\"Abertura oficial da XXI Marcha dos Legislativos Municipais\"}]},{\"@type\":\"WebSite\",\"@id\":\"https:\/\/uvbbrasil.com.br\/#website\",\"url\":\"https:\/\/uvbbrasil.com.br\/\",\"name\":\"UVB Brasil\",\"description\":\"Uni\u00e3o dos Vereadores do Brasil\",\"publisher\":{\"@id\":\"https:\/\/uvbbrasil.com.br\/#organization\"},\"potentialAction\":[{\"@type\":\"SearchAction\",\"target\":{\"@type\":\"EntryPoint\",\"urlTemplate\":\"https:\/\/uvbbrasil.com.br\/?s={search_term_string}\"},\"query-input\":{\"@type\":\"PropertyValueSpecification\",\"valueRequired\":true,\"valueName\":\"search_term_string\"}}],\"inLanguage\":\"pt-BR\"},{\"@type\":\"Organization\",\"@id\":\"https:\/\/uvbbrasil.com.br\/#organization\",\"name\":\"UVB Brasil\",\"url\":\"https:\/\/uvbbrasil.com.br\/\",\"logo\":{\"@type\":\"ImageObject\",\"inLanguage\":\"pt-BR\",\"@id\":\"https:\/\/uvbbrasil.com.br\/#\/schema\/logo\/image\/\",\"url\":\"https:\/\/uvbbrasil.com.br\/wp-content\/uploads\/2025\/01\/LOGO-UVB-2024-azul-1.jpg\",\"contentUrl\":\"https:\/\/uvbbrasil.com.br\/wp-content\/uploads\/2025\/01\/LOGO-UVB-2024-azul-1.jpg\",\"width\":600,\"height\":211,\"caption\":\"UVB Brasil\"},\"image\":{\"@id\":\"https:\/\/uvbbrasil.com.br\/#\/schema\/logo\/image\/\"},\"sameAs\":[\"https:\/\/www.facebook.com\/uvb.vereadoresbrasil\",\"https:\/\/www.instagram.com\/uvbbrasil\/\",\"https:\/\/www.youtube.com\/channel\/UCIlPQ8Xzw5GHNzosQIg9S5A\"]},{\"@type\":\"Person\",\"@id\":\"https:\/\/uvbbrasil.com.br\/#\/schema\/person\/17990098446c098f52effddff4f1b272\",\"name\":\"adminuvb\",\"image\":{\"@type\":\"ImageObject\",\"inLanguage\":\"pt-BR\",\"@id\":\"https:\/\/uvbbrasil.com.br\/#\/schema\/person\/image\/\",\"url\":\"https:\/\/secure.gravatar.com\/avatar\/1a494ea6f8e2dd1ae526e55b0e9497efdba542491e0620d704cccf63c6f77c45?s=96&d=mm&r=g\",\"contentUrl\":\"https:\/\/secure.gravatar.com\/avatar\/1a494ea6f8e2dd1ae526e55b0e9497efdba542491e0620d704cccf63c6f77c45?s=96&d=mm&r=g\",\"caption\":\"adminuvb\"},\"sameAs\":[\"https:\/\/uvbbrasil.com.br\"],\"url\":\"https:\/\/uvbbrasil.com.br\/author\/adminuvb\/\"}]}<\/script>\n<!-- \/ Yoast SEO plugin. -->","yoast_head_json":{"title":"Abertura oficial da XXI Marcha dos Legislativos Municipais - UVB Brasil","robots":{"index":"index","follow":"follow","max-snippet":"max-snippet:-1","max-image-preview":"max-image-preview:large","max-video-preview":"max-video-preview:-1"},"canonical":"https:\/\/uvbbrasil.com.br\/abertura-oficial-da-xxi-marcha-dos-legislativos-municipais\/","og_locale":"pt_BR","og_type":"article","og_title":"Abertura oficial da XXI Marcha dos Legislativos Municipais - UVB Brasil","og_description":"A abertura oficial da XXI edi\u00e7\u00e3o da Marcha dos Legislativos Municipais com o tema o &#8220;Brasil do Futuro passa pela...","og_url":"https:\/\/uvbbrasil.com.br\/abertura-oficial-da-xxi-marcha-dos-legislativos-municipais\/","og_site_name":"UVB Brasil","article_publisher":"https:\/\/www.facebook.com\/uvb.vereadoresbrasil","article_published_time":"2022-04-27T19:43:46+00:00","og_image":[{"width":1280,"height":853,"url":"https:\/\/uvbbrasil.com.br\/wp-content\/uploads\/2022\/04\/WhatsApp-Image-2022-04-27-at-16.23.29-1-1.jpeg","type":"image\/jpeg"}],"author":"adminuvb","twitter_card":"summary_large_image","twitter_misc":{"Escrito por":"adminuvb","Est. tempo de leitura":"4 minutos"},"schema":{"@context":"https:\/\/schema.org","@graph":[{"@type":"Article","@id":"https:\/\/uvbbrasil.com.br\/abertura-oficial-da-xxi-marcha-dos-legislativos-municipais\/#article","isPartOf":{"@id":"https:\/\/uvbbrasil.com.br\/abertura-oficial-da-xxi-marcha-dos-legislativos-municipais\/"},"author":{"name":"adminuvb","@id":"https:\/\/uvbbrasil.com.br\/#\/schema\/person\/17990098446c098f52effddff4f1b272"},"headline":"Abertura oficial da XXI Marcha dos Legislativos Municipais","datePublished":"2022-04-27T19:43:46+00:00","mainEntityOfPage":{"@id":"https:\/\/uvbbrasil.com.br\/abertura-oficial-da-xxi-marcha-dos-legislativos-municipais\/"},"wordCount":254,"commentCount":0,"publisher":{"@id":"https:\/\/uvbbrasil.com.br\/#organization"},"image":{"@id":"https:\/\/uvbbrasil.com.br\/abertura-oficial-da-xxi-marcha-dos-legislativos-municipais\/#primaryimage"},"thumbnailUrl":"https:\/\/uvbbrasil.com.br\/wp-content\/uploads\/2022\/04\/WhatsApp-Image-2022-04-27-at-16.23.29-1-1.jpeg","articleSection":["NOT\u00cdCIAS","UVB"],"inLanguage":"pt-BR","potentialAction":[{"@type":"CommentAction","name":"Comment","target":["https:\/\/uvbbrasil.com.br\/abertura-oficial-da-xxi-marcha-dos-legislativos-municipais\/#respond"]}]},{"@type":"WebPage","@id":"https:\/\/uvbbrasil.com.br\/abertura-oficial-da-xxi-marcha-dos-legislativos-municipais\/","url":"https:\/\/uvbbrasil.com.br\/abertura-oficial-da-xxi-marcha-dos-legislativos-municipais\/","name":"Abertura oficial da XXI Marcha dos Legislativos Municipais - UVB Brasil","isPartOf":{"@id":"https:\/\/uvbbrasil.com.br\/#website"},"primaryImageOfPage":{"@id":"https:\/\/uvbbrasil.com.br\/abertura-oficial-da-xxi-marcha-dos-legislativos-municipais\/#primaryimage"},"image":{"@id":"https:\/\/uvbbrasil.com.br\/abertura-oficial-da-xxi-marcha-dos-legislativos-municipais\/#primaryimage"},"thumbnailUrl":"https:\/\/uvbbrasil.com.br\/wp-content\/uploads\/2022\/04\/WhatsApp-Image-2022-04-27-at-16.23.29-1-1.jpeg","datePublished":"2022-04-27T19:43:46+00:00","breadcrumb":{"@id":"https:\/\/uvbbrasil.com.br\/abertura-oficial-da-xxi-marcha-dos-legislativos-municipais\/#breadcrumb"},"inLanguage":"pt-BR","potentialAction":[{"@type":"ReadAction","target":["https:\/\/uvbbrasil.com.br\/abertura-oficial-da-xxi-marcha-dos-legislativos-municipais\/"]}]},{"@type":"ImageObject","inLanguage":"pt-BR","@id":"https:\/\/uvbbrasil.com.br\/abertura-oficial-da-xxi-marcha-dos-legislativos-municipais\/#primaryimage","url":"https:\/\/uvbbrasil.com.br\/wp-content\/uploads\/2022\/04\/WhatsApp-Image-2022-04-27-at-16.23.29-1-1.jpeg","contentUrl":"https:\/\/uvbbrasil.com.br\/wp-content\/uploads\/2022\/04\/WhatsApp-Image-2022-04-27-at-16.23.29-1-1.jpeg","width":1280,"height":853},{"@type":"BreadcrumbList","@id":"https:\/\/uvbbrasil.com.br\/abertura-oficial-da-xxi-marcha-dos-legislativos-municipais\/#breadcrumb","itemListElement":[{"@type":"ListItem","position":1,"name":"In\u00edcio","item":"https:\/\/uvbbrasil.com.br\/"},{"@type":"ListItem","position":2,"name":"Abertura oficial da XXI Marcha dos Legislativos Municipais"}]},{"@type":"WebSite","@id":"https:\/\/uvbbrasil.com.br\/#website","url":"https:\/\/uvbbrasil.com.br\/","name":"UVB Brasil","description":"Uni\u00e3o dos Vereadores do Brasil","publisher":{"@id":"https:\/\/uvbbrasil.com.br\/#organization"},"potentialAction":[{"@type":"SearchAction","target":{"@type":"EntryPoint","urlTemplate":"https:\/\/uvbbrasil.com.br\/?s={search_term_string}"},"query-input":{"@type":"PropertyValueSpecification","valueRequired":true,"valueName":"search_term_string"}}],"inLanguage":"pt-BR"},{"@type":"Organization","@id":"https:\/\/uvbbrasil.com.br\/#organization","name":"UVB Brasil","url":"https:\/\/uvbbrasil.com.br\/","logo":{"@type":"ImageObject","inLanguage":"pt-BR","@id":"https:\/\/uvbbrasil.com.br\/#\/schema\/logo\/image\/","url":"https:\/\/uvbbrasil.com.br\/wp-content\/uploads\/2025\/01\/LOGO-UVB-2024-azul-1.jpg","contentUrl":"https:\/\/uvbbrasil.com.br\/wp-content\/uploads\/2025\/01\/LOGO-UVB-2024-azul-1.jpg","width":600,"height":211,"caption":"UVB Brasil"},"image":{"@id":"https:\/\/uvbbrasil.com.br\/#\/schema\/logo\/image\/"},"sameAs":["https:\/\/www.facebook.com\/uvb.vereadoresbrasil","https:\/\/www.instagram.com\/uvbbrasil\/","https:\/\/www.youtube.com\/channel\/UCIlPQ8Xzw5GHNzosQIg9S5A"]},{"@type":"Person","@id":"https:\/\/uvbbrasil.com.br\/#\/schema\/person\/17990098446c098f52effddff4f1b272","name":"adminuvb","image":{"@type":"ImageObject","inLanguage":"pt-BR","@id":"https:\/\/uvbbrasil.com.br\/#\/schema\/person\/image\/","url":"https:\/\/secure.gravatar.com\/avatar\/1a494ea6f8e2dd1ae526e55b0e9497efdba542491e0620d704cccf63c6f77c45?s=96&d=mm&r=g","contentUrl":"https:\/\/secure.gravatar.com\/avatar\/1a494ea6f8e2dd1ae526e55b0e9497efdba542491e0620d704cccf63c6f77c45?s=96&d=mm&r=g","caption":"adminuvb"},"sameAs":["https:\/\/uvbbrasil.com.br"],"url":"https:\/\/uvbbrasil.com.br\/author\/adminuvb\/"}]}},"_links":{"self":[{"href":"https:\/\/uvbbrasil.com.br\/uvb-json\/wp\/v2\/posts\/25707","targetHints":{"allow":["GET"]}}],"collection":[{"href":"https:\/\/uvbbrasil.com.br\/uvb-json\/wp\/v2\/posts"}],"about":[{"href":"https:\/\/uvbbrasil.com.br\/uvb-json\/wp\/v2\/types\/post"}],"author":[{"embeddable":true,"href":"https:\/\/uvbbrasil.com.br\/uvb-json\/wp\/v2\/users\/1"}],"replies":[{"embeddable":true,"href":"https:\/\/uvbbrasil.com.br\/uvb-json\/wp\/v2\/comments?post=25707"}],"version-history":[{"count":0,"href":"https:\/\/uvbbrasil.com.br\/uvb-json\/wp\/v2\/posts\/25707\/revisions"}],"wp:featuredmedia":[{"embeddable":true,"href":"https:\/\/uvbbrasil.com.br\/uvb-json\/wp\/v2\/media\/25717"}],"wp:attachment":[{"href":"https:\/\/uvbbrasil.com.br\/uvb-json\/wp\/v2\/media?parent=25707"}],"wp:term":[{"taxonomy":"category","embeddable":true,"href":"https:\/\/uvbbrasil.com.br\/uvb-json\/wp\/v2\/categories?post=25707"},{"taxonomy":"post_tag","embeddable":true,"href":"https:\/\/uvbbrasil.com.br\/uvb-json\/wp\/v2\/tags?post=25707"}],"curies":[{"name":"wp","href":"https:\/\/api.w.org\/{rel}","templated":true}]}}