{"id":25516,"date":"2022-03-31T10:35:33","date_gmt":"2022-03-31T13:35:33","guid":{"rendered":"https:\/\/wpsandbox4.pante.com.br\/?p=25516"},"modified":"2022-03-31T10:35:33","modified_gmt":"2022-03-31T13:35:33","slug":"legislativo-de-irai-rs-autoriza-o-executivo-a-contratar-auxiliares-de-creche","status":"publish","type":"post","link":"https:\/\/uvbbrasil.com.br\/legislativo-de-irai-rs-autoriza-o-executivo-a-contratar-auxiliares-de-creche\/","title":{"rendered":"Legislativo de Ira\u00ed\/RS autoriza o Executivo a contratar auxiliares de creche"},"content":{"rendered":"<div class=\"kvgmc6g5 cxmmr5t8 oygrvhab hcukyx3x c1et5uql ii04i59q\">\n<div dir=\"auto\"><\/div>\n<\/div>\n<div class=\"cxmmr5t8 oygrvhab hcukyx3x c1et5uql o9v6fnle ii04i59q\">\n<div dir=\"auto\">A C\u00e2mara\u00a0 Municipal de Vereadores\u00a0 de Ira\u00ed\/RS, aprovou por unanimidade o Projeto de Lei N\u00ba 022\/2022, que autoriza a Administra\u00e7\u00e3o Municipal a contratar em car\u00e1ter tempor\u00e1rio e emergencial, at\u00e9 seis auxiliares de creche por seis meses, prorrog\u00e1vel por igual per\u00edodo, respeitado o per\u00edodo letivo.<\/div>\n<\/div>\n<div class=\"cxmmr5t8 oygrvhab hcukyx3x c1et5uql o9v6fnle ii04i59q\">\n<div dir=\"auto\">Segundo o texto, a educa\u00e7\u00e3o infantil abrange creche 0 a 3 anos de idade e pr\u00e9-escolar n\u00edveis A e B 4 a 5 anos, fase em que interven\u00e7\u00f5es apropriadas e de profissionais habilitados s\u00e3o de extrema import\u00e2ncia para o desenvolvimento psicol\u00f3gico, afetivo, motor e cognitivo do aluno, e a fun\u00e7\u00e3o de Auxiliar de Creche vem dar suporte necess\u00e1rio ao professor na realiza\u00e7\u00e3o das fun\u00e7\u00f5es pedag\u00f3gicas, pois os alunos nessa faixa et\u00e1ria usam fraldas, precisam de aux\u00edlio para alimenta\u00e7\u00e3o, uso do banheiro, aux\u00edlio para higiene pessoal, quest\u00f5es estas em que h\u00e1 efetiva necessidade de um auxiliar.<\/div>\n<\/div>\n<div class=\"cxmmr5t8 oygrvhab hcukyx3x c1et5uql o9v6fnle ii04i59q\">\n<div dir=\"auto\">A falta de auxiliar de creche \u00e9 uma car\u00eancia enfrentada pelas escolas de educa\u00e7\u00e3o infantil da rede municipal de ensino no ano letivo de 2022 devido o aumento significativo do n\u00famero de alunos por turma, aumento do n\u00famero de turmas, vac\u00e2ncia no cargo de auxiliar de creche devido a pedidos de exonera\u00e7\u00e3o e ainda funcion\u00e1ria em licen\u00e7a gestante.<\/div>\n<\/div>\n<div class=\"cxmmr5t8 oygrvhab hcukyx3x c1et5uql o9v6fnle ii04i59q\">\n<div dir=\"auto\">A sess\u00e3o ordin\u00e1ria contou com a participa\u00e7\u00e3o em Plen\u00e1rio dos vereadores; presidente, Gilson Conzatti; vice-presidente, Jair Barros; primeira-secret\u00e1ria, Ana Paula Rodrigues; segunda-secret\u00e1ria, Franciele Diotti; Comiss\u00e3o Representativa, Maristela Panegalli; Paulo Martins, Jadir Jacinto, Cl\u00e9rio Larentis e Nelci do Amaral. A pr\u00f3xima sess\u00e3o ser\u00e1 realizada no dia 11 de abril, \u00e0s 18 horas.<\/div>\n<div dir=\"auto\"><img fetchpriority=\"high\" decoding=\"async\" class=\"alignnone size-medium wp-image-25517\" src=\"https:\/\/uvbbrasil.com.br\/wp-content\/uploads\/2022\/03\/277808714_2434041233393165_6739108089334171642_n-300x200.jpg\" alt=\"\" width=\"300\" height=\"200\" srcset=\"https:\/\/uvbbrasil.com.br\/wp-content\/uploads\/2022\/03\/277808714_2434041233393165_6739108089334171642_n-300x200.jpg 300w, https:\/\/uvbbrasil.com.br\/wp-content\/uploads\/2022\/03\/277808714_2434041233393165_6739108089334171642_n-1024x683.jpg 1024w, https:\/\/uvbbrasil.com.br\/wp-content\/uploads\/2022\/03\/277808714_2434041233393165_6739108089334171642_n-768x512.jpg 768w, https:\/\/uvbbrasil.com.br\/wp-content\/uploads\/2022\/03\/277808714_2434041233393165_6739108089334171642_n-1536x1024.jpg 1536w, https:\/\/uvbbrasil.com.br\/wp-content\/uploads\/2022\/03\/277808714_2434041233393165_6739108089334171642_n.jpg 2048w\" sizes=\"(max-width: 300px) 100vw, 300px\" \/><\/div>\n<\/div>\n","protected":false},"excerpt":{"rendered":"<p>A C\u00e2mara\u00a0 Municipal de Vereadores\u00a0 de Ira\u00ed\/RS, aprovou por unanimidade o Projeto de Lei N\u00ba 022\/2022, que autoriza a Administra\u00e7\u00e3o&#8230;<\/p>\n","protected":false},"author":1,"featured_media":25517,"comment_status":"open","ping_status":"open","sticky":false,"template":"","format":"standard","meta":{"footnotes":""},"categories":[3],"tags":[],"class_list":["post-25516","post","type-post","status-publish","format-standard","has-post-thumbnail","hentry","category-noticias"],"yoast_head":"<!-- This site is optimized with the Yoast SEO plugin v26.7 - https:\/\/yoast.com\/wordpress\/plugins\/seo\/ -->\n<title>Legislativo de Ira\u00ed\/RS autoriza o Executivo a contratar auxiliares de creche - UVB Brasil<\/title>\n<meta name=\"robots\" content=\"index, follow, max-snippet:-1, max-image-preview:large, max-video-preview:-1\" \/>\n<link rel=\"canonical\" href=\"https:\/\/uvbbrasil.com.br\/legislativo-de-irai-rs-autoriza-o-executivo-a-contratar-auxiliares-de-creche\/\" \/>\n<meta property=\"og:locale\" content=\"pt_BR\" \/>\n<meta property=\"og:type\" content=\"article\" \/>\n<meta property=\"og:title\" content=\"Legislativo de Ira\u00ed\/RS autoriza o Executivo a contratar auxiliares de creche - UVB Brasil\" \/>\n<meta property=\"og:description\" content=\"A C\u00e2mara\u00a0 Municipal de Vereadores\u00a0 de Ira\u00ed\/RS, aprovou por unanimidade o Projeto de Lei N\u00ba 022\/2022, que autoriza a Administra\u00e7\u00e3o...\" \/>\n<meta property=\"og:url\" content=\"https:\/\/uvbbrasil.com.br\/legislativo-de-irai-rs-autoriza-o-executivo-a-contratar-auxiliares-de-creche\/\" \/>\n<meta property=\"og:site_name\" content=\"UVB Brasil\" \/>\n<meta property=\"article:publisher\" content=\"https:\/\/www.facebook.com\/uvb.vereadoresbrasil\" \/>\n<meta property=\"article:published_time\" content=\"2022-03-31T13:35:33+00:00\" \/>\n<meta property=\"og:image\" content=\"https:\/\/uvbbrasil.com.br\/wp-content\/uploads\/2022\/03\/277808714_2434041233393165_6739108089334171642_n.jpg\" \/>\n\t<meta property=\"og:image:width\" content=\"2048\" \/>\n\t<meta property=\"og:image:height\" content=\"1365\" \/>\n\t<meta property=\"og:image:type\" content=\"image\/jpeg\" \/>\n<meta name=\"author\" content=\"adminuvb\" \/>\n<meta name=\"twitter:card\" content=\"summary_large_image\" \/>\n<meta name=\"twitter:label1\" content=\"Escrito por\" \/>\n\t<meta name=\"twitter:data1\" content=\"adminuvb\" \/>\n\t<meta name=\"twitter:label2\" content=\"Est. tempo de leitura\" \/>\n\t<meta name=\"twitter:data2\" content=\"2 minutos\" \/>\n<script type=\"application\/ld+json\" class=\"yoast-schema-graph\">{\"@context\":\"https:\/\/schema.org\",\"@graph\":[{\"@type\":\"Article\",\"@id\":\"https:\/\/uvbbrasil.com.br\/legislativo-de-irai-rs-autoriza-o-executivo-a-contratar-auxiliares-de-creche\/#article\",\"isPartOf\":{\"@id\":\"https:\/\/uvbbrasil.com.br\/legislativo-de-irai-rs-autoriza-o-executivo-a-contratar-auxiliares-de-creche\/\"},\"author\":{\"name\":\"adminuvb\",\"@id\":\"https:\/\/uvbbrasil.com.br\/#\/schema\/person\/17990098446c098f52effddff4f1b272\"},\"headline\":\"Legislativo de Ira\u00ed\/RS autoriza o Executivo a contratar auxiliares de creche\",\"datePublished\":\"2022-03-31T13:35:33+00:00\",\"mainEntityOfPage\":{\"@id\":\"https:\/\/uvbbrasil.com.br\/legislativo-de-irai-rs-autoriza-o-executivo-a-contratar-auxiliares-de-creche\/\"},\"wordCount\":294,\"commentCount\":0,\"publisher\":{\"@id\":\"https:\/\/uvbbrasil.com.br\/#organization\"},\"image\":{\"@id\":\"https:\/\/uvbbrasil.com.br\/legislativo-de-irai-rs-autoriza-o-executivo-a-contratar-auxiliares-de-creche\/#primaryimage\"},\"thumbnailUrl\":\"https:\/\/uvbbrasil.com.br\/wp-content\/uploads\/2022\/03\/277808714_2434041233393165_6739108089334171642_n.jpg\",\"articleSection\":[\"NOT\u00cdCIAS\"],\"inLanguage\":\"pt-BR\",\"potentialAction\":[{\"@type\":\"CommentAction\",\"name\":\"Comment\",\"target\":[\"https:\/\/uvbbrasil.com.br\/legislativo-de-irai-rs-autoriza-o-executivo-a-contratar-auxiliares-de-creche\/#respond\"]}]},{\"@type\":\"WebPage\",\"@id\":\"https:\/\/uvbbrasil.com.br\/legislativo-de-irai-rs-autoriza-o-executivo-a-contratar-auxiliares-de-creche\/\",\"url\":\"https:\/\/uvbbrasil.com.br\/legislativo-de-irai-rs-autoriza-o-executivo-a-contratar-auxiliares-de-creche\/\",\"name\":\"Legislativo de Ira\u00ed\/RS autoriza o Executivo a contratar auxiliares de creche - UVB Brasil\",\"isPartOf\":{\"@id\":\"https:\/\/uvbbrasil.com.br\/#website\"},\"primaryImageOfPage\":{\"@id\":\"https:\/\/uvbbrasil.com.br\/legislativo-de-irai-rs-autoriza-o-executivo-a-contratar-auxiliares-de-creche\/#primaryimage\"},\"image\":{\"@id\":\"https:\/\/uvbbrasil.com.br\/legislativo-de-irai-rs-autoriza-o-executivo-a-contratar-auxiliares-de-creche\/#primaryimage\"},\"thumbnailUrl\":\"https:\/\/uvbbrasil.com.br\/wp-content\/uploads\/2022\/03\/277808714_2434041233393165_6739108089334171642_n.jpg\",\"datePublished\":\"2022-03-31T13:35:33+00:00\",\"breadcrumb\":{\"@id\":\"https:\/\/uvbbrasil.com.br\/legislativo-de-irai-rs-autoriza-o-executivo-a-contratar-auxiliares-de-creche\/#breadcrumb\"},\"inLanguage\":\"pt-BR\",\"potentialAction\":[{\"@type\":\"ReadAction\",\"target\":[\"https:\/\/uvbbrasil.com.br\/legislativo-de-irai-rs-autoriza-o-executivo-a-contratar-auxiliares-de-creche\/\"]}]},{\"@type\":\"ImageObject\",\"inLanguage\":\"pt-BR\",\"@id\":\"https:\/\/uvbbrasil.com.br\/legislativo-de-irai-rs-autoriza-o-executivo-a-contratar-auxiliares-de-creche\/#primaryimage\",\"url\":\"https:\/\/uvbbrasil.com.br\/wp-content\/uploads\/2022\/03\/277808714_2434041233393165_6739108089334171642_n.jpg\",\"contentUrl\":\"https:\/\/uvbbrasil.com.br\/wp-content\/uploads\/2022\/03\/277808714_2434041233393165_6739108089334171642_n.jpg\",\"width\":2048,\"height\":1365},{\"@type\":\"BreadcrumbList\",\"@id\":\"https:\/\/uvbbrasil.com.br\/legislativo-de-irai-rs-autoriza-o-executivo-a-contratar-auxiliares-de-creche\/#breadcrumb\",\"itemListElement\":[{\"@type\":\"ListItem\",\"position\":1,\"name\":\"In\u00edcio\",\"item\":\"https:\/\/uvbbrasil.com.br\/\"},{\"@type\":\"ListItem\",\"position\":2,\"name\":\"Legislativo de Ira\u00ed\/RS autoriza o Executivo a contratar auxiliares de creche\"}]},{\"@type\":\"WebSite\",\"@id\":\"https:\/\/uvbbrasil.com.br\/#website\",\"url\":\"https:\/\/uvbbrasil.com.br\/\",\"name\":\"UVB Brasil\",\"description\":\"Uni\u00e3o dos Vereadores do Brasil\",\"publisher\":{\"@id\":\"https:\/\/uvbbrasil.com.br\/#organization\"},\"potentialAction\":[{\"@type\":\"SearchAction\",\"target\":{\"@type\":\"EntryPoint\",\"urlTemplate\":\"https:\/\/uvbbrasil.com.br\/?s={search_term_string}\"},\"query-input\":{\"@type\":\"PropertyValueSpecification\",\"valueRequired\":true,\"valueName\":\"search_term_string\"}}],\"inLanguage\":\"pt-BR\"},{\"@type\":\"Organization\",\"@id\":\"https:\/\/uvbbrasil.com.br\/#organization\",\"name\":\"UVB Brasil\",\"url\":\"https:\/\/uvbbrasil.com.br\/\",\"logo\":{\"@type\":\"ImageObject\",\"inLanguage\":\"pt-BR\",\"@id\":\"https:\/\/uvbbrasil.com.br\/#\/schema\/logo\/image\/\",\"url\":\"https:\/\/uvbbrasil.com.br\/wp-content\/uploads\/2025\/01\/LOGO-UVB-2024-azul-1.jpg\",\"contentUrl\":\"https:\/\/uvbbrasil.com.br\/wp-content\/uploads\/2025\/01\/LOGO-UVB-2024-azul-1.jpg\",\"width\":600,\"height\":211,\"caption\":\"UVB Brasil\"},\"image\":{\"@id\":\"https:\/\/uvbbrasil.com.br\/#\/schema\/logo\/image\/\"},\"sameAs\":[\"https:\/\/www.facebook.com\/uvb.vereadoresbrasil\",\"https:\/\/www.instagram.com\/uvbbrasil\/\",\"https:\/\/www.youtube.com\/channel\/UCIlPQ8Xzw5GHNzosQIg9S5A\"]},{\"@type\":\"Person\",\"@id\":\"https:\/\/uvbbrasil.com.br\/#\/schema\/person\/17990098446c098f52effddff4f1b272\",\"name\":\"adminuvb\",\"image\":{\"@type\":\"ImageObject\",\"inLanguage\":\"pt-BR\",\"@id\":\"https:\/\/uvbbrasil.com.br\/#\/schema\/person\/image\/\",\"url\":\"https:\/\/secure.gravatar.com\/avatar\/1a494ea6f8e2dd1ae526e55b0e9497efdba542491e0620d704cccf63c6f77c45?s=96&d=mm&r=g\",\"contentUrl\":\"https:\/\/secure.gravatar.com\/avatar\/1a494ea6f8e2dd1ae526e55b0e9497efdba542491e0620d704cccf63c6f77c45?s=96&d=mm&r=g\",\"caption\":\"adminuvb\"},\"sameAs\":[\"https:\/\/uvbbrasil.com.br\"],\"url\":\"https:\/\/uvbbrasil.com.br\/author\/adminuvb\/\"}]}<\/script>\n<!-- \/ Yoast SEO plugin. -->","yoast_head_json":{"title":"Legislativo de Ira\u00ed\/RS autoriza o Executivo a contratar auxiliares de creche - UVB Brasil","robots":{"index":"index","follow":"follow","max-snippet":"max-snippet:-1","max-image-preview":"max-image-preview:large","max-video-preview":"max-video-preview:-1"},"canonical":"https:\/\/uvbbrasil.com.br\/legislativo-de-irai-rs-autoriza-o-executivo-a-contratar-auxiliares-de-creche\/","og_locale":"pt_BR","og_type":"article","og_title":"Legislativo de Ira\u00ed\/RS autoriza o Executivo a contratar auxiliares de creche - UVB Brasil","og_description":"A C\u00e2mara\u00a0 Municipal de Vereadores\u00a0 de Ira\u00ed\/RS, aprovou por unanimidade o Projeto de Lei N\u00ba 022\/2022, que autoriza a Administra\u00e7\u00e3o...","og_url":"https:\/\/uvbbrasil.com.br\/legislativo-de-irai-rs-autoriza-o-executivo-a-contratar-auxiliares-de-creche\/","og_site_name":"UVB Brasil","article_publisher":"https:\/\/www.facebook.com\/uvb.vereadoresbrasil","article_published_time":"2022-03-31T13:35:33+00:00","og_image":[{"width":2048,"height":1365,"url":"https:\/\/uvbbrasil.com.br\/wp-content\/uploads\/2022\/03\/277808714_2434041233393165_6739108089334171642_n.jpg","type":"image\/jpeg"}],"author":"adminuvb","twitter_card":"summary_large_image","twitter_misc":{"Escrito por":"adminuvb","Est. tempo de leitura":"2 minutos"},"schema":{"@context":"https:\/\/schema.org","@graph":[{"@type":"Article","@id":"https:\/\/uvbbrasil.com.br\/legislativo-de-irai-rs-autoriza-o-executivo-a-contratar-auxiliares-de-creche\/#article","isPartOf":{"@id":"https:\/\/uvbbrasil.com.br\/legislativo-de-irai-rs-autoriza-o-executivo-a-contratar-auxiliares-de-creche\/"},"author":{"name":"adminuvb","@id":"https:\/\/uvbbrasil.com.br\/#\/schema\/person\/17990098446c098f52effddff4f1b272"},"headline":"Legislativo de Ira\u00ed\/RS autoriza o Executivo a contratar auxiliares de creche","datePublished":"2022-03-31T13:35:33+00:00","mainEntityOfPage":{"@id":"https:\/\/uvbbrasil.com.br\/legislativo-de-irai-rs-autoriza-o-executivo-a-contratar-auxiliares-de-creche\/"},"wordCount":294,"commentCount":0,"publisher":{"@id":"https:\/\/uvbbrasil.com.br\/#organization"},"image":{"@id":"https:\/\/uvbbrasil.com.br\/legislativo-de-irai-rs-autoriza-o-executivo-a-contratar-auxiliares-de-creche\/#primaryimage"},"thumbnailUrl":"https:\/\/uvbbrasil.com.br\/wp-content\/uploads\/2022\/03\/277808714_2434041233393165_6739108089334171642_n.jpg","articleSection":["NOT\u00cdCIAS"],"inLanguage":"pt-BR","potentialAction":[{"@type":"CommentAction","name":"Comment","target":["https:\/\/uvbbrasil.com.br\/legislativo-de-irai-rs-autoriza-o-executivo-a-contratar-auxiliares-de-creche\/#respond"]}]},{"@type":"WebPage","@id":"https:\/\/uvbbrasil.com.br\/legislativo-de-irai-rs-autoriza-o-executivo-a-contratar-auxiliares-de-creche\/","url":"https:\/\/uvbbrasil.com.br\/legislativo-de-irai-rs-autoriza-o-executivo-a-contratar-auxiliares-de-creche\/","name":"Legislativo de Ira\u00ed\/RS autoriza o Executivo a contratar auxiliares de creche - UVB Brasil","isPartOf":{"@id":"https:\/\/uvbbrasil.com.br\/#website"},"primaryImageOfPage":{"@id":"https:\/\/uvbbrasil.com.br\/legislativo-de-irai-rs-autoriza-o-executivo-a-contratar-auxiliares-de-creche\/#primaryimage"},"image":{"@id":"https:\/\/uvbbrasil.com.br\/legislativo-de-irai-rs-autoriza-o-executivo-a-contratar-auxiliares-de-creche\/#primaryimage"},"thumbnailUrl":"https:\/\/uvbbrasil.com.br\/wp-content\/uploads\/2022\/03\/277808714_2434041233393165_6739108089334171642_n.jpg","datePublished":"2022-03-31T13:35:33+00:00","breadcrumb":{"@id":"https:\/\/uvbbrasil.com.br\/legislativo-de-irai-rs-autoriza-o-executivo-a-contratar-auxiliares-de-creche\/#breadcrumb"},"inLanguage":"pt-BR","potentialAction":[{"@type":"ReadAction","target":["https:\/\/uvbbrasil.com.br\/legislativo-de-irai-rs-autoriza-o-executivo-a-contratar-auxiliares-de-creche\/"]}]},{"@type":"ImageObject","inLanguage":"pt-BR","@id":"https:\/\/uvbbrasil.com.br\/legislativo-de-irai-rs-autoriza-o-executivo-a-contratar-auxiliares-de-creche\/#primaryimage","url":"https:\/\/uvbbrasil.com.br\/wp-content\/uploads\/2022\/03\/277808714_2434041233393165_6739108089334171642_n.jpg","contentUrl":"https:\/\/uvbbrasil.com.br\/wp-content\/uploads\/2022\/03\/277808714_2434041233393165_6739108089334171642_n.jpg","width":2048,"height":1365},{"@type":"BreadcrumbList","@id":"https:\/\/uvbbrasil.com.br\/legislativo-de-irai-rs-autoriza-o-executivo-a-contratar-auxiliares-de-creche\/#breadcrumb","itemListElement":[{"@type":"ListItem","position":1,"name":"In\u00edcio","item":"https:\/\/uvbbrasil.com.br\/"},{"@type":"ListItem","position":2,"name":"Legislativo de Ira\u00ed\/RS autoriza o Executivo a contratar auxiliares de creche"}]},{"@type":"WebSite","@id":"https:\/\/uvbbrasil.com.br\/#website","url":"https:\/\/uvbbrasil.com.br\/","name":"UVB Brasil","description":"Uni\u00e3o dos Vereadores do Brasil","publisher":{"@id":"https:\/\/uvbbrasil.com.br\/#organization"},"potentialAction":[{"@type":"SearchAction","target":{"@type":"EntryPoint","urlTemplate":"https:\/\/uvbbrasil.com.br\/?s={search_term_string}"},"query-input":{"@type":"PropertyValueSpecification","valueRequired":true,"valueName":"search_term_string"}}],"inLanguage":"pt-BR"},{"@type":"Organization","@id":"https:\/\/uvbbrasil.com.br\/#organization","name":"UVB Brasil","url":"https:\/\/uvbbrasil.com.br\/","logo":{"@type":"ImageObject","inLanguage":"pt-BR","@id":"https:\/\/uvbbrasil.com.br\/#\/schema\/logo\/image\/","url":"https:\/\/uvbbrasil.com.br\/wp-content\/uploads\/2025\/01\/LOGO-UVB-2024-azul-1.jpg","contentUrl":"https:\/\/uvbbrasil.com.br\/wp-content\/uploads\/2025\/01\/LOGO-UVB-2024-azul-1.jpg","width":600,"height":211,"caption":"UVB Brasil"},"image":{"@id":"https:\/\/uvbbrasil.com.br\/#\/schema\/logo\/image\/"},"sameAs":["https:\/\/www.facebook.com\/uvb.vereadoresbrasil","https:\/\/www.instagram.com\/uvbbrasil\/","https:\/\/www.youtube.com\/channel\/UCIlPQ8Xzw5GHNzosQIg9S5A"]},{"@type":"Person","@id":"https:\/\/uvbbrasil.com.br\/#\/schema\/person\/17990098446c098f52effddff4f1b272","name":"adminuvb","image":{"@type":"ImageObject","inLanguage":"pt-BR","@id":"https:\/\/uvbbrasil.com.br\/#\/schema\/person\/image\/","url":"https:\/\/secure.gravatar.com\/avatar\/1a494ea6f8e2dd1ae526e55b0e9497efdba542491e0620d704cccf63c6f77c45?s=96&d=mm&r=g","contentUrl":"https:\/\/secure.gravatar.com\/avatar\/1a494ea6f8e2dd1ae526e55b0e9497efdba542491e0620d704cccf63c6f77c45?s=96&d=mm&r=g","caption":"adminuvb"},"sameAs":["https:\/\/uvbbrasil.com.br"],"url":"https:\/\/uvbbrasil.com.br\/author\/adminuvb\/"}]}},"_links":{"self":[{"href":"https:\/\/uvbbrasil.com.br\/uvb-json\/wp\/v2\/posts\/25516","targetHints":{"allow":["GET"]}}],"collection":[{"href":"https:\/\/uvbbrasil.com.br\/uvb-json\/wp\/v2\/posts"}],"about":[{"href":"https:\/\/uvbbrasil.com.br\/uvb-json\/wp\/v2\/types\/post"}],"author":[{"embeddable":true,"href":"https:\/\/uvbbrasil.com.br\/uvb-json\/wp\/v2\/users\/1"}],"replies":[{"embeddable":true,"href":"https:\/\/uvbbrasil.com.br\/uvb-json\/wp\/v2\/comments?post=25516"}],"version-history":[{"count":0,"href":"https:\/\/uvbbrasil.com.br\/uvb-json\/wp\/v2\/posts\/25516\/revisions"}],"wp:featuredmedia":[{"embeddable":true,"href":"https:\/\/uvbbrasil.com.br\/uvb-json\/wp\/v2\/media\/25517"}],"wp:attachment":[{"href":"https:\/\/uvbbrasil.com.br\/uvb-json\/wp\/v2\/media?parent=25516"}],"wp:term":[{"taxonomy":"category","embeddable":true,"href":"https:\/\/uvbbrasil.com.br\/uvb-json\/wp\/v2\/categories?post=25516"},{"taxonomy":"post_tag","embeddable":true,"href":"https:\/\/uvbbrasil.com.br\/uvb-json\/wp\/v2\/tags?post=25516"}],"curies":[{"name":"wp","href":"https:\/\/api.w.org\/{rel}","templated":true}]}}