{"id":25506,"date":"2022-03-31T10:27:25","date_gmt":"2022-03-31T13:27:25","guid":{"rendered":"https:\/\/wpsandbox4.pante.com.br\/?p=25506"},"modified":"2022-03-31T10:27:25","modified_gmt":"2022-03-31T13:27:25","slug":"sessao-solene-em-homenagem-as-ex-e-atuais-vereadoras-do-legislativo-fortalezense","status":"publish","type":"post","link":"https:\/\/uvbbrasil.com.br\/sessao-solene-em-homenagem-as-ex-e-atuais-vereadoras-do-legislativo-fortalezense\/","title":{"rendered":"Sess\u00e3o Solene em Homenagem \u00e0s ex e atuais Vereadoras do Legislativo Fortalezense"},"content":{"rendered":"<div class=\"kvgmc6g5 cxmmr5t8 oygrvhab hcukyx3x c1et5uql ii04i59q\">\n<div dir=\"auto\">\n<p>Na noite desta segunda-feira (28.03), um momento \u00fanico e muito lindo para o legislativo fortalezense onde foi realizada a sess\u00e3o solene em homenagem \u00e0s Vereadoras do munic\u00edpio em alus\u00e3o ao m\u00eas das mulheres. A sess\u00e3o contou com a presen\u00e7a da Prefeita Municipal Marcia, Vice-Prefeito Paulo, Vereadores e as Homenageadas da noite. Em uma noite de muita emo\u00e7\u00e3o e gestos de gratid\u00e3o por parte de todos que salientaram a import\u00e2ncia da mulher dentro de todos os cen\u00e1rios, principalmente o cen\u00e1rio pol\u00edtico.<\/p>\n<p>Todos os presentes se emocionaram durante a sess\u00e3o, que tamb\u00e9m contou a presen\u00e7a da jornalista D\u00e9bora Pianesso que cantou a m\u00fasica Cria\u00e7\u00e3o Divina. Alguns Vereadores e Homenageadas tamb\u00e9m deixaram suas mensagens de muita inspira\u00e7\u00e3o e gratid\u00e3o. E foi entregue ent\u00e3o a homenagem, o trof\u00e9u, \u201cMULHER, SUA FOR\u00c7A NOS INSPIRA\u201d para cada uma das 12 homenageadas, que foram:<\/p>\n<p>&#8211; Avani Barros Scapin (em mem\u00f3ria) \u2013 PMDB (1983-1988);<br \/>\n&#8211; Izontina Librelotto Rubin \u2013 PMDB (1989 \u2013 1992);<br \/>\n&#8211; Milena Rubin da Rosa \u2013 PFL (1997\/2000 \u2013 2001\/2004);<br \/>\n&#8211; Branca Rubert Librelotto \u2013 PP (2001\/2004 \u2013 2009\/2012);<br \/>\n&#8211; Marinei Rubin Librelotto \u2013 PP (2001\/2004 \u2013 2005\/2008);<br \/>\n&#8211; Janda Facco Stefanello \u2013 PSB (2013-2016);<br \/>\n&#8211; Janice Bock Oliveira \u2013 PP (2013 \u2013 2016);<br \/>\n&#8211; Marcia Rossatto Fredi \u2013 PP (2013 \u2013 2016);<br \/>\n&#8211; Ana Rita Facco Stefanello \u2013 MDB (2017 \u2013 2020);<br \/>\n&#8211; Ana Elisa De Bortoli Nogueira \u2013 PP (2021 \u2013 2024);<br \/>\n&#8211; Eliana Stefanello Facco \u2013 PP (2021 \u2013 2024);<br \/>\n&#8211; Reni de Campos Molinari \u2013 PDT (2021 \u2013 2024).<\/p>\n<p>Durante a solenidade, tamb\u00e9m ficou registrado o agradecimento as suplentes de Vereador que, em determinados per\u00edodos, assumiram a verean\u00e7a e deram sua contribui\u00e7\u00e3o \u00e0 comunidade Fortalezense, e s\u00e3o elas:<br \/>\n&#8211; Ela Graunke Ferreira \u2013 PFL (1989 \u2013 1992)<br \/>\n&#8211; Branca Rubert Librelotto \u2013 PPB (1997 \u2013 2000)<br \/>\n&#8211; Jusella Fernande Rubin \u2013 PDT (1997 \u2013 2000)<br \/>\n&#8211; Elenir Facco de Bortoli \u2013 PMDB (2009 &#8211; 2012)<br \/>\n-Elisangela Horbach Rubin \u2013 PDT (2009 \u2013 2012)<br \/>\n&#8211; Jurema Catarina Bastos Fontana \u2013 PT (2009 \u2013 2012)<br \/>\n&#8211; Leonise do Carmo Antonelo Gaspar \u2013 PSB (2013 \u2013 2016)<\/p>\n<p>A noite foi marcada por pela grande inspira\u00e7\u00e3o que s\u00e3o as mulheres, que com sua for\u00e7a e persist\u00eancia conseguiram todos os espa\u00e7os e essa homenagem \u00e9 s\u00f3 uma parte do reconhecimento a todas as mulheres que de alguma forma contribu\u00edram e contribuem em nossa sociedade.<\/p>\n<p>Fotos: Daniel Lima | ASCOM PMFV<\/p>\n<p>Assessoria de Comunica\u00e7\u00e3o CMFV<img fetchpriority=\"high\" decoding=\"async\" class=\"alignnone size-medium wp-image-25510\" src=\"https:\/\/uvbbrasil.com.br\/wp-content\/uploads\/2022\/03\/WhatsApp-Image-2022-03-31-at-10.20.35-3-300x200.jpeg\" alt=\"\" width=\"300\" height=\"200\" srcset=\"https:\/\/uvbbrasil.com.br\/wp-content\/uploads\/2022\/03\/WhatsApp-Image-2022-03-31-at-10.20.35-3-300x200.jpeg 300w, https:\/\/uvbbrasil.com.br\/wp-content\/uploads\/2022\/03\/WhatsApp-Image-2022-03-31-at-10.20.35-3.jpeg 720w\" sizes=\"(max-width: 300px) 100vw, 300px\" \/><img decoding=\"async\" class=\"alignnone size-medium wp-image-25511\" src=\"https:\/\/uvbbrasil.com.br\/wp-content\/uploads\/2022\/03\/WhatsApp-Image-2022-03-31-at-10.20.35-4-300x200.jpeg\" alt=\"\" width=\"300\" height=\"200\" srcset=\"https:\/\/uvbbrasil.com.br\/wp-content\/uploads\/2022\/03\/WhatsApp-Image-2022-03-31-at-10.20.35-4-300x200.jpeg 300w, https:\/\/uvbbrasil.com.br\/wp-content\/uploads\/2022\/03\/WhatsApp-Image-2022-03-31-at-10.20.35-4.jpeg 720w\" sizes=\"(max-width: 300px) 100vw, 300px\" \/><img decoding=\"async\" class=\"alignnone size-medium wp-image-25512\" src=\"https:\/\/uvbbrasil.com.br\/wp-content\/uploads\/2022\/03\/WhatsApp-Image-2022-03-31-at-10.20.35-5-300x200.jpeg\" alt=\"\" width=\"300\" height=\"200\" srcset=\"https:\/\/uvbbrasil.com.br\/wp-content\/uploads\/2022\/03\/WhatsApp-Image-2022-03-31-at-10.20.35-5-300x200.jpeg 300w, https:\/\/uvbbrasil.com.br\/wp-content\/uploads\/2022\/03\/WhatsApp-Image-2022-03-31-at-10.20.35-5.jpeg 720w\" sizes=\"(max-width: 300px) 100vw, 300px\" \/><img loading=\"lazy\" decoding=\"async\" class=\"alignnone size-medium wp-image-25513\" src=\"https:\/\/uvbbrasil.com.br\/wp-content\/uploads\/2022\/03\/WhatsApp-Image-2022-03-31-at-10.20.35-6-300x200.jpeg\" alt=\"\" width=\"300\" height=\"200\" srcset=\"https:\/\/uvbbrasil.com.br\/wp-content\/uploads\/2022\/03\/WhatsApp-Image-2022-03-31-at-10.20.35-6-300x200.jpeg 300w, https:\/\/uvbbrasil.com.br\/wp-content\/uploads\/2022\/03\/WhatsApp-Image-2022-03-31-at-10.20.35-6.jpeg 720w\" sizes=\"(max-width: 300px) 100vw, 300px\" \/><img loading=\"lazy\" decoding=\"async\" class=\"alignnone size-medium wp-image-25514\" src=\"https:\/\/uvbbrasil.com.br\/wp-content\/uploads\/2022\/03\/WhatsApp-Image-2022-03-31-at-10.20.35-7-300x200.jpeg\" alt=\"\" width=\"300\" height=\"200\" srcset=\"https:\/\/uvbbrasil.com.br\/wp-content\/uploads\/2022\/03\/WhatsApp-Image-2022-03-31-at-10.20.35-7-300x200.jpeg 300w, https:\/\/uvbbrasil.com.br\/wp-content\/uploads\/2022\/03\/WhatsApp-Image-2022-03-31-at-10.20.35-7.jpeg 720w\" sizes=\"(max-width: 300px) 100vw, 300px\" \/><\/p>\n<p><img loading=\"lazy\" decoding=\"async\" class=\"alignnone size-medium wp-image-25509\" src=\"https:\/\/uvbbrasil.com.br\/wp-content\/uploads\/2022\/03\/WhatsApp-Image-2022-03-31-at-10.20.35-2-300x200.jpeg\" alt=\"\" width=\"300\" height=\"200\" srcset=\"https:\/\/uvbbrasil.com.br\/wp-content\/uploads\/2022\/03\/WhatsApp-Image-2022-03-31-at-10.20.35-2-300x200.jpeg 300w, https:\/\/uvbbrasil.com.br\/wp-content\/uploads\/2022\/03\/WhatsApp-Image-2022-03-31-at-10.20.35-2.jpeg 720w\" sizes=\"(max-width: 300px) 100vw, 300px\" \/><img loading=\"lazy\" decoding=\"async\" class=\"alignnone size-medium wp-image-25508\" src=\"https:\/\/uvbbrasil.com.br\/wp-content\/uploads\/2022\/03\/WhatsApp-Image-2022-03-31-at-10.20.35-1-300x200.jpeg\" alt=\"\" width=\"300\" height=\"200\" srcset=\"https:\/\/uvbbrasil.com.br\/wp-content\/uploads\/2022\/03\/WhatsApp-Image-2022-03-31-at-10.20.35-1-300x200.jpeg 300w, https:\/\/uvbbrasil.com.br\/wp-content\/uploads\/2022\/03\/WhatsApp-Image-2022-03-31-at-10.20.35-1.jpeg 720w\" sizes=\"(max-width: 300px) 100vw, 300px\" \/><\/p>\n<\/div>\n<div dir=\"auto\"><img loading=\"lazy\" decoding=\"async\" class=\"alignnone size-medium wp-image-25507\" src=\"https:\/\/uvbbrasil.com.br\/wp-content\/uploads\/2022\/03\/WhatsApp-Image-2022-03-31-at-10.20.35-300x200.jpeg\" alt=\"\" width=\"300\" height=\"200\" srcset=\"https:\/\/uvbbrasil.com.br\/wp-content\/uploads\/2022\/03\/WhatsApp-Image-2022-03-31-at-10.20.35-300x200.jpeg 300w, https:\/\/uvbbrasil.com.br\/wp-content\/uploads\/2022\/03\/WhatsApp-Image-2022-03-31-at-10.20.35.jpeg 720w\" sizes=\"(max-width: 300px) 100vw, 300px\" \/><\/div>\n<\/div>\n","protected":false},"excerpt":{"rendered":"<p>Na noite desta segunda-feira (28.03), um momento \u00fanico e muito lindo para o legislativo fortalezense onde foi realizada a sess\u00e3o&#8230;<\/p>\n","protected":false},"author":1,"featured_media":25507,"comment_status":"open","ping_status":"open","sticky":false,"template":"","format":"standard","meta":{"footnotes":""},"categories":[3],"tags":[],"class_list":["post-25506","post","type-post","status-publish","format-standard","has-post-thumbnail","hentry","category-noticias"],"yoast_head":"<!-- This site is optimized with the Yoast SEO plugin v26.7 - https:\/\/yoast.com\/wordpress\/plugins\/seo\/ -->\n<title>Sess\u00e3o Solene em Homenagem \u00e0s ex e atuais Vereadoras do Legislativo Fortalezense - UVB Brasil<\/title>\n<meta name=\"robots\" content=\"index, follow, max-snippet:-1, max-image-preview:large, max-video-preview:-1\" \/>\n<link rel=\"canonical\" href=\"https:\/\/uvbbrasil.com.br\/sessao-solene-em-homenagem-as-ex-e-atuais-vereadoras-do-legislativo-fortalezense\/\" \/>\n<meta property=\"og:locale\" content=\"pt_BR\" \/>\n<meta property=\"og:type\" content=\"article\" \/>\n<meta property=\"og:title\" content=\"Sess\u00e3o Solene em Homenagem \u00e0s ex e atuais Vereadoras do Legislativo Fortalezense - UVB Brasil\" \/>\n<meta property=\"og:description\" content=\"Na noite desta segunda-feira (28.03), um momento \u00fanico e muito lindo para o legislativo fortalezense onde foi realizada a sess\u00e3o...\" \/>\n<meta property=\"og:url\" content=\"https:\/\/uvbbrasil.com.br\/sessao-solene-em-homenagem-as-ex-e-atuais-vereadoras-do-legislativo-fortalezense\/\" \/>\n<meta property=\"og:site_name\" content=\"UVB Brasil\" \/>\n<meta property=\"article:publisher\" content=\"https:\/\/www.facebook.com\/uvb.vereadoresbrasil\" \/>\n<meta property=\"article:published_time\" content=\"2022-03-31T13:27:25+00:00\" \/>\n<meta property=\"og:image\" content=\"https:\/\/uvbbrasil.com.br\/wp-content\/uploads\/2022\/03\/WhatsApp-Image-2022-03-31-at-10.20.35.jpeg\" \/>\n\t<meta property=\"og:image:width\" content=\"720\" \/>\n\t<meta property=\"og:image:height\" content=\"480\" \/>\n\t<meta property=\"og:image:type\" content=\"image\/jpeg\" \/>\n<meta name=\"author\" content=\"adminuvb\" \/>\n<meta name=\"twitter:card\" content=\"summary_large_image\" \/>\n<meta name=\"twitter:label1\" content=\"Escrito por\" \/>\n\t<meta name=\"twitter:data1\" content=\"adminuvb\" \/>\n\t<meta name=\"twitter:label2\" content=\"Est. tempo de leitura\" \/>\n\t<meta name=\"twitter:data2\" content=\"4 minutos\" \/>\n<script type=\"application\/ld+json\" class=\"yoast-schema-graph\">{\"@context\":\"https:\/\/schema.org\",\"@graph\":[{\"@type\":\"Article\",\"@id\":\"https:\/\/uvbbrasil.com.br\/sessao-solene-em-homenagem-as-ex-e-atuais-vereadoras-do-legislativo-fortalezense\/#article\",\"isPartOf\":{\"@id\":\"https:\/\/uvbbrasil.com.br\/sessao-solene-em-homenagem-as-ex-e-atuais-vereadoras-do-legislativo-fortalezense\/\"},\"author\":{\"name\":\"adminuvb\",\"@id\":\"https:\/\/uvbbrasil.com.br\/#\/schema\/person\/17990098446c098f52effddff4f1b272\"},\"headline\":\"Sess\u00e3o Solene em Homenagem \u00e0s ex e atuais Vereadoras do Legislativo Fortalezense\",\"datePublished\":\"2022-03-31T13:27:25+00:00\",\"mainEntityOfPage\":{\"@id\":\"https:\/\/uvbbrasil.com.br\/sessao-solene-em-homenagem-as-ex-e-atuais-vereadoras-do-legislativo-fortalezense\/\"},\"wordCount\":374,\"commentCount\":0,\"publisher\":{\"@id\":\"https:\/\/uvbbrasil.com.br\/#organization\"},\"image\":{\"@id\":\"https:\/\/uvbbrasil.com.br\/sessao-solene-em-homenagem-as-ex-e-atuais-vereadoras-do-legislativo-fortalezense\/#primaryimage\"},\"thumbnailUrl\":\"https:\/\/uvbbrasil.com.br\/wp-content\/uploads\/2022\/03\/WhatsApp-Image-2022-03-31-at-10.20.35.jpeg\",\"articleSection\":[\"NOT\u00cdCIAS\"],\"inLanguage\":\"pt-BR\",\"potentialAction\":[{\"@type\":\"CommentAction\",\"name\":\"Comment\",\"target\":[\"https:\/\/uvbbrasil.com.br\/sessao-solene-em-homenagem-as-ex-e-atuais-vereadoras-do-legislativo-fortalezense\/#respond\"]}]},{\"@type\":\"WebPage\",\"@id\":\"https:\/\/uvbbrasil.com.br\/sessao-solene-em-homenagem-as-ex-e-atuais-vereadoras-do-legislativo-fortalezense\/\",\"url\":\"https:\/\/uvbbrasil.com.br\/sessao-solene-em-homenagem-as-ex-e-atuais-vereadoras-do-legislativo-fortalezense\/\",\"name\":\"Sess\u00e3o Solene em Homenagem \u00e0s ex e atuais Vereadoras do Legislativo Fortalezense - UVB Brasil\",\"isPartOf\":{\"@id\":\"https:\/\/uvbbrasil.com.br\/#website\"},\"primaryImageOfPage\":{\"@id\":\"https:\/\/uvbbrasil.com.br\/sessao-solene-em-homenagem-as-ex-e-atuais-vereadoras-do-legislativo-fortalezense\/#primaryimage\"},\"image\":{\"@id\":\"https:\/\/uvbbrasil.com.br\/sessao-solene-em-homenagem-as-ex-e-atuais-vereadoras-do-legislativo-fortalezense\/#primaryimage\"},\"thumbnailUrl\":\"https:\/\/uvbbrasil.com.br\/wp-content\/uploads\/2022\/03\/WhatsApp-Image-2022-03-31-at-10.20.35.jpeg\",\"datePublished\":\"2022-03-31T13:27:25+00:00\",\"breadcrumb\":{\"@id\":\"https:\/\/uvbbrasil.com.br\/sessao-solene-em-homenagem-as-ex-e-atuais-vereadoras-do-legislativo-fortalezense\/#breadcrumb\"},\"inLanguage\":\"pt-BR\",\"potentialAction\":[{\"@type\":\"ReadAction\",\"target\":[\"https:\/\/uvbbrasil.com.br\/sessao-solene-em-homenagem-as-ex-e-atuais-vereadoras-do-legislativo-fortalezense\/\"]}]},{\"@type\":\"ImageObject\",\"inLanguage\":\"pt-BR\",\"@id\":\"https:\/\/uvbbrasil.com.br\/sessao-solene-em-homenagem-as-ex-e-atuais-vereadoras-do-legislativo-fortalezense\/#primaryimage\",\"url\":\"https:\/\/uvbbrasil.com.br\/wp-content\/uploads\/2022\/03\/WhatsApp-Image-2022-03-31-at-10.20.35.jpeg\",\"contentUrl\":\"https:\/\/uvbbrasil.com.br\/wp-content\/uploads\/2022\/03\/WhatsApp-Image-2022-03-31-at-10.20.35.jpeg\",\"width\":720,\"height\":480},{\"@type\":\"BreadcrumbList\",\"@id\":\"https:\/\/uvbbrasil.com.br\/sessao-solene-em-homenagem-as-ex-e-atuais-vereadoras-do-legislativo-fortalezense\/#breadcrumb\",\"itemListElement\":[{\"@type\":\"ListItem\",\"position\":1,\"name\":\"In\u00edcio\",\"item\":\"https:\/\/uvbbrasil.com.br\/\"},{\"@type\":\"ListItem\",\"position\":2,\"name\":\"Sess\u00e3o Solene em Homenagem \u00e0s ex e atuais Vereadoras do Legislativo Fortalezense\"}]},{\"@type\":\"WebSite\",\"@id\":\"https:\/\/uvbbrasil.com.br\/#website\",\"url\":\"https:\/\/uvbbrasil.com.br\/\",\"name\":\"UVB Brasil\",\"description\":\"Uni\u00e3o dos Vereadores do Brasil\",\"publisher\":{\"@id\":\"https:\/\/uvbbrasil.com.br\/#organization\"},\"potentialAction\":[{\"@type\":\"SearchAction\",\"target\":{\"@type\":\"EntryPoint\",\"urlTemplate\":\"https:\/\/uvbbrasil.com.br\/?s={search_term_string}\"},\"query-input\":{\"@type\":\"PropertyValueSpecification\",\"valueRequired\":true,\"valueName\":\"search_term_string\"}}],\"inLanguage\":\"pt-BR\"},{\"@type\":\"Organization\",\"@id\":\"https:\/\/uvbbrasil.com.br\/#organization\",\"name\":\"UVB Brasil\",\"url\":\"https:\/\/uvbbrasil.com.br\/\",\"logo\":{\"@type\":\"ImageObject\",\"inLanguage\":\"pt-BR\",\"@id\":\"https:\/\/uvbbrasil.com.br\/#\/schema\/logo\/image\/\",\"url\":\"https:\/\/uvbbrasil.com.br\/wp-content\/uploads\/2025\/01\/LOGO-UVB-2024-azul-1.jpg\",\"contentUrl\":\"https:\/\/uvbbrasil.com.br\/wp-content\/uploads\/2025\/01\/LOGO-UVB-2024-azul-1.jpg\",\"width\":600,\"height\":211,\"caption\":\"UVB Brasil\"},\"image\":{\"@id\":\"https:\/\/uvbbrasil.com.br\/#\/schema\/logo\/image\/\"},\"sameAs\":[\"https:\/\/www.facebook.com\/uvb.vereadoresbrasil\",\"https:\/\/www.instagram.com\/uvbbrasil\/\",\"https:\/\/www.youtube.com\/channel\/UCIlPQ8Xzw5GHNzosQIg9S5A\"]},{\"@type\":\"Person\",\"@id\":\"https:\/\/uvbbrasil.com.br\/#\/schema\/person\/17990098446c098f52effddff4f1b272\",\"name\":\"adminuvb\",\"image\":{\"@type\":\"ImageObject\",\"inLanguage\":\"pt-BR\",\"@id\":\"https:\/\/uvbbrasil.com.br\/#\/schema\/person\/image\/\",\"url\":\"https:\/\/secure.gravatar.com\/avatar\/1a494ea6f8e2dd1ae526e55b0e9497efdba542491e0620d704cccf63c6f77c45?s=96&d=mm&r=g\",\"contentUrl\":\"https:\/\/secure.gravatar.com\/avatar\/1a494ea6f8e2dd1ae526e55b0e9497efdba542491e0620d704cccf63c6f77c45?s=96&d=mm&r=g\",\"caption\":\"adminuvb\"},\"sameAs\":[\"https:\/\/uvbbrasil.com.br\"],\"url\":\"https:\/\/uvbbrasil.com.br\/author\/adminuvb\/\"}]}<\/script>\n<!-- \/ Yoast SEO plugin. -->","yoast_head_json":{"title":"Sess\u00e3o Solene em Homenagem \u00e0s ex e atuais Vereadoras do Legislativo Fortalezense - UVB Brasil","robots":{"index":"index","follow":"follow","max-snippet":"max-snippet:-1","max-image-preview":"max-image-preview:large","max-video-preview":"max-video-preview:-1"},"canonical":"https:\/\/uvbbrasil.com.br\/sessao-solene-em-homenagem-as-ex-e-atuais-vereadoras-do-legislativo-fortalezense\/","og_locale":"pt_BR","og_type":"article","og_title":"Sess\u00e3o Solene em Homenagem \u00e0s ex e atuais Vereadoras do Legislativo Fortalezense - UVB Brasil","og_description":"Na noite desta segunda-feira (28.03), um momento \u00fanico e muito lindo para o legislativo fortalezense onde foi realizada a sess\u00e3o...","og_url":"https:\/\/uvbbrasil.com.br\/sessao-solene-em-homenagem-as-ex-e-atuais-vereadoras-do-legislativo-fortalezense\/","og_site_name":"UVB Brasil","article_publisher":"https:\/\/www.facebook.com\/uvb.vereadoresbrasil","article_published_time":"2022-03-31T13:27:25+00:00","og_image":[{"width":720,"height":480,"url":"https:\/\/uvbbrasil.com.br\/wp-content\/uploads\/2022\/03\/WhatsApp-Image-2022-03-31-at-10.20.35.jpeg","type":"image\/jpeg"}],"author":"adminuvb","twitter_card":"summary_large_image","twitter_misc":{"Escrito por":"adminuvb","Est. tempo de leitura":"4 minutos"},"schema":{"@context":"https:\/\/schema.org","@graph":[{"@type":"Article","@id":"https:\/\/uvbbrasil.com.br\/sessao-solene-em-homenagem-as-ex-e-atuais-vereadoras-do-legislativo-fortalezense\/#article","isPartOf":{"@id":"https:\/\/uvbbrasil.com.br\/sessao-solene-em-homenagem-as-ex-e-atuais-vereadoras-do-legislativo-fortalezense\/"},"author":{"name":"adminuvb","@id":"https:\/\/uvbbrasil.com.br\/#\/schema\/person\/17990098446c098f52effddff4f1b272"},"headline":"Sess\u00e3o Solene em Homenagem \u00e0s ex e atuais Vereadoras do Legislativo Fortalezense","datePublished":"2022-03-31T13:27:25+00:00","mainEntityOfPage":{"@id":"https:\/\/uvbbrasil.com.br\/sessao-solene-em-homenagem-as-ex-e-atuais-vereadoras-do-legislativo-fortalezense\/"},"wordCount":374,"commentCount":0,"publisher":{"@id":"https:\/\/uvbbrasil.com.br\/#organization"},"image":{"@id":"https:\/\/uvbbrasil.com.br\/sessao-solene-em-homenagem-as-ex-e-atuais-vereadoras-do-legislativo-fortalezense\/#primaryimage"},"thumbnailUrl":"https:\/\/uvbbrasil.com.br\/wp-content\/uploads\/2022\/03\/WhatsApp-Image-2022-03-31-at-10.20.35.jpeg","articleSection":["NOT\u00cdCIAS"],"inLanguage":"pt-BR","potentialAction":[{"@type":"CommentAction","name":"Comment","target":["https:\/\/uvbbrasil.com.br\/sessao-solene-em-homenagem-as-ex-e-atuais-vereadoras-do-legislativo-fortalezense\/#respond"]}]},{"@type":"WebPage","@id":"https:\/\/uvbbrasil.com.br\/sessao-solene-em-homenagem-as-ex-e-atuais-vereadoras-do-legislativo-fortalezense\/","url":"https:\/\/uvbbrasil.com.br\/sessao-solene-em-homenagem-as-ex-e-atuais-vereadoras-do-legislativo-fortalezense\/","name":"Sess\u00e3o Solene em Homenagem \u00e0s ex e atuais Vereadoras do Legislativo Fortalezense - UVB Brasil","isPartOf":{"@id":"https:\/\/uvbbrasil.com.br\/#website"},"primaryImageOfPage":{"@id":"https:\/\/uvbbrasil.com.br\/sessao-solene-em-homenagem-as-ex-e-atuais-vereadoras-do-legislativo-fortalezense\/#primaryimage"},"image":{"@id":"https:\/\/uvbbrasil.com.br\/sessao-solene-em-homenagem-as-ex-e-atuais-vereadoras-do-legislativo-fortalezense\/#primaryimage"},"thumbnailUrl":"https:\/\/uvbbrasil.com.br\/wp-content\/uploads\/2022\/03\/WhatsApp-Image-2022-03-31-at-10.20.35.jpeg","datePublished":"2022-03-31T13:27:25+00:00","breadcrumb":{"@id":"https:\/\/uvbbrasil.com.br\/sessao-solene-em-homenagem-as-ex-e-atuais-vereadoras-do-legislativo-fortalezense\/#breadcrumb"},"inLanguage":"pt-BR","potentialAction":[{"@type":"ReadAction","target":["https:\/\/uvbbrasil.com.br\/sessao-solene-em-homenagem-as-ex-e-atuais-vereadoras-do-legislativo-fortalezense\/"]}]},{"@type":"ImageObject","inLanguage":"pt-BR","@id":"https:\/\/uvbbrasil.com.br\/sessao-solene-em-homenagem-as-ex-e-atuais-vereadoras-do-legislativo-fortalezense\/#primaryimage","url":"https:\/\/uvbbrasil.com.br\/wp-content\/uploads\/2022\/03\/WhatsApp-Image-2022-03-31-at-10.20.35.jpeg","contentUrl":"https:\/\/uvbbrasil.com.br\/wp-content\/uploads\/2022\/03\/WhatsApp-Image-2022-03-31-at-10.20.35.jpeg","width":720,"height":480},{"@type":"BreadcrumbList","@id":"https:\/\/uvbbrasil.com.br\/sessao-solene-em-homenagem-as-ex-e-atuais-vereadoras-do-legislativo-fortalezense\/#breadcrumb","itemListElement":[{"@type":"ListItem","position":1,"name":"In\u00edcio","item":"https:\/\/uvbbrasil.com.br\/"},{"@type":"ListItem","position":2,"name":"Sess\u00e3o Solene em Homenagem \u00e0s ex e atuais Vereadoras do Legislativo Fortalezense"}]},{"@type":"WebSite","@id":"https:\/\/uvbbrasil.com.br\/#website","url":"https:\/\/uvbbrasil.com.br\/","name":"UVB Brasil","description":"Uni\u00e3o dos Vereadores do Brasil","publisher":{"@id":"https:\/\/uvbbrasil.com.br\/#organization"},"potentialAction":[{"@type":"SearchAction","target":{"@type":"EntryPoint","urlTemplate":"https:\/\/uvbbrasil.com.br\/?s={search_term_string}"},"query-input":{"@type":"PropertyValueSpecification","valueRequired":true,"valueName":"search_term_string"}}],"inLanguage":"pt-BR"},{"@type":"Organization","@id":"https:\/\/uvbbrasil.com.br\/#organization","name":"UVB Brasil","url":"https:\/\/uvbbrasil.com.br\/","logo":{"@type":"ImageObject","inLanguage":"pt-BR","@id":"https:\/\/uvbbrasil.com.br\/#\/schema\/logo\/image\/","url":"https:\/\/uvbbrasil.com.br\/wp-content\/uploads\/2025\/01\/LOGO-UVB-2024-azul-1.jpg","contentUrl":"https:\/\/uvbbrasil.com.br\/wp-content\/uploads\/2025\/01\/LOGO-UVB-2024-azul-1.jpg","width":600,"height":211,"caption":"UVB Brasil"},"image":{"@id":"https:\/\/uvbbrasil.com.br\/#\/schema\/logo\/image\/"},"sameAs":["https:\/\/www.facebook.com\/uvb.vereadoresbrasil","https:\/\/www.instagram.com\/uvbbrasil\/","https:\/\/www.youtube.com\/channel\/UCIlPQ8Xzw5GHNzosQIg9S5A"]},{"@type":"Person","@id":"https:\/\/uvbbrasil.com.br\/#\/schema\/person\/17990098446c098f52effddff4f1b272","name":"adminuvb","image":{"@type":"ImageObject","inLanguage":"pt-BR","@id":"https:\/\/uvbbrasil.com.br\/#\/schema\/person\/image\/","url":"https:\/\/secure.gravatar.com\/avatar\/1a494ea6f8e2dd1ae526e55b0e9497efdba542491e0620d704cccf63c6f77c45?s=96&d=mm&r=g","contentUrl":"https:\/\/secure.gravatar.com\/avatar\/1a494ea6f8e2dd1ae526e55b0e9497efdba542491e0620d704cccf63c6f77c45?s=96&d=mm&r=g","caption":"adminuvb"},"sameAs":["https:\/\/uvbbrasil.com.br"],"url":"https:\/\/uvbbrasil.com.br\/author\/adminuvb\/"}]}},"_links":{"self":[{"href":"https:\/\/uvbbrasil.com.br\/uvb-json\/wp\/v2\/posts\/25506","targetHints":{"allow":["GET"]}}],"collection":[{"href":"https:\/\/uvbbrasil.com.br\/uvb-json\/wp\/v2\/posts"}],"about":[{"href":"https:\/\/uvbbrasil.com.br\/uvb-json\/wp\/v2\/types\/post"}],"author":[{"embeddable":true,"href":"https:\/\/uvbbrasil.com.br\/uvb-json\/wp\/v2\/users\/1"}],"replies":[{"embeddable":true,"href":"https:\/\/uvbbrasil.com.br\/uvb-json\/wp\/v2\/comments?post=25506"}],"version-history":[{"count":0,"href":"https:\/\/uvbbrasil.com.br\/uvb-json\/wp\/v2\/posts\/25506\/revisions"}],"wp:featuredmedia":[{"embeddable":true,"href":"https:\/\/uvbbrasil.com.br\/uvb-json\/wp\/v2\/media\/25507"}],"wp:attachment":[{"href":"https:\/\/uvbbrasil.com.br\/uvb-json\/wp\/v2\/media?parent=25506"}],"wp:term":[{"taxonomy":"category","embeddable":true,"href":"https:\/\/uvbbrasil.com.br\/uvb-json\/wp\/v2\/categories?post=25506"},{"taxonomy":"post_tag","embeddable":true,"href":"https:\/\/uvbbrasil.com.br\/uvb-json\/wp\/v2\/tags?post=25506"}],"curies":[{"name":"wp","href":"https:\/\/api.w.org\/{rel}","templated":true}]}}