{"id":25476,"date":"2022-03-29T10:02:58","date_gmt":"2022-03-29T13:02:58","guid":{"rendered":"https:\/\/wpsandbox4.pante.com.br\/?p=25476"},"modified":"2022-03-29T10:02:58","modified_gmt":"2022-03-29T13:02:58","slug":"uvc-reune-vereadores-e-vereadoras-do-cariri-em-evento-de-capacitacao","status":"publish","type":"post","link":"https:\/\/uvbbrasil.com.br\/uvc-reune-vereadores-e-vereadoras-do-cariri-em-evento-de-capacitacao\/","title":{"rendered":"UVC re\u00fane vereadores e vereadoras do Cariri em evento de capacita\u00e7\u00e3o"},"content":{"rendered":"<p>Ocorreu nesta segunda-feira, 28 de mar\u00e7o, em Juazeiro do Norte, o III ENCONTRO DE VEREADORES E VEREADORAS DA REGI\u00c3O DO CARIRI. Evento promovido pela UVC e C\u00e2mara Municipal de Juazeiro do Norte. \u00c9 o segundo encontro regional que a entidade realiza em 2022 (o primeiro foi na regi\u00e3o do Vale do Jaguaribe), com o objetivo de levar conhecimento e capacita\u00e7\u00e3o aos vereadores de forma mais acess\u00edvel. &#8220;A UVC precisa estar no interior. S\u00f3 assim n\u00f3s poderemos representar e atender o vereador de fato, conhecendo e atendendo cada regi\u00e3o&#8221;, afirma o presidente Toim Braga.<br \/>\nEstiveram presentes cerca de 200 vereadores e vereadoras e autoridades como o presidente da Uni\u00e3o dos Vereadores do Brasil\/UVB, Gilson Conzatti, a procuradora especial da mulher da Assembleia Legislativa, Dep. Augusta Brito, o presidente da C\u00e2mara de Juazeiro, vereador Bilinha, a empres\u00e1ria Keivia Dias, o vice-presidente da UVC Adauto Ara\u00fajo e o diretor financeiro da entidade Samuel Isidoro.<br \/>\nPalestras sobre gest\u00e3o p\u00fablica, contabilidade, direitos do vereador e desafios da classe legislativa municipal fizeram parte da programa\u00e7\u00e3o. O pr\u00f3ximo encontro est\u00e1 previsto para acontecer em S\u00e3o Gon\u00e7alo do Amarante, contemplando a regi\u00e3o do Vale do Curu.<\/p>\n<p><img fetchpriority=\"high\" decoding=\"async\" class=\"alignnone size-medium wp-image-25483\" src=\"https:\/\/uvbbrasil.com.br\/wp-content\/uploads\/2022\/03\/uvc-ce-300x187.jpg\" alt=\"\" width=\"300\" height=\"187\" srcset=\"https:\/\/uvbbrasil.com.br\/wp-content\/uploads\/2022\/03\/uvc-ce-300x187.jpg 300w, https:\/\/uvbbrasil.com.br\/wp-content\/uploads\/2022\/03\/uvc-ce-768x479.jpg 768w, https:\/\/uvbbrasil.com.br\/wp-content\/uploads\/2022\/03\/uvc-ce.jpg 828w\" sizes=\"(max-width: 300px) 100vw, 300px\" \/><img decoding=\"async\" class=\"alignnone size-medium wp-image-25477\" src=\"https:\/\/uvbbrasil.com.br\/wp-content\/uploads\/2022\/03\/WhatsApp-Image-2022-03-28-at-22.15.52-300x200.jpeg\" alt=\"\" width=\"300\" height=\"200\" srcset=\"https:\/\/uvbbrasil.com.br\/wp-content\/uploads\/2022\/03\/WhatsApp-Image-2022-03-28-at-22.15.52-300x200.jpeg 300w, https:\/\/uvbbrasil.com.br\/wp-content\/uploads\/2022\/03\/WhatsApp-Image-2022-03-28-at-22.15.52-768x512.jpeg 768w, https:\/\/uvbbrasil.com.br\/wp-content\/uploads\/2022\/03\/WhatsApp-Image-2022-03-28-at-22.15.52.jpeg 1024w\" sizes=\"(max-width: 300px) 100vw, 300px\" \/><img decoding=\"async\" class=\"alignnone size-medium wp-image-25478\" src=\"https:\/\/uvbbrasil.com.br\/wp-content\/uploads\/2022\/03\/WhatsApp-Image-2022-03-28-at-22.15.59-300x200.jpeg\" alt=\"\" width=\"300\" height=\"200\" srcset=\"https:\/\/uvbbrasil.com.br\/wp-content\/uploads\/2022\/03\/WhatsApp-Image-2022-03-28-at-22.15.59-300x200.jpeg 300w, https:\/\/uvbbrasil.com.br\/wp-content\/uploads\/2022\/03\/WhatsApp-Image-2022-03-28-at-22.15.59-768x512.jpeg 768w, https:\/\/uvbbrasil.com.br\/wp-content\/uploads\/2022\/03\/WhatsApp-Image-2022-03-28-at-22.15.59.jpeg 1024w\" sizes=\"(max-width: 300px) 100vw, 300px\" \/><img loading=\"lazy\" decoding=\"async\" class=\"alignnone size-medium wp-image-25479\" src=\"https:\/\/uvbbrasil.com.br\/wp-content\/uploads\/2022\/03\/WhatsApp-Image-2022-03-28-at-22.16.00-300x200.jpeg\" alt=\"\" width=\"300\" height=\"200\" srcset=\"https:\/\/uvbbrasil.com.br\/wp-content\/uploads\/2022\/03\/WhatsApp-Image-2022-03-28-at-22.16.00-300x200.jpeg 300w, https:\/\/uvbbrasil.com.br\/wp-content\/uploads\/2022\/03\/WhatsApp-Image-2022-03-28-at-22.16.00-768x512.jpeg 768w, https:\/\/uvbbrasil.com.br\/wp-content\/uploads\/2022\/03\/WhatsApp-Image-2022-03-28-at-22.16.00.jpeg 1024w\" sizes=\"(max-width: 300px) 100vw, 300px\" \/><img loading=\"lazy\" decoding=\"async\" class=\"alignnone size-medium wp-image-25481\" src=\"https:\/\/uvbbrasil.com.br\/wp-content\/uploads\/2022\/03\/WhatsApp-Image-2022-03-28-at-22.16.00-2-300x200.jpeg\" alt=\"\" width=\"300\" height=\"200\" srcset=\"https:\/\/uvbbrasil.com.br\/wp-content\/uploads\/2022\/03\/WhatsApp-Image-2022-03-28-at-22.16.00-2-300x200.jpeg 300w, https:\/\/uvbbrasil.com.br\/wp-content\/uploads\/2022\/03\/WhatsApp-Image-2022-03-28-at-22.16.00-2-768x512.jpeg 768w, https:\/\/uvbbrasil.com.br\/wp-content\/uploads\/2022\/03\/WhatsApp-Image-2022-03-28-at-22.16.00-2.jpeg 1024w\" sizes=\"(max-width: 300px) 100vw, 300px\" \/><img loading=\"lazy\" decoding=\"async\" class=\"alignnone size-medium wp-image-25482\" src=\"https:\/\/uvbbrasil.com.br\/wp-content\/uploads\/2022\/03\/uvc-3-300x225.jpg\" alt=\"\" width=\"300\" height=\"225\" srcset=\"https:\/\/uvbbrasil.com.br\/wp-content\/uploads\/2022\/03\/uvc-3-300x225.jpg 300w, https:\/\/uvbbrasil.com.br\/wp-content\/uploads\/2022\/03\/uvc-3-768x575.jpg 768w, https:\/\/uvbbrasil.com.br\/wp-content\/uploads\/2022\/03\/uvc-3.jpg 960w\" sizes=\"(max-width: 300px) 100vw, 300px\" \/><img loading=\"lazy\" decoding=\"async\" class=\"alignnone size-medium wp-image-25480\" src=\"https:\/\/uvbbrasil.com.br\/wp-content\/uploads\/2022\/03\/WhatsApp-Image-2022-03-28-at-22.16.00-1-300x200.jpeg\" alt=\"\" width=\"300\" height=\"200\" srcset=\"https:\/\/uvbbrasil.com.br\/wp-content\/uploads\/2022\/03\/WhatsApp-Image-2022-03-28-at-22.16.00-1-300x200.jpeg 300w, https:\/\/uvbbrasil.com.br\/wp-content\/uploads\/2022\/03\/WhatsApp-Image-2022-03-28-at-22.16.00-1-768x512.jpeg 768w, https:\/\/uvbbrasil.com.br\/wp-content\/uploads\/2022\/03\/WhatsApp-Image-2022-03-28-at-22.16.00-1.jpeg 1024w\" sizes=\"(max-width: 300px) 100vw, 300px\" \/><\/p>\n","protected":false},"excerpt":{"rendered":"<p>Ocorreu nesta segunda-feira, 28 de mar\u00e7o, em Juazeiro do Norte, o III ENCONTRO DE VEREADORES E VEREADORAS DA REGI\u00c3O DO&#8230;<\/p>\n","protected":false},"author":1,"featured_media":25482,"comment_status":"open","ping_status":"open","sticky":false,"template":"","format":"standard","meta":{"footnotes":""},"categories":[3,4],"tags":[],"class_list":["post-25476","post","type-post","status-publish","format-standard","has-post-thumbnail","hentry","category-noticias","category-home"],"yoast_head":"<!-- This site is optimized with the Yoast SEO plugin v26.7 - https:\/\/yoast.com\/wordpress\/plugins\/seo\/ -->\n<title>UVC re\u00fane vereadores e vereadoras do Cariri em evento de capacita\u00e7\u00e3o - UVB Brasil<\/title>\n<meta name=\"robots\" content=\"index, follow, max-snippet:-1, max-image-preview:large, max-video-preview:-1\" \/>\n<link rel=\"canonical\" href=\"https:\/\/uvbbrasil.com.br\/uvc-reune-vereadores-e-vereadoras-do-cariri-em-evento-de-capacitacao\/\" \/>\n<meta property=\"og:locale\" content=\"pt_BR\" \/>\n<meta property=\"og:type\" content=\"article\" \/>\n<meta property=\"og:title\" content=\"UVC re\u00fane vereadores e vereadoras do Cariri em evento de capacita\u00e7\u00e3o - UVB Brasil\" \/>\n<meta property=\"og:description\" content=\"Ocorreu nesta segunda-feira, 28 de mar\u00e7o, em Juazeiro do Norte, o III ENCONTRO DE VEREADORES E VEREADORAS DA REGI\u00c3O DO...\" \/>\n<meta property=\"og:url\" content=\"https:\/\/uvbbrasil.com.br\/uvc-reune-vereadores-e-vereadoras-do-cariri-em-evento-de-capacitacao\/\" \/>\n<meta property=\"og:site_name\" content=\"UVB Brasil\" \/>\n<meta property=\"article:publisher\" content=\"https:\/\/www.facebook.com\/uvb.vereadoresbrasil\" \/>\n<meta property=\"article:published_time\" content=\"2022-03-29T13:02:58+00:00\" \/>\n<meta property=\"og:image\" content=\"https:\/\/uvbbrasil.com.br\/wp-content\/uploads\/2022\/03\/uvc-3.jpg\" \/>\n\t<meta property=\"og:image:width\" content=\"960\" \/>\n\t<meta property=\"og:image:height\" content=\"719\" \/>\n\t<meta property=\"og:image:type\" content=\"image\/jpeg\" \/>\n<meta name=\"author\" content=\"adminuvb\" \/>\n<meta name=\"twitter:card\" content=\"summary_large_image\" \/>\n<meta name=\"twitter:label1\" content=\"Escrito por\" \/>\n\t<meta name=\"twitter:data1\" content=\"adminuvb\" \/>\n\t<meta name=\"twitter:label2\" content=\"Est. tempo de leitura\" \/>\n\t<meta name=\"twitter:data2\" content=\"3 minutos\" \/>\n<script type=\"application\/ld+json\" class=\"yoast-schema-graph\">{\"@context\":\"https:\/\/schema.org\",\"@graph\":[{\"@type\":\"Article\",\"@id\":\"https:\/\/uvbbrasil.com.br\/uvc-reune-vereadores-e-vereadoras-do-cariri-em-evento-de-capacitacao\/#article\",\"isPartOf\":{\"@id\":\"https:\/\/uvbbrasil.com.br\/uvc-reune-vereadores-e-vereadoras-do-cariri-em-evento-de-capacitacao\/\"},\"author\":{\"name\":\"adminuvb\",\"@id\":\"https:\/\/uvbbrasil.com.br\/#\/schema\/person\/17990098446c098f52effddff4f1b272\"},\"headline\":\"UVC re\u00fane vereadores e vereadoras do Cariri em evento de capacita\u00e7\u00e3o\",\"datePublished\":\"2022-03-29T13:02:58+00:00\",\"mainEntityOfPage\":{\"@id\":\"https:\/\/uvbbrasil.com.br\/uvc-reune-vereadores-e-vereadoras-do-cariri-em-evento-de-capacitacao\/\"},\"wordCount\":217,\"commentCount\":0,\"publisher\":{\"@id\":\"https:\/\/uvbbrasil.com.br\/#organization\"},\"image\":{\"@id\":\"https:\/\/uvbbrasil.com.br\/uvc-reune-vereadores-e-vereadoras-do-cariri-em-evento-de-capacitacao\/#primaryimage\"},\"thumbnailUrl\":\"https:\/\/uvbbrasil.com.br\/wp-content\/uploads\/2022\/03\/uvc-3.jpg\",\"articleSection\":[\"NOT\u00cdCIAS\",\"UVB\"],\"inLanguage\":\"pt-BR\",\"potentialAction\":[{\"@type\":\"CommentAction\",\"name\":\"Comment\",\"target\":[\"https:\/\/uvbbrasil.com.br\/uvc-reune-vereadores-e-vereadoras-do-cariri-em-evento-de-capacitacao\/#respond\"]}]},{\"@type\":\"WebPage\",\"@id\":\"https:\/\/uvbbrasil.com.br\/uvc-reune-vereadores-e-vereadoras-do-cariri-em-evento-de-capacitacao\/\",\"url\":\"https:\/\/uvbbrasil.com.br\/uvc-reune-vereadores-e-vereadoras-do-cariri-em-evento-de-capacitacao\/\",\"name\":\"UVC re\u00fane vereadores e vereadoras do Cariri em evento de capacita\u00e7\u00e3o - UVB Brasil\",\"isPartOf\":{\"@id\":\"https:\/\/uvbbrasil.com.br\/#website\"},\"primaryImageOfPage\":{\"@id\":\"https:\/\/uvbbrasil.com.br\/uvc-reune-vereadores-e-vereadoras-do-cariri-em-evento-de-capacitacao\/#primaryimage\"},\"image\":{\"@id\":\"https:\/\/uvbbrasil.com.br\/uvc-reune-vereadores-e-vereadoras-do-cariri-em-evento-de-capacitacao\/#primaryimage\"},\"thumbnailUrl\":\"https:\/\/uvbbrasil.com.br\/wp-content\/uploads\/2022\/03\/uvc-3.jpg\",\"datePublished\":\"2022-03-29T13:02:58+00:00\",\"breadcrumb\":{\"@id\":\"https:\/\/uvbbrasil.com.br\/uvc-reune-vereadores-e-vereadoras-do-cariri-em-evento-de-capacitacao\/#breadcrumb\"},\"inLanguage\":\"pt-BR\",\"potentialAction\":[{\"@type\":\"ReadAction\",\"target\":[\"https:\/\/uvbbrasil.com.br\/uvc-reune-vereadores-e-vereadoras-do-cariri-em-evento-de-capacitacao\/\"]}]},{\"@type\":\"ImageObject\",\"inLanguage\":\"pt-BR\",\"@id\":\"https:\/\/uvbbrasil.com.br\/uvc-reune-vereadores-e-vereadoras-do-cariri-em-evento-de-capacitacao\/#primaryimage\",\"url\":\"https:\/\/uvbbrasil.com.br\/wp-content\/uploads\/2022\/03\/uvc-3.jpg\",\"contentUrl\":\"https:\/\/uvbbrasil.com.br\/wp-content\/uploads\/2022\/03\/uvc-3.jpg\",\"width\":960,\"height\":719},{\"@type\":\"BreadcrumbList\",\"@id\":\"https:\/\/uvbbrasil.com.br\/uvc-reune-vereadores-e-vereadoras-do-cariri-em-evento-de-capacitacao\/#breadcrumb\",\"itemListElement\":[{\"@type\":\"ListItem\",\"position\":1,\"name\":\"In\u00edcio\",\"item\":\"https:\/\/uvbbrasil.com.br\/\"},{\"@type\":\"ListItem\",\"position\":2,\"name\":\"UVC re\u00fane vereadores e vereadoras do Cariri em evento de capacita\u00e7\u00e3o\"}]},{\"@type\":\"WebSite\",\"@id\":\"https:\/\/uvbbrasil.com.br\/#website\",\"url\":\"https:\/\/uvbbrasil.com.br\/\",\"name\":\"UVB Brasil\",\"description\":\"Uni\u00e3o dos Vereadores do Brasil\",\"publisher\":{\"@id\":\"https:\/\/uvbbrasil.com.br\/#organization\"},\"potentialAction\":[{\"@type\":\"SearchAction\",\"target\":{\"@type\":\"EntryPoint\",\"urlTemplate\":\"https:\/\/uvbbrasil.com.br\/?s={search_term_string}\"},\"query-input\":{\"@type\":\"PropertyValueSpecification\",\"valueRequired\":true,\"valueName\":\"search_term_string\"}}],\"inLanguage\":\"pt-BR\"},{\"@type\":\"Organization\",\"@id\":\"https:\/\/uvbbrasil.com.br\/#organization\",\"name\":\"UVB Brasil\",\"url\":\"https:\/\/uvbbrasil.com.br\/\",\"logo\":{\"@type\":\"ImageObject\",\"inLanguage\":\"pt-BR\",\"@id\":\"https:\/\/uvbbrasil.com.br\/#\/schema\/logo\/image\/\",\"url\":\"https:\/\/uvbbrasil.com.br\/wp-content\/uploads\/2025\/01\/LOGO-UVB-2024-azul-1.jpg\",\"contentUrl\":\"https:\/\/uvbbrasil.com.br\/wp-content\/uploads\/2025\/01\/LOGO-UVB-2024-azul-1.jpg\",\"width\":600,\"height\":211,\"caption\":\"UVB Brasil\"},\"image\":{\"@id\":\"https:\/\/uvbbrasil.com.br\/#\/schema\/logo\/image\/\"},\"sameAs\":[\"https:\/\/www.facebook.com\/uvb.vereadoresbrasil\",\"https:\/\/www.instagram.com\/uvbbrasil\/\",\"https:\/\/www.youtube.com\/channel\/UCIlPQ8Xzw5GHNzosQIg9S5A\"]},{\"@type\":\"Person\",\"@id\":\"https:\/\/uvbbrasil.com.br\/#\/schema\/person\/17990098446c098f52effddff4f1b272\",\"name\":\"adminuvb\",\"image\":{\"@type\":\"ImageObject\",\"inLanguage\":\"pt-BR\",\"@id\":\"https:\/\/uvbbrasil.com.br\/#\/schema\/person\/image\/\",\"url\":\"https:\/\/secure.gravatar.com\/avatar\/1a494ea6f8e2dd1ae526e55b0e9497efdba542491e0620d704cccf63c6f77c45?s=96&d=mm&r=g\",\"contentUrl\":\"https:\/\/secure.gravatar.com\/avatar\/1a494ea6f8e2dd1ae526e55b0e9497efdba542491e0620d704cccf63c6f77c45?s=96&d=mm&r=g\",\"caption\":\"adminuvb\"},\"sameAs\":[\"https:\/\/uvbbrasil.com.br\"],\"url\":\"https:\/\/uvbbrasil.com.br\/author\/adminuvb\/\"}]}<\/script>\n<!-- \/ Yoast SEO plugin. -->","yoast_head_json":{"title":"UVC re\u00fane vereadores e vereadoras do Cariri em evento de capacita\u00e7\u00e3o - UVB Brasil","robots":{"index":"index","follow":"follow","max-snippet":"max-snippet:-1","max-image-preview":"max-image-preview:large","max-video-preview":"max-video-preview:-1"},"canonical":"https:\/\/uvbbrasil.com.br\/uvc-reune-vereadores-e-vereadoras-do-cariri-em-evento-de-capacitacao\/","og_locale":"pt_BR","og_type":"article","og_title":"UVC re\u00fane vereadores e vereadoras do Cariri em evento de capacita\u00e7\u00e3o - UVB Brasil","og_description":"Ocorreu nesta segunda-feira, 28 de mar\u00e7o, em Juazeiro do Norte, o III ENCONTRO DE VEREADORES E VEREADORAS DA REGI\u00c3O DO...","og_url":"https:\/\/uvbbrasil.com.br\/uvc-reune-vereadores-e-vereadoras-do-cariri-em-evento-de-capacitacao\/","og_site_name":"UVB Brasil","article_publisher":"https:\/\/www.facebook.com\/uvb.vereadoresbrasil","article_published_time":"2022-03-29T13:02:58+00:00","og_image":[{"width":960,"height":719,"url":"https:\/\/uvbbrasil.com.br\/wp-content\/uploads\/2022\/03\/uvc-3.jpg","type":"image\/jpeg"}],"author":"adminuvb","twitter_card":"summary_large_image","twitter_misc":{"Escrito por":"adminuvb","Est. tempo de leitura":"3 minutos"},"schema":{"@context":"https:\/\/schema.org","@graph":[{"@type":"Article","@id":"https:\/\/uvbbrasil.com.br\/uvc-reune-vereadores-e-vereadoras-do-cariri-em-evento-de-capacitacao\/#article","isPartOf":{"@id":"https:\/\/uvbbrasil.com.br\/uvc-reune-vereadores-e-vereadoras-do-cariri-em-evento-de-capacitacao\/"},"author":{"name":"adminuvb","@id":"https:\/\/uvbbrasil.com.br\/#\/schema\/person\/17990098446c098f52effddff4f1b272"},"headline":"UVC re\u00fane vereadores e vereadoras do Cariri em evento de capacita\u00e7\u00e3o","datePublished":"2022-03-29T13:02:58+00:00","mainEntityOfPage":{"@id":"https:\/\/uvbbrasil.com.br\/uvc-reune-vereadores-e-vereadoras-do-cariri-em-evento-de-capacitacao\/"},"wordCount":217,"commentCount":0,"publisher":{"@id":"https:\/\/uvbbrasil.com.br\/#organization"},"image":{"@id":"https:\/\/uvbbrasil.com.br\/uvc-reune-vereadores-e-vereadoras-do-cariri-em-evento-de-capacitacao\/#primaryimage"},"thumbnailUrl":"https:\/\/uvbbrasil.com.br\/wp-content\/uploads\/2022\/03\/uvc-3.jpg","articleSection":["NOT\u00cdCIAS","UVB"],"inLanguage":"pt-BR","potentialAction":[{"@type":"CommentAction","name":"Comment","target":["https:\/\/uvbbrasil.com.br\/uvc-reune-vereadores-e-vereadoras-do-cariri-em-evento-de-capacitacao\/#respond"]}]},{"@type":"WebPage","@id":"https:\/\/uvbbrasil.com.br\/uvc-reune-vereadores-e-vereadoras-do-cariri-em-evento-de-capacitacao\/","url":"https:\/\/uvbbrasil.com.br\/uvc-reune-vereadores-e-vereadoras-do-cariri-em-evento-de-capacitacao\/","name":"UVC re\u00fane vereadores e vereadoras do Cariri em evento de capacita\u00e7\u00e3o - UVB Brasil","isPartOf":{"@id":"https:\/\/uvbbrasil.com.br\/#website"},"primaryImageOfPage":{"@id":"https:\/\/uvbbrasil.com.br\/uvc-reune-vereadores-e-vereadoras-do-cariri-em-evento-de-capacitacao\/#primaryimage"},"image":{"@id":"https:\/\/uvbbrasil.com.br\/uvc-reune-vereadores-e-vereadoras-do-cariri-em-evento-de-capacitacao\/#primaryimage"},"thumbnailUrl":"https:\/\/uvbbrasil.com.br\/wp-content\/uploads\/2022\/03\/uvc-3.jpg","datePublished":"2022-03-29T13:02:58+00:00","breadcrumb":{"@id":"https:\/\/uvbbrasil.com.br\/uvc-reune-vereadores-e-vereadoras-do-cariri-em-evento-de-capacitacao\/#breadcrumb"},"inLanguage":"pt-BR","potentialAction":[{"@type":"ReadAction","target":["https:\/\/uvbbrasil.com.br\/uvc-reune-vereadores-e-vereadoras-do-cariri-em-evento-de-capacitacao\/"]}]},{"@type":"ImageObject","inLanguage":"pt-BR","@id":"https:\/\/uvbbrasil.com.br\/uvc-reune-vereadores-e-vereadoras-do-cariri-em-evento-de-capacitacao\/#primaryimage","url":"https:\/\/uvbbrasil.com.br\/wp-content\/uploads\/2022\/03\/uvc-3.jpg","contentUrl":"https:\/\/uvbbrasil.com.br\/wp-content\/uploads\/2022\/03\/uvc-3.jpg","width":960,"height":719},{"@type":"BreadcrumbList","@id":"https:\/\/uvbbrasil.com.br\/uvc-reune-vereadores-e-vereadoras-do-cariri-em-evento-de-capacitacao\/#breadcrumb","itemListElement":[{"@type":"ListItem","position":1,"name":"In\u00edcio","item":"https:\/\/uvbbrasil.com.br\/"},{"@type":"ListItem","position":2,"name":"UVC re\u00fane vereadores e vereadoras do Cariri em evento de capacita\u00e7\u00e3o"}]},{"@type":"WebSite","@id":"https:\/\/uvbbrasil.com.br\/#website","url":"https:\/\/uvbbrasil.com.br\/","name":"UVB Brasil","description":"Uni\u00e3o dos Vereadores do Brasil","publisher":{"@id":"https:\/\/uvbbrasil.com.br\/#organization"},"potentialAction":[{"@type":"SearchAction","target":{"@type":"EntryPoint","urlTemplate":"https:\/\/uvbbrasil.com.br\/?s={search_term_string}"},"query-input":{"@type":"PropertyValueSpecification","valueRequired":true,"valueName":"search_term_string"}}],"inLanguage":"pt-BR"},{"@type":"Organization","@id":"https:\/\/uvbbrasil.com.br\/#organization","name":"UVB Brasil","url":"https:\/\/uvbbrasil.com.br\/","logo":{"@type":"ImageObject","inLanguage":"pt-BR","@id":"https:\/\/uvbbrasil.com.br\/#\/schema\/logo\/image\/","url":"https:\/\/uvbbrasil.com.br\/wp-content\/uploads\/2025\/01\/LOGO-UVB-2024-azul-1.jpg","contentUrl":"https:\/\/uvbbrasil.com.br\/wp-content\/uploads\/2025\/01\/LOGO-UVB-2024-azul-1.jpg","width":600,"height":211,"caption":"UVB Brasil"},"image":{"@id":"https:\/\/uvbbrasil.com.br\/#\/schema\/logo\/image\/"},"sameAs":["https:\/\/www.facebook.com\/uvb.vereadoresbrasil","https:\/\/www.instagram.com\/uvbbrasil\/","https:\/\/www.youtube.com\/channel\/UCIlPQ8Xzw5GHNzosQIg9S5A"]},{"@type":"Person","@id":"https:\/\/uvbbrasil.com.br\/#\/schema\/person\/17990098446c098f52effddff4f1b272","name":"adminuvb","image":{"@type":"ImageObject","inLanguage":"pt-BR","@id":"https:\/\/uvbbrasil.com.br\/#\/schema\/person\/image\/","url":"https:\/\/secure.gravatar.com\/avatar\/1a494ea6f8e2dd1ae526e55b0e9497efdba542491e0620d704cccf63c6f77c45?s=96&d=mm&r=g","contentUrl":"https:\/\/secure.gravatar.com\/avatar\/1a494ea6f8e2dd1ae526e55b0e9497efdba542491e0620d704cccf63c6f77c45?s=96&d=mm&r=g","caption":"adminuvb"},"sameAs":["https:\/\/uvbbrasil.com.br"],"url":"https:\/\/uvbbrasil.com.br\/author\/adminuvb\/"}]}},"_links":{"self":[{"href":"https:\/\/uvbbrasil.com.br\/uvb-json\/wp\/v2\/posts\/25476","targetHints":{"allow":["GET"]}}],"collection":[{"href":"https:\/\/uvbbrasil.com.br\/uvb-json\/wp\/v2\/posts"}],"about":[{"href":"https:\/\/uvbbrasil.com.br\/uvb-json\/wp\/v2\/types\/post"}],"author":[{"embeddable":true,"href":"https:\/\/uvbbrasil.com.br\/uvb-json\/wp\/v2\/users\/1"}],"replies":[{"embeddable":true,"href":"https:\/\/uvbbrasil.com.br\/uvb-json\/wp\/v2\/comments?post=25476"}],"version-history":[{"count":0,"href":"https:\/\/uvbbrasil.com.br\/uvb-json\/wp\/v2\/posts\/25476\/revisions"}],"wp:featuredmedia":[{"embeddable":true,"href":"https:\/\/uvbbrasil.com.br\/uvb-json\/wp\/v2\/media\/25482"}],"wp:attachment":[{"href":"https:\/\/uvbbrasil.com.br\/uvb-json\/wp\/v2\/media?parent=25476"}],"wp:term":[{"taxonomy":"category","embeddable":true,"href":"https:\/\/uvbbrasil.com.br\/uvb-json\/wp\/v2\/categories?post=25476"},{"taxonomy":"post_tag","embeddable":true,"href":"https:\/\/uvbbrasil.com.br\/uvb-json\/wp\/v2\/tags?post=25476"}],"curies":[{"name":"wp","href":"https:\/\/api.w.org\/{rel}","templated":true}]}}