{"id":25449,"date":"2022-03-26T07:01:19","date_gmt":"2022-03-26T10:01:19","guid":{"rendered":"https:\/\/wpsandbox4.pante.com.br\/?p=25449"},"modified":"2022-03-26T07:01:19","modified_gmt":"2022-03-26T10:01:19","slug":"reforma-eleitoral-politica-e-o-novo-codigo-eleitoral","status":"publish","type":"post","link":"https:\/\/uvbbrasil.com.br\/reforma-eleitoral-politica-e-o-novo-codigo-eleitoral\/","title":{"rendered":"Reforma eleitoral, politica e o novo c\u00f3digo eleitoral"},"content":{"rendered":"<p>O Advogado especialista em Direito Eleitoral ,assessor Jur\u00eddico da UVERGS\/ Uni\u00e3o dos Vereadores do Rio Grande do Sul e panelista da UVB (Uni\u00e3o dos Vereadores do Brasil), F\u00e1bio Gisch.<\/p>\n<p>Apresentou painel sobre a Reforma eleitoral e pol\u00edtica, O que vem por a\u00ed? Novo c\u00f3digo eleitoral e\u00a0 os Reflexos para as elei\u00e7\u00f5es de 2024. Onde demonstrou aos parlamentares\u00a0 os t\u00f3picos, legisla\u00e7\u00e3o eleitoral, Constitui\u00e7\u00e3o Federal,\u00a0 leis complementares, leis ordin\u00e1rias, c\u00f3digo eleitoral, resolu\u00e7\u00f5es TSE, novo c\u00f3digo eleitoral, a proposta do Novo C\u00f3digo Eleitoral, que \u00a0consolida toda legisla\u00e7\u00e3o eleitoral e partid\u00e1ria em um \u00fanico texto legislativo, fim da reelei\u00e7\u00e3o, pec foi rejeitada pelo congresso nacional, fim das coliga\u00e7\u00f5es para vereadores, n\u00famero de candidatos, propor\u00e7\u00e3o candidatos sexo distribui\u00e7\u00e3o das sobras, primeira vaga das sobras, cla\u00fasula de barreira, janela para troca de partido, domicilio eleitoral e filia\u00e7\u00e3o partid\u00e1ria, condi\u00e7\u00f5es para ser candidato, federa\u00e7\u00e3o partid\u00e1ria.<\/p>\n<p>Gisch \u00a0esclareceu a diferen\u00e7a entre Federa\u00e7\u00e3o Partid\u00e1ria e Coliga\u00e7\u00e3o Partid\u00e1ria.\u00a0 As coliga\u00e7\u00f5es partid\u00e1rias s\u00e3o alian\u00e7as que partidos fazem para aumentar as chances de vit\u00f3ria em uma elei\u00e7\u00e3o. \u00a0No caso das federa\u00e7\u00f5es partid\u00e1rias, \u00a0dois ou mais partidos pol\u00edticos podem se unir como se fossem um \u00fanico partido, e essa uni\u00e3o vai durar at\u00e9 o fim do mandato dos candidatos desta federa\u00e7\u00e3o partid\u00e1ria. E \u00a0os impactos das Federa\u00e7\u00f5es Partid\u00e1rias, nas elei\u00e7\u00f5es de 2022, as Federa\u00e7\u00f5es Partid\u00e1rias ir\u00e3o ser v\u00e1lidas apenas para as elei\u00e7\u00f5es de Deputado Estadual, Distrital e Deputado Federal.<\/p>\n<p><img decoding=\"async\" class=\"alignnone size-medium wp-image-25451\" src=\"https:\/\/uvbbrasil.com.br\/wp-content\/uploads\/2022\/03\/WhatsApp-Image-2022-03-25-at-11.19.08-300x157.jpeg\" alt=\"\" width=\"300\" height=\"157\" srcset=\"https:\/\/uvbbrasil.com.br\/wp-content\/uploads\/2022\/03\/WhatsApp-Image-2022-03-25-at-11.19.08-300x157.jpeg 300w, https:\/\/uvbbrasil.com.br\/wp-content\/uploads\/2022\/03\/WhatsApp-Image-2022-03-25-at-11.19.08-1024x535.jpeg 1024w, https:\/\/uvbbrasil.com.br\/wp-content\/uploads\/2022\/03\/WhatsApp-Image-2022-03-25-at-11.19.08-768x401.jpeg 768w, https:\/\/uvbbrasil.com.br\/wp-content\/uploads\/2022\/03\/WhatsApp-Image-2022-03-25-at-11.19.08.jpeg 1280w\" sizes=\"(max-width: 300px) 100vw, 300px\" \/><\/p>\n<p><img fetchpriority=\"high\" decoding=\"async\" class=\"alignnone size-medium wp-image-25452\" src=\"https:\/\/uvbbrasil.com.br\/wp-content\/uploads\/2022\/03\/WhatsApp-Image-2022-03-25-at-11.20.20-300x182.jpeg\" alt=\"\" width=\"300\" height=\"182\" srcset=\"https:\/\/uvbbrasil.com.br\/wp-content\/uploads\/2022\/03\/WhatsApp-Image-2022-03-25-at-11.20.20-300x182.jpeg 300w, https:\/\/uvbbrasil.com.br\/wp-content\/uploads\/2022\/03\/WhatsApp-Image-2022-03-25-at-11.20.20-1024x620.jpeg 1024w, https:\/\/uvbbrasil.com.br\/wp-content\/uploads\/2022\/03\/WhatsApp-Image-2022-03-25-at-11.20.20-768x465.jpeg 768w, https:\/\/uvbbrasil.com.br\/wp-content\/uploads\/2022\/03\/WhatsApp-Image-2022-03-25-at-11.20.20.jpeg 1280w\" sizes=\"(max-width: 300px) 100vw, 300px\" \/><\/p>\n<p><img decoding=\"async\" class=\"alignnone size-medium wp-image-25450\" src=\"https:\/\/uvbbrasil.com.br\/wp-content\/uploads\/2022\/03\/WhatsApp-Image-2022-03-25-at-11.05.15-135x300.jpeg\" alt=\"\" width=\"135\" height=\"300\" srcset=\"https:\/\/uvbbrasil.com.br\/wp-content\/uploads\/2022\/03\/WhatsApp-Image-2022-03-25-at-11.05.15-135x300.jpeg 135w, https:\/\/uvbbrasil.com.br\/wp-content\/uploads\/2022\/03\/WhatsApp-Image-2022-03-25-at-11.05.15-461x1024.jpeg 461w, https:\/\/uvbbrasil.com.br\/wp-content\/uploads\/2022\/03\/WhatsApp-Image-2022-03-25-at-11.05.15-692x1536.jpeg 692w, https:\/\/uvbbrasil.com.br\/wp-content\/uploads\/2022\/03\/WhatsApp-Image-2022-03-25-at-11.05.15.jpeg 721w\" sizes=\"(max-width: 135px) 100vw, 135px\" \/><\/p>\n","protected":false},"excerpt":{"rendered":"<p>O Advogado especialista em Direito Eleitoral ,assessor Jur\u00eddico da UVERGS\/ Uni\u00e3o dos Vereadores do Rio Grande do Sul e panelista&#8230;<\/p>\n","protected":false},"author":1,"featured_media":25451,"comment_status":"open","ping_status":"open","sticky":false,"template":"","format":"standard","meta":{"footnotes":""},"categories":[3,4],"tags":[],"class_list":["post-25449","post","type-post","status-publish","format-standard","has-post-thumbnail","hentry","category-noticias","category-home"],"yoast_head":"<!-- This site is optimized with the Yoast SEO plugin v26.7 - https:\/\/yoast.com\/wordpress\/plugins\/seo\/ -->\n<title>Reforma eleitoral, politica e o novo c\u00f3digo eleitoral - UVB Brasil<\/title>\n<meta name=\"robots\" content=\"index, follow, max-snippet:-1, max-image-preview:large, max-video-preview:-1\" \/>\n<link rel=\"canonical\" href=\"https:\/\/uvbbrasil.com.br\/reforma-eleitoral-politica-e-o-novo-codigo-eleitoral\/\" \/>\n<meta property=\"og:locale\" content=\"pt_BR\" \/>\n<meta property=\"og:type\" content=\"article\" \/>\n<meta property=\"og:title\" content=\"Reforma eleitoral, politica e o novo c\u00f3digo eleitoral - UVB Brasil\" \/>\n<meta property=\"og:description\" content=\"O Advogado especialista em Direito Eleitoral ,assessor Jur\u00eddico da UVERGS\/ Uni\u00e3o dos Vereadores do Rio Grande do Sul e panelista...\" \/>\n<meta property=\"og:url\" content=\"https:\/\/uvbbrasil.com.br\/reforma-eleitoral-politica-e-o-novo-codigo-eleitoral\/\" \/>\n<meta property=\"og:site_name\" content=\"UVB Brasil\" \/>\n<meta property=\"article:publisher\" content=\"https:\/\/www.facebook.com\/uvb.vereadoresbrasil\" \/>\n<meta property=\"article:published_time\" content=\"2022-03-26T10:01:19+00:00\" \/>\n<meta property=\"og:image\" content=\"https:\/\/uvbbrasil.com.br\/wp-content\/uploads\/2022\/03\/WhatsApp-Image-2022-03-25-at-11.19.08.jpeg\" \/>\n\t<meta property=\"og:image:width\" content=\"1280\" \/>\n\t<meta property=\"og:image:height\" content=\"669\" \/>\n\t<meta property=\"og:image:type\" content=\"image\/jpeg\" \/>\n<meta name=\"author\" content=\"adminuvb\" \/>\n<meta name=\"twitter:card\" content=\"summary_large_image\" \/>\n<meta name=\"twitter:label1\" content=\"Escrito por\" \/>\n\t<meta name=\"twitter:data1\" content=\"adminuvb\" \/>\n\t<meta name=\"twitter:label2\" content=\"Est. tempo de leitura\" \/>\n\t<meta name=\"twitter:data2\" content=\"2 minutos\" \/>\n<script type=\"application\/ld+json\" class=\"yoast-schema-graph\">{\"@context\":\"https:\/\/schema.org\",\"@graph\":[{\"@type\":\"Article\",\"@id\":\"https:\/\/uvbbrasil.com.br\/reforma-eleitoral-politica-e-o-novo-codigo-eleitoral\/#article\",\"isPartOf\":{\"@id\":\"https:\/\/uvbbrasil.com.br\/reforma-eleitoral-politica-e-o-novo-codigo-eleitoral\/\"},\"author\":{\"name\":\"adminuvb\",\"@id\":\"https:\/\/uvbbrasil.com.br\/#\/schema\/person\/17990098446c098f52effddff4f1b272\"},\"headline\":\"Reforma eleitoral, politica e o novo c\u00f3digo eleitoral\",\"datePublished\":\"2022-03-26T10:01:19+00:00\",\"mainEntityOfPage\":{\"@id\":\"https:\/\/uvbbrasil.com.br\/reforma-eleitoral-politica-e-o-novo-codigo-eleitoral\/\"},\"wordCount\":286,\"commentCount\":0,\"publisher\":{\"@id\":\"https:\/\/uvbbrasil.com.br\/#organization\"},\"image\":{\"@id\":\"https:\/\/uvbbrasil.com.br\/reforma-eleitoral-politica-e-o-novo-codigo-eleitoral\/#primaryimage\"},\"thumbnailUrl\":\"https:\/\/uvbbrasil.com.br\/wp-content\/uploads\/2022\/03\/WhatsApp-Image-2022-03-25-at-11.19.08.jpeg\",\"articleSection\":[\"NOT\u00cdCIAS\",\"UVB\"],\"inLanguage\":\"pt-BR\",\"potentialAction\":[{\"@type\":\"CommentAction\",\"name\":\"Comment\",\"target\":[\"https:\/\/uvbbrasil.com.br\/reforma-eleitoral-politica-e-o-novo-codigo-eleitoral\/#respond\"]}]},{\"@type\":\"WebPage\",\"@id\":\"https:\/\/uvbbrasil.com.br\/reforma-eleitoral-politica-e-o-novo-codigo-eleitoral\/\",\"url\":\"https:\/\/uvbbrasil.com.br\/reforma-eleitoral-politica-e-o-novo-codigo-eleitoral\/\",\"name\":\"Reforma eleitoral, politica e o novo c\u00f3digo eleitoral - UVB Brasil\",\"isPartOf\":{\"@id\":\"https:\/\/uvbbrasil.com.br\/#website\"},\"primaryImageOfPage\":{\"@id\":\"https:\/\/uvbbrasil.com.br\/reforma-eleitoral-politica-e-o-novo-codigo-eleitoral\/#primaryimage\"},\"image\":{\"@id\":\"https:\/\/uvbbrasil.com.br\/reforma-eleitoral-politica-e-o-novo-codigo-eleitoral\/#primaryimage\"},\"thumbnailUrl\":\"https:\/\/uvbbrasil.com.br\/wp-content\/uploads\/2022\/03\/WhatsApp-Image-2022-03-25-at-11.19.08.jpeg\",\"datePublished\":\"2022-03-26T10:01:19+00:00\",\"breadcrumb\":{\"@id\":\"https:\/\/uvbbrasil.com.br\/reforma-eleitoral-politica-e-o-novo-codigo-eleitoral\/#breadcrumb\"},\"inLanguage\":\"pt-BR\",\"potentialAction\":[{\"@type\":\"ReadAction\",\"target\":[\"https:\/\/uvbbrasil.com.br\/reforma-eleitoral-politica-e-o-novo-codigo-eleitoral\/\"]}]},{\"@type\":\"ImageObject\",\"inLanguage\":\"pt-BR\",\"@id\":\"https:\/\/uvbbrasil.com.br\/reforma-eleitoral-politica-e-o-novo-codigo-eleitoral\/#primaryimage\",\"url\":\"https:\/\/uvbbrasil.com.br\/wp-content\/uploads\/2022\/03\/WhatsApp-Image-2022-03-25-at-11.19.08.jpeg\",\"contentUrl\":\"https:\/\/uvbbrasil.com.br\/wp-content\/uploads\/2022\/03\/WhatsApp-Image-2022-03-25-at-11.19.08.jpeg\",\"width\":1280,\"height\":669},{\"@type\":\"BreadcrumbList\",\"@id\":\"https:\/\/uvbbrasil.com.br\/reforma-eleitoral-politica-e-o-novo-codigo-eleitoral\/#breadcrumb\",\"itemListElement\":[{\"@type\":\"ListItem\",\"position\":1,\"name\":\"In\u00edcio\",\"item\":\"https:\/\/uvbbrasil.com.br\/\"},{\"@type\":\"ListItem\",\"position\":2,\"name\":\"Reforma eleitoral, politica e o novo c\u00f3digo eleitoral\"}]},{\"@type\":\"WebSite\",\"@id\":\"https:\/\/uvbbrasil.com.br\/#website\",\"url\":\"https:\/\/uvbbrasil.com.br\/\",\"name\":\"UVB Brasil\",\"description\":\"Uni\u00e3o dos Vereadores do Brasil\",\"publisher\":{\"@id\":\"https:\/\/uvbbrasil.com.br\/#organization\"},\"potentialAction\":[{\"@type\":\"SearchAction\",\"target\":{\"@type\":\"EntryPoint\",\"urlTemplate\":\"https:\/\/uvbbrasil.com.br\/?s={search_term_string}\"},\"query-input\":{\"@type\":\"PropertyValueSpecification\",\"valueRequired\":true,\"valueName\":\"search_term_string\"}}],\"inLanguage\":\"pt-BR\"},{\"@type\":\"Organization\",\"@id\":\"https:\/\/uvbbrasil.com.br\/#organization\",\"name\":\"UVB Brasil\",\"url\":\"https:\/\/uvbbrasil.com.br\/\",\"logo\":{\"@type\":\"ImageObject\",\"inLanguage\":\"pt-BR\",\"@id\":\"https:\/\/uvbbrasil.com.br\/#\/schema\/logo\/image\/\",\"url\":\"https:\/\/uvbbrasil.com.br\/wp-content\/uploads\/2025\/01\/LOGO-UVB-2024-azul-1.jpg\",\"contentUrl\":\"https:\/\/uvbbrasil.com.br\/wp-content\/uploads\/2025\/01\/LOGO-UVB-2024-azul-1.jpg\",\"width\":600,\"height\":211,\"caption\":\"UVB Brasil\"},\"image\":{\"@id\":\"https:\/\/uvbbrasil.com.br\/#\/schema\/logo\/image\/\"},\"sameAs\":[\"https:\/\/www.facebook.com\/uvb.vereadoresbrasil\",\"https:\/\/www.instagram.com\/uvbbrasil\/\",\"https:\/\/www.youtube.com\/channel\/UCIlPQ8Xzw5GHNzosQIg9S5A\"]},{\"@type\":\"Person\",\"@id\":\"https:\/\/uvbbrasil.com.br\/#\/schema\/person\/17990098446c098f52effddff4f1b272\",\"name\":\"adminuvb\",\"image\":{\"@type\":\"ImageObject\",\"inLanguage\":\"pt-BR\",\"@id\":\"https:\/\/uvbbrasil.com.br\/#\/schema\/person\/image\/\",\"url\":\"https:\/\/secure.gravatar.com\/avatar\/1a494ea6f8e2dd1ae526e55b0e9497efdba542491e0620d704cccf63c6f77c45?s=96&d=mm&r=g\",\"contentUrl\":\"https:\/\/secure.gravatar.com\/avatar\/1a494ea6f8e2dd1ae526e55b0e9497efdba542491e0620d704cccf63c6f77c45?s=96&d=mm&r=g\",\"caption\":\"adminuvb\"},\"sameAs\":[\"https:\/\/uvbbrasil.com.br\"],\"url\":\"https:\/\/uvbbrasil.com.br\/author\/adminuvb\/\"}]}<\/script>\n<!-- \/ Yoast SEO plugin. -->","yoast_head_json":{"title":"Reforma eleitoral, politica e o novo c\u00f3digo eleitoral - UVB Brasil","robots":{"index":"index","follow":"follow","max-snippet":"max-snippet:-1","max-image-preview":"max-image-preview:large","max-video-preview":"max-video-preview:-1"},"canonical":"https:\/\/uvbbrasil.com.br\/reforma-eleitoral-politica-e-o-novo-codigo-eleitoral\/","og_locale":"pt_BR","og_type":"article","og_title":"Reforma eleitoral, politica e o novo c\u00f3digo eleitoral - UVB Brasil","og_description":"O Advogado especialista em Direito Eleitoral ,assessor Jur\u00eddico da UVERGS\/ Uni\u00e3o dos Vereadores do Rio Grande do Sul e panelista...","og_url":"https:\/\/uvbbrasil.com.br\/reforma-eleitoral-politica-e-o-novo-codigo-eleitoral\/","og_site_name":"UVB Brasil","article_publisher":"https:\/\/www.facebook.com\/uvb.vereadoresbrasil","article_published_time":"2022-03-26T10:01:19+00:00","og_image":[{"width":1280,"height":669,"url":"https:\/\/uvbbrasil.com.br\/wp-content\/uploads\/2022\/03\/WhatsApp-Image-2022-03-25-at-11.19.08.jpeg","type":"image\/jpeg"}],"author":"adminuvb","twitter_card":"summary_large_image","twitter_misc":{"Escrito por":"adminuvb","Est. tempo de leitura":"2 minutos"},"schema":{"@context":"https:\/\/schema.org","@graph":[{"@type":"Article","@id":"https:\/\/uvbbrasil.com.br\/reforma-eleitoral-politica-e-o-novo-codigo-eleitoral\/#article","isPartOf":{"@id":"https:\/\/uvbbrasil.com.br\/reforma-eleitoral-politica-e-o-novo-codigo-eleitoral\/"},"author":{"name":"adminuvb","@id":"https:\/\/uvbbrasil.com.br\/#\/schema\/person\/17990098446c098f52effddff4f1b272"},"headline":"Reforma eleitoral, politica e o novo c\u00f3digo eleitoral","datePublished":"2022-03-26T10:01:19+00:00","mainEntityOfPage":{"@id":"https:\/\/uvbbrasil.com.br\/reforma-eleitoral-politica-e-o-novo-codigo-eleitoral\/"},"wordCount":286,"commentCount":0,"publisher":{"@id":"https:\/\/uvbbrasil.com.br\/#organization"},"image":{"@id":"https:\/\/uvbbrasil.com.br\/reforma-eleitoral-politica-e-o-novo-codigo-eleitoral\/#primaryimage"},"thumbnailUrl":"https:\/\/uvbbrasil.com.br\/wp-content\/uploads\/2022\/03\/WhatsApp-Image-2022-03-25-at-11.19.08.jpeg","articleSection":["NOT\u00cdCIAS","UVB"],"inLanguage":"pt-BR","potentialAction":[{"@type":"CommentAction","name":"Comment","target":["https:\/\/uvbbrasil.com.br\/reforma-eleitoral-politica-e-o-novo-codigo-eleitoral\/#respond"]}]},{"@type":"WebPage","@id":"https:\/\/uvbbrasil.com.br\/reforma-eleitoral-politica-e-o-novo-codigo-eleitoral\/","url":"https:\/\/uvbbrasil.com.br\/reforma-eleitoral-politica-e-o-novo-codigo-eleitoral\/","name":"Reforma eleitoral, politica e o novo c\u00f3digo eleitoral - UVB Brasil","isPartOf":{"@id":"https:\/\/uvbbrasil.com.br\/#website"},"primaryImageOfPage":{"@id":"https:\/\/uvbbrasil.com.br\/reforma-eleitoral-politica-e-o-novo-codigo-eleitoral\/#primaryimage"},"image":{"@id":"https:\/\/uvbbrasil.com.br\/reforma-eleitoral-politica-e-o-novo-codigo-eleitoral\/#primaryimage"},"thumbnailUrl":"https:\/\/uvbbrasil.com.br\/wp-content\/uploads\/2022\/03\/WhatsApp-Image-2022-03-25-at-11.19.08.jpeg","datePublished":"2022-03-26T10:01:19+00:00","breadcrumb":{"@id":"https:\/\/uvbbrasil.com.br\/reforma-eleitoral-politica-e-o-novo-codigo-eleitoral\/#breadcrumb"},"inLanguage":"pt-BR","potentialAction":[{"@type":"ReadAction","target":["https:\/\/uvbbrasil.com.br\/reforma-eleitoral-politica-e-o-novo-codigo-eleitoral\/"]}]},{"@type":"ImageObject","inLanguage":"pt-BR","@id":"https:\/\/uvbbrasil.com.br\/reforma-eleitoral-politica-e-o-novo-codigo-eleitoral\/#primaryimage","url":"https:\/\/uvbbrasil.com.br\/wp-content\/uploads\/2022\/03\/WhatsApp-Image-2022-03-25-at-11.19.08.jpeg","contentUrl":"https:\/\/uvbbrasil.com.br\/wp-content\/uploads\/2022\/03\/WhatsApp-Image-2022-03-25-at-11.19.08.jpeg","width":1280,"height":669},{"@type":"BreadcrumbList","@id":"https:\/\/uvbbrasil.com.br\/reforma-eleitoral-politica-e-o-novo-codigo-eleitoral\/#breadcrumb","itemListElement":[{"@type":"ListItem","position":1,"name":"In\u00edcio","item":"https:\/\/uvbbrasil.com.br\/"},{"@type":"ListItem","position":2,"name":"Reforma eleitoral, politica e o novo c\u00f3digo eleitoral"}]},{"@type":"WebSite","@id":"https:\/\/uvbbrasil.com.br\/#website","url":"https:\/\/uvbbrasil.com.br\/","name":"UVB Brasil","description":"Uni\u00e3o dos Vereadores do Brasil","publisher":{"@id":"https:\/\/uvbbrasil.com.br\/#organization"},"potentialAction":[{"@type":"SearchAction","target":{"@type":"EntryPoint","urlTemplate":"https:\/\/uvbbrasil.com.br\/?s={search_term_string}"},"query-input":{"@type":"PropertyValueSpecification","valueRequired":true,"valueName":"search_term_string"}}],"inLanguage":"pt-BR"},{"@type":"Organization","@id":"https:\/\/uvbbrasil.com.br\/#organization","name":"UVB Brasil","url":"https:\/\/uvbbrasil.com.br\/","logo":{"@type":"ImageObject","inLanguage":"pt-BR","@id":"https:\/\/uvbbrasil.com.br\/#\/schema\/logo\/image\/","url":"https:\/\/uvbbrasil.com.br\/wp-content\/uploads\/2025\/01\/LOGO-UVB-2024-azul-1.jpg","contentUrl":"https:\/\/uvbbrasil.com.br\/wp-content\/uploads\/2025\/01\/LOGO-UVB-2024-azul-1.jpg","width":600,"height":211,"caption":"UVB Brasil"},"image":{"@id":"https:\/\/uvbbrasil.com.br\/#\/schema\/logo\/image\/"},"sameAs":["https:\/\/www.facebook.com\/uvb.vereadoresbrasil","https:\/\/www.instagram.com\/uvbbrasil\/","https:\/\/www.youtube.com\/channel\/UCIlPQ8Xzw5GHNzosQIg9S5A"]},{"@type":"Person","@id":"https:\/\/uvbbrasil.com.br\/#\/schema\/person\/17990098446c098f52effddff4f1b272","name":"adminuvb","image":{"@type":"ImageObject","inLanguage":"pt-BR","@id":"https:\/\/uvbbrasil.com.br\/#\/schema\/person\/image\/","url":"https:\/\/secure.gravatar.com\/avatar\/1a494ea6f8e2dd1ae526e55b0e9497efdba542491e0620d704cccf63c6f77c45?s=96&d=mm&r=g","contentUrl":"https:\/\/secure.gravatar.com\/avatar\/1a494ea6f8e2dd1ae526e55b0e9497efdba542491e0620d704cccf63c6f77c45?s=96&d=mm&r=g","caption":"adminuvb"},"sameAs":["https:\/\/uvbbrasil.com.br"],"url":"https:\/\/uvbbrasil.com.br\/author\/adminuvb\/"}]}},"_links":{"self":[{"href":"https:\/\/uvbbrasil.com.br\/uvb-json\/wp\/v2\/posts\/25449","targetHints":{"allow":["GET"]}}],"collection":[{"href":"https:\/\/uvbbrasil.com.br\/uvb-json\/wp\/v2\/posts"}],"about":[{"href":"https:\/\/uvbbrasil.com.br\/uvb-json\/wp\/v2\/types\/post"}],"author":[{"embeddable":true,"href":"https:\/\/uvbbrasil.com.br\/uvb-json\/wp\/v2\/users\/1"}],"replies":[{"embeddable":true,"href":"https:\/\/uvbbrasil.com.br\/uvb-json\/wp\/v2\/comments?post=25449"}],"version-history":[{"count":0,"href":"https:\/\/uvbbrasil.com.br\/uvb-json\/wp\/v2\/posts\/25449\/revisions"}],"wp:featuredmedia":[{"embeddable":true,"href":"https:\/\/uvbbrasil.com.br\/uvb-json\/wp\/v2\/media\/25451"}],"wp:attachment":[{"href":"https:\/\/uvbbrasil.com.br\/uvb-json\/wp\/v2\/media?parent=25449"}],"wp:term":[{"taxonomy":"category","embeddable":true,"href":"https:\/\/uvbbrasil.com.br\/uvb-json\/wp\/v2\/categories?post=25449"},{"taxonomy":"post_tag","embeddable":true,"href":"https:\/\/uvbbrasil.com.br\/uvb-json\/wp\/v2\/tags?post=25449"}],"curies":[{"name":"wp","href":"https:\/\/api.w.org\/{rel}","templated":true}]}}