{"id":25437,"date":"2022-03-25T16:49:45","date_gmt":"2022-03-25T19:49:45","guid":{"rendered":"https:\/\/wpsandbox4.pante.com.br\/?p=25437"},"modified":"2022-03-25T16:49:45","modified_gmt":"2022-03-25T19:49:45","slug":"painel-mulheres-que-decidem-e-apresentado-em-porto-alegre","status":"publish","type":"post","link":"https:\/\/uvbbrasil.com.br\/painel-mulheres-que-decidem-e-apresentado-em-porto-alegre\/","title":{"rendered":"Painel mulheres que decidem \u00e9 apresentado em Porto Alegre"},"content":{"rendered":"<p>O painel mulheres que decidem \u00a0foi apresentado\u00a0 no Congresso Brasileiro de Legislativos Municipais em Porto Alegre, \u00a0\u00a0com a participa\u00e7\u00e3o de todas as mulheres inscritas no evento, onde todas as vereadores fizeram sua manifesta\u00e7\u00e3o e contribui\u00e7\u00e3o sobre o seu papel fundamental na pol\u00edtica e questionamentos de como a UVB\u00a0 poderia fazer para assim aumentar a participa\u00e7\u00e3o da mulheres na pol\u00edtica, e a se posicionarem mais na vida pol\u00edtica.<\/p>\n<p>A UVB e UVB MULHER buscam sempre valorizar\u00a0 a participa\u00e7\u00e3o das mulheres\u00a0 com o reconhecimento, por sua insubstitu\u00edvel presen\u00e7a, participa\u00e7\u00e3o, pelo seu protagonismo na constru\u00e7\u00e3o de uma nova sociedade\u00a0 e aos bons servi\u00e7os e a\u00e7\u00f5es em prol do legislativo municipal. O papel transformador da sociedade \u00e9 nosso, basta acreditarmos na import\u00e2ncia e na for\u00e7a da representa\u00e7\u00e3o que temos.<\/p>\n<p>A mesa foi composta pelas vereadoras Carmem( Morro Redondo\/RS)\u00a0 Maristela Panegalli( Ira\u00ed\/RS), Marta Schoffen( Cerro Largo\/RS), Josselaine Moceli( Amestista do Sul\/RS),Dileta de Vargas( Ibirapuit\u00e3\/RS, Juliane Garlet( Amestista do Sul\/RS), Anacl\u00e9a Azevedo( Bonito\/PE), Let\u00edcia Bottge( Morro Redondo\/RS)Ana Kallem( M\u00e3e do Rio\/PA) Isadilva Vieira( M\u00e3e do Rio\/PA) Thaysa Lippy( Manaus\/AM) Yomara Jesuina( Manaus\/AM), Nara\u00a0 L\u00facia( S\u00e3o Luiz Gonzaga\/RS), Ana Clara Brum(S\u00e3o Luiz Gonzaga\/RS),\u00a0 Maria Jaqueline ( Cachoeira do Sul\/RS) e\u00a0 Adriana Barros ( Cachoeira do Sul\/RS).<\/p>\n<p><img decoding=\"async\" class=\"alignnone size-medium wp-image-25438\" src=\"https:\/\/uvbbrasil.com.br\/wp-content\/uploads\/2022\/03\/WhatsApp-Image-2022-03-25-at-16.22.35-300x135.jpeg\" alt=\"\" width=\"300\" height=\"135\" srcset=\"https:\/\/uvbbrasil.com.br\/wp-content\/uploads\/2022\/03\/WhatsApp-Image-2022-03-25-at-16.22.35-300x135.jpeg 300w, https:\/\/uvbbrasil.com.br\/wp-content\/uploads\/2022\/03\/WhatsApp-Image-2022-03-25-at-16.22.35-1024x461.jpeg 1024w, https:\/\/uvbbrasil.com.br\/wp-content\/uploads\/2022\/03\/WhatsApp-Image-2022-03-25-at-16.22.35-768x346.jpeg 768w, https:\/\/uvbbrasil.com.br\/wp-content\/uploads\/2022\/03\/WhatsApp-Image-2022-03-25-at-16.22.35-1536x692.jpeg 1536w, https:\/\/uvbbrasil.com.br\/wp-content\/uploads\/2022\/03\/WhatsApp-Image-2022-03-25-at-16.22.35.jpeg 1600w\" sizes=\"(max-width: 300px) 100vw, 300px\" \/><img fetchpriority=\"high\" decoding=\"async\" class=\"alignnone size-medium wp-image-25439\" src=\"https:\/\/uvbbrasil.com.br\/wp-content\/uploads\/2022\/03\/WhatsApp-Image-2022-03-25-at-16.22.35-1-300x169.jpeg\" alt=\"\" width=\"300\" height=\"169\" srcset=\"https:\/\/uvbbrasil.com.br\/wp-content\/uploads\/2022\/03\/WhatsApp-Image-2022-03-25-at-16.22.35-1-300x169.jpeg 300w, https:\/\/uvbbrasil.com.br\/wp-content\/uploads\/2022\/03\/WhatsApp-Image-2022-03-25-at-16.22.35-1-1024x576.jpeg 1024w, https:\/\/uvbbrasil.com.br\/wp-content\/uploads\/2022\/03\/WhatsApp-Image-2022-03-25-at-16.22.35-1-768x432.jpeg 768w, https:\/\/uvbbrasil.com.br\/wp-content\/uploads\/2022\/03\/WhatsApp-Image-2022-03-25-at-16.22.35-1-1536x864.jpeg 1536w, https:\/\/uvbbrasil.com.br\/wp-content\/uploads\/2022\/03\/WhatsApp-Image-2022-03-25-at-16.22.35-1.jpeg 1600w\" sizes=\"(max-width: 300px) 100vw, 300px\" \/><img decoding=\"async\" class=\"alignnone size-medium wp-image-25440\" src=\"https:\/\/uvbbrasil.com.br\/wp-content\/uploads\/2022\/03\/WhatsApp-Image-2022-03-25-at-16.22.35-2-300x169.jpeg\" alt=\"\" width=\"300\" height=\"169\" srcset=\"https:\/\/uvbbrasil.com.br\/wp-content\/uploads\/2022\/03\/WhatsApp-Image-2022-03-25-at-16.22.35-2-300x169.jpeg 300w, https:\/\/uvbbrasil.com.br\/wp-content\/uploads\/2022\/03\/WhatsApp-Image-2022-03-25-at-16.22.35-2-1024x576.jpeg 1024w, https:\/\/uvbbrasil.com.br\/wp-content\/uploads\/2022\/03\/WhatsApp-Image-2022-03-25-at-16.22.35-2-768x432.jpeg 768w, https:\/\/uvbbrasil.com.br\/wp-content\/uploads\/2022\/03\/WhatsApp-Image-2022-03-25-at-16.22.35-2-1536x864.jpeg 1536w, https:\/\/uvbbrasil.com.br\/wp-content\/uploads\/2022\/03\/WhatsApp-Image-2022-03-25-at-16.22.35-2.jpeg 1600w\" sizes=\"(max-width: 300px) 100vw, 300px\" \/><\/p>\n<table width=\"581\">\n<tbody>\n<tr>\n<td>\n<table style=\"height: 11px;\" width=\"5\">\n<tbody>\n<tr>\n<td><\/td>\n<\/tr>\n<tr>\n<td><\/td>\n<\/tr>\n<\/tbody>\n<\/table>\n<p>&nbsp;<\/td>\n<td width=\"3\">&nbsp;<\/p>\n<p>&nbsp;<\/p>\n<p>&nbsp;<\/td>\n<\/tr>\n<\/tbody>\n<\/table>\n<p>&nbsp;<\/p>\n","protected":false},"excerpt":{"rendered":"<p>O painel mulheres que decidem \u00a0foi apresentado\u00a0 no Congresso Brasileiro de Legislativos Municipais em Porto Alegre, \u00a0\u00a0com a participa\u00e7\u00e3o de&#8230;<\/p>\n","protected":false},"author":1,"featured_media":25439,"comment_status":"open","ping_status":"open","sticky":false,"template":"","format":"standard","meta":{"footnotes":""},"categories":[3,4],"tags":[],"class_list":["post-25437","post","type-post","status-publish","format-standard","has-post-thumbnail","hentry","category-noticias","category-home"],"yoast_head":"<!-- This site is optimized with the Yoast SEO plugin v26.7 - https:\/\/yoast.com\/wordpress\/plugins\/seo\/ -->\n<title>Painel mulheres que decidem \u00e9 apresentado em Porto Alegre - UVB Brasil<\/title>\n<meta name=\"robots\" content=\"index, follow, max-snippet:-1, max-image-preview:large, max-video-preview:-1\" \/>\n<link rel=\"canonical\" href=\"https:\/\/uvbbrasil.com.br\/painel-mulheres-que-decidem-e-apresentado-em-porto-alegre\/\" \/>\n<meta property=\"og:locale\" content=\"pt_BR\" \/>\n<meta property=\"og:type\" content=\"article\" \/>\n<meta property=\"og:title\" content=\"Painel mulheres que decidem \u00e9 apresentado em Porto Alegre - UVB Brasil\" \/>\n<meta property=\"og:description\" content=\"O painel mulheres que decidem \u00a0foi apresentado\u00a0 no Congresso Brasileiro de Legislativos Municipais em Porto Alegre, \u00a0\u00a0com a participa\u00e7\u00e3o de...\" \/>\n<meta property=\"og:url\" content=\"https:\/\/uvbbrasil.com.br\/painel-mulheres-que-decidem-e-apresentado-em-porto-alegre\/\" \/>\n<meta property=\"og:site_name\" content=\"UVB Brasil\" \/>\n<meta property=\"article:publisher\" content=\"https:\/\/www.facebook.com\/uvb.vereadoresbrasil\" \/>\n<meta property=\"article:published_time\" content=\"2022-03-25T19:49:45+00:00\" \/>\n<meta property=\"og:image\" content=\"https:\/\/uvbbrasil.com.br\/wp-content\/uploads\/2022\/03\/WhatsApp-Image-2022-03-25-at-16.22.35-1.jpeg\" \/>\n\t<meta property=\"og:image:width\" content=\"1600\" \/>\n\t<meta property=\"og:image:height\" content=\"900\" \/>\n\t<meta property=\"og:image:type\" content=\"image\/jpeg\" \/>\n<meta name=\"author\" content=\"adminuvb\" \/>\n<meta name=\"twitter:card\" content=\"summary_large_image\" \/>\n<meta name=\"twitter:label1\" content=\"Escrito por\" \/>\n\t<meta name=\"twitter:data1\" content=\"adminuvb\" \/>\n\t<meta name=\"twitter:label2\" content=\"Est. tempo de leitura\" \/>\n\t<meta name=\"twitter:data2\" content=\"2 minutos\" \/>\n<script type=\"application\/ld+json\" class=\"yoast-schema-graph\">{\"@context\":\"https:\/\/schema.org\",\"@graph\":[{\"@type\":\"Article\",\"@id\":\"https:\/\/uvbbrasil.com.br\/painel-mulheres-que-decidem-e-apresentado-em-porto-alegre\/#article\",\"isPartOf\":{\"@id\":\"https:\/\/uvbbrasil.com.br\/painel-mulheres-que-decidem-e-apresentado-em-porto-alegre\/\"},\"author\":{\"name\":\"adminuvb\",\"@id\":\"https:\/\/uvbbrasil.com.br\/#\/schema\/person\/17990098446c098f52effddff4f1b272\"},\"headline\":\"Painel mulheres que decidem \u00e9 apresentado em Porto Alegre\",\"datePublished\":\"2022-03-25T19:49:45+00:00\",\"mainEntityOfPage\":{\"@id\":\"https:\/\/uvbbrasil.com.br\/painel-mulheres-que-decidem-e-apresentado-em-porto-alegre\/\"},\"wordCount\":252,\"commentCount\":0,\"publisher\":{\"@id\":\"https:\/\/uvbbrasil.com.br\/#organization\"},\"image\":{\"@id\":\"https:\/\/uvbbrasil.com.br\/painel-mulheres-que-decidem-e-apresentado-em-porto-alegre\/#primaryimage\"},\"thumbnailUrl\":\"https:\/\/uvbbrasil.com.br\/wp-content\/uploads\/2022\/03\/WhatsApp-Image-2022-03-25-at-16.22.35-1.jpeg\",\"articleSection\":[\"NOT\u00cdCIAS\",\"UVB\"],\"inLanguage\":\"pt-BR\",\"potentialAction\":[{\"@type\":\"CommentAction\",\"name\":\"Comment\",\"target\":[\"https:\/\/uvbbrasil.com.br\/painel-mulheres-que-decidem-e-apresentado-em-porto-alegre\/#respond\"]}]},{\"@type\":\"WebPage\",\"@id\":\"https:\/\/uvbbrasil.com.br\/painel-mulheres-que-decidem-e-apresentado-em-porto-alegre\/\",\"url\":\"https:\/\/uvbbrasil.com.br\/painel-mulheres-que-decidem-e-apresentado-em-porto-alegre\/\",\"name\":\"Painel mulheres que decidem \u00e9 apresentado em Porto Alegre - UVB Brasil\",\"isPartOf\":{\"@id\":\"https:\/\/uvbbrasil.com.br\/#website\"},\"primaryImageOfPage\":{\"@id\":\"https:\/\/uvbbrasil.com.br\/painel-mulheres-que-decidem-e-apresentado-em-porto-alegre\/#primaryimage\"},\"image\":{\"@id\":\"https:\/\/uvbbrasil.com.br\/painel-mulheres-que-decidem-e-apresentado-em-porto-alegre\/#primaryimage\"},\"thumbnailUrl\":\"https:\/\/uvbbrasil.com.br\/wp-content\/uploads\/2022\/03\/WhatsApp-Image-2022-03-25-at-16.22.35-1.jpeg\",\"datePublished\":\"2022-03-25T19:49:45+00:00\",\"breadcrumb\":{\"@id\":\"https:\/\/uvbbrasil.com.br\/painel-mulheres-que-decidem-e-apresentado-em-porto-alegre\/#breadcrumb\"},\"inLanguage\":\"pt-BR\",\"potentialAction\":[{\"@type\":\"ReadAction\",\"target\":[\"https:\/\/uvbbrasil.com.br\/painel-mulheres-que-decidem-e-apresentado-em-porto-alegre\/\"]}]},{\"@type\":\"ImageObject\",\"inLanguage\":\"pt-BR\",\"@id\":\"https:\/\/uvbbrasil.com.br\/painel-mulheres-que-decidem-e-apresentado-em-porto-alegre\/#primaryimage\",\"url\":\"https:\/\/uvbbrasil.com.br\/wp-content\/uploads\/2022\/03\/WhatsApp-Image-2022-03-25-at-16.22.35-1.jpeg\",\"contentUrl\":\"https:\/\/uvbbrasil.com.br\/wp-content\/uploads\/2022\/03\/WhatsApp-Image-2022-03-25-at-16.22.35-1.jpeg\",\"width\":1600,\"height\":900},{\"@type\":\"BreadcrumbList\",\"@id\":\"https:\/\/uvbbrasil.com.br\/painel-mulheres-que-decidem-e-apresentado-em-porto-alegre\/#breadcrumb\",\"itemListElement\":[{\"@type\":\"ListItem\",\"position\":1,\"name\":\"In\u00edcio\",\"item\":\"https:\/\/uvbbrasil.com.br\/\"},{\"@type\":\"ListItem\",\"position\":2,\"name\":\"Painel mulheres que decidem \u00e9 apresentado em Porto Alegre\"}]},{\"@type\":\"WebSite\",\"@id\":\"https:\/\/uvbbrasil.com.br\/#website\",\"url\":\"https:\/\/uvbbrasil.com.br\/\",\"name\":\"UVB Brasil\",\"description\":\"Uni\u00e3o dos Vereadores do Brasil\",\"publisher\":{\"@id\":\"https:\/\/uvbbrasil.com.br\/#organization\"},\"potentialAction\":[{\"@type\":\"SearchAction\",\"target\":{\"@type\":\"EntryPoint\",\"urlTemplate\":\"https:\/\/uvbbrasil.com.br\/?s={search_term_string}\"},\"query-input\":{\"@type\":\"PropertyValueSpecification\",\"valueRequired\":true,\"valueName\":\"search_term_string\"}}],\"inLanguage\":\"pt-BR\"},{\"@type\":\"Organization\",\"@id\":\"https:\/\/uvbbrasil.com.br\/#organization\",\"name\":\"UVB Brasil\",\"url\":\"https:\/\/uvbbrasil.com.br\/\",\"logo\":{\"@type\":\"ImageObject\",\"inLanguage\":\"pt-BR\",\"@id\":\"https:\/\/uvbbrasil.com.br\/#\/schema\/logo\/image\/\",\"url\":\"https:\/\/uvbbrasil.com.br\/wp-content\/uploads\/2025\/01\/LOGO-UVB-2024-azul-1.jpg\",\"contentUrl\":\"https:\/\/uvbbrasil.com.br\/wp-content\/uploads\/2025\/01\/LOGO-UVB-2024-azul-1.jpg\",\"width\":600,\"height\":211,\"caption\":\"UVB Brasil\"},\"image\":{\"@id\":\"https:\/\/uvbbrasil.com.br\/#\/schema\/logo\/image\/\"},\"sameAs\":[\"https:\/\/www.facebook.com\/uvb.vereadoresbrasil\",\"https:\/\/www.instagram.com\/uvbbrasil\/\",\"https:\/\/www.youtube.com\/channel\/UCIlPQ8Xzw5GHNzosQIg9S5A\"]},{\"@type\":\"Person\",\"@id\":\"https:\/\/uvbbrasil.com.br\/#\/schema\/person\/17990098446c098f52effddff4f1b272\",\"name\":\"adminuvb\",\"image\":{\"@type\":\"ImageObject\",\"inLanguage\":\"pt-BR\",\"@id\":\"https:\/\/uvbbrasil.com.br\/#\/schema\/person\/image\/\",\"url\":\"https:\/\/secure.gravatar.com\/avatar\/1a494ea6f8e2dd1ae526e55b0e9497efdba542491e0620d704cccf63c6f77c45?s=96&d=mm&r=g\",\"contentUrl\":\"https:\/\/secure.gravatar.com\/avatar\/1a494ea6f8e2dd1ae526e55b0e9497efdba542491e0620d704cccf63c6f77c45?s=96&d=mm&r=g\",\"caption\":\"adminuvb\"},\"sameAs\":[\"https:\/\/uvbbrasil.com.br\"],\"url\":\"https:\/\/uvbbrasil.com.br\/author\/adminuvb\/\"}]}<\/script>\n<!-- \/ Yoast SEO plugin. -->","yoast_head_json":{"title":"Painel mulheres que decidem \u00e9 apresentado em Porto Alegre - UVB Brasil","robots":{"index":"index","follow":"follow","max-snippet":"max-snippet:-1","max-image-preview":"max-image-preview:large","max-video-preview":"max-video-preview:-1"},"canonical":"https:\/\/uvbbrasil.com.br\/painel-mulheres-que-decidem-e-apresentado-em-porto-alegre\/","og_locale":"pt_BR","og_type":"article","og_title":"Painel mulheres que decidem \u00e9 apresentado em Porto Alegre - UVB Brasil","og_description":"O painel mulheres que decidem \u00a0foi apresentado\u00a0 no Congresso Brasileiro de Legislativos Municipais em Porto Alegre, \u00a0\u00a0com a participa\u00e7\u00e3o de...","og_url":"https:\/\/uvbbrasil.com.br\/painel-mulheres-que-decidem-e-apresentado-em-porto-alegre\/","og_site_name":"UVB Brasil","article_publisher":"https:\/\/www.facebook.com\/uvb.vereadoresbrasil","article_published_time":"2022-03-25T19:49:45+00:00","og_image":[{"width":1600,"height":900,"url":"https:\/\/uvbbrasil.com.br\/wp-content\/uploads\/2022\/03\/WhatsApp-Image-2022-03-25-at-16.22.35-1.jpeg","type":"image\/jpeg"}],"author":"adminuvb","twitter_card":"summary_large_image","twitter_misc":{"Escrito por":"adminuvb","Est. tempo de leitura":"2 minutos"},"schema":{"@context":"https:\/\/schema.org","@graph":[{"@type":"Article","@id":"https:\/\/uvbbrasil.com.br\/painel-mulheres-que-decidem-e-apresentado-em-porto-alegre\/#article","isPartOf":{"@id":"https:\/\/uvbbrasil.com.br\/painel-mulheres-que-decidem-e-apresentado-em-porto-alegre\/"},"author":{"name":"adminuvb","@id":"https:\/\/uvbbrasil.com.br\/#\/schema\/person\/17990098446c098f52effddff4f1b272"},"headline":"Painel mulheres que decidem \u00e9 apresentado em Porto Alegre","datePublished":"2022-03-25T19:49:45+00:00","mainEntityOfPage":{"@id":"https:\/\/uvbbrasil.com.br\/painel-mulheres-que-decidem-e-apresentado-em-porto-alegre\/"},"wordCount":252,"commentCount":0,"publisher":{"@id":"https:\/\/uvbbrasil.com.br\/#organization"},"image":{"@id":"https:\/\/uvbbrasil.com.br\/painel-mulheres-que-decidem-e-apresentado-em-porto-alegre\/#primaryimage"},"thumbnailUrl":"https:\/\/uvbbrasil.com.br\/wp-content\/uploads\/2022\/03\/WhatsApp-Image-2022-03-25-at-16.22.35-1.jpeg","articleSection":["NOT\u00cdCIAS","UVB"],"inLanguage":"pt-BR","potentialAction":[{"@type":"CommentAction","name":"Comment","target":["https:\/\/uvbbrasil.com.br\/painel-mulheres-que-decidem-e-apresentado-em-porto-alegre\/#respond"]}]},{"@type":"WebPage","@id":"https:\/\/uvbbrasil.com.br\/painel-mulheres-que-decidem-e-apresentado-em-porto-alegre\/","url":"https:\/\/uvbbrasil.com.br\/painel-mulheres-que-decidem-e-apresentado-em-porto-alegre\/","name":"Painel mulheres que decidem \u00e9 apresentado em Porto Alegre - UVB Brasil","isPartOf":{"@id":"https:\/\/uvbbrasil.com.br\/#website"},"primaryImageOfPage":{"@id":"https:\/\/uvbbrasil.com.br\/painel-mulheres-que-decidem-e-apresentado-em-porto-alegre\/#primaryimage"},"image":{"@id":"https:\/\/uvbbrasil.com.br\/painel-mulheres-que-decidem-e-apresentado-em-porto-alegre\/#primaryimage"},"thumbnailUrl":"https:\/\/uvbbrasil.com.br\/wp-content\/uploads\/2022\/03\/WhatsApp-Image-2022-03-25-at-16.22.35-1.jpeg","datePublished":"2022-03-25T19:49:45+00:00","breadcrumb":{"@id":"https:\/\/uvbbrasil.com.br\/painel-mulheres-que-decidem-e-apresentado-em-porto-alegre\/#breadcrumb"},"inLanguage":"pt-BR","potentialAction":[{"@type":"ReadAction","target":["https:\/\/uvbbrasil.com.br\/painel-mulheres-que-decidem-e-apresentado-em-porto-alegre\/"]}]},{"@type":"ImageObject","inLanguage":"pt-BR","@id":"https:\/\/uvbbrasil.com.br\/painel-mulheres-que-decidem-e-apresentado-em-porto-alegre\/#primaryimage","url":"https:\/\/uvbbrasil.com.br\/wp-content\/uploads\/2022\/03\/WhatsApp-Image-2022-03-25-at-16.22.35-1.jpeg","contentUrl":"https:\/\/uvbbrasil.com.br\/wp-content\/uploads\/2022\/03\/WhatsApp-Image-2022-03-25-at-16.22.35-1.jpeg","width":1600,"height":900},{"@type":"BreadcrumbList","@id":"https:\/\/uvbbrasil.com.br\/painel-mulheres-que-decidem-e-apresentado-em-porto-alegre\/#breadcrumb","itemListElement":[{"@type":"ListItem","position":1,"name":"In\u00edcio","item":"https:\/\/uvbbrasil.com.br\/"},{"@type":"ListItem","position":2,"name":"Painel mulheres que decidem \u00e9 apresentado em Porto Alegre"}]},{"@type":"WebSite","@id":"https:\/\/uvbbrasil.com.br\/#website","url":"https:\/\/uvbbrasil.com.br\/","name":"UVB Brasil","description":"Uni\u00e3o dos Vereadores do Brasil","publisher":{"@id":"https:\/\/uvbbrasil.com.br\/#organization"},"potentialAction":[{"@type":"SearchAction","target":{"@type":"EntryPoint","urlTemplate":"https:\/\/uvbbrasil.com.br\/?s={search_term_string}"},"query-input":{"@type":"PropertyValueSpecification","valueRequired":true,"valueName":"search_term_string"}}],"inLanguage":"pt-BR"},{"@type":"Organization","@id":"https:\/\/uvbbrasil.com.br\/#organization","name":"UVB Brasil","url":"https:\/\/uvbbrasil.com.br\/","logo":{"@type":"ImageObject","inLanguage":"pt-BR","@id":"https:\/\/uvbbrasil.com.br\/#\/schema\/logo\/image\/","url":"https:\/\/uvbbrasil.com.br\/wp-content\/uploads\/2025\/01\/LOGO-UVB-2024-azul-1.jpg","contentUrl":"https:\/\/uvbbrasil.com.br\/wp-content\/uploads\/2025\/01\/LOGO-UVB-2024-azul-1.jpg","width":600,"height":211,"caption":"UVB Brasil"},"image":{"@id":"https:\/\/uvbbrasil.com.br\/#\/schema\/logo\/image\/"},"sameAs":["https:\/\/www.facebook.com\/uvb.vereadoresbrasil","https:\/\/www.instagram.com\/uvbbrasil\/","https:\/\/www.youtube.com\/channel\/UCIlPQ8Xzw5GHNzosQIg9S5A"]},{"@type":"Person","@id":"https:\/\/uvbbrasil.com.br\/#\/schema\/person\/17990098446c098f52effddff4f1b272","name":"adminuvb","image":{"@type":"ImageObject","inLanguage":"pt-BR","@id":"https:\/\/uvbbrasil.com.br\/#\/schema\/person\/image\/","url":"https:\/\/secure.gravatar.com\/avatar\/1a494ea6f8e2dd1ae526e55b0e9497efdba542491e0620d704cccf63c6f77c45?s=96&d=mm&r=g","contentUrl":"https:\/\/secure.gravatar.com\/avatar\/1a494ea6f8e2dd1ae526e55b0e9497efdba542491e0620d704cccf63c6f77c45?s=96&d=mm&r=g","caption":"adminuvb"},"sameAs":["https:\/\/uvbbrasil.com.br"],"url":"https:\/\/uvbbrasil.com.br\/author\/adminuvb\/"}]}},"_links":{"self":[{"href":"https:\/\/uvbbrasil.com.br\/uvb-json\/wp\/v2\/posts\/25437","targetHints":{"allow":["GET"]}}],"collection":[{"href":"https:\/\/uvbbrasil.com.br\/uvb-json\/wp\/v2\/posts"}],"about":[{"href":"https:\/\/uvbbrasil.com.br\/uvb-json\/wp\/v2\/types\/post"}],"author":[{"embeddable":true,"href":"https:\/\/uvbbrasil.com.br\/uvb-json\/wp\/v2\/users\/1"}],"replies":[{"embeddable":true,"href":"https:\/\/uvbbrasil.com.br\/uvb-json\/wp\/v2\/comments?post=25437"}],"version-history":[{"count":0,"href":"https:\/\/uvbbrasil.com.br\/uvb-json\/wp\/v2\/posts\/25437\/revisions"}],"wp:featuredmedia":[{"embeddable":true,"href":"https:\/\/uvbbrasil.com.br\/uvb-json\/wp\/v2\/media\/25439"}],"wp:attachment":[{"href":"https:\/\/uvbbrasil.com.br\/uvb-json\/wp\/v2\/media?parent=25437"}],"wp:term":[{"taxonomy":"category","embeddable":true,"href":"https:\/\/uvbbrasil.com.br\/uvb-json\/wp\/v2\/categories?post=25437"},{"taxonomy":"post_tag","embeddable":true,"href":"https:\/\/uvbbrasil.com.br\/uvb-json\/wp\/v2\/tags?post=25437"}],"curies":[{"name":"wp","href":"https:\/\/api.w.org\/{rel}","templated":true}]}}