{"id":25425,"date":"2022-03-25T11:40:32","date_gmt":"2022-03-25T14:40:32","guid":{"rendered":"https:\/\/wpsandbox4.pante.com.br\/?p=25425"},"modified":"2022-03-25T11:40:32","modified_gmt":"2022-03-25T14:40:32","slug":"inteligencia-artificial-nas-contas-publicas-com-o-conselheiro-do-tce-cesar-miola","status":"publish","type":"post","link":"https:\/\/uvbbrasil.com.br\/inteligencia-artificial-nas-contas-publicas-com-o-conselheiro-do-tce-cesar-miola\/","title":{"rendered":"Intelig\u00eancia Artificial nas Contas P\u00fablicas com o Conselheiro do TCE, Cesar Miola"},"content":{"rendered":"<p>O Conselheiro do Tribunal de Contas do RS e atual Presidente da ATRICON, Cesar Miola, fala\u00a0 aos vereadores e vereadoras sobre a Intelig\u00eancia Artificial nas Contas P\u00fablicas e as das fun\u00e7\u00f5es dos vereadores, na sua participa\u00e7\u00e3o no Congresso Brasileiro de Legislativos Municipais em Porto Alegre\/RS.<\/p>\n<p>Em relatos explicou que na \u00e1rea do controle externo se utiliza ningu\u00e9m controla o que n\u00e3o conhece, para que o vereador , deputado , senador para que o controle social possa agir precisa ter informa\u00e7\u00f5es \u00a0consistentes com evidencias que permitam\u00a0 acompanhar, monitorar cobrar e eventualmente denunciar isso exigi pro atividade, ou seja, uma via de m\u00e3o dupla, por isso a import\u00e2ncia \u00a0da transpar\u00eancia ativa como e definida nos portais dos Tribunais de Contas.<\/p>\n<p>O fundo de participa\u00e7\u00e3o dos munic\u00edpios \u00a0que \u00e9 um mecanismo de distribui\u00e7\u00e3o da arrecada\u00e7\u00e3o p\u00fablica \u00a0para diminuir desigualdade, 11 milh\u00f5es \u00a0da popula\u00e7\u00e3o brasileira s\u00e3o analfabetos na pratica\u00a0 do ponto de vista do seu exerc\u00edcio \u00a0do seus direitos e cidadania\u00a0 totalmente exercitada, o analfabeto quando vai ler um texto e n\u00e3o consegue saber e diferenciar o que ali esta inscrito, 11 milh\u00f5es de pessoas est\u00e3o nesta condi\u00e7\u00f5es no Brasil\u00a0 e como chegamos assim? A constitui\u00e7\u00e3o Brasileira de 1934 que foi a primeira constitui\u00e7\u00e3o \u00a0do Brasil a vincular recursos \u00a0da manuten\u00e7\u00e3o e desenvolvimento\u00a0 de ensino, sempre tivemos v\u00ednculos com institui\u00e7\u00f5es educacionais, o que foi feito com estes recursos, temos que assumir que todos nos\u00a0 administradores p\u00fablicos , legisladores, \u00a0\u00f3rg\u00e3o de controle , temos responsabilidade neste processo, chegamos aqui porque falhamos\u00a0 e o pior e que estamos na perspectiva de consolidar um numero\u00a0 extraordinariamente grande \u00a0de novos analfabetos\u00a0 funcionais\u00a0 por conta do processo como um todo que j\u00e1 vinha mais em raz\u00e3o da pandemia. Durante a pandemia\u00a0 o estudo do UNISEF mostrou que 5 milh\u00f5es de crian\u00e7as e adolescentes da educa\u00e7\u00e3o b\u00e1sica \u00a0para escolas de ensino m\u00e9dio, n\u00e3o tiveram acesso\u00a0 a nada de conte\u00fados, e diante disto muitos adolescente n\u00e3o voltam a escola, formato remoto hibrido\u00a0 e tamb\u00e9m n\u00e3o est\u00e3o no presencial.<\/p>\n<p>Registro o apelo a todos os vereadores do Brasil que o poder legislativo municipal\u00a0 se mobilize apoiando\u00a0 a busca ativa \u00a0\u00a0de crian\u00e7as e adolescentes\u00a0 e principalmente ir ao encontro destas fam\u00edlias e tentar trazer de volta ao conv\u00edvio das escolas essas crian\u00e7as e adolescentes que \u00a0abandonaram este vinculo por que n\u00e3o tiveram acesso devido, por falta de acompanhamento, acolhimento no eventual retorno, por que as fam\u00edlias n\u00e3o receberam a alimenta\u00e7\u00e3o escolar que este adolescente ia em busca quando frequentava \u00a0a escola, pela falta do transporte prec\u00e1rio e muitas vezes as pr\u00f3prias escolas n\u00e3o tinham condi\u00e7\u00f5es de cumpri os protocolos sanit\u00e1rios, n\u00e3o generalizando, pois sou admirador dos gestores da educa\u00e7\u00e3o, sobre tudo dos secretario municipais , diretores e diretoras de escolas, professores e professoras, quem acompanha a minha trajet\u00f3ria sabe do profundo respeito e devo\u00e7\u00e3o\u00a0 aos profissionais da educa\u00e7\u00e3o, mais do ponto de vista macro da gest\u00e3o \u00a0da prioridade\u00a0 essa pol\u00edtica n\u00e3o foi efetivamente priorizada, finaliza o Conselheiro do Tribunal de Contas do Estado do Rio Grande do SUL, C\u00e9sar Miola.<\/p>\n<p>O encontro promovido pela Uni\u00e3o dos Vereadores do Brasil\/UVB e Uni\u00e3o dos Vereadores do Estado do Rio Grande do Sul\/UVERGS, reuniu parlamentares de varias regi\u00f5es.<\/p>\n<p>&nbsp;<\/p>\n<p><img decoding=\"async\" class=\"alignnone size-medium wp-image-25428\" src=\"https:\/\/uvbbrasil.com.br\/wp-content\/uploads\/2022\/03\/WhatsApp-Image-2022-03-25-at-11.35.08-1-300x135.jpeg\" alt=\"\" width=\"300\" height=\"135\" srcset=\"https:\/\/uvbbrasil.com.br\/wp-content\/uploads\/2022\/03\/WhatsApp-Image-2022-03-25-at-11.35.08-1-300x135.jpeg 300w, https:\/\/uvbbrasil.com.br\/wp-content\/uploads\/2022\/03\/WhatsApp-Image-2022-03-25-at-11.35.08-1-1024x461.jpeg 1024w, https:\/\/uvbbrasil.com.br\/wp-content\/uploads\/2022\/03\/WhatsApp-Image-2022-03-25-at-11.35.08-1-768x346.jpeg 768w, https:\/\/uvbbrasil.com.br\/wp-content\/uploads\/2022\/03\/WhatsApp-Image-2022-03-25-at-11.35.08-1-1536x692.jpeg 1536w, https:\/\/uvbbrasil.com.br\/wp-content\/uploads\/2022\/03\/WhatsApp-Image-2022-03-25-at-11.35.08-1.jpeg 1600w\" sizes=\"(max-width: 300px) 100vw, 300px\" \/><img decoding=\"async\" class=\"alignnone size-medium wp-image-25429\" src=\"https:\/\/uvbbrasil.com.br\/wp-content\/uploads\/2022\/03\/WhatsApp-Image-2022-03-25-at-11.35.08-2-300x135.jpeg\" alt=\"\" width=\"300\" height=\"135\" srcset=\"https:\/\/uvbbrasil.com.br\/wp-content\/uploads\/2022\/03\/WhatsApp-Image-2022-03-25-at-11.35.08-2-300x135.jpeg 300w, https:\/\/uvbbrasil.com.br\/wp-content\/uploads\/2022\/03\/WhatsApp-Image-2022-03-25-at-11.35.08-2-1024x461.jpeg 1024w, https:\/\/uvbbrasil.com.br\/wp-content\/uploads\/2022\/03\/WhatsApp-Image-2022-03-25-at-11.35.08-2-768x346.jpeg 768w, https:\/\/uvbbrasil.com.br\/wp-content\/uploads\/2022\/03\/WhatsApp-Image-2022-03-25-at-11.35.08-2-1536x692.jpeg 1536w, https:\/\/uvbbrasil.com.br\/wp-content\/uploads\/2022\/03\/WhatsApp-Image-2022-03-25-at-11.35.08-2.jpeg 1600w\" sizes=\"(max-width: 300px) 100vw, 300px\" \/><img decoding=\"async\" class=\"alignnone size-medium wp-image-25427\" src=\"https:\/\/uvbbrasil.com.br\/wp-content\/uploads\/2022\/03\/WhatsApp-Image-2022-03-25-at-11.35.08-300x135.jpeg\" alt=\"\" width=\"300\" height=\"135\" srcset=\"https:\/\/uvbbrasil.com.br\/wp-content\/uploads\/2022\/03\/WhatsApp-Image-2022-03-25-at-11.35.08-300x135.jpeg 300w, https:\/\/uvbbrasil.com.br\/wp-content\/uploads\/2022\/03\/WhatsApp-Image-2022-03-25-at-11.35.08-1024x461.jpeg 1024w, https:\/\/uvbbrasil.com.br\/wp-content\/uploads\/2022\/03\/WhatsApp-Image-2022-03-25-at-11.35.08-768x346.jpeg 768w, https:\/\/uvbbrasil.com.br\/wp-content\/uploads\/2022\/03\/WhatsApp-Image-2022-03-25-at-11.35.08-1536x692.jpeg 1536w, https:\/\/uvbbrasil.com.br\/wp-content\/uploads\/2022\/03\/WhatsApp-Image-2022-03-25-at-11.35.08.jpeg 1600w\" sizes=\"(max-width: 300px) 100vw, 300px\" \/><img loading=\"lazy\" decoding=\"async\" class=\"alignnone size-medium wp-image-25426\" src=\"https:\/\/uvbbrasil.com.br\/wp-content\/uploads\/2022\/03\/WhatsApp-Image-2022-03-25-at-11.35.58-300x203.jpeg\" alt=\"\" width=\"300\" height=\"203\" srcset=\"https:\/\/uvbbrasil.com.br\/wp-content\/uploads\/2022\/03\/WhatsApp-Image-2022-03-25-at-11.35.58-300x203.jpeg 300w, https:\/\/uvbbrasil.com.br\/wp-content\/uploads\/2022\/03\/WhatsApp-Image-2022-03-25-at-11.35.58-1024x693.jpeg 1024w, https:\/\/uvbbrasil.com.br\/wp-content\/uploads\/2022\/03\/WhatsApp-Image-2022-03-25-at-11.35.58-768x520.jpeg 768w, https:\/\/uvbbrasil.com.br\/wp-content\/uploads\/2022\/03\/WhatsApp-Image-2022-03-25-at-11.35.58.jpeg 1280w\" sizes=\"(max-width: 300px) 100vw, 300px\" \/><\/p>\n","protected":false},"excerpt":{"rendered":"<p>O Conselheiro do Tribunal de Contas do RS e atual Presidente da ATRICON, Cesar Miola, fala\u00a0 aos vereadores e vereadoras&#8230;<\/p>\n","protected":false},"author":1,"featured_media":25426,"comment_status":"open","ping_status":"open","sticky":false,"template":"","format":"standard","meta":{"footnotes":""},"categories":[3,4],"tags":[],"class_list":["post-25425","post","type-post","status-publish","format-standard","has-post-thumbnail","hentry","category-noticias","category-home"],"yoast_head":"<!-- This site is optimized with the Yoast SEO plugin v26.7 - https:\/\/yoast.com\/wordpress\/plugins\/seo\/ -->\n<title>Intelig\u00eancia Artificial nas Contas P\u00fablicas com o Conselheiro do TCE, Cesar Miola - UVB Brasil<\/title>\n<meta name=\"robots\" content=\"index, follow, max-snippet:-1, max-image-preview:large, max-video-preview:-1\" \/>\n<link rel=\"canonical\" href=\"https:\/\/uvbbrasil.com.br\/inteligencia-artificial-nas-contas-publicas-com-o-conselheiro-do-tce-cesar-miola\/\" \/>\n<meta property=\"og:locale\" content=\"pt_BR\" \/>\n<meta property=\"og:type\" content=\"article\" \/>\n<meta property=\"og:title\" content=\"Intelig\u00eancia Artificial nas Contas P\u00fablicas com o Conselheiro do TCE, Cesar Miola - UVB Brasil\" \/>\n<meta property=\"og:description\" content=\"O Conselheiro do Tribunal de Contas do RS e atual Presidente da ATRICON, Cesar Miola, fala\u00a0 aos vereadores e vereadoras...\" \/>\n<meta property=\"og:url\" content=\"https:\/\/uvbbrasil.com.br\/inteligencia-artificial-nas-contas-publicas-com-o-conselheiro-do-tce-cesar-miola\/\" \/>\n<meta property=\"og:site_name\" content=\"UVB Brasil\" \/>\n<meta property=\"article:publisher\" content=\"https:\/\/www.facebook.com\/uvb.vereadoresbrasil\" \/>\n<meta property=\"article:published_time\" content=\"2022-03-25T14:40:32+00:00\" \/>\n<meta property=\"og:image\" content=\"https:\/\/uvbbrasil.com.br\/wp-content\/uploads\/2022\/03\/WhatsApp-Image-2022-03-25-at-11.35.58.jpeg\" \/>\n\t<meta property=\"og:image:width\" content=\"1280\" \/>\n\t<meta property=\"og:image:height\" content=\"866\" \/>\n\t<meta property=\"og:image:type\" content=\"image\/jpeg\" \/>\n<meta name=\"author\" content=\"adminuvb\" \/>\n<meta name=\"twitter:card\" content=\"summary_large_image\" \/>\n<meta name=\"twitter:label1\" content=\"Escrito por\" \/>\n\t<meta name=\"twitter:data1\" content=\"adminuvb\" \/>\n\t<meta name=\"twitter:label2\" content=\"Est. tempo de leitura\" \/>\n\t<meta name=\"twitter:data2\" content=\"4 minutos\" \/>\n<script type=\"application\/ld+json\" class=\"yoast-schema-graph\">{\"@context\":\"https:\/\/schema.org\",\"@graph\":[{\"@type\":\"Article\",\"@id\":\"https:\/\/uvbbrasil.com.br\/inteligencia-artificial-nas-contas-publicas-com-o-conselheiro-do-tce-cesar-miola\/#article\",\"isPartOf\":{\"@id\":\"https:\/\/uvbbrasil.com.br\/inteligencia-artificial-nas-contas-publicas-com-o-conselheiro-do-tce-cesar-miola\/\"},\"author\":{\"name\":\"adminuvb\",\"@id\":\"https:\/\/uvbbrasil.com.br\/#\/schema\/person\/17990098446c098f52effddff4f1b272\"},\"headline\":\"Intelig\u00eancia Artificial nas Contas P\u00fablicas com o Conselheiro do TCE, Cesar Miola\",\"datePublished\":\"2022-03-25T14:40:32+00:00\",\"mainEntityOfPage\":{\"@id\":\"https:\/\/uvbbrasil.com.br\/inteligencia-artificial-nas-contas-publicas-com-o-conselheiro-do-tce-cesar-miola\/\"},\"wordCount\":597,\"commentCount\":0,\"publisher\":{\"@id\":\"https:\/\/uvbbrasil.com.br\/#organization\"},\"image\":{\"@id\":\"https:\/\/uvbbrasil.com.br\/inteligencia-artificial-nas-contas-publicas-com-o-conselheiro-do-tce-cesar-miola\/#primaryimage\"},\"thumbnailUrl\":\"https:\/\/uvbbrasil.com.br\/wp-content\/uploads\/2022\/03\/WhatsApp-Image-2022-03-25-at-11.35.58.jpeg\",\"articleSection\":[\"NOT\u00cdCIAS\",\"UVB\"],\"inLanguage\":\"pt-BR\",\"potentialAction\":[{\"@type\":\"CommentAction\",\"name\":\"Comment\",\"target\":[\"https:\/\/uvbbrasil.com.br\/inteligencia-artificial-nas-contas-publicas-com-o-conselheiro-do-tce-cesar-miola\/#respond\"]}]},{\"@type\":\"WebPage\",\"@id\":\"https:\/\/uvbbrasil.com.br\/inteligencia-artificial-nas-contas-publicas-com-o-conselheiro-do-tce-cesar-miola\/\",\"url\":\"https:\/\/uvbbrasil.com.br\/inteligencia-artificial-nas-contas-publicas-com-o-conselheiro-do-tce-cesar-miola\/\",\"name\":\"Intelig\u00eancia Artificial nas Contas P\u00fablicas com o Conselheiro do TCE, Cesar Miola - UVB Brasil\",\"isPartOf\":{\"@id\":\"https:\/\/uvbbrasil.com.br\/#website\"},\"primaryImageOfPage\":{\"@id\":\"https:\/\/uvbbrasil.com.br\/inteligencia-artificial-nas-contas-publicas-com-o-conselheiro-do-tce-cesar-miola\/#primaryimage\"},\"image\":{\"@id\":\"https:\/\/uvbbrasil.com.br\/inteligencia-artificial-nas-contas-publicas-com-o-conselheiro-do-tce-cesar-miola\/#primaryimage\"},\"thumbnailUrl\":\"https:\/\/uvbbrasil.com.br\/wp-content\/uploads\/2022\/03\/WhatsApp-Image-2022-03-25-at-11.35.58.jpeg\",\"datePublished\":\"2022-03-25T14:40:32+00:00\",\"breadcrumb\":{\"@id\":\"https:\/\/uvbbrasil.com.br\/inteligencia-artificial-nas-contas-publicas-com-o-conselheiro-do-tce-cesar-miola\/#breadcrumb\"},\"inLanguage\":\"pt-BR\",\"potentialAction\":[{\"@type\":\"ReadAction\",\"target\":[\"https:\/\/uvbbrasil.com.br\/inteligencia-artificial-nas-contas-publicas-com-o-conselheiro-do-tce-cesar-miola\/\"]}]},{\"@type\":\"ImageObject\",\"inLanguage\":\"pt-BR\",\"@id\":\"https:\/\/uvbbrasil.com.br\/inteligencia-artificial-nas-contas-publicas-com-o-conselheiro-do-tce-cesar-miola\/#primaryimage\",\"url\":\"https:\/\/uvbbrasil.com.br\/wp-content\/uploads\/2022\/03\/WhatsApp-Image-2022-03-25-at-11.35.58.jpeg\",\"contentUrl\":\"https:\/\/uvbbrasil.com.br\/wp-content\/uploads\/2022\/03\/WhatsApp-Image-2022-03-25-at-11.35.58.jpeg\",\"width\":1280,\"height\":866},{\"@type\":\"BreadcrumbList\",\"@id\":\"https:\/\/uvbbrasil.com.br\/inteligencia-artificial-nas-contas-publicas-com-o-conselheiro-do-tce-cesar-miola\/#breadcrumb\",\"itemListElement\":[{\"@type\":\"ListItem\",\"position\":1,\"name\":\"In\u00edcio\",\"item\":\"https:\/\/uvbbrasil.com.br\/\"},{\"@type\":\"ListItem\",\"position\":2,\"name\":\"Intelig\u00eancia Artificial nas Contas P\u00fablicas com o Conselheiro do TCE, Cesar Miola\"}]},{\"@type\":\"WebSite\",\"@id\":\"https:\/\/uvbbrasil.com.br\/#website\",\"url\":\"https:\/\/uvbbrasil.com.br\/\",\"name\":\"UVB Brasil\",\"description\":\"Uni\u00e3o dos Vereadores do Brasil\",\"publisher\":{\"@id\":\"https:\/\/uvbbrasil.com.br\/#organization\"},\"potentialAction\":[{\"@type\":\"SearchAction\",\"target\":{\"@type\":\"EntryPoint\",\"urlTemplate\":\"https:\/\/uvbbrasil.com.br\/?s={search_term_string}\"},\"query-input\":{\"@type\":\"PropertyValueSpecification\",\"valueRequired\":true,\"valueName\":\"search_term_string\"}}],\"inLanguage\":\"pt-BR\"},{\"@type\":\"Organization\",\"@id\":\"https:\/\/uvbbrasil.com.br\/#organization\",\"name\":\"UVB Brasil\",\"url\":\"https:\/\/uvbbrasil.com.br\/\",\"logo\":{\"@type\":\"ImageObject\",\"inLanguage\":\"pt-BR\",\"@id\":\"https:\/\/uvbbrasil.com.br\/#\/schema\/logo\/image\/\",\"url\":\"https:\/\/uvbbrasil.com.br\/wp-content\/uploads\/2025\/01\/LOGO-UVB-2024-azul-1.jpg\",\"contentUrl\":\"https:\/\/uvbbrasil.com.br\/wp-content\/uploads\/2025\/01\/LOGO-UVB-2024-azul-1.jpg\",\"width\":600,\"height\":211,\"caption\":\"UVB Brasil\"},\"image\":{\"@id\":\"https:\/\/uvbbrasil.com.br\/#\/schema\/logo\/image\/\"},\"sameAs\":[\"https:\/\/www.facebook.com\/uvb.vereadoresbrasil\",\"https:\/\/www.instagram.com\/uvbbrasil\/\",\"https:\/\/www.youtube.com\/channel\/UCIlPQ8Xzw5GHNzosQIg9S5A\"]},{\"@type\":\"Person\",\"@id\":\"https:\/\/uvbbrasil.com.br\/#\/schema\/person\/17990098446c098f52effddff4f1b272\",\"name\":\"adminuvb\",\"image\":{\"@type\":\"ImageObject\",\"inLanguage\":\"pt-BR\",\"@id\":\"https:\/\/uvbbrasil.com.br\/#\/schema\/person\/image\/\",\"url\":\"https:\/\/secure.gravatar.com\/avatar\/1a494ea6f8e2dd1ae526e55b0e9497efdba542491e0620d704cccf63c6f77c45?s=96&d=mm&r=g\",\"contentUrl\":\"https:\/\/secure.gravatar.com\/avatar\/1a494ea6f8e2dd1ae526e55b0e9497efdba542491e0620d704cccf63c6f77c45?s=96&d=mm&r=g\",\"caption\":\"adminuvb\"},\"sameAs\":[\"https:\/\/uvbbrasil.com.br\"],\"url\":\"https:\/\/uvbbrasil.com.br\/author\/adminuvb\/\"}]}<\/script>\n<!-- \/ Yoast SEO plugin. -->","yoast_head_json":{"title":"Intelig\u00eancia Artificial nas Contas P\u00fablicas com o Conselheiro do TCE, Cesar Miola - UVB Brasil","robots":{"index":"index","follow":"follow","max-snippet":"max-snippet:-1","max-image-preview":"max-image-preview:large","max-video-preview":"max-video-preview:-1"},"canonical":"https:\/\/uvbbrasil.com.br\/inteligencia-artificial-nas-contas-publicas-com-o-conselheiro-do-tce-cesar-miola\/","og_locale":"pt_BR","og_type":"article","og_title":"Intelig\u00eancia Artificial nas Contas P\u00fablicas com o Conselheiro do TCE, Cesar Miola - UVB Brasil","og_description":"O Conselheiro do Tribunal de Contas do RS e atual Presidente da ATRICON, Cesar Miola, fala\u00a0 aos vereadores e vereadoras...","og_url":"https:\/\/uvbbrasil.com.br\/inteligencia-artificial-nas-contas-publicas-com-o-conselheiro-do-tce-cesar-miola\/","og_site_name":"UVB Brasil","article_publisher":"https:\/\/www.facebook.com\/uvb.vereadoresbrasil","article_published_time":"2022-03-25T14:40:32+00:00","og_image":[{"width":1280,"height":866,"url":"https:\/\/uvbbrasil.com.br\/wp-content\/uploads\/2022\/03\/WhatsApp-Image-2022-03-25-at-11.35.58.jpeg","type":"image\/jpeg"}],"author":"adminuvb","twitter_card":"summary_large_image","twitter_misc":{"Escrito por":"adminuvb","Est. tempo de leitura":"4 minutos"},"schema":{"@context":"https:\/\/schema.org","@graph":[{"@type":"Article","@id":"https:\/\/uvbbrasil.com.br\/inteligencia-artificial-nas-contas-publicas-com-o-conselheiro-do-tce-cesar-miola\/#article","isPartOf":{"@id":"https:\/\/uvbbrasil.com.br\/inteligencia-artificial-nas-contas-publicas-com-o-conselheiro-do-tce-cesar-miola\/"},"author":{"name":"adminuvb","@id":"https:\/\/uvbbrasil.com.br\/#\/schema\/person\/17990098446c098f52effddff4f1b272"},"headline":"Intelig\u00eancia Artificial nas Contas P\u00fablicas com o Conselheiro do TCE, Cesar Miola","datePublished":"2022-03-25T14:40:32+00:00","mainEntityOfPage":{"@id":"https:\/\/uvbbrasil.com.br\/inteligencia-artificial-nas-contas-publicas-com-o-conselheiro-do-tce-cesar-miola\/"},"wordCount":597,"commentCount":0,"publisher":{"@id":"https:\/\/uvbbrasil.com.br\/#organization"},"image":{"@id":"https:\/\/uvbbrasil.com.br\/inteligencia-artificial-nas-contas-publicas-com-o-conselheiro-do-tce-cesar-miola\/#primaryimage"},"thumbnailUrl":"https:\/\/uvbbrasil.com.br\/wp-content\/uploads\/2022\/03\/WhatsApp-Image-2022-03-25-at-11.35.58.jpeg","articleSection":["NOT\u00cdCIAS","UVB"],"inLanguage":"pt-BR","potentialAction":[{"@type":"CommentAction","name":"Comment","target":["https:\/\/uvbbrasil.com.br\/inteligencia-artificial-nas-contas-publicas-com-o-conselheiro-do-tce-cesar-miola\/#respond"]}]},{"@type":"WebPage","@id":"https:\/\/uvbbrasil.com.br\/inteligencia-artificial-nas-contas-publicas-com-o-conselheiro-do-tce-cesar-miola\/","url":"https:\/\/uvbbrasil.com.br\/inteligencia-artificial-nas-contas-publicas-com-o-conselheiro-do-tce-cesar-miola\/","name":"Intelig\u00eancia Artificial nas Contas P\u00fablicas com o Conselheiro do TCE, Cesar Miola - UVB Brasil","isPartOf":{"@id":"https:\/\/uvbbrasil.com.br\/#website"},"primaryImageOfPage":{"@id":"https:\/\/uvbbrasil.com.br\/inteligencia-artificial-nas-contas-publicas-com-o-conselheiro-do-tce-cesar-miola\/#primaryimage"},"image":{"@id":"https:\/\/uvbbrasil.com.br\/inteligencia-artificial-nas-contas-publicas-com-o-conselheiro-do-tce-cesar-miola\/#primaryimage"},"thumbnailUrl":"https:\/\/uvbbrasil.com.br\/wp-content\/uploads\/2022\/03\/WhatsApp-Image-2022-03-25-at-11.35.58.jpeg","datePublished":"2022-03-25T14:40:32+00:00","breadcrumb":{"@id":"https:\/\/uvbbrasil.com.br\/inteligencia-artificial-nas-contas-publicas-com-o-conselheiro-do-tce-cesar-miola\/#breadcrumb"},"inLanguage":"pt-BR","potentialAction":[{"@type":"ReadAction","target":["https:\/\/uvbbrasil.com.br\/inteligencia-artificial-nas-contas-publicas-com-o-conselheiro-do-tce-cesar-miola\/"]}]},{"@type":"ImageObject","inLanguage":"pt-BR","@id":"https:\/\/uvbbrasil.com.br\/inteligencia-artificial-nas-contas-publicas-com-o-conselheiro-do-tce-cesar-miola\/#primaryimage","url":"https:\/\/uvbbrasil.com.br\/wp-content\/uploads\/2022\/03\/WhatsApp-Image-2022-03-25-at-11.35.58.jpeg","contentUrl":"https:\/\/uvbbrasil.com.br\/wp-content\/uploads\/2022\/03\/WhatsApp-Image-2022-03-25-at-11.35.58.jpeg","width":1280,"height":866},{"@type":"BreadcrumbList","@id":"https:\/\/uvbbrasil.com.br\/inteligencia-artificial-nas-contas-publicas-com-o-conselheiro-do-tce-cesar-miola\/#breadcrumb","itemListElement":[{"@type":"ListItem","position":1,"name":"In\u00edcio","item":"https:\/\/uvbbrasil.com.br\/"},{"@type":"ListItem","position":2,"name":"Intelig\u00eancia Artificial nas Contas P\u00fablicas com o Conselheiro do TCE, Cesar Miola"}]},{"@type":"WebSite","@id":"https:\/\/uvbbrasil.com.br\/#website","url":"https:\/\/uvbbrasil.com.br\/","name":"UVB Brasil","description":"Uni\u00e3o dos Vereadores do Brasil","publisher":{"@id":"https:\/\/uvbbrasil.com.br\/#organization"},"potentialAction":[{"@type":"SearchAction","target":{"@type":"EntryPoint","urlTemplate":"https:\/\/uvbbrasil.com.br\/?s={search_term_string}"},"query-input":{"@type":"PropertyValueSpecification","valueRequired":true,"valueName":"search_term_string"}}],"inLanguage":"pt-BR"},{"@type":"Organization","@id":"https:\/\/uvbbrasil.com.br\/#organization","name":"UVB Brasil","url":"https:\/\/uvbbrasil.com.br\/","logo":{"@type":"ImageObject","inLanguage":"pt-BR","@id":"https:\/\/uvbbrasil.com.br\/#\/schema\/logo\/image\/","url":"https:\/\/uvbbrasil.com.br\/wp-content\/uploads\/2025\/01\/LOGO-UVB-2024-azul-1.jpg","contentUrl":"https:\/\/uvbbrasil.com.br\/wp-content\/uploads\/2025\/01\/LOGO-UVB-2024-azul-1.jpg","width":600,"height":211,"caption":"UVB Brasil"},"image":{"@id":"https:\/\/uvbbrasil.com.br\/#\/schema\/logo\/image\/"},"sameAs":["https:\/\/www.facebook.com\/uvb.vereadoresbrasil","https:\/\/www.instagram.com\/uvbbrasil\/","https:\/\/www.youtube.com\/channel\/UCIlPQ8Xzw5GHNzosQIg9S5A"]},{"@type":"Person","@id":"https:\/\/uvbbrasil.com.br\/#\/schema\/person\/17990098446c098f52effddff4f1b272","name":"adminuvb","image":{"@type":"ImageObject","inLanguage":"pt-BR","@id":"https:\/\/uvbbrasil.com.br\/#\/schema\/person\/image\/","url":"https:\/\/secure.gravatar.com\/avatar\/1a494ea6f8e2dd1ae526e55b0e9497efdba542491e0620d704cccf63c6f77c45?s=96&d=mm&r=g","contentUrl":"https:\/\/secure.gravatar.com\/avatar\/1a494ea6f8e2dd1ae526e55b0e9497efdba542491e0620d704cccf63c6f77c45?s=96&d=mm&r=g","caption":"adminuvb"},"sameAs":["https:\/\/uvbbrasil.com.br"],"url":"https:\/\/uvbbrasil.com.br\/author\/adminuvb\/"}]}},"_links":{"self":[{"href":"https:\/\/uvbbrasil.com.br\/uvb-json\/wp\/v2\/posts\/25425","targetHints":{"allow":["GET"]}}],"collection":[{"href":"https:\/\/uvbbrasil.com.br\/uvb-json\/wp\/v2\/posts"}],"about":[{"href":"https:\/\/uvbbrasil.com.br\/uvb-json\/wp\/v2\/types\/post"}],"author":[{"embeddable":true,"href":"https:\/\/uvbbrasil.com.br\/uvb-json\/wp\/v2\/users\/1"}],"replies":[{"embeddable":true,"href":"https:\/\/uvbbrasil.com.br\/uvb-json\/wp\/v2\/comments?post=25425"}],"version-history":[{"count":0,"href":"https:\/\/uvbbrasil.com.br\/uvb-json\/wp\/v2\/posts\/25425\/revisions"}],"wp:featuredmedia":[{"embeddable":true,"href":"https:\/\/uvbbrasil.com.br\/uvb-json\/wp\/v2\/media\/25426"}],"wp:attachment":[{"href":"https:\/\/uvbbrasil.com.br\/uvb-json\/wp\/v2\/media?parent=25425"}],"wp:term":[{"taxonomy":"category","embeddable":true,"href":"https:\/\/uvbbrasil.com.br\/uvb-json\/wp\/v2\/categories?post=25425"},{"taxonomy":"post_tag","embeddable":true,"href":"https:\/\/uvbbrasil.com.br\/uvb-json\/wp\/v2\/tags?post=25425"}],"curies":[{"name":"wp","href":"https:\/\/api.w.org\/{rel}","templated":true}]}}