{"id":25419,"date":"2022-03-24T16:33:41","date_gmt":"2022-03-24T19:33:41","guid":{"rendered":"https:\/\/wpsandbox4.pante.com.br\/?p=25419"},"modified":"2022-03-24T16:33:41","modified_gmt":"2022-03-24T19:33:41","slug":"o-preco-de-um-pedagio-dividindo-uma-cidade","status":"publish","type":"post","link":"https:\/\/uvbbrasil.com.br\/o-preco-de-um-pedagio-dividindo-uma-cidade\/","title":{"rendered":"\u00a0O pre\u00e7o de um ped\u00e1gio dividindo uma cidade"},"content":{"rendered":"<p>O vereador de Encantado\/RS, Joel Bottoni e convidados \u00a0em participa\u00e7\u00e3o no Congresso Brasileiro de Legislativos Municipais\u00a0 realizado em Porto Alegre, debateram como os vereadores e vereadoras presentes sobre \u00a0a import\u00e2ncia \u00a0para que as pessoas estejam \u00a0atentas que participem\u00a0 das quest\u00f5es relacionadas aos ped\u00e1gios.<\/p>\n<p>O que a comunidade vivenciam\u00a0 a 24 anos\u00a0 a coloca\u00e7\u00e3o de postos e pra\u00e7as de ped\u00e1gios \u00a0dividindo os munic\u00edpios, a reivindica\u00e7\u00e3o\u00a0 \u00e9 para que n\u00e3o permane\u00e7a nesta mesma situa\u00e7\u00e3o e que podendo assim a pra\u00e7a ficar localizada\u00a0 nas divisas dos munic\u00edpios , ou seja, onde tenha o maior fluxo de ve\u00edculos \u00a0e que a menor tarifa poss\u00edvel seja aplicada e assim poder ter um poder de investimento \u00a0para todos os usu\u00e1rios que ali passam, relata o representante da comunidade de Encantado.<\/p>\n<p>O mediador citou como exemplos os munic\u00edpios de Encantado\/RS e Cruzeiro do Sul\/RS, a preocupa\u00e7\u00e3o que est\u00e3o vivenciando com este novo plano \u00a0de concess\u00f5es relacionado ao bloco 2 que o Governo do Estado planeja implantar, que assim ir\u00e1 dificultar um pouco mais pois se tiram as inser\u00e7\u00f5es dos moradores destas regi\u00f5es \u00a0e trafegam por estas vias ser\u00e3o afetados diretamente, o valor seria o dobro gerando assim um transtorno maior na comunidade.<\/p>\n<p>Estiveram participando do painel os representantes Marcio Signori, l\u00edder comunit\u00e1rio das comunidades de Palma, linha alegre, \u00a0linha Azevedo e linha cedro e T\u00e2nia Cristina Heiner, l\u00edder comunit\u00e1ria \u00a0das\u00a0 comunidade \u00a0de boa esperan\u00e7a, arroio grande , 25 de julho, linha concei\u00e7\u00e3o e linha nova.<\/p>\n<p><img fetchpriority=\"high\" decoding=\"async\" class=\"alignnone size-medium wp-image-25420\" src=\"https:\/\/uvbbrasil.com.br\/wp-content\/uploads\/2022\/03\/WhatsApp-Image-2022-03-24-at-16.28.44-300x223.jpeg\" alt=\"\" width=\"300\" height=\"223\" srcset=\"https:\/\/uvbbrasil.com.br\/wp-content\/uploads\/2022\/03\/WhatsApp-Image-2022-03-24-at-16.28.44-300x223.jpeg 300w, https:\/\/uvbbrasil.com.br\/wp-content\/uploads\/2022\/03\/WhatsApp-Image-2022-03-24-at-16.28.44-1024x761.jpeg 1024w, https:\/\/uvbbrasil.com.br\/wp-content\/uploads\/2022\/03\/WhatsApp-Image-2022-03-24-at-16.28.44-768x571.jpeg 768w, https:\/\/uvbbrasil.com.br\/wp-content\/uploads\/2022\/03\/WhatsApp-Image-2022-03-24-at-16.28.44-1536x1141.jpeg 1536w, https:\/\/uvbbrasil.com.br\/wp-content\/uploads\/2022\/03\/WhatsApp-Image-2022-03-24-at-16.28.44.jpeg 1600w\" sizes=\"(max-width: 300px) 100vw, 300px\" \/><img decoding=\"async\" class=\"alignnone size-medium wp-image-25421\" src=\"https:\/\/uvbbrasil.com.br\/wp-content\/uploads\/2022\/03\/WhatsApp-Image-2022-03-24-at-16.28.44-1-300x169.jpeg\" alt=\"\" width=\"300\" height=\"169\" srcset=\"https:\/\/uvbbrasil.com.br\/wp-content\/uploads\/2022\/03\/WhatsApp-Image-2022-03-24-at-16.28.44-1-300x169.jpeg 300w, https:\/\/uvbbrasil.com.br\/wp-content\/uploads\/2022\/03\/WhatsApp-Image-2022-03-24-at-16.28.44-1-1024x576.jpeg 1024w, https:\/\/uvbbrasil.com.br\/wp-content\/uploads\/2022\/03\/WhatsApp-Image-2022-03-24-at-16.28.44-1-768x432.jpeg 768w, https:\/\/uvbbrasil.com.br\/wp-content\/uploads\/2022\/03\/WhatsApp-Image-2022-03-24-at-16.28.44-1-1536x864.jpeg 1536w, https:\/\/uvbbrasil.com.br\/wp-content\/uploads\/2022\/03\/WhatsApp-Image-2022-03-24-at-16.28.44-1.jpeg 1600w\" sizes=\"(max-width: 300px) 100vw, 300px\" \/><\/p>\n","protected":false},"excerpt":{"rendered":"<p>O vereador de Encantado\/RS, Joel Bottoni e convidados \u00a0em participa\u00e7\u00e3o no Congresso Brasileiro de Legislativos Municipais\u00a0 realizado em Porto Alegre,&#8230;<\/p>\n","protected":false},"author":1,"featured_media":25421,"comment_status":"open","ping_status":"open","sticky":false,"template":"","format":"standard","meta":{"footnotes":""},"categories":[3,4],"tags":[],"class_list":["post-25419","post","type-post","status-publish","format-standard","has-post-thumbnail","hentry","category-noticias","category-home"],"yoast_head":"<!-- This site is optimized with the Yoast SEO plugin v26.7 - https:\/\/yoast.com\/wordpress\/plugins\/seo\/ -->\n<title>\u00a0O pre\u00e7o de um ped\u00e1gio dividindo uma cidade - UVB Brasil<\/title>\n<meta name=\"robots\" content=\"index, follow, max-snippet:-1, max-image-preview:large, max-video-preview:-1\" \/>\n<link rel=\"canonical\" href=\"https:\/\/uvbbrasil.com.br\/o-preco-de-um-pedagio-dividindo-uma-cidade\/\" \/>\n<meta property=\"og:locale\" content=\"pt_BR\" \/>\n<meta property=\"og:type\" content=\"article\" \/>\n<meta property=\"og:title\" content=\"\u00a0O pre\u00e7o de um ped\u00e1gio dividindo uma cidade - UVB Brasil\" \/>\n<meta property=\"og:description\" content=\"O vereador de Encantado\/RS, Joel Bottoni e convidados \u00a0em participa\u00e7\u00e3o no Congresso Brasileiro de Legislativos Municipais\u00a0 realizado em Porto Alegre,...\" \/>\n<meta property=\"og:url\" content=\"https:\/\/uvbbrasil.com.br\/o-preco-de-um-pedagio-dividindo-uma-cidade\/\" \/>\n<meta property=\"og:site_name\" content=\"UVB Brasil\" \/>\n<meta property=\"article:publisher\" content=\"https:\/\/www.facebook.com\/uvb.vereadoresbrasil\" \/>\n<meta property=\"article:published_time\" content=\"2022-03-24T19:33:41+00:00\" \/>\n<meta property=\"og:image\" content=\"https:\/\/uvbbrasil.com.br\/wp-content\/uploads\/2022\/03\/WhatsApp-Image-2022-03-24-at-16.28.44-1.jpeg\" \/>\n\t<meta property=\"og:image:width\" content=\"1600\" \/>\n\t<meta property=\"og:image:height\" content=\"900\" \/>\n\t<meta property=\"og:image:type\" content=\"image\/jpeg\" \/>\n<meta name=\"author\" content=\"adminuvb\" \/>\n<meta name=\"twitter:card\" content=\"summary_large_image\" \/>\n<meta name=\"twitter:label1\" content=\"Escrito por\" \/>\n\t<meta name=\"twitter:data1\" content=\"adminuvb\" \/>\n\t<meta name=\"twitter:label2\" content=\"Est. tempo de leitura\" \/>\n\t<meta name=\"twitter:data2\" content=\"2 minutos\" \/>\n<script type=\"application\/ld+json\" class=\"yoast-schema-graph\">{\"@context\":\"https:\/\/schema.org\",\"@graph\":[{\"@type\":\"Article\",\"@id\":\"https:\/\/uvbbrasil.com.br\/o-preco-de-um-pedagio-dividindo-uma-cidade\/#article\",\"isPartOf\":{\"@id\":\"https:\/\/uvbbrasil.com.br\/o-preco-de-um-pedagio-dividindo-uma-cidade\/\"},\"author\":{\"name\":\"adminuvb\",\"@id\":\"https:\/\/uvbbrasil.com.br\/#\/schema\/person\/17990098446c098f52effddff4f1b272\"},\"headline\":\"\u00a0O pre\u00e7o de um ped\u00e1gio dividindo uma cidade\",\"datePublished\":\"2022-03-24T19:33:41+00:00\",\"mainEntityOfPage\":{\"@id\":\"https:\/\/uvbbrasil.com.br\/o-preco-de-um-pedagio-dividindo-uma-cidade\/\"},\"wordCount\":276,\"commentCount\":0,\"publisher\":{\"@id\":\"https:\/\/uvbbrasil.com.br\/#organization\"},\"image\":{\"@id\":\"https:\/\/uvbbrasil.com.br\/o-preco-de-um-pedagio-dividindo-uma-cidade\/#primaryimage\"},\"thumbnailUrl\":\"https:\/\/uvbbrasil.com.br\/wp-content\/uploads\/2022\/03\/WhatsApp-Image-2022-03-24-at-16.28.44-1.jpeg\",\"articleSection\":[\"NOT\u00cdCIAS\",\"UVB\"],\"inLanguage\":\"pt-BR\",\"potentialAction\":[{\"@type\":\"CommentAction\",\"name\":\"Comment\",\"target\":[\"https:\/\/uvbbrasil.com.br\/o-preco-de-um-pedagio-dividindo-uma-cidade\/#respond\"]}]},{\"@type\":\"WebPage\",\"@id\":\"https:\/\/uvbbrasil.com.br\/o-preco-de-um-pedagio-dividindo-uma-cidade\/\",\"url\":\"https:\/\/uvbbrasil.com.br\/o-preco-de-um-pedagio-dividindo-uma-cidade\/\",\"name\":\"\u00a0O pre\u00e7o de um ped\u00e1gio dividindo uma cidade - UVB Brasil\",\"isPartOf\":{\"@id\":\"https:\/\/uvbbrasil.com.br\/#website\"},\"primaryImageOfPage\":{\"@id\":\"https:\/\/uvbbrasil.com.br\/o-preco-de-um-pedagio-dividindo-uma-cidade\/#primaryimage\"},\"image\":{\"@id\":\"https:\/\/uvbbrasil.com.br\/o-preco-de-um-pedagio-dividindo-uma-cidade\/#primaryimage\"},\"thumbnailUrl\":\"https:\/\/uvbbrasil.com.br\/wp-content\/uploads\/2022\/03\/WhatsApp-Image-2022-03-24-at-16.28.44-1.jpeg\",\"datePublished\":\"2022-03-24T19:33:41+00:00\",\"breadcrumb\":{\"@id\":\"https:\/\/uvbbrasil.com.br\/o-preco-de-um-pedagio-dividindo-uma-cidade\/#breadcrumb\"},\"inLanguage\":\"pt-BR\",\"potentialAction\":[{\"@type\":\"ReadAction\",\"target\":[\"https:\/\/uvbbrasil.com.br\/o-preco-de-um-pedagio-dividindo-uma-cidade\/\"]}]},{\"@type\":\"ImageObject\",\"inLanguage\":\"pt-BR\",\"@id\":\"https:\/\/uvbbrasil.com.br\/o-preco-de-um-pedagio-dividindo-uma-cidade\/#primaryimage\",\"url\":\"https:\/\/uvbbrasil.com.br\/wp-content\/uploads\/2022\/03\/WhatsApp-Image-2022-03-24-at-16.28.44-1.jpeg\",\"contentUrl\":\"https:\/\/uvbbrasil.com.br\/wp-content\/uploads\/2022\/03\/WhatsApp-Image-2022-03-24-at-16.28.44-1.jpeg\",\"width\":1600,\"height\":900},{\"@type\":\"BreadcrumbList\",\"@id\":\"https:\/\/uvbbrasil.com.br\/o-preco-de-um-pedagio-dividindo-uma-cidade\/#breadcrumb\",\"itemListElement\":[{\"@type\":\"ListItem\",\"position\":1,\"name\":\"In\u00edcio\",\"item\":\"https:\/\/uvbbrasil.com.br\/\"},{\"@type\":\"ListItem\",\"position\":2,\"name\":\"\u00a0O pre\u00e7o de um ped\u00e1gio dividindo uma cidade\"}]},{\"@type\":\"WebSite\",\"@id\":\"https:\/\/uvbbrasil.com.br\/#website\",\"url\":\"https:\/\/uvbbrasil.com.br\/\",\"name\":\"UVB Brasil\",\"description\":\"Uni\u00e3o dos Vereadores do Brasil\",\"publisher\":{\"@id\":\"https:\/\/uvbbrasil.com.br\/#organization\"},\"potentialAction\":[{\"@type\":\"SearchAction\",\"target\":{\"@type\":\"EntryPoint\",\"urlTemplate\":\"https:\/\/uvbbrasil.com.br\/?s={search_term_string}\"},\"query-input\":{\"@type\":\"PropertyValueSpecification\",\"valueRequired\":true,\"valueName\":\"search_term_string\"}}],\"inLanguage\":\"pt-BR\"},{\"@type\":\"Organization\",\"@id\":\"https:\/\/uvbbrasil.com.br\/#organization\",\"name\":\"UVB Brasil\",\"url\":\"https:\/\/uvbbrasil.com.br\/\",\"logo\":{\"@type\":\"ImageObject\",\"inLanguage\":\"pt-BR\",\"@id\":\"https:\/\/uvbbrasil.com.br\/#\/schema\/logo\/image\/\",\"url\":\"https:\/\/uvbbrasil.com.br\/wp-content\/uploads\/2025\/01\/LOGO-UVB-2024-azul-1.jpg\",\"contentUrl\":\"https:\/\/uvbbrasil.com.br\/wp-content\/uploads\/2025\/01\/LOGO-UVB-2024-azul-1.jpg\",\"width\":600,\"height\":211,\"caption\":\"UVB Brasil\"},\"image\":{\"@id\":\"https:\/\/uvbbrasil.com.br\/#\/schema\/logo\/image\/\"},\"sameAs\":[\"https:\/\/www.facebook.com\/uvb.vereadoresbrasil\",\"https:\/\/www.instagram.com\/uvbbrasil\/\",\"https:\/\/www.youtube.com\/channel\/UCIlPQ8Xzw5GHNzosQIg9S5A\"]},{\"@type\":\"Person\",\"@id\":\"https:\/\/uvbbrasil.com.br\/#\/schema\/person\/17990098446c098f52effddff4f1b272\",\"name\":\"adminuvb\",\"image\":{\"@type\":\"ImageObject\",\"inLanguage\":\"pt-BR\",\"@id\":\"https:\/\/uvbbrasil.com.br\/#\/schema\/person\/image\/\",\"url\":\"https:\/\/secure.gravatar.com\/avatar\/1a494ea6f8e2dd1ae526e55b0e9497efdba542491e0620d704cccf63c6f77c45?s=96&d=mm&r=g\",\"contentUrl\":\"https:\/\/secure.gravatar.com\/avatar\/1a494ea6f8e2dd1ae526e55b0e9497efdba542491e0620d704cccf63c6f77c45?s=96&d=mm&r=g\",\"caption\":\"adminuvb\"},\"sameAs\":[\"https:\/\/uvbbrasil.com.br\"],\"url\":\"https:\/\/uvbbrasil.com.br\/author\/adminuvb\/\"}]}<\/script>\n<!-- \/ Yoast SEO plugin. -->","yoast_head_json":{"title":"\u00a0O pre\u00e7o de um ped\u00e1gio dividindo uma cidade - UVB Brasil","robots":{"index":"index","follow":"follow","max-snippet":"max-snippet:-1","max-image-preview":"max-image-preview:large","max-video-preview":"max-video-preview:-1"},"canonical":"https:\/\/uvbbrasil.com.br\/o-preco-de-um-pedagio-dividindo-uma-cidade\/","og_locale":"pt_BR","og_type":"article","og_title":"\u00a0O pre\u00e7o de um ped\u00e1gio dividindo uma cidade - UVB Brasil","og_description":"O vereador de Encantado\/RS, Joel Bottoni e convidados \u00a0em participa\u00e7\u00e3o no Congresso Brasileiro de Legislativos Municipais\u00a0 realizado em Porto Alegre,...","og_url":"https:\/\/uvbbrasil.com.br\/o-preco-de-um-pedagio-dividindo-uma-cidade\/","og_site_name":"UVB Brasil","article_publisher":"https:\/\/www.facebook.com\/uvb.vereadoresbrasil","article_published_time":"2022-03-24T19:33:41+00:00","og_image":[{"width":1600,"height":900,"url":"https:\/\/uvbbrasil.com.br\/wp-content\/uploads\/2022\/03\/WhatsApp-Image-2022-03-24-at-16.28.44-1.jpeg","type":"image\/jpeg"}],"author":"adminuvb","twitter_card":"summary_large_image","twitter_misc":{"Escrito por":"adminuvb","Est. tempo de leitura":"2 minutos"},"schema":{"@context":"https:\/\/schema.org","@graph":[{"@type":"Article","@id":"https:\/\/uvbbrasil.com.br\/o-preco-de-um-pedagio-dividindo-uma-cidade\/#article","isPartOf":{"@id":"https:\/\/uvbbrasil.com.br\/o-preco-de-um-pedagio-dividindo-uma-cidade\/"},"author":{"name":"adminuvb","@id":"https:\/\/uvbbrasil.com.br\/#\/schema\/person\/17990098446c098f52effddff4f1b272"},"headline":"\u00a0O pre\u00e7o de um ped\u00e1gio dividindo uma cidade","datePublished":"2022-03-24T19:33:41+00:00","mainEntityOfPage":{"@id":"https:\/\/uvbbrasil.com.br\/o-preco-de-um-pedagio-dividindo-uma-cidade\/"},"wordCount":276,"commentCount":0,"publisher":{"@id":"https:\/\/uvbbrasil.com.br\/#organization"},"image":{"@id":"https:\/\/uvbbrasil.com.br\/o-preco-de-um-pedagio-dividindo-uma-cidade\/#primaryimage"},"thumbnailUrl":"https:\/\/uvbbrasil.com.br\/wp-content\/uploads\/2022\/03\/WhatsApp-Image-2022-03-24-at-16.28.44-1.jpeg","articleSection":["NOT\u00cdCIAS","UVB"],"inLanguage":"pt-BR","potentialAction":[{"@type":"CommentAction","name":"Comment","target":["https:\/\/uvbbrasil.com.br\/o-preco-de-um-pedagio-dividindo-uma-cidade\/#respond"]}]},{"@type":"WebPage","@id":"https:\/\/uvbbrasil.com.br\/o-preco-de-um-pedagio-dividindo-uma-cidade\/","url":"https:\/\/uvbbrasil.com.br\/o-preco-de-um-pedagio-dividindo-uma-cidade\/","name":"\u00a0O pre\u00e7o de um ped\u00e1gio dividindo uma cidade - UVB Brasil","isPartOf":{"@id":"https:\/\/uvbbrasil.com.br\/#website"},"primaryImageOfPage":{"@id":"https:\/\/uvbbrasil.com.br\/o-preco-de-um-pedagio-dividindo-uma-cidade\/#primaryimage"},"image":{"@id":"https:\/\/uvbbrasil.com.br\/o-preco-de-um-pedagio-dividindo-uma-cidade\/#primaryimage"},"thumbnailUrl":"https:\/\/uvbbrasil.com.br\/wp-content\/uploads\/2022\/03\/WhatsApp-Image-2022-03-24-at-16.28.44-1.jpeg","datePublished":"2022-03-24T19:33:41+00:00","breadcrumb":{"@id":"https:\/\/uvbbrasil.com.br\/o-preco-de-um-pedagio-dividindo-uma-cidade\/#breadcrumb"},"inLanguage":"pt-BR","potentialAction":[{"@type":"ReadAction","target":["https:\/\/uvbbrasil.com.br\/o-preco-de-um-pedagio-dividindo-uma-cidade\/"]}]},{"@type":"ImageObject","inLanguage":"pt-BR","@id":"https:\/\/uvbbrasil.com.br\/o-preco-de-um-pedagio-dividindo-uma-cidade\/#primaryimage","url":"https:\/\/uvbbrasil.com.br\/wp-content\/uploads\/2022\/03\/WhatsApp-Image-2022-03-24-at-16.28.44-1.jpeg","contentUrl":"https:\/\/uvbbrasil.com.br\/wp-content\/uploads\/2022\/03\/WhatsApp-Image-2022-03-24-at-16.28.44-1.jpeg","width":1600,"height":900},{"@type":"BreadcrumbList","@id":"https:\/\/uvbbrasil.com.br\/o-preco-de-um-pedagio-dividindo-uma-cidade\/#breadcrumb","itemListElement":[{"@type":"ListItem","position":1,"name":"In\u00edcio","item":"https:\/\/uvbbrasil.com.br\/"},{"@type":"ListItem","position":2,"name":"\u00a0O pre\u00e7o de um ped\u00e1gio dividindo uma cidade"}]},{"@type":"WebSite","@id":"https:\/\/uvbbrasil.com.br\/#website","url":"https:\/\/uvbbrasil.com.br\/","name":"UVB Brasil","description":"Uni\u00e3o dos Vereadores do Brasil","publisher":{"@id":"https:\/\/uvbbrasil.com.br\/#organization"},"potentialAction":[{"@type":"SearchAction","target":{"@type":"EntryPoint","urlTemplate":"https:\/\/uvbbrasil.com.br\/?s={search_term_string}"},"query-input":{"@type":"PropertyValueSpecification","valueRequired":true,"valueName":"search_term_string"}}],"inLanguage":"pt-BR"},{"@type":"Organization","@id":"https:\/\/uvbbrasil.com.br\/#organization","name":"UVB Brasil","url":"https:\/\/uvbbrasil.com.br\/","logo":{"@type":"ImageObject","inLanguage":"pt-BR","@id":"https:\/\/uvbbrasil.com.br\/#\/schema\/logo\/image\/","url":"https:\/\/uvbbrasil.com.br\/wp-content\/uploads\/2025\/01\/LOGO-UVB-2024-azul-1.jpg","contentUrl":"https:\/\/uvbbrasil.com.br\/wp-content\/uploads\/2025\/01\/LOGO-UVB-2024-azul-1.jpg","width":600,"height":211,"caption":"UVB Brasil"},"image":{"@id":"https:\/\/uvbbrasil.com.br\/#\/schema\/logo\/image\/"},"sameAs":["https:\/\/www.facebook.com\/uvb.vereadoresbrasil","https:\/\/www.instagram.com\/uvbbrasil\/","https:\/\/www.youtube.com\/channel\/UCIlPQ8Xzw5GHNzosQIg9S5A"]},{"@type":"Person","@id":"https:\/\/uvbbrasil.com.br\/#\/schema\/person\/17990098446c098f52effddff4f1b272","name":"adminuvb","image":{"@type":"ImageObject","inLanguage":"pt-BR","@id":"https:\/\/uvbbrasil.com.br\/#\/schema\/person\/image\/","url":"https:\/\/secure.gravatar.com\/avatar\/1a494ea6f8e2dd1ae526e55b0e9497efdba542491e0620d704cccf63c6f77c45?s=96&d=mm&r=g","contentUrl":"https:\/\/secure.gravatar.com\/avatar\/1a494ea6f8e2dd1ae526e55b0e9497efdba542491e0620d704cccf63c6f77c45?s=96&d=mm&r=g","caption":"adminuvb"},"sameAs":["https:\/\/uvbbrasil.com.br"],"url":"https:\/\/uvbbrasil.com.br\/author\/adminuvb\/"}]}},"_links":{"self":[{"href":"https:\/\/uvbbrasil.com.br\/uvb-json\/wp\/v2\/posts\/25419","targetHints":{"allow":["GET"]}}],"collection":[{"href":"https:\/\/uvbbrasil.com.br\/uvb-json\/wp\/v2\/posts"}],"about":[{"href":"https:\/\/uvbbrasil.com.br\/uvb-json\/wp\/v2\/types\/post"}],"author":[{"embeddable":true,"href":"https:\/\/uvbbrasil.com.br\/uvb-json\/wp\/v2\/users\/1"}],"replies":[{"embeddable":true,"href":"https:\/\/uvbbrasil.com.br\/uvb-json\/wp\/v2\/comments?post=25419"}],"version-history":[{"count":0,"href":"https:\/\/uvbbrasil.com.br\/uvb-json\/wp\/v2\/posts\/25419\/revisions"}],"wp:featuredmedia":[{"embeddable":true,"href":"https:\/\/uvbbrasil.com.br\/uvb-json\/wp\/v2\/media\/25421"}],"wp:attachment":[{"href":"https:\/\/uvbbrasil.com.br\/uvb-json\/wp\/v2\/media?parent=25419"}],"wp:term":[{"taxonomy":"category","embeddable":true,"href":"https:\/\/uvbbrasil.com.br\/uvb-json\/wp\/v2\/categories?post=25419"},{"taxonomy":"post_tag","embeddable":true,"href":"https:\/\/uvbbrasil.com.br\/uvb-json\/wp\/v2\/tags?post=25419"}],"curies":[{"name":"wp","href":"https:\/\/api.w.org\/{rel}","templated":true}]}}