{"id":25396,"date":"2022-03-23T16:38:24","date_gmt":"2022-03-23T19:38:24","guid":{"rendered":"https:\/\/wpsandbox4.pante.com.br\/?p=25396"},"modified":"2022-03-23T16:38:24","modified_gmt":"2022-03-23T19:38:24","slug":"desoneracao-da-folha-de-pagamento","status":"publish","type":"post","link":"https:\/\/uvbbrasil.com.br\/desoneracao-da-folha-de-pagamento\/","title":{"rendered":"Desonera\u00e7\u00e3o da folha de pagamento"},"content":{"rendered":"<p>O advogado especialista em direitos sociais, Guilherme Portanova, explanou aos vereadores, vereadoras e servidores de c\u00e2mara municipais sobre\u00a0 a desonera\u00e7\u00e3o da folha de pagamento, os principais servi\u00e7os jur\u00eddicos da alavancagem sindical atrav\u00e9s do inovador projeto de alavancagem sindical a \u00a0assessoria jur\u00eddica disponibilizar\u00e1 in\u00fameros servi\u00e7os que ir\u00e1 a curto, m\u00e9dio e longo prazo, gerar receita para sua entidade. Tais servi\u00e7os jur\u00eddicos voltados para a expertise nas\u00a0\u00e1reas previdenci\u00e1ria, trabalhista, sindical e tribut\u00e1ria, disponibilizando uma assessoria ampla e irrestrita aos trabalhadores\u00a0sem custo algum as entidades.<\/p>\n<p>1 \u2013 Desonera\u00e7\u00e3o da folha de pagamento (empresas \/ empregados \/ prefeituras \/ servidores);<\/p>\n<p>2 &#8211; Assessoria e planejamento previdenci\u00e1rio (RPPS-RGPS);<\/p>\n<p>3 &#8211; Varredura na legisla\u00e7\u00e3o municipal frenta legisla\u00e7\u00f5es federais &gt; pareceres jur\u00eddicos &gt; medidas judiciais<\/p>\n<p>Desonera\u00e7\u00e3o da folha de pagamento (empresas \/ empregados \/ prefeituras \/ servidores;<\/p>\n<p>Esse projeto busca a recupera\u00e7\u00e3o de receitas decorrentes de desonera\u00e7\u00e3o a folha de pagamento dos trabalhadores\/servidores via A\u00e7\u00e3o Coletiva ap\u00f3s a realiza\u00e7\u00e3o de varredura completa atrav\u00e9s das fichas financeiras pela nossa exclusiva plataforma de c\u00e1lculo.<\/p>\n<p>Neste projeto a entidade sindical entra como substituta processual para todos os trabalhadores e servidores, assim eles poder\u00e3o receber os cr\u00e9ditos relativos \u00e0 devolu\u00e7\u00e3o dos valores pagos a maior nos \u00faltimos 5 anos e os que foram descontados enquanto tramitar a A\u00e7\u00e3o Coletiva no Poder Judici\u00e1rio.<\/p>\n<p>A A\u00e7\u00e3o Coletiva vai buscar a declara\u00e7\u00e3o e reconhecimento do car\u00e1ter indenizat\u00f3rio de determinadas parcelas que foram e s\u00e3o descontadas do sal\u00e1rio do trabalhador al\u00e9m de cessar definitivamente esses descontos os futuros sal\u00e1rios.<\/p>\n<p>O projeto de Alavancagem Sindical foi criado para al\u00e9m de gerar receitas a curto, m\u00e9dio e longo prazo para as entidades, possibilitar uma assessoria especializada, de baixo custa e at\u00e9 gratuita para os trabalhadores, servidores e suas entidades.<\/p>\n<p>Com a desonera\u00e7\u00e3o de folha de pagamento que al\u00e9m de aproximar empresas e entidades, traz de volta o trabalhador a sua entidade, possibilitando, neste momento, al\u00e9m de aporte de receita, associar o trabalhador ofertando-lhe assessoria jur\u00eddica gratuita n\u00e3o s\u00f3 a ele, mas tamb\u00e9m aos seus familiares.<\/p>\n<p>Com a assessoria jur\u00eddica especializada em direitos sociais, com enfoque na \u00e1rea previdenci\u00e1ria, atrav\u00e9s de servi\u00e7os ess\u00eancias p\u00f3s Deforma da Previd\u00eancia, como o planejamento previdenci\u00e1rio, e a\u00e7\u00f5es de concess\u00e3o e revis\u00e3o de benef\u00edcios.<\/p>\n<p><img decoding=\"async\" class=\"alignnone size-medium wp-image-25401\" src=\"https:\/\/uvbbrasil.com.br\/wp-content\/uploads\/2022\/03\/WhatsApp-Image-2022-03-23-at-14.57.36-300x135.jpeg\" alt=\"\" width=\"300\" height=\"135\" srcset=\"https:\/\/uvbbrasil.com.br\/wp-content\/uploads\/2022\/03\/WhatsApp-Image-2022-03-23-at-14.57.36-300x135.jpeg 300w, https:\/\/uvbbrasil.com.br\/wp-content\/uploads\/2022\/03\/WhatsApp-Image-2022-03-23-at-14.57.36-1024x461.jpeg 1024w, https:\/\/uvbbrasil.com.br\/wp-content\/uploads\/2022\/03\/WhatsApp-Image-2022-03-23-at-14.57.36-768x346.jpeg 768w, https:\/\/uvbbrasil.com.br\/wp-content\/uploads\/2022\/03\/WhatsApp-Image-2022-03-23-at-14.57.36-1536x692.jpeg 1536w, https:\/\/uvbbrasil.com.br\/wp-content\/uploads\/2022\/03\/WhatsApp-Image-2022-03-23-at-14.57.36.jpeg 1600w\" sizes=\"(max-width: 300px) 100vw, 300px\" \/><img fetchpriority=\"high\" decoding=\"async\" class=\"alignnone size-medium wp-image-25399\" src=\"https:\/\/uvbbrasil.com.br\/wp-content\/uploads\/2022\/03\/WhatsApp-Image-2022-03-23-at-15.01.21-300x225.jpeg\" alt=\"\" width=\"300\" height=\"225\" srcset=\"https:\/\/uvbbrasil.com.br\/wp-content\/uploads\/2022\/03\/WhatsApp-Image-2022-03-23-at-15.01.21-300x225.jpeg 300w, https:\/\/uvbbrasil.com.br\/wp-content\/uploads\/2022\/03\/WhatsApp-Image-2022-03-23-at-15.01.21-1024x768.jpeg 1024w, https:\/\/uvbbrasil.com.br\/wp-content\/uploads\/2022\/03\/WhatsApp-Image-2022-03-23-at-15.01.21-768x576.jpeg 768w, https:\/\/uvbbrasil.com.br\/wp-content\/uploads\/2022\/03\/WhatsApp-Image-2022-03-23-at-15.01.21-1536x1152.jpeg 1536w, https:\/\/uvbbrasil.com.br\/wp-content\/uploads\/2022\/03\/WhatsApp-Image-2022-03-23-at-15.01.21.jpeg 1600w\" sizes=\"(max-width: 300px) 100vw, 300px\" \/><\/p>\n<p><img decoding=\"async\" class=\"alignnone size-medium wp-image-25397\" src=\"https:\/\/uvbbrasil.com.br\/wp-content\/uploads\/2022\/03\/WhatsApp-Image-2022-03-23-at-15.01.20-300x225.jpeg\" alt=\"\" width=\"300\" height=\"225\" srcset=\"https:\/\/uvbbrasil.com.br\/wp-content\/uploads\/2022\/03\/WhatsApp-Image-2022-03-23-at-15.01.20-300x225.jpeg 300w, https:\/\/uvbbrasil.com.br\/wp-content\/uploads\/2022\/03\/WhatsApp-Image-2022-03-23-at-15.01.20-1024x768.jpeg 1024w, https:\/\/uvbbrasil.com.br\/wp-content\/uploads\/2022\/03\/WhatsApp-Image-2022-03-23-at-15.01.20-768x576.jpeg 768w, https:\/\/uvbbrasil.com.br\/wp-content\/uploads\/2022\/03\/WhatsApp-Image-2022-03-23-at-15.01.20-1536x1152.jpeg 1536w, https:\/\/uvbbrasil.com.br\/wp-content\/uploads\/2022\/03\/WhatsApp-Image-2022-03-23-at-15.01.20.jpeg 1600w\" sizes=\"(max-width: 300px) 100vw, 300px\" \/><img loading=\"lazy\" decoding=\"async\" class=\"alignnone size-medium wp-image-25398\" src=\"https:\/\/uvbbrasil.com.br\/wp-content\/uploads\/2022\/03\/WhatsApp-Image-2022-03-23-at-15.01.20-1-300x225.jpeg\" alt=\"\" width=\"300\" height=\"225\" srcset=\"https:\/\/uvbbrasil.com.br\/wp-content\/uploads\/2022\/03\/WhatsApp-Image-2022-03-23-at-15.01.20-1-300x225.jpeg 300w, https:\/\/uvbbrasil.com.br\/wp-content\/uploads\/2022\/03\/WhatsApp-Image-2022-03-23-at-15.01.20-1-1024x768.jpeg 1024w, https:\/\/uvbbrasil.com.br\/wp-content\/uploads\/2022\/03\/WhatsApp-Image-2022-03-23-at-15.01.20-1-768x576.jpeg 768w, https:\/\/uvbbrasil.com.br\/wp-content\/uploads\/2022\/03\/WhatsApp-Image-2022-03-23-at-15.01.20-1-1536x1152.jpeg 1536w, https:\/\/uvbbrasil.com.br\/wp-content\/uploads\/2022\/03\/WhatsApp-Image-2022-03-23-at-15.01.20-1.jpeg 1600w\" sizes=\"(max-width: 300px) 100vw, 300px\" \/><\/p>\n","protected":false},"excerpt":{"rendered":"<p>O advogado especialista em direitos sociais, Guilherme Portanova, explanou aos vereadores, vereadoras e servidores de c\u00e2mara municipais sobre\u00a0 a desonera\u00e7\u00e3o&#8230;<\/p>\n","protected":false},"author":1,"featured_media":25397,"comment_status":"open","ping_status":"open","sticky":false,"template":"","format":"standard","meta":{"footnotes":""},"categories":[3,4],"tags":[],"class_list":["post-25396","post","type-post","status-publish","format-standard","has-post-thumbnail","hentry","category-noticias","category-home"],"yoast_head":"<!-- This site is optimized with the Yoast SEO plugin v26.7 - https:\/\/yoast.com\/wordpress\/plugins\/seo\/ -->\n<title>Desonera\u00e7\u00e3o da folha de pagamento - UVB Brasil<\/title>\n<meta name=\"robots\" content=\"index, follow, max-snippet:-1, max-image-preview:large, max-video-preview:-1\" \/>\n<link rel=\"canonical\" href=\"https:\/\/uvbbrasil.com.br\/desoneracao-da-folha-de-pagamento\/\" \/>\n<meta property=\"og:locale\" content=\"pt_BR\" \/>\n<meta property=\"og:type\" content=\"article\" \/>\n<meta property=\"og:title\" content=\"Desonera\u00e7\u00e3o da folha de pagamento - UVB Brasil\" \/>\n<meta property=\"og:description\" content=\"O advogado especialista em direitos sociais, Guilherme Portanova, explanou aos vereadores, vereadoras e servidores de c\u00e2mara municipais sobre\u00a0 a desonera\u00e7\u00e3o...\" \/>\n<meta property=\"og:url\" content=\"https:\/\/uvbbrasil.com.br\/desoneracao-da-folha-de-pagamento\/\" \/>\n<meta property=\"og:site_name\" content=\"UVB Brasil\" \/>\n<meta property=\"article:publisher\" content=\"https:\/\/www.facebook.com\/uvb.vereadoresbrasil\" \/>\n<meta property=\"article:published_time\" content=\"2022-03-23T19:38:24+00:00\" \/>\n<meta property=\"og:image\" content=\"https:\/\/uvbbrasil.com.br\/wp-content\/uploads\/2022\/03\/WhatsApp-Image-2022-03-23-at-15.01.20.jpeg\" \/>\n\t<meta property=\"og:image:width\" content=\"1600\" \/>\n\t<meta property=\"og:image:height\" content=\"1200\" \/>\n\t<meta property=\"og:image:type\" content=\"image\/jpeg\" \/>\n<meta name=\"author\" content=\"adminuvb\" \/>\n<meta name=\"twitter:card\" content=\"summary_large_image\" \/>\n<meta name=\"twitter:label1\" content=\"Escrito por\" \/>\n\t<meta name=\"twitter:data1\" content=\"adminuvb\" \/>\n\t<meta name=\"twitter:label2\" content=\"Est. tempo de leitura\" \/>\n\t<meta name=\"twitter:data2\" content=\"3 minutos\" \/>\n<script type=\"application\/ld+json\" class=\"yoast-schema-graph\">{\"@context\":\"https:\/\/schema.org\",\"@graph\":[{\"@type\":\"Article\",\"@id\":\"https:\/\/uvbbrasil.com.br\/desoneracao-da-folha-de-pagamento\/#article\",\"isPartOf\":{\"@id\":\"https:\/\/uvbbrasil.com.br\/desoneracao-da-folha-de-pagamento\/\"},\"author\":{\"name\":\"adminuvb\",\"@id\":\"https:\/\/uvbbrasil.com.br\/#\/schema\/person\/17990098446c098f52effddff4f1b272\"},\"headline\":\"Desonera\u00e7\u00e3o da folha de pagamento\",\"datePublished\":\"2022-03-23T19:38:24+00:00\",\"mainEntityOfPage\":{\"@id\":\"https:\/\/uvbbrasil.com.br\/desoneracao-da-folha-de-pagamento\/\"},\"wordCount\":417,\"commentCount\":0,\"publisher\":{\"@id\":\"https:\/\/uvbbrasil.com.br\/#organization\"},\"image\":{\"@id\":\"https:\/\/uvbbrasil.com.br\/desoneracao-da-folha-de-pagamento\/#primaryimage\"},\"thumbnailUrl\":\"https:\/\/uvbbrasil.com.br\/wp-content\/uploads\/2022\/03\/WhatsApp-Image-2022-03-23-at-15.01.20.jpeg\",\"articleSection\":[\"NOT\u00cdCIAS\",\"UVB\"],\"inLanguage\":\"pt-BR\",\"potentialAction\":[{\"@type\":\"CommentAction\",\"name\":\"Comment\",\"target\":[\"https:\/\/uvbbrasil.com.br\/desoneracao-da-folha-de-pagamento\/#respond\"]}]},{\"@type\":\"WebPage\",\"@id\":\"https:\/\/uvbbrasil.com.br\/desoneracao-da-folha-de-pagamento\/\",\"url\":\"https:\/\/uvbbrasil.com.br\/desoneracao-da-folha-de-pagamento\/\",\"name\":\"Desonera\u00e7\u00e3o da folha de pagamento - UVB Brasil\",\"isPartOf\":{\"@id\":\"https:\/\/uvbbrasil.com.br\/#website\"},\"primaryImageOfPage\":{\"@id\":\"https:\/\/uvbbrasil.com.br\/desoneracao-da-folha-de-pagamento\/#primaryimage\"},\"image\":{\"@id\":\"https:\/\/uvbbrasil.com.br\/desoneracao-da-folha-de-pagamento\/#primaryimage\"},\"thumbnailUrl\":\"https:\/\/uvbbrasil.com.br\/wp-content\/uploads\/2022\/03\/WhatsApp-Image-2022-03-23-at-15.01.20.jpeg\",\"datePublished\":\"2022-03-23T19:38:24+00:00\",\"breadcrumb\":{\"@id\":\"https:\/\/uvbbrasil.com.br\/desoneracao-da-folha-de-pagamento\/#breadcrumb\"},\"inLanguage\":\"pt-BR\",\"potentialAction\":[{\"@type\":\"ReadAction\",\"target\":[\"https:\/\/uvbbrasil.com.br\/desoneracao-da-folha-de-pagamento\/\"]}]},{\"@type\":\"ImageObject\",\"inLanguage\":\"pt-BR\",\"@id\":\"https:\/\/uvbbrasil.com.br\/desoneracao-da-folha-de-pagamento\/#primaryimage\",\"url\":\"https:\/\/uvbbrasil.com.br\/wp-content\/uploads\/2022\/03\/WhatsApp-Image-2022-03-23-at-15.01.20.jpeg\",\"contentUrl\":\"https:\/\/uvbbrasil.com.br\/wp-content\/uploads\/2022\/03\/WhatsApp-Image-2022-03-23-at-15.01.20.jpeg\",\"width\":1600,\"height\":1200},{\"@type\":\"BreadcrumbList\",\"@id\":\"https:\/\/uvbbrasil.com.br\/desoneracao-da-folha-de-pagamento\/#breadcrumb\",\"itemListElement\":[{\"@type\":\"ListItem\",\"position\":1,\"name\":\"In\u00edcio\",\"item\":\"https:\/\/uvbbrasil.com.br\/\"},{\"@type\":\"ListItem\",\"position\":2,\"name\":\"Desonera\u00e7\u00e3o da folha de pagamento\"}]},{\"@type\":\"WebSite\",\"@id\":\"https:\/\/uvbbrasil.com.br\/#website\",\"url\":\"https:\/\/uvbbrasil.com.br\/\",\"name\":\"UVB Brasil\",\"description\":\"Uni\u00e3o dos Vereadores do Brasil\",\"publisher\":{\"@id\":\"https:\/\/uvbbrasil.com.br\/#organization\"},\"potentialAction\":[{\"@type\":\"SearchAction\",\"target\":{\"@type\":\"EntryPoint\",\"urlTemplate\":\"https:\/\/uvbbrasil.com.br\/?s={search_term_string}\"},\"query-input\":{\"@type\":\"PropertyValueSpecification\",\"valueRequired\":true,\"valueName\":\"search_term_string\"}}],\"inLanguage\":\"pt-BR\"},{\"@type\":\"Organization\",\"@id\":\"https:\/\/uvbbrasil.com.br\/#organization\",\"name\":\"UVB Brasil\",\"url\":\"https:\/\/uvbbrasil.com.br\/\",\"logo\":{\"@type\":\"ImageObject\",\"inLanguage\":\"pt-BR\",\"@id\":\"https:\/\/uvbbrasil.com.br\/#\/schema\/logo\/image\/\",\"url\":\"https:\/\/uvbbrasil.com.br\/wp-content\/uploads\/2025\/01\/LOGO-UVB-2024-azul-1.jpg\",\"contentUrl\":\"https:\/\/uvbbrasil.com.br\/wp-content\/uploads\/2025\/01\/LOGO-UVB-2024-azul-1.jpg\",\"width\":600,\"height\":211,\"caption\":\"UVB Brasil\"},\"image\":{\"@id\":\"https:\/\/uvbbrasil.com.br\/#\/schema\/logo\/image\/\"},\"sameAs\":[\"https:\/\/www.facebook.com\/uvb.vereadoresbrasil\",\"https:\/\/www.instagram.com\/uvbbrasil\/\",\"https:\/\/www.youtube.com\/channel\/UCIlPQ8Xzw5GHNzosQIg9S5A\"]},{\"@type\":\"Person\",\"@id\":\"https:\/\/uvbbrasil.com.br\/#\/schema\/person\/17990098446c098f52effddff4f1b272\",\"name\":\"adminuvb\",\"image\":{\"@type\":\"ImageObject\",\"inLanguage\":\"pt-BR\",\"@id\":\"https:\/\/uvbbrasil.com.br\/#\/schema\/person\/image\/\",\"url\":\"https:\/\/secure.gravatar.com\/avatar\/1a494ea6f8e2dd1ae526e55b0e9497efdba542491e0620d704cccf63c6f77c45?s=96&d=mm&r=g\",\"contentUrl\":\"https:\/\/secure.gravatar.com\/avatar\/1a494ea6f8e2dd1ae526e55b0e9497efdba542491e0620d704cccf63c6f77c45?s=96&d=mm&r=g\",\"caption\":\"adminuvb\"},\"sameAs\":[\"https:\/\/uvbbrasil.com.br\"],\"url\":\"https:\/\/uvbbrasil.com.br\/author\/adminuvb\/\"}]}<\/script>\n<!-- \/ Yoast SEO plugin. -->","yoast_head_json":{"title":"Desonera\u00e7\u00e3o da folha de pagamento - UVB Brasil","robots":{"index":"index","follow":"follow","max-snippet":"max-snippet:-1","max-image-preview":"max-image-preview:large","max-video-preview":"max-video-preview:-1"},"canonical":"https:\/\/uvbbrasil.com.br\/desoneracao-da-folha-de-pagamento\/","og_locale":"pt_BR","og_type":"article","og_title":"Desonera\u00e7\u00e3o da folha de pagamento - UVB Brasil","og_description":"O advogado especialista em direitos sociais, Guilherme Portanova, explanou aos vereadores, vereadoras e servidores de c\u00e2mara municipais sobre\u00a0 a desonera\u00e7\u00e3o...","og_url":"https:\/\/uvbbrasil.com.br\/desoneracao-da-folha-de-pagamento\/","og_site_name":"UVB Brasil","article_publisher":"https:\/\/www.facebook.com\/uvb.vereadoresbrasil","article_published_time":"2022-03-23T19:38:24+00:00","og_image":[{"width":1600,"height":1200,"url":"https:\/\/uvbbrasil.com.br\/wp-content\/uploads\/2022\/03\/WhatsApp-Image-2022-03-23-at-15.01.20.jpeg","type":"image\/jpeg"}],"author":"adminuvb","twitter_card":"summary_large_image","twitter_misc":{"Escrito por":"adminuvb","Est. tempo de leitura":"3 minutos"},"schema":{"@context":"https:\/\/schema.org","@graph":[{"@type":"Article","@id":"https:\/\/uvbbrasil.com.br\/desoneracao-da-folha-de-pagamento\/#article","isPartOf":{"@id":"https:\/\/uvbbrasil.com.br\/desoneracao-da-folha-de-pagamento\/"},"author":{"name":"adminuvb","@id":"https:\/\/uvbbrasil.com.br\/#\/schema\/person\/17990098446c098f52effddff4f1b272"},"headline":"Desonera\u00e7\u00e3o da folha de pagamento","datePublished":"2022-03-23T19:38:24+00:00","mainEntityOfPage":{"@id":"https:\/\/uvbbrasil.com.br\/desoneracao-da-folha-de-pagamento\/"},"wordCount":417,"commentCount":0,"publisher":{"@id":"https:\/\/uvbbrasil.com.br\/#organization"},"image":{"@id":"https:\/\/uvbbrasil.com.br\/desoneracao-da-folha-de-pagamento\/#primaryimage"},"thumbnailUrl":"https:\/\/uvbbrasil.com.br\/wp-content\/uploads\/2022\/03\/WhatsApp-Image-2022-03-23-at-15.01.20.jpeg","articleSection":["NOT\u00cdCIAS","UVB"],"inLanguage":"pt-BR","potentialAction":[{"@type":"CommentAction","name":"Comment","target":["https:\/\/uvbbrasil.com.br\/desoneracao-da-folha-de-pagamento\/#respond"]}]},{"@type":"WebPage","@id":"https:\/\/uvbbrasil.com.br\/desoneracao-da-folha-de-pagamento\/","url":"https:\/\/uvbbrasil.com.br\/desoneracao-da-folha-de-pagamento\/","name":"Desonera\u00e7\u00e3o da folha de pagamento - UVB Brasil","isPartOf":{"@id":"https:\/\/uvbbrasil.com.br\/#website"},"primaryImageOfPage":{"@id":"https:\/\/uvbbrasil.com.br\/desoneracao-da-folha-de-pagamento\/#primaryimage"},"image":{"@id":"https:\/\/uvbbrasil.com.br\/desoneracao-da-folha-de-pagamento\/#primaryimage"},"thumbnailUrl":"https:\/\/uvbbrasil.com.br\/wp-content\/uploads\/2022\/03\/WhatsApp-Image-2022-03-23-at-15.01.20.jpeg","datePublished":"2022-03-23T19:38:24+00:00","breadcrumb":{"@id":"https:\/\/uvbbrasil.com.br\/desoneracao-da-folha-de-pagamento\/#breadcrumb"},"inLanguage":"pt-BR","potentialAction":[{"@type":"ReadAction","target":["https:\/\/uvbbrasil.com.br\/desoneracao-da-folha-de-pagamento\/"]}]},{"@type":"ImageObject","inLanguage":"pt-BR","@id":"https:\/\/uvbbrasil.com.br\/desoneracao-da-folha-de-pagamento\/#primaryimage","url":"https:\/\/uvbbrasil.com.br\/wp-content\/uploads\/2022\/03\/WhatsApp-Image-2022-03-23-at-15.01.20.jpeg","contentUrl":"https:\/\/uvbbrasil.com.br\/wp-content\/uploads\/2022\/03\/WhatsApp-Image-2022-03-23-at-15.01.20.jpeg","width":1600,"height":1200},{"@type":"BreadcrumbList","@id":"https:\/\/uvbbrasil.com.br\/desoneracao-da-folha-de-pagamento\/#breadcrumb","itemListElement":[{"@type":"ListItem","position":1,"name":"In\u00edcio","item":"https:\/\/uvbbrasil.com.br\/"},{"@type":"ListItem","position":2,"name":"Desonera\u00e7\u00e3o da folha de pagamento"}]},{"@type":"WebSite","@id":"https:\/\/uvbbrasil.com.br\/#website","url":"https:\/\/uvbbrasil.com.br\/","name":"UVB Brasil","description":"Uni\u00e3o dos Vereadores do Brasil","publisher":{"@id":"https:\/\/uvbbrasil.com.br\/#organization"},"potentialAction":[{"@type":"SearchAction","target":{"@type":"EntryPoint","urlTemplate":"https:\/\/uvbbrasil.com.br\/?s={search_term_string}"},"query-input":{"@type":"PropertyValueSpecification","valueRequired":true,"valueName":"search_term_string"}}],"inLanguage":"pt-BR"},{"@type":"Organization","@id":"https:\/\/uvbbrasil.com.br\/#organization","name":"UVB Brasil","url":"https:\/\/uvbbrasil.com.br\/","logo":{"@type":"ImageObject","inLanguage":"pt-BR","@id":"https:\/\/uvbbrasil.com.br\/#\/schema\/logo\/image\/","url":"https:\/\/uvbbrasil.com.br\/wp-content\/uploads\/2025\/01\/LOGO-UVB-2024-azul-1.jpg","contentUrl":"https:\/\/uvbbrasil.com.br\/wp-content\/uploads\/2025\/01\/LOGO-UVB-2024-azul-1.jpg","width":600,"height":211,"caption":"UVB Brasil"},"image":{"@id":"https:\/\/uvbbrasil.com.br\/#\/schema\/logo\/image\/"},"sameAs":["https:\/\/www.facebook.com\/uvb.vereadoresbrasil","https:\/\/www.instagram.com\/uvbbrasil\/","https:\/\/www.youtube.com\/channel\/UCIlPQ8Xzw5GHNzosQIg9S5A"]},{"@type":"Person","@id":"https:\/\/uvbbrasil.com.br\/#\/schema\/person\/17990098446c098f52effddff4f1b272","name":"adminuvb","image":{"@type":"ImageObject","inLanguage":"pt-BR","@id":"https:\/\/uvbbrasil.com.br\/#\/schema\/person\/image\/","url":"https:\/\/secure.gravatar.com\/avatar\/1a494ea6f8e2dd1ae526e55b0e9497efdba542491e0620d704cccf63c6f77c45?s=96&d=mm&r=g","contentUrl":"https:\/\/secure.gravatar.com\/avatar\/1a494ea6f8e2dd1ae526e55b0e9497efdba542491e0620d704cccf63c6f77c45?s=96&d=mm&r=g","caption":"adminuvb"},"sameAs":["https:\/\/uvbbrasil.com.br"],"url":"https:\/\/uvbbrasil.com.br\/author\/adminuvb\/"}]}},"_links":{"self":[{"href":"https:\/\/uvbbrasil.com.br\/uvb-json\/wp\/v2\/posts\/25396","targetHints":{"allow":["GET"]}}],"collection":[{"href":"https:\/\/uvbbrasil.com.br\/uvb-json\/wp\/v2\/posts"}],"about":[{"href":"https:\/\/uvbbrasil.com.br\/uvb-json\/wp\/v2\/types\/post"}],"author":[{"embeddable":true,"href":"https:\/\/uvbbrasil.com.br\/uvb-json\/wp\/v2\/users\/1"}],"replies":[{"embeddable":true,"href":"https:\/\/uvbbrasil.com.br\/uvb-json\/wp\/v2\/comments?post=25396"}],"version-history":[{"count":0,"href":"https:\/\/uvbbrasil.com.br\/uvb-json\/wp\/v2\/posts\/25396\/revisions"}],"wp:featuredmedia":[{"embeddable":true,"href":"https:\/\/uvbbrasil.com.br\/uvb-json\/wp\/v2\/media\/25397"}],"wp:attachment":[{"href":"https:\/\/uvbbrasil.com.br\/uvb-json\/wp\/v2\/media?parent=25396"}],"wp:term":[{"taxonomy":"category","embeddable":true,"href":"https:\/\/uvbbrasil.com.br\/uvb-json\/wp\/v2\/categories?post=25396"},{"taxonomy":"post_tag","embeddable":true,"href":"https:\/\/uvbbrasil.com.br\/uvb-json\/wp\/v2\/tags?post=25396"}],"curies":[{"name":"wp","href":"https:\/\/api.w.org\/{rel}","templated":true}]}}