{"id":25392,"date":"2022-03-23T16:04:57","date_gmt":"2022-03-23T19:04:57","guid":{"rendered":"https:\/\/wpsandbox4.pante.com.br\/?p=25392"},"modified":"2022-03-23T16:04:57","modified_gmt":"2022-03-23T19:04:57","slug":"controle-interno-modernizacao-da-gestao-publica","status":"publish","type":"post","link":"https:\/\/uvbbrasil.com.br\/controle-interno-modernizacao-da-gestao-publica\/","title":{"rendered":"Controle interno moderniza\u00e7\u00e3o da gest\u00e3o p\u00fablica"},"content":{"rendered":"<p>O Economista Lu\u00eds Carlos Zaia, apresentou aos participantes\u00a0 do Congresso Brasileiro de Legislativos em Porto Alegre\/RS, sobre o \u00a0sistema do controle interno como foco de moderniza\u00e7\u00e3o da gest\u00e3o p\u00fablica, varias discuss\u00f5es com parte conceituais com exemplos pr\u00e1ticos onde foram apresentados quest\u00f5es dos tribunais de contas, como o de Santa Catarina\u00a0 e Rio Grande do Sul.<\/p>\n<p>O controle interno deve interferi e agir no sentido de\u00a0 atingir a melhor din\u00e2mica poss\u00edvel dentro da prefeitura municipal\u00a0 na sua gest\u00e3o a organiza\u00e7\u00e3o dos controles, embora seja um quest\u00e3o legal como uma garantia de eficiente do poder publico procurando sempre lotar o controle interno dentro da gest\u00e3o publica como\u00a0 uma secret\u00e1ria\u00a0 de grande import\u00e2ncia, como planejamento execu\u00e7\u00e3o, controle e buscando fazer e mostrar que o controle interno se bem organizado e estruturado dentro de uma estrutura organizacional do \u00f3rg\u00e3o p\u00fablico seja prefeitura ou c\u00e2mara municipal tem muito a contribuir com o gestor.<\/p>\n<p>A quest\u00e3o fundamental do sistema de controle, pode coordenar orientar todos os lados t\u00e9cnicos \u00a0da prefeitura para que haja um melhor desenvolvimento atua\u00e7\u00e3o diante da sociedade, s\u00e3o determina\u00e7\u00f5es legais constitucionais\u00a0 prevista na constitui\u00e7\u00e3o federal de princ\u00edpios da constitucionais\u00a0 da legalidade, da moralidade, finalidade p\u00fablica, da publicidade, da motiva\u00e7\u00e3o da impessoalidade aspectos extraordin\u00e1rios da gest\u00e3o p\u00fablica. O foco principal do controle interno \u00e9\u00a0 buscar oferecer ao gestor\u00a0 p\u00fablico\u00a0 que tenha\u00a0 sempre no\u00a0 um alicerce para suas a\u00e7\u00f5es \u00a0administrativas evitando assim erros \u00a0fraudes desperd\u00edcio\u00a0 dentro do plano de governo,\u00a0 e assim fazer uma boa gest\u00e3o\u00a0 p\u00fablica.<\/p>\n<p>Zaia citou\u00a0 tamb\u00e9m os principais pontos da administra\u00e7\u00e3o p\u00fablica, controle interno, gest\u00e3o p\u00fablica, controle interno administrativo, sistema de controle interno, da finalidade do controle, controle interno, sistema integrado, responsabilidade solid\u00e1ria, independ\u00eancia como escopo do controle interno, previs\u00e3o constitucional dente outros.<\/p>\n<p><img decoding=\"async\" class=\"alignnone size-medium wp-image-25393\" src=\"https:\/\/uvbbrasil.com.br\/wp-content\/uploads\/2022\/03\/WhatsApp-Image-2022-03-23-at-14.43.07-300x135.jpeg\" alt=\"\" width=\"300\" height=\"135\" srcset=\"https:\/\/uvbbrasil.com.br\/wp-content\/uploads\/2022\/03\/WhatsApp-Image-2022-03-23-at-14.43.07-300x135.jpeg 300w, https:\/\/uvbbrasil.com.br\/wp-content\/uploads\/2022\/03\/WhatsApp-Image-2022-03-23-at-14.43.07-1024x461.jpeg 1024w, https:\/\/uvbbrasil.com.br\/wp-content\/uploads\/2022\/03\/WhatsApp-Image-2022-03-23-at-14.43.07-768x346.jpeg 768w, https:\/\/uvbbrasil.com.br\/wp-content\/uploads\/2022\/03\/WhatsApp-Image-2022-03-23-at-14.43.07-1536x692.jpeg 1536w, https:\/\/uvbbrasil.com.br\/wp-content\/uploads\/2022\/03\/WhatsApp-Image-2022-03-23-at-14.43.07.jpeg 1600w\" sizes=\"(max-width: 300px) 100vw, 300px\" \/><img decoding=\"async\" class=\"alignnone size-medium wp-image-25394\" src=\"https:\/\/uvbbrasil.com.br\/wp-content\/uploads\/2022\/03\/WhatsApp-Image-2022-03-23-at-14.43.06-300x135.jpeg\" alt=\"\" width=\"300\" height=\"135\" srcset=\"https:\/\/uvbbrasil.com.br\/wp-content\/uploads\/2022\/03\/WhatsApp-Image-2022-03-23-at-14.43.06-300x135.jpeg 300w, https:\/\/uvbbrasil.com.br\/wp-content\/uploads\/2022\/03\/WhatsApp-Image-2022-03-23-at-14.43.06-1024x461.jpeg 1024w, https:\/\/uvbbrasil.com.br\/wp-content\/uploads\/2022\/03\/WhatsApp-Image-2022-03-23-at-14.43.06-768x346.jpeg 768w, https:\/\/uvbbrasil.com.br\/wp-content\/uploads\/2022\/03\/WhatsApp-Image-2022-03-23-at-14.43.06-1536x692.jpeg 1536w, https:\/\/uvbbrasil.com.br\/wp-content\/uploads\/2022\/03\/WhatsApp-Image-2022-03-23-at-14.43.06.jpeg 1600w\" sizes=\"(max-width: 300px) 100vw, 300px\" \/><\/p>\n","protected":false},"excerpt":{"rendered":"<p>O Economista Lu\u00eds Carlos Zaia, apresentou aos participantes\u00a0 do Congresso Brasileiro de Legislativos em Porto Alegre\/RS, sobre o \u00a0sistema do&#8230;<\/p>\n","protected":false},"author":1,"featured_media":25394,"comment_status":"open","ping_status":"open","sticky":false,"template":"","format":"standard","meta":{"footnotes":""},"categories":[3,4],"tags":[],"class_list":["post-25392","post","type-post","status-publish","format-standard","has-post-thumbnail","hentry","category-noticias","category-home"],"yoast_head":"<!-- This site is optimized with the Yoast SEO plugin v26.7 - https:\/\/yoast.com\/wordpress\/plugins\/seo\/ -->\n<title>Controle interno moderniza\u00e7\u00e3o da gest\u00e3o p\u00fablica - UVB Brasil<\/title>\n<meta name=\"robots\" content=\"index, follow, max-snippet:-1, max-image-preview:large, max-video-preview:-1\" \/>\n<link rel=\"canonical\" href=\"https:\/\/uvbbrasil.com.br\/controle-interno-modernizacao-da-gestao-publica\/\" \/>\n<meta property=\"og:locale\" content=\"pt_BR\" \/>\n<meta property=\"og:type\" content=\"article\" \/>\n<meta property=\"og:title\" content=\"Controle interno moderniza\u00e7\u00e3o da gest\u00e3o p\u00fablica - UVB Brasil\" \/>\n<meta property=\"og:description\" content=\"O Economista Lu\u00eds Carlos Zaia, apresentou aos participantes\u00a0 do Congresso Brasileiro de Legislativos em Porto Alegre\/RS, sobre o \u00a0sistema do...\" \/>\n<meta property=\"og:url\" content=\"https:\/\/uvbbrasil.com.br\/controle-interno-modernizacao-da-gestao-publica\/\" \/>\n<meta property=\"og:site_name\" content=\"UVB Brasil\" \/>\n<meta property=\"article:publisher\" content=\"https:\/\/www.facebook.com\/uvb.vereadoresbrasil\" \/>\n<meta property=\"article:published_time\" content=\"2022-03-23T19:04:57+00:00\" \/>\n<meta property=\"og:image\" content=\"https:\/\/uvbbrasil.com.br\/wp-content\/uploads\/2022\/03\/WhatsApp-Image-2022-03-23-at-14.43.06.jpeg\" \/>\n\t<meta property=\"og:image:width\" content=\"1600\" \/>\n\t<meta property=\"og:image:height\" content=\"721\" \/>\n\t<meta property=\"og:image:type\" content=\"image\/jpeg\" \/>\n<meta name=\"author\" content=\"adminuvb\" \/>\n<meta name=\"twitter:card\" content=\"summary_large_image\" \/>\n<meta name=\"twitter:label1\" content=\"Escrito por\" \/>\n\t<meta name=\"twitter:data1\" content=\"adminuvb\" \/>\n\t<meta name=\"twitter:label2\" content=\"Est. tempo de leitura\" \/>\n\t<meta name=\"twitter:data2\" content=\"2 minutos\" \/>\n<script type=\"application\/ld+json\" class=\"yoast-schema-graph\">{\"@context\":\"https:\/\/schema.org\",\"@graph\":[{\"@type\":\"Article\",\"@id\":\"https:\/\/uvbbrasil.com.br\/controle-interno-modernizacao-da-gestao-publica\/#article\",\"isPartOf\":{\"@id\":\"https:\/\/uvbbrasil.com.br\/controle-interno-modernizacao-da-gestao-publica\/\"},\"author\":{\"name\":\"adminuvb\",\"@id\":\"https:\/\/uvbbrasil.com.br\/#\/schema\/person\/17990098446c098f52effddff4f1b272\"},\"headline\":\"Controle interno moderniza\u00e7\u00e3o da gest\u00e3o p\u00fablica\",\"datePublished\":\"2022-03-23T19:04:57+00:00\",\"mainEntityOfPage\":{\"@id\":\"https:\/\/uvbbrasil.com.br\/controle-interno-modernizacao-da-gestao-publica\/\"},\"wordCount\":335,\"commentCount\":0,\"publisher\":{\"@id\":\"https:\/\/uvbbrasil.com.br\/#organization\"},\"image\":{\"@id\":\"https:\/\/uvbbrasil.com.br\/controle-interno-modernizacao-da-gestao-publica\/#primaryimage\"},\"thumbnailUrl\":\"https:\/\/uvbbrasil.com.br\/wp-content\/uploads\/2022\/03\/WhatsApp-Image-2022-03-23-at-14.43.06.jpeg\",\"articleSection\":[\"NOT\u00cdCIAS\",\"UVB\"],\"inLanguage\":\"pt-BR\",\"potentialAction\":[{\"@type\":\"CommentAction\",\"name\":\"Comment\",\"target\":[\"https:\/\/uvbbrasil.com.br\/controle-interno-modernizacao-da-gestao-publica\/#respond\"]}]},{\"@type\":\"WebPage\",\"@id\":\"https:\/\/uvbbrasil.com.br\/controle-interno-modernizacao-da-gestao-publica\/\",\"url\":\"https:\/\/uvbbrasil.com.br\/controle-interno-modernizacao-da-gestao-publica\/\",\"name\":\"Controle interno moderniza\u00e7\u00e3o da gest\u00e3o p\u00fablica - UVB Brasil\",\"isPartOf\":{\"@id\":\"https:\/\/uvbbrasil.com.br\/#website\"},\"primaryImageOfPage\":{\"@id\":\"https:\/\/uvbbrasil.com.br\/controle-interno-modernizacao-da-gestao-publica\/#primaryimage\"},\"image\":{\"@id\":\"https:\/\/uvbbrasil.com.br\/controle-interno-modernizacao-da-gestao-publica\/#primaryimage\"},\"thumbnailUrl\":\"https:\/\/uvbbrasil.com.br\/wp-content\/uploads\/2022\/03\/WhatsApp-Image-2022-03-23-at-14.43.06.jpeg\",\"datePublished\":\"2022-03-23T19:04:57+00:00\",\"breadcrumb\":{\"@id\":\"https:\/\/uvbbrasil.com.br\/controle-interno-modernizacao-da-gestao-publica\/#breadcrumb\"},\"inLanguage\":\"pt-BR\",\"potentialAction\":[{\"@type\":\"ReadAction\",\"target\":[\"https:\/\/uvbbrasil.com.br\/controle-interno-modernizacao-da-gestao-publica\/\"]}]},{\"@type\":\"ImageObject\",\"inLanguage\":\"pt-BR\",\"@id\":\"https:\/\/uvbbrasil.com.br\/controle-interno-modernizacao-da-gestao-publica\/#primaryimage\",\"url\":\"https:\/\/uvbbrasil.com.br\/wp-content\/uploads\/2022\/03\/WhatsApp-Image-2022-03-23-at-14.43.06.jpeg\",\"contentUrl\":\"https:\/\/uvbbrasil.com.br\/wp-content\/uploads\/2022\/03\/WhatsApp-Image-2022-03-23-at-14.43.06.jpeg\",\"width\":1600,\"height\":721},{\"@type\":\"BreadcrumbList\",\"@id\":\"https:\/\/uvbbrasil.com.br\/controle-interno-modernizacao-da-gestao-publica\/#breadcrumb\",\"itemListElement\":[{\"@type\":\"ListItem\",\"position\":1,\"name\":\"In\u00edcio\",\"item\":\"https:\/\/uvbbrasil.com.br\/\"},{\"@type\":\"ListItem\",\"position\":2,\"name\":\"Controle interno moderniza\u00e7\u00e3o da gest\u00e3o p\u00fablica\"}]},{\"@type\":\"WebSite\",\"@id\":\"https:\/\/uvbbrasil.com.br\/#website\",\"url\":\"https:\/\/uvbbrasil.com.br\/\",\"name\":\"UVB Brasil\",\"description\":\"Uni\u00e3o dos Vereadores do Brasil\",\"publisher\":{\"@id\":\"https:\/\/uvbbrasil.com.br\/#organization\"},\"potentialAction\":[{\"@type\":\"SearchAction\",\"target\":{\"@type\":\"EntryPoint\",\"urlTemplate\":\"https:\/\/uvbbrasil.com.br\/?s={search_term_string}\"},\"query-input\":{\"@type\":\"PropertyValueSpecification\",\"valueRequired\":true,\"valueName\":\"search_term_string\"}}],\"inLanguage\":\"pt-BR\"},{\"@type\":\"Organization\",\"@id\":\"https:\/\/uvbbrasil.com.br\/#organization\",\"name\":\"UVB Brasil\",\"url\":\"https:\/\/uvbbrasil.com.br\/\",\"logo\":{\"@type\":\"ImageObject\",\"inLanguage\":\"pt-BR\",\"@id\":\"https:\/\/uvbbrasil.com.br\/#\/schema\/logo\/image\/\",\"url\":\"https:\/\/uvbbrasil.com.br\/wp-content\/uploads\/2025\/01\/LOGO-UVB-2024-azul-1.jpg\",\"contentUrl\":\"https:\/\/uvbbrasil.com.br\/wp-content\/uploads\/2025\/01\/LOGO-UVB-2024-azul-1.jpg\",\"width\":600,\"height\":211,\"caption\":\"UVB Brasil\"},\"image\":{\"@id\":\"https:\/\/uvbbrasil.com.br\/#\/schema\/logo\/image\/\"},\"sameAs\":[\"https:\/\/www.facebook.com\/uvb.vereadoresbrasil\",\"https:\/\/www.instagram.com\/uvbbrasil\/\",\"https:\/\/www.youtube.com\/channel\/UCIlPQ8Xzw5GHNzosQIg9S5A\"]},{\"@type\":\"Person\",\"@id\":\"https:\/\/uvbbrasil.com.br\/#\/schema\/person\/17990098446c098f52effddff4f1b272\",\"name\":\"adminuvb\",\"image\":{\"@type\":\"ImageObject\",\"inLanguage\":\"pt-BR\",\"@id\":\"https:\/\/uvbbrasil.com.br\/#\/schema\/person\/image\/\",\"url\":\"https:\/\/secure.gravatar.com\/avatar\/1a494ea6f8e2dd1ae526e55b0e9497efdba542491e0620d704cccf63c6f77c45?s=96&d=mm&r=g\",\"contentUrl\":\"https:\/\/secure.gravatar.com\/avatar\/1a494ea6f8e2dd1ae526e55b0e9497efdba542491e0620d704cccf63c6f77c45?s=96&d=mm&r=g\",\"caption\":\"adminuvb\"},\"sameAs\":[\"https:\/\/uvbbrasil.com.br\"],\"url\":\"https:\/\/uvbbrasil.com.br\/author\/adminuvb\/\"}]}<\/script>\n<!-- \/ Yoast SEO plugin. -->","yoast_head_json":{"title":"Controle interno moderniza\u00e7\u00e3o da gest\u00e3o p\u00fablica - UVB Brasil","robots":{"index":"index","follow":"follow","max-snippet":"max-snippet:-1","max-image-preview":"max-image-preview:large","max-video-preview":"max-video-preview:-1"},"canonical":"https:\/\/uvbbrasil.com.br\/controle-interno-modernizacao-da-gestao-publica\/","og_locale":"pt_BR","og_type":"article","og_title":"Controle interno moderniza\u00e7\u00e3o da gest\u00e3o p\u00fablica - UVB Brasil","og_description":"O Economista Lu\u00eds Carlos Zaia, apresentou aos participantes\u00a0 do Congresso Brasileiro de Legislativos em Porto Alegre\/RS, sobre o \u00a0sistema do...","og_url":"https:\/\/uvbbrasil.com.br\/controle-interno-modernizacao-da-gestao-publica\/","og_site_name":"UVB Brasil","article_publisher":"https:\/\/www.facebook.com\/uvb.vereadoresbrasil","article_published_time":"2022-03-23T19:04:57+00:00","og_image":[{"width":1600,"height":721,"url":"https:\/\/uvbbrasil.com.br\/wp-content\/uploads\/2022\/03\/WhatsApp-Image-2022-03-23-at-14.43.06.jpeg","type":"image\/jpeg"}],"author":"adminuvb","twitter_card":"summary_large_image","twitter_misc":{"Escrito por":"adminuvb","Est. tempo de leitura":"2 minutos"},"schema":{"@context":"https:\/\/schema.org","@graph":[{"@type":"Article","@id":"https:\/\/uvbbrasil.com.br\/controle-interno-modernizacao-da-gestao-publica\/#article","isPartOf":{"@id":"https:\/\/uvbbrasil.com.br\/controle-interno-modernizacao-da-gestao-publica\/"},"author":{"name":"adminuvb","@id":"https:\/\/uvbbrasil.com.br\/#\/schema\/person\/17990098446c098f52effddff4f1b272"},"headline":"Controle interno moderniza\u00e7\u00e3o da gest\u00e3o p\u00fablica","datePublished":"2022-03-23T19:04:57+00:00","mainEntityOfPage":{"@id":"https:\/\/uvbbrasil.com.br\/controle-interno-modernizacao-da-gestao-publica\/"},"wordCount":335,"commentCount":0,"publisher":{"@id":"https:\/\/uvbbrasil.com.br\/#organization"},"image":{"@id":"https:\/\/uvbbrasil.com.br\/controle-interno-modernizacao-da-gestao-publica\/#primaryimage"},"thumbnailUrl":"https:\/\/uvbbrasil.com.br\/wp-content\/uploads\/2022\/03\/WhatsApp-Image-2022-03-23-at-14.43.06.jpeg","articleSection":["NOT\u00cdCIAS","UVB"],"inLanguage":"pt-BR","potentialAction":[{"@type":"CommentAction","name":"Comment","target":["https:\/\/uvbbrasil.com.br\/controle-interno-modernizacao-da-gestao-publica\/#respond"]}]},{"@type":"WebPage","@id":"https:\/\/uvbbrasil.com.br\/controle-interno-modernizacao-da-gestao-publica\/","url":"https:\/\/uvbbrasil.com.br\/controle-interno-modernizacao-da-gestao-publica\/","name":"Controle interno moderniza\u00e7\u00e3o da gest\u00e3o p\u00fablica - UVB Brasil","isPartOf":{"@id":"https:\/\/uvbbrasil.com.br\/#website"},"primaryImageOfPage":{"@id":"https:\/\/uvbbrasil.com.br\/controle-interno-modernizacao-da-gestao-publica\/#primaryimage"},"image":{"@id":"https:\/\/uvbbrasil.com.br\/controle-interno-modernizacao-da-gestao-publica\/#primaryimage"},"thumbnailUrl":"https:\/\/uvbbrasil.com.br\/wp-content\/uploads\/2022\/03\/WhatsApp-Image-2022-03-23-at-14.43.06.jpeg","datePublished":"2022-03-23T19:04:57+00:00","breadcrumb":{"@id":"https:\/\/uvbbrasil.com.br\/controle-interno-modernizacao-da-gestao-publica\/#breadcrumb"},"inLanguage":"pt-BR","potentialAction":[{"@type":"ReadAction","target":["https:\/\/uvbbrasil.com.br\/controle-interno-modernizacao-da-gestao-publica\/"]}]},{"@type":"ImageObject","inLanguage":"pt-BR","@id":"https:\/\/uvbbrasil.com.br\/controle-interno-modernizacao-da-gestao-publica\/#primaryimage","url":"https:\/\/uvbbrasil.com.br\/wp-content\/uploads\/2022\/03\/WhatsApp-Image-2022-03-23-at-14.43.06.jpeg","contentUrl":"https:\/\/uvbbrasil.com.br\/wp-content\/uploads\/2022\/03\/WhatsApp-Image-2022-03-23-at-14.43.06.jpeg","width":1600,"height":721},{"@type":"BreadcrumbList","@id":"https:\/\/uvbbrasil.com.br\/controle-interno-modernizacao-da-gestao-publica\/#breadcrumb","itemListElement":[{"@type":"ListItem","position":1,"name":"In\u00edcio","item":"https:\/\/uvbbrasil.com.br\/"},{"@type":"ListItem","position":2,"name":"Controle interno moderniza\u00e7\u00e3o da gest\u00e3o p\u00fablica"}]},{"@type":"WebSite","@id":"https:\/\/uvbbrasil.com.br\/#website","url":"https:\/\/uvbbrasil.com.br\/","name":"UVB Brasil","description":"Uni\u00e3o dos Vereadores do Brasil","publisher":{"@id":"https:\/\/uvbbrasil.com.br\/#organization"},"potentialAction":[{"@type":"SearchAction","target":{"@type":"EntryPoint","urlTemplate":"https:\/\/uvbbrasil.com.br\/?s={search_term_string}"},"query-input":{"@type":"PropertyValueSpecification","valueRequired":true,"valueName":"search_term_string"}}],"inLanguage":"pt-BR"},{"@type":"Organization","@id":"https:\/\/uvbbrasil.com.br\/#organization","name":"UVB Brasil","url":"https:\/\/uvbbrasil.com.br\/","logo":{"@type":"ImageObject","inLanguage":"pt-BR","@id":"https:\/\/uvbbrasil.com.br\/#\/schema\/logo\/image\/","url":"https:\/\/uvbbrasil.com.br\/wp-content\/uploads\/2025\/01\/LOGO-UVB-2024-azul-1.jpg","contentUrl":"https:\/\/uvbbrasil.com.br\/wp-content\/uploads\/2025\/01\/LOGO-UVB-2024-azul-1.jpg","width":600,"height":211,"caption":"UVB Brasil"},"image":{"@id":"https:\/\/uvbbrasil.com.br\/#\/schema\/logo\/image\/"},"sameAs":["https:\/\/www.facebook.com\/uvb.vereadoresbrasil","https:\/\/www.instagram.com\/uvbbrasil\/","https:\/\/www.youtube.com\/channel\/UCIlPQ8Xzw5GHNzosQIg9S5A"]},{"@type":"Person","@id":"https:\/\/uvbbrasil.com.br\/#\/schema\/person\/17990098446c098f52effddff4f1b272","name":"adminuvb","image":{"@type":"ImageObject","inLanguage":"pt-BR","@id":"https:\/\/uvbbrasil.com.br\/#\/schema\/person\/image\/","url":"https:\/\/secure.gravatar.com\/avatar\/1a494ea6f8e2dd1ae526e55b0e9497efdba542491e0620d704cccf63c6f77c45?s=96&d=mm&r=g","contentUrl":"https:\/\/secure.gravatar.com\/avatar\/1a494ea6f8e2dd1ae526e55b0e9497efdba542491e0620d704cccf63c6f77c45?s=96&d=mm&r=g","caption":"adminuvb"},"sameAs":["https:\/\/uvbbrasil.com.br"],"url":"https:\/\/uvbbrasil.com.br\/author\/adminuvb\/"}]}},"_links":{"self":[{"href":"https:\/\/uvbbrasil.com.br\/uvb-json\/wp\/v2\/posts\/25392","targetHints":{"allow":["GET"]}}],"collection":[{"href":"https:\/\/uvbbrasil.com.br\/uvb-json\/wp\/v2\/posts"}],"about":[{"href":"https:\/\/uvbbrasil.com.br\/uvb-json\/wp\/v2\/types\/post"}],"author":[{"embeddable":true,"href":"https:\/\/uvbbrasil.com.br\/uvb-json\/wp\/v2\/users\/1"}],"replies":[{"embeddable":true,"href":"https:\/\/uvbbrasil.com.br\/uvb-json\/wp\/v2\/comments?post=25392"}],"version-history":[{"count":0,"href":"https:\/\/uvbbrasil.com.br\/uvb-json\/wp\/v2\/posts\/25392\/revisions"}],"wp:featuredmedia":[{"embeddable":true,"href":"https:\/\/uvbbrasil.com.br\/uvb-json\/wp\/v2\/media\/25394"}],"wp:attachment":[{"href":"https:\/\/uvbbrasil.com.br\/uvb-json\/wp\/v2\/media?parent=25392"}],"wp:term":[{"taxonomy":"category","embeddable":true,"href":"https:\/\/uvbbrasil.com.br\/uvb-json\/wp\/v2\/categories?post=25392"},{"taxonomy":"post_tag","embeddable":true,"href":"https:\/\/uvbbrasil.com.br\/uvb-json\/wp\/v2\/tags?post=25392"}],"curies":[{"name":"wp","href":"https:\/\/api.w.org\/{rel}","templated":true}]}}