{"id":25344,"date":"2022-03-18T16:02:08","date_gmt":"2022-03-18T19:02:08","guid":{"rendered":"https:\/\/wpsandbox4.pante.com.br\/?p=25344"},"modified":"2022-03-18T16:02:08","modified_gmt":"2022-03-18T19:02:08","slug":"encontro-nordestino-de-legislativos-municipais-em-triunfo-pe-3","status":"publish","type":"post","link":"https:\/\/uvbbrasil.com.br\/encontro-nordestino-de-legislativos-municipais-em-triunfo-pe-3\/","title":{"rendered":"Encontro Nordestino de Legislativos Municipais em Triunfo\/PE"},"content":{"rendered":"<div dir=\"auto\">Encontro Nordestino de Legislativos Municipais, promovido pela Uni\u00e3o de Vereadores do Brasil Seccional Pernambuco com o apoio da Uni\u00e3o dos Vereadores do Brasil\/UVB\u00a0 que ir\u00e1 acontecer na cidade de TRIUNFO\/PE, no espa\u00e7o Parque\u00a0 no per\u00edodo dia 23 \u00e0 26 de Mar\u00e7o de 2022.<\/div>\n<div dir=\"auto\"><\/div>\n<div dir=\"auto\">No encontro debateremos aspectos da atual pol\u00edtica pernambucana e nacional, sem esquecer de dialogar sobre a nossa querida cidade de Bonito\/PE.<\/div>\n<div dir=\"auto\">Programa\u00e7\u00e3o completa a baixo:<img fetchpriority=\"high\" decoding=\"async\" class=\"alignnone size-medium wp-image-25338\" src=\"https:\/\/uvbbrasil.com.br\/wp-content\/uploads\/2022\/02\/WhatsApp-Image-2022-03-18-at-15.30.56-263x300.jpeg\" alt=\"\" width=\"263\" height=\"300\" srcset=\"https:\/\/uvbbrasil.com.br\/wp-content\/uploads\/2022\/02\/WhatsApp-Image-2022-03-18-at-15.30.56-263x300.jpeg 263w, https:\/\/uvbbrasil.com.br\/wp-content\/uploads\/2022\/02\/WhatsApp-Image-2022-03-18-at-15.30.56.jpeg 700w\" sizes=\"(max-width: 263px) 100vw, 263px\" \/><img decoding=\"async\" class=\"alignnone size-medium wp-image-25339\" src=\"https:\/\/uvbbrasil.com.br\/wp-content\/uploads\/2022\/02\/WhatsApp-Image-2022-03-18-at-15.30.57-212x300.jpeg\" alt=\"\" width=\"212\" height=\"300\" srcset=\"https:\/\/uvbbrasil.com.br\/wp-content\/uploads\/2022\/02\/WhatsApp-Image-2022-03-18-at-15.30.57-212x300.jpeg 212w, https:\/\/uvbbrasil.com.br\/wp-content\/uploads\/2022\/02\/WhatsApp-Image-2022-03-18-at-15.30.57-724x1024.jpeg 724w, https:\/\/uvbbrasil.com.br\/wp-content\/uploads\/2022\/02\/WhatsApp-Image-2022-03-18-at-15.30.57-768x1086.jpeg 768w, https:\/\/uvbbrasil.com.br\/wp-content\/uploads\/2022\/02\/WhatsApp-Image-2022-03-18-at-15.30.57-1086x1536.jpeg 1086w, https:\/\/uvbbrasil.com.br\/wp-content\/uploads\/2022\/02\/WhatsApp-Image-2022-03-18-at-15.30.57.jpeg 1131w\" sizes=\"(max-width: 212px) 100vw, 212px\" \/><img decoding=\"async\" class=\"alignnone size-medium wp-image-25339\" src=\"https:\/\/uvbbrasil.com.br\/wp-content\/uploads\/2022\/02\/WhatsApp-Image-2022-03-18-at-15.30.57-212x300.jpeg\" alt=\"\" width=\"212\" height=\"300\" srcset=\"https:\/\/uvbbrasil.com.br\/wp-content\/uploads\/2022\/02\/WhatsApp-Image-2022-03-18-at-15.30.57-212x300.jpeg 212w, https:\/\/uvbbrasil.com.br\/wp-content\/uploads\/2022\/02\/WhatsApp-Image-2022-03-18-at-15.30.57-724x1024.jpeg 724w, https:\/\/uvbbrasil.com.br\/wp-content\/uploads\/2022\/02\/WhatsApp-Image-2022-03-18-at-15.30.57-768x1086.jpeg 768w, https:\/\/uvbbrasil.com.br\/wp-content\/uploads\/2022\/02\/WhatsApp-Image-2022-03-18-at-15.30.57-1086x1536.jpeg 1086w, https:\/\/uvbbrasil.com.br\/wp-content\/uploads\/2022\/02\/WhatsApp-Image-2022-03-18-at-15.30.57.jpeg 1131w\" sizes=\"(max-width: 212px) 100vw, 212px\" \/><\/div>\n<div dir=\"auto\"><img decoding=\"async\" class=\"alignnone size-medium wp-image-25340\" src=\"https:\/\/uvbbrasil.com.br\/wp-content\/uploads\/2022\/02\/WhatsApp-Image-2022-03-18-at-15.30.57-1-263x300.jpeg\" alt=\"\" width=\"263\" height=\"300\" srcset=\"https:\/\/uvbbrasil.com.br\/wp-content\/uploads\/2022\/02\/WhatsApp-Image-2022-03-18-at-15.30.57-1-263x300.jpeg 263w, https:\/\/uvbbrasil.com.br\/wp-content\/uploads\/2022\/02\/WhatsApp-Image-2022-03-18-at-15.30.57-1.jpeg 700w\" sizes=\"(max-width: 263px) 100vw, 263px\" \/><\/div>\n<div dir=\"auto\"><img loading=\"lazy\" decoding=\"async\" class=\"alignnone size-medium wp-image-25341\" src=\"https:\/\/uvbbrasil.com.br\/wp-content\/uploads\/2022\/02\/WhatsApp-Image-2022-03-18-at-15.30.57-2-263x300.jpeg\" alt=\"\" width=\"263\" height=\"300\" srcset=\"https:\/\/uvbbrasil.com.br\/wp-content\/uploads\/2022\/02\/WhatsApp-Image-2022-03-18-at-15.30.57-2-263x300.jpeg 263w, https:\/\/uvbbrasil.com.br\/wp-content\/uploads\/2022\/02\/WhatsApp-Image-2022-03-18-at-15.30.57-2.jpeg 700w\" sizes=\"(max-width: 263px) 100vw, 263px\" \/><img loading=\"lazy\" decoding=\"async\" class=\"alignnone size-medium wp-image-25124\" src=\"https:\/\/uvbbrasil.com.br\/wp-content\/uploads\/2022\/03\/WhatsApp-Image-2022-02-11-at-15.49.34-1-300x300.jpeg\" alt=\"\" width=\"300\" height=\"300\" srcset=\"https:\/\/uvbbrasil.com.br\/wp-content\/uploads\/2022\/03\/WhatsApp-Image-2022-02-11-at-15.49.34-1-300x300.jpeg 300w, https:\/\/uvbbrasil.com.br\/wp-content\/uploads\/2022\/03\/WhatsApp-Image-2022-02-11-at-15.49.34-1-1024x1024.jpeg 1024w, https:\/\/uvbbrasil.com.br\/wp-content\/uploads\/2022\/03\/WhatsApp-Image-2022-02-11-at-15.49.34-1-150x150.jpeg 150w, https:\/\/uvbbrasil.com.br\/wp-content\/uploads\/2022\/03\/WhatsApp-Image-2022-02-11-at-15.49.34-1-768x768.jpeg 768w, https:\/\/uvbbrasil.com.br\/wp-content\/uploads\/2022\/03\/WhatsApp-Image-2022-02-11-at-15.49.34-1.jpeg 1080w\" sizes=\"(max-width: 300px) 100vw, 300px\" \/><\/div>\n","protected":false},"excerpt":{"rendered":"<p>Encontro Nordestino de Legislativos Municipais, promovido pela Uni\u00e3o de Vereadores do Brasil Seccional Pernambuco com o apoio da Uni\u00e3o dos&#8230;<\/p>\n","protected":false},"author":1,"featured_media":25124,"comment_status":"open","ping_status":"open","sticky":false,"template":"","format":"standard","meta":{"footnotes":""},"categories":[3,4],"tags":[],"class_list":["post-25344","post","type-post","status-publish","format-standard","has-post-thumbnail","hentry","category-noticias","category-home"],"yoast_head":"<!-- This site is optimized with the Yoast SEO plugin v26.7 - https:\/\/yoast.com\/wordpress\/plugins\/seo\/ -->\n<title>Encontro Nordestino de Legislativos Municipais em Triunfo\/PE - UVB Brasil<\/title>\n<meta name=\"robots\" content=\"index, follow, max-snippet:-1, max-image-preview:large, max-video-preview:-1\" \/>\n<link rel=\"canonical\" href=\"https:\/\/uvbbrasil.com.br\/encontro-nordestino-de-legislativos-municipais-em-triunfo-pe-3\/\" \/>\n<meta property=\"og:locale\" content=\"pt_BR\" \/>\n<meta property=\"og:type\" content=\"article\" \/>\n<meta property=\"og:title\" content=\"Encontro Nordestino de Legislativos Municipais em Triunfo\/PE - UVB Brasil\" \/>\n<meta property=\"og:description\" content=\"Encontro Nordestino de Legislativos Municipais, promovido pela Uni\u00e3o de Vereadores do Brasil Seccional Pernambuco com o apoio da Uni\u00e3o dos...\" \/>\n<meta property=\"og:url\" content=\"https:\/\/uvbbrasil.com.br\/encontro-nordestino-de-legislativos-municipais-em-triunfo-pe-3\/\" \/>\n<meta property=\"og:site_name\" content=\"UVB Brasil\" \/>\n<meta property=\"article:publisher\" content=\"https:\/\/www.facebook.com\/uvb.vereadoresbrasil\" \/>\n<meta property=\"article:published_time\" content=\"2022-03-18T19:02:08+00:00\" \/>\n<meta property=\"og:image\" content=\"https:\/\/uvbbrasil.com.br\/wp-content\/uploads\/2022\/03\/WhatsApp-Image-2022-02-11-at-15.49.34-1.jpeg\" \/>\n\t<meta property=\"og:image:width\" content=\"1080\" \/>\n\t<meta property=\"og:image:height\" content=\"1080\" \/>\n\t<meta property=\"og:image:type\" content=\"image\/jpeg\" \/>\n<meta name=\"author\" content=\"adminuvb\" \/>\n<meta name=\"twitter:card\" content=\"summary_large_image\" \/>\n<meta name=\"twitter:label1\" content=\"Escrito por\" \/>\n\t<meta name=\"twitter:data1\" content=\"adminuvb\" \/>\n\t<meta name=\"twitter:label2\" content=\"Est. tempo de leitura\" \/>\n\t<meta name=\"twitter:data2\" content=\"2 minutos\" \/>\n<script type=\"application\/ld+json\" class=\"yoast-schema-graph\">{\"@context\":\"https:\/\/schema.org\",\"@graph\":[{\"@type\":\"Article\",\"@id\":\"https:\/\/uvbbrasil.com.br\/encontro-nordestino-de-legislativos-municipais-em-triunfo-pe-3\/#article\",\"isPartOf\":{\"@id\":\"https:\/\/uvbbrasil.com.br\/encontro-nordestino-de-legislativos-municipais-em-triunfo-pe-3\/\"},\"author\":{\"name\":\"adminuvb\",\"@id\":\"https:\/\/uvbbrasil.com.br\/#\/schema\/person\/17990098446c098f52effddff4f1b272\"},\"headline\":\"Encontro Nordestino de Legislativos Municipais em Triunfo\/PE\",\"datePublished\":\"2022-03-18T19:02:08+00:00\",\"mainEntityOfPage\":{\"@id\":\"https:\/\/uvbbrasil.com.br\/encontro-nordestino-de-legislativos-municipais-em-triunfo-pe-3\/\"},\"wordCount\":82,\"commentCount\":0,\"publisher\":{\"@id\":\"https:\/\/uvbbrasil.com.br\/#organization\"},\"image\":{\"@id\":\"https:\/\/uvbbrasil.com.br\/encontro-nordestino-de-legislativos-municipais-em-triunfo-pe-3\/#primaryimage\"},\"thumbnailUrl\":\"https:\/\/uvbbrasil.com.br\/wp-content\/uploads\/2022\/03\/WhatsApp-Image-2022-02-11-at-15.49.34-1.jpeg\",\"articleSection\":[\"NOT\u00cdCIAS\",\"UVB\"],\"inLanguage\":\"pt-BR\",\"potentialAction\":[{\"@type\":\"CommentAction\",\"name\":\"Comment\",\"target\":[\"https:\/\/uvbbrasil.com.br\/encontro-nordestino-de-legislativos-municipais-em-triunfo-pe-3\/#respond\"]}]},{\"@type\":\"WebPage\",\"@id\":\"https:\/\/uvbbrasil.com.br\/encontro-nordestino-de-legislativos-municipais-em-triunfo-pe-3\/\",\"url\":\"https:\/\/uvbbrasil.com.br\/encontro-nordestino-de-legislativos-municipais-em-triunfo-pe-3\/\",\"name\":\"Encontro Nordestino de Legislativos Municipais em Triunfo\/PE - UVB Brasil\",\"isPartOf\":{\"@id\":\"https:\/\/uvbbrasil.com.br\/#website\"},\"primaryImageOfPage\":{\"@id\":\"https:\/\/uvbbrasil.com.br\/encontro-nordestino-de-legislativos-municipais-em-triunfo-pe-3\/#primaryimage\"},\"image\":{\"@id\":\"https:\/\/uvbbrasil.com.br\/encontro-nordestino-de-legislativos-municipais-em-triunfo-pe-3\/#primaryimage\"},\"thumbnailUrl\":\"https:\/\/uvbbrasil.com.br\/wp-content\/uploads\/2022\/03\/WhatsApp-Image-2022-02-11-at-15.49.34-1.jpeg\",\"datePublished\":\"2022-03-18T19:02:08+00:00\",\"breadcrumb\":{\"@id\":\"https:\/\/uvbbrasil.com.br\/encontro-nordestino-de-legislativos-municipais-em-triunfo-pe-3\/#breadcrumb\"},\"inLanguage\":\"pt-BR\",\"potentialAction\":[{\"@type\":\"ReadAction\",\"target\":[\"https:\/\/uvbbrasil.com.br\/encontro-nordestino-de-legislativos-municipais-em-triunfo-pe-3\/\"]}]},{\"@type\":\"ImageObject\",\"inLanguage\":\"pt-BR\",\"@id\":\"https:\/\/uvbbrasil.com.br\/encontro-nordestino-de-legislativos-municipais-em-triunfo-pe-3\/#primaryimage\",\"url\":\"https:\/\/uvbbrasil.com.br\/wp-content\/uploads\/2022\/03\/WhatsApp-Image-2022-02-11-at-15.49.34-1.jpeg\",\"contentUrl\":\"https:\/\/uvbbrasil.com.br\/wp-content\/uploads\/2022\/03\/WhatsApp-Image-2022-02-11-at-15.49.34-1.jpeg\",\"width\":1080,\"height\":1080},{\"@type\":\"BreadcrumbList\",\"@id\":\"https:\/\/uvbbrasil.com.br\/encontro-nordestino-de-legislativos-municipais-em-triunfo-pe-3\/#breadcrumb\",\"itemListElement\":[{\"@type\":\"ListItem\",\"position\":1,\"name\":\"In\u00edcio\",\"item\":\"https:\/\/uvbbrasil.com.br\/\"},{\"@type\":\"ListItem\",\"position\":2,\"name\":\"Encontro Nordestino de Legislativos Municipais em Triunfo\/PE\"}]},{\"@type\":\"WebSite\",\"@id\":\"https:\/\/uvbbrasil.com.br\/#website\",\"url\":\"https:\/\/uvbbrasil.com.br\/\",\"name\":\"UVB Brasil\",\"description\":\"Uni\u00e3o dos Vereadores do Brasil\",\"publisher\":{\"@id\":\"https:\/\/uvbbrasil.com.br\/#organization\"},\"potentialAction\":[{\"@type\":\"SearchAction\",\"target\":{\"@type\":\"EntryPoint\",\"urlTemplate\":\"https:\/\/uvbbrasil.com.br\/?s={search_term_string}\"},\"query-input\":{\"@type\":\"PropertyValueSpecification\",\"valueRequired\":true,\"valueName\":\"search_term_string\"}}],\"inLanguage\":\"pt-BR\"},{\"@type\":\"Organization\",\"@id\":\"https:\/\/uvbbrasil.com.br\/#organization\",\"name\":\"UVB Brasil\",\"url\":\"https:\/\/uvbbrasil.com.br\/\",\"logo\":{\"@type\":\"ImageObject\",\"inLanguage\":\"pt-BR\",\"@id\":\"https:\/\/uvbbrasil.com.br\/#\/schema\/logo\/image\/\",\"url\":\"https:\/\/uvbbrasil.com.br\/wp-content\/uploads\/2025\/01\/LOGO-UVB-2024-azul-1.jpg\",\"contentUrl\":\"https:\/\/uvbbrasil.com.br\/wp-content\/uploads\/2025\/01\/LOGO-UVB-2024-azul-1.jpg\",\"width\":600,\"height\":211,\"caption\":\"UVB Brasil\"},\"image\":{\"@id\":\"https:\/\/uvbbrasil.com.br\/#\/schema\/logo\/image\/\"},\"sameAs\":[\"https:\/\/www.facebook.com\/uvb.vereadoresbrasil\",\"https:\/\/www.instagram.com\/uvbbrasil\/\",\"https:\/\/www.youtube.com\/channel\/UCIlPQ8Xzw5GHNzosQIg9S5A\"]},{\"@type\":\"Person\",\"@id\":\"https:\/\/uvbbrasil.com.br\/#\/schema\/person\/17990098446c098f52effddff4f1b272\",\"name\":\"adminuvb\",\"image\":{\"@type\":\"ImageObject\",\"inLanguage\":\"pt-BR\",\"@id\":\"https:\/\/uvbbrasil.com.br\/#\/schema\/person\/image\/\",\"url\":\"https:\/\/secure.gravatar.com\/avatar\/1a494ea6f8e2dd1ae526e55b0e9497efdba542491e0620d704cccf63c6f77c45?s=96&d=mm&r=g\",\"contentUrl\":\"https:\/\/secure.gravatar.com\/avatar\/1a494ea6f8e2dd1ae526e55b0e9497efdba542491e0620d704cccf63c6f77c45?s=96&d=mm&r=g\",\"caption\":\"adminuvb\"},\"sameAs\":[\"https:\/\/uvbbrasil.com.br\"],\"url\":\"https:\/\/uvbbrasil.com.br\/author\/adminuvb\/\"}]}<\/script>\n<!-- \/ Yoast SEO plugin. -->","yoast_head_json":{"title":"Encontro Nordestino de Legislativos Municipais em Triunfo\/PE - UVB Brasil","robots":{"index":"index","follow":"follow","max-snippet":"max-snippet:-1","max-image-preview":"max-image-preview:large","max-video-preview":"max-video-preview:-1"},"canonical":"https:\/\/uvbbrasil.com.br\/encontro-nordestino-de-legislativos-municipais-em-triunfo-pe-3\/","og_locale":"pt_BR","og_type":"article","og_title":"Encontro Nordestino de Legislativos Municipais em Triunfo\/PE - UVB Brasil","og_description":"Encontro Nordestino de Legislativos Municipais, promovido pela Uni\u00e3o de Vereadores do Brasil Seccional Pernambuco com o apoio da Uni\u00e3o dos...","og_url":"https:\/\/uvbbrasil.com.br\/encontro-nordestino-de-legislativos-municipais-em-triunfo-pe-3\/","og_site_name":"UVB Brasil","article_publisher":"https:\/\/www.facebook.com\/uvb.vereadoresbrasil","article_published_time":"2022-03-18T19:02:08+00:00","og_image":[{"width":1080,"height":1080,"url":"https:\/\/uvbbrasil.com.br\/wp-content\/uploads\/2022\/03\/WhatsApp-Image-2022-02-11-at-15.49.34-1.jpeg","type":"image\/jpeg"}],"author":"adminuvb","twitter_card":"summary_large_image","twitter_misc":{"Escrito por":"adminuvb","Est. tempo de leitura":"2 minutos"},"schema":{"@context":"https:\/\/schema.org","@graph":[{"@type":"Article","@id":"https:\/\/uvbbrasil.com.br\/encontro-nordestino-de-legislativos-municipais-em-triunfo-pe-3\/#article","isPartOf":{"@id":"https:\/\/uvbbrasil.com.br\/encontro-nordestino-de-legislativos-municipais-em-triunfo-pe-3\/"},"author":{"name":"adminuvb","@id":"https:\/\/uvbbrasil.com.br\/#\/schema\/person\/17990098446c098f52effddff4f1b272"},"headline":"Encontro Nordestino de Legislativos Municipais em Triunfo\/PE","datePublished":"2022-03-18T19:02:08+00:00","mainEntityOfPage":{"@id":"https:\/\/uvbbrasil.com.br\/encontro-nordestino-de-legislativos-municipais-em-triunfo-pe-3\/"},"wordCount":82,"commentCount":0,"publisher":{"@id":"https:\/\/uvbbrasil.com.br\/#organization"},"image":{"@id":"https:\/\/uvbbrasil.com.br\/encontro-nordestino-de-legislativos-municipais-em-triunfo-pe-3\/#primaryimage"},"thumbnailUrl":"https:\/\/uvbbrasil.com.br\/wp-content\/uploads\/2022\/03\/WhatsApp-Image-2022-02-11-at-15.49.34-1.jpeg","articleSection":["NOT\u00cdCIAS","UVB"],"inLanguage":"pt-BR","potentialAction":[{"@type":"CommentAction","name":"Comment","target":["https:\/\/uvbbrasil.com.br\/encontro-nordestino-de-legislativos-municipais-em-triunfo-pe-3\/#respond"]}]},{"@type":"WebPage","@id":"https:\/\/uvbbrasil.com.br\/encontro-nordestino-de-legislativos-municipais-em-triunfo-pe-3\/","url":"https:\/\/uvbbrasil.com.br\/encontro-nordestino-de-legislativos-municipais-em-triunfo-pe-3\/","name":"Encontro Nordestino de Legislativos Municipais em Triunfo\/PE - UVB Brasil","isPartOf":{"@id":"https:\/\/uvbbrasil.com.br\/#website"},"primaryImageOfPage":{"@id":"https:\/\/uvbbrasil.com.br\/encontro-nordestino-de-legislativos-municipais-em-triunfo-pe-3\/#primaryimage"},"image":{"@id":"https:\/\/uvbbrasil.com.br\/encontro-nordestino-de-legislativos-municipais-em-triunfo-pe-3\/#primaryimage"},"thumbnailUrl":"https:\/\/uvbbrasil.com.br\/wp-content\/uploads\/2022\/03\/WhatsApp-Image-2022-02-11-at-15.49.34-1.jpeg","datePublished":"2022-03-18T19:02:08+00:00","breadcrumb":{"@id":"https:\/\/uvbbrasil.com.br\/encontro-nordestino-de-legislativos-municipais-em-triunfo-pe-3\/#breadcrumb"},"inLanguage":"pt-BR","potentialAction":[{"@type":"ReadAction","target":["https:\/\/uvbbrasil.com.br\/encontro-nordestino-de-legislativos-municipais-em-triunfo-pe-3\/"]}]},{"@type":"ImageObject","inLanguage":"pt-BR","@id":"https:\/\/uvbbrasil.com.br\/encontro-nordestino-de-legislativos-municipais-em-triunfo-pe-3\/#primaryimage","url":"https:\/\/uvbbrasil.com.br\/wp-content\/uploads\/2022\/03\/WhatsApp-Image-2022-02-11-at-15.49.34-1.jpeg","contentUrl":"https:\/\/uvbbrasil.com.br\/wp-content\/uploads\/2022\/03\/WhatsApp-Image-2022-02-11-at-15.49.34-1.jpeg","width":1080,"height":1080},{"@type":"BreadcrumbList","@id":"https:\/\/uvbbrasil.com.br\/encontro-nordestino-de-legislativos-municipais-em-triunfo-pe-3\/#breadcrumb","itemListElement":[{"@type":"ListItem","position":1,"name":"In\u00edcio","item":"https:\/\/uvbbrasil.com.br\/"},{"@type":"ListItem","position":2,"name":"Encontro Nordestino de Legislativos Municipais em Triunfo\/PE"}]},{"@type":"WebSite","@id":"https:\/\/uvbbrasil.com.br\/#website","url":"https:\/\/uvbbrasil.com.br\/","name":"UVB Brasil","description":"Uni\u00e3o dos Vereadores do Brasil","publisher":{"@id":"https:\/\/uvbbrasil.com.br\/#organization"},"potentialAction":[{"@type":"SearchAction","target":{"@type":"EntryPoint","urlTemplate":"https:\/\/uvbbrasil.com.br\/?s={search_term_string}"},"query-input":{"@type":"PropertyValueSpecification","valueRequired":true,"valueName":"search_term_string"}}],"inLanguage":"pt-BR"},{"@type":"Organization","@id":"https:\/\/uvbbrasil.com.br\/#organization","name":"UVB Brasil","url":"https:\/\/uvbbrasil.com.br\/","logo":{"@type":"ImageObject","inLanguage":"pt-BR","@id":"https:\/\/uvbbrasil.com.br\/#\/schema\/logo\/image\/","url":"https:\/\/uvbbrasil.com.br\/wp-content\/uploads\/2025\/01\/LOGO-UVB-2024-azul-1.jpg","contentUrl":"https:\/\/uvbbrasil.com.br\/wp-content\/uploads\/2025\/01\/LOGO-UVB-2024-azul-1.jpg","width":600,"height":211,"caption":"UVB Brasil"},"image":{"@id":"https:\/\/uvbbrasil.com.br\/#\/schema\/logo\/image\/"},"sameAs":["https:\/\/www.facebook.com\/uvb.vereadoresbrasil","https:\/\/www.instagram.com\/uvbbrasil\/","https:\/\/www.youtube.com\/channel\/UCIlPQ8Xzw5GHNzosQIg9S5A"]},{"@type":"Person","@id":"https:\/\/uvbbrasil.com.br\/#\/schema\/person\/17990098446c098f52effddff4f1b272","name":"adminuvb","image":{"@type":"ImageObject","inLanguage":"pt-BR","@id":"https:\/\/uvbbrasil.com.br\/#\/schema\/person\/image\/","url":"https:\/\/secure.gravatar.com\/avatar\/1a494ea6f8e2dd1ae526e55b0e9497efdba542491e0620d704cccf63c6f77c45?s=96&d=mm&r=g","contentUrl":"https:\/\/secure.gravatar.com\/avatar\/1a494ea6f8e2dd1ae526e55b0e9497efdba542491e0620d704cccf63c6f77c45?s=96&d=mm&r=g","caption":"adminuvb"},"sameAs":["https:\/\/uvbbrasil.com.br"],"url":"https:\/\/uvbbrasil.com.br\/author\/adminuvb\/"}]}},"_links":{"self":[{"href":"https:\/\/uvbbrasil.com.br\/uvb-json\/wp\/v2\/posts\/25344","targetHints":{"allow":["GET"]}}],"collection":[{"href":"https:\/\/uvbbrasil.com.br\/uvb-json\/wp\/v2\/posts"}],"about":[{"href":"https:\/\/uvbbrasil.com.br\/uvb-json\/wp\/v2\/types\/post"}],"author":[{"embeddable":true,"href":"https:\/\/uvbbrasil.com.br\/uvb-json\/wp\/v2\/users\/1"}],"replies":[{"embeddable":true,"href":"https:\/\/uvbbrasil.com.br\/uvb-json\/wp\/v2\/comments?post=25344"}],"version-history":[{"count":0,"href":"https:\/\/uvbbrasil.com.br\/uvb-json\/wp\/v2\/posts\/25344\/revisions"}],"wp:featuredmedia":[{"embeddable":true,"href":"https:\/\/uvbbrasil.com.br\/uvb-json\/wp\/v2\/media\/25124"}],"wp:attachment":[{"href":"https:\/\/uvbbrasil.com.br\/uvb-json\/wp\/v2\/media?parent=25344"}],"wp:term":[{"taxonomy":"category","embeddable":true,"href":"https:\/\/uvbbrasil.com.br\/uvb-json\/wp\/v2\/categories?post=25344"},{"taxonomy":"post_tag","embeddable":true,"href":"https:\/\/uvbbrasil.com.br\/uvb-json\/wp\/v2\/tags?post=25344"}],"curies":[{"name":"wp","href":"https:\/\/api.w.org\/{rel}","templated":true}]}}