{"id":25318,"date":"2022-03-17T18:12:07","date_gmt":"2022-03-17T21:12:07","guid":{"rendered":"https:\/\/wpsandbox4.pante.com.br\/?p=25318"},"modified":"2022-03-17T18:12:07","modified_gmt":"2022-03-17T21:12:07","slug":"a-lei-geral-de-protecao-de-dados-lgpd","status":"publish","type":"post","link":"https:\/\/uvbbrasil.com.br\/a-lei-geral-de-protecao-de-dados-lgpd\/","title":{"rendered":"A Lei geral de prote\u00e7\u00e3o de dados\/LGPD"},"content":{"rendered":"<p>Dra. Janaina Novais e o advogado Wallys Silva\u00a0 especialistas em prote\u00e7\u00e3o de dados\/ LGPD, apresentaram painel no Encontro de Legislativos da UVB, em Natal, nesta quinta-feira(17), sobre a lei geral de prote\u00e7\u00e3o de dados em especial no \u00e2mbito dos entes p\u00fablicos, abordaram sobre o que \u00e9 a lei, o que ela exigi, a sua import\u00e2ncia e os risco de n\u00e3o ser devidamente cumprida, \u00e9 uma determina\u00e7\u00e3o que todos deve fazer a adequa\u00e7\u00e3o a implementa\u00e7\u00e3o desta lei tanto nos entes privados como em entes p\u00fablicos. O processo de implementa\u00e7\u00e3o e as medidas que os \u00f3rg\u00e3os p\u00fablicos precisam tomar para que seja feita esta adequa\u00e7\u00e3o a lei geral.<\/p>\n<p>A lei geral de prote\u00e7\u00e3o de dados foi promulgada \u00a0para proteger os direitos fundamentais de liberdade e de privacidade e a livre forma\u00e7\u00e3o da personalidade de cada indiv\u00edduo. A Lei fala sobre o tratamento de dados pessoais, dispostos em meio f\u00edsico ou digital, feito por pessoa f\u00edsica ou jur\u00eddica de direito p\u00fablico ou privado, englobando um amplo conjunto de opera\u00e7\u00f5es que podem ocorrer em meios manuais ou digitais.<\/p>\n<p>O compartilhamento dentro da administra\u00e7\u00e3o p\u00fablica, no \u00e2mbito da execu\u00e7\u00e3o de pol\u00edticas p\u00fablicas, \u00e9 previsto na Lei e dispensa o consentimento espec\u00edfico. Contudo, o \u00f3rg\u00e3o que coleta deve informar com transpar\u00eancia qual dado ser\u00e1 compartilhado e com quem. Do outro lado, o \u00f3rg\u00e3o que solicita receber o compartilhamento precisa justificar esse acesso com base na execu\u00e7\u00e3o de uma pol\u00edtica p\u00fablica espec\u00edfica e claramente determinada, descrevendo o motivo da solicita\u00e7\u00e3o de acesso e o uso que ser\u00e1 feito com os dados. Informa\u00e7\u00f5es protegidas por sigilo seguem protegidas e sujeitas a normativos e regras espec\u00edficas. Essas e outras quest\u00f5es fundamentais devem ser observadas pelos \u00f3rg\u00e3os e entidades da administra\u00e7\u00e3o federal no sentido de assegurar a conformidade do tratamento de dados pessoais de acordo com as hip\u00f3teses legais e princ\u00edpios da LGPD.<\/p>\n<p><img fetchpriority=\"high\" decoding=\"async\" class=\"alignnone size-medium wp-image-25319\" src=\"https:\/\/uvbbrasil.com.br\/wp-content\/uploads\/2022\/03\/WhatsApp-Image-2022-03-17-at-15.31.11-300x169.jpeg\" alt=\"\" width=\"300\" height=\"169\" srcset=\"https:\/\/uvbbrasil.com.br\/wp-content\/uploads\/2022\/03\/WhatsApp-Image-2022-03-17-at-15.31.11-300x169.jpeg 300w, https:\/\/uvbbrasil.com.br\/wp-content\/uploads\/2022\/03\/WhatsApp-Image-2022-03-17-at-15.31.11-1024x576.jpeg 1024w, https:\/\/uvbbrasil.com.br\/wp-content\/uploads\/2022\/03\/WhatsApp-Image-2022-03-17-at-15.31.11-768x432.jpeg 768w, https:\/\/uvbbrasil.com.br\/wp-content\/uploads\/2022\/03\/WhatsApp-Image-2022-03-17-at-15.31.11-1536x864.jpeg 1536w, https:\/\/uvbbrasil.com.br\/wp-content\/uploads\/2022\/03\/WhatsApp-Image-2022-03-17-at-15.31.11.jpeg 1600w\" sizes=\"(max-width: 300px) 100vw, 300px\" \/><img decoding=\"async\" class=\"alignnone size-medium wp-image-25320\" src=\"https:\/\/uvbbrasil.com.br\/wp-content\/uploads\/2022\/03\/WhatsApp-Image-2022-03-17-at-15.31.12-300x169.jpeg\" alt=\"\" width=\"300\" height=\"169\" srcset=\"https:\/\/uvbbrasil.com.br\/wp-content\/uploads\/2022\/03\/WhatsApp-Image-2022-03-17-at-15.31.12-300x169.jpeg 300w, https:\/\/uvbbrasil.com.br\/wp-content\/uploads\/2022\/03\/WhatsApp-Image-2022-03-17-at-15.31.12-1024x576.jpeg 1024w, https:\/\/uvbbrasil.com.br\/wp-content\/uploads\/2022\/03\/WhatsApp-Image-2022-03-17-at-15.31.12-768x432.jpeg 768w, https:\/\/uvbbrasil.com.br\/wp-content\/uploads\/2022\/03\/WhatsApp-Image-2022-03-17-at-15.31.12-1536x864.jpeg 1536w, https:\/\/uvbbrasil.com.br\/wp-content\/uploads\/2022\/03\/WhatsApp-Image-2022-03-17-at-15.31.12.jpeg 1600w\" sizes=\"(max-width: 300px) 100vw, 300px\" \/><img decoding=\"async\" class=\"alignnone size-medium wp-image-25321\" src=\"https:\/\/uvbbrasil.com.br\/wp-content\/uploads\/2022\/03\/WhatsApp-Image-2022-03-17-at-15.31.12-1-300x169.jpeg\" alt=\"\" width=\"300\" height=\"169\" srcset=\"https:\/\/uvbbrasil.com.br\/wp-content\/uploads\/2022\/03\/WhatsApp-Image-2022-03-17-at-15.31.12-1-300x169.jpeg 300w, https:\/\/uvbbrasil.com.br\/wp-content\/uploads\/2022\/03\/WhatsApp-Image-2022-03-17-at-15.31.12-1-1024x576.jpeg 1024w, https:\/\/uvbbrasil.com.br\/wp-content\/uploads\/2022\/03\/WhatsApp-Image-2022-03-17-at-15.31.12-1-768x432.jpeg 768w, https:\/\/uvbbrasil.com.br\/wp-content\/uploads\/2022\/03\/WhatsApp-Image-2022-03-17-at-15.31.12-1-1536x864.jpeg 1536w, https:\/\/uvbbrasil.com.br\/wp-content\/uploads\/2022\/03\/WhatsApp-Image-2022-03-17-at-15.31.12-1.jpeg 1600w\" sizes=\"(max-width: 300px) 100vw, 300px\" \/><\/p>\n","protected":false},"excerpt":{"rendered":"<p>Dra. Janaina Novais e o advogado Wallys Silva\u00a0 especialistas em prote\u00e7\u00e3o de dados\/ LGPD, apresentaram painel no Encontro de Legislativos&#8230;<\/p>\n","protected":false},"author":1,"featured_media":25321,"comment_status":"open","ping_status":"open","sticky":false,"template":"","format":"standard","meta":{"footnotes":""},"categories":[3,4],"tags":[],"class_list":["post-25318","post","type-post","status-publish","format-standard","has-post-thumbnail","hentry","category-noticias","category-home"],"yoast_head":"<!-- This site is optimized with the Yoast SEO plugin v26.7 - https:\/\/yoast.com\/wordpress\/plugins\/seo\/ -->\n<title>A Lei geral de prote\u00e7\u00e3o de dados\/LGPD - UVB Brasil<\/title>\n<meta name=\"robots\" content=\"index, follow, max-snippet:-1, max-image-preview:large, max-video-preview:-1\" \/>\n<link rel=\"canonical\" href=\"https:\/\/uvbbrasil.com.br\/a-lei-geral-de-protecao-de-dados-lgpd\/\" \/>\n<meta property=\"og:locale\" content=\"pt_BR\" \/>\n<meta property=\"og:type\" content=\"article\" \/>\n<meta property=\"og:title\" content=\"A Lei geral de prote\u00e7\u00e3o de dados\/LGPD - UVB Brasil\" \/>\n<meta property=\"og:description\" content=\"Dra. Janaina Novais e o advogado Wallys Silva\u00a0 especialistas em prote\u00e7\u00e3o de dados\/ LGPD, apresentaram painel no Encontro de Legislativos...\" \/>\n<meta property=\"og:url\" content=\"https:\/\/uvbbrasil.com.br\/a-lei-geral-de-protecao-de-dados-lgpd\/\" \/>\n<meta property=\"og:site_name\" content=\"UVB Brasil\" \/>\n<meta property=\"article:publisher\" content=\"https:\/\/www.facebook.com\/uvb.vereadoresbrasil\" \/>\n<meta property=\"article:published_time\" content=\"2022-03-17T21:12:07+00:00\" \/>\n<meta property=\"og:image\" content=\"https:\/\/uvbbrasil.com.br\/wp-content\/uploads\/2022\/03\/WhatsApp-Image-2022-03-17-at-15.31.12-1.jpeg\" \/>\n\t<meta property=\"og:image:width\" content=\"1600\" \/>\n\t<meta property=\"og:image:height\" content=\"900\" \/>\n\t<meta property=\"og:image:type\" content=\"image\/jpeg\" \/>\n<meta name=\"author\" content=\"adminuvb\" \/>\n<meta name=\"twitter:card\" content=\"summary_large_image\" \/>\n<meta name=\"twitter:label1\" content=\"Escrito por\" \/>\n\t<meta name=\"twitter:data1\" content=\"adminuvb\" \/>\n\t<meta name=\"twitter:label2\" content=\"Est. tempo de leitura\" \/>\n\t<meta name=\"twitter:data2\" content=\"2 minutos\" \/>\n<script type=\"application\/ld+json\" class=\"yoast-schema-graph\">{\"@context\":\"https:\/\/schema.org\",\"@graph\":[{\"@type\":\"Article\",\"@id\":\"https:\/\/uvbbrasil.com.br\/a-lei-geral-de-protecao-de-dados-lgpd\/#article\",\"isPartOf\":{\"@id\":\"https:\/\/uvbbrasil.com.br\/a-lei-geral-de-protecao-de-dados-lgpd\/\"},\"author\":{\"name\":\"adminuvb\",\"@id\":\"https:\/\/uvbbrasil.com.br\/#\/schema\/person\/17990098446c098f52effddff4f1b272\"},\"headline\":\"A Lei geral de prote\u00e7\u00e3o de dados\/LGPD\",\"datePublished\":\"2022-03-17T21:12:07+00:00\",\"mainEntityOfPage\":{\"@id\":\"https:\/\/uvbbrasil.com.br\/a-lei-geral-de-protecao-de-dados-lgpd\/\"},\"wordCount\":351,\"commentCount\":0,\"publisher\":{\"@id\":\"https:\/\/uvbbrasil.com.br\/#organization\"},\"image\":{\"@id\":\"https:\/\/uvbbrasil.com.br\/a-lei-geral-de-protecao-de-dados-lgpd\/#primaryimage\"},\"thumbnailUrl\":\"https:\/\/uvbbrasil.com.br\/wp-content\/uploads\/2022\/03\/WhatsApp-Image-2022-03-17-at-15.31.12-1.jpeg\",\"articleSection\":[\"NOT\u00cdCIAS\",\"UVB\"],\"inLanguage\":\"pt-BR\",\"potentialAction\":[{\"@type\":\"CommentAction\",\"name\":\"Comment\",\"target\":[\"https:\/\/uvbbrasil.com.br\/a-lei-geral-de-protecao-de-dados-lgpd\/#respond\"]}]},{\"@type\":\"WebPage\",\"@id\":\"https:\/\/uvbbrasil.com.br\/a-lei-geral-de-protecao-de-dados-lgpd\/\",\"url\":\"https:\/\/uvbbrasil.com.br\/a-lei-geral-de-protecao-de-dados-lgpd\/\",\"name\":\"A Lei geral de prote\u00e7\u00e3o de dados\/LGPD - UVB Brasil\",\"isPartOf\":{\"@id\":\"https:\/\/uvbbrasil.com.br\/#website\"},\"primaryImageOfPage\":{\"@id\":\"https:\/\/uvbbrasil.com.br\/a-lei-geral-de-protecao-de-dados-lgpd\/#primaryimage\"},\"image\":{\"@id\":\"https:\/\/uvbbrasil.com.br\/a-lei-geral-de-protecao-de-dados-lgpd\/#primaryimage\"},\"thumbnailUrl\":\"https:\/\/uvbbrasil.com.br\/wp-content\/uploads\/2022\/03\/WhatsApp-Image-2022-03-17-at-15.31.12-1.jpeg\",\"datePublished\":\"2022-03-17T21:12:07+00:00\",\"breadcrumb\":{\"@id\":\"https:\/\/uvbbrasil.com.br\/a-lei-geral-de-protecao-de-dados-lgpd\/#breadcrumb\"},\"inLanguage\":\"pt-BR\",\"potentialAction\":[{\"@type\":\"ReadAction\",\"target\":[\"https:\/\/uvbbrasil.com.br\/a-lei-geral-de-protecao-de-dados-lgpd\/\"]}]},{\"@type\":\"ImageObject\",\"inLanguage\":\"pt-BR\",\"@id\":\"https:\/\/uvbbrasil.com.br\/a-lei-geral-de-protecao-de-dados-lgpd\/#primaryimage\",\"url\":\"https:\/\/uvbbrasil.com.br\/wp-content\/uploads\/2022\/03\/WhatsApp-Image-2022-03-17-at-15.31.12-1.jpeg\",\"contentUrl\":\"https:\/\/uvbbrasil.com.br\/wp-content\/uploads\/2022\/03\/WhatsApp-Image-2022-03-17-at-15.31.12-1.jpeg\",\"width\":1600,\"height\":900},{\"@type\":\"BreadcrumbList\",\"@id\":\"https:\/\/uvbbrasil.com.br\/a-lei-geral-de-protecao-de-dados-lgpd\/#breadcrumb\",\"itemListElement\":[{\"@type\":\"ListItem\",\"position\":1,\"name\":\"In\u00edcio\",\"item\":\"https:\/\/uvbbrasil.com.br\/\"},{\"@type\":\"ListItem\",\"position\":2,\"name\":\"A Lei geral de prote\u00e7\u00e3o de dados\/LGPD\"}]},{\"@type\":\"WebSite\",\"@id\":\"https:\/\/uvbbrasil.com.br\/#website\",\"url\":\"https:\/\/uvbbrasil.com.br\/\",\"name\":\"UVB Brasil\",\"description\":\"Uni\u00e3o dos Vereadores do Brasil\",\"publisher\":{\"@id\":\"https:\/\/uvbbrasil.com.br\/#organization\"},\"potentialAction\":[{\"@type\":\"SearchAction\",\"target\":{\"@type\":\"EntryPoint\",\"urlTemplate\":\"https:\/\/uvbbrasil.com.br\/?s={search_term_string}\"},\"query-input\":{\"@type\":\"PropertyValueSpecification\",\"valueRequired\":true,\"valueName\":\"search_term_string\"}}],\"inLanguage\":\"pt-BR\"},{\"@type\":\"Organization\",\"@id\":\"https:\/\/uvbbrasil.com.br\/#organization\",\"name\":\"UVB Brasil\",\"url\":\"https:\/\/uvbbrasil.com.br\/\",\"logo\":{\"@type\":\"ImageObject\",\"inLanguage\":\"pt-BR\",\"@id\":\"https:\/\/uvbbrasil.com.br\/#\/schema\/logo\/image\/\",\"url\":\"https:\/\/uvbbrasil.com.br\/wp-content\/uploads\/2025\/01\/LOGO-UVB-2024-azul-1.jpg\",\"contentUrl\":\"https:\/\/uvbbrasil.com.br\/wp-content\/uploads\/2025\/01\/LOGO-UVB-2024-azul-1.jpg\",\"width\":600,\"height\":211,\"caption\":\"UVB Brasil\"},\"image\":{\"@id\":\"https:\/\/uvbbrasil.com.br\/#\/schema\/logo\/image\/\"},\"sameAs\":[\"https:\/\/www.facebook.com\/uvb.vereadoresbrasil\",\"https:\/\/www.instagram.com\/uvbbrasil\/\",\"https:\/\/www.youtube.com\/channel\/UCIlPQ8Xzw5GHNzosQIg9S5A\"]},{\"@type\":\"Person\",\"@id\":\"https:\/\/uvbbrasil.com.br\/#\/schema\/person\/17990098446c098f52effddff4f1b272\",\"name\":\"adminuvb\",\"image\":{\"@type\":\"ImageObject\",\"inLanguage\":\"pt-BR\",\"@id\":\"https:\/\/uvbbrasil.com.br\/#\/schema\/person\/image\/\",\"url\":\"https:\/\/secure.gravatar.com\/avatar\/1a494ea6f8e2dd1ae526e55b0e9497efdba542491e0620d704cccf63c6f77c45?s=96&d=mm&r=g\",\"contentUrl\":\"https:\/\/secure.gravatar.com\/avatar\/1a494ea6f8e2dd1ae526e55b0e9497efdba542491e0620d704cccf63c6f77c45?s=96&d=mm&r=g\",\"caption\":\"adminuvb\"},\"sameAs\":[\"https:\/\/uvbbrasil.com.br\"],\"url\":\"https:\/\/uvbbrasil.com.br\/author\/adminuvb\/\"}]}<\/script>\n<!-- \/ Yoast SEO plugin. -->","yoast_head_json":{"title":"A Lei geral de prote\u00e7\u00e3o de dados\/LGPD - UVB Brasil","robots":{"index":"index","follow":"follow","max-snippet":"max-snippet:-1","max-image-preview":"max-image-preview:large","max-video-preview":"max-video-preview:-1"},"canonical":"https:\/\/uvbbrasil.com.br\/a-lei-geral-de-protecao-de-dados-lgpd\/","og_locale":"pt_BR","og_type":"article","og_title":"A Lei geral de prote\u00e7\u00e3o de dados\/LGPD - UVB Brasil","og_description":"Dra. Janaina Novais e o advogado Wallys Silva\u00a0 especialistas em prote\u00e7\u00e3o de dados\/ LGPD, apresentaram painel no Encontro de Legislativos...","og_url":"https:\/\/uvbbrasil.com.br\/a-lei-geral-de-protecao-de-dados-lgpd\/","og_site_name":"UVB Brasil","article_publisher":"https:\/\/www.facebook.com\/uvb.vereadoresbrasil","article_published_time":"2022-03-17T21:12:07+00:00","og_image":[{"width":1600,"height":900,"url":"https:\/\/uvbbrasil.com.br\/wp-content\/uploads\/2022\/03\/WhatsApp-Image-2022-03-17-at-15.31.12-1.jpeg","type":"image\/jpeg"}],"author":"adminuvb","twitter_card":"summary_large_image","twitter_misc":{"Escrito por":"adminuvb","Est. tempo de leitura":"2 minutos"},"schema":{"@context":"https:\/\/schema.org","@graph":[{"@type":"Article","@id":"https:\/\/uvbbrasil.com.br\/a-lei-geral-de-protecao-de-dados-lgpd\/#article","isPartOf":{"@id":"https:\/\/uvbbrasil.com.br\/a-lei-geral-de-protecao-de-dados-lgpd\/"},"author":{"name":"adminuvb","@id":"https:\/\/uvbbrasil.com.br\/#\/schema\/person\/17990098446c098f52effddff4f1b272"},"headline":"A Lei geral de prote\u00e7\u00e3o de dados\/LGPD","datePublished":"2022-03-17T21:12:07+00:00","mainEntityOfPage":{"@id":"https:\/\/uvbbrasil.com.br\/a-lei-geral-de-protecao-de-dados-lgpd\/"},"wordCount":351,"commentCount":0,"publisher":{"@id":"https:\/\/uvbbrasil.com.br\/#organization"},"image":{"@id":"https:\/\/uvbbrasil.com.br\/a-lei-geral-de-protecao-de-dados-lgpd\/#primaryimage"},"thumbnailUrl":"https:\/\/uvbbrasil.com.br\/wp-content\/uploads\/2022\/03\/WhatsApp-Image-2022-03-17-at-15.31.12-1.jpeg","articleSection":["NOT\u00cdCIAS","UVB"],"inLanguage":"pt-BR","potentialAction":[{"@type":"CommentAction","name":"Comment","target":["https:\/\/uvbbrasil.com.br\/a-lei-geral-de-protecao-de-dados-lgpd\/#respond"]}]},{"@type":"WebPage","@id":"https:\/\/uvbbrasil.com.br\/a-lei-geral-de-protecao-de-dados-lgpd\/","url":"https:\/\/uvbbrasil.com.br\/a-lei-geral-de-protecao-de-dados-lgpd\/","name":"A Lei geral de prote\u00e7\u00e3o de dados\/LGPD - UVB Brasil","isPartOf":{"@id":"https:\/\/uvbbrasil.com.br\/#website"},"primaryImageOfPage":{"@id":"https:\/\/uvbbrasil.com.br\/a-lei-geral-de-protecao-de-dados-lgpd\/#primaryimage"},"image":{"@id":"https:\/\/uvbbrasil.com.br\/a-lei-geral-de-protecao-de-dados-lgpd\/#primaryimage"},"thumbnailUrl":"https:\/\/uvbbrasil.com.br\/wp-content\/uploads\/2022\/03\/WhatsApp-Image-2022-03-17-at-15.31.12-1.jpeg","datePublished":"2022-03-17T21:12:07+00:00","breadcrumb":{"@id":"https:\/\/uvbbrasil.com.br\/a-lei-geral-de-protecao-de-dados-lgpd\/#breadcrumb"},"inLanguage":"pt-BR","potentialAction":[{"@type":"ReadAction","target":["https:\/\/uvbbrasil.com.br\/a-lei-geral-de-protecao-de-dados-lgpd\/"]}]},{"@type":"ImageObject","inLanguage":"pt-BR","@id":"https:\/\/uvbbrasil.com.br\/a-lei-geral-de-protecao-de-dados-lgpd\/#primaryimage","url":"https:\/\/uvbbrasil.com.br\/wp-content\/uploads\/2022\/03\/WhatsApp-Image-2022-03-17-at-15.31.12-1.jpeg","contentUrl":"https:\/\/uvbbrasil.com.br\/wp-content\/uploads\/2022\/03\/WhatsApp-Image-2022-03-17-at-15.31.12-1.jpeg","width":1600,"height":900},{"@type":"BreadcrumbList","@id":"https:\/\/uvbbrasil.com.br\/a-lei-geral-de-protecao-de-dados-lgpd\/#breadcrumb","itemListElement":[{"@type":"ListItem","position":1,"name":"In\u00edcio","item":"https:\/\/uvbbrasil.com.br\/"},{"@type":"ListItem","position":2,"name":"A Lei geral de prote\u00e7\u00e3o de dados\/LGPD"}]},{"@type":"WebSite","@id":"https:\/\/uvbbrasil.com.br\/#website","url":"https:\/\/uvbbrasil.com.br\/","name":"UVB Brasil","description":"Uni\u00e3o dos Vereadores do Brasil","publisher":{"@id":"https:\/\/uvbbrasil.com.br\/#organization"},"potentialAction":[{"@type":"SearchAction","target":{"@type":"EntryPoint","urlTemplate":"https:\/\/uvbbrasil.com.br\/?s={search_term_string}"},"query-input":{"@type":"PropertyValueSpecification","valueRequired":true,"valueName":"search_term_string"}}],"inLanguage":"pt-BR"},{"@type":"Organization","@id":"https:\/\/uvbbrasil.com.br\/#organization","name":"UVB Brasil","url":"https:\/\/uvbbrasil.com.br\/","logo":{"@type":"ImageObject","inLanguage":"pt-BR","@id":"https:\/\/uvbbrasil.com.br\/#\/schema\/logo\/image\/","url":"https:\/\/uvbbrasil.com.br\/wp-content\/uploads\/2025\/01\/LOGO-UVB-2024-azul-1.jpg","contentUrl":"https:\/\/uvbbrasil.com.br\/wp-content\/uploads\/2025\/01\/LOGO-UVB-2024-azul-1.jpg","width":600,"height":211,"caption":"UVB Brasil"},"image":{"@id":"https:\/\/uvbbrasil.com.br\/#\/schema\/logo\/image\/"},"sameAs":["https:\/\/www.facebook.com\/uvb.vereadoresbrasil","https:\/\/www.instagram.com\/uvbbrasil\/","https:\/\/www.youtube.com\/channel\/UCIlPQ8Xzw5GHNzosQIg9S5A"]},{"@type":"Person","@id":"https:\/\/uvbbrasil.com.br\/#\/schema\/person\/17990098446c098f52effddff4f1b272","name":"adminuvb","image":{"@type":"ImageObject","inLanguage":"pt-BR","@id":"https:\/\/uvbbrasil.com.br\/#\/schema\/person\/image\/","url":"https:\/\/secure.gravatar.com\/avatar\/1a494ea6f8e2dd1ae526e55b0e9497efdba542491e0620d704cccf63c6f77c45?s=96&d=mm&r=g","contentUrl":"https:\/\/secure.gravatar.com\/avatar\/1a494ea6f8e2dd1ae526e55b0e9497efdba542491e0620d704cccf63c6f77c45?s=96&d=mm&r=g","caption":"adminuvb"},"sameAs":["https:\/\/uvbbrasil.com.br"],"url":"https:\/\/uvbbrasil.com.br\/author\/adminuvb\/"}]}},"_links":{"self":[{"href":"https:\/\/uvbbrasil.com.br\/uvb-json\/wp\/v2\/posts\/25318","targetHints":{"allow":["GET"]}}],"collection":[{"href":"https:\/\/uvbbrasil.com.br\/uvb-json\/wp\/v2\/posts"}],"about":[{"href":"https:\/\/uvbbrasil.com.br\/uvb-json\/wp\/v2\/types\/post"}],"author":[{"embeddable":true,"href":"https:\/\/uvbbrasil.com.br\/uvb-json\/wp\/v2\/users\/1"}],"replies":[{"embeddable":true,"href":"https:\/\/uvbbrasil.com.br\/uvb-json\/wp\/v2\/comments?post=25318"}],"version-history":[{"count":0,"href":"https:\/\/uvbbrasil.com.br\/uvb-json\/wp\/v2\/posts\/25318\/revisions"}],"wp:featuredmedia":[{"embeddable":true,"href":"https:\/\/uvbbrasil.com.br\/uvb-json\/wp\/v2\/media\/25321"}],"wp:attachment":[{"href":"https:\/\/uvbbrasil.com.br\/uvb-json\/wp\/v2\/media?parent=25318"}],"wp:term":[{"taxonomy":"category","embeddable":true,"href":"https:\/\/uvbbrasil.com.br\/uvb-json\/wp\/v2\/categories?post=25318"},{"taxonomy":"post_tag","embeddable":true,"href":"https:\/\/uvbbrasil.com.br\/uvb-json\/wp\/v2\/tags?post=25318"}],"curies":[{"name":"wp","href":"https:\/\/api.w.org\/{rel}","templated":true}]}}