{"id":25313,"date":"2022-03-17T18:03:15","date_gmt":"2022-03-17T21:03:15","guid":{"rendered":"https:\/\/wpsandbox4.pante.com.br\/?p=25313"},"modified":"2022-03-17T18:03:15","modified_gmt":"2022-03-17T21:03:15","slug":"dr-rafael-moreira-fala-sobre-decimo-terceiro-pagamento-de-ferias-para-o-vereador","status":"publish","type":"post","link":"https:\/\/uvbbrasil.com.br\/dr-rafael-moreira-fala-sobre-decimo-terceiro-pagamento-de-ferias-para-o-vereador\/","title":{"rendered":"Dr. Rafael Moreira fala sobre d\u00e9cimo terceiro, pagamento de f\u00e9rias para o vereador"},"content":{"rendered":"<p>Rafael Moreira, procurador jur\u00eddico da c\u00e2mara municipal de Itanhanga\/MT, explanou sobre o d\u00e9cimo terceiro, pagamento de f\u00e9rias para o vereador, o\u00a0 agente pol\u00edtico \u00a0e demonstrou a constitucionalidade \u00a0e a legalidade deste pagamento, porem as c\u00e2mara que\u00a0 elaborarem este pagamento devem seguir todos os tramites legais\u00a0 para n\u00e3o atropelar as leis de responsabilidade fiscais e demais leis que prevalecem o controle financeiro do munic\u00edpio.<\/p>\n<p>O direito a f\u00e9rias e ao 13\u00ba sal\u00e1rio \u00e9 assegurado a todo e qualquer trabalhador brasileiro, seja ele p\u00fablico ou privado, de acordo com os artigos 7\u00ba, XVII e VIII e 39, par\u00e1grafo terceiro, da Constitui\u00e7\u00e3o Federal.<\/p>\n<p>Cuida-se de direitos contemplados a qualquer trabalhador, seja qual for o cargo que ocupa e regime jur\u00eddico que est\u00e1 submetido. \u00c9 desse entendimento constitucional que se extrai que o agente pol\u00edtico tem os mesmos direitos remunerat\u00f3rios, pois n\u00e3o houve exclus\u00e3o expressa por parte do Legislador Constitucional.<\/p>\n<p>Os vereadores s\u00e3o eleitos para representar a sociedade e suas atribui\u00e7\u00f5es s\u00e3o relevantes, tendo em vista que trabalham para fiscalizar a aplica\u00e7\u00e3o dos recursos p\u00fablicos e apresentar projetos de lei para o desenvolvimento dos munic\u00edpios. A fun\u00e7\u00e3o de vereador \u00e9 de alta responsabilidade e, em contrapartida ao desempenho de suas atividades parlamentares, recebem subsidio.<\/p>\n<p>O regime de subs\u00eddio n\u00e3o afasta o direito do vereador receber f\u00e9rias e 13\u00ba sal\u00e1rio, portanto, o parlamentar municipal tem a previs\u00e3o constitucional para receber da Municipalidade os valores calculados com base nos respectivos valores de subs\u00eddio, com acr\u00e9scimo, em rela\u00e7\u00e3o \u00e0s f\u00e9rias, do ter\u00e7o constitucional.<\/p>\n<p><img fetchpriority=\"high\" decoding=\"async\" class=\"alignnone size-medium wp-image-25316\" src=\"https:\/\/uvbbrasil.com.br\/wp-content\/uploads\/2022\/03\/WhatsApp-Image-2022-03-17-at-15.30.59-169x300.jpeg\" alt=\"\" width=\"169\" height=\"300\" srcset=\"https:\/\/uvbbrasil.com.br\/wp-content\/uploads\/2022\/03\/WhatsApp-Image-2022-03-17-at-15.30.59-169x300.jpeg 169w, https:\/\/uvbbrasil.com.br\/wp-content\/uploads\/2022\/03\/WhatsApp-Image-2022-03-17-at-15.30.59-576x1024.jpeg 576w, https:\/\/uvbbrasil.com.br\/wp-content\/uploads\/2022\/03\/WhatsApp-Image-2022-03-17-at-15.30.59-768x1365.jpeg 768w, https:\/\/uvbbrasil.com.br\/wp-content\/uploads\/2022\/03\/WhatsApp-Image-2022-03-17-at-15.30.59-864x1536.jpeg 864w, https:\/\/uvbbrasil.com.br\/wp-content\/uploads\/2022\/03\/WhatsApp-Image-2022-03-17-at-15.30.59.jpeg 900w\" sizes=\"(max-width: 169px) 100vw, 169px\" \/><\/p>\n<p><img decoding=\"async\" class=\"alignnone size-medium wp-image-25314\" src=\"https:\/\/uvbbrasil.com.br\/wp-content\/uploads\/2022\/03\/WhatsApp-Image-2022-03-17-at-15.30.57-1-300x169.jpeg\" alt=\"\" width=\"300\" height=\"169\" srcset=\"https:\/\/uvbbrasil.com.br\/wp-content\/uploads\/2022\/03\/WhatsApp-Image-2022-03-17-at-15.30.57-1-300x169.jpeg 300w, https:\/\/uvbbrasil.com.br\/wp-content\/uploads\/2022\/03\/WhatsApp-Image-2022-03-17-at-15.30.57-1-1024x576.jpeg 1024w, https:\/\/uvbbrasil.com.br\/wp-content\/uploads\/2022\/03\/WhatsApp-Image-2022-03-17-at-15.30.57-1-768x432.jpeg 768w, https:\/\/uvbbrasil.com.br\/wp-content\/uploads\/2022\/03\/WhatsApp-Image-2022-03-17-at-15.30.57-1-1536x864.jpeg 1536w, https:\/\/uvbbrasil.com.br\/wp-content\/uploads\/2022\/03\/WhatsApp-Image-2022-03-17-at-15.30.57-1.jpeg 1600w\" sizes=\"(max-width: 300px) 100vw, 300px\" \/><img decoding=\"async\" class=\"alignnone size-medium wp-image-25315\" src=\"https:\/\/uvbbrasil.com.br\/wp-content\/uploads\/2022\/03\/WhatsApp-Image-2022-03-17-at-15.30.58-300x169.jpeg\" alt=\"\" width=\"300\" height=\"169\" srcset=\"https:\/\/uvbbrasil.com.br\/wp-content\/uploads\/2022\/03\/WhatsApp-Image-2022-03-17-at-15.30.58-300x169.jpeg 300w, https:\/\/uvbbrasil.com.br\/wp-content\/uploads\/2022\/03\/WhatsApp-Image-2022-03-17-at-15.30.58-1024x576.jpeg 1024w, https:\/\/uvbbrasil.com.br\/wp-content\/uploads\/2022\/03\/WhatsApp-Image-2022-03-17-at-15.30.58-768x432.jpeg 768w, https:\/\/uvbbrasil.com.br\/wp-content\/uploads\/2022\/03\/WhatsApp-Image-2022-03-17-at-15.30.58-1536x864.jpeg 1536w, https:\/\/uvbbrasil.com.br\/wp-content\/uploads\/2022\/03\/WhatsApp-Image-2022-03-17-at-15.30.58.jpeg 1600w\" sizes=\"(max-width: 300px) 100vw, 300px\" \/><\/p>\n","protected":false},"excerpt":{"rendered":"<p>Rafael Moreira, procurador jur\u00eddico da c\u00e2mara municipal de Itanhanga\/MT, explanou sobre o d\u00e9cimo terceiro, pagamento de f\u00e9rias para o vereador,&#8230;<\/p>\n","protected":false},"author":1,"featured_media":25314,"comment_status":"open","ping_status":"open","sticky":false,"template":"","format":"standard","meta":{"footnotes":""},"categories":[3,4],"tags":[],"class_list":["post-25313","post","type-post","status-publish","format-standard","has-post-thumbnail","hentry","category-noticias","category-home"],"yoast_head":"<!-- This site is optimized with the Yoast SEO plugin v26.7 - https:\/\/yoast.com\/wordpress\/plugins\/seo\/ -->\n<title>Dr. Rafael Moreira fala sobre d\u00e9cimo terceiro, pagamento de f\u00e9rias para o vereador - UVB Brasil<\/title>\n<meta name=\"robots\" content=\"index, follow, max-snippet:-1, max-image-preview:large, max-video-preview:-1\" \/>\n<link rel=\"canonical\" href=\"https:\/\/uvbbrasil.com.br\/dr-rafael-moreira-fala-sobre-decimo-terceiro-pagamento-de-ferias-para-o-vereador\/\" \/>\n<meta property=\"og:locale\" content=\"pt_BR\" \/>\n<meta property=\"og:type\" content=\"article\" \/>\n<meta property=\"og:title\" content=\"Dr. Rafael Moreira fala sobre d\u00e9cimo terceiro, pagamento de f\u00e9rias para o vereador - UVB Brasil\" \/>\n<meta property=\"og:description\" content=\"Rafael Moreira, procurador jur\u00eddico da c\u00e2mara municipal de Itanhanga\/MT, explanou sobre o d\u00e9cimo terceiro, pagamento de f\u00e9rias para o vereador,...\" \/>\n<meta property=\"og:url\" content=\"https:\/\/uvbbrasil.com.br\/dr-rafael-moreira-fala-sobre-decimo-terceiro-pagamento-de-ferias-para-o-vereador\/\" \/>\n<meta property=\"og:site_name\" content=\"UVB Brasil\" \/>\n<meta property=\"article:publisher\" content=\"https:\/\/www.facebook.com\/uvb.vereadoresbrasil\" \/>\n<meta property=\"article:published_time\" content=\"2022-03-17T21:03:15+00:00\" \/>\n<meta property=\"og:image\" content=\"https:\/\/uvbbrasil.com.br\/wp-content\/uploads\/2022\/03\/WhatsApp-Image-2022-03-17-at-15.30.57-1.jpeg\" \/>\n\t<meta property=\"og:image:width\" content=\"1600\" \/>\n\t<meta property=\"og:image:height\" content=\"900\" \/>\n\t<meta property=\"og:image:type\" content=\"image\/jpeg\" \/>\n<meta name=\"author\" content=\"adminuvb\" \/>\n<meta name=\"twitter:card\" content=\"summary_large_image\" \/>\n<meta name=\"twitter:label1\" content=\"Escrito por\" \/>\n\t<meta name=\"twitter:data1\" content=\"adminuvb\" \/>\n\t<meta name=\"twitter:label2\" content=\"Est. tempo de leitura\" \/>\n\t<meta name=\"twitter:data2\" content=\"2 minutos\" \/>\n<script type=\"application\/ld+json\" class=\"yoast-schema-graph\">{\"@context\":\"https:\/\/schema.org\",\"@graph\":[{\"@type\":\"Article\",\"@id\":\"https:\/\/uvbbrasil.com.br\/dr-rafael-moreira-fala-sobre-decimo-terceiro-pagamento-de-ferias-para-o-vereador\/#article\",\"isPartOf\":{\"@id\":\"https:\/\/uvbbrasil.com.br\/dr-rafael-moreira-fala-sobre-decimo-terceiro-pagamento-de-ferias-para-o-vereador\/\"},\"author\":{\"name\":\"adminuvb\",\"@id\":\"https:\/\/uvbbrasil.com.br\/#\/schema\/person\/17990098446c098f52effddff4f1b272\"},\"headline\":\"Dr. Rafael Moreira fala sobre d\u00e9cimo terceiro, pagamento de f\u00e9rias para o vereador\",\"datePublished\":\"2022-03-17T21:03:15+00:00\",\"mainEntityOfPage\":{\"@id\":\"https:\/\/uvbbrasil.com.br\/dr-rafael-moreira-fala-sobre-decimo-terceiro-pagamento-de-ferias-para-o-vereador\/\"},\"wordCount\":290,\"commentCount\":0,\"publisher\":{\"@id\":\"https:\/\/uvbbrasil.com.br\/#organization\"},\"image\":{\"@id\":\"https:\/\/uvbbrasil.com.br\/dr-rafael-moreira-fala-sobre-decimo-terceiro-pagamento-de-ferias-para-o-vereador\/#primaryimage\"},\"thumbnailUrl\":\"https:\/\/uvbbrasil.com.br\/wp-content\/uploads\/2022\/03\/WhatsApp-Image-2022-03-17-at-15.30.57-1.jpeg\",\"articleSection\":[\"NOT\u00cdCIAS\",\"UVB\"],\"inLanguage\":\"pt-BR\",\"potentialAction\":[{\"@type\":\"CommentAction\",\"name\":\"Comment\",\"target\":[\"https:\/\/uvbbrasil.com.br\/dr-rafael-moreira-fala-sobre-decimo-terceiro-pagamento-de-ferias-para-o-vereador\/#respond\"]}]},{\"@type\":\"WebPage\",\"@id\":\"https:\/\/uvbbrasil.com.br\/dr-rafael-moreira-fala-sobre-decimo-terceiro-pagamento-de-ferias-para-o-vereador\/\",\"url\":\"https:\/\/uvbbrasil.com.br\/dr-rafael-moreira-fala-sobre-decimo-terceiro-pagamento-de-ferias-para-o-vereador\/\",\"name\":\"Dr. Rafael Moreira fala sobre d\u00e9cimo terceiro, pagamento de f\u00e9rias para o vereador - UVB Brasil\",\"isPartOf\":{\"@id\":\"https:\/\/uvbbrasil.com.br\/#website\"},\"primaryImageOfPage\":{\"@id\":\"https:\/\/uvbbrasil.com.br\/dr-rafael-moreira-fala-sobre-decimo-terceiro-pagamento-de-ferias-para-o-vereador\/#primaryimage\"},\"image\":{\"@id\":\"https:\/\/uvbbrasil.com.br\/dr-rafael-moreira-fala-sobre-decimo-terceiro-pagamento-de-ferias-para-o-vereador\/#primaryimage\"},\"thumbnailUrl\":\"https:\/\/uvbbrasil.com.br\/wp-content\/uploads\/2022\/03\/WhatsApp-Image-2022-03-17-at-15.30.57-1.jpeg\",\"datePublished\":\"2022-03-17T21:03:15+00:00\",\"breadcrumb\":{\"@id\":\"https:\/\/uvbbrasil.com.br\/dr-rafael-moreira-fala-sobre-decimo-terceiro-pagamento-de-ferias-para-o-vereador\/#breadcrumb\"},\"inLanguage\":\"pt-BR\",\"potentialAction\":[{\"@type\":\"ReadAction\",\"target\":[\"https:\/\/uvbbrasil.com.br\/dr-rafael-moreira-fala-sobre-decimo-terceiro-pagamento-de-ferias-para-o-vereador\/\"]}]},{\"@type\":\"ImageObject\",\"inLanguage\":\"pt-BR\",\"@id\":\"https:\/\/uvbbrasil.com.br\/dr-rafael-moreira-fala-sobre-decimo-terceiro-pagamento-de-ferias-para-o-vereador\/#primaryimage\",\"url\":\"https:\/\/uvbbrasil.com.br\/wp-content\/uploads\/2022\/03\/WhatsApp-Image-2022-03-17-at-15.30.57-1.jpeg\",\"contentUrl\":\"https:\/\/uvbbrasil.com.br\/wp-content\/uploads\/2022\/03\/WhatsApp-Image-2022-03-17-at-15.30.57-1.jpeg\",\"width\":1600,\"height\":900},{\"@type\":\"BreadcrumbList\",\"@id\":\"https:\/\/uvbbrasil.com.br\/dr-rafael-moreira-fala-sobre-decimo-terceiro-pagamento-de-ferias-para-o-vereador\/#breadcrumb\",\"itemListElement\":[{\"@type\":\"ListItem\",\"position\":1,\"name\":\"In\u00edcio\",\"item\":\"https:\/\/uvbbrasil.com.br\/\"},{\"@type\":\"ListItem\",\"position\":2,\"name\":\"Dr. Rafael Moreira fala sobre d\u00e9cimo terceiro, pagamento de f\u00e9rias para o vereador\"}]},{\"@type\":\"WebSite\",\"@id\":\"https:\/\/uvbbrasil.com.br\/#website\",\"url\":\"https:\/\/uvbbrasil.com.br\/\",\"name\":\"UVB Brasil\",\"description\":\"Uni\u00e3o dos Vereadores do Brasil\",\"publisher\":{\"@id\":\"https:\/\/uvbbrasil.com.br\/#organization\"},\"potentialAction\":[{\"@type\":\"SearchAction\",\"target\":{\"@type\":\"EntryPoint\",\"urlTemplate\":\"https:\/\/uvbbrasil.com.br\/?s={search_term_string}\"},\"query-input\":{\"@type\":\"PropertyValueSpecification\",\"valueRequired\":true,\"valueName\":\"search_term_string\"}}],\"inLanguage\":\"pt-BR\"},{\"@type\":\"Organization\",\"@id\":\"https:\/\/uvbbrasil.com.br\/#organization\",\"name\":\"UVB Brasil\",\"url\":\"https:\/\/uvbbrasil.com.br\/\",\"logo\":{\"@type\":\"ImageObject\",\"inLanguage\":\"pt-BR\",\"@id\":\"https:\/\/uvbbrasil.com.br\/#\/schema\/logo\/image\/\",\"url\":\"https:\/\/uvbbrasil.com.br\/wp-content\/uploads\/2025\/01\/LOGO-UVB-2024-azul-1.jpg\",\"contentUrl\":\"https:\/\/uvbbrasil.com.br\/wp-content\/uploads\/2025\/01\/LOGO-UVB-2024-azul-1.jpg\",\"width\":600,\"height\":211,\"caption\":\"UVB Brasil\"},\"image\":{\"@id\":\"https:\/\/uvbbrasil.com.br\/#\/schema\/logo\/image\/\"},\"sameAs\":[\"https:\/\/www.facebook.com\/uvb.vereadoresbrasil\",\"https:\/\/www.instagram.com\/uvbbrasil\/\",\"https:\/\/www.youtube.com\/channel\/UCIlPQ8Xzw5GHNzosQIg9S5A\"]},{\"@type\":\"Person\",\"@id\":\"https:\/\/uvbbrasil.com.br\/#\/schema\/person\/17990098446c098f52effddff4f1b272\",\"name\":\"adminuvb\",\"image\":{\"@type\":\"ImageObject\",\"inLanguage\":\"pt-BR\",\"@id\":\"https:\/\/uvbbrasil.com.br\/#\/schema\/person\/image\/\",\"url\":\"https:\/\/secure.gravatar.com\/avatar\/1a494ea6f8e2dd1ae526e55b0e9497efdba542491e0620d704cccf63c6f77c45?s=96&d=mm&r=g\",\"contentUrl\":\"https:\/\/secure.gravatar.com\/avatar\/1a494ea6f8e2dd1ae526e55b0e9497efdba542491e0620d704cccf63c6f77c45?s=96&d=mm&r=g\",\"caption\":\"adminuvb\"},\"sameAs\":[\"https:\/\/uvbbrasil.com.br\"],\"url\":\"https:\/\/uvbbrasil.com.br\/author\/adminuvb\/\"}]}<\/script>\n<!-- \/ Yoast SEO plugin. -->","yoast_head_json":{"title":"Dr. Rafael Moreira fala sobre d\u00e9cimo terceiro, pagamento de f\u00e9rias para o vereador - UVB Brasil","robots":{"index":"index","follow":"follow","max-snippet":"max-snippet:-1","max-image-preview":"max-image-preview:large","max-video-preview":"max-video-preview:-1"},"canonical":"https:\/\/uvbbrasil.com.br\/dr-rafael-moreira-fala-sobre-decimo-terceiro-pagamento-de-ferias-para-o-vereador\/","og_locale":"pt_BR","og_type":"article","og_title":"Dr. Rafael Moreira fala sobre d\u00e9cimo terceiro, pagamento de f\u00e9rias para o vereador - UVB Brasil","og_description":"Rafael Moreira, procurador jur\u00eddico da c\u00e2mara municipal de Itanhanga\/MT, explanou sobre o d\u00e9cimo terceiro, pagamento de f\u00e9rias para o vereador,...","og_url":"https:\/\/uvbbrasil.com.br\/dr-rafael-moreira-fala-sobre-decimo-terceiro-pagamento-de-ferias-para-o-vereador\/","og_site_name":"UVB Brasil","article_publisher":"https:\/\/www.facebook.com\/uvb.vereadoresbrasil","article_published_time":"2022-03-17T21:03:15+00:00","og_image":[{"width":1600,"height":900,"url":"https:\/\/uvbbrasil.com.br\/wp-content\/uploads\/2022\/03\/WhatsApp-Image-2022-03-17-at-15.30.57-1.jpeg","type":"image\/jpeg"}],"author":"adminuvb","twitter_card":"summary_large_image","twitter_misc":{"Escrito por":"adminuvb","Est. tempo de leitura":"2 minutos"},"schema":{"@context":"https:\/\/schema.org","@graph":[{"@type":"Article","@id":"https:\/\/uvbbrasil.com.br\/dr-rafael-moreira-fala-sobre-decimo-terceiro-pagamento-de-ferias-para-o-vereador\/#article","isPartOf":{"@id":"https:\/\/uvbbrasil.com.br\/dr-rafael-moreira-fala-sobre-decimo-terceiro-pagamento-de-ferias-para-o-vereador\/"},"author":{"name":"adminuvb","@id":"https:\/\/uvbbrasil.com.br\/#\/schema\/person\/17990098446c098f52effddff4f1b272"},"headline":"Dr. Rafael Moreira fala sobre d\u00e9cimo terceiro, pagamento de f\u00e9rias para o vereador","datePublished":"2022-03-17T21:03:15+00:00","mainEntityOfPage":{"@id":"https:\/\/uvbbrasil.com.br\/dr-rafael-moreira-fala-sobre-decimo-terceiro-pagamento-de-ferias-para-o-vereador\/"},"wordCount":290,"commentCount":0,"publisher":{"@id":"https:\/\/uvbbrasil.com.br\/#organization"},"image":{"@id":"https:\/\/uvbbrasil.com.br\/dr-rafael-moreira-fala-sobre-decimo-terceiro-pagamento-de-ferias-para-o-vereador\/#primaryimage"},"thumbnailUrl":"https:\/\/uvbbrasil.com.br\/wp-content\/uploads\/2022\/03\/WhatsApp-Image-2022-03-17-at-15.30.57-1.jpeg","articleSection":["NOT\u00cdCIAS","UVB"],"inLanguage":"pt-BR","potentialAction":[{"@type":"CommentAction","name":"Comment","target":["https:\/\/uvbbrasil.com.br\/dr-rafael-moreira-fala-sobre-decimo-terceiro-pagamento-de-ferias-para-o-vereador\/#respond"]}]},{"@type":"WebPage","@id":"https:\/\/uvbbrasil.com.br\/dr-rafael-moreira-fala-sobre-decimo-terceiro-pagamento-de-ferias-para-o-vereador\/","url":"https:\/\/uvbbrasil.com.br\/dr-rafael-moreira-fala-sobre-decimo-terceiro-pagamento-de-ferias-para-o-vereador\/","name":"Dr. Rafael Moreira fala sobre d\u00e9cimo terceiro, pagamento de f\u00e9rias para o vereador - UVB Brasil","isPartOf":{"@id":"https:\/\/uvbbrasil.com.br\/#website"},"primaryImageOfPage":{"@id":"https:\/\/uvbbrasil.com.br\/dr-rafael-moreira-fala-sobre-decimo-terceiro-pagamento-de-ferias-para-o-vereador\/#primaryimage"},"image":{"@id":"https:\/\/uvbbrasil.com.br\/dr-rafael-moreira-fala-sobre-decimo-terceiro-pagamento-de-ferias-para-o-vereador\/#primaryimage"},"thumbnailUrl":"https:\/\/uvbbrasil.com.br\/wp-content\/uploads\/2022\/03\/WhatsApp-Image-2022-03-17-at-15.30.57-1.jpeg","datePublished":"2022-03-17T21:03:15+00:00","breadcrumb":{"@id":"https:\/\/uvbbrasil.com.br\/dr-rafael-moreira-fala-sobre-decimo-terceiro-pagamento-de-ferias-para-o-vereador\/#breadcrumb"},"inLanguage":"pt-BR","potentialAction":[{"@type":"ReadAction","target":["https:\/\/uvbbrasil.com.br\/dr-rafael-moreira-fala-sobre-decimo-terceiro-pagamento-de-ferias-para-o-vereador\/"]}]},{"@type":"ImageObject","inLanguage":"pt-BR","@id":"https:\/\/uvbbrasil.com.br\/dr-rafael-moreira-fala-sobre-decimo-terceiro-pagamento-de-ferias-para-o-vereador\/#primaryimage","url":"https:\/\/uvbbrasil.com.br\/wp-content\/uploads\/2022\/03\/WhatsApp-Image-2022-03-17-at-15.30.57-1.jpeg","contentUrl":"https:\/\/uvbbrasil.com.br\/wp-content\/uploads\/2022\/03\/WhatsApp-Image-2022-03-17-at-15.30.57-1.jpeg","width":1600,"height":900},{"@type":"BreadcrumbList","@id":"https:\/\/uvbbrasil.com.br\/dr-rafael-moreira-fala-sobre-decimo-terceiro-pagamento-de-ferias-para-o-vereador\/#breadcrumb","itemListElement":[{"@type":"ListItem","position":1,"name":"In\u00edcio","item":"https:\/\/uvbbrasil.com.br\/"},{"@type":"ListItem","position":2,"name":"Dr. Rafael Moreira fala sobre d\u00e9cimo terceiro, pagamento de f\u00e9rias para o vereador"}]},{"@type":"WebSite","@id":"https:\/\/uvbbrasil.com.br\/#website","url":"https:\/\/uvbbrasil.com.br\/","name":"UVB Brasil","description":"Uni\u00e3o dos Vereadores do Brasil","publisher":{"@id":"https:\/\/uvbbrasil.com.br\/#organization"},"potentialAction":[{"@type":"SearchAction","target":{"@type":"EntryPoint","urlTemplate":"https:\/\/uvbbrasil.com.br\/?s={search_term_string}"},"query-input":{"@type":"PropertyValueSpecification","valueRequired":true,"valueName":"search_term_string"}}],"inLanguage":"pt-BR"},{"@type":"Organization","@id":"https:\/\/uvbbrasil.com.br\/#organization","name":"UVB Brasil","url":"https:\/\/uvbbrasil.com.br\/","logo":{"@type":"ImageObject","inLanguage":"pt-BR","@id":"https:\/\/uvbbrasil.com.br\/#\/schema\/logo\/image\/","url":"https:\/\/uvbbrasil.com.br\/wp-content\/uploads\/2025\/01\/LOGO-UVB-2024-azul-1.jpg","contentUrl":"https:\/\/uvbbrasil.com.br\/wp-content\/uploads\/2025\/01\/LOGO-UVB-2024-azul-1.jpg","width":600,"height":211,"caption":"UVB Brasil"},"image":{"@id":"https:\/\/uvbbrasil.com.br\/#\/schema\/logo\/image\/"},"sameAs":["https:\/\/www.facebook.com\/uvb.vereadoresbrasil","https:\/\/www.instagram.com\/uvbbrasil\/","https:\/\/www.youtube.com\/channel\/UCIlPQ8Xzw5GHNzosQIg9S5A"]},{"@type":"Person","@id":"https:\/\/uvbbrasil.com.br\/#\/schema\/person\/17990098446c098f52effddff4f1b272","name":"adminuvb","image":{"@type":"ImageObject","inLanguage":"pt-BR","@id":"https:\/\/uvbbrasil.com.br\/#\/schema\/person\/image\/","url":"https:\/\/secure.gravatar.com\/avatar\/1a494ea6f8e2dd1ae526e55b0e9497efdba542491e0620d704cccf63c6f77c45?s=96&d=mm&r=g","contentUrl":"https:\/\/secure.gravatar.com\/avatar\/1a494ea6f8e2dd1ae526e55b0e9497efdba542491e0620d704cccf63c6f77c45?s=96&d=mm&r=g","caption":"adminuvb"},"sameAs":["https:\/\/uvbbrasil.com.br"],"url":"https:\/\/uvbbrasil.com.br\/author\/adminuvb\/"}]}},"_links":{"self":[{"href":"https:\/\/uvbbrasil.com.br\/uvb-json\/wp\/v2\/posts\/25313","targetHints":{"allow":["GET"]}}],"collection":[{"href":"https:\/\/uvbbrasil.com.br\/uvb-json\/wp\/v2\/posts"}],"about":[{"href":"https:\/\/uvbbrasil.com.br\/uvb-json\/wp\/v2\/types\/post"}],"author":[{"embeddable":true,"href":"https:\/\/uvbbrasil.com.br\/uvb-json\/wp\/v2\/users\/1"}],"replies":[{"embeddable":true,"href":"https:\/\/uvbbrasil.com.br\/uvb-json\/wp\/v2\/comments?post=25313"}],"version-history":[{"count":0,"href":"https:\/\/uvbbrasil.com.br\/uvb-json\/wp\/v2\/posts\/25313\/revisions"}],"wp:featuredmedia":[{"embeddable":true,"href":"https:\/\/uvbbrasil.com.br\/uvb-json\/wp\/v2\/media\/25314"}],"wp:attachment":[{"href":"https:\/\/uvbbrasil.com.br\/uvb-json\/wp\/v2\/media?parent=25313"}],"wp:term":[{"taxonomy":"category","embeddable":true,"href":"https:\/\/uvbbrasil.com.br\/uvb-json\/wp\/v2\/categories?post=25313"},{"taxonomy":"post_tag","embeddable":true,"href":"https:\/\/uvbbrasil.com.br\/uvb-json\/wp\/v2\/tags?post=25313"}],"curies":[{"name":"wp","href":"https:\/\/api.w.org\/{rel}","templated":true}]}}