{"id":25244,"date":"2022-03-15T16:06:07","date_gmt":"2022-03-15T19:06:07","guid":{"rendered":"https:\/\/wpsandbox4.pante.com.br\/?p=25244"},"modified":"2022-03-15T16:06:07","modified_gmt":"2022-03-15T19:06:07","slug":"encontro-paraibano-de-legislativos-municipais-e-realizado-em-boa-vista","status":"publish","type":"post","link":"https:\/\/uvbbrasil.com.br\/encontro-paraibano-de-legislativos-municipais-e-realizado-em-boa-vista\/","title":{"rendered":"Encontro Paraibano de Legislativos Municipais\u00a0\u00e9 realizado em Boa Vista"},"content":{"rendered":"<p>Promovido\u00a0 pela Uni\u00e3o dos Vereadores do Estado da Para\u00edba\/ UVB PB com o apoio da Uni\u00e3o dos Vereadores do Brasil\/UVB, aconteceu nesta ter\u00e7a feira(15) o Encontro Paraibano de Legislativo Municipais, em Boa Vista, no Cariri Paraibano.<\/p>\n<p>O evento teve como tema central o Fortalecimento do Legislativo por um Mandato Eficiente,\u00a0 com a participa\u00e7\u00e3o de vereadores de cerca de 40 C\u00e2maras Municipais.<\/p>\n<p>A abertura oficial do encontro foi marcada\u00a0 pela presen\u00e7a do presidente Uni\u00e3o dos Vereadores do Brasil\/UVB, vereador de Ira\u00ed\/RS, Gilson Conzatti , e da presidente da Uni\u00e3o dos Vereadores do Estado da Para\u00edba, Waleska Magalh\u00e3es (vereadora de Mari), bem como do superintendente regional da UVB Cariri, Francisco Joaquim J\u00fanior (Vereador de S\u00e3o Jo\u00e3o do Cariri \/PB).<\/p>\n<p>O evento \u00e9 uma realiza\u00e7\u00e3o da Uni\u00e3o dos Vereadores do Brasil (UVB), com o apoio da Prefeitura Municipal de Boa Vista e C\u00e2mara Municipal de Vereadores, presidida pelo vereador Fernando Aires.<\/p>\n<p><strong>SOBRE AS PALESTRAS<\/strong><\/p>\n<p id=\"viewer-8nn0g\">O encontro do Parlamento Mirim paraibanos ter\u00e1 como palestrantes, o especialista em comunica\u00e7\u00e3o e marketing pol\u00edtico, J\u00fanior Campos, que abordar\u00e1 a import\u00e2ncia da comunica\u00e7\u00e3o no mandato legislativo.<\/p>\n<p id=\"viewer-40fal\">A\u00e9cio Cavalcante, vereador presidente da C\u00e2mara de Itatuba, falando sobre o protagonismo jovem como instrumento de transforma\u00e7\u00e3o pol\u00edtico-social.<\/p>\n<p id=\"viewer-cpmvm\">Al\u00e9m deles a vereadora Waleska Magalh\u00e3es, presidente\u00a0 da Uni\u00e3o dos Vereadores da Paraiba\/UVB PB, abordou em sua fala sobre o protagonismo feminino na pol\u00edtica.<\/p>\n<p id=\"viewer-1sga7\">Por fim o vereador de Ira\u00ed\/RS e presidente da UVB, Gilson Conzatti, debateu sobre os desafios de ser vereador no Brasil e sobre mandato eficiente.<\/p>\n<p><img decoding=\"async\" class=\"alignnone size-medium wp-image-25247\" src=\"https:\/\/uvbbrasil.com.br\/wp-content\/uploads\/2022\/03\/WhatsApp-Image-2022-03-15-at-12.25.19-1-300x138.jpeg\" alt=\"\" width=\"300\" height=\"138\" srcset=\"https:\/\/uvbbrasil.com.br\/wp-content\/uploads\/2022\/03\/WhatsApp-Image-2022-03-15-at-12.25.19-1-300x138.jpeg 300w, https:\/\/uvbbrasil.com.br\/wp-content\/uploads\/2022\/03\/WhatsApp-Image-2022-03-15-at-12.25.19-1-1024x473.jpeg 1024w, https:\/\/uvbbrasil.com.br\/wp-content\/uploads\/2022\/03\/WhatsApp-Image-2022-03-15-at-12.25.19-1-768x354.jpeg 768w, https:\/\/uvbbrasil.com.br\/wp-content\/uploads\/2022\/03\/WhatsApp-Image-2022-03-15-at-12.25.19-1-1536x709.jpeg 1536w, https:\/\/uvbbrasil.com.br\/wp-content\/uploads\/2022\/03\/WhatsApp-Image-2022-03-15-at-12.25.19-1.jpeg 1599w\" sizes=\"(max-width: 300px) 100vw, 300px\" \/><\/p>\n<p><img fetchpriority=\"high\" decoding=\"async\" class=\"alignnone size-medium wp-image-25248\" src=\"https:\/\/uvbbrasil.com.br\/wp-content\/uploads\/2022\/03\/WhatsApp-Image-2022-03-15-at-12.25.19-2-300x225.jpeg\" alt=\"\" width=\"300\" height=\"225\" srcset=\"https:\/\/uvbbrasil.com.br\/wp-content\/uploads\/2022\/03\/WhatsApp-Image-2022-03-15-at-12.25.19-2-300x225.jpeg 300w, https:\/\/uvbbrasil.com.br\/wp-content\/uploads\/2022\/03\/WhatsApp-Image-2022-03-15-at-12.25.19-2-1024x768.jpeg 1024w, https:\/\/uvbbrasil.com.br\/wp-content\/uploads\/2022\/03\/WhatsApp-Image-2022-03-15-at-12.25.19-2-768x576.jpeg 768w, https:\/\/uvbbrasil.com.br\/wp-content\/uploads\/2022\/03\/WhatsApp-Image-2022-03-15-at-12.25.19-2-1536x1152.jpeg 1536w, https:\/\/uvbbrasil.com.br\/wp-content\/uploads\/2022\/03\/WhatsApp-Image-2022-03-15-at-12.25.19-2.jpeg 1600w\" sizes=\"(max-width: 300px) 100vw, 300px\" \/><img decoding=\"async\" class=\"alignnone size-medium wp-image-25246\" src=\"https:\/\/uvbbrasil.com.br\/wp-content\/uploads\/2022\/03\/WhatsApp-Image-2022-03-15-at-12.25.19-300x139.jpeg\" alt=\"\" width=\"300\" height=\"139\" srcset=\"https:\/\/uvbbrasil.com.br\/wp-content\/uploads\/2022\/03\/WhatsApp-Image-2022-03-15-at-12.25.19-300x139.jpeg 300w, https:\/\/uvbbrasil.com.br\/wp-content\/uploads\/2022\/03\/WhatsApp-Image-2022-03-15-at-12.25.19-1024x473.jpeg 1024w, https:\/\/uvbbrasil.com.br\/wp-content\/uploads\/2022\/03\/WhatsApp-Image-2022-03-15-at-12.25.19-768x355.jpeg 768w, https:\/\/uvbbrasil.com.br\/wp-content\/uploads\/2022\/03\/WhatsApp-Image-2022-03-15-at-12.25.19.jpeg 1152w\" sizes=\"(max-width: 300px) 100vw, 300px\" \/><\/p>\n","protected":false},"excerpt":{"rendered":"<p>Promovido\u00a0 pela Uni\u00e3o dos Vereadores do Estado da Para\u00edba\/ UVB PB com o apoio da Uni\u00e3o dos Vereadores do Brasil\/UVB,&#8230;<\/p>\n","protected":false},"author":1,"featured_media":25247,"comment_status":"open","ping_status":"open","sticky":false,"template":"","format":"standard","meta":{"footnotes":""},"categories":[3],"tags":[],"class_list":["post-25244","post","type-post","status-publish","format-standard","has-post-thumbnail","hentry","category-noticias"],"yoast_head":"<!-- This site is optimized with the Yoast SEO plugin v26.7 - https:\/\/yoast.com\/wordpress\/plugins\/seo\/ -->\n<title>Encontro Paraibano de Legislativos Municipais\u00a0\u00e9 realizado em Boa Vista - UVB Brasil<\/title>\n<meta name=\"robots\" content=\"index, follow, max-snippet:-1, max-image-preview:large, max-video-preview:-1\" \/>\n<link rel=\"canonical\" href=\"https:\/\/uvbbrasil.com.br\/encontro-paraibano-de-legislativos-municipais-e-realizado-em-boa-vista\/\" \/>\n<meta property=\"og:locale\" content=\"pt_BR\" \/>\n<meta property=\"og:type\" content=\"article\" \/>\n<meta property=\"og:title\" content=\"Encontro Paraibano de Legislativos Municipais\u00a0\u00e9 realizado em Boa Vista - UVB Brasil\" \/>\n<meta property=\"og:description\" content=\"Promovido\u00a0 pela Uni\u00e3o dos Vereadores do Estado da Para\u00edba\/ UVB PB com o apoio da Uni\u00e3o dos Vereadores do Brasil\/UVB,...\" \/>\n<meta property=\"og:url\" content=\"https:\/\/uvbbrasil.com.br\/encontro-paraibano-de-legislativos-municipais-e-realizado-em-boa-vista\/\" \/>\n<meta property=\"og:site_name\" content=\"UVB Brasil\" \/>\n<meta property=\"article:publisher\" content=\"https:\/\/www.facebook.com\/uvb.vereadoresbrasil\" \/>\n<meta property=\"article:published_time\" content=\"2022-03-15T19:06:07+00:00\" \/>\n<meta property=\"og:image\" content=\"https:\/\/uvbbrasil.com.br\/wp-content\/uploads\/2022\/03\/WhatsApp-Image-2022-03-15-at-12.25.19-1.jpeg\" \/>\n\t<meta property=\"og:image:width\" content=\"1599\" \/>\n\t<meta property=\"og:image:height\" content=\"738\" \/>\n\t<meta property=\"og:image:type\" content=\"image\/jpeg\" \/>\n<meta name=\"author\" content=\"adminuvb\" \/>\n<meta name=\"twitter:card\" content=\"summary_large_image\" \/>\n<meta name=\"twitter:label1\" content=\"Escrito por\" \/>\n\t<meta name=\"twitter:data1\" content=\"adminuvb\" \/>\n\t<meta name=\"twitter:label2\" content=\"Est. tempo de leitura\" \/>\n\t<meta name=\"twitter:data2\" content=\"2 minutos\" \/>\n<script type=\"application\/ld+json\" class=\"yoast-schema-graph\">{\"@context\":\"https:\/\/schema.org\",\"@graph\":[{\"@type\":\"Article\",\"@id\":\"https:\/\/uvbbrasil.com.br\/encontro-paraibano-de-legislativos-municipais-e-realizado-em-boa-vista\/#article\",\"isPartOf\":{\"@id\":\"https:\/\/uvbbrasil.com.br\/encontro-paraibano-de-legislativos-municipais-e-realizado-em-boa-vista\/\"},\"author\":{\"name\":\"adminuvb\",\"@id\":\"https:\/\/uvbbrasil.com.br\/#\/schema\/person\/17990098446c098f52effddff4f1b272\"},\"headline\":\"Encontro Paraibano de Legislativos Municipais\u00a0\u00e9 realizado em Boa Vista\",\"datePublished\":\"2022-03-15T19:06:07+00:00\",\"mainEntityOfPage\":{\"@id\":\"https:\/\/uvbbrasil.com.br\/encontro-paraibano-de-legislativos-municipais-e-realizado-em-boa-vista\/\"},\"wordCount\":286,\"commentCount\":0,\"publisher\":{\"@id\":\"https:\/\/uvbbrasil.com.br\/#organization\"},\"image\":{\"@id\":\"https:\/\/uvbbrasil.com.br\/encontro-paraibano-de-legislativos-municipais-e-realizado-em-boa-vista\/#primaryimage\"},\"thumbnailUrl\":\"https:\/\/uvbbrasil.com.br\/wp-content\/uploads\/2022\/03\/WhatsApp-Image-2022-03-15-at-12.25.19-1.jpeg\",\"articleSection\":[\"NOT\u00cdCIAS\"],\"inLanguage\":\"pt-BR\",\"potentialAction\":[{\"@type\":\"CommentAction\",\"name\":\"Comment\",\"target\":[\"https:\/\/uvbbrasil.com.br\/encontro-paraibano-de-legislativos-municipais-e-realizado-em-boa-vista\/#respond\"]}]},{\"@type\":\"WebPage\",\"@id\":\"https:\/\/uvbbrasil.com.br\/encontro-paraibano-de-legislativos-municipais-e-realizado-em-boa-vista\/\",\"url\":\"https:\/\/uvbbrasil.com.br\/encontro-paraibano-de-legislativos-municipais-e-realizado-em-boa-vista\/\",\"name\":\"Encontro Paraibano de Legislativos Municipais\u00a0\u00e9 realizado em Boa Vista - UVB Brasil\",\"isPartOf\":{\"@id\":\"https:\/\/uvbbrasil.com.br\/#website\"},\"primaryImageOfPage\":{\"@id\":\"https:\/\/uvbbrasil.com.br\/encontro-paraibano-de-legislativos-municipais-e-realizado-em-boa-vista\/#primaryimage\"},\"image\":{\"@id\":\"https:\/\/uvbbrasil.com.br\/encontro-paraibano-de-legislativos-municipais-e-realizado-em-boa-vista\/#primaryimage\"},\"thumbnailUrl\":\"https:\/\/uvbbrasil.com.br\/wp-content\/uploads\/2022\/03\/WhatsApp-Image-2022-03-15-at-12.25.19-1.jpeg\",\"datePublished\":\"2022-03-15T19:06:07+00:00\",\"breadcrumb\":{\"@id\":\"https:\/\/uvbbrasil.com.br\/encontro-paraibano-de-legislativos-municipais-e-realizado-em-boa-vista\/#breadcrumb\"},\"inLanguage\":\"pt-BR\",\"potentialAction\":[{\"@type\":\"ReadAction\",\"target\":[\"https:\/\/uvbbrasil.com.br\/encontro-paraibano-de-legislativos-municipais-e-realizado-em-boa-vista\/\"]}]},{\"@type\":\"ImageObject\",\"inLanguage\":\"pt-BR\",\"@id\":\"https:\/\/uvbbrasil.com.br\/encontro-paraibano-de-legislativos-municipais-e-realizado-em-boa-vista\/#primaryimage\",\"url\":\"https:\/\/uvbbrasil.com.br\/wp-content\/uploads\/2022\/03\/WhatsApp-Image-2022-03-15-at-12.25.19-1.jpeg\",\"contentUrl\":\"https:\/\/uvbbrasil.com.br\/wp-content\/uploads\/2022\/03\/WhatsApp-Image-2022-03-15-at-12.25.19-1.jpeg\",\"width\":1599,\"height\":738},{\"@type\":\"BreadcrumbList\",\"@id\":\"https:\/\/uvbbrasil.com.br\/encontro-paraibano-de-legislativos-municipais-e-realizado-em-boa-vista\/#breadcrumb\",\"itemListElement\":[{\"@type\":\"ListItem\",\"position\":1,\"name\":\"In\u00edcio\",\"item\":\"https:\/\/uvbbrasil.com.br\/\"},{\"@type\":\"ListItem\",\"position\":2,\"name\":\"Encontro Paraibano de Legislativos Municipais\u00a0\u00e9 realizado em Boa Vista\"}]},{\"@type\":\"WebSite\",\"@id\":\"https:\/\/uvbbrasil.com.br\/#website\",\"url\":\"https:\/\/uvbbrasil.com.br\/\",\"name\":\"UVB Brasil\",\"description\":\"Uni\u00e3o dos Vereadores do Brasil\",\"publisher\":{\"@id\":\"https:\/\/uvbbrasil.com.br\/#organization\"},\"potentialAction\":[{\"@type\":\"SearchAction\",\"target\":{\"@type\":\"EntryPoint\",\"urlTemplate\":\"https:\/\/uvbbrasil.com.br\/?s={search_term_string}\"},\"query-input\":{\"@type\":\"PropertyValueSpecification\",\"valueRequired\":true,\"valueName\":\"search_term_string\"}}],\"inLanguage\":\"pt-BR\"},{\"@type\":\"Organization\",\"@id\":\"https:\/\/uvbbrasil.com.br\/#organization\",\"name\":\"UVB Brasil\",\"url\":\"https:\/\/uvbbrasil.com.br\/\",\"logo\":{\"@type\":\"ImageObject\",\"inLanguage\":\"pt-BR\",\"@id\":\"https:\/\/uvbbrasil.com.br\/#\/schema\/logo\/image\/\",\"url\":\"https:\/\/uvbbrasil.com.br\/wp-content\/uploads\/2025\/01\/LOGO-UVB-2024-azul-1.jpg\",\"contentUrl\":\"https:\/\/uvbbrasil.com.br\/wp-content\/uploads\/2025\/01\/LOGO-UVB-2024-azul-1.jpg\",\"width\":600,\"height\":211,\"caption\":\"UVB Brasil\"},\"image\":{\"@id\":\"https:\/\/uvbbrasil.com.br\/#\/schema\/logo\/image\/\"},\"sameAs\":[\"https:\/\/www.facebook.com\/uvb.vereadoresbrasil\",\"https:\/\/www.instagram.com\/uvbbrasil\/\",\"https:\/\/www.youtube.com\/channel\/UCIlPQ8Xzw5GHNzosQIg9S5A\"]},{\"@type\":\"Person\",\"@id\":\"https:\/\/uvbbrasil.com.br\/#\/schema\/person\/17990098446c098f52effddff4f1b272\",\"name\":\"adminuvb\",\"image\":{\"@type\":\"ImageObject\",\"inLanguage\":\"pt-BR\",\"@id\":\"https:\/\/uvbbrasil.com.br\/#\/schema\/person\/image\/\",\"url\":\"https:\/\/secure.gravatar.com\/avatar\/1a494ea6f8e2dd1ae526e55b0e9497efdba542491e0620d704cccf63c6f77c45?s=96&d=mm&r=g\",\"contentUrl\":\"https:\/\/secure.gravatar.com\/avatar\/1a494ea6f8e2dd1ae526e55b0e9497efdba542491e0620d704cccf63c6f77c45?s=96&d=mm&r=g\",\"caption\":\"adminuvb\"},\"sameAs\":[\"https:\/\/uvbbrasil.com.br\"],\"url\":\"https:\/\/uvbbrasil.com.br\/author\/adminuvb\/\"}]}<\/script>\n<!-- \/ Yoast SEO plugin. -->","yoast_head_json":{"title":"Encontro Paraibano de Legislativos Municipais\u00a0\u00e9 realizado em Boa Vista - UVB Brasil","robots":{"index":"index","follow":"follow","max-snippet":"max-snippet:-1","max-image-preview":"max-image-preview:large","max-video-preview":"max-video-preview:-1"},"canonical":"https:\/\/uvbbrasil.com.br\/encontro-paraibano-de-legislativos-municipais-e-realizado-em-boa-vista\/","og_locale":"pt_BR","og_type":"article","og_title":"Encontro Paraibano de Legislativos Municipais\u00a0\u00e9 realizado em Boa Vista - UVB Brasil","og_description":"Promovido\u00a0 pela Uni\u00e3o dos Vereadores do Estado da Para\u00edba\/ UVB PB com o apoio da Uni\u00e3o dos Vereadores do Brasil\/UVB,...","og_url":"https:\/\/uvbbrasil.com.br\/encontro-paraibano-de-legislativos-municipais-e-realizado-em-boa-vista\/","og_site_name":"UVB Brasil","article_publisher":"https:\/\/www.facebook.com\/uvb.vereadoresbrasil","article_published_time":"2022-03-15T19:06:07+00:00","og_image":[{"width":1599,"height":738,"url":"https:\/\/uvbbrasil.com.br\/wp-content\/uploads\/2022\/03\/WhatsApp-Image-2022-03-15-at-12.25.19-1.jpeg","type":"image\/jpeg"}],"author":"adminuvb","twitter_card":"summary_large_image","twitter_misc":{"Escrito por":"adminuvb","Est. tempo de leitura":"2 minutos"},"schema":{"@context":"https:\/\/schema.org","@graph":[{"@type":"Article","@id":"https:\/\/uvbbrasil.com.br\/encontro-paraibano-de-legislativos-municipais-e-realizado-em-boa-vista\/#article","isPartOf":{"@id":"https:\/\/uvbbrasil.com.br\/encontro-paraibano-de-legislativos-municipais-e-realizado-em-boa-vista\/"},"author":{"name":"adminuvb","@id":"https:\/\/uvbbrasil.com.br\/#\/schema\/person\/17990098446c098f52effddff4f1b272"},"headline":"Encontro Paraibano de Legislativos Municipais\u00a0\u00e9 realizado em Boa Vista","datePublished":"2022-03-15T19:06:07+00:00","mainEntityOfPage":{"@id":"https:\/\/uvbbrasil.com.br\/encontro-paraibano-de-legislativos-municipais-e-realizado-em-boa-vista\/"},"wordCount":286,"commentCount":0,"publisher":{"@id":"https:\/\/uvbbrasil.com.br\/#organization"},"image":{"@id":"https:\/\/uvbbrasil.com.br\/encontro-paraibano-de-legislativos-municipais-e-realizado-em-boa-vista\/#primaryimage"},"thumbnailUrl":"https:\/\/uvbbrasil.com.br\/wp-content\/uploads\/2022\/03\/WhatsApp-Image-2022-03-15-at-12.25.19-1.jpeg","articleSection":["NOT\u00cdCIAS"],"inLanguage":"pt-BR","potentialAction":[{"@type":"CommentAction","name":"Comment","target":["https:\/\/uvbbrasil.com.br\/encontro-paraibano-de-legislativos-municipais-e-realizado-em-boa-vista\/#respond"]}]},{"@type":"WebPage","@id":"https:\/\/uvbbrasil.com.br\/encontro-paraibano-de-legislativos-municipais-e-realizado-em-boa-vista\/","url":"https:\/\/uvbbrasil.com.br\/encontro-paraibano-de-legislativos-municipais-e-realizado-em-boa-vista\/","name":"Encontro Paraibano de Legislativos Municipais\u00a0\u00e9 realizado em Boa Vista - UVB Brasil","isPartOf":{"@id":"https:\/\/uvbbrasil.com.br\/#website"},"primaryImageOfPage":{"@id":"https:\/\/uvbbrasil.com.br\/encontro-paraibano-de-legislativos-municipais-e-realizado-em-boa-vista\/#primaryimage"},"image":{"@id":"https:\/\/uvbbrasil.com.br\/encontro-paraibano-de-legislativos-municipais-e-realizado-em-boa-vista\/#primaryimage"},"thumbnailUrl":"https:\/\/uvbbrasil.com.br\/wp-content\/uploads\/2022\/03\/WhatsApp-Image-2022-03-15-at-12.25.19-1.jpeg","datePublished":"2022-03-15T19:06:07+00:00","breadcrumb":{"@id":"https:\/\/uvbbrasil.com.br\/encontro-paraibano-de-legislativos-municipais-e-realizado-em-boa-vista\/#breadcrumb"},"inLanguage":"pt-BR","potentialAction":[{"@type":"ReadAction","target":["https:\/\/uvbbrasil.com.br\/encontro-paraibano-de-legislativos-municipais-e-realizado-em-boa-vista\/"]}]},{"@type":"ImageObject","inLanguage":"pt-BR","@id":"https:\/\/uvbbrasil.com.br\/encontro-paraibano-de-legislativos-municipais-e-realizado-em-boa-vista\/#primaryimage","url":"https:\/\/uvbbrasil.com.br\/wp-content\/uploads\/2022\/03\/WhatsApp-Image-2022-03-15-at-12.25.19-1.jpeg","contentUrl":"https:\/\/uvbbrasil.com.br\/wp-content\/uploads\/2022\/03\/WhatsApp-Image-2022-03-15-at-12.25.19-1.jpeg","width":1599,"height":738},{"@type":"BreadcrumbList","@id":"https:\/\/uvbbrasil.com.br\/encontro-paraibano-de-legislativos-municipais-e-realizado-em-boa-vista\/#breadcrumb","itemListElement":[{"@type":"ListItem","position":1,"name":"In\u00edcio","item":"https:\/\/uvbbrasil.com.br\/"},{"@type":"ListItem","position":2,"name":"Encontro Paraibano de Legislativos Municipais\u00a0\u00e9 realizado em Boa Vista"}]},{"@type":"WebSite","@id":"https:\/\/uvbbrasil.com.br\/#website","url":"https:\/\/uvbbrasil.com.br\/","name":"UVB Brasil","description":"Uni\u00e3o dos Vereadores do Brasil","publisher":{"@id":"https:\/\/uvbbrasil.com.br\/#organization"},"potentialAction":[{"@type":"SearchAction","target":{"@type":"EntryPoint","urlTemplate":"https:\/\/uvbbrasil.com.br\/?s={search_term_string}"},"query-input":{"@type":"PropertyValueSpecification","valueRequired":true,"valueName":"search_term_string"}}],"inLanguage":"pt-BR"},{"@type":"Organization","@id":"https:\/\/uvbbrasil.com.br\/#organization","name":"UVB Brasil","url":"https:\/\/uvbbrasil.com.br\/","logo":{"@type":"ImageObject","inLanguage":"pt-BR","@id":"https:\/\/uvbbrasil.com.br\/#\/schema\/logo\/image\/","url":"https:\/\/uvbbrasil.com.br\/wp-content\/uploads\/2025\/01\/LOGO-UVB-2024-azul-1.jpg","contentUrl":"https:\/\/uvbbrasil.com.br\/wp-content\/uploads\/2025\/01\/LOGO-UVB-2024-azul-1.jpg","width":600,"height":211,"caption":"UVB Brasil"},"image":{"@id":"https:\/\/uvbbrasil.com.br\/#\/schema\/logo\/image\/"},"sameAs":["https:\/\/www.facebook.com\/uvb.vereadoresbrasil","https:\/\/www.instagram.com\/uvbbrasil\/","https:\/\/www.youtube.com\/channel\/UCIlPQ8Xzw5GHNzosQIg9S5A"]},{"@type":"Person","@id":"https:\/\/uvbbrasil.com.br\/#\/schema\/person\/17990098446c098f52effddff4f1b272","name":"adminuvb","image":{"@type":"ImageObject","inLanguage":"pt-BR","@id":"https:\/\/uvbbrasil.com.br\/#\/schema\/person\/image\/","url":"https:\/\/secure.gravatar.com\/avatar\/1a494ea6f8e2dd1ae526e55b0e9497efdba542491e0620d704cccf63c6f77c45?s=96&d=mm&r=g","contentUrl":"https:\/\/secure.gravatar.com\/avatar\/1a494ea6f8e2dd1ae526e55b0e9497efdba542491e0620d704cccf63c6f77c45?s=96&d=mm&r=g","caption":"adminuvb"},"sameAs":["https:\/\/uvbbrasil.com.br"],"url":"https:\/\/uvbbrasil.com.br\/author\/adminuvb\/"}]}},"_links":{"self":[{"href":"https:\/\/uvbbrasil.com.br\/uvb-json\/wp\/v2\/posts\/25244","targetHints":{"allow":["GET"]}}],"collection":[{"href":"https:\/\/uvbbrasil.com.br\/uvb-json\/wp\/v2\/posts"}],"about":[{"href":"https:\/\/uvbbrasil.com.br\/uvb-json\/wp\/v2\/types\/post"}],"author":[{"embeddable":true,"href":"https:\/\/uvbbrasil.com.br\/uvb-json\/wp\/v2\/users\/1"}],"replies":[{"embeddable":true,"href":"https:\/\/uvbbrasil.com.br\/uvb-json\/wp\/v2\/comments?post=25244"}],"version-history":[{"count":0,"href":"https:\/\/uvbbrasil.com.br\/uvb-json\/wp\/v2\/posts\/25244\/revisions"}],"wp:featuredmedia":[{"embeddable":true,"href":"https:\/\/uvbbrasil.com.br\/uvb-json\/wp\/v2\/media\/25247"}],"wp:attachment":[{"href":"https:\/\/uvbbrasil.com.br\/uvb-json\/wp\/v2\/media?parent=25244"}],"wp:term":[{"taxonomy":"category","embeddable":true,"href":"https:\/\/uvbbrasil.com.br\/uvb-json\/wp\/v2\/categories?post=25244"},{"taxonomy":"post_tag","embeddable":true,"href":"https:\/\/uvbbrasil.com.br\/uvb-json\/wp\/v2\/tags?post=25244"}],"curies":[{"name":"wp","href":"https:\/\/api.w.org\/{rel}","templated":true}]}}