{"id":25190,"date":"2022-03-10T10:24:22","date_gmt":"2022-03-10T13:24:22","guid":{"rendered":"https:\/\/wpsandbox4.pante.com.br\/?p=25190"},"modified":"2022-03-10T10:24:22","modified_gmt":"2022-03-10T13:24:22","slug":"pacheco-recebe-manifesto-de-artistas-contra-projetos-que-podem-impactar-meio-ambiente","status":"publish","type":"post","link":"https:\/\/uvbbrasil.com.br\/pacheco-recebe-manifesto-de-artistas-contra-projetos-que-podem-impactar-meio-ambiente\/","title":{"rendered":"Pacheco recebe manifesto de artistas contra projetos que podem impactar meio ambiente"},"content":{"rendered":"<p>O presidente do Senado, Rodrigo Pacheco, recebeu de artistas e representantes do Movimento 342 Amaz\u00f4nia documento contra a tramita\u00e7\u00e3o, no Congresso Nacional, de propostas que podem gerar impacto ambiental no pa\u00eds. A audi\u00eancia, liderada pelo cantor e compositor Caetano Veloso, ocorreu no Sal\u00e3o Negro, na tarde desta quarta-feira (9) e reuniu senadores, deputados e dezenas de artistas, como a atriz Cristiane Torlone, os cantores Seu Jorge e Nando Reis e a produtora cultural Paula Lavigne que pediram aos senadores o voto contr\u00e1rio aos projetos que facilitam a minera\u00e7\u00e3o em terras ind\u00edgenas, flexibilizam as regras de licenciamento ambiental e a regulariza\u00e7\u00e3o fundi\u00e1ria e a amplia\u00e7\u00e3o do n\u00famero de agrot\u00f3xicos no Brasil.<\/p>\n<p>Como porta voz do grupo, Caetano Veloso disse que o pa\u00eds vive, atualmente, sua maior \u201cencruzilhada ambiental\u201d desde a redemocratiza\u00e7\u00e3o ao registrar o crescimento do desmatamento na Amaz\u00f4nia e o aumento da frequ\u00eancia de trag\u00e9dias clim\u00e1ticas e ambientais como as mais recentes, em Minas Gerais e na Bahia. Para ele, caso as propostas venham a ser aprovadas, elas v\u00e3o facilitar o desmatamento, permitir a minera\u00e7\u00e3o e o garimpo em terras ind\u00edgenas e desproteger a floresta contra a grilagem e os criminosos. Ele pediu que o Senado \u201cdesperte\u201d contra essas medidas.<\/p>\n<p>\u2014 O Senado tem o poder e a responsabilidade de impedir mudan\u00e7as legislativas irrevers\u00edveis que, cedendo a interesses localizados, empurram uma conta imensa para a sociedade e comprometem o futuro do pa\u00eds \u2014 clamou.<\/p>\n<p>O documento entregue por Veloso traz cinco projetos que est\u00e3o relacionados \u00e0 quest\u00e3o ambiental. Um deles, em tramita\u00e7\u00e3o na C\u00e2mara dos Deputados, \u00e9 o PL 6.299\/2002 que altera a Lei dos Agrot\u00f3xicos e flexibiliza a utiliza\u00e7\u00e3o desse produto. Enquanto o evento acontecia no Senado, a C\u00e2mara aprovava requerimento de urg\u00eancia justamente para votar a mat\u00e9ria em plen\u00e1rio, o que foi criticado pelo cantor Nando Reis.<\/p>\n<p>\u2014 \u00c9 fundamental que haja, dentro do jogo pol\u00edtico, um freio que impe\u00e7a essa barbaridade que est\u00e1 na imin\u00eancia de acontecer. A responsabilidade dos senhores aqui do Senado \u00e9 imensa porque o peso dessa desgra\u00e7a se abater\u00e1 sob a consci\u00eancia de todos voc\u00eas, mas isso \u00e9 pouco perto do sofrimento de toda popula\u00e7\u00e3o e das futuras gera\u00e7\u00f5es \u2014 afirmou.<\/p>\n<p>Em resposta, Rodrigo Pacheco refor\u00e7ou que o Senado tem o compromisso e a preocupa\u00e7\u00e3o de avan\u00e7ar na pauta que busque equilibrar a preserva\u00e7\u00e3o do meio ambiente e estimular o crescimento econ\u00f4mico. Ele citou entre essas medidas aprovadas pela Casa a adapta\u00e7\u00e3o do Plano Nacional de Mudan\u00e7as Clim\u00e1ticas ao Acordo de Paris e a antecipa\u00e7\u00e3o das metas de redu\u00e7\u00e3o de emiss\u00e3o de gases de efeito estufa e garantiu aos artistas que ir\u00e1 tratar a tramita\u00e7\u00e3o dos demais projetos com cautela, sem a\u00e7odamento, dando tramita\u00e7\u00e3o \u201cdigna e proporcional a import\u00e2ncia do que eles representam\u201d.<\/p>\n<p>\u2014 Porque n\u00f3s n\u00e3o podemos ser compreendidos, nem o Congresso Nacional, nem o nosso pa\u00eds, como p\u00e1rias internacionais apartados e afastados da pauta do meio ambiente. Ent\u00e3o o compromisso que fa\u00e7o \u00e9 de que nenhum desses projetos ser\u00e1 diretamente pautado no plen\u00e1rio do Senado Federal sem aprecia\u00e7\u00e3o, e sem a tramita\u00e7\u00e3o devida no \u00e2mbito das comiss\u00f5es permanentes tem\u00e1ticas da Casa \u2014 garantiu.<\/p>\n<h3><b>Atualiza\u00e7\u00e3o da legisla\u00e7\u00e3o<\/b><\/h3>\n<p>Os projetos de lei que tratam da institui\u00e7\u00e3o da lei geral do licenciamento ambiental\u00a0<a href=\"http:\/\/www25.senado.leg.br\/web\/atividade\/materias\/-\/materia\/148785\" target=\"_self\" rel=\"noopener\">(PL) 2.159\/2021<\/a>\u00a0e do novo marco da regulariza\u00e7\u00e3o fundi\u00e1ria (<a title=\"\" href=\"https:\/\/www25.senado.leg.br\/web\/atividade\/materias\/-\/materia\/149358\" target=\"_self\" rel=\"noopener\">PL 2.633\/2020<\/a>\u00a0e\u00a0<a href=\"http:\/\/www25.senado.leg.br\/web\/atividade\/materias\/-\/materia\/146639\" target=\"_self\" rel=\"noopener\">PL 510\/2021<\/a>) tamb\u00e9m foram alvo de critica dos participantes. As duas propostas tramitam no Senado Federal, nas Comiss\u00f5es de Meio Ambiente (CMA) e a de Agricultura e Reforma Agr\u00e1ria (CRA). O senador Randolfe Rodrigues (Rede-AP), respons\u00e1vel por articular a audi\u00eancia desta quarta-feira, disse que, na pr\u00e1tica, as mat\u00e9rias \u201cregularizam a grilagem\u201d.<\/p>\n<p>\u2014 Por mais paradoxal que pare\u00e7a, \u00e9 isso na pr\u00e1tica. Regulariza a pr\u00e1tica criminosa da grilagem. E todas essas mat\u00e9rias s\u00e3o amea\u00e7adoras para o ecossistema do pa\u00eds, e em especial, para o ecossistema da Amaz\u00f4nia \u2014 alertou.<\/p>\n<p>Sobre as mat\u00e9rias, Rodrigo Pacheco informou que elas est\u00e3o seguindo a tramita\u00e7\u00e3o de an\u00e1lise e vota\u00e7\u00e3o na Casa, inclusive com amplas discuss\u00f5es nas comiss\u00f5es tem\u00e1ticas. Ele disse que o Brasil enfrenta um \u201cgrande problema\u201d que \u00e9 o desmatamento ilegal mas que h\u00e1 a necessidade de se avan\u00e7ar em uma pol\u00edtica que \u201ccompatibilize o desenvolvimento econ\u00f4mico\u201d com a \u201cpreserva\u00e7\u00e3o do meio ambiente\u201d.<\/p>\n<p>\u2014 E quando se identifica um projeto de regulariza\u00e7\u00e3o fundi\u00e1ria \u00e9 evidente que se tem de encontrar um equil\u00edbrio entre a necessidade que muitos j\u00e1 defenderam e continuam defendendo do sujeito ser o detentor da terra (&#8230;) com a impossibilidade de se titularizar uma ofensa ambiental ou uma grilagem de terra. Assim como a moderniza\u00e7\u00e3o de algum marco legislativo referente a licenciamento ambiental que n\u00e3o signifique, ou que n\u00e3o deve significar, um passe livre para o desmatamento, para a viola\u00e7\u00e3o ambiental, para licenciamentos absolutamente sem regras \u2014 avaliou.<\/p>\n<h3><b>Minera\u00e7\u00e3o em terras ind\u00edgenas <\/b><\/h3>\n<p>Os artistas e representantes da sociedade civil refutaram ainda na audi\u00eancia as declara\u00e7\u00f5es do presidente Jair Bolsonaro sobre a explora\u00e7\u00e3o de pot\u00e1ssio, mat\u00e9ria prima de fertilizantes usados na agricultura brasileira. Com o conflito internacional, o produto pode faltar ou encarecer. Para eles, o presidente estaria usando a guerra no Leste Europeu como alega\u00e7\u00e3o para defender a libera\u00e7\u00e3o de minera\u00e7\u00e3o em terras ind\u00edgenas.<\/p>\n<p>\u2014 Com essa desculpa de que a guerra n\u00e3o vai poder oferecer fertilizantes para o agroneg\u00f3cio. Eu n\u00e3o acredito que o Senado vai deixar se enganar por esse subterf\u00fagio de que \u00e9 preciso liberar a minera\u00e7\u00e3o nos territ\u00f3rios ind\u00edgenas para atender mais essa gan\u00e2ncia do capitalismo, do agroneg\u00f3cio, das grandes multinacionais \u2014 afirmou S\u00f4nia Guajajara, ind\u00edgena e \u00a0coordenadora-executiva da Articula\u00e7\u00e3o dos Povos Ind\u00edgenas do Brasil (Apib).<\/p>\n<p>A mesma quest\u00e3o foi refor\u00e7ada pela cantora Daniela Mercury.<\/p>\n<p>\u2014 Pot\u00e1ssio tem em S\u00e3o Paulo, Minas Gerais, Sergipe. S\u00f3 tem 11% do Pot\u00e1ssio no Brasil nas terras ind\u00edgenas. Deixa as terras ind\u00edgenas l\u00e1 preservadas, nos precisamos da floresta de p\u00e9 \u2014 pediu.<\/p>\n<p>Sobre o tema, apesar de defender a autonomia de fertilizantes no Brasil, Pacheco disse se deve potencializar essas reservas \u201cde preferencia, sem atentar contra florestas ou \u00e1reas ind\u00edgenas\u201d.<\/p>\n<h3><strong>&#8220;Pacote do veneno&#8221;<\/strong><\/h3>\n<p>Ainda durante o evento, o presidente do Senado recebeu uma v\u00eddeo chamada do cantor Chico Buarque, que n\u00e3o pode participar do evento por se recuperar de uma cirurgia. Pelo telefone, ele disse que se somava a voz dos artistas para repudiar o que chamou de \u201cpacote do veneno\u201d e refor\u00e7ou o pedido para que o Senado impe\u00e7a a aprova\u00e7\u00e3o desse pacote \u201ccriminoso\u201d.<\/p>\n<p>A audi\u00eancia tamb\u00e9m foi acompanhada pelos senadores Humberto Costa (PT-PE), Otto Alencar (PSD-BA), Eliziane Gama (Cidadania-MA), Paulo Rocha (PT-PA), Fabiano Contarato (PT-ES), Randolfe Rodrigues (Rede-AP), Jaques Wagner (PT-BA), Alexandre Silveira (PSD-MG), Rog\u00e9rio Carvalho (PT-SE). Tamb\u00e9m esteve presente o bispo de Caxias do Maranh\u00e3o (MA) e presidente da Comiss\u00e3o Especial sobre a Minera\u00e7\u00e3o e a Ecologia Integral da Confer\u00eancia Nacional dos Bispos do Brasil (CNBB), dom Sebasti\u00e3o Lima Duarte.<\/p>\n<p>Os artistas e participantes da audi\u00eancia integram o \u201cAto pela Terra\u201c. O movimento tomou a Esplanada dos Minist\u00e9rios nesta quarta-feira. Agora \u00e0 noite, eles se concentraram em frente ao Congresso Nacional, no gramado.<\/p>\n<h3><strong>Projetos do manifesto:<\/strong><\/h3>\n<h3><strong>Em tramita\u00e7\u00e3o no Senado<\/strong><\/h3>\n<p>&#8211; <a class=\"external-link\" title=\"\" href=\"http:\/\/www25.senado.leg.br\/web\/atividade\/materias\/-\/materia\/149358\" target=\"_self\" rel=\"noopener\">PL 2.633\/2020<\/a>: altera a Lei de Licita\u00e7\u00f5es e Contratos Administrativas para ampliar o alcance da regulariza\u00e7\u00e3o fundi\u00e1ria<\/p>\n<p>&#8211; <a class=\"external-link\" title=\"\" href=\"http:\/\/www25.senado.leg.br\/web\/atividade\/materias\/-\/materia\/148785\" target=\"_self\" rel=\"noopener\">PL 2.159\/2021<\/a>: altera normas gerais para o licenciamento ambiental<\/p>\n<h3><strong>Em tramita\u00e7\u00e3o na C\u00e2mara<\/strong><\/h3>\n<p>&#8211; <a class=\"external-link\" title=\"\" href=\"http:\/\/www.camara.leg.br\/proposicoesWeb\/fichadetramitacao?idProposicao=345311\" target=\"_self\" rel=\"noopener\">PL 490\/2007<\/a>: altera a legisla\u00e7\u00e3o de demarca\u00e7\u00e3o de terras ind\u00edgenas<\/p>\n<p>&#8211; <a class=\"external-link\" title=\"\" href=\"http:\/\/www.camara.leg.br\/proposicoesWeb\/fichadetramitacao?idProposicao=2236765\" target=\"_self\" rel=\"noopener\">PL 191\/2020<\/a>: regulamenta a explora\u00e7\u00e3o de recursos minerais, h\u00eddricos e org\u00e2nicos em reservas ind\u00edgenas<\/p>\n<p>&#8211; <a class=\"external-link\" title=\"\" href=\"http:\/\/www.camara.leg.br\/proposicoesWeb\/fichadetramitacao?idProposicao=46249\" target=\"_self\" rel=\"noopener\">PL 6.299\/2002<\/a>:\u00a0altera a Lei dos Agrot\u00f3xicos e flexibiliza a utiliza\u00e7\u00e3o desse produto.<\/p>\n<p><img fetchpriority=\"high\" decoding=\"async\" class=\"alignnone size-medium wp-image-25191\" src=\"https:\/\/uvbbrasil.com.br\/wp-content\/uploads\/2022\/03\/imagem_materia-37-300x199.jpg\" alt=\"\" width=\"300\" height=\"199\" srcset=\"https:\/\/uvbbrasil.com.br\/wp-content\/uploads\/2022\/03\/imagem_materia-37-300x199.jpg 300w, https:\/\/uvbbrasil.com.br\/wp-content\/uploads\/2022\/03\/imagem_materia-37-768x509.jpg 768w, https:\/\/uvbbrasil.com.br\/wp-content\/uploads\/2022\/03\/imagem_materia-37.jpg 860w\" sizes=\"(max-width: 300px) 100vw, 300px\" \/><\/p>\n<p>Fonte: Ag\u00eancia Senado<\/p>\n","protected":false},"excerpt":{"rendered":"<p>O presidente do Senado, Rodrigo Pacheco, recebeu de artistas e representantes do Movimento 342 Amaz\u00f4nia documento contra a tramita\u00e7\u00e3o, no&#8230;<\/p>\n","protected":false},"author":1,"featured_media":25191,"comment_status":"open","ping_status":"open","sticky":false,"template":"","format":"standard","meta":{"footnotes":""},"categories":[3],"tags":[],"class_list":["post-25190","post","type-post","status-publish","format-standard","has-post-thumbnail","hentry","category-noticias"],"yoast_head":"<!-- This site is optimized with the Yoast SEO plugin v26.7 - https:\/\/yoast.com\/wordpress\/plugins\/seo\/ -->\n<title>Pacheco recebe manifesto de artistas contra projetos que podem impactar meio ambiente - UVB Brasil<\/title>\n<meta name=\"robots\" content=\"index, follow, max-snippet:-1, max-image-preview:large, max-video-preview:-1\" \/>\n<link rel=\"canonical\" href=\"https:\/\/uvbbrasil.com.br\/pacheco-recebe-manifesto-de-artistas-contra-projetos-que-podem-impactar-meio-ambiente\/\" \/>\n<meta property=\"og:locale\" content=\"pt_BR\" \/>\n<meta property=\"og:type\" content=\"article\" \/>\n<meta property=\"og:title\" content=\"Pacheco recebe manifesto de artistas contra projetos que podem impactar meio ambiente - UVB Brasil\" \/>\n<meta property=\"og:description\" content=\"O presidente do Senado, Rodrigo Pacheco, recebeu de artistas e representantes do Movimento 342 Amaz\u00f4nia documento contra a tramita\u00e7\u00e3o, no...\" \/>\n<meta property=\"og:url\" content=\"https:\/\/uvbbrasil.com.br\/pacheco-recebe-manifesto-de-artistas-contra-projetos-que-podem-impactar-meio-ambiente\/\" \/>\n<meta property=\"og:site_name\" content=\"UVB Brasil\" \/>\n<meta property=\"article:publisher\" content=\"https:\/\/www.facebook.com\/uvb.vereadoresbrasil\" \/>\n<meta property=\"article:published_time\" content=\"2022-03-10T13:24:22+00:00\" \/>\n<meta property=\"og:image\" content=\"https:\/\/uvbbrasil.com.br\/wp-content\/uploads\/2022\/03\/imagem_materia-37.jpg\" \/>\n\t<meta property=\"og:image:width\" content=\"860\" \/>\n\t<meta property=\"og:image:height\" content=\"570\" \/>\n\t<meta property=\"og:image:type\" content=\"image\/jpeg\" \/>\n<meta name=\"author\" content=\"adminuvb\" \/>\n<meta name=\"twitter:card\" content=\"summary_large_image\" \/>\n<meta name=\"twitter:label1\" content=\"Escrito por\" \/>\n\t<meta name=\"twitter:data1\" content=\"adminuvb\" \/>\n\t<meta name=\"twitter:label2\" content=\"Est. tempo de leitura\" \/>\n\t<meta name=\"twitter:data2\" content=\"6 minutos\" \/>\n<script type=\"application\/ld+json\" class=\"yoast-schema-graph\">{\"@context\":\"https:\/\/schema.org\",\"@graph\":[{\"@type\":\"Article\",\"@id\":\"https:\/\/uvbbrasil.com.br\/pacheco-recebe-manifesto-de-artistas-contra-projetos-que-podem-impactar-meio-ambiente\/#article\",\"isPartOf\":{\"@id\":\"https:\/\/uvbbrasil.com.br\/pacheco-recebe-manifesto-de-artistas-contra-projetos-que-podem-impactar-meio-ambiente\/\"},\"author\":{\"name\":\"adminuvb\",\"@id\":\"https:\/\/uvbbrasil.com.br\/#\/schema\/person\/17990098446c098f52effddff4f1b272\"},\"headline\":\"Pacheco recebe manifesto de artistas contra projetos que podem impactar meio ambiente\",\"datePublished\":\"2022-03-10T13:24:22+00:00\",\"mainEntityOfPage\":{\"@id\":\"https:\/\/uvbbrasil.com.br\/pacheco-recebe-manifesto-de-artistas-contra-projetos-que-podem-impactar-meio-ambiente\/\"},\"wordCount\":1374,\"commentCount\":0,\"publisher\":{\"@id\":\"https:\/\/uvbbrasil.com.br\/#organization\"},\"image\":{\"@id\":\"https:\/\/uvbbrasil.com.br\/pacheco-recebe-manifesto-de-artistas-contra-projetos-que-podem-impactar-meio-ambiente\/#primaryimage\"},\"thumbnailUrl\":\"https:\/\/uvbbrasil.com.br\/wp-content\/uploads\/2022\/03\/imagem_materia-37.jpg\",\"articleSection\":[\"NOT\u00cdCIAS\"],\"inLanguage\":\"pt-BR\",\"potentialAction\":[{\"@type\":\"CommentAction\",\"name\":\"Comment\",\"target\":[\"https:\/\/uvbbrasil.com.br\/pacheco-recebe-manifesto-de-artistas-contra-projetos-que-podem-impactar-meio-ambiente\/#respond\"]}]},{\"@type\":\"WebPage\",\"@id\":\"https:\/\/uvbbrasil.com.br\/pacheco-recebe-manifesto-de-artistas-contra-projetos-que-podem-impactar-meio-ambiente\/\",\"url\":\"https:\/\/uvbbrasil.com.br\/pacheco-recebe-manifesto-de-artistas-contra-projetos-que-podem-impactar-meio-ambiente\/\",\"name\":\"Pacheco recebe manifesto de artistas contra projetos que podem impactar meio ambiente - UVB Brasil\",\"isPartOf\":{\"@id\":\"https:\/\/uvbbrasil.com.br\/#website\"},\"primaryImageOfPage\":{\"@id\":\"https:\/\/uvbbrasil.com.br\/pacheco-recebe-manifesto-de-artistas-contra-projetos-que-podem-impactar-meio-ambiente\/#primaryimage\"},\"image\":{\"@id\":\"https:\/\/uvbbrasil.com.br\/pacheco-recebe-manifesto-de-artistas-contra-projetos-que-podem-impactar-meio-ambiente\/#primaryimage\"},\"thumbnailUrl\":\"https:\/\/uvbbrasil.com.br\/wp-content\/uploads\/2022\/03\/imagem_materia-37.jpg\",\"datePublished\":\"2022-03-10T13:24:22+00:00\",\"breadcrumb\":{\"@id\":\"https:\/\/uvbbrasil.com.br\/pacheco-recebe-manifesto-de-artistas-contra-projetos-que-podem-impactar-meio-ambiente\/#breadcrumb\"},\"inLanguage\":\"pt-BR\",\"potentialAction\":[{\"@type\":\"ReadAction\",\"target\":[\"https:\/\/uvbbrasil.com.br\/pacheco-recebe-manifesto-de-artistas-contra-projetos-que-podem-impactar-meio-ambiente\/\"]}]},{\"@type\":\"ImageObject\",\"inLanguage\":\"pt-BR\",\"@id\":\"https:\/\/uvbbrasil.com.br\/pacheco-recebe-manifesto-de-artistas-contra-projetos-que-podem-impactar-meio-ambiente\/#primaryimage\",\"url\":\"https:\/\/uvbbrasil.com.br\/wp-content\/uploads\/2022\/03\/imagem_materia-37.jpg\",\"contentUrl\":\"https:\/\/uvbbrasil.com.br\/wp-content\/uploads\/2022\/03\/imagem_materia-37.jpg\",\"width\":860,\"height\":570},{\"@type\":\"BreadcrumbList\",\"@id\":\"https:\/\/uvbbrasil.com.br\/pacheco-recebe-manifesto-de-artistas-contra-projetos-que-podem-impactar-meio-ambiente\/#breadcrumb\",\"itemListElement\":[{\"@type\":\"ListItem\",\"position\":1,\"name\":\"In\u00edcio\",\"item\":\"https:\/\/uvbbrasil.com.br\/\"},{\"@type\":\"ListItem\",\"position\":2,\"name\":\"Pacheco recebe manifesto de artistas contra projetos que podem impactar meio ambiente\"}]},{\"@type\":\"WebSite\",\"@id\":\"https:\/\/uvbbrasil.com.br\/#website\",\"url\":\"https:\/\/uvbbrasil.com.br\/\",\"name\":\"UVB Brasil\",\"description\":\"Uni\u00e3o dos Vereadores do Brasil\",\"publisher\":{\"@id\":\"https:\/\/uvbbrasil.com.br\/#organization\"},\"potentialAction\":[{\"@type\":\"SearchAction\",\"target\":{\"@type\":\"EntryPoint\",\"urlTemplate\":\"https:\/\/uvbbrasil.com.br\/?s={search_term_string}\"},\"query-input\":{\"@type\":\"PropertyValueSpecification\",\"valueRequired\":true,\"valueName\":\"search_term_string\"}}],\"inLanguage\":\"pt-BR\"},{\"@type\":\"Organization\",\"@id\":\"https:\/\/uvbbrasil.com.br\/#organization\",\"name\":\"UVB Brasil\",\"url\":\"https:\/\/uvbbrasil.com.br\/\",\"logo\":{\"@type\":\"ImageObject\",\"inLanguage\":\"pt-BR\",\"@id\":\"https:\/\/uvbbrasil.com.br\/#\/schema\/logo\/image\/\",\"url\":\"https:\/\/uvbbrasil.com.br\/wp-content\/uploads\/2025\/01\/LOGO-UVB-2024-azul-1.jpg\",\"contentUrl\":\"https:\/\/uvbbrasil.com.br\/wp-content\/uploads\/2025\/01\/LOGO-UVB-2024-azul-1.jpg\",\"width\":600,\"height\":211,\"caption\":\"UVB Brasil\"},\"image\":{\"@id\":\"https:\/\/uvbbrasil.com.br\/#\/schema\/logo\/image\/\"},\"sameAs\":[\"https:\/\/www.facebook.com\/uvb.vereadoresbrasil\",\"https:\/\/www.instagram.com\/uvbbrasil\/\",\"https:\/\/www.youtube.com\/channel\/UCIlPQ8Xzw5GHNzosQIg9S5A\"]},{\"@type\":\"Person\",\"@id\":\"https:\/\/uvbbrasil.com.br\/#\/schema\/person\/17990098446c098f52effddff4f1b272\",\"name\":\"adminuvb\",\"image\":{\"@type\":\"ImageObject\",\"inLanguage\":\"pt-BR\",\"@id\":\"https:\/\/uvbbrasil.com.br\/#\/schema\/person\/image\/\",\"url\":\"https:\/\/secure.gravatar.com\/avatar\/1a494ea6f8e2dd1ae526e55b0e9497efdba542491e0620d704cccf63c6f77c45?s=96&d=mm&r=g\",\"contentUrl\":\"https:\/\/secure.gravatar.com\/avatar\/1a494ea6f8e2dd1ae526e55b0e9497efdba542491e0620d704cccf63c6f77c45?s=96&d=mm&r=g\",\"caption\":\"adminuvb\"},\"sameAs\":[\"https:\/\/uvbbrasil.com.br\"],\"url\":\"https:\/\/uvbbrasil.com.br\/author\/adminuvb\/\"}]}<\/script>\n<!-- \/ Yoast SEO plugin. -->","yoast_head_json":{"title":"Pacheco recebe manifesto de artistas contra projetos que podem impactar meio ambiente - UVB Brasil","robots":{"index":"index","follow":"follow","max-snippet":"max-snippet:-1","max-image-preview":"max-image-preview:large","max-video-preview":"max-video-preview:-1"},"canonical":"https:\/\/uvbbrasil.com.br\/pacheco-recebe-manifesto-de-artistas-contra-projetos-que-podem-impactar-meio-ambiente\/","og_locale":"pt_BR","og_type":"article","og_title":"Pacheco recebe manifesto de artistas contra projetos que podem impactar meio ambiente - UVB Brasil","og_description":"O presidente do Senado, Rodrigo Pacheco, recebeu de artistas e representantes do Movimento 342 Amaz\u00f4nia documento contra a tramita\u00e7\u00e3o, no...","og_url":"https:\/\/uvbbrasil.com.br\/pacheco-recebe-manifesto-de-artistas-contra-projetos-que-podem-impactar-meio-ambiente\/","og_site_name":"UVB Brasil","article_publisher":"https:\/\/www.facebook.com\/uvb.vereadoresbrasil","article_published_time":"2022-03-10T13:24:22+00:00","og_image":[{"width":860,"height":570,"url":"https:\/\/uvbbrasil.com.br\/wp-content\/uploads\/2022\/03\/imagem_materia-37.jpg","type":"image\/jpeg"}],"author":"adminuvb","twitter_card":"summary_large_image","twitter_misc":{"Escrito por":"adminuvb","Est. tempo de leitura":"6 minutos"},"schema":{"@context":"https:\/\/schema.org","@graph":[{"@type":"Article","@id":"https:\/\/uvbbrasil.com.br\/pacheco-recebe-manifesto-de-artistas-contra-projetos-que-podem-impactar-meio-ambiente\/#article","isPartOf":{"@id":"https:\/\/uvbbrasil.com.br\/pacheco-recebe-manifesto-de-artistas-contra-projetos-que-podem-impactar-meio-ambiente\/"},"author":{"name":"adminuvb","@id":"https:\/\/uvbbrasil.com.br\/#\/schema\/person\/17990098446c098f52effddff4f1b272"},"headline":"Pacheco recebe manifesto de artistas contra projetos que podem impactar meio ambiente","datePublished":"2022-03-10T13:24:22+00:00","mainEntityOfPage":{"@id":"https:\/\/uvbbrasil.com.br\/pacheco-recebe-manifesto-de-artistas-contra-projetos-que-podem-impactar-meio-ambiente\/"},"wordCount":1374,"commentCount":0,"publisher":{"@id":"https:\/\/uvbbrasil.com.br\/#organization"},"image":{"@id":"https:\/\/uvbbrasil.com.br\/pacheco-recebe-manifesto-de-artistas-contra-projetos-que-podem-impactar-meio-ambiente\/#primaryimage"},"thumbnailUrl":"https:\/\/uvbbrasil.com.br\/wp-content\/uploads\/2022\/03\/imagem_materia-37.jpg","articleSection":["NOT\u00cdCIAS"],"inLanguage":"pt-BR","potentialAction":[{"@type":"CommentAction","name":"Comment","target":["https:\/\/uvbbrasil.com.br\/pacheco-recebe-manifesto-de-artistas-contra-projetos-que-podem-impactar-meio-ambiente\/#respond"]}]},{"@type":"WebPage","@id":"https:\/\/uvbbrasil.com.br\/pacheco-recebe-manifesto-de-artistas-contra-projetos-que-podem-impactar-meio-ambiente\/","url":"https:\/\/uvbbrasil.com.br\/pacheco-recebe-manifesto-de-artistas-contra-projetos-que-podem-impactar-meio-ambiente\/","name":"Pacheco recebe manifesto de artistas contra projetos que podem impactar meio ambiente - UVB Brasil","isPartOf":{"@id":"https:\/\/uvbbrasil.com.br\/#website"},"primaryImageOfPage":{"@id":"https:\/\/uvbbrasil.com.br\/pacheco-recebe-manifesto-de-artistas-contra-projetos-que-podem-impactar-meio-ambiente\/#primaryimage"},"image":{"@id":"https:\/\/uvbbrasil.com.br\/pacheco-recebe-manifesto-de-artistas-contra-projetos-que-podem-impactar-meio-ambiente\/#primaryimage"},"thumbnailUrl":"https:\/\/uvbbrasil.com.br\/wp-content\/uploads\/2022\/03\/imagem_materia-37.jpg","datePublished":"2022-03-10T13:24:22+00:00","breadcrumb":{"@id":"https:\/\/uvbbrasil.com.br\/pacheco-recebe-manifesto-de-artistas-contra-projetos-que-podem-impactar-meio-ambiente\/#breadcrumb"},"inLanguage":"pt-BR","potentialAction":[{"@type":"ReadAction","target":["https:\/\/uvbbrasil.com.br\/pacheco-recebe-manifesto-de-artistas-contra-projetos-que-podem-impactar-meio-ambiente\/"]}]},{"@type":"ImageObject","inLanguage":"pt-BR","@id":"https:\/\/uvbbrasil.com.br\/pacheco-recebe-manifesto-de-artistas-contra-projetos-que-podem-impactar-meio-ambiente\/#primaryimage","url":"https:\/\/uvbbrasil.com.br\/wp-content\/uploads\/2022\/03\/imagem_materia-37.jpg","contentUrl":"https:\/\/uvbbrasil.com.br\/wp-content\/uploads\/2022\/03\/imagem_materia-37.jpg","width":860,"height":570},{"@type":"BreadcrumbList","@id":"https:\/\/uvbbrasil.com.br\/pacheco-recebe-manifesto-de-artistas-contra-projetos-que-podem-impactar-meio-ambiente\/#breadcrumb","itemListElement":[{"@type":"ListItem","position":1,"name":"In\u00edcio","item":"https:\/\/uvbbrasil.com.br\/"},{"@type":"ListItem","position":2,"name":"Pacheco recebe manifesto de artistas contra projetos que podem impactar meio ambiente"}]},{"@type":"WebSite","@id":"https:\/\/uvbbrasil.com.br\/#website","url":"https:\/\/uvbbrasil.com.br\/","name":"UVB Brasil","description":"Uni\u00e3o dos Vereadores do Brasil","publisher":{"@id":"https:\/\/uvbbrasil.com.br\/#organization"},"potentialAction":[{"@type":"SearchAction","target":{"@type":"EntryPoint","urlTemplate":"https:\/\/uvbbrasil.com.br\/?s={search_term_string}"},"query-input":{"@type":"PropertyValueSpecification","valueRequired":true,"valueName":"search_term_string"}}],"inLanguage":"pt-BR"},{"@type":"Organization","@id":"https:\/\/uvbbrasil.com.br\/#organization","name":"UVB Brasil","url":"https:\/\/uvbbrasil.com.br\/","logo":{"@type":"ImageObject","inLanguage":"pt-BR","@id":"https:\/\/uvbbrasil.com.br\/#\/schema\/logo\/image\/","url":"https:\/\/uvbbrasil.com.br\/wp-content\/uploads\/2025\/01\/LOGO-UVB-2024-azul-1.jpg","contentUrl":"https:\/\/uvbbrasil.com.br\/wp-content\/uploads\/2025\/01\/LOGO-UVB-2024-azul-1.jpg","width":600,"height":211,"caption":"UVB Brasil"},"image":{"@id":"https:\/\/uvbbrasil.com.br\/#\/schema\/logo\/image\/"},"sameAs":["https:\/\/www.facebook.com\/uvb.vereadoresbrasil","https:\/\/www.instagram.com\/uvbbrasil\/","https:\/\/www.youtube.com\/channel\/UCIlPQ8Xzw5GHNzosQIg9S5A"]},{"@type":"Person","@id":"https:\/\/uvbbrasil.com.br\/#\/schema\/person\/17990098446c098f52effddff4f1b272","name":"adminuvb","image":{"@type":"ImageObject","inLanguage":"pt-BR","@id":"https:\/\/uvbbrasil.com.br\/#\/schema\/person\/image\/","url":"https:\/\/secure.gravatar.com\/avatar\/1a494ea6f8e2dd1ae526e55b0e9497efdba542491e0620d704cccf63c6f77c45?s=96&d=mm&r=g","contentUrl":"https:\/\/secure.gravatar.com\/avatar\/1a494ea6f8e2dd1ae526e55b0e9497efdba542491e0620d704cccf63c6f77c45?s=96&d=mm&r=g","caption":"adminuvb"},"sameAs":["https:\/\/uvbbrasil.com.br"],"url":"https:\/\/uvbbrasil.com.br\/author\/adminuvb\/"}]}},"_links":{"self":[{"href":"https:\/\/uvbbrasil.com.br\/uvb-json\/wp\/v2\/posts\/25190","targetHints":{"allow":["GET"]}}],"collection":[{"href":"https:\/\/uvbbrasil.com.br\/uvb-json\/wp\/v2\/posts"}],"about":[{"href":"https:\/\/uvbbrasil.com.br\/uvb-json\/wp\/v2\/types\/post"}],"author":[{"embeddable":true,"href":"https:\/\/uvbbrasil.com.br\/uvb-json\/wp\/v2\/users\/1"}],"replies":[{"embeddable":true,"href":"https:\/\/uvbbrasil.com.br\/uvb-json\/wp\/v2\/comments?post=25190"}],"version-history":[{"count":0,"href":"https:\/\/uvbbrasil.com.br\/uvb-json\/wp\/v2\/posts\/25190\/revisions"}],"wp:featuredmedia":[{"embeddable":true,"href":"https:\/\/uvbbrasil.com.br\/uvb-json\/wp\/v2\/media\/25191"}],"wp:attachment":[{"href":"https:\/\/uvbbrasil.com.br\/uvb-json\/wp\/v2\/media?parent=25190"}],"wp:term":[{"taxonomy":"category","embeddable":true,"href":"https:\/\/uvbbrasil.com.br\/uvb-json\/wp\/v2\/categories?post=25190"},{"taxonomy":"post_tag","embeddable":true,"href":"https:\/\/uvbbrasil.com.br\/uvb-json\/wp\/v2\/tags?post=25190"}],"curies":[{"name":"wp","href":"https:\/\/api.w.org\/{rel}","templated":true}]}}