{"id":25023,"date":"2022-02-19T07:22:55","date_gmt":"2022-02-19T10:22:55","guid":{"rendered":"https:\/\/wpsandbox4.pante.com.br\/?p=25023"},"modified":"2022-02-19T07:22:55","modified_gmt":"2022-02-19T10:22:55","slug":"a-obtencao-de-recursos-publicos-federais","status":"publish","type":"post","link":"https:\/\/uvbbrasil.com.br\/a-obtencao-de-recursos-publicos-federais\/","title":{"rendered":"A obten\u00e7\u00e3o de recursos p\u00fablicos federais"},"content":{"rendered":"<p>A consultora de or\u00e7amentos, fiscaliza\u00e7\u00e3o e controle do Interlegis\u00a0 do Senado Federal, Helena Assaf Bastos, participou do Encontro Nacional de Legislativos Municipais, onde demonstrou\u00a0 aos vereadores e vereadoras \u00a0o debate sobre a \u00a0\u00a0obten\u00e7\u00e3o de recursos p\u00fablicos federais, munic\u00edpio preparado tem muitas possibilidades de conseguir recursos federais e leva muita vantagem em rela\u00e7\u00e3o \u00e0queles que est\u00e3o despreparados.<\/p>\n<p>Atrav\u00e9s do programa Interlegis que \u00a0\u00e9 o primeiro grande projeto de moderniza\u00e7\u00e3o e integra\u00e7\u00e3o do legislativo brasileiro, cuja finalidade \u00e9 a forma\u00e7\u00e3o da Comunidade Virtual do poder legislativo, a consultora citou os principais pontos\u00a0 aos parlamentares, como\u00a0 descrever o marco legal, discutir os pontos principais para a capta\u00e7\u00e3o de recursos federais pelos dos munic\u00edpios, apresentar as fontes de informa\u00e7\u00e3o \u00a0que est\u00e3o previstas na Constitui\u00e7\u00e3o Federal, arrecadados pelo Governo Federal e repassados a Estados e Munic\u00edpios, independem de habilita\u00e7\u00e3o por parte do ente da federa\u00e7\u00e3o benefici\u00e1rio, pouca inger\u00eancia municipal sobre o montante.<\/p>\n<p>A consultora exemplificou sobre as transfer\u00eancias Legais, s\u00e3o transfer\u00eancias regulamentadas em leis espec\u00edficas que disciplinam os crit\u00e9rios de habilita\u00e7\u00e3o, a forma de transfer\u00eancia, as formas de aplica\u00e7\u00e3o dos recursos e os meios de presta\u00e7\u00e3o de contas. Uma vez cumpridas as exig\u00eancias legais para habilita\u00e7\u00e3o, transfer\u00eancia, aplica\u00e7\u00e3o de recursos e presta\u00e7\u00e3o de contas, o ente da federa\u00e7\u00e3o passa a receber os recursos automaticamente. J\u00e1 as transfer\u00eancias Legais\u00a0 em duas modalidades<\/p>\n<p>1) <u>Transfer\u00eancias<\/u> cuja <u>aplica\u00e7\u00e3o<\/u> dos recursos repassados <u>n\u00e3o est\u00e1 vinculada <\/u>a um objeto espec\u00edfico (ainda que com fins determinados). Exemplo: Defesa Civil.<\/p>\n<ul>\n<li><u>Transfer\u00eancias<\/u> cuja <u>aplica\u00e7\u00e3o<\/u> dos recursos repassados \u00e9 <u>vinculada<\/u> a um objeto espec\u00edfico.<\/li>\n<li>Exemplos (3 tipos):<\/li>\n<li><u>Direta ao Cidad\u00e3o <\/u>(Bolsa Fam\u00edlia);<\/li>\n<li><u>Autom\u00e1tica<\/u> (Programa Dinheiro Direto na Escola \u2013 PDDE); e<\/li>\n<li><u>Fundo a Fundo <\/u>(Fundo Nacional de Sa\u00fade \u2013 FNS).<\/li>\n<li><\/li>\n<li>Transfer\u00eancias Volunt\u00e1rias<\/li>\n<li>Repasses de recursos (financeiros, bens ou servi\u00e7os), que n\u00e3o estejam previstos como obrigat\u00f3rios pela Constitui\u00e7\u00e3o ou por lei federal, a t\u00edtulo de coopera\u00e7\u00e3o, da Uni\u00e3o a estados, munic\u00edpios ou a entidades privadas sem fins lucrativos, visando \u00e0 execu\u00e7\u00e3o de um programa de governo<\/li>\n<li>Transfer\u00eancia Volunt\u00e1ria (defini\u00e7\u00e3o da LRF<\/li>\n<li>entrega de recursos a outro ente da Federa\u00e7\u00e3o, a t\u00edtulo de coopera\u00e7\u00e3o, aux\u00edlio ou assist\u00eancia financeira;<\/li>\n<li>que n\u00e3o decorra de determina\u00e7\u00e3o constitucional ou legal; e<\/li>\n<li>n\u00e3o sejam destinados ao SUS.<\/li>\n<li>(Lei Complementar n\u00ba 101\/2000, art.25)<\/li>\n<li>Instrumentos de Transfer\u00eancias Volunt\u00e1rias<\/li>\n<li>Conv\u00eanio (Decreto n\u00ba 6.170\/2007 e pela Portaria n\u00ba 424\/2016)<\/li>\n<li>Termo de fomento (Lei n\u00ba 13.019\/2014 e pelo Decreto n\u00ba 8.726\/2016)<\/li>\n<li>Termo de colabora\u00e7\u00e3o (Lei n\u00ba 13.019\/2014 e pelo Decreto n\u00ba 8.726\/2016)<\/li>\n<li>Acordo de coopera\u00e7\u00e3o (Lei n\u00ba 13.019, de 31 de julho de 2014 e pelo Decreto n\u00ba 8.726, de 27 de abril de 2016)<\/li>\n<li>Termo de Execu\u00e7\u00e3o Descentralizada (Decreto n\u00ba 10.426, de 16 de julho de 2020)<\/li>\n<li>Contrato de Repasse (Decreto n\u00ba 6.170, de 25 de julho de 2007 e pela Portaria n\u00ba 424, de 30 de dezembro de 2016)<\/li>\n<li>Conv\u00eanio- \u00c9 o acordo, ajuste ou qualquer outro instrumento que discipline a transfer\u00eancia de recursos financeiros dos or\u00e7amentos da Uni\u00e3o visando \u00e0 execu\u00e7\u00e3o de programa de governo, o qual envolve a realiza\u00e7\u00e3o de projeto, atividade, servi\u00e7o, aquisi\u00e7\u00e3o de bens ou evento de interesse rec\u00edproco, em regime de m\u00fatua coopera\u00e7\u00e3o, e tenha como part\u00edcipes, de um lado, \u00f3rg\u00e3o da administra\u00e7\u00e3o p\u00fablica federal direta, autarquia, funda\u00e7\u00e3o p\u00fablica, empresa p\u00fablica ou sociedade de economia mista, e, de outro, \u00f3rg\u00e3o ou entidade da administra\u00e7\u00e3o p\u00fablica estadual, distrital ou municipal, direta ou indireta, ou ainda, entidade privada sem fins lucrativos.<\/li>\n<li>Termo de Fomento- Instrumento por meio do qual s\u00e3o formalizadas as parcerias estabelecidas pela administra\u00e7\u00e3o p\u00fablica com organiza\u00e7\u00f5es da sociedade civil para a consecu\u00e7\u00e3o de finalidades de interesse p\u00fablico<\/li>\n<li>Termo de Execu\u00e7\u00e3o Descentralizada<\/li>\n<li>Instrumento por meio do qual a descentraliza\u00e7\u00e3o de cr\u00e9ditos entre \u00f3rg\u00e3os e entidades integrantes dos Or\u00e7amentos Fiscal e da Seguridade Social da Uni\u00e3o \u00e9 ajustada,<\/li>\n<li>Contrato de Repasse<\/li>\n<\/ul>\n<p>&#8211; Instrumento administrativo usado na transfer\u00eancia dos recursos financeiros, por interm\u00e9dio de institui\u00e7\u00e3o ou agente financeiro p\u00fablico federal, que atua como mandat\u00e1rio da Uni\u00e3o. A institui\u00e7\u00e3o que mais fortemente vem operando essa modalidade de transfer\u00eancia \u00e9 a Caixa<\/p>\n<p>Econ\u00f4mica Federal (www.caixa.gov.br).<\/p>\n<p><img fetchpriority=\"high\" decoding=\"async\" class=\"alignnone size-medium wp-image-25025\" src=\"https:\/\/uvbbrasil.com.br\/wp-content\/uploads\/2022\/02\/WhatsApp-Image-2022-02-18-at-18.33.36-1-300x225.jpeg\" alt=\"\" width=\"300\" height=\"225\" srcset=\"https:\/\/uvbbrasil.com.br\/wp-content\/uploads\/2022\/02\/WhatsApp-Image-2022-02-18-at-18.33.36-1-300x225.jpeg 300w, https:\/\/uvbbrasil.com.br\/wp-content\/uploads\/2022\/02\/WhatsApp-Image-2022-02-18-at-18.33.36-1-768x576.jpeg 768w, https:\/\/uvbbrasil.com.br\/wp-content\/uploads\/2022\/02\/WhatsApp-Image-2022-02-18-at-18.33.36-1.jpeg 1024w\" sizes=\"(max-width: 300px) 100vw, 300px\" \/><\/p>\n<p><img decoding=\"async\" class=\"alignnone size-medium wp-image-25024\" src=\"https:\/\/uvbbrasil.com.br\/wp-content\/uploads\/2022\/02\/WhatsApp-Image-2022-02-18-at-18.33.36-300x225.jpeg\" alt=\"\" width=\"300\" height=\"225\" srcset=\"https:\/\/uvbbrasil.com.br\/wp-content\/uploads\/2022\/02\/WhatsApp-Image-2022-02-18-at-18.33.36-300x225.jpeg 300w, https:\/\/uvbbrasil.com.br\/wp-content\/uploads\/2022\/02\/WhatsApp-Image-2022-02-18-at-18.33.36-768x576.jpeg 768w, https:\/\/uvbbrasil.com.br\/wp-content\/uploads\/2022\/02\/WhatsApp-Image-2022-02-18-at-18.33.36.jpeg 1024w\" sizes=\"(max-width: 300px) 100vw, 300px\" \/><\/p>\n","protected":false},"excerpt":{"rendered":"<p>A consultora de or\u00e7amentos, fiscaliza\u00e7\u00e3o e controle do Interlegis\u00a0 do Senado Federal, Helena Assaf Bastos, participou do Encontro Nacional de&#8230;<\/p>\n","protected":false},"author":1,"featured_media":25024,"comment_status":"open","ping_status":"open","sticky":false,"template":"","format":"standard","meta":{"footnotes":""},"categories":[3,4],"tags":[],"class_list":["post-25023","post","type-post","status-publish","format-standard","has-post-thumbnail","hentry","category-noticias","category-home"],"yoast_head":"<!-- This site is optimized with the Yoast SEO plugin v26.7 - https:\/\/yoast.com\/wordpress\/plugins\/seo\/ -->\n<title>A obten\u00e7\u00e3o de recursos p\u00fablicos federais - UVB Brasil<\/title>\n<meta name=\"robots\" content=\"index, follow, max-snippet:-1, max-image-preview:large, max-video-preview:-1\" \/>\n<link rel=\"canonical\" href=\"https:\/\/uvbbrasil.com.br\/a-obtencao-de-recursos-publicos-federais\/\" \/>\n<meta property=\"og:locale\" content=\"pt_BR\" \/>\n<meta property=\"og:type\" content=\"article\" \/>\n<meta property=\"og:title\" content=\"A obten\u00e7\u00e3o de recursos p\u00fablicos federais - UVB Brasil\" \/>\n<meta property=\"og:description\" content=\"A consultora de or\u00e7amentos, fiscaliza\u00e7\u00e3o e controle do Interlegis\u00a0 do Senado Federal, Helena Assaf Bastos, participou do Encontro Nacional de...\" \/>\n<meta property=\"og:url\" content=\"https:\/\/uvbbrasil.com.br\/a-obtencao-de-recursos-publicos-federais\/\" \/>\n<meta property=\"og:site_name\" content=\"UVB Brasil\" \/>\n<meta property=\"article:publisher\" content=\"https:\/\/www.facebook.com\/uvb.vereadoresbrasil\" \/>\n<meta property=\"article:published_time\" content=\"2022-02-19T10:22:55+00:00\" \/>\n<meta property=\"og:image\" content=\"https:\/\/uvbbrasil.com.br\/wp-content\/uploads\/2022\/02\/WhatsApp-Image-2022-02-18-at-18.33.36.jpeg\" \/>\n\t<meta property=\"og:image:width\" content=\"1024\" \/>\n\t<meta property=\"og:image:height\" content=\"768\" \/>\n\t<meta property=\"og:image:type\" content=\"image\/jpeg\" \/>\n<meta name=\"author\" content=\"adminuvb\" \/>\n<meta name=\"twitter:card\" content=\"summary_large_image\" \/>\n<meta name=\"twitter:label1\" content=\"Escrito por\" \/>\n\t<meta name=\"twitter:data1\" content=\"adminuvb\" \/>\n\t<meta name=\"twitter:label2\" content=\"Est. tempo de leitura\" \/>\n\t<meta name=\"twitter:data2\" content=\"4 minutos\" \/>\n<script type=\"application\/ld+json\" class=\"yoast-schema-graph\">{\"@context\":\"https:\/\/schema.org\",\"@graph\":[{\"@type\":\"Article\",\"@id\":\"https:\/\/uvbbrasil.com.br\/a-obtencao-de-recursos-publicos-federais\/#article\",\"isPartOf\":{\"@id\":\"https:\/\/uvbbrasil.com.br\/a-obtencao-de-recursos-publicos-federais\/\"},\"author\":{\"name\":\"adminuvb\",\"@id\":\"https:\/\/uvbbrasil.com.br\/#\/schema\/person\/17990098446c098f52effddff4f1b272\"},\"headline\":\"A obten\u00e7\u00e3o de recursos p\u00fablicos federais\",\"datePublished\":\"2022-02-19T10:22:55+00:00\",\"mainEntityOfPage\":{\"@id\":\"https:\/\/uvbbrasil.com.br\/a-obtencao-de-recursos-publicos-federais\/\"},\"wordCount\":747,\"commentCount\":0,\"publisher\":{\"@id\":\"https:\/\/uvbbrasil.com.br\/#organization\"},\"image\":{\"@id\":\"https:\/\/uvbbrasil.com.br\/a-obtencao-de-recursos-publicos-federais\/#primaryimage\"},\"thumbnailUrl\":\"https:\/\/uvbbrasil.com.br\/wp-content\/uploads\/2022\/02\/WhatsApp-Image-2022-02-18-at-18.33.36.jpeg\",\"articleSection\":[\"NOT\u00cdCIAS\",\"UVB\"],\"inLanguage\":\"pt-BR\",\"potentialAction\":[{\"@type\":\"CommentAction\",\"name\":\"Comment\",\"target\":[\"https:\/\/uvbbrasil.com.br\/a-obtencao-de-recursos-publicos-federais\/#respond\"]}]},{\"@type\":\"WebPage\",\"@id\":\"https:\/\/uvbbrasil.com.br\/a-obtencao-de-recursos-publicos-federais\/\",\"url\":\"https:\/\/uvbbrasil.com.br\/a-obtencao-de-recursos-publicos-federais\/\",\"name\":\"A obten\u00e7\u00e3o de recursos p\u00fablicos federais - UVB Brasil\",\"isPartOf\":{\"@id\":\"https:\/\/uvbbrasil.com.br\/#website\"},\"primaryImageOfPage\":{\"@id\":\"https:\/\/uvbbrasil.com.br\/a-obtencao-de-recursos-publicos-federais\/#primaryimage\"},\"image\":{\"@id\":\"https:\/\/uvbbrasil.com.br\/a-obtencao-de-recursos-publicos-federais\/#primaryimage\"},\"thumbnailUrl\":\"https:\/\/uvbbrasil.com.br\/wp-content\/uploads\/2022\/02\/WhatsApp-Image-2022-02-18-at-18.33.36.jpeg\",\"datePublished\":\"2022-02-19T10:22:55+00:00\",\"breadcrumb\":{\"@id\":\"https:\/\/uvbbrasil.com.br\/a-obtencao-de-recursos-publicos-federais\/#breadcrumb\"},\"inLanguage\":\"pt-BR\",\"potentialAction\":[{\"@type\":\"ReadAction\",\"target\":[\"https:\/\/uvbbrasil.com.br\/a-obtencao-de-recursos-publicos-federais\/\"]}]},{\"@type\":\"ImageObject\",\"inLanguage\":\"pt-BR\",\"@id\":\"https:\/\/uvbbrasil.com.br\/a-obtencao-de-recursos-publicos-federais\/#primaryimage\",\"url\":\"https:\/\/uvbbrasil.com.br\/wp-content\/uploads\/2022\/02\/WhatsApp-Image-2022-02-18-at-18.33.36.jpeg\",\"contentUrl\":\"https:\/\/uvbbrasil.com.br\/wp-content\/uploads\/2022\/02\/WhatsApp-Image-2022-02-18-at-18.33.36.jpeg\",\"width\":1024,\"height\":768},{\"@type\":\"BreadcrumbList\",\"@id\":\"https:\/\/uvbbrasil.com.br\/a-obtencao-de-recursos-publicos-federais\/#breadcrumb\",\"itemListElement\":[{\"@type\":\"ListItem\",\"position\":1,\"name\":\"In\u00edcio\",\"item\":\"https:\/\/uvbbrasil.com.br\/\"},{\"@type\":\"ListItem\",\"position\":2,\"name\":\"A obten\u00e7\u00e3o de recursos p\u00fablicos federais\"}]},{\"@type\":\"WebSite\",\"@id\":\"https:\/\/uvbbrasil.com.br\/#website\",\"url\":\"https:\/\/uvbbrasil.com.br\/\",\"name\":\"UVB Brasil\",\"description\":\"Uni\u00e3o dos Vereadores do Brasil\",\"publisher\":{\"@id\":\"https:\/\/uvbbrasil.com.br\/#organization\"},\"potentialAction\":[{\"@type\":\"SearchAction\",\"target\":{\"@type\":\"EntryPoint\",\"urlTemplate\":\"https:\/\/uvbbrasil.com.br\/?s={search_term_string}\"},\"query-input\":{\"@type\":\"PropertyValueSpecification\",\"valueRequired\":true,\"valueName\":\"search_term_string\"}}],\"inLanguage\":\"pt-BR\"},{\"@type\":\"Organization\",\"@id\":\"https:\/\/uvbbrasil.com.br\/#organization\",\"name\":\"UVB Brasil\",\"url\":\"https:\/\/uvbbrasil.com.br\/\",\"logo\":{\"@type\":\"ImageObject\",\"inLanguage\":\"pt-BR\",\"@id\":\"https:\/\/uvbbrasil.com.br\/#\/schema\/logo\/image\/\",\"url\":\"https:\/\/uvbbrasil.com.br\/wp-content\/uploads\/2025\/01\/LOGO-UVB-2024-azul-1.jpg\",\"contentUrl\":\"https:\/\/uvbbrasil.com.br\/wp-content\/uploads\/2025\/01\/LOGO-UVB-2024-azul-1.jpg\",\"width\":600,\"height\":211,\"caption\":\"UVB Brasil\"},\"image\":{\"@id\":\"https:\/\/uvbbrasil.com.br\/#\/schema\/logo\/image\/\"},\"sameAs\":[\"https:\/\/www.facebook.com\/uvb.vereadoresbrasil\",\"https:\/\/www.instagram.com\/uvbbrasil\/\",\"https:\/\/www.youtube.com\/channel\/UCIlPQ8Xzw5GHNzosQIg9S5A\"]},{\"@type\":\"Person\",\"@id\":\"https:\/\/uvbbrasil.com.br\/#\/schema\/person\/17990098446c098f52effddff4f1b272\",\"name\":\"adminuvb\",\"image\":{\"@type\":\"ImageObject\",\"inLanguage\":\"pt-BR\",\"@id\":\"https:\/\/uvbbrasil.com.br\/#\/schema\/person\/image\/\",\"url\":\"https:\/\/secure.gravatar.com\/avatar\/1a494ea6f8e2dd1ae526e55b0e9497efdba542491e0620d704cccf63c6f77c45?s=96&d=mm&r=g\",\"contentUrl\":\"https:\/\/secure.gravatar.com\/avatar\/1a494ea6f8e2dd1ae526e55b0e9497efdba542491e0620d704cccf63c6f77c45?s=96&d=mm&r=g\",\"caption\":\"adminuvb\"},\"sameAs\":[\"https:\/\/uvbbrasil.com.br\"],\"url\":\"https:\/\/uvbbrasil.com.br\/author\/adminuvb\/\"}]}<\/script>\n<!-- \/ Yoast SEO plugin. -->","yoast_head_json":{"title":"A obten\u00e7\u00e3o de recursos p\u00fablicos federais - UVB Brasil","robots":{"index":"index","follow":"follow","max-snippet":"max-snippet:-1","max-image-preview":"max-image-preview:large","max-video-preview":"max-video-preview:-1"},"canonical":"https:\/\/uvbbrasil.com.br\/a-obtencao-de-recursos-publicos-federais\/","og_locale":"pt_BR","og_type":"article","og_title":"A obten\u00e7\u00e3o de recursos p\u00fablicos federais - UVB Brasil","og_description":"A consultora de or\u00e7amentos, fiscaliza\u00e7\u00e3o e controle do Interlegis\u00a0 do Senado Federal, Helena Assaf Bastos, participou do Encontro Nacional de...","og_url":"https:\/\/uvbbrasil.com.br\/a-obtencao-de-recursos-publicos-federais\/","og_site_name":"UVB Brasil","article_publisher":"https:\/\/www.facebook.com\/uvb.vereadoresbrasil","article_published_time":"2022-02-19T10:22:55+00:00","og_image":[{"width":1024,"height":768,"url":"https:\/\/uvbbrasil.com.br\/wp-content\/uploads\/2022\/02\/WhatsApp-Image-2022-02-18-at-18.33.36.jpeg","type":"image\/jpeg"}],"author":"adminuvb","twitter_card":"summary_large_image","twitter_misc":{"Escrito por":"adminuvb","Est. tempo de leitura":"4 minutos"},"schema":{"@context":"https:\/\/schema.org","@graph":[{"@type":"Article","@id":"https:\/\/uvbbrasil.com.br\/a-obtencao-de-recursos-publicos-federais\/#article","isPartOf":{"@id":"https:\/\/uvbbrasil.com.br\/a-obtencao-de-recursos-publicos-federais\/"},"author":{"name":"adminuvb","@id":"https:\/\/uvbbrasil.com.br\/#\/schema\/person\/17990098446c098f52effddff4f1b272"},"headline":"A obten\u00e7\u00e3o de recursos p\u00fablicos federais","datePublished":"2022-02-19T10:22:55+00:00","mainEntityOfPage":{"@id":"https:\/\/uvbbrasil.com.br\/a-obtencao-de-recursos-publicos-federais\/"},"wordCount":747,"commentCount":0,"publisher":{"@id":"https:\/\/uvbbrasil.com.br\/#organization"},"image":{"@id":"https:\/\/uvbbrasil.com.br\/a-obtencao-de-recursos-publicos-federais\/#primaryimage"},"thumbnailUrl":"https:\/\/uvbbrasil.com.br\/wp-content\/uploads\/2022\/02\/WhatsApp-Image-2022-02-18-at-18.33.36.jpeg","articleSection":["NOT\u00cdCIAS","UVB"],"inLanguage":"pt-BR","potentialAction":[{"@type":"CommentAction","name":"Comment","target":["https:\/\/uvbbrasil.com.br\/a-obtencao-de-recursos-publicos-federais\/#respond"]}]},{"@type":"WebPage","@id":"https:\/\/uvbbrasil.com.br\/a-obtencao-de-recursos-publicos-federais\/","url":"https:\/\/uvbbrasil.com.br\/a-obtencao-de-recursos-publicos-federais\/","name":"A obten\u00e7\u00e3o de recursos p\u00fablicos federais - UVB Brasil","isPartOf":{"@id":"https:\/\/uvbbrasil.com.br\/#website"},"primaryImageOfPage":{"@id":"https:\/\/uvbbrasil.com.br\/a-obtencao-de-recursos-publicos-federais\/#primaryimage"},"image":{"@id":"https:\/\/uvbbrasil.com.br\/a-obtencao-de-recursos-publicos-federais\/#primaryimage"},"thumbnailUrl":"https:\/\/uvbbrasil.com.br\/wp-content\/uploads\/2022\/02\/WhatsApp-Image-2022-02-18-at-18.33.36.jpeg","datePublished":"2022-02-19T10:22:55+00:00","breadcrumb":{"@id":"https:\/\/uvbbrasil.com.br\/a-obtencao-de-recursos-publicos-federais\/#breadcrumb"},"inLanguage":"pt-BR","potentialAction":[{"@type":"ReadAction","target":["https:\/\/uvbbrasil.com.br\/a-obtencao-de-recursos-publicos-federais\/"]}]},{"@type":"ImageObject","inLanguage":"pt-BR","@id":"https:\/\/uvbbrasil.com.br\/a-obtencao-de-recursos-publicos-federais\/#primaryimage","url":"https:\/\/uvbbrasil.com.br\/wp-content\/uploads\/2022\/02\/WhatsApp-Image-2022-02-18-at-18.33.36.jpeg","contentUrl":"https:\/\/uvbbrasil.com.br\/wp-content\/uploads\/2022\/02\/WhatsApp-Image-2022-02-18-at-18.33.36.jpeg","width":1024,"height":768},{"@type":"BreadcrumbList","@id":"https:\/\/uvbbrasil.com.br\/a-obtencao-de-recursos-publicos-federais\/#breadcrumb","itemListElement":[{"@type":"ListItem","position":1,"name":"In\u00edcio","item":"https:\/\/uvbbrasil.com.br\/"},{"@type":"ListItem","position":2,"name":"A obten\u00e7\u00e3o de recursos p\u00fablicos federais"}]},{"@type":"WebSite","@id":"https:\/\/uvbbrasil.com.br\/#website","url":"https:\/\/uvbbrasil.com.br\/","name":"UVB Brasil","description":"Uni\u00e3o dos Vereadores do Brasil","publisher":{"@id":"https:\/\/uvbbrasil.com.br\/#organization"},"potentialAction":[{"@type":"SearchAction","target":{"@type":"EntryPoint","urlTemplate":"https:\/\/uvbbrasil.com.br\/?s={search_term_string}"},"query-input":{"@type":"PropertyValueSpecification","valueRequired":true,"valueName":"search_term_string"}}],"inLanguage":"pt-BR"},{"@type":"Organization","@id":"https:\/\/uvbbrasil.com.br\/#organization","name":"UVB Brasil","url":"https:\/\/uvbbrasil.com.br\/","logo":{"@type":"ImageObject","inLanguage":"pt-BR","@id":"https:\/\/uvbbrasil.com.br\/#\/schema\/logo\/image\/","url":"https:\/\/uvbbrasil.com.br\/wp-content\/uploads\/2025\/01\/LOGO-UVB-2024-azul-1.jpg","contentUrl":"https:\/\/uvbbrasil.com.br\/wp-content\/uploads\/2025\/01\/LOGO-UVB-2024-azul-1.jpg","width":600,"height":211,"caption":"UVB Brasil"},"image":{"@id":"https:\/\/uvbbrasil.com.br\/#\/schema\/logo\/image\/"},"sameAs":["https:\/\/www.facebook.com\/uvb.vereadoresbrasil","https:\/\/www.instagram.com\/uvbbrasil\/","https:\/\/www.youtube.com\/channel\/UCIlPQ8Xzw5GHNzosQIg9S5A"]},{"@type":"Person","@id":"https:\/\/uvbbrasil.com.br\/#\/schema\/person\/17990098446c098f52effddff4f1b272","name":"adminuvb","image":{"@type":"ImageObject","inLanguage":"pt-BR","@id":"https:\/\/uvbbrasil.com.br\/#\/schema\/person\/image\/","url":"https:\/\/secure.gravatar.com\/avatar\/1a494ea6f8e2dd1ae526e55b0e9497efdba542491e0620d704cccf63c6f77c45?s=96&d=mm&r=g","contentUrl":"https:\/\/secure.gravatar.com\/avatar\/1a494ea6f8e2dd1ae526e55b0e9497efdba542491e0620d704cccf63c6f77c45?s=96&d=mm&r=g","caption":"adminuvb"},"sameAs":["https:\/\/uvbbrasil.com.br"],"url":"https:\/\/uvbbrasil.com.br\/author\/adminuvb\/"}]}},"_links":{"self":[{"href":"https:\/\/uvbbrasil.com.br\/uvb-json\/wp\/v2\/posts\/25023","targetHints":{"allow":["GET"]}}],"collection":[{"href":"https:\/\/uvbbrasil.com.br\/uvb-json\/wp\/v2\/posts"}],"about":[{"href":"https:\/\/uvbbrasil.com.br\/uvb-json\/wp\/v2\/types\/post"}],"author":[{"embeddable":true,"href":"https:\/\/uvbbrasil.com.br\/uvb-json\/wp\/v2\/users\/1"}],"replies":[{"embeddable":true,"href":"https:\/\/uvbbrasil.com.br\/uvb-json\/wp\/v2\/comments?post=25023"}],"version-history":[{"count":0,"href":"https:\/\/uvbbrasil.com.br\/uvb-json\/wp\/v2\/posts\/25023\/revisions"}],"wp:featuredmedia":[{"embeddable":true,"href":"https:\/\/uvbbrasil.com.br\/uvb-json\/wp\/v2\/media\/25024"}],"wp:attachment":[{"href":"https:\/\/uvbbrasil.com.br\/uvb-json\/wp\/v2\/media?parent=25023"}],"wp:term":[{"taxonomy":"category","embeddable":true,"href":"https:\/\/uvbbrasil.com.br\/uvb-json\/wp\/v2\/categories?post=25023"},{"taxonomy":"post_tag","embeddable":true,"href":"https:\/\/uvbbrasil.com.br\/uvb-json\/wp\/v2\/tags?post=25023"}],"curies":[{"name":"wp","href":"https:\/\/api.w.org\/{rel}","templated":true}]}}