{"id":24990,"date":"2022-02-17T11:23:30","date_gmt":"2022-02-17T14:23:30","guid":{"rendered":"https:\/\/wpsandbox4.pante.com.br\/?p=24990"},"modified":"2022-02-17T11:23:30","modified_gmt":"2022-02-17T14:23:30","slug":"aspectos-constitucionais-do-processo-legislativo-e-sua-aplicabilidade-em-ambito-municipal-2","status":"publish","type":"post","link":"https:\/\/uvbbrasil.com.br\/aspectos-constitucionais-do-processo-legislativo-e-sua-aplicabilidade-em-ambito-municipal-2\/","title":{"rendered":"Aspectos constitucionais do processo legislativo e sua aplicabilidade em \u00e2mbito municipal"},"content":{"rendered":"<p>Dr. Danilo Falc\u00e3o, advogado especialista em direito p\u00fablico, consultor t\u00e9cnico e legislativo da UVB, participou do Encontro Nacional de Legislativos Municipais com \u00eanfase na Centraliza\u00e7\u00e3o dos recursos\u00a0 federais e os munic\u00edpios na capital federal.<\/p>\n<p>Falc\u00e3o, abordou v\u00e1rios temas voltados ao poder legislativo especialmente os aspectos constitucionais do processo legislativo e sua aplicabilidade em \u00e2mbito municipal, o advogado teve uma participa\u00e7\u00e3o ativa dos participantes com muitos questionamentos<\/p>\n<p>Os vereadores e vereadoras representando os 18 estados da federa\u00e7\u00e3o brasileira que\u00a0 elogiaram a grande participa\u00e7\u00e3o do consultor jur\u00eddico.<\/p>\n<p><img fetchpriority=\"high\" decoding=\"async\" class=\"alignnone size-medium wp-image-24994\" src=\"https:\/\/uvbbrasil.com.br\/wp-content\/uploads\/2022\/02\/WhatsApp-Image-2022-02-17-at-11.03.32-300x200.jpeg\" alt=\"\" width=\"300\" height=\"200\" srcset=\"https:\/\/uvbbrasil.com.br\/wp-content\/uploads\/2022\/02\/WhatsApp-Image-2022-02-17-at-11.03.32-300x200.jpeg 300w, https:\/\/uvbbrasil.com.br\/wp-content\/uploads\/2022\/02\/WhatsApp-Image-2022-02-17-at-11.03.32-1024x682.jpeg 1024w, https:\/\/uvbbrasil.com.br\/wp-content\/uploads\/2022\/02\/WhatsApp-Image-2022-02-17-at-11.03.32-768x512.jpeg 768w, https:\/\/uvbbrasil.com.br\/wp-content\/uploads\/2022\/02\/WhatsApp-Image-2022-02-17-at-11.03.32.jpeg 1280w\" sizes=\"(max-width: 300px) 100vw, 300px\" \/><\/p>\n<p>.<img decoding=\"async\" class=\"alignnone size-medium wp-image-24992\" src=\"https:\/\/uvbbrasil.com.br\/wp-content\/uploads\/2022\/02\/WhatsApp-Image-2022-02-17-at-10.59.37-300x200.jpeg\" alt=\"\" width=\"300\" height=\"200\" srcset=\"https:\/\/uvbbrasil.com.br\/wp-content\/uploads\/2022\/02\/WhatsApp-Image-2022-02-17-at-10.59.37-300x200.jpeg 300w, https:\/\/uvbbrasil.com.br\/wp-content\/uploads\/2022\/02\/WhatsApp-Image-2022-02-17-at-10.59.37-1024x682.jpeg 1024w, https:\/\/uvbbrasil.com.br\/wp-content\/uploads\/2022\/02\/WhatsApp-Image-2022-02-17-at-10.59.37-768x512.jpeg 768w, https:\/\/uvbbrasil.com.br\/wp-content\/uploads\/2022\/02\/WhatsApp-Image-2022-02-17-at-10.59.37.jpeg 1280w\" sizes=\"(max-width: 300px) 100vw, 300px\" \/><\/p>\n<p><img decoding=\"async\" class=\"alignnone size-medium wp-image-24991\" src=\"https:\/\/uvbbrasil.com.br\/wp-content\/uploads\/2022\/02\/WhatsApp-Image-2022-02-17-at-10.34.55-300x200.jpeg\" alt=\"\" width=\"300\" height=\"200\" srcset=\"https:\/\/uvbbrasil.com.br\/wp-content\/uploads\/2022\/02\/WhatsApp-Image-2022-02-17-at-10.34.55-300x200.jpeg 300w, https:\/\/uvbbrasil.com.br\/wp-content\/uploads\/2022\/02\/WhatsApp-Image-2022-02-17-at-10.34.55-1024x682.jpeg 1024w, https:\/\/uvbbrasil.com.br\/wp-content\/uploads\/2022\/02\/WhatsApp-Image-2022-02-17-at-10.34.55-768x512.jpeg 768w, https:\/\/uvbbrasil.com.br\/wp-content\/uploads\/2022\/02\/WhatsApp-Image-2022-02-17-at-10.34.55.jpeg 1280w\" sizes=\"(max-width: 300px) 100vw, 300px\" \/><\/p>\n","protected":false},"excerpt":{"rendered":"<p>Dr. Danilo Falc\u00e3o, advogado especialista em direito p\u00fablico, consultor t\u00e9cnico e legislativo da UVB, participou do Encontro Nacional de Legislativos&#8230;<\/p>\n","protected":false},"author":1,"featured_media":24992,"comment_status":"open","ping_status":"open","sticky":false,"template":"","format":"standard","meta":{"footnotes":""},"categories":[3,4],"tags":[],"class_list":["post-24990","post","type-post","status-publish","format-standard","has-post-thumbnail","hentry","category-noticias","category-home"],"yoast_head":"<!-- This site is optimized with the Yoast SEO plugin v26.7 - https:\/\/yoast.com\/wordpress\/plugins\/seo\/ -->\n<title>Aspectos constitucionais do processo legislativo e sua aplicabilidade em \u00e2mbito municipal - UVB Brasil<\/title>\n<meta name=\"robots\" content=\"index, follow, max-snippet:-1, max-image-preview:large, max-video-preview:-1\" \/>\n<link rel=\"canonical\" href=\"https:\/\/uvbbrasil.com.br\/aspectos-constitucionais-do-processo-legislativo-e-sua-aplicabilidade-em-ambito-municipal-2\/\" \/>\n<meta property=\"og:locale\" content=\"pt_BR\" \/>\n<meta property=\"og:type\" content=\"article\" \/>\n<meta property=\"og:title\" content=\"Aspectos constitucionais do processo legislativo e sua aplicabilidade em \u00e2mbito municipal - UVB Brasil\" \/>\n<meta property=\"og:description\" content=\"Dr. Danilo Falc\u00e3o, advogado especialista em direito p\u00fablico, consultor t\u00e9cnico e legislativo da UVB, participou do Encontro Nacional de Legislativos...\" \/>\n<meta property=\"og:url\" content=\"https:\/\/uvbbrasil.com.br\/aspectos-constitucionais-do-processo-legislativo-e-sua-aplicabilidade-em-ambito-municipal-2\/\" \/>\n<meta property=\"og:site_name\" content=\"UVB Brasil\" \/>\n<meta property=\"article:publisher\" content=\"https:\/\/www.facebook.com\/uvb.vereadoresbrasil\" \/>\n<meta property=\"article:published_time\" content=\"2022-02-17T14:23:30+00:00\" \/>\n<meta property=\"og:image\" content=\"https:\/\/uvbbrasil.com.br\/wp-content\/uploads\/2022\/02\/WhatsApp-Image-2022-02-17-at-10.59.37.jpeg\" \/>\n\t<meta property=\"og:image:width\" content=\"1280\" \/>\n\t<meta property=\"og:image:height\" content=\"853\" \/>\n\t<meta property=\"og:image:type\" content=\"image\/jpeg\" \/>\n<meta name=\"author\" content=\"adminuvb\" \/>\n<meta name=\"twitter:card\" content=\"summary_large_image\" \/>\n<meta name=\"twitter:label1\" content=\"Escrito por\" \/>\n\t<meta name=\"twitter:data1\" content=\"adminuvb\" \/>\n\t<meta name=\"twitter:label2\" content=\"Est. tempo de leitura\" \/>\n\t<meta name=\"twitter:data2\" content=\"1 minuto\" \/>\n<script type=\"application\/ld+json\" class=\"yoast-schema-graph\">{\"@context\":\"https:\/\/schema.org\",\"@graph\":[{\"@type\":\"Article\",\"@id\":\"https:\/\/uvbbrasil.com.br\/aspectos-constitucionais-do-processo-legislativo-e-sua-aplicabilidade-em-ambito-municipal-2\/#article\",\"isPartOf\":{\"@id\":\"https:\/\/uvbbrasil.com.br\/aspectos-constitucionais-do-processo-legislativo-e-sua-aplicabilidade-em-ambito-municipal-2\/\"},\"author\":{\"name\":\"adminuvb\",\"@id\":\"https:\/\/uvbbrasil.com.br\/#\/schema\/person\/17990098446c098f52effddff4f1b272\"},\"headline\":\"Aspectos constitucionais do processo legislativo e sua aplicabilidade em \u00e2mbito municipal\",\"datePublished\":\"2022-02-17T14:23:30+00:00\",\"mainEntityOfPage\":{\"@id\":\"https:\/\/uvbbrasil.com.br\/aspectos-constitucionais-do-processo-legislativo-e-sua-aplicabilidade-em-ambito-municipal-2\/\"},\"wordCount\":106,\"commentCount\":0,\"publisher\":{\"@id\":\"https:\/\/uvbbrasil.com.br\/#organization\"},\"image\":{\"@id\":\"https:\/\/uvbbrasil.com.br\/aspectos-constitucionais-do-processo-legislativo-e-sua-aplicabilidade-em-ambito-municipal-2\/#primaryimage\"},\"thumbnailUrl\":\"https:\/\/uvbbrasil.com.br\/wp-content\/uploads\/2022\/02\/WhatsApp-Image-2022-02-17-at-10.59.37.jpeg\",\"articleSection\":[\"NOT\u00cdCIAS\",\"UVB\"],\"inLanguage\":\"pt-BR\",\"potentialAction\":[{\"@type\":\"CommentAction\",\"name\":\"Comment\",\"target\":[\"https:\/\/uvbbrasil.com.br\/aspectos-constitucionais-do-processo-legislativo-e-sua-aplicabilidade-em-ambito-municipal-2\/#respond\"]}]},{\"@type\":\"WebPage\",\"@id\":\"https:\/\/uvbbrasil.com.br\/aspectos-constitucionais-do-processo-legislativo-e-sua-aplicabilidade-em-ambito-municipal-2\/\",\"url\":\"https:\/\/uvbbrasil.com.br\/aspectos-constitucionais-do-processo-legislativo-e-sua-aplicabilidade-em-ambito-municipal-2\/\",\"name\":\"Aspectos constitucionais do processo legislativo e sua aplicabilidade em \u00e2mbito municipal - UVB Brasil\",\"isPartOf\":{\"@id\":\"https:\/\/uvbbrasil.com.br\/#website\"},\"primaryImageOfPage\":{\"@id\":\"https:\/\/uvbbrasil.com.br\/aspectos-constitucionais-do-processo-legislativo-e-sua-aplicabilidade-em-ambito-municipal-2\/#primaryimage\"},\"image\":{\"@id\":\"https:\/\/uvbbrasil.com.br\/aspectos-constitucionais-do-processo-legislativo-e-sua-aplicabilidade-em-ambito-municipal-2\/#primaryimage\"},\"thumbnailUrl\":\"https:\/\/uvbbrasil.com.br\/wp-content\/uploads\/2022\/02\/WhatsApp-Image-2022-02-17-at-10.59.37.jpeg\",\"datePublished\":\"2022-02-17T14:23:30+00:00\",\"breadcrumb\":{\"@id\":\"https:\/\/uvbbrasil.com.br\/aspectos-constitucionais-do-processo-legislativo-e-sua-aplicabilidade-em-ambito-municipal-2\/#breadcrumb\"},\"inLanguage\":\"pt-BR\",\"potentialAction\":[{\"@type\":\"ReadAction\",\"target\":[\"https:\/\/uvbbrasil.com.br\/aspectos-constitucionais-do-processo-legislativo-e-sua-aplicabilidade-em-ambito-municipal-2\/\"]}]},{\"@type\":\"ImageObject\",\"inLanguage\":\"pt-BR\",\"@id\":\"https:\/\/uvbbrasil.com.br\/aspectos-constitucionais-do-processo-legislativo-e-sua-aplicabilidade-em-ambito-municipal-2\/#primaryimage\",\"url\":\"https:\/\/uvbbrasil.com.br\/wp-content\/uploads\/2022\/02\/WhatsApp-Image-2022-02-17-at-10.59.37.jpeg\",\"contentUrl\":\"https:\/\/uvbbrasil.com.br\/wp-content\/uploads\/2022\/02\/WhatsApp-Image-2022-02-17-at-10.59.37.jpeg\",\"width\":1280,\"height\":853},{\"@type\":\"BreadcrumbList\",\"@id\":\"https:\/\/uvbbrasil.com.br\/aspectos-constitucionais-do-processo-legislativo-e-sua-aplicabilidade-em-ambito-municipal-2\/#breadcrumb\",\"itemListElement\":[{\"@type\":\"ListItem\",\"position\":1,\"name\":\"In\u00edcio\",\"item\":\"https:\/\/uvbbrasil.com.br\/\"},{\"@type\":\"ListItem\",\"position\":2,\"name\":\"Aspectos constitucionais do processo legislativo e sua aplicabilidade em \u00e2mbito municipal\"}]},{\"@type\":\"WebSite\",\"@id\":\"https:\/\/uvbbrasil.com.br\/#website\",\"url\":\"https:\/\/uvbbrasil.com.br\/\",\"name\":\"UVB Brasil\",\"description\":\"Uni\u00e3o dos Vereadores do Brasil\",\"publisher\":{\"@id\":\"https:\/\/uvbbrasil.com.br\/#organization\"},\"potentialAction\":[{\"@type\":\"SearchAction\",\"target\":{\"@type\":\"EntryPoint\",\"urlTemplate\":\"https:\/\/uvbbrasil.com.br\/?s={search_term_string}\"},\"query-input\":{\"@type\":\"PropertyValueSpecification\",\"valueRequired\":true,\"valueName\":\"search_term_string\"}}],\"inLanguage\":\"pt-BR\"},{\"@type\":\"Organization\",\"@id\":\"https:\/\/uvbbrasil.com.br\/#organization\",\"name\":\"UVB Brasil\",\"url\":\"https:\/\/uvbbrasil.com.br\/\",\"logo\":{\"@type\":\"ImageObject\",\"inLanguage\":\"pt-BR\",\"@id\":\"https:\/\/uvbbrasil.com.br\/#\/schema\/logo\/image\/\",\"url\":\"https:\/\/uvbbrasil.com.br\/wp-content\/uploads\/2025\/01\/LOGO-UVB-2024-azul-1.jpg\",\"contentUrl\":\"https:\/\/uvbbrasil.com.br\/wp-content\/uploads\/2025\/01\/LOGO-UVB-2024-azul-1.jpg\",\"width\":600,\"height\":211,\"caption\":\"UVB Brasil\"},\"image\":{\"@id\":\"https:\/\/uvbbrasil.com.br\/#\/schema\/logo\/image\/\"},\"sameAs\":[\"https:\/\/www.facebook.com\/uvb.vereadoresbrasil\",\"https:\/\/www.instagram.com\/uvbbrasil\/\",\"https:\/\/www.youtube.com\/channel\/UCIlPQ8Xzw5GHNzosQIg9S5A\"]},{\"@type\":\"Person\",\"@id\":\"https:\/\/uvbbrasil.com.br\/#\/schema\/person\/17990098446c098f52effddff4f1b272\",\"name\":\"adminuvb\",\"image\":{\"@type\":\"ImageObject\",\"inLanguage\":\"pt-BR\",\"@id\":\"https:\/\/uvbbrasil.com.br\/#\/schema\/person\/image\/\",\"url\":\"https:\/\/secure.gravatar.com\/avatar\/1a494ea6f8e2dd1ae526e55b0e9497efdba542491e0620d704cccf63c6f77c45?s=96&d=mm&r=g\",\"contentUrl\":\"https:\/\/secure.gravatar.com\/avatar\/1a494ea6f8e2dd1ae526e55b0e9497efdba542491e0620d704cccf63c6f77c45?s=96&d=mm&r=g\",\"caption\":\"adminuvb\"},\"sameAs\":[\"https:\/\/uvbbrasil.com.br\"],\"url\":\"https:\/\/uvbbrasil.com.br\/author\/adminuvb\/\"}]}<\/script>\n<!-- \/ Yoast SEO plugin. -->","yoast_head_json":{"title":"Aspectos constitucionais do processo legislativo e sua aplicabilidade em \u00e2mbito municipal - UVB Brasil","robots":{"index":"index","follow":"follow","max-snippet":"max-snippet:-1","max-image-preview":"max-image-preview:large","max-video-preview":"max-video-preview:-1"},"canonical":"https:\/\/uvbbrasil.com.br\/aspectos-constitucionais-do-processo-legislativo-e-sua-aplicabilidade-em-ambito-municipal-2\/","og_locale":"pt_BR","og_type":"article","og_title":"Aspectos constitucionais do processo legislativo e sua aplicabilidade em \u00e2mbito municipal - UVB Brasil","og_description":"Dr. Danilo Falc\u00e3o, advogado especialista em direito p\u00fablico, consultor t\u00e9cnico e legislativo da UVB, participou do Encontro Nacional de Legislativos...","og_url":"https:\/\/uvbbrasil.com.br\/aspectos-constitucionais-do-processo-legislativo-e-sua-aplicabilidade-em-ambito-municipal-2\/","og_site_name":"UVB Brasil","article_publisher":"https:\/\/www.facebook.com\/uvb.vereadoresbrasil","article_published_time":"2022-02-17T14:23:30+00:00","og_image":[{"width":1280,"height":853,"url":"https:\/\/uvbbrasil.com.br\/wp-content\/uploads\/2022\/02\/WhatsApp-Image-2022-02-17-at-10.59.37.jpeg","type":"image\/jpeg"}],"author":"adminuvb","twitter_card":"summary_large_image","twitter_misc":{"Escrito por":"adminuvb","Est. tempo de leitura":"1 minuto"},"schema":{"@context":"https:\/\/schema.org","@graph":[{"@type":"Article","@id":"https:\/\/uvbbrasil.com.br\/aspectos-constitucionais-do-processo-legislativo-e-sua-aplicabilidade-em-ambito-municipal-2\/#article","isPartOf":{"@id":"https:\/\/uvbbrasil.com.br\/aspectos-constitucionais-do-processo-legislativo-e-sua-aplicabilidade-em-ambito-municipal-2\/"},"author":{"name":"adminuvb","@id":"https:\/\/uvbbrasil.com.br\/#\/schema\/person\/17990098446c098f52effddff4f1b272"},"headline":"Aspectos constitucionais do processo legislativo e sua aplicabilidade em \u00e2mbito municipal","datePublished":"2022-02-17T14:23:30+00:00","mainEntityOfPage":{"@id":"https:\/\/uvbbrasil.com.br\/aspectos-constitucionais-do-processo-legislativo-e-sua-aplicabilidade-em-ambito-municipal-2\/"},"wordCount":106,"commentCount":0,"publisher":{"@id":"https:\/\/uvbbrasil.com.br\/#organization"},"image":{"@id":"https:\/\/uvbbrasil.com.br\/aspectos-constitucionais-do-processo-legislativo-e-sua-aplicabilidade-em-ambito-municipal-2\/#primaryimage"},"thumbnailUrl":"https:\/\/uvbbrasil.com.br\/wp-content\/uploads\/2022\/02\/WhatsApp-Image-2022-02-17-at-10.59.37.jpeg","articleSection":["NOT\u00cdCIAS","UVB"],"inLanguage":"pt-BR","potentialAction":[{"@type":"CommentAction","name":"Comment","target":["https:\/\/uvbbrasil.com.br\/aspectos-constitucionais-do-processo-legislativo-e-sua-aplicabilidade-em-ambito-municipal-2\/#respond"]}]},{"@type":"WebPage","@id":"https:\/\/uvbbrasil.com.br\/aspectos-constitucionais-do-processo-legislativo-e-sua-aplicabilidade-em-ambito-municipal-2\/","url":"https:\/\/uvbbrasil.com.br\/aspectos-constitucionais-do-processo-legislativo-e-sua-aplicabilidade-em-ambito-municipal-2\/","name":"Aspectos constitucionais do processo legislativo e sua aplicabilidade em \u00e2mbito municipal - UVB Brasil","isPartOf":{"@id":"https:\/\/uvbbrasil.com.br\/#website"},"primaryImageOfPage":{"@id":"https:\/\/uvbbrasil.com.br\/aspectos-constitucionais-do-processo-legislativo-e-sua-aplicabilidade-em-ambito-municipal-2\/#primaryimage"},"image":{"@id":"https:\/\/uvbbrasil.com.br\/aspectos-constitucionais-do-processo-legislativo-e-sua-aplicabilidade-em-ambito-municipal-2\/#primaryimage"},"thumbnailUrl":"https:\/\/uvbbrasil.com.br\/wp-content\/uploads\/2022\/02\/WhatsApp-Image-2022-02-17-at-10.59.37.jpeg","datePublished":"2022-02-17T14:23:30+00:00","breadcrumb":{"@id":"https:\/\/uvbbrasil.com.br\/aspectos-constitucionais-do-processo-legislativo-e-sua-aplicabilidade-em-ambito-municipal-2\/#breadcrumb"},"inLanguage":"pt-BR","potentialAction":[{"@type":"ReadAction","target":["https:\/\/uvbbrasil.com.br\/aspectos-constitucionais-do-processo-legislativo-e-sua-aplicabilidade-em-ambito-municipal-2\/"]}]},{"@type":"ImageObject","inLanguage":"pt-BR","@id":"https:\/\/uvbbrasil.com.br\/aspectos-constitucionais-do-processo-legislativo-e-sua-aplicabilidade-em-ambito-municipal-2\/#primaryimage","url":"https:\/\/uvbbrasil.com.br\/wp-content\/uploads\/2022\/02\/WhatsApp-Image-2022-02-17-at-10.59.37.jpeg","contentUrl":"https:\/\/uvbbrasil.com.br\/wp-content\/uploads\/2022\/02\/WhatsApp-Image-2022-02-17-at-10.59.37.jpeg","width":1280,"height":853},{"@type":"BreadcrumbList","@id":"https:\/\/uvbbrasil.com.br\/aspectos-constitucionais-do-processo-legislativo-e-sua-aplicabilidade-em-ambito-municipal-2\/#breadcrumb","itemListElement":[{"@type":"ListItem","position":1,"name":"In\u00edcio","item":"https:\/\/uvbbrasil.com.br\/"},{"@type":"ListItem","position":2,"name":"Aspectos constitucionais do processo legislativo e sua aplicabilidade em \u00e2mbito municipal"}]},{"@type":"WebSite","@id":"https:\/\/uvbbrasil.com.br\/#website","url":"https:\/\/uvbbrasil.com.br\/","name":"UVB Brasil","description":"Uni\u00e3o dos Vereadores do Brasil","publisher":{"@id":"https:\/\/uvbbrasil.com.br\/#organization"},"potentialAction":[{"@type":"SearchAction","target":{"@type":"EntryPoint","urlTemplate":"https:\/\/uvbbrasil.com.br\/?s={search_term_string}"},"query-input":{"@type":"PropertyValueSpecification","valueRequired":true,"valueName":"search_term_string"}}],"inLanguage":"pt-BR"},{"@type":"Organization","@id":"https:\/\/uvbbrasil.com.br\/#organization","name":"UVB Brasil","url":"https:\/\/uvbbrasil.com.br\/","logo":{"@type":"ImageObject","inLanguage":"pt-BR","@id":"https:\/\/uvbbrasil.com.br\/#\/schema\/logo\/image\/","url":"https:\/\/uvbbrasil.com.br\/wp-content\/uploads\/2025\/01\/LOGO-UVB-2024-azul-1.jpg","contentUrl":"https:\/\/uvbbrasil.com.br\/wp-content\/uploads\/2025\/01\/LOGO-UVB-2024-azul-1.jpg","width":600,"height":211,"caption":"UVB Brasil"},"image":{"@id":"https:\/\/uvbbrasil.com.br\/#\/schema\/logo\/image\/"},"sameAs":["https:\/\/www.facebook.com\/uvb.vereadoresbrasil","https:\/\/www.instagram.com\/uvbbrasil\/","https:\/\/www.youtube.com\/channel\/UCIlPQ8Xzw5GHNzosQIg9S5A"]},{"@type":"Person","@id":"https:\/\/uvbbrasil.com.br\/#\/schema\/person\/17990098446c098f52effddff4f1b272","name":"adminuvb","image":{"@type":"ImageObject","inLanguage":"pt-BR","@id":"https:\/\/uvbbrasil.com.br\/#\/schema\/person\/image\/","url":"https:\/\/secure.gravatar.com\/avatar\/1a494ea6f8e2dd1ae526e55b0e9497efdba542491e0620d704cccf63c6f77c45?s=96&d=mm&r=g","contentUrl":"https:\/\/secure.gravatar.com\/avatar\/1a494ea6f8e2dd1ae526e55b0e9497efdba542491e0620d704cccf63c6f77c45?s=96&d=mm&r=g","caption":"adminuvb"},"sameAs":["https:\/\/uvbbrasil.com.br"],"url":"https:\/\/uvbbrasil.com.br\/author\/adminuvb\/"}]}},"_links":{"self":[{"href":"https:\/\/uvbbrasil.com.br\/uvb-json\/wp\/v2\/posts\/24990","targetHints":{"allow":["GET"]}}],"collection":[{"href":"https:\/\/uvbbrasil.com.br\/uvb-json\/wp\/v2\/posts"}],"about":[{"href":"https:\/\/uvbbrasil.com.br\/uvb-json\/wp\/v2\/types\/post"}],"author":[{"embeddable":true,"href":"https:\/\/uvbbrasil.com.br\/uvb-json\/wp\/v2\/users\/1"}],"replies":[{"embeddable":true,"href":"https:\/\/uvbbrasil.com.br\/uvb-json\/wp\/v2\/comments?post=24990"}],"version-history":[{"count":0,"href":"https:\/\/uvbbrasil.com.br\/uvb-json\/wp\/v2\/posts\/24990\/revisions"}],"wp:featuredmedia":[{"embeddable":true,"href":"https:\/\/uvbbrasil.com.br\/uvb-json\/wp\/v2\/media\/24992"}],"wp:attachment":[{"href":"https:\/\/uvbbrasil.com.br\/uvb-json\/wp\/v2\/media?parent=24990"}],"wp:term":[{"taxonomy":"category","embeddable":true,"href":"https:\/\/uvbbrasil.com.br\/uvb-json\/wp\/v2\/categories?post=24990"},{"taxonomy":"post_tag","embeddable":true,"href":"https:\/\/uvbbrasil.com.br\/uvb-json\/wp\/v2\/tags?post=24990"}],"curies":[{"name":"wp","href":"https:\/\/api.w.org\/{rel}","templated":true}]}}