{"id":24821,"date":"2022-01-20T09:35:48","date_gmt":"2022-01-20T12:35:48","guid":{"rendered":"https:\/\/wpsandbox4.pante.com.br\/?p=24821"},"modified":"2022-01-20T09:35:48","modified_gmt":"2022-01-20T12:35:48","slug":"porto-alegre-sediara-o-congresso-brasileiro-de-legislativos-municipais-da-uvb","status":"publish","type":"post","link":"https:\/\/uvbbrasil.com.br\/porto-alegre-sediara-o-congresso-brasileiro-de-legislativos-municipais-da-uvb\/","title":{"rendered":"Porto Alegre sediar\u00e1 o Congresso Brasileiro de Legislativos Municipais da UVB"},"content":{"rendered":"<p>A Uni\u00e3o dos Vereadores do Brasil\/VB, volta \u00e0 Porto Alegre depois de mais de dois anos sem atividades na capital ga\u00facha, agora apresenta p Congresso Brasileiro de Legislativos Municipais. Um mega evento de conhecimento de educa\u00e7\u00e3o legislativa.<\/p>\n<p>Agende-se e n\u00e3o perca, em breve a programa\u00e7\u00e3o completa e o local do evento.<\/p>\n<p>veja a programa\u00e7\u00e3o completa na sess\u00e3o Eventos na p\u00e1gina principal deste site<\/p>\n<p>&nbsp;<\/p>\n<p><img fetchpriority=\"high\" decoding=\"async\" class=\"alignnone size-medium wp-image-24832\" src=\"https:\/\/uvbbrasil.com.br\/wp-content\/uploads\/2022\/01\/WhatsApp-Image-2022-01-20-at-15.35.43-300x300.jpeg\" alt=\"\" width=\"300\" height=\"300\" srcset=\"https:\/\/uvbbrasil.com.br\/wp-content\/uploads\/2022\/01\/WhatsApp-Image-2022-01-20-at-15.35.43-300x300.jpeg 300w, https:\/\/uvbbrasil.com.br\/wp-content\/uploads\/2022\/01\/WhatsApp-Image-2022-01-20-at-15.35.43-1024x1024.jpeg 1024w, https:\/\/uvbbrasil.com.br\/wp-content\/uploads\/2022\/01\/WhatsApp-Image-2022-01-20-at-15.35.43-150x150.jpeg 150w, https:\/\/uvbbrasil.com.br\/wp-content\/uploads\/2022\/01\/WhatsApp-Image-2022-01-20-at-15.35.43-768x768.jpeg 768w, https:\/\/uvbbrasil.com.br\/wp-content\/uploads\/2022\/01\/WhatsApp-Image-2022-01-20-at-15.35.43.jpeg 1280w\" sizes=\"(max-width: 300px) 100vw, 300px\" \/><\/p>\n","protected":false},"excerpt":{"rendered":"<p>A Uni\u00e3o dos Vereadores do Brasil\/VB, volta \u00e0 Porto Alegre depois de mais de dois anos sem atividades na capital&#8230;<\/p>\n","protected":false},"author":1,"featured_media":24832,"comment_status":"open","ping_status":"open","sticky":false,"template":"","format":"standard","meta":{"footnotes":""},"categories":[3],"tags":[],"class_list":["post-24821","post","type-post","status-publish","format-standard","has-post-thumbnail","hentry","category-noticias"],"yoast_head":"<!-- This site is optimized with the Yoast SEO plugin v26.7 - https:\/\/yoast.com\/wordpress\/plugins\/seo\/ -->\n<title>Porto Alegre sediar\u00e1 o Congresso Brasileiro de Legislativos Municipais da UVB - UVB Brasil<\/title>\n<meta name=\"robots\" content=\"index, follow, max-snippet:-1, max-image-preview:large, max-video-preview:-1\" \/>\n<link rel=\"canonical\" href=\"https:\/\/uvbbrasil.com.br\/porto-alegre-sediara-o-congresso-brasileiro-de-legislativos-municipais-da-uvb\/\" \/>\n<meta property=\"og:locale\" content=\"pt_BR\" \/>\n<meta property=\"og:type\" content=\"article\" \/>\n<meta property=\"og:title\" content=\"Porto Alegre sediar\u00e1 o Congresso Brasileiro de Legislativos Municipais da UVB - UVB Brasil\" \/>\n<meta property=\"og:description\" content=\"A Uni\u00e3o dos Vereadores do Brasil\/VB, volta \u00e0 Porto Alegre depois de mais de dois anos sem atividades na capital...\" \/>\n<meta property=\"og:url\" content=\"https:\/\/uvbbrasil.com.br\/porto-alegre-sediara-o-congresso-brasileiro-de-legislativos-municipais-da-uvb\/\" \/>\n<meta property=\"og:site_name\" content=\"UVB Brasil\" \/>\n<meta property=\"article:publisher\" content=\"https:\/\/www.facebook.com\/uvb.vereadoresbrasil\" \/>\n<meta property=\"article:published_time\" content=\"2022-01-20T12:35:48+00:00\" \/>\n<meta property=\"og:image\" content=\"https:\/\/uvbbrasil.com.br\/wp-content\/uploads\/2022\/01\/WhatsApp-Image-2022-01-20-at-15.35.43.jpeg\" \/>\n\t<meta property=\"og:image:width\" content=\"1280\" \/>\n\t<meta property=\"og:image:height\" content=\"1280\" \/>\n\t<meta property=\"og:image:type\" content=\"image\/jpeg\" \/>\n<meta name=\"author\" content=\"adminuvb\" \/>\n<meta name=\"twitter:card\" content=\"summary_large_image\" \/>\n<meta name=\"twitter:label1\" content=\"Escrito por\" \/>\n\t<meta name=\"twitter:data1\" content=\"adminuvb\" \/>\n\t<meta name=\"twitter:label2\" content=\"Est. tempo de leitura\" \/>\n\t<meta name=\"twitter:data2\" content=\"1 minuto\" \/>\n<script type=\"application\/ld+json\" class=\"yoast-schema-graph\">{\"@context\":\"https:\/\/schema.org\",\"@graph\":[{\"@type\":\"Article\",\"@id\":\"https:\/\/uvbbrasil.com.br\/porto-alegre-sediara-o-congresso-brasileiro-de-legislativos-municipais-da-uvb\/#article\",\"isPartOf\":{\"@id\":\"https:\/\/uvbbrasil.com.br\/porto-alegre-sediara-o-congresso-brasileiro-de-legislativos-municipais-da-uvb\/\"},\"author\":{\"name\":\"adminuvb\",\"@id\":\"https:\/\/uvbbrasil.com.br\/#\/schema\/person\/17990098446c098f52effddff4f1b272\"},\"headline\":\"Porto Alegre sediar\u00e1 o Congresso Brasileiro de Legislativos Municipais da UVB\",\"datePublished\":\"2022-01-20T12:35:48+00:00\",\"mainEntityOfPage\":{\"@id\":\"https:\/\/uvbbrasil.com.br\/porto-alegre-sediara-o-congresso-brasileiro-de-legislativos-municipais-da-uvb\/\"},\"wordCount\":83,\"commentCount\":0,\"publisher\":{\"@id\":\"https:\/\/uvbbrasil.com.br\/#organization\"},\"image\":{\"@id\":\"https:\/\/uvbbrasil.com.br\/porto-alegre-sediara-o-congresso-brasileiro-de-legislativos-municipais-da-uvb\/#primaryimage\"},\"thumbnailUrl\":\"https:\/\/uvbbrasil.com.br\/wp-content\/uploads\/2022\/01\/WhatsApp-Image-2022-01-20-at-15.35.43.jpeg\",\"articleSection\":[\"NOT\u00cdCIAS\"],\"inLanguage\":\"pt-BR\",\"potentialAction\":[{\"@type\":\"CommentAction\",\"name\":\"Comment\",\"target\":[\"https:\/\/uvbbrasil.com.br\/porto-alegre-sediara-o-congresso-brasileiro-de-legislativos-municipais-da-uvb\/#respond\"]}]},{\"@type\":\"WebPage\",\"@id\":\"https:\/\/uvbbrasil.com.br\/porto-alegre-sediara-o-congresso-brasileiro-de-legislativos-municipais-da-uvb\/\",\"url\":\"https:\/\/uvbbrasil.com.br\/porto-alegre-sediara-o-congresso-brasileiro-de-legislativos-municipais-da-uvb\/\",\"name\":\"Porto Alegre sediar\u00e1 o Congresso Brasileiro de Legislativos Municipais da UVB - UVB Brasil\",\"isPartOf\":{\"@id\":\"https:\/\/uvbbrasil.com.br\/#website\"},\"primaryImageOfPage\":{\"@id\":\"https:\/\/uvbbrasil.com.br\/porto-alegre-sediara-o-congresso-brasileiro-de-legislativos-municipais-da-uvb\/#primaryimage\"},\"image\":{\"@id\":\"https:\/\/uvbbrasil.com.br\/porto-alegre-sediara-o-congresso-brasileiro-de-legislativos-municipais-da-uvb\/#primaryimage\"},\"thumbnailUrl\":\"https:\/\/uvbbrasil.com.br\/wp-content\/uploads\/2022\/01\/WhatsApp-Image-2022-01-20-at-15.35.43.jpeg\",\"datePublished\":\"2022-01-20T12:35:48+00:00\",\"breadcrumb\":{\"@id\":\"https:\/\/uvbbrasil.com.br\/porto-alegre-sediara-o-congresso-brasileiro-de-legislativos-municipais-da-uvb\/#breadcrumb\"},\"inLanguage\":\"pt-BR\",\"potentialAction\":[{\"@type\":\"ReadAction\",\"target\":[\"https:\/\/uvbbrasil.com.br\/porto-alegre-sediara-o-congresso-brasileiro-de-legislativos-municipais-da-uvb\/\"]}]},{\"@type\":\"ImageObject\",\"inLanguage\":\"pt-BR\",\"@id\":\"https:\/\/uvbbrasil.com.br\/porto-alegre-sediara-o-congresso-brasileiro-de-legislativos-municipais-da-uvb\/#primaryimage\",\"url\":\"https:\/\/uvbbrasil.com.br\/wp-content\/uploads\/2022\/01\/WhatsApp-Image-2022-01-20-at-15.35.43.jpeg\",\"contentUrl\":\"https:\/\/uvbbrasil.com.br\/wp-content\/uploads\/2022\/01\/WhatsApp-Image-2022-01-20-at-15.35.43.jpeg\",\"width\":1280,\"height\":1280},{\"@type\":\"BreadcrumbList\",\"@id\":\"https:\/\/uvbbrasil.com.br\/porto-alegre-sediara-o-congresso-brasileiro-de-legislativos-municipais-da-uvb\/#breadcrumb\",\"itemListElement\":[{\"@type\":\"ListItem\",\"position\":1,\"name\":\"In\u00edcio\",\"item\":\"https:\/\/uvbbrasil.com.br\/\"},{\"@type\":\"ListItem\",\"position\":2,\"name\":\"Porto Alegre sediar\u00e1 o Congresso Brasileiro de Legislativos Municipais da UVB\"}]},{\"@type\":\"WebSite\",\"@id\":\"https:\/\/uvbbrasil.com.br\/#website\",\"url\":\"https:\/\/uvbbrasil.com.br\/\",\"name\":\"UVB Brasil\",\"description\":\"Uni\u00e3o dos Vereadores do Brasil\",\"publisher\":{\"@id\":\"https:\/\/uvbbrasil.com.br\/#organization\"},\"potentialAction\":[{\"@type\":\"SearchAction\",\"target\":{\"@type\":\"EntryPoint\",\"urlTemplate\":\"https:\/\/uvbbrasil.com.br\/?s={search_term_string}\"},\"query-input\":{\"@type\":\"PropertyValueSpecification\",\"valueRequired\":true,\"valueName\":\"search_term_string\"}}],\"inLanguage\":\"pt-BR\"},{\"@type\":\"Organization\",\"@id\":\"https:\/\/uvbbrasil.com.br\/#organization\",\"name\":\"UVB Brasil\",\"url\":\"https:\/\/uvbbrasil.com.br\/\",\"logo\":{\"@type\":\"ImageObject\",\"inLanguage\":\"pt-BR\",\"@id\":\"https:\/\/uvbbrasil.com.br\/#\/schema\/logo\/image\/\",\"url\":\"https:\/\/uvbbrasil.com.br\/wp-content\/uploads\/2025\/01\/LOGO-UVB-2024-azul-1.jpg\",\"contentUrl\":\"https:\/\/uvbbrasil.com.br\/wp-content\/uploads\/2025\/01\/LOGO-UVB-2024-azul-1.jpg\",\"width\":600,\"height\":211,\"caption\":\"UVB Brasil\"},\"image\":{\"@id\":\"https:\/\/uvbbrasil.com.br\/#\/schema\/logo\/image\/\"},\"sameAs\":[\"https:\/\/www.facebook.com\/uvb.vereadoresbrasil\",\"https:\/\/www.instagram.com\/uvbbrasil\/\",\"https:\/\/www.youtube.com\/channel\/UCIlPQ8Xzw5GHNzosQIg9S5A\"]},{\"@type\":\"Person\",\"@id\":\"https:\/\/uvbbrasil.com.br\/#\/schema\/person\/17990098446c098f52effddff4f1b272\",\"name\":\"adminuvb\",\"image\":{\"@type\":\"ImageObject\",\"inLanguage\":\"pt-BR\",\"@id\":\"https:\/\/uvbbrasil.com.br\/#\/schema\/person\/image\/\",\"url\":\"https:\/\/secure.gravatar.com\/avatar\/1a494ea6f8e2dd1ae526e55b0e9497efdba542491e0620d704cccf63c6f77c45?s=96&d=mm&r=g\",\"contentUrl\":\"https:\/\/secure.gravatar.com\/avatar\/1a494ea6f8e2dd1ae526e55b0e9497efdba542491e0620d704cccf63c6f77c45?s=96&d=mm&r=g\",\"caption\":\"adminuvb\"},\"sameAs\":[\"https:\/\/uvbbrasil.com.br\"],\"url\":\"https:\/\/uvbbrasil.com.br\/author\/adminuvb\/\"}]}<\/script>\n<!-- \/ Yoast SEO plugin. -->","yoast_head_json":{"title":"Porto Alegre sediar\u00e1 o Congresso Brasileiro de Legislativos Municipais da UVB - UVB Brasil","robots":{"index":"index","follow":"follow","max-snippet":"max-snippet:-1","max-image-preview":"max-image-preview:large","max-video-preview":"max-video-preview:-1"},"canonical":"https:\/\/uvbbrasil.com.br\/porto-alegre-sediara-o-congresso-brasileiro-de-legislativos-municipais-da-uvb\/","og_locale":"pt_BR","og_type":"article","og_title":"Porto Alegre sediar\u00e1 o Congresso Brasileiro de Legislativos Municipais da UVB - UVB Brasil","og_description":"A Uni\u00e3o dos Vereadores do Brasil\/VB, volta \u00e0 Porto Alegre depois de mais de dois anos sem atividades na capital...","og_url":"https:\/\/uvbbrasil.com.br\/porto-alegre-sediara-o-congresso-brasileiro-de-legislativos-municipais-da-uvb\/","og_site_name":"UVB Brasil","article_publisher":"https:\/\/www.facebook.com\/uvb.vereadoresbrasil","article_published_time":"2022-01-20T12:35:48+00:00","og_image":[{"width":1280,"height":1280,"url":"https:\/\/uvbbrasil.com.br\/wp-content\/uploads\/2022\/01\/WhatsApp-Image-2022-01-20-at-15.35.43.jpeg","type":"image\/jpeg"}],"author":"adminuvb","twitter_card":"summary_large_image","twitter_misc":{"Escrito por":"adminuvb","Est. tempo de leitura":"1 minuto"},"schema":{"@context":"https:\/\/schema.org","@graph":[{"@type":"Article","@id":"https:\/\/uvbbrasil.com.br\/porto-alegre-sediara-o-congresso-brasileiro-de-legislativos-municipais-da-uvb\/#article","isPartOf":{"@id":"https:\/\/uvbbrasil.com.br\/porto-alegre-sediara-o-congresso-brasileiro-de-legislativos-municipais-da-uvb\/"},"author":{"name":"adminuvb","@id":"https:\/\/uvbbrasil.com.br\/#\/schema\/person\/17990098446c098f52effddff4f1b272"},"headline":"Porto Alegre sediar\u00e1 o Congresso Brasileiro de Legislativos Municipais da UVB","datePublished":"2022-01-20T12:35:48+00:00","mainEntityOfPage":{"@id":"https:\/\/uvbbrasil.com.br\/porto-alegre-sediara-o-congresso-brasileiro-de-legislativos-municipais-da-uvb\/"},"wordCount":83,"commentCount":0,"publisher":{"@id":"https:\/\/uvbbrasil.com.br\/#organization"},"image":{"@id":"https:\/\/uvbbrasil.com.br\/porto-alegre-sediara-o-congresso-brasileiro-de-legislativos-municipais-da-uvb\/#primaryimage"},"thumbnailUrl":"https:\/\/uvbbrasil.com.br\/wp-content\/uploads\/2022\/01\/WhatsApp-Image-2022-01-20-at-15.35.43.jpeg","articleSection":["NOT\u00cdCIAS"],"inLanguage":"pt-BR","potentialAction":[{"@type":"CommentAction","name":"Comment","target":["https:\/\/uvbbrasil.com.br\/porto-alegre-sediara-o-congresso-brasileiro-de-legislativos-municipais-da-uvb\/#respond"]}]},{"@type":"WebPage","@id":"https:\/\/uvbbrasil.com.br\/porto-alegre-sediara-o-congresso-brasileiro-de-legislativos-municipais-da-uvb\/","url":"https:\/\/uvbbrasil.com.br\/porto-alegre-sediara-o-congresso-brasileiro-de-legislativos-municipais-da-uvb\/","name":"Porto Alegre sediar\u00e1 o Congresso Brasileiro de Legislativos Municipais da UVB - UVB Brasil","isPartOf":{"@id":"https:\/\/uvbbrasil.com.br\/#website"},"primaryImageOfPage":{"@id":"https:\/\/uvbbrasil.com.br\/porto-alegre-sediara-o-congresso-brasileiro-de-legislativos-municipais-da-uvb\/#primaryimage"},"image":{"@id":"https:\/\/uvbbrasil.com.br\/porto-alegre-sediara-o-congresso-brasileiro-de-legislativos-municipais-da-uvb\/#primaryimage"},"thumbnailUrl":"https:\/\/uvbbrasil.com.br\/wp-content\/uploads\/2022\/01\/WhatsApp-Image-2022-01-20-at-15.35.43.jpeg","datePublished":"2022-01-20T12:35:48+00:00","breadcrumb":{"@id":"https:\/\/uvbbrasil.com.br\/porto-alegre-sediara-o-congresso-brasileiro-de-legislativos-municipais-da-uvb\/#breadcrumb"},"inLanguage":"pt-BR","potentialAction":[{"@type":"ReadAction","target":["https:\/\/uvbbrasil.com.br\/porto-alegre-sediara-o-congresso-brasileiro-de-legislativos-municipais-da-uvb\/"]}]},{"@type":"ImageObject","inLanguage":"pt-BR","@id":"https:\/\/uvbbrasil.com.br\/porto-alegre-sediara-o-congresso-brasileiro-de-legislativos-municipais-da-uvb\/#primaryimage","url":"https:\/\/uvbbrasil.com.br\/wp-content\/uploads\/2022\/01\/WhatsApp-Image-2022-01-20-at-15.35.43.jpeg","contentUrl":"https:\/\/uvbbrasil.com.br\/wp-content\/uploads\/2022\/01\/WhatsApp-Image-2022-01-20-at-15.35.43.jpeg","width":1280,"height":1280},{"@type":"BreadcrumbList","@id":"https:\/\/uvbbrasil.com.br\/porto-alegre-sediara-o-congresso-brasileiro-de-legislativos-municipais-da-uvb\/#breadcrumb","itemListElement":[{"@type":"ListItem","position":1,"name":"In\u00edcio","item":"https:\/\/uvbbrasil.com.br\/"},{"@type":"ListItem","position":2,"name":"Porto Alegre sediar\u00e1 o Congresso Brasileiro de Legislativos Municipais da UVB"}]},{"@type":"WebSite","@id":"https:\/\/uvbbrasil.com.br\/#website","url":"https:\/\/uvbbrasil.com.br\/","name":"UVB Brasil","description":"Uni\u00e3o dos Vereadores do Brasil","publisher":{"@id":"https:\/\/uvbbrasil.com.br\/#organization"},"potentialAction":[{"@type":"SearchAction","target":{"@type":"EntryPoint","urlTemplate":"https:\/\/uvbbrasil.com.br\/?s={search_term_string}"},"query-input":{"@type":"PropertyValueSpecification","valueRequired":true,"valueName":"search_term_string"}}],"inLanguage":"pt-BR"},{"@type":"Organization","@id":"https:\/\/uvbbrasil.com.br\/#organization","name":"UVB Brasil","url":"https:\/\/uvbbrasil.com.br\/","logo":{"@type":"ImageObject","inLanguage":"pt-BR","@id":"https:\/\/uvbbrasil.com.br\/#\/schema\/logo\/image\/","url":"https:\/\/uvbbrasil.com.br\/wp-content\/uploads\/2025\/01\/LOGO-UVB-2024-azul-1.jpg","contentUrl":"https:\/\/uvbbrasil.com.br\/wp-content\/uploads\/2025\/01\/LOGO-UVB-2024-azul-1.jpg","width":600,"height":211,"caption":"UVB Brasil"},"image":{"@id":"https:\/\/uvbbrasil.com.br\/#\/schema\/logo\/image\/"},"sameAs":["https:\/\/www.facebook.com\/uvb.vereadoresbrasil","https:\/\/www.instagram.com\/uvbbrasil\/","https:\/\/www.youtube.com\/channel\/UCIlPQ8Xzw5GHNzosQIg9S5A"]},{"@type":"Person","@id":"https:\/\/uvbbrasil.com.br\/#\/schema\/person\/17990098446c098f52effddff4f1b272","name":"adminuvb","image":{"@type":"ImageObject","inLanguage":"pt-BR","@id":"https:\/\/uvbbrasil.com.br\/#\/schema\/person\/image\/","url":"https:\/\/secure.gravatar.com\/avatar\/1a494ea6f8e2dd1ae526e55b0e9497efdba542491e0620d704cccf63c6f77c45?s=96&d=mm&r=g","contentUrl":"https:\/\/secure.gravatar.com\/avatar\/1a494ea6f8e2dd1ae526e55b0e9497efdba542491e0620d704cccf63c6f77c45?s=96&d=mm&r=g","caption":"adminuvb"},"sameAs":["https:\/\/uvbbrasil.com.br"],"url":"https:\/\/uvbbrasil.com.br\/author\/adminuvb\/"}]}},"_links":{"self":[{"href":"https:\/\/uvbbrasil.com.br\/uvb-json\/wp\/v2\/posts\/24821","targetHints":{"allow":["GET"]}}],"collection":[{"href":"https:\/\/uvbbrasil.com.br\/uvb-json\/wp\/v2\/posts"}],"about":[{"href":"https:\/\/uvbbrasil.com.br\/uvb-json\/wp\/v2\/types\/post"}],"author":[{"embeddable":true,"href":"https:\/\/uvbbrasil.com.br\/uvb-json\/wp\/v2\/users\/1"}],"replies":[{"embeddable":true,"href":"https:\/\/uvbbrasil.com.br\/uvb-json\/wp\/v2\/comments?post=24821"}],"version-history":[{"count":0,"href":"https:\/\/uvbbrasil.com.br\/uvb-json\/wp\/v2\/posts\/24821\/revisions"}],"wp:featuredmedia":[{"embeddable":true,"href":"https:\/\/uvbbrasil.com.br\/uvb-json\/wp\/v2\/media\/24832"}],"wp:attachment":[{"href":"https:\/\/uvbbrasil.com.br\/uvb-json\/wp\/v2\/media?parent=24821"}],"wp:term":[{"taxonomy":"category","embeddable":true,"href":"https:\/\/uvbbrasil.com.br\/uvb-json\/wp\/v2\/categories?post=24821"},{"taxonomy":"post_tag","embeddable":true,"href":"https:\/\/uvbbrasil.com.br\/uvb-json\/wp\/v2\/tags?post=24821"}],"curies":[{"name":"wp","href":"https:\/\/api.w.org\/{rel}","templated":true}]}}