{"id":24580,"date":"2021-12-14T08:55:37","date_gmt":"2021-12-14T11:55:37","guid":{"rendered":"https:\/\/wpsandbox4.pante.com.br\/?p=24580"},"modified":"2021-12-14T08:55:37","modified_gmt":"2021-12-14T11:55:37","slug":"solenidade-oficializa-nome-de-adroaldo-conzatti-ao-centro-administrativo-municipal","status":"publish","type":"post","link":"https:\/\/uvbbrasil.com.br\/solenidade-oficializa-nome-de-adroaldo-conzatti-ao-centro-administrativo-municipal\/","title":{"rendered":"Solenidade oficializa nome de Adroaldo Conzatti ao Centro Administrativo Municipal"},"content":{"rendered":"<div class=\"alert alert-minimal alert-default\">\n<p><i>O evento marcou a inaugura\u00e7\u00e3o do novo letreiro luminoso, instalado na fachada do Centro.<\/i><\/p>\n<\/div>\n<div class=\"col-md-12 mb15\">\n<p>Agora \u00e9 oficial. O nome do ex-prefeito Adroaldo Conzatti est\u00e1 imortalizado na sede da Prefeitura de Encantado.<\/p>\n<p>A solenidade de denomina\u00e7\u00e3o do Centro Administrativo Municipal Adroaldo Conzatti ocorreu quinta-feira, dia 9, e reuniu autoridades, familiares, servidores e a comunidade em frente ao pr\u00e9dio, localizado na Rua Monsenhor Scalabrini.<\/p>\n<p>As manifesta\u00e7\u00f5es ao p\u00fablico destacaram a trajet\u00f3ria de Conzatti, que foi prefeito em quatro mandatos e vereador em duas legislaturas, e a sua contribui\u00e7\u00e3o para o desenvolvimento do munic\u00edpio.<\/p>\n<p>O prefeito Jonas Calvi, proponente do projeto de lei aprovado pela C\u00e2mara de Vereadores, falou sobre o desafio de substituir Adroaldo ap\u00f3s sua morte, em 19 de mar\u00e7o. Apontando para a mesa que o ex-prefeito ocupava no gabinete, e que durante o cerimonial ficou exposta em frente ao p\u00fablico, Jonas revelou que manteve o m\u00f3vel no mesmo lugar da sala por alguns dias, do jeito que Conzatti havia deixado. \u201cEntendi que era uma forma de demonstrar gratid\u00e3o e respeito pela hist\u00f3ria do Conzatti, por isso n\u00e3o mexi em nada e atendi as pessoas na mesa de reuni\u00f5es, que estava ao lado\u201d, contou.<\/p>\n<p>O gestor tamb\u00e9m mencionou o compromisso que a comunidade assume a partir do legado deixado por Conzatti. \u201cHaver\u00e1 outro Adroaldo? N\u00e3o tenho essa resposta. Mas podemos, em cada um de n\u00f3s, ter um pouquinho do Adroaldo e, todos juntos, desenvolver o nosso munic\u00edpio\u201d, finalizou.<\/p>\n<p><strong>Amor por Encantado<\/strong><\/p>\n<p>O filho Gilson Conzatti salientou o amor do pai pela cidade de Encantado, a sua vis\u00e3o de futuro e o perfil de pol\u00edtico com esp\u00edrito p\u00fablico. \u201cCom 81 anos, ele poderia estar em casa ou viajando para It\u00e1lia, como gostava de fazer. Mas preferiu dedicar seus \u00faltimos dias de vida para continuar a trabalhar pela cidade que ele levava no cora\u00e7\u00e3o\u201d, afirmou.<\/p>\n<p>O prefeito de Doutor Ricardo e presidente do G17, Alvaro Giacobbo, e o vereador encantadense, Valdecir Gonzatti, relembraram momentos vividos ao lado do homenageado. \u201cEu aprendi muito com ele. Conzatti estava 30, 40 anos na frente. Nosso munic\u00edpio de Doutor Ricardo tem muita gratid\u00e3o por ele\u201d, disse Giacobbo. \u201cConvivi 16 anos com o Adroaldo. Ele tem muita hist\u00f3ria, nos deixou um legado de muitos ensinamentos. \u00c9 uma homenagem just\u00edssima\u201d, acrescentou o vereador.<\/p>\n<p><strong>Document\u00e1rio e m\u00fasicas<\/strong><\/p>\n<p>A cerim\u00f4nia ainda teve a participa\u00e7\u00e3o do neto de Adroaldo, Felipe Conzatti, que leu o hist\u00f3rico do av\u00f4, e da secret\u00e1ria Geral de Governo, Joanete Cardoso Masiero, que fez a leitura do projeto de lei. Um v\u00eddeo-document\u00e1rio foi exibido com os principais momentos da vida pessoal e pol\u00edtica de Conzatti.<\/p>\n<p>Os m\u00fasicos Vitor Delazeri e Ricardo Brunetto e a Orquestra Municipal apresentaram can\u00e7\u00f5es que tem rela\u00e7\u00e3o com o ex-prefeito, como Rumos de Esperan\u00e7a e Encantado de Encantos, cl\u00e1ssicos do festival Canto da Lagoa, e Cristo Protetor, em refer\u00eancia \u00e0 constru\u00e7\u00e3o da est\u00e1tua no Morro das Antenas, idealizada pelo homenageado.<\/p>\n<p>A noite teve ainda a apresenta\u00e7\u00e3o dos trajes oficiais das soberanas<\/p>\n<p><img fetchpriority=\"high\" decoding=\"async\" class=\"alignnone size-medium wp-image-24592\" src=\"https:\/\/uvbbrasil.com.br\/wp-content\/uploads\/2021\/12\/WhatsApp-Image-2021-12-10-at-04.00.19-300x200.jpeg\" alt=\"\" width=\"300\" height=\"200\" srcset=\"https:\/\/uvbbrasil.com.br\/wp-content\/uploads\/2021\/12\/WhatsApp-Image-2021-12-10-at-04.00.19-300x200.jpeg 300w, https:\/\/uvbbrasil.com.br\/wp-content\/uploads\/2021\/12\/WhatsApp-Image-2021-12-10-at-04.00.19-1024x682.jpeg 1024w, https:\/\/uvbbrasil.com.br\/wp-content\/uploads\/2021\/12\/WhatsApp-Image-2021-12-10-at-04.00.19-768x512.jpeg 768w, https:\/\/uvbbrasil.com.br\/wp-content\/uploads\/2021\/12\/WhatsApp-Image-2021-12-10-at-04.00.19.jpeg 1280w\" sizes=\"(max-width: 300px) 100vw, 300px\" \/><\/p>\n<p><img decoding=\"async\" class=\"alignnone size-medium wp-image-24593\" src=\"https:\/\/uvbbrasil.com.br\/wp-content\/uploads\/2021\/12\/WhatsApp-Image-2021-12-10-at-04.00.18-300x200.jpeg\" alt=\"\" width=\"300\" height=\"200\" srcset=\"https:\/\/uvbbrasil.com.br\/wp-content\/uploads\/2021\/12\/WhatsApp-Image-2021-12-10-at-04.00.18-300x200.jpeg 300w, https:\/\/uvbbrasil.com.br\/wp-content\/uploads\/2021\/12\/WhatsApp-Image-2021-12-10-at-04.00.18-1024x682.jpeg 1024w, https:\/\/uvbbrasil.com.br\/wp-content\/uploads\/2021\/12\/WhatsApp-Image-2021-12-10-at-04.00.18-768x512.jpeg 768w, https:\/\/uvbbrasil.com.br\/wp-content\/uploads\/2021\/12\/WhatsApp-Image-2021-12-10-at-04.00.18.jpeg 1280w\" sizes=\"(max-width: 300px) 100vw, 300px\" \/><\/p>\n<p><img decoding=\"async\" class=\"alignnone size-medium wp-image-24588\" src=\"https:\/\/uvbbrasil.com.br\/wp-content\/uploads\/2021\/12\/WhatsApp-Image-2021-12-10-at-04.00.40-300x200.jpeg\" alt=\"\" width=\"300\" height=\"200\" srcset=\"https:\/\/uvbbrasil.com.br\/wp-content\/uploads\/2021\/12\/WhatsApp-Image-2021-12-10-at-04.00.40-300x200.jpeg 300w, https:\/\/uvbbrasil.com.br\/wp-content\/uploads\/2021\/12\/WhatsApp-Image-2021-12-10-at-04.00.40-1024x682.jpeg 1024w, https:\/\/uvbbrasil.com.br\/wp-content\/uploads\/2021\/12\/WhatsApp-Image-2021-12-10-at-04.00.40-768x512.jpeg 768w, https:\/\/uvbbrasil.com.br\/wp-content\/uploads\/2021\/12\/WhatsApp-Image-2021-12-10-at-04.00.40.jpeg 1280w\" sizes=\"(max-width: 300px) 100vw, 300px\" \/><\/p>\n<p><img loading=\"lazy\" decoding=\"async\" class=\"alignnone size-medium wp-image-24591\" src=\"https:\/\/uvbbrasil.com.br\/wp-content\/uploads\/2021\/12\/WhatsApp-Image-2021-12-10-at-04.00.20-300x200.jpeg\" alt=\"\" width=\"300\" height=\"200\" srcset=\"https:\/\/uvbbrasil.com.br\/wp-content\/uploads\/2021\/12\/WhatsApp-Image-2021-12-10-at-04.00.20-300x200.jpeg 300w, https:\/\/uvbbrasil.com.br\/wp-content\/uploads\/2021\/12\/WhatsApp-Image-2021-12-10-at-04.00.20-1024x682.jpeg 1024w, https:\/\/uvbbrasil.com.br\/wp-content\/uploads\/2021\/12\/WhatsApp-Image-2021-12-10-at-04.00.20-768x512.jpeg 768w, https:\/\/uvbbrasil.com.br\/wp-content\/uploads\/2021\/12\/WhatsApp-Image-2021-12-10-at-04.00.20.jpeg 1280w\" sizes=\"(max-width: 300px) 100vw, 300px\" \/><img loading=\"lazy\" decoding=\"async\" class=\"alignnone size-medium wp-image-24589\" src=\"https:\/\/uvbbrasil.com.br\/wp-content\/uploads\/2021\/12\/WhatsApp-Image-2021-12-10-at-04.00.23-300x200.jpeg\" alt=\"\" width=\"300\" height=\"200\" srcset=\"https:\/\/uvbbrasil.com.br\/wp-content\/uploads\/2021\/12\/WhatsApp-Image-2021-12-10-at-04.00.23-300x200.jpeg 300w, https:\/\/uvbbrasil.com.br\/wp-content\/uploads\/2021\/12\/WhatsApp-Image-2021-12-10-at-04.00.23-1024x682.jpeg 1024w, https:\/\/uvbbrasil.com.br\/wp-content\/uploads\/2021\/12\/WhatsApp-Image-2021-12-10-at-04.00.23-768x512.jpeg 768w, https:\/\/uvbbrasil.com.br\/wp-content\/uploads\/2021\/12\/WhatsApp-Image-2021-12-10-at-04.00.23.jpeg 1280w\" sizes=\"(max-width: 300px) 100vw, 300px\" \/><img loading=\"lazy\" decoding=\"async\" class=\"alignnone size-medium wp-image-24590\" src=\"https:\/\/uvbbrasil.com.br\/wp-content\/uploads\/2021\/12\/WhatsApp-Image-2021-12-10-at-04.00.22-300x200.jpeg\" alt=\"\" width=\"300\" height=\"200\" srcset=\"https:\/\/uvbbrasil.com.br\/wp-content\/uploads\/2021\/12\/WhatsApp-Image-2021-12-10-at-04.00.22-300x200.jpeg 300w, https:\/\/uvbbrasil.com.br\/wp-content\/uploads\/2021\/12\/WhatsApp-Image-2021-12-10-at-04.00.22-1024x682.jpeg 1024w, https:\/\/uvbbrasil.com.br\/wp-content\/uploads\/2021\/12\/WhatsApp-Image-2021-12-10-at-04.00.22-768x512.jpeg 768w, https:\/\/uvbbrasil.com.br\/wp-content\/uploads\/2021\/12\/WhatsApp-Image-2021-12-10-at-04.00.22.jpeg 1280w\" sizes=\"(max-width: 300px) 100vw, 300px\" \/><img loading=\"lazy\" decoding=\"async\" class=\"alignnone size-medium wp-image-24587\" src=\"https:\/\/uvbbrasil.com.br\/wp-content\/uploads\/2021\/12\/WhatsApp-Image-2021-12-10-at-04.00.33-300x200.jpeg\" alt=\"\" width=\"300\" height=\"200\" srcset=\"https:\/\/uvbbrasil.com.br\/wp-content\/uploads\/2021\/12\/WhatsApp-Image-2021-12-10-at-04.00.33-300x200.jpeg 300w, https:\/\/uvbbrasil.com.br\/wp-content\/uploads\/2021\/12\/WhatsApp-Image-2021-12-10-at-04.00.33-1024x682.jpeg 1024w, https:\/\/uvbbrasil.com.br\/wp-content\/uploads\/2021\/12\/WhatsApp-Image-2021-12-10-at-04.00.33-768x512.jpeg 768w, https:\/\/uvbbrasil.com.br\/wp-content\/uploads\/2021\/12\/WhatsApp-Image-2021-12-10-at-04.00.33.jpeg 1280w\" sizes=\"(max-width: 300px) 100vw, 300px\" \/><img loading=\"lazy\" decoding=\"async\" class=\"alignnone size-medium wp-image-24586\" src=\"https:\/\/uvbbrasil.com.br\/wp-content\/uploads\/2021\/12\/WhatsApp-Image-2021-12-10-at-04.00.32-300x200.jpeg\" alt=\"\" width=\"300\" height=\"200\" srcset=\"https:\/\/uvbbrasil.com.br\/wp-content\/uploads\/2021\/12\/WhatsApp-Image-2021-12-10-at-04.00.32-300x200.jpeg 300w, https:\/\/uvbbrasil.com.br\/wp-content\/uploads\/2021\/12\/WhatsApp-Image-2021-12-10-at-04.00.32-1024x682.jpeg 1024w, https:\/\/uvbbrasil.com.br\/wp-content\/uploads\/2021\/12\/WhatsApp-Image-2021-12-10-at-04.00.32-768x512.jpeg 768w, https:\/\/uvbbrasil.com.br\/wp-content\/uploads\/2021\/12\/WhatsApp-Image-2021-12-10-at-04.00.32.jpeg 1280w\" sizes=\"(max-width: 300px) 100vw, 300px\" \/><\/p>\n<p><img loading=\"lazy\" decoding=\"async\" class=\"alignnone size-medium wp-image-24585\" src=\"https:\/\/uvbbrasil.com.br\/wp-content\/uploads\/2021\/12\/WhatsApp-Image-2021-12-10-at-04.00.29-300x200.jpeg\" alt=\"\" width=\"300\" height=\"200\" srcset=\"https:\/\/uvbbrasil.com.br\/wp-content\/uploads\/2021\/12\/WhatsApp-Image-2021-12-10-at-04.00.29-300x200.jpeg 300w, https:\/\/uvbbrasil.com.br\/wp-content\/uploads\/2021\/12\/WhatsApp-Image-2021-12-10-at-04.00.29-1024x682.jpeg 1024w, https:\/\/uvbbrasil.com.br\/wp-content\/uploads\/2021\/12\/WhatsApp-Image-2021-12-10-at-04.00.29-768x512.jpeg 768w, https:\/\/uvbbrasil.com.br\/wp-content\/uploads\/2021\/12\/WhatsApp-Image-2021-12-10-at-04.00.29.jpeg 1280w\" sizes=\"(max-width: 300px) 100vw, 300px\" \/><\/p>\n<p><img loading=\"lazy\" decoding=\"async\" class=\"alignnone size-medium wp-image-24584\" src=\"https:\/\/uvbbrasil.com.br\/wp-content\/uploads\/2021\/12\/WhatsApp-Image-2021-12-10-at-04.00.27-2-300x200.jpeg\" alt=\"\" width=\"300\" height=\"200\" srcset=\"https:\/\/uvbbrasil.com.br\/wp-content\/uploads\/2021\/12\/WhatsApp-Image-2021-12-10-at-04.00.27-2-300x200.jpeg 300w, https:\/\/uvbbrasil.com.br\/wp-content\/uploads\/2021\/12\/WhatsApp-Image-2021-12-10-at-04.00.27-2-1024x682.jpeg 1024w, https:\/\/uvbbrasil.com.br\/wp-content\/uploads\/2021\/12\/WhatsApp-Image-2021-12-10-at-04.00.27-2-768x512.jpeg 768w, https:\/\/uvbbrasil.com.br\/wp-content\/uploads\/2021\/12\/WhatsApp-Image-2021-12-10-at-04.00.27-2.jpeg 1280w\" sizes=\"(max-width: 300px) 100vw, 300px\" \/><\/p>\n<p><img loading=\"lazy\" decoding=\"async\" class=\"alignnone size-medium wp-image-24583\" src=\"https:\/\/uvbbrasil.com.br\/wp-content\/uploads\/2021\/12\/WhatsApp-Image-2021-12-10-at-04.00.27-1-300x200.jpeg\" alt=\"\" width=\"300\" height=\"200\" srcset=\"https:\/\/uvbbrasil.com.br\/wp-content\/uploads\/2021\/12\/WhatsApp-Image-2021-12-10-at-04.00.27-1-300x200.jpeg 300w, https:\/\/uvbbrasil.com.br\/wp-content\/uploads\/2021\/12\/WhatsApp-Image-2021-12-10-at-04.00.27-1-1024x682.jpeg 1024w, https:\/\/uvbbrasil.com.br\/wp-content\/uploads\/2021\/12\/WhatsApp-Image-2021-12-10-at-04.00.27-1-768x512.jpeg 768w, https:\/\/uvbbrasil.com.br\/wp-content\/uploads\/2021\/12\/WhatsApp-Image-2021-12-10-at-04.00.27-1.jpeg 1280w\" sizes=\"(max-width: 300px) 100vw, 300px\" \/><\/p>\n<p>.<\/p>\n<p><img loading=\"lazy\" decoding=\"async\" class=\"alignnone size-medium wp-image-24581\" src=\"https:\/\/uvbbrasil.com.br\/wp-content\/uploads\/2021\/12\/maior_Inaugurao_do_Letreiro_Credito_Adriana_Vidal_Jornal_Fora_do_Vale-300x225.jpg\" alt=\"\" width=\"300\" height=\"225\" srcset=\"https:\/\/uvbbrasil.com.br\/wp-content\/uploads\/2021\/12\/maior_Inaugurao_do_Letreiro_Credito_Adriana_Vidal_Jornal_Fora_do_Vale-300x225.jpg 300w, https:\/\/uvbbrasil.com.br\/wp-content\/uploads\/2021\/12\/maior_Inaugurao_do_Letreiro_Credito_Adriana_Vidal_Jornal_Fora_do_Vale.jpg 700w\" sizes=\"(max-width: 300px) 100vw, 300px\" \/><\/p>\n<p>&nbsp;<\/p>\n<\/div>\n","protected":false},"excerpt":{"rendered":"<p>O evento marcou a inaugura\u00e7\u00e3o do novo letreiro luminoso, instalado na fachada do Centro. Agora \u00e9 oficial. O nome do&#8230;<\/p>\n","protected":false},"author":1,"featured_media":24581,"comment_status":"open","ping_status":"open","sticky":false,"template":"","format":"standard","meta":{"footnotes":""},"categories":[3,4],"tags":[],"class_list":["post-24580","post","type-post","status-publish","format-standard","has-post-thumbnail","hentry","category-noticias","category-home"],"yoast_head":"<!-- This site is optimized with the Yoast SEO plugin v26.7 - https:\/\/yoast.com\/wordpress\/plugins\/seo\/ -->\n<title>Solenidade oficializa nome de Adroaldo Conzatti ao Centro Administrativo Municipal - UVB Brasil<\/title>\n<meta name=\"robots\" content=\"index, follow, max-snippet:-1, max-image-preview:large, max-video-preview:-1\" \/>\n<link rel=\"canonical\" href=\"https:\/\/uvbbrasil.com.br\/solenidade-oficializa-nome-de-adroaldo-conzatti-ao-centro-administrativo-municipal\/\" \/>\n<meta property=\"og:locale\" content=\"pt_BR\" \/>\n<meta property=\"og:type\" content=\"article\" \/>\n<meta property=\"og:title\" content=\"Solenidade oficializa nome de Adroaldo Conzatti ao Centro Administrativo Municipal - UVB Brasil\" \/>\n<meta property=\"og:description\" content=\"O evento marcou a inaugura\u00e7\u00e3o do novo letreiro luminoso, instalado na fachada do Centro. Agora \u00e9 oficial. O nome do...\" \/>\n<meta property=\"og:url\" content=\"https:\/\/uvbbrasil.com.br\/solenidade-oficializa-nome-de-adroaldo-conzatti-ao-centro-administrativo-municipal\/\" \/>\n<meta property=\"og:site_name\" content=\"UVB Brasil\" \/>\n<meta property=\"article:publisher\" content=\"https:\/\/www.facebook.com\/uvb.vereadoresbrasil\" \/>\n<meta property=\"article:published_time\" content=\"2021-12-14T11:55:37+00:00\" \/>\n<meta property=\"og:image\" content=\"https:\/\/uvbbrasil.com.br\/wp-content\/uploads\/2021\/12\/maior_Inaugurao_do_Letreiro_Credito_Adriana_Vidal_Jornal_Fora_do_Vale.jpg\" \/>\n\t<meta property=\"og:image:width\" content=\"700\" \/>\n\t<meta property=\"og:image:height\" content=\"525\" \/>\n\t<meta property=\"og:image:type\" content=\"image\/jpeg\" \/>\n<meta name=\"author\" content=\"adminuvb\" \/>\n<meta name=\"twitter:card\" content=\"summary_large_image\" \/>\n<meta name=\"twitter:label1\" content=\"Escrito por\" \/>\n\t<meta name=\"twitter:data1\" content=\"adminuvb\" \/>\n\t<meta name=\"twitter:label2\" content=\"Est. tempo de leitura\" \/>\n\t<meta name=\"twitter:data2\" content=\"5 minutos\" \/>\n<script type=\"application\/ld+json\" class=\"yoast-schema-graph\">{\"@context\":\"https:\/\/schema.org\",\"@graph\":[{\"@type\":\"Article\",\"@id\":\"https:\/\/uvbbrasil.com.br\/solenidade-oficializa-nome-de-adroaldo-conzatti-ao-centro-administrativo-municipal\/#article\",\"isPartOf\":{\"@id\":\"https:\/\/uvbbrasil.com.br\/solenidade-oficializa-nome-de-adroaldo-conzatti-ao-centro-administrativo-municipal\/\"},\"author\":{\"name\":\"adminuvb\",\"@id\":\"https:\/\/uvbbrasil.com.br\/#\/schema\/person\/17990098446c098f52effddff4f1b272\"},\"headline\":\"Solenidade oficializa nome de Adroaldo Conzatti ao Centro Administrativo Municipal\",\"datePublished\":\"2021-12-14T11:55:37+00:00\",\"mainEntityOfPage\":{\"@id\":\"https:\/\/uvbbrasil.com.br\/solenidade-oficializa-nome-de-adroaldo-conzatti-ao-centro-administrativo-municipal\/\"},\"wordCount\":538,\"commentCount\":0,\"publisher\":{\"@id\":\"https:\/\/uvbbrasil.com.br\/#organization\"},\"image\":{\"@id\":\"https:\/\/uvbbrasil.com.br\/solenidade-oficializa-nome-de-adroaldo-conzatti-ao-centro-administrativo-municipal\/#primaryimage\"},\"thumbnailUrl\":\"https:\/\/uvbbrasil.com.br\/wp-content\/uploads\/2021\/12\/maior_Inaugurao_do_Letreiro_Credito_Adriana_Vidal_Jornal_Fora_do_Vale.jpg\",\"articleSection\":[\"NOT\u00cdCIAS\",\"UVB\"],\"inLanguage\":\"pt-BR\",\"potentialAction\":[{\"@type\":\"CommentAction\",\"name\":\"Comment\",\"target\":[\"https:\/\/uvbbrasil.com.br\/solenidade-oficializa-nome-de-adroaldo-conzatti-ao-centro-administrativo-municipal\/#respond\"]}]},{\"@type\":\"WebPage\",\"@id\":\"https:\/\/uvbbrasil.com.br\/solenidade-oficializa-nome-de-adroaldo-conzatti-ao-centro-administrativo-municipal\/\",\"url\":\"https:\/\/uvbbrasil.com.br\/solenidade-oficializa-nome-de-adroaldo-conzatti-ao-centro-administrativo-municipal\/\",\"name\":\"Solenidade oficializa nome de Adroaldo Conzatti ao Centro Administrativo Municipal - UVB Brasil\",\"isPartOf\":{\"@id\":\"https:\/\/uvbbrasil.com.br\/#website\"},\"primaryImageOfPage\":{\"@id\":\"https:\/\/uvbbrasil.com.br\/solenidade-oficializa-nome-de-adroaldo-conzatti-ao-centro-administrativo-municipal\/#primaryimage\"},\"image\":{\"@id\":\"https:\/\/uvbbrasil.com.br\/solenidade-oficializa-nome-de-adroaldo-conzatti-ao-centro-administrativo-municipal\/#primaryimage\"},\"thumbnailUrl\":\"https:\/\/uvbbrasil.com.br\/wp-content\/uploads\/2021\/12\/maior_Inaugurao_do_Letreiro_Credito_Adriana_Vidal_Jornal_Fora_do_Vale.jpg\",\"datePublished\":\"2021-12-14T11:55:37+00:00\",\"breadcrumb\":{\"@id\":\"https:\/\/uvbbrasil.com.br\/solenidade-oficializa-nome-de-adroaldo-conzatti-ao-centro-administrativo-municipal\/#breadcrumb\"},\"inLanguage\":\"pt-BR\",\"potentialAction\":[{\"@type\":\"ReadAction\",\"target\":[\"https:\/\/uvbbrasil.com.br\/solenidade-oficializa-nome-de-adroaldo-conzatti-ao-centro-administrativo-municipal\/\"]}]},{\"@type\":\"ImageObject\",\"inLanguage\":\"pt-BR\",\"@id\":\"https:\/\/uvbbrasil.com.br\/solenidade-oficializa-nome-de-adroaldo-conzatti-ao-centro-administrativo-municipal\/#primaryimage\",\"url\":\"https:\/\/uvbbrasil.com.br\/wp-content\/uploads\/2021\/12\/maior_Inaugurao_do_Letreiro_Credito_Adriana_Vidal_Jornal_Fora_do_Vale.jpg\",\"contentUrl\":\"https:\/\/uvbbrasil.com.br\/wp-content\/uploads\/2021\/12\/maior_Inaugurao_do_Letreiro_Credito_Adriana_Vidal_Jornal_Fora_do_Vale.jpg\",\"width\":700,\"height\":525},{\"@type\":\"BreadcrumbList\",\"@id\":\"https:\/\/uvbbrasil.com.br\/solenidade-oficializa-nome-de-adroaldo-conzatti-ao-centro-administrativo-municipal\/#breadcrumb\",\"itemListElement\":[{\"@type\":\"ListItem\",\"position\":1,\"name\":\"In\u00edcio\",\"item\":\"https:\/\/uvbbrasil.com.br\/\"},{\"@type\":\"ListItem\",\"position\":2,\"name\":\"Solenidade oficializa nome de Adroaldo Conzatti ao Centro Administrativo Municipal\"}]},{\"@type\":\"WebSite\",\"@id\":\"https:\/\/uvbbrasil.com.br\/#website\",\"url\":\"https:\/\/uvbbrasil.com.br\/\",\"name\":\"UVB Brasil\",\"description\":\"Uni\u00e3o dos Vereadores do Brasil\",\"publisher\":{\"@id\":\"https:\/\/uvbbrasil.com.br\/#organization\"},\"potentialAction\":[{\"@type\":\"SearchAction\",\"target\":{\"@type\":\"EntryPoint\",\"urlTemplate\":\"https:\/\/uvbbrasil.com.br\/?s={search_term_string}\"},\"query-input\":{\"@type\":\"PropertyValueSpecification\",\"valueRequired\":true,\"valueName\":\"search_term_string\"}}],\"inLanguage\":\"pt-BR\"},{\"@type\":\"Organization\",\"@id\":\"https:\/\/uvbbrasil.com.br\/#organization\",\"name\":\"UVB Brasil\",\"url\":\"https:\/\/uvbbrasil.com.br\/\",\"logo\":{\"@type\":\"ImageObject\",\"inLanguage\":\"pt-BR\",\"@id\":\"https:\/\/uvbbrasil.com.br\/#\/schema\/logo\/image\/\",\"url\":\"https:\/\/uvbbrasil.com.br\/wp-content\/uploads\/2025\/01\/LOGO-UVB-2024-azul-1.jpg\",\"contentUrl\":\"https:\/\/uvbbrasil.com.br\/wp-content\/uploads\/2025\/01\/LOGO-UVB-2024-azul-1.jpg\",\"width\":600,\"height\":211,\"caption\":\"UVB Brasil\"},\"image\":{\"@id\":\"https:\/\/uvbbrasil.com.br\/#\/schema\/logo\/image\/\"},\"sameAs\":[\"https:\/\/www.facebook.com\/uvb.vereadoresbrasil\",\"https:\/\/www.instagram.com\/uvbbrasil\/\",\"https:\/\/www.youtube.com\/channel\/UCIlPQ8Xzw5GHNzosQIg9S5A\"]},{\"@type\":\"Person\",\"@id\":\"https:\/\/uvbbrasil.com.br\/#\/schema\/person\/17990098446c098f52effddff4f1b272\",\"name\":\"adminuvb\",\"image\":{\"@type\":\"ImageObject\",\"inLanguage\":\"pt-BR\",\"@id\":\"https:\/\/uvbbrasil.com.br\/#\/schema\/person\/image\/\",\"url\":\"https:\/\/secure.gravatar.com\/avatar\/1a494ea6f8e2dd1ae526e55b0e9497efdba542491e0620d704cccf63c6f77c45?s=96&d=mm&r=g\",\"contentUrl\":\"https:\/\/secure.gravatar.com\/avatar\/1a494ea6f8e2dd1ae526e55b0e9497efdba542491e0620d704cccf63c6f77c45?s=96&d=mm&r=g\",\"caption\":\"adminuvb\"},\"sameAs\":[\"https:\/\/uvbbrasil.com.br\"],\"url\":\"https:\/\/uvbbrasil.com.br\/author\/adminuvb\/\"}]}<\/script>\n<!-- \/ Yoast SEO plugin. -->","yoast_head_json":{"title":"Solenidade oficializa nome de Adroaldo Conzatti ao Centro Administrativo Municipal - UVB Brasil","robots":{"index":"index","follow":"follow","max-snippet":"max-snippet:-1","max-image-preview":"max-image-preview:large","max-video-preview":"max-video-preview:-1"},"canonical":"https:\/\/uvbbrasil.com.br\/solenidade-oficializa-nome-de-adroaldo-conzatti-ao-centro-administrativo-municipal\/","og_locale":"pt_BR","og_type":"article","og_title":"Solenidade oficializa nome de Adroaldo Conzatti ao Centro Administrativo Municipal - UVB Brasil","og_description":"O evento marcou a inaugura\u00e7\u00e3o do novo letreiro luminoso, instalado na fachada do Centro. Agora \u00e9 oficial. O nome do...","og_url":"https:\/\/uvbbrasil.com.br\/solenidade-oficializa-nome-de-adroaldo-conzatti-ao-centro-administrativo-municipal\/","og_site_name":"UVB Brasil","article_publisher":"https:\/\/www.facebook.com\/uvb.vereadoresbrasil","article_published_time":"2021-12-14T11:55:37+00:00","og_image":[{"width":700,"height":525,"url":"https:\/\/uvbbrasil.com.br\/wp-content\/uploads\/2021\/12\/maior_Inaugurao_do_Letreiro_Credito_Adriana_Vidal_Jornal_Fora_do_Vale.jpg","type":"image\/jpeg"}],"author":"adminuvb","twitter_card":"summary_large_image","twitter_misc":{"Escrito por":"adminuvb","Est. tempo de leitura":"5 minutos"},"schema":{"@context":"https:\/\/schema.org","@graph":[{"@type":"Article","@id":"https:\/\/uvbbrasil.com.br\/solenidade-oficializa-nome-de-adroaldo-conzatti-ao-centro-administrativo-municipal\/#article","isPartOf":{"@id":"https:\/\/uvbbrasil.com.br\/solenidade-oficializa-nome-de-adroaldo-conzatti-ao-centro-administrativo-municipal\/"},"author":{"name":"adminuvb","@id":"https:\/\/uvbbrasil.com.br\/#\/schema\/person\/17990098446c098f52effddff4f1b272"},"headline":"Solenidade oficializa nome de Adroaldo Conzatti ao Centro Administrativo Municipal","datePublished":"2021-12-14T11:55:37+00:00","mainEntityOfPage":{"@id":"https:\/\/uvbbrasil.com.br\/solenidade-oficializa-nome-de-adroaldo-conzatti-ao-centro-administrativo-municipal\/"},"wordCount":538,"commentCount":0,"publisher":{"@id":"https:\/\/uvbbrasil.com.br\/#organization"},"image":{"@id":"https:\/\/uvbbrasil.com.br\/solenidade-oficializa-nome-de-adroaldo-conzatti-ao-centro-administrativo-municipal\/#primaryimage"},"thumbnailUrl":"https:\/\/uvbbrasil.com.br\/wp-content\/uploads\/2021\/12\/maior_Inaugurao_do_Letreiro_Credito_Adriana_Vidal_Jornal_Fora_do_Vale.jpg","articleSection":["NOT\u00cdCIAS","UVB"],"inLanguage":"pt-BR","potentialAction":[{"@type":"CommentAction","name":"Comment","target":["https:\/\/uvbbrasil.com.br\/solenidade-oficializa-nome-de-adroaldo-conzatti-ao-centro-administrativo-municipal\/#respond"]}]},{"@type":"WebPage","@id":"https:\/\/uvbbrasil.com.br\/solenidade-oficializa-nome-de-adroaldo-conzatti-ao-centro-administrativo-municipal\/","url":"https:\/\/uvbbrasil.com.br\/solenidade-oficializa-nome-de-adroaldo-conzatti-ao-centro-administrativo-municipal\/","name":"Solenidade oficializa nome de Adroaldo Conzatti ao Centro Administrativo Municipal - UVB Brasil","isPartOf":{"@id":"https:\/\/uvbbrasil.com.br\/#website"},"primaryImageOfPage":{"@id":"https:\/\/uvbbrasil.com.br\/solenidade-oficializa-nome-de-adroaldo-conzatti-ao-centro-administrativo-municipal\/#primaryimage"},"image":{"@id":"https:\/\/uvbbrasil.com.br\/solenidade-oficializa-nome-de-adroaldo-conzatti-ao-centro-administrativo-municipal\/#primaryimage"},"thumbnailUrl":"https:\/\/uvbbrasil.com.br\/wp-content\/uploads\/2021\/12\/maior_Inaugurao_do_Letreiro_Credito_Adriana_Vidal_Jornal_Fora_do_Vale.jpg","datePublished":"2021-12-14T11:55:37+00:00","breadcrumb":{"@id":"https:\/\/uvbbrasil.com.br\/solenidade-oficializa-nome-de-adroaldo-conzatti-ao-centro-administrativo-municipal\/#breadcrumb"},"inLanguage":"pt-BR","potentialAction":[{"@type":"ReadAction","target":["https:\/\/uvbbrasil.com.br\/solenidade-oficializa-nome-de-adroaldo-conzatti-ao-centro-administrativo-municipal\/"]}]},{"@type":"ImageObject","inLanguage":"pt-BR","@id":"https:\/\/uvbbrasil.com.br\/solenidade-oficializa-nome-de-adroaldo-conzatti-ao-centro-administrativo-municipal\/#primaryimage","url":"https:\/\/uvbbrasil.com.br\/wp-content\/uploads\/2021\/12\/maior_Inaugurao_do_Letreiro_Credito_Adriana_Vidal_Jornal_Fora_do_Vale.jpg","contentUrl":"https:\/\/uvbbrasil.com.br\/wp-content\/uploads\/2021\/12\/maior_Inaugurao_do_Letreiro_Credito_Adriana_Vidal_Jornal_Fora_do_Vale.jpg","width":700,"height":525},{"@type":"BreadcrumbList","@id":"https:\/\/uvbbrasil.com.br\/solenidade-oficializa-nome-de-adroaldo-conzatti-ao-centro-administrativo-municipal\/#breadcrumb","itemListElement":[{"@type":"ListItem","position":1,"name":"In\u00edcio","item":"https:\/\/uvbbrasil.com.br\/"},{"@type":"ListItem","position":2,"name":"Solenidade oficializa nome de Adroaldo Conzatti ao Centro Administrativo Municipal"}]},{"@type":"WebSite","@id":"https:\/\/uvbbrasil.com.br\/#website","url":"https:\/\/uvbbrasil.com.br\/","name":"UVB Brasil","description":"Uni\u00e3o dos Vereadores do Brasil","publisher":{"@id":"https:\/\/uvbbrasil.com.br\/#organization"},"potentialAction":[{"@type":"SearchAction","target":{"@type":"EntryPoint","urlTemplate":"https:\/\/uvbbrasil.com.br\/?s={search_term_string}"},"query-input":{"@type":"PropertyValueSpecification","valueRequired":true,"valueName":"search_term_string"}}],"inLanguage":"pt-BR"},{"@type":"Organization","@id":"https:\/\/uvbbrasil.com.br\/#organization","name":"UVB Brasil","url":"https:\/\/uvbbrasil.com.br\/","logo":{"@type":"ImageObject","inLanguage":"pt-BR","@id":"https:\/\/uvbbrasil.com.br\/#\/schema\/logo\/image\/","url":"https:\/\/uvbbrasil.com.br\/wp-content\/uploads\/2025\/01\/LOGO-UVB-2024-azul-1.jpg","contentUrl":"https:\/\/uvbbrasil.com.br\/wp-content\/uploads\/2025\/01\/LOGO-UVB-2024-azul-1.jpg","width":600,"height":211,"caption":"UVB Brasil"},"image":{"@id":"https:\/\/uvbbrasil.com.br\/#\/schema\/logo\/image\/"},"sameAs":["https:\/\/www.facebook.com\/uvb.vereadoresbrasil","https:\/\/www.instagram.com\/uvbbrasil\/","https:\/\/www.youtube.com\/channel\/UCIlPQ8Xzw5GHNzosQIg9S5A"]},{"@type":"Person","@id":"https:\/\/uvbbrasil.com.br\/#\/schema\/person\/17990098446c098f52effddff4f1b272","name":"adminuvb","image":{"@type":"ImageObject","inLanguage":"pt-BR","@id":"https:\/\/uvbbrasil.com.br\/#\/schema\/person\/image\/","url":"https:\/\/secure.gravatar.com\/avatar\/1a494ea6f8e2dd1ae526e55b0e9497efdba542491e0620d704cccf63c6f77c45?s=96&d=mm&r=g","contentUrl":"https:\/\/secure.gravatar.com\/avatar\/1a494ea6f8e2dd1ae526e55b0e9497efdba542491e0620d704cccf63c6f77c45?s=96&d=mm&r=g","caption":"adminuvb"},"sameAs":["https:\/\/uvbbrasil.com.br"],"url":"https:\/\/uvbbrasil.com.br\/author\/adminuvb\/"}]}},"_links":{"self":[{"href":"https:\/\/uvbbrasil.com.br\/uvb-json\/wp\/v2\/posts\/24580","targetHints":{"allow":["GET"]}}],"collection":[{"href":"https:\/\/uvbbrasil.com.br\/uvb-json\/wp\/v2\/posts"}],"about":[{"href":"https:\/\/uvbbrasil.com.br\/uvb-json\/wp\/v2\/types\/post"}],"author":[{"embeddable":true,"href":"https:\/\/uvbbrasil.com.br\/uvb-json\/wp\/v2\/users\/1"}],"replies":[{"embeddable":true,"href":"https:\/\/uvbbrasil.com.br\/uvb-json\/wp\/v2\/comments?post=24580"}],"version-history":[{"count":0,"href":"https:\/\/uvbbrasil.com.br\/uvb-json\/wp\/v2\/posts\/24580\/revisions"}],"wp:featuredmedia":[{"embeddable":true,"href":"https:\/\/uvbbrasil.com.br\/uvb-json\/wp\/v2\/media\/24581"}],"wp:attachment":[{"href":"https:\/\/uvbbrasil.com.br\/uvb-json\/wp\/v2\/media?parent=24580"}],"wp:term":[{"taxonomy":"category","embeddable":true,"href":"https:\/\/uvbbrasil.com.br\/uvb-json\/wp\/v2\/categories?post=24580"},{"taxonomy":"post_tag","embeddable":true,"href":"https:\/\/uvbbrasil.com.br\/uvb-json\/wp\/v2\/tags?post=24580"}],"curies":[{"name":"wp","href":"https:\/\/api.w.org\/{rel}","templated":true}]}}