{"id":24542,"date":"2021-12-13T13:50:02","date_gmt":"2021-12-13T16:50:02","guid":{"rendered":"https:\/\/wpsandbox4.pante.com.br\/?p=24542"},"modified":"2021-12-13T13:50:02","modified_gmt":"2021-12-13T16:50:02","slug":"praticas-colaborativas-e-cases-de-sucesso-no-seminario-de-legislativos","status":"publish","type":"post","link":"https:\/\/uvbbrasil.com.br\/praticas-colaborativas-e-cases-de-sucesso-no-seminario-de-legislativos\/","title":{"rendered":"Pr\u00e1ticas colaborativas e cases de sucesso no Semin\u00e1rio de Legislativos"},"content":{"rendered":"<p>Com \u00eanfase em pr\u00e1ticas colaborativas, cases de sucesso e a colabora\u00e7\u00e3o de cidad\u00e3os protagonistas para a transforma\u00e7\u00e3o cont\u00ednua da cidade, o Coordenador do projeto Trem dos Vales e membro da Associa\u00e7\u00e3o Amigos de Cristo de Encantado, Rafael Fontana e as convidadas, Ana Delsa Tronco, Darjela Calvi, Angela Reale, Maria Cristina Buffon,\u00a0 e Daniela de Conto, que fazem parte do equipe administrativa da prefeitura de Encantado, apresentaram aos participantes do Semin\u00e1rio Nacional de Legislativos e Gest\u00f5es Municipais, os exemplos de cases de sucesso no munic\u00edpio Encantado com \u00a0tem 20 mil habitantes.<\/p>\n<p>A colabora\u00e7\u00e3o comunit\u00e1ria \u00a0tem contribu\u00eddo para a melhoria da vida urbana, sendo um dos principais meios de transforma\u00e7\u00e3o nas cidades. Muitas iniciativas colaborativas est\u00e3o promovendo mudan\u00e7as positivas, com pessoas, entidades, empresas, institui\u00e7\u00f5es governamentais e projetos cada vez mais dispostos a incentivar novas formas de se viver e se relacionar. Na cidade de Encantado, essa pr\u00e1tica faz parte do cotidiano da comunidade, se fortalece constantemente atrav\u00e9s de exemplos positivos. Por isso, agora, apresentamos alguns casos de sucesso.<\/p>\n<p>Com a lideran\u00e7a que faz a diferen\u00e7a exemplo citado do saudoso ex-prefeito de Encantado, Adroaldo Conzatti, com alguns projetos \u00a0como, \u00a0asfalto comunit\u00e1rio, \u00a0projeto volunt\u00e1rio minha cidade + bonita,\u00a0 Idealizado por Angela Reale, \u00a0em 2018 tendo como parceira Daniela De Conto e v\u00e1rios colaboradores volunt\u00e1rios com o objetivo de revitalizar e dar uso aos espa\u00e7os p\u00fablicos urbanos, requalificando-os para que se tornem locais prazerosos e tur\u00edsticos e contou com o apoio \u00a0de empresas, institui\u00e7\u00f5es e a comunidade s\u00e3o chamadas para participar com m\u00e3o de obra, doa\u00e7\u00f5es\u00a0 financeiras ou materiais diversos que transformou as escadaria de azulejos em um belo local, painel de mosaico no Instituto Estadual de educa\u00e7\u00e3o\u00a0 Monsenhor Scalabrini, que foi Inaugurado em 18 dezembro de 2019 depois de 4 meses de trabalho, muro externo da Escola Erico Ver\u00edssimo, viaduto santo ant\u00e3o,\u00a0Escola Estadual\u00a0 Agostinho Costi.<\/p>\n<p>Os N\u00facleos do Empreender da ACI-E, fazem parte do programa Empreender Brasil, liderado pela CACB &#8211; Confedera\u00e7\u00e3o das Associa\u00e7\u00f5es Comerciais e Empresariais do Brasil, e tem como principal objetivo promover a competitividade e fortalecimento das pequenas e micro empresas. Criam um clima de confian\u00e7a e la\u00e7os importantes, fazendo com que os empres\u00e1rios se apoiem mutuamente,<\/p>\n<p>Associa\u00e7\u00e3o amigos de cristo, fundada em 2019 e liderada pelo saudoso ex- prefeito de Encantado, Adroaldo Conzatti.<\/p>\n<p>E em maio de 2021 o N\u00facleo de gastronomia e hotelaria da ACI-E de 2021<\/p>\n<p><img fetchpriority=\"high\" decoding=\"async\" class=\"alignnone size-medium wp-image-24544\" src=\"https:\/\/uvbbrasil.com.br\/wp-content\/uploads\/2021\/12\/asfalto1-277x300.jpg\" alt=\"\" width=\"277\" height=\"300\" srcset=\"https:\/\/uvbbrasil.com.br\/wp-content\/uploads\/2021\/12\/asfalto1-277x300.jpg 277w, https:\/\/uvbbrasil.com.br\/wp-content\/uploads\/2021\/12\/asfalto1.jpg 302w\" sizes=\"(max-width: 277px) 100vw, 277px\" \/><\/p>\n<p style=\"text-align: left;\"><em>Asfalto Comunit\u00e1rio<\/em><\/p>\n<p><img decoding=\"async\" class=\"alignnone size-medium wp-image-24545\" src=\"https:\/\/uvbbrasil.com.br\/wp-content\/uploads\/2021\/12\/asfalto-2-278x300.jpg\" alt=\"\" width=\"278\" height=\"300\" srcset=\"https:\/\/uvbbrasil.com.br\/wp-content\/uploads\/2021\/12\/asfalto-2-278x300.jpg 278w, https:\/\/uvbbrasil.com.br\/wp-content\/uploads\/2021\/12\/asfalto-2.jpg 303w\" sizes=\"(max-width: 278px) 100vw, 278px\" \/>E<\/p>\n<p><img decoding=\"async\" class=\"alignnone size-medium wp-image-24546\" src=\"https:\/\/uvbbrasil.com.br\/wp-content\/uploads\/2021\/12\/escadaqria-300x225.jpg\" alt=\"\" width=\"300\" height=\"225\" srcset=\"https:\/\/uvbbrasil.com.br\/wp-content\/uploads\/2021\/12\/escadaqria-300x225.jpg 300w, https:\/\/uvbbrasil.com.br\/wp-content\/uploads\/2021\/12\/escadaqria.jpg 317w\" sizes=\"(max-width: 300px) 100vw, 300px\" \/><\/p>\n<p><em>Escadaria de Azulejos<\/em><\/p>\n<p><em><img loading=\"lazy\" decoding=\"async\" class=\"alignnone size-medium wp-image-24548\" src=\"https:\/\/uvbbrasil.com.br\/wp-content\/uploads\/2021\/12\/mosaico-1-300x225.jpg\" alt=\"\" width=\"300\" height=\"225\" srcset=\"https:\/\/uvbbrasil.com.br\/wp-content\/uploads\/2021\/12\/mosaico-1-300x225.jpg 300w, https:\/\/uvbbrasil.com.br\/wp-content\/uploads\/2021\/12\/mosaico-1.jpg 330w\" sizes=\"(max-width: 300px) 100vw, 300px\" \/><img loading=\"lazy\" decoding=\"async\" class=\"alignnone size-medium wp-image-24550\" src=\"https:\/\/uvbbrasil.com.br\/wp-content\/uploads\/2021\/12\/mosaico-3-204x300.jpg\" alt=\"\" width=\"204\" height=\"300\" srcset=\"https:\/\/uvbbrasil.com.br\/wp-content\/uploads\/2021\/12\/mosaico-3-204x300.jpg 204w, https:\/\/uvbbrasil.com.br\/wp-content\/uploads\/2021\/12\/mosaico-3.jpg 363w\" sizes=\"(max-width: 204px) 100vw, 204px\" \/><img loading=\"lazy\" decoding=\"async\" class=\"alignnone size-medium wp-image-24549\" src=\"https:\/\/uvbbrasil.com.br\/wp-content\/uploads\/2021\/12\/mosaico-2-300x225.jpg\" alt=\"\" width=\"300\" height=\"225\" srcset=\"https:\/\/uvbbrasil.com.br\/wp-content\/uploads\/2021\/12\/mosaico-2-300x225.jpg 300w, https:\/\/uvbbrasil.com.br\/wp-content\/uploads\/2021\/12\/mosaico-2.jpg 330w\" sizes=\"(max-width: 300px) 100vw, 300px\" \/><\/em><\/p>\n<p><em>Painel Mosaico em constru\u00e7\u00e3o- no Instituto Estadual de Educa\u00e7\u00e3o Monsenhor Scalabrini<\/em><\/p>\n<p><img loading=\"lazy\" decoding=\"async\" class=\"alignnone size-medium wp-image-24551\" src=\"https:\/\/uvbbrasil.com.br\/wp-content\/uploads\/2021\/12\/MURO-ESCOLA-300x104.jpg\" alt=\"\" width=\"300\" height=\"104\" srcset=\"https:\/\/uvbbrasil.com.br\/wp-content\/uploads\/2021\/12\/MURO-ESCOLA-300x104.jpg 300w, https:\/\/uvbbrasil.com.br\/wp-content\/uploads\/2021\/12\/MURO-ESCOLA-768x266.jpg 768w, https:\/\/uvbbrasil.com.br\/wp-content\/uploads\/2021\/12\/MURO-ESCOLA.jpg 1025w\" sizes=\"(max-width: 300px) 100vw, 300px\" \/><\/p>\n<p><em>Muro externo Escola\u00a0 \u00c9rico Ver\u00edssimo<\/em><\/p>\n<p><img loading=\"lazy\" decoding=\"async\" class=\"alignnone size-medium wp-image-24552\" src=\"https:\/\/uvbbrasil.com.br\/wp-content\/uploads\/2021\/12\/VIADUTO-ANTES-300x170.jpg\" alt=\"\" width=\"300\" height=\"170\" srcset=\"https:\/\/uvbbrasil.com.br\/wp-content\/uploads\/2021\/12\/VIADUTO-ANTES-300x170.jpg 300w, https:\/\/uvbbrasil.com.br\/wp-content\/uploads\/2021\/12\/VIADUTO-ANTES.jpg 591w\" sizes=\"(max-width: 300px) 100vw, 300px\" \/><\/p>\n<p><em>Viaduto Santo Ant\u00e3o\/antes<\/em><\/p>\n<p><img loading=\"lazy\" decoding=\"async\" class=\"alignnone size-medium wp-image-24553\" src=\"https:\/\/uvbbrasil.com.br\/wp-content\/uploads\/2021\/12\/VIADUTO-DEPOIS-300x170.jpg\" alt=\"\" width=\"300\" height=\"170\" srcset=\"https:\/\/uvbbrasil.com.br\/wp-content\/uploads\/2021\/12\/VIADUTO-DEPOIS-300x170.jpg 300w, https:\/\/uvbbrasil.com.br\/wp-content\/uploads\/2021\/12\/VIADUTO-DEPOIS.jpg 591w\" sizes=\"(max-width: 300px) 100vw, 300px\" \/><\/p>\n<p><em>Viaduto Santo Ant\u00e3o\/depois<\/em><\/p>\n<p><img loading=\"lazy\" decoding=\"async\" class=\"alignnone size-medium wp-image-24554\" src=\"https:\/\/uvbbrasil.com.br\/wp-content\/uploads\/2021\/12\/nucleo-1-300x176.jpg\" alt=\"\" width=\"300\" height=\"176\" srcset=\"https:\/\/uvbbrasil.com.br\/wp-content\/uploads\/2021\/12\/nucleo-1-300x176.jpg 300w, https:\/\/uvbbrasil.com.br\/wp-content\/uploads\/2021\/12\/nucleo-1.jpg 607w\" sizes=\"(max-width: 300px) 100vw, 300px\" \/><\/p>\n<p><em>Supera\u00e7\u00e3o\u201d N\u00facleo\u00a0de mulheres empreendedoras da ACI-E-Fundado em novembro de 2017<\/em><\/p>\n<p><img loading=\"lazy\" decoding=\"async\" class=\"alignnone size-medium wp-image-24555\" src=\"https:\/\/uvbbrasil.com.br\/wp-content\/uploads\/2021\/12\/NUCLEO-JOVENS-300x176.jpg\" alt=\"\" width=\"300\" height=\"176\" srcset=\"https:\/\/uvbbrasil.com.br\/wp-content\/uploads\/2021\/12\/NUCLEO-JOVENS-300x176.jpg 300w, https:\/\/uvbbrasil.com.br\/wp-content\/uploads\/2021\/12\/NUCLEO-JOVENS.jpg 607w\" sizes=\"(max-width: 300px) 100vw, 300px\" \/><\/p>\n<p><em>Associa\u00e7\u00e3o de Jovens Empreendedores do Vale (AJEV) <\/em><br \/>\n<em>da ACI-E- Associa\u00e7\u00e3o de Jovens Empreendedores do Vale (AJEV)<br \/>\nda ACI-E<\/em><\/p>\n<p><img loading=\"lazy\" decoding=\"async\" class=\"alignnone size-medium wp-image-24556\" src=\"https:\/\/uvbbrasil.com.br\/wp-content\/uploads\/2021\/12\/NUCLEO-SAUDE-300x143.jpg\" alt=\"\" width=\"300\" height=\"143\" srcset=\"https:\/\/uvbbrasil.com.br\/wp-content\/uploads\/2021\/12\/NUCLEO-SAUDE-300x143.jpg 300w, https:\/\/uvbbrasil.com.br\/wp-content\/uploads\/2021\/12\/NUCLEO-SAUDE.jpg 599w\" sizes=\"(max-width: 300px) 100vw, 300px\" \/><\/p>\n<p><em>Sa\u00fade do vale\u201d n\u00facleo de <\/em><br \/>\n<em>Sa\u00fade e Seguran\u00e7a do Trabalho<\/em><br \/>\n<em>\u00a0da ACI-E- (Fundado em agosto de 2018)<\/em><\/p>\n<p><img loading=\"lazy\" decoding=\"async\" class=\"alignnone size-medium wp-image-24558\" src=\"https:\/\/uvbbrasil.com.br\/wp-content\/uploads\/2021\/12\/amigos-de-cristo-300x156.jpg\" alt=\"\" width=\"300\" height=\"156\" srcset=\"https:\/\/uvbbrasil.com.br\/wp-content\/uploads\/2021\/12\/amigos-de-cristo-300x156.jpg 300w, https:\/\/uvbbrasil.com.br\/wp-content\/uploads\/2021\/12\/amigos-de-cristo.jpg 695w\" sizes=\"(max-width: 300px) 100vw, 300px\" \/><\/p>\n<p><em>Associa\u00e7\u00e3o Amigos de Cristo de Encantado- <\/em><em>Liderada pelo prefeito de Encantado Adroaldo Conzatti <\/em><br \/>\n<em>(in memorian) fundada em<\/em>19 de mar\u00e7o de 2019<\/p>\n<p>&nbsp;<\/p>\n<p><em><img loading=\"lazy\" decoding=\"async\" class=\"alignnone size-medium wp-image-24559\" src=\"https:\/\/uvbbrasil.com.br\/wp-content\/uploads\/2021\/12\/NUCLEO-DE-EVENTOS-300x238.jpg\" alt=\"\" width=\"300\" height=\"238\" srcset=\"https:\/\/uvbbrasil.com.br\/wp-content\/uploads\/2021\/12\/NUCLEO-DE-EVENTOS-300x238.jpg 300w, https:\/\/uvbbrasil.com.br\/wp-content\/uploads\/2021\/12\/NUCLEO-DE-EVENTOS.jpg 406w\" sizes=\"(max-width: 300px) 100vw, 300px\" \/><\/em><\/p>\n<p><em>N\u00facleo de Atra\u00e7\u00f5es, eventos e Neg\u00f3cios para o Turismo<\/em><br \/>\n<em>\u00a0da \u00a0ACI-E-( Fundado em maio de 2021)<\/em><\/p>\n<p><img loading=\"lazy\" decoding=\"async\" class=\"alignnone size-medium wp-image-24560\" src=\"https:\/\/uvbbrasil.com.br\/wp-content\/uploads\/2021\/12\/gstronomia-225x300.jpg\" alt=\"\" width=\"225\" height=\"300\" srcset=\"https:\/\/uvbbrasil.com.br\/wp-content\/uploads\/2021\/12\/gstronomia-225x300.jpg 225w, https:\/\/uvbbrasil.com.br\/wp-content\/uploads\/2021\/12\/gstronomia.jpg 335w\" sizes=\"(max-width: 225px) 100vw, 225px\" \/><\/p>\n<p><em>N\u00facleo de Gastronomia e Hotelaria\u00a0<\/em><br \/>\n<em>da ACI-E-(Fundado em maio de 2021)<\/em><\/p>\n<p>&nbsp;<\/p>\n<p><img loading=\"lazy\" decoding=\"async\" class=\"alignnone size-medium wp-image-24563\" src=\"https:\/\/uvbbrasil.com.br\/wp-content\/uploads\/2021\/12\/WhatsApp-Image-2021-12-12-at-02.45.17-300x200.jpeg\" alt=\"\" width=\"300\" height=\"200\" srcset=\"https:\/\/uvbbrasil.com.br\/wp-content\/uploads\/2021\/12\/WhatsApp-Image-2021-12-12-at-02.45.17-300x200.jpeg 300w, https:\/\/uvbbrasil.com.br\/wp-content\/uploads\/2021\/12\/WhatsApp-Image-2021-12-12-at-02.45.17-1024x682.jpeg 1024w, https:\/\/uvbbrasil.com.br\/wp-content\/uploads\/2021\/12\/WhatsApp-Image-2021-12-12-at-02.45.17-768x512.jpeg 768w, https:\/\/uvbbrasil.com.br\/wp-content\/uploads\/2021\/12\/WhatsApp-Image-2021-12-12-at-02.45.17.jpeg 1280w\" sizes=\"(max-width: 300px) 100vw, 300px\" \/><img loading=\"lazy\" decoding=\"async\" class=\"alignnone size-medium wp-image-24564\" src=\"https:\/\/uvbbrasil.com.br\/wp-content\/uploads\/2021\/12\/WhatsApp-Image-2021-12-12-at-02.45.18-300x200.jpeg\" alt=\"\" width=\"300\" height=\"200\" srcset=\"https:\/\/uvbbrasil.com.br\/wp-content\/uploads\/2021\/12\/WhatsApp-Image-2021-12-12-at-02.45.18-300x200.jpeg 300w, https:\/\/uvbbrasil.com.br\/wp-content\/uploads\/2021\/12\/WhatsApp-Image-2021-12-12-at-02.45.18-1024x682.jpeg 1024w, https:\/\/uvbbrasil.com.br\/wp-content\/uploads\/2021\/12\/WhatsApp-Image-2021-12-12-at-02.45.18-768x512.jpeg 768w, https:\/\/uvbbrasil.com.br\/wp-content\/uploads\/2021\/12\/WhatsApp-Image-2021-12-12-at-02.45.18.jpeg 1280w\" sizes=\"(max-width: 300px) 100vw, 300px\" \/><img loading=\"lazy\" decoding=\"async\" class=\"alignnone size-medium wp-image-24565\" src=\"https:\/\/uvbbrasil.com.br\/wp-content\/uploads\/2021\/12\/WhatsApp-Image-2021-12-12-at-02.45.18-1-300x200.jpeg\" alt=\"\" width=\"300\" height=\"200\" srcset=\"https:\/\/uvbbrasil.com.br\/wp-content\/uploads\/2021\/12\/WhatsApp-Image-2021-12-12-at-02.45.18-1-300x200.jpeg 300w, https:\/\/uvbbrasil.com.br\/wp-content\/uploads\/2021\/12\/WhatsApp-Image-2021-12-12-at-02.45.18-1-1024x682.jpeg 1024w, https:\/\/uvbbrasil.com.br\/wp-content\/uploads\/2021\/12\/WhatsApp-Image-2021-12-12-at-02.45.18-1-768x512.jpeg 768w, https:\/\/uvbbrasil.com.br\/wp-content\/uploads\/2021\/12\/WhatsApp-Image-2021-12-12-at-02.45.18-1.jpeg 1280w\" sizes=\"(max-width: 300px) 100vw, 300px\" \/><img loading=\"lazy\" decoding=\"async\" class=\"alignnone size-medium wp-image-24566\" src=\"https:\/\/uvbbrasil.com.br\/wp-content\/uploads\/2021\/12\/WhatsApp-Image-2021-12-12-at-02.45.17-1-300x200.jpeg\" alt=\"\" width=\"300\" height=\"200\" srcset=\"https:\/\/uvbbrasil.com.br\/wp-content\/uploads\/2021\/12\/WhatsApp-Image-2021-12-12-at-02.45.17-1-300x200.jpeg 300w, https:\/\/uvbbrasil.com.br\/wp-content\/uploads\/2021\/12\/WhatsApp-Image-2021-12-12-at-02.45.17-1-1024x682.jpeg 1024w, https:\/\/uvbbrasil.com.br\/wp-content\/uploads\/2021\/12\/WhatsApp-Image-2021-12-12-at-02.45.17-1-768x512.jpeg 768w, https:\/\/uvbbrasil.com.br\/wp-content\/uploads\/2021\/12\/WhatsApp-Image-2021-12-12-at-02.45.17-1.jpeg 1280w\" sizes=\"(max-width: 300px) 100vw, 300px\" \/><img loading=\"lazy\" decoding=\"async\" class=\"alignnone size-medium wp-image-24562\" src=\"https:\/\/uvbbrasil.com.br\/wp-content\/uploads\/2021\/12\/d069e3b9-b8da-410d-98de-d302c3cff798-1-300x200.jpg\" alt=\"\" width=\"300\" height=\"200\" srcset=\"https:\/\/uvbbrasil.com.br\/wp-content\/uploads\/2021\/12\/d069e3b9-b8da-410d-98de-d302c3cff798-1-300x200.jpg 300w, https:\/\/uvbbrasil.com.br\/wp-content\/uploads\/2021\/12\/d069e3b9-b8da-410d-98de-d302c3cff798-1-1024x682.jpg 1024w, https:\/\/uvbbrasil.com.br\/wp-content\/uploads\/2021\/12\/d069e3b9-b8da-410d-98de-d302c3cff798-1-768x512.jpg 768w, https:\/\/uvbbrasil.com.br\/wp-content\/uploads\/2021\/12\/d069e3b9-b8da-410d-98de-d302c3cff798-1.jpg 1280w\" sizes=\"(max-width: 300px) 100vw, 300px\" \/><\/p>\n","protected":false},"excerpt":{"rendered":"<p>Com \u00eanfase em pr\u00e1ticas colaborativas, cases de sucesso e a colabora\u00e7\u00e3o de cidad\u00e3os protagonistas para a transforma\u00e7\u00e3o cont\u00ednua da cidade,&#8230;<\/p>\n","protected":false},"author":1,"featured_media":24566,"comment_status":"open","ping_status":"open","sticky":false,"template":"","format":"standard","meta":{"footnotes":""},"categories":[3,4],"tags":[],"class_list":["post-24542","post","type-post","status-publish","format-standard","has-post-thumbnail","hentry","category-noticias","category-home"],"yoast_head":"<!-- This site is optimized with the Yoast SEO plugin v26.7 - https:\/\/yoast.com\/wordpress\/plugins\/seo\/ -->\n<title>Pr\u00e1ticas colaborativas e cases de sucesso no Semin\u00e1rio de Legislativos - UVB Brasil<\/title>\n<meta name=\"robots\" content=\"index, follow, max-snippet:-1, max-image-preview:large, max-video-preview:-1\" \/>\n<link rel=\"canonical\" href=\"https:\/\/uvbbrasil.com.br\/praticas-colaborativas-e-cases-de-sucesso-no-seminario-de-legislativos\/\" \/>\n<meta property=\"og:locale\" content=\"pt_BR\" \/>\n<meta property=\"og:type\" content=\"article\" \/>\n<meta property=\"og:title\" content=\"Pr\u00e1ticas colaborativas e cases de sucesso no Semin\u00e1rio de Legislativos - UVB Brasil\" \/>\n<meta property=\"og:description\" content=\"Com \u00eanfase em pr\u00e1ticas colaborativas, cases de sucesso e a colabora\u00e7\u00e3o de cidad\u00e3os protagonistas para a transforma\u00e7\u00e3o cont\u00ednua da cidade,...\" \/>\n<meta property=\"og:url\" content=\"https:\/\/uvbbrasil.com.br\/praticas-colaborativas-e-cases-de-sucesso-no-seminario-de-legislativos\/\" \/>\n<meta property=\"og:site_name\" content=\"UVB Brasil\" \/>\n<meta property=\"article:publisher\" content=\"https:\/\/www.facebook.com\/uvb.vereadoresbrasil\" \/>\n<meta property=\"article:published_time\" content=\"2021-12-13T16:50:02+00:00\" \/>\n<meta property=\"og:image\" content=\"https:\/\/uvbbrasil.com.br\/wp-content\/uploads\/2021\/12\/WhatsApp-Image-2021-12-12-at-02.45.17-1.jpeg\" \/>\n\t<meta property=\"og:image:width\" content=\"1280\" \/>\n\t<meta property=\"og:image:height\" content=\"853\" \/>\n\t<meta property=\"og:image:type\" content=\"image\/jpeg\" \/>\n<meta name=\"author\" content=\"adminuvb\" \/>\n<meta name=\"twitter:card\" content=\"summary_large_image\" \/>\n<meta name=\"twitter:label1\" content=\"Escrito por\" \/>\n\t<meta name=\"twitter:data1\" content=\"adminuvb\" \/>\n\t<meta name=\"twitter:label2\" content=\"Est. tempo de leitura\" \/>\n\t<meta name=\"twitter:data2\" content=\"7 minutos\" \/>\n<script type=\"application\/ld+json\" class=\"yoast-schema-graph\">{\"@context\":\"https:\/\/schema.org\",\"@graph\":[{\"@type\":\"Article\",\"@id\":\"https:\/\/uvbbrasil.com.br\/praticas-colaborativas-e-cases-de-sucesso-no-seminario-de-legislativos\/#article\",\"isPartOf\":{\"@id\":\"https:\/\/uvbbrasil.com.br\/praticas-colaborativas-e-cases-de-sucesso-no-seminario-de-legislativos\/\"},\"author\":{\"name\":\"adminuvb\",\"@id\":\"https:\/\/uvbbrasil.com.br\/#\/schema\/person\/17990098446c098f52effddff4f1b272\"},\"headline\":\"Pr\u00e1ticas colaborativas e cases de sucesso no Semin\u00e1rio de Legislativos\",\"datePublished\":\"2021-12-13T16:50:02+00:00\",\"mainEntityOfPage\":{\"@id\":\"https:\/\/uvbbrasil.com.br\/praticas-colaborativas-e-cases-de-sucesso-no-seminario-de-legislativos\/\"},\"wordCount\":576,\"commentCount\":0,\"publisher\":{\"@id\":\"https:\/\/uvbbrasil.com.br\/#organization\"},\"image\":{\"@id\":\"https:\/\/uvbbrasil.com.br\/praticas-colaborativas-e-cases-de-sucesso-no-seminario-de-legislativos\/#primaryimage\"},\"thumbnailUrl\":\"https:\/\/uvbbrasil.com.br\/wp-content\/uploads\/2021\/12\/WhatsApp-Image-2021-12-12-at-02.45.17-1.jpeg\",\"articleSection\":[\"NOT\u00cdCIAS\",\"UVB\"],\"inLanguage\":\"pt-BR\",\"potentialAction\":[{\"@type\":\"CommentAction\",\"name\":\"Comment\",\"target\":[\"https:\/\/uvbbrasil.com.br\/praticas-colaborativas-e-cases-de-sucesso-no-seminario-de-legislativos\/#respond\"]}]},{\"@type\":\"WebPage\",\"@id\":\"https:\/\/uvbbrasil.com.br\/praticas-colaborativas-e-cases-de-sucesso-no-seminario-de-legislativos\/\",\"url\":\"https:\/\/uvbbrasil.com.br\/praticas-colaborativas-e-cases-de-sucesso-no-seminario-de-legislativos\/\",\"name\":\"Pr\u00e1ticas colaborativas e cases de sucesso no Semin\u00e1rio de Legislativos - UVB Brasil\",\"isPartOf\":{\"@id\":\"https:\/\/uvbbrasil.com.br\/#website\"},\"primaryImageOfPage\":{\"@id\":\"https:\/\/uvbbrasil.com.br\/praticas-colaborativas-e-cases-de-sucesso-no-seminario-de-legislativos\/#primaryimage\"},\"image\":{\"@id\":\"https:\/\/uvbbrasil.com.br\/praticas-colaborativas-e-cases-de-sucesso-no-seminario-de-legislativos\/#primaryimage\"},\"thumbnailUrl\":\"https:\/\/uvbbrasil.com.br\/wp-content\/uploads\/2021\/12\/WhatsApp-Image-2021-12-12-at-02.45.17-1.jpeg\",\"datePublished\":\"2021-12-13T16:50:02+00:00\",\"breadcrumb\":{\"@id\":\"https:\/\/uvbbrasil.com.br\/praticas-colaborativas-e-cases-de-sucesso-no-seminario-de-legislativos\/#breadcrumb\"},\"inLanguage\":\"pt-BR\",\"potentialAction\":[{\"@type\":\"ReadAction\",\"target\":[\"https:\/\/uvbbrasil.com.br\/praticas-colaborativas-e-cases-de-sucesso-no-seminario-de-legislativos\/\"]}]},{\"@type\":\"ImageObject\",\"inLanguage\":\"pt-BR\",\"@id\":\"https:\/\/uvbbrasil.com.br\/praticas-colaborativas-e-cases-de-sucesso-no-seminario-de-legislativos\/#primaryimage\",\"url\":\"https:\/\/uvbbrasil.com.br\/wp-content\/uploads\/2021\/12\/WhatsApp-Image-2021-12-12-at-02.45.17-1.jpeg\",\"contentUrl\":\"https:\/\/uvbbrasil.com.br\/wp-content\/uploads\/2021\/12\/WhatsApp-Image-2021-12-12-at-02.45.17-1.jpeg\",\"width\":1280,\"height\":853},{\"@type\":\"BreadcrumbList\",\"@id\":\"https:\/\/uvbbrasil.com.br\/praticas-colaborativas-e-cases-de-sucesso-no-seminario-de-legislativos\/#breadcrumb\",\"itemListElement\":[{\"@type\":\"ListItem\",\"position\":1,\"name\":\"In\u00edcio\",\"item\":\"https:\/\/uvbbrasil.com.br\/\"},{\"@type\":\"ListItem\",\"position\":2,\"name\":\"Pr\u00e1ticas colaborativas e cases de sucesso no Semin\u00e1rio de Legislativos\"}]},{\"@type\":\"WebSite\",\"@id\":\"https:\/\/uvbbrasil.com.br\/#website\",\"url\":\"https:\/\/uvbbrasil.com.br\/\",\"name\":\"UVB Brasil\",\"description\":\"Uni\u00e3o dos Vereadores do Brasil\",\"publisher\":{\"@id\":\"https:\/\/uvbbrasil.com.br\/#organization\"},\"potentialAction\":[{\"@type\":\"SearchAction\",\"target\":{\"@type\":\"EntryPoint\",\"urlTemplate\":\"https:\/\/uvbbrasil.com.br\/?s={search_term_string}\"},\"query-input\":{\"@type\":\"PropertyValueSpecification\",\"valueRequired\":true,\"valueName\":\"search_term_string\"}}],\"inLanguage\":\"pt-BR\"},{\"@type\":\"Organization\",\"@id\":\"https:\/\/uvbbrasil.com.br\/#organization\",\"name\":\"UVB Brasil\",\"url\":\"https:\/\/uvbbrasil.com.br\/\",\"logo\":{\"@type\":\"ImageObject\",\"inLanguage\":\"pt-BR\",\"@id\":\"https:\/\/uvbbrasil.com.br\/#\/schema\/logo\/image\/\",\"url\":\"https:\/\/uvbbrasil.com.br\/wp-content\/uploads\/2025\/01\/LOGO-UVB-2024-azul-1.jpg\",\"contentUrl\":\"https:\/\/uvbbrasil.com.br\/wp-content\/uploads\/2025\/01\/LOGO-UVB-2024-azul-1.jpg\",\"width\":600,\"height\":211,\"caption\":\"UVB Brasil\"},\"image\":{\"@id\":\"https:\/\/uvbbrasil.com.br\/#\/schema\/logo\/image\/\"},\"sameAs\":[\"https:\/\/www.facebook.com\/uvb.vereadoresbrasil\",\"https:\/\/www.instagram.com\/uvbbrasil\/\",\"https:\/\/www.youtube.com\/channel\/UCIlPQ8Xzw5GHNzosQIg9S5A\"]},{\"@type\":\"Person\",\"@id\":\"https:\/\/uvbbrasil.com.br\/#\/schema\/person\/17990098446c098f52effddff4f1b272\",\"name\":\"adminuvb\",\"image\":{\"@type\":\"ImageObject\",\"inLanguage\":\"pt-BR\",\"@id\":\"https:\/\/uvbbrasil.com.br\/#\/schema\/person\/image\/\",\"url\":\"https:\/\/secure.gravatar.com\/avatar\/1a494ea6f8e2dd1ae526e55b0e9497efdba542491e0620d704cccf63c6f77c45?s=96&d=mm&r=g\",\"contentUrl\":\"https:\/\/secure.gravatar.com\/avatar\/1a494ea6f8e2dd1ae526e55b0e9497efdba542491e0620d704cccf63c6f77c45?s=96&d=mm&r=g\",\"caption\":\"adminuvb\"},\"sameAs\":[\"https:\/\/uvbbrasil.com.br\"],\"url\":\"https:\/\/uvbbrasil.com.br\/author\/adminuvb\/\"}]}<\/script>\n<!-- \/ Yoast SEO plugin. -->","yoast_head_json":{"title":"Pr\u00e1ticas colaborativas e cases de sucesso no Semin\u00e1rio de Legislativos - UVB Brasil","robots":{"index":"index","follow":"follow","max-snippet":"max-snippet:-1","max-image-preview":"max-image-preview:large","max-video-preview":"max-video-preview:-1"},"canonical":"https:\/\/uvbbrasil.com.br\/praticas-colaborativas-e-cases-de-sucesso-no-seminario-de-legislativos\/","og_locale":"pt_BR","og_type":"article","og_title":"Pr\u00e1ticas colaborativas e cases de sucesso no Semin\u00e1rio de Legislativos - UVB Brasil","og_description":"Com \u00eanfase em pr\u00e1ticas colaborativas, cases de sucesso e a colabora\u00e7\u00e3o de cidad\u00e3os protagonistas para a transforma\u00e7\u00e3o cont\u00ednua da cidade,...","og_url":"https:\/\/uvbbrasil.com.br\/praticas-colaborativas-e-cases-de-sucesso-no-seminario-de-legislativos\/","og_site_name":"UVB Brasil","article_publisher":"https:\/\/www.facebook.com\/uvb.vereadoresbrasil","article_published_time":"2021-12-13T16:50:02+00:00","og_image":[{"width":1280,"height":853,"url":"https:\/\/uvbbrasil.com.br\/wp-content\/uploads\/2021\/12\/WhatsApp-Image-2021-12-12-at-02.45.17-1.jpeg","type":"image\/jpeg"}],"author":"adminuvb","twitter_card":"summary_large_image","twitter_misc":{"Escrito por":"adminuvb","Est. tempo de leitura":"7 minutos"},"schema":{"@context":"https:\/\/schema.org","@graph":[{"@type":"Article","@id":"https:\/\/uvbbrasil.com.br\/praticas-colaborativas-e-cases-de-sucesso-no-seminario-de-legislativos\/#article","isPartOf":{"@id":"https:\/\/uvbbrasil.com.br\/praticas-colaborativas-e-cases-de-sucesso-no-seminario-de-legislativos\/"},"author":{"name":"adminuvb","@id":"https:\/\/uvbbrasil.com.br\/#\/schema\/person\/17990098446c098f52effddff4f1b272"},"headline":"Pr\u00e1ticas colaborativas e cases de sucesso no Semin\u00e1rio de Legislativos","datePublished":"2021-12-13T16:50:02+00:00","mainEntityOfPage":{"@id":"https:\/\/uvbbrasil.com.br\/praticas-colaborativas-e-cases-de-sucesso-no-seminario-de-legislativos\/"},"wordCount":576,"commentCount":0,"publisher":{"@id":"https:\/\/uvbbrasil.com.br\/#organization"},"image":{"@id":"https:\/\/uvbbrasil.com.br\/praticas-colaborativas-e-cases-de-sucesso-no-seminario-de-legislativos\/#primaryimage"},"thumbnailUrl":"https:\/\/uvbbrasil.com.br\/wp-content\/uploads\/2021\/12\/WhatsApp-Image-2021-12-12-at-02.45.17-1.jpeg","articleSection":["NOT\u00cdCIAS","UVB"],"inLanguage":"pt-BR","potentialAction":[{"@type":"CommentAction","name":"Comment","target":["https:\/\/uvbbrasil.com.br\/praticas-colaborativas-e-cases-de-sucesso-no-seminario-de-legislativos\/#respond"]}]},{"@type":"WebPage","@id":"https:\/\/uvbbrasil.com.br\/praticas-colaborativas-e-cases-de-sucesso-no-seminario-de-legislativos\/","url":"https:\/\/uvbbrasil.com.br\/praticas-colaborativas-e-cases-de-sucesso-no-seminario-de-legislativos\/","name":"Pr\u00e1ticas colaborativas e cases de sucesso no Semin\u00e1rio de Legislativos - UVB Brasil","isPartOf":{"@id":"https:\/\/uvbbrasil.com.br\/#website"},"primaryImageOfPage":{"@id":"https:\/\/uvbbrasil.com.br\/praticas-colaborativas-e-cases-de-sucesso-no-seminario-de-legislativos\/#primaryimage"},"image":{"@id":"https:\/\/uvbbrasil.com.br\/praticas-colaborativas-e-cases-de-sucesso-no-seminario-de-legislativos\/#primaryimage"},"thumbnailUrl":"https:\/\/uvbbrasil.com.br\/wp-content\/uploads\/2021\/12\/WhatsApp-Image-2021-12-12-at-02.45.17-1.jpeg","datePublished":"2021-12-13T16:50:02+00:00","breadcrumb":{"@id":"https:\/\/uvbbrasil.com.br\/praticas-colaborativas-e-cases-de-sucesso-no-seminario-de-legislativos\/#breadcrumb"},"inLanguage":"pt-BR","potentialAction":[{"@type":"ReadAction","target":["https:\/\/uvbbrasil.com.br\/praticas-colaborativas-e-cases-de-sucesso-no-seminario-de-legislativos\/"]}]},{"@type":"ImageObject","inLanguage":"pt-BR","@id":"https:\/\/uvbbrasil.com.br\/praticas-colaborativas-e-cases-de-sucesso-no-seminario-de-legislativos\/#primaryimage","url":"https:\/\/uvbbrasil.com.br\/wp-content\/uploads\/2021\/12\/WhatsApp-Image-2021-12-12-at-02.45.17-1.jpeg","contentUrl":"https:\/\/uvbbrasil.com.br\/wp-content\/uploads\/2021\/12\/WhatsApp-Image-2021-12-12-at-02.45.17-1.jpeg","width":1280,"height":853},{"@type":"BreadcrumbList","@id":"https:\/\/uvbbrasil.com.br\/praticas-colaborativas-e-cases-de-sucesso-no-seminario-de-legislativos\/#breadcrumb","itemListElement":[{"@type":"ListItem","position":1,"name":"In\u00edcio","item":"https:\/\/uvbbrasil.com.br\/"},{"@type":"ListItem","position":2,"name":"Pr\u00e1ticas colaborativas e cases de sucesso no Semin\u00e1rio de Legislativos"}]},{"@type":"WebSite","@id":"https:\/\/uvbbrasil.com.br\/#website","url":"https:\/\/uvbbrasil.com.br\/","name":"UVB Brasil","description":"Uni\u00e3o dos Vereadores do Brasil","publisher":{"@id":"https:\/\/uvbbrasil.com.br\/#organization"},"potentialAction":[{"@type":"SearchAction","target":{"@type":"EntryPoint","urlTemplate":"https:\/\/uvbbrasil.com.br\/?s={search_term_string}"},"query-input":{"@type":"PropertyValueSpecification","valueRequired":true,"valueName":"search_term_string"}}],"inLanguage":"pt-BR"},{"@type":"Organization","@id":"https:\/\/uvbbrasil.com.br\/#organization","name":"UVB Brasil","url":"https:\/\/uvbbrasil.com.br\/","logo":{"@type":"ImageObject","inLanguage":"pt-BR","@id":"https:\/\/uvbbrasil.com.br\/#\/schema\/logo\/image\/","url":"https:\/\/uvbbrasil.com.br\/wp-content\/uploads\/2025\/01\/LOGO-UVB-2024-azul-1.jpg","contentUrl":"https:\/\/uvbbrasil.com.br\/wp-content\/uploads\/2025\/01\/LOGO-UVB-2024-azul-1.jpg","width":600,"height":211,"caption":"UVB Brasil"},"image":{"@id":"https:\/\/uvbbrasil.com.br\/#\/schema\/logo\/image\/"},"sameAs":["https:\/\/www.facebook.com\/uvb.vereadoresbrasil","https:\/\/www.instagram.com\/uvbbrasil\/","https:\/\/www.youtube.com\/channel\/UCIlPQ8Xzw5GHNzosQIg9S5A"]},{"@type":"Person","@id":"https:\/\/uvbbrasil.com.br\/#\/schema\/person\/17990098446c098f52effddff4f1b272","name":"adminuvb","image":{"@type":"ImageObject","inLanguage":"pt-BR","@id":"https:\/\/uvbbrasil.com.br\/#\/schema\/person\/image\/","url":"https:\/\/secure.gravatar.com\/avatar\/1a494ea6f8e2dd1ae526e55b0e9497efdba542491e0620d704cccf63c6f77c45?s=96&d=mm&r=g","contentUrl":"https:\/\/secure.gravatar.com\/avatar\/1a494ea6f8e2dd1ae526e55b0e9497efdba542491e0620d704cccf63c6f77c45?s=96&d=mm&r=g","caption":"adminuvb"},"sameAs":["https:\/\/uvbbrasil.com.br"],"url":"https:\/\/uvbbrasil.com.br\/author\/adminuvb\/"}]}},"_links":{"self":[{"href":"https:\/\/uvbbrasil.com.br\/uvb-json\/wp\/v2\/posts\/24542","targetHints":{"allow":["GET"]}}],"collection":[{"href":"https:\/\/uvbbrasil.com.br\/uvb-json\/wp\/v2\/posts"}],"about":[{"href":"https:\/\/uvbbrasil.com.br\/uvb-json\/wp\/v2\/types\/post"}],"author":[{"embeddable":true,"href":"https:\/\/uvbbrasil.com.br\/uvb-json\/wp\/v2\/users\/1"}],"replies":[{"embeddable":true,"href":"https:\/\/uvbbrasil.com.br\/uvb-json\/wp\/v2\/comments?post=24542"}],"version-history":[{"count":0,"href":"https:\/\/uvbbrasil.com.br\/uvb-json\/wp\/v2\/posts\/24542\/revisions"}],"wp:featuredmedia":[{"embeddable":true,"href":"https:\/\/uvbbrasil.com.br\/uvb-json\/wp\/v2\/media\/24566"}],"wp:attachment":[{"href":"https:\/\/uvbbrasil.com.br\/uvb-json\/wp\/v2\/media?parent=24542"}],"wp:term":[{"taxonomy":"category","embeddable":true,"href":"https:\/\/uvbbrasil.com.br\/uvb-json\/wp\/v2\/categories?post=24542"},{"taxonomy":"post_tag","embeddable":true,"href":"https:\/\/uvbbrasil.com.br\/uvb-json\/wp\/v2\/tags?post=24542"}],"curies":[{"name":"wp","href":"https:\/\/api.w.org\/{rel}","templated":true}]}}