{"id":24534,"date":"2021-12-13T09:46:03","date_gmt":"2021-12-13T12:46:03","guid":{"rendered":"https:\/\/wpsandbox4.pante.com.br\/?p=24534"},"modified":"2021-12-13T09:46:03","modified_gmt":"2021-12-13T12:46:03","slug":"como-inovar-na-gestao-publica","status":"publish","type":"post","link":"https:\/\/uvbbrasil.com.br\/como-inovar-na-gestao-publica\/","title":{"rendered":"Como inovar na gest\u00e3o p\u00fablica"},"content":{"rendered":"<p>O prefeito de Santa Clara do Sul\/RS, Paulo Cezar Kohlraush, especialista em lideran\u00e7a, inova\u00e7\u00e3o e gest\u00e3o, com sua vasta experi\u00eancia no setor p\u00fablico, pois, possui mais de 20 anos de atua\u00e7\u00e3o e atual \u00a0presidente da Associa\u00e7\u00e3o dos Munic\u00edpios do Vale do Taquari\/AMVAT, em sua participa\u00e7\u00e3o no Semin\u00e1rio Nacional de Legislativos e Gest\u00f5es Municipais na cidade de Encantado explanou aos vereadores e vereadoras presentes sobre\u00a0 a inova\u00e7\u00e3o na gest\u00e3o p\u00fablica.<\/p>\n<p>Entre outras coisas, inovar significa fazer a gest\u00e3o do presente e do futuro atrav\u00e9s da mudan\u00e7a com o intuito de atingir melhores resultados. Mudar, por\u00e9m, sempre foi um grande desafio para o ser humano, principalmente no caso da administra\u00e7\u00e3o p\u00fablica, que envolve uma s\u00e9rie de interesses difusos, segmentados e que rapidamente se transformam em resist\u00eancias.<\/p>\n<p>A inova\u00e7\u00e3o surge de uma necessidade, seja de resolver um problema ou de melhorar um processo, um servi\u00e7o ou um produto. Dessa forma, ao mesmo tempo em que a burocracia \u00e9 um empecilho para uma gest\u00e3o p\u00fablica mais efetiva, ela acaba sendo o maior motivador da inova\u00e7\u00e3o, pois \u00e9 necess\u00e1rio muita criatividade e imagina\u00e7\u00e3o para se promover o desenvolvimento de cidades em nosso pa\u00eds, onde a falta de profissionalismo e de interesse coletivo s\u00e3o poderosas amarras que travam novas iniciativas e o progresso.<\/p>\n<p>De fato, a inova\u00e7\u00e3o \u00e9 uma das ferramentas necess\u00e1rias para transformar cidades comuns em cidades inteligentes, desde que voc\u00ea entenda uma cidade inteligente como aquela que proporciona servi\u00e7os de qualidade para os cidad\u00e3os, ao mesmo tempo que os estimula a se sentirem parte da constru\u00e7\u00e3o, donos e respons\u00e1veis pelo lugar em que escolheram viver.<\/p>\n<p>\u00c9 not\u00f3ria a import\u00e2ncia da inova\u00e7\u00e3o no setor p\u00fablico, seja na implementa\u00e7\u00e3o de melhorias em processos e servi\u00e7os ou na utiliza\u00e7\u00e3o de tecnologias, principalmente no sentido de proporcionar uma maior conex\u00e3o dos habitantes com as cidades onde vivem. Uso racional do solo, da \u00e1gua e da energia, mobilidade e acessibilidade s\u00e3o algumas das premissas b\u00e1sicas para promover um ambiente mais sadio e sustent\u00e1vel, tendo o cidad\u00e3o como elemento principal.<br \/>\nBons exemplos existem e muitos est\u00e3o sendo praticados em munic\u00edpios da nossa regi\u00e3o, principalmente naqueles que promovem inova\u00e7\u00e3o e ainda preservam a ess\u00eancia da vida em comunidade. Afinal de contas, cidades inteligentes s\u00e3o aquelas que conseguem servir de suporte para a evolu\u00e7\u00e3o e felicidade das pessoas, onde as novas tecnologias s\u00e3o apenas ferramentas para servir a sociedade, impulsionando o desenvolvimento econ\u00f4mico e melhorando a qualidade de vida de forma sustent\u00e1vel.<\/p>\n<p>A entrega do certificado de participa\u00e7\u00e3o ao Prefeito Paulo Cezar Kohlraush, foi realizada pelo Secretario Especial da Presid\u00eancia da Rep\u00fablica, Fl\u00e1vio Giussani e\u00a0 pela Secret\u00e1ria de Turismo de Encantado, Paola Silveira.<\/p>\n<p><img fetchpriority=\"high\" decoding=\"async\" class=\"alignnone size-medium wp-image-24537\" src=\"https:\/\/uvbbrasil.com.br\/wp-content\/uploads\/2021\/12\/WhatsApp-Image-2021-12-12-at-02.45.41-1-300x200.jpeg\" alt=\"\" width=\"300\" height=\"200\" srcset=\"https:\/\/uvbbrasil.com.br\/wp-content\/uploads\/2021\/12\/WhatsApp-Image-2021-12-12-at-02.45.41-1-300x200.jpeg 300w, https:\/\/uvbbrasil.com.br\/wp-content\/uploads\/2021\/12\/WhatsApp-Image-2021-12-12-at-02.45.41-1-1024x682.jpeg 1024w, https:\/\/uvbbrasil.com.br\/wp-content\/uploads\/2021\/12\/WhatsApp-Image-2021-12-12-at-02.45.41-1-768x512.jpeg 768w, https:\/\/uvbbrasil.com.br\/wp-content\/uploads\/2021\/12\/WhatsApp-Image-2021-12-12-at-02.45.41-1.jpeg 1280w\" sizes=\"(max-width: 300px) 100vw, 300px\" \/><img decoding=\"async\" class=\"alignnone size-medium wp-image-24535\" src=\"https:\/\/uvbbrasil.com.br\/wp-content\/uploads\/2021\/12\/WhatsApp-Image-2021-12-12-at-02.45.40-300x200.jpeg\" alt=\"\" width=\"300\" height=\"200\" srcset=\"https:\/\/uvbbrasil.com.br\/wp-content\/uploads\/2021\/12\/WhatsApp-Image-2021-12-12-at-02.45.40-300x200.jpeg 300w, https:\/\/uvbbrasil.com.br\/wp-content\/uploads\/2021\/12\/WhatsApp-Image-2021-12-12-at-02.45.40-1024x682.jpeg 1024w, https:\/\/uvbbrasil.com.br\/wp-content\/uploads\/2021\/12\/WhatsApp-Image-2021-12-12-at-02.45.40-768x512.jpeg 768w, https:\/\/uvbbrasil.com.br\/wp-content\/uploads\/2021\/12\/WhatsApp-Image-2021-12-12-at-02.45.40.jpeg 1280w\" sizes=\"(max-width: 300px) 100vw, 300px\" \/><\/p>\n<p><img decoding=\"async\" class=\"alignnone size-medium wp-image-24536\" src=\"https:\/\/uvbbrasil.com.br\/wp-content\/uploads\/2021\/12\/WhatsApp-Image-2021-12-12-at-02.45.41-300x200.jpeg\" alt=\"\" width=\"300\" height=\"200\" srcset=\"https:\/\/uvbbrasil.com.br\/wp-content\/uploads\/2021\/12\/WhatsApp-Image-2021-12-12-at-02.45.41-300x200.jpeg 300w, https:\/\/uvbbrasil.com.br\/wp-content\/uploads\/2021\/12\/WhatsApp-Image-2021-12-12-at-02.45.41-1024x682.jpeg 1024w, https:\/\/uvbbrasil.com.br\/wp-content\/uploads\/2021\/12\/WhatsApp-Image-2021-12-12-at-02.45.41-768x512.jpeg 768w, https:\/\/uvbbrasil.com.br\/wp-content\/uploads\/2021\/12\/WhatsApp-Image-2021-12-12-at-02.45.41.jpeg 1280w\" sizes=\"(max-width: 300px) 100vw, 300px\" \/><\/p>\n","protected":false},"excerpt":{"rendered":"<p>O prefeito de Santa Clara do Sul\/RS, Paulo Cezar Kohlraush, especialista em lideran\u00e7a, inova\u00e7\u00e3o e gest\u00e3o, com sua vasta experi\u00eancia&#8230;<\/p>\n","protected":false},"author":1,"featured_media":24536,"comment_status":"open","ping_status":"open","sticky":false,"template":"","format":"standard","meta":{"footnotes":""},"categories":[3,4],"tags":[],"class_list":["post-24534","post","type-post","status-publish","format-standard","has-post-thumbnail","hentry","category-noticias","category-home"],"yoast_head":"<!-- This site is optimized with the Yoast SEO plugin v26.7 - https:\/\/yoast.com\/wordpress\/plugins\/seo\/ -->\n<title>Como inovar na gest\u00e3o p\u00fablica - UVB Brasil<\/title>\n<meta name=\"robots\" content=\"index, follow, max-snippet:-1, max-image-preview:large, max-video-preview:-1\" \/>\n<link rel=\"canonical\" href=\"https:\/\/uvbbrasil.com.br\/como-inovar-na-gestao-publica\/\" \/>\n<meta property=\"og:locale\" content=\"pt_BR\" \/>\n<meta property=\"og:type\" content=\"article\" \/>\n<meta property=\"og:title\" content=\"Como inovar na gest\u00e3o p\u00fablica - UVB Brasil\" \/>\n<meta property=\"og:description\" content=\"O prefeito de Santa Clara do Sul\/RS, Paulo Cezar Kohlraush, especialista em lideran\u00e7a, inova\u00e7\u00e3o e gest\u00e3o, com sua vasta experi\u00eancia...\" \/>\n<meta property=\"og:url\" content=\"https:\/\/uvbbrasil.com.br\/como-inovar-na-gestao-publica\/\" \/>\n<meta property=\"og:site_name\" content=\"UVB Brasil\" \/>\n<meta property=\"article:publisher\" content=\"https:\/\/www.facebook.com\/uvb.vereadoresbrasil\" \/>\n<meta property=\"article:published_time\" content=\"2021-12-13T12:46:03+00:00\" \/>\n<meta property=\"og:image\" content=\"https:\/\/uvbbrasil.com.br\/wp-content\/uploads\/2021\/12\/WhatsApp-Image-2021-12-12-at-02.45.41.jpeg\" \/>\n\t<meta property=\"og:image:width\" content=\"1280\" \/>\n\t<meta property=\"og:image:height\" content=\"853\" \/>\n\t<meta property=\"og:image:type\" content=\"image\/jpeg\" \/>\n<meta name=\"author\" content=\"adminuvb\" \/>\n<meta name=\"twitter:card\" content=\"summary_large_image\" \/>\n<meta name=\"twitter:label1\" content=\"Escrito por\" \/>\n\t<meta name=\"twitter:data1\" content=\"adminuvb\" \/>\n\t<meta name=\"twitter:label2\" content=\"Est. tempo de leitura\" \/>\n\t<meta name=\"twitter:data2\" content=\"3 minutos\" \/>\n<script type=\"application\/ld+json\" class=\"yoast-schema-graph\">{\"@context\":\"https:\/\/schema.org\",\"@graph\":[{\"@type\":\"Article\",\"@id\":\"https:\/\/uvbbrasil.com.br\/como-inovar-na-gestao-publica\/#article\",\"isPartOf\":{\"@id\":\"https:\/\/uvbbrasil.com.br\/como-inovar-na-gestao-publica\/\"},\"author\":{\"name\":\"adminuvb\",\"@id\":\"https:\/\/uvbbrasil.com.br\/#\/schema\/person\/17990098446c098f52effddff4f1b272\"},\"headline\":\"Como inovar na gest\u00e3o p\u00fablica\",\"datePublished\":\"2021-12-13T12:46:03+00:00\",\"mainEntityOfPage\":{\"@id\":\"https:\/\/uvbbrasil.com.br\/como-inovar-na-gestao-publica\/\"},\"wordCount\":499,\"commentCount\":0,\"publisher\":{\"@id\":\"https:\/\/uvbbrasil.com.br\/#organization\"},\"image\":{\"@id\":\"https:\/\/uvbbrasil.com.br\/como-inovar-na-gestao-publica\/#primaryimage\"},\"thumbnailUrl\":\"https:\/\/uvbbrasil.com.br\/wp-content\/uploads\/2021\/12\/WhatsApp-Image-2021-12-12-at-02.45.41.jpeg\",\"articleSection\":[\"NOT\u00cdCIAS\",\"UVB\"],\"inLanguage\":\"pt-BR\",\"potentialAction\":[{\"@type\":\"CommentAction\",\"name\":\"Comment\",\"target\":[\"https:\/\/uvbbrasil.com.br\/como-inovar-na-gestao-publica\/#respond\"]}]},{\"@type\":\"WebPage\",\"@id\":\"https:\/\/uvbbrasil.com.br\/como-inovar-na-gestao-publica\/\",\"url\":\"https:\/\/uvbbrasil.com.br\/como-inovar-na-gestao-publica\/\",\"name\":\"Como inovar na gest\u00e3o p\u00fablica - UVB Brasil\",\"isPartOf\":{\"@id\":\"https:\/\/uvbbrasil.com.br\/#website\"},\"primaryImageOfPage\":{\"@id\":\"https:\/\/uvbbrasil.com.br\/como-inovar-na-gestao-publica\/#primaryimage\"},\"image\":{\"@id\":\"https:\/\/uvbbrasil.com.br\/como-inovar-na-gestao-publica\/#primaryimage\"},\"thumbnailUrl\":\"https:\/\/uvbbrasil.com.br\/wp-content\/uploads\/2021\/12\/WhatsApp-Image-2021-12-12-at-02.45.41.jpeg\",\"datePublished\":\"2021-12-13T12:46:03+00:00\",\"breadcrumb\":{\"@id\":\"https:\/\/uvbbrasil.com.br\/como-inovar-na-gestao-publica\/#breadcrumb\"},\"inLanguage\":\"pt-BR\",\"potentialAction\":[{\"@type\":\"ReadAction\",\"target\":[\"https:\/\/uvbbrasil.com.br\/como-inovar-na-gestao-publica\/\"]}]},{\"@type\":\"ImageObject\",\"inLanguage\":\"pt-BR\",\"@id\":\"https:\/\/uvbbrasil.com.br\/como-inovar-na-gestao-publica\/#primaryimage\",\"url\":\"https:\/\/uvbbrasil.com.br\/wp-content\/uploads\/2021\/12\/WhatsApp-Image-2021-12-12-at-02.45.41.jpeg\",\"contentUrl\":\"https:\/\/uvbbrasil.com.br\/wp-content\/uploads\/2021\/12\/WhatsApp-Image-2021-12-12-at-02.45.41.jpeg\",\"width\":1280,\"height\":853},{\"@type\":\"BreadcrumbList\",\"@id\":\"https:\/\/uvbbrasil.com.br\/como-inovar-na-gestao-publica\/#breadcrumb\",\"itemListElement\":[{\"@type\":\"ListItem\",\"position\":1,\"name\":\"In\u00edcio\",\"item\":\"https:\/\/uvbbrasil.com.br\/\"},{\"@type\":\"ListItem\",\"position\":2,\"name\":\"Como inovar na gest\u00e3o p\u00fablica\"}]},{\"@type\":\"WebSite\",\"@id\":\"https:\/\/uvbbrasil.com.br\/#website\",\"url\":\"https:\/\/uvbbrasil.com.br\/\",\"name\":\"UVB Brasil\",\"description\":\"Uni\u00e3o dos Vereadores do Brasil\",\"publisher\":{\"@id\":\"https:\/\/uvbbrasil.com.br\/#organization\"},\"potentialAction\":[{\"@type\":\"SearchAction\",\"target\":{\"@type\":\"EntryPoint\",\"urlTemplate\":\"https:\/\/uvbbrasil.com.br\/?s={search_term_string}\"},\"query-input\":{\"@type\":\"PropertyValueSpecification\",\"valueRequired\":true,\"valueName\":\"search_term_string\"}}],\"inLanguage\":\"pt-BR\"},{\"@type\":\"Organization\",\"@id\":\"https:\/\/uvbbrasil.com.br\/#organization\",\"name\":\"UVB Brasil\",\"url\":\"https:\/\/uvbbrasil.com.br\/\",\"logo\":{\"@type\":\"ImageObject\",\"inLanguage\":\"pt-BR\",\"@id\":\"https:\/\/uvbbrasil.com.br\/#\/schema\/logo\/image\/\",\"url\":\"https:\/\/uvbbrasil.com.br\/wp-content\/uploads\/2025\/01\/LOGO-UVB-2024-azul-1.jpg\",\"contentUrl\":\"https:\/\/uvbbrasil.com.br\/wp-content\/uploads\/2025\/01\/LOGO-UVB-2024-azul-1.jpg\",\"width\":600,\"height\":211,\"caption\":\"UVB Brasil\"},\"image\":{\"@id\":\"https:\/\/uvbbrasil.com.br\/#\/schema\/logo\/image\/\"},\"sameAs\":[\"https:\/\/www.facebook.com\/uvb.vereadoresbrasil\",\"https:\/\/www.instagram.com\/uvbbrasil\/\",\"https:\/\/www.youtube.com\/channel\/UCIlPQ8Xzw5GHNzosQIg9S5A\"]},{\"@type\":\"Person\",\"@id\":\"https:\/\/uvbbrasil.com.br\/#\/schema\/person\/17990098446c098f52effddff4f1b272\",\"name\":\"adminuvb\",\"image\":{\"@type\":\"ImageObject\",\"inLanguage\":\"pt-BR\",\"@id\":\"https:\/\/uvbbrasil.com.br\/#\/schema\/person\/image\/\",\"url\":\"https:\/\/secure.gravatar.com\/avatar\/1a494ea6f8e2dd1ae526e55b0e9497efdba542491e0620d704cccf63c6f77c45?s=96&d=mm&r=g\",\"contentUrl\":\"https:\/\/secure.gravatar.com\/avatar\/1a494ea6f8e2dd1ae526e55b0e9497efdba542491e0620d704cccf63c6f77c45?s=96&d=mm&r=g\",\"caption\":\"adminuvb\"},\"sameAs\":[\"https:\/\/uvbbrasil.com.br\"],\"url\":\"https:\/\/uvbbrasil.com.br\/author\/adminuvb\/\"}]}<\/script>\n<!-- \/ Yoast SEO plugin. -->","yoast_head_json":{"title":"Como inovar na gest\u00e3o p\u00fablica - UVB Brasil","robots":{"index":"index","follow":"follow","max-snippet":"max-snippet:-1","max-image-preview":"max-image-preview:large","max-video-preview":"max-video-preview:-1"},"canonical":"https:\/\/uvbbrasil.com.br\/como-inovar-na-gestao-publica\/","og_locale":"pt_BR","og_type":"article","og_title":"Como inovar na gest\u00e3o p\u00fablica - UVB Brasil","og_description":"O prefeito de Santa Clara do Sul\/RS, Paulo Cezar Kohlraush, especialista em lideran\u00e7a, inova\u00e7\u00e3o e gest\u00e3o, com sua vasta experi\u00eancia...","og_url":"https:\/\/uvbbrasil.com.br\/como-inovar-na-gestao-publica\/","og_site_name":"UVB Brasil","article_publisher":"https:\/\/www.facebook.com\/uvb.vereadoresbrasil","article_published_time":"2021-12-13T12:46:03+00:00","og_image":[{"width":1280,"height":853,"url":"https:\/\/uvbbrasil.com.br\/wp-content\/uploads\/2021\/12\/WhatsApp-Image-2021-12-12-at-02.45.41.jpeg","type":"image\/jpeg"}],"author":"adminuvb","twitter_card":"summary_large_image","twitter_misc":{"Escrito por":"adminuvb","Est. tempo de leitura":"3 minutos"},"schema":{"@context":"https:\/\/schema.org","@graph":[{"@type":"Article","@id":"https:\/\/uvbbrasil.com.br\/como-inovar-na-gestao-publica\/#article","isPartOf":{"@id":"https:\/\/uvbbrasil.com.br\/como-inovar-na-gestao-publica\/"},"author":{"name":"adminuvb","@id":"https:\/\/uvbbrasil.com.br\/#\/schema\/person\/17990098446c098f52effddff4f1b272"},"headline":"Como inovar na gest\u00e3o p\u00fablica","datePublished":"2021-12-13T12:46:03+00:00","mainEntityOfPage":{"@id":"https:\/\/uvbbrasil.com.br\/como-inovar-na-gestao-publica\/"},"wordCount":499,"commentCount":0,"publisher":{"@id":"https:\/\/uvbbrasil.com.br\/#organization"},"image":{"@id":"https:\/\/uvbbrasil.com.br\/como-inovar-na-gestao-publica\/#primaryimage"},"thumbnailUrl":"https:\/\/uvbbrasil.com.br\/wp-content\/uploads\/2021\/12\/WhatsApp-Image-2021-12-12-at-02.45.41.jpeg","articleSection":["NOT\u00cdCIAS","UVB"],"inLanguage":"pt-BR","potentialAction":[{"@type":"CommentAction","name":"Comment","target":["https:\/\/uvbbrasil.com.br\/como-inovar-na-gestao-publica\/#respond"]}]},{"@type":"WebPage","@id":"https:\/\/uvbbrasil.com.br\/como-inovar-na-gestao-publica\/","url":"https:\/\/uvbbrasil.com.br\/como-inovar-na-gestao-publica\/","name":"Como inovar na gest\u00e3o p\u00fablica - UVB Brasil","isPartOf":{"@id":"https:\/\/uvbbrasil.com.br\/#website"},"primaryImageOfPage":{"@id":"https:\/\/uvbbrasil.com.br\/como-inovar-na-gestao-publica\/#primaryimage"},"image":{"@id":"https:\/\/uvbbrasil.com.br\/como-inovar-na-gestao-publica\/#primaryimage"},"thumbnailUrl":"https:\/\/uvbbrasil.com.br\/wp-content\/uploads\/2021\/12\/WhatsApp-Image-2021-12-12-at-02.45.41.jpeg","datePublished":"2021-12-13T12:46:03+00:00","breadcrumb":{"@id":"https:\/\/uvbbrasil.com.br\/como-inovar-na-gestao-publica\/#breadcrumb"},"inLanguage":"pt-BR","potentialAction":[{"@type":"ReadAction","target":["https:\/\/uvbbrasil.com.br\/como-inovar-na-gestao-publica\/"]}]},{"@type":"ImageObject","inLanguage":"pt-BR","@id":"https:\/\/uvbbrasil.com.br\/como-inovar-na-gestao-publica\/#primaryimage","url":"https:\/\/uvbbrasil.com.br\/wp-content\/uploads\/2021\/12\/WhatsApp-Image-2021-12-12-at-02.45.41.jpeg","contentUrl":"https:\/\/uvbbrasil.com.br\/wp-content\/uploads\/2021\/12\/WhatsApp-Image-2021-12-12-at-02.45.41.jpeg","width":1280,"height":853},{"@type":"BreadcrumbList","@id":"https:\/\/uvbbrasil.com.br\/como-inovar-na-gestao-publica\/#breadcrumb","itemListElement":[{"@type":"ListItem","position":1,"name":"In\u00edcio","item":"https:\/\/uvbbrasil.com.br\/"},{"@type":"ListItem","position":2,"name":"Como inovar na gest\u00e3o p\u00fablica"}]},{"@type":"WebSite","@id":"https:\/\/uvbbrasil.com.br\/#website","url":"https:\/\/uvbbrasil.com.br\/","name":"UVB Brasil","description":"Uni\u00e3o dos Vereadores do Brasil","publisher":{"@id":"https:\/\/uvbbrasil.com.br\/#organization"},"potentialAction":[{"@type":"SearchAction","target":{"@type":"EntryPoint","urlTemplate":"https:\/\/uvbbrasil.com.br\/?s={search_term_string}"},"query-input":{"@type":"PropertyValueSpecification","valueRequired":true,"valueName":"search_term_string"}}],"inLanguage":"pt-BR"},{"@type":"Organization","@id":"https:\/\/uvbbrasil.com.br\/#organization","name":"UVB Brasil","url":"https:\/\/uvbbrasil.com.br\/","logo":{"@type":"ImageObject","inLanguage":"pt-BR","@id":"https:\/\/uvbbrasil.com.br\/#\/schema\/logo\/image\/","url":"https:\/\/uvbbrasil.com.br\/wp-content\/uploads\/2025\/01\/LOGO-UVB-2024-azul-1.jpg","contentUrl":"https:\/\/uvbbrasil.com.br\/wp-content\/uploads\/2025\/01\/LOGO-UVB-2024-azul-1.jpg","width":600,"height":211,"caption":"UVB Brasil"},"image":{"@id":"https:\/\/uvbbrasil.com.br\/#\/schema\/logo\/image\/"},"sameAs":["https:\/\/www.facebook.com\/uvb.vereadoresbrasil","https:\/\/www.instagram.com\/uvbbrasil\/","https:\/\/www.youtube.com\/channel\/UCIlPQ8Xzw5GHNzosQIg9S5A"]},{"@type":"Person","@id":"https:\/\/uvbbrasil.com.br\/#\/schema\/person\/17990098446c098f52effddff4f1b272","name":"adminuvb","image":{"@type":"ImageObject","inLanguage":"pt-BR","@id":"https:\/\/uvbbrasil.com.br\/#\/schema\/person\/image\/","url":"https:\/\/secure.gravatar.com\/avatar\/1a494ea6f8e2dd1ae526e55b0e9497efdba542491e0620d704cccf63c6f77c45?s=96&d=mm&r=g","contentUrl":"https:\/\/secure.gravatar.com\/avatar\/1a494ea6f8e2dd1ae526e55b0e9497efdba542491e0620d704cccf63c6f77c45?s=96&d=mm&r=g","caption":"adminuvb"},"sameAs":["https:\/\/uvbbrasil.com.br"],"url":"https:\/\/uvbbrasil.com.br\/author\/adminuvb\/"}]}},"_links":{"self":[{"href":"https:\/\/uvbbrasil.com.br\/uvb-json\/wp\/v2\/posts\/24534","targetHints":{"allow":["GET"]}}],"collection":[{"href":"https:\/\/uvbbrasil.com.br\/uvb-json\/wp\/v2\/posts"}],"about":[{"href":"https:\/\/uvbbrasil.com.br\/uvb-json\/wp\/v2\/types\/post"}],"author":[{"embeddable":true,"href":"https:\/\/uvbbrasil.com.br\/uvb-json\/wp\/v2\/users\/1"}],"replies":[{"embeddable":true,"href":"https:\/\/uvbbrasil.com.br\/uvb-json\/wp\/v2\/comments?post=24534"}],"version-history":[{"count":0,"href":"https:\/\/uvbbrasil.com.br\/uvb-json\/wp\/v2\/posts\/24534\/revisions"}],"wp:featuredmedia":[{"embeddable":true,"href":"https:\/\/uvbbrasil.com.br\/uvb-json\/wp\/v2\/media\/24536"}],"wp:attachment":[{"href":"https:\/\/uvbbrasil.com.br\/uvb-json\/wp\/v2\/media?parent=24534"}],"wp:term":[{"taxonomy":"category","embeddable":true,"href":"https:\/\/uvbbrasil.com.br\/uvb-json\/wp\/v2\/categories?post=24534"},{"taxonomy":"post_tag","embeddable":true,"href":"https:\/\/uvbbrasil.com.br\/uvb-json\/wp\/v2\/tags?post=24534"}],"curies":[{"name":"wp","href":"https:\/\/api.w.org\/{rel}","templated":true}]}}