{"id":24499,"date":"2021-12-11T10:21:01","date_gmt":"2021-12-11T13:21:01","guid":{"rendered":"https:\/\/wpsandbox4.pante.com.br\/?p=24499"},"modified":"2021-12-11T10:21:01","modified_gmt":"2021-12-11T13:21:01","slug":"uvb-realiza-otop-legislativo-na-cidade-de-encantado-rs","status":"publish","type":"post","link":"https:\/\/uvbbrasil.com.br\/uvb-realiza-otop-legislativo-na-cidade-de-encantado-rs\/","title":{"rendered":"UVB realiza oTop Legislativo na cidade de Encantado\/RS"},"content":{"rendered":"<p>A edi\u00e7\u00e3o do Top Legislativo 2021 realizado pela Uni\u00e3o dos Vereadores do Brasil\/UVB, aconteceu na cidade de Encantado\/RS durante a \u00a0programa\u00e7\u00e3o do Semin\u00e1rio \u00a0Nacional de Legislativos e Gest\u00f5es Municipais, que homenageou Vereadores e Vereadoras inscritos na categoria.<\/p>\n<p>A homenagem \u00e9 concedida as personalidades que contribuem com o Poder Legislativo Municipal Brasileiro e reuniu representantes de v\u00e1rias C\u00e2maras Municipais.<\/p>\n<p>Os parlamentares\u00a0 receberam \u00a0a condecora\u00e7\u00e3o com justificativa de acordo o regulamento do Top Legislativo 2021 analisadas pela comiss\u00e3o e Presidente da UVB, Vereador de Ira\u00ed\/RS, Gilson Conzatti, que comprovou o seu compromisso com a defesa e valoriza\u00e7\u00e3o do Poder Legislativo Municipal.<\/p>\n<p>O Top Legislativo realizado anualmente pela UVB, com o objetivo de valorizar os bons servi\u00e7os e a\u00e7\u00f5es em prol do legislativo municipal na edi\u00e7\u00e3o de 2021 homenageou (10) parlamentares e (02)dois Jornalistas que prestam servi\u00e7os de assessoria de comunica\u00e7\u00e3o nas c\u00e2maras municipais com a Medalha Adriano Mazzarino, pela honra, comprometimento\u00a0 aos bons servi\u00e7os na classe jornalista. Da cidade de Ira\u00ed\/RS, Fernando Sucolotti, e C\u00edcero Modolo.<\/p>\n<p><strong>CONFIRA A RELA\u00c7\u00c3O DOS HOMENAGEADOS TOP LEGISLATIVO 2021<\/strong><\/p>\n<p><strong>VEREADOR DE ILOPOLIS\/RS- MAURICIO PINTON<\/strong><\/p>\n<p><strong>C\u00c2MARA DE LINHARES\/ES- REOFRAN PEREIRA DOS SANTOS<\/strong><\/p>\n<p><strong>VEREADOR DE CAMPO NOVO DO PARECIS\/MT- FABIO AGUIAR<\/strong><\/p>\n<p><strong>VEREADOR DE MARECHAL FLORIANO\/ES- CEZAR TADEU\u00a0 RONCHI-<\/strong><\/p>\n<p><strong>VEREADOR DE UBAJARA\/CE- FILIPE DE ANDRADE COSTA<\/strong><\/p>\n<p><strong>JORNALISTA\u00a0 DE MARECHAL FLORIANO\/ES- \u00a0CICERO RAFAEL MODOLO( MEDALHA MAZZARINO)<\/strong><\/p>\n<p><strong>\u00a0VEREADORA DE LAURO DE FREITAS\/BA &#8211; DEBORA REGIS\u00a0 DOS SANTOS FILHA<\/strong><\/p>\n<p><strong>\u00a0VEREADORA DE LIMOEIRO DO NORTE\/CE LIVIA MENESES MAIA<\/strong><\/p>\n<p><strong>\u00a0VEREADOR DE NOVA MARMOR\u00c9\/RO- ANDR\u00c9 LUIZ BAIER<\/strong><\/p>\n<p><strong>\u00a0VEREADOR DE BONITO\/PE- PAULO SERGIO\u00a0 DA SILVA<\/strong><\/p>\n<p><strong>JORNALISTA DE IRA\u00cd\/RS-FERNANDO SUCOLOTTI (MEDALHA MAZZARINO)<\/strong><\/p>\n<p><img fetchpriority=\"high\" decoding=\"async\" class=\"alignnone size-medium wp-image-24501\" src=\"https:\/\/uvbbrasil.com.br\/wp-content\/uploads\/2021\/12\/WhatsApp-Image-2021-12-09-at-15.11.17-300x169.jpeg\" alt=\"\" width=\"300\" height=\"169\" srcset=\"https:\/\/uvbbrasil.com.br\/wp-content\/uploads\/2021\/12\/WhatsApp-Image-2021-12-09-at-15.11.17-300x169.jpeg 300w, https:\/\/uvbbrasil.com.br\/wp-content\/uploads\/2021\/12\/WhatsApp-Image-2021-12-09-at-15.11.17-1024x576.jpeg 1024w, https:\/\/uvbbrasil.com.br\/wp-content\/uploads\/2021\/12\/WhatsApp-Image-2021-12-09-at-15.11.17-768x432.jpeg 768w, https:\/\/uvbbrasil.com.br\/wp-content\/uploads\/2021\/12\/WhatsApp-Image-2021-12-09-at-15.11.17-1536x864.jpeg 1536w, https:\/\/uvbbrasil.com.br\/wp-content\/uploads\/2021\/12\/WhatsApp-Image-2021-12-09-at-15.11.17.jpeg 1600w\" sizes=\"(max-width: 300px) 100vw, 300px\" \/><img decoding=\"async\" class=\"alignnone size-medium wp-image-24502\" src=\"https:\/\/uvbbrasil.com.br\/wp-content\/uploads\/2021\/12\/WhatsApp-Image-2021-12-09-at-15.11.17-1-300x169.jpeg\" alt=\"\" width=\"300\" height=\"169\" srcset=\"https:\/\/uvbbrasil.com.br\/wp-content\/uploads\/2021\/12\/WhatsApp-Image-2021-12-09-at-15.11.17-1-300x169.jpeg 300w, https:\/\/uvbbrasil.com.br\/wp-content\/uploads\/2021\/12\/WhatsApp-Image-2021-12-09-at-15.11.17-1-1024x576.jpeg 1024w, https:\/\/uvbbrasil.com.br\/wp-content\/uploads\/2021\/12\/WhatsApp-Image-2021-12-09-at-15.11.17-1-768x432.jpeg 768w, https:\/\/uvbbrasil.com.br\/wp-content\/uploads\/2021\/12\/WhatsApp-Image-2021-12-09-at-15.11.17-1-1536x864.jpeg 1536w, https:\/\/uvbbrasil.com.br\/wp-content\/uploads\/2021\/12\/WhatsApp-Image-2021-12-09-at-15.11.17-1.jpeg 1600w\" sizes=\"(max-width: 300px) 100vw, 300px\" \/><img decoding=\"async\" class=\"alignnone size-medium wp-image-24500\" src=\"https:\/\/uvbbrasil.com.br\/wp-content\/uploads\/2021\/12\/WhatsApp-Image-2021-12-09-at-15.11.16-1-300x169.jpeg\" alt=\"\" width=\"300\" height=\"169\" srcset=\"https:\/\/uvbbrasil.com.br\/wp-content\/uploads\/2021\/12\/WhatsApp-Image-2021-12-09-at-15.11.16-1-300x169.jpeg 300w, https:\/\/uvbbrasil.com.br\/wp-content\/uploads\/2021\/12\/WhatsApp-Image-2021-12-09-at-15.11.16-1-1024x576.jpeg 1024w, https:\/\/uvbbrasil.com.br\/wp-content\/uploads\/2021\/12\/WhatsApp-Image-2021-12-09-at-15.11.16-1-768x432.jpeg 768w, https:\/\/uvbbrasil.com.br\/wp-content\/uploads\/2021\/12\/WhatsApp-Image-2021-12-09-at-15.11.16-1-1536x864.jpeg 1536w, https:\/\/uvbbrasil.com.br\/wp-content\/uploads\/2021\/12\/WhatsApp-Image-2021-12-09-at-15.11.16-1.jpeg 1600w\" sizes=\"(max-width: 300px) 100vw, 300px\" \/><\/p>\n<p><img loading=\"lazy\" decoding=\"async\" class=\"alignnone size-medium wp-image-24504\" src=\"https:\/\/uvbbrasil.com.br\/wp-content\/uploads\/2021\/12\/WhatsApp-Image-2021-12-09-at-15.11.17-2-300x169.jpeg\" alt=\"\" width=\"300\" height=\"169\" srcset=\"https:\/\/uvbbrasil.com.br\/wp-content\/uploads\/2021\/12\/WhatsApp-Image-2021-12-09-at-15.11.17-2-300x169.jpeg 300w, https:\/\/uvbbrasil.com.br\/wp-content\/uploads\/2021\/12\/WhatsApp-Image-2021-12-09-at-15.11.17-2-1024x576.jpeg 1024w, https:\/\/uvbbrasil.com.br\/wp-content\/uploads\/2021\/12\/WhatsApp-Image-2021-12-09-at-15.11.17-2-768x432.jpeg 768w, https:\/\/uvbbrasil.com.br\/wp-content\/uploads\/2021\/12\/WhatsApp-Image-2021-12-09-at-15.11.17-2.jpeg 1280w\" sizes=\"(max-width: 300px) 100vw, 300px\" \/><img loading=\"lazy\" decoding=\"async\" class=\"alignnone size-medium wp-image-24505\" src=\"https:\/\/uvbbrasil.com.br\/wp-content\/uploads\/2021\/12\/WhatsApp-Image-2021-12-09-at-15.12.27-1-300x169.jpeg\" alt=\"\" width=\"300\" height=\"169\" srcset=\"https:\/\/uvbbrasil.com.br\/wp-content\/uploads\/2021\/12\/WhatsApp-Image-2021-12-09-at-15.12.27-1-300x169.jpeg 300w, https:\/\/uvbbrasil.com.br\/wp-content\/uploads\/2021\/12\/WhatsApp-Image-2021-12-09-at-15.12.27-1-1024x576.jpeg 1024w, https:\/\/uvbbrasil.com.br\/wp-content\/uploads\/2021\/12\/WhatsApp-Image-2021-12-09-at-15.12.27-1-768x432.jpeg 768w, https:\/\/uvbbrasil.com.br\/wp-content\/uploads\/2021\/12\/WhatsApp-Image-2021-12-09-at-15.12.27-1-1536x864.jpeg 1536w, https:\/\/uvbbrasil.com.br\/wp-content\/uploads\/2021\/12\/WhatsApp-Image-2021-12-09-at-15.12.27-1.jpeg 1600w\" sizes=\"(max-width: 300px) 100vw, 300px\" \/><img loading=\"lazy\" decoding=\"async\" class=\"alignnone size-medium wp-image-24507\" src=\"https:\/\/uvbbrasil.com.br\/wp-content\/uploads\/2021\/12\/WhatsApp-Image-2021-12-09-at-15.12.28-300x169.jpeg\" alt=\"\" width=\"300\" height=\"169\" srcset=\"https:\/\/uvbbrasil.com.br\/wp-content\/uploads\/2021\/12\/WhatsApp-Image-2021-12-09-at-15.12.28-300x169.jpeg 300w, https:\/\/uvbbrasil.com.br\/wp-content\/uploads\/2021\/12\/WhatsApp-Image-2021-12-09-at-15.12.28-1024x576.jpeg 1024w, https:\/\/uvbbrasil.com.br\/wp-content\/uploads\/2021\/12\/WhatsApp-Image-2021-12-09-at-15.12.28-768x432.jpeg 768w, https:\/\/uvbbrasil.com.br\/wp-content\/uploads\/2021\/12\/WhatsApp-Image-2021-12-09-at-15.12.28-1536x864.jpeg 1536w, https:\/\/uvbbrasil.com.br\/wp-content\/uploads\/2021\/12\/WhatsApp-Image-2021-12-09-at-15.12.28.jpeg 1600w\" sizes=\"(max-width: 300px) 100vw, 300px\" \/><img loading=\"lazy\" decoding=\"async\" class=\"alignnone size-medium wp-image-24511\" src=\"https:\/\/uvbbrasil.com.br\/wp-content\/uploads\/2021\/12\/WhatsApp-Image-2021-12-09-at-15.12.30-300x169.jpeg\" alt=\"\" width=\"300\" height=\"169\" srcset=\"https:\/\/uvbbrasil.com.br\/wp-content\/uploads\/2021\/12\/WhatsApp-Image-2021-12-09-at-15.12.30-300x169.jpeg 300w, https:\/\/uvbbrasil.com.br\/wp-content\/uploads\/2021\/12\/WhatsApp-Image-2021-12-09-at-15.12.30-1024x576.jpeg 1024w, https:\/\/uvbbrasil.com.br\/wp-content\/uploads\/2021\/12\/WhatsApp-Image-2021-12-09-at-15.12.30-768x432.jpeg 768w, https:\/\/uvbbrasil.com.br\/wp-content\/uploads\/2021\/12\/WhatsApp-Image-2021-12-09-at-15.12.30-1536x864.jpeg 1536w, https:\/\/uvbbrasil.com.br\/wp-content\/uploads\/2021\/12\/WhatsApp-Image-2021-12-09-at-15.12.30.jpeg 1600w\" sizes=\"(max-width: 300px) 100vw, 300px\" \/><img loading=\"lazy\" decoding=\"async\" class=\"alignnone size-medium wp-image-24512\" src=\"https:\/\/uvbbrasil.com.br\/wp-content\/uploads\/2021\/12\/WhatsApp-Image-2021-12-09-at-15.12.30-1-300x169.jpeg\" alt=\"\" width=\"300\" height=\"169\" srcset=\"https:\/\/uvbbrasil.com.br\/wp-content\/uploads\/2021\/12\/WhatsApp-Image-2021-12-09-at-15.12.30-1-300x169.jpeg 300w, https:\/\/uvbbrasil.com.br\/wp-content\/uploads\/2021\/12\/WhatsApp-Image-2021-12-09-at-15.12.30-1-1024x576.jpeg 1024w, https:\/\/uvbbrasil.com.br\/wp-content\/uploads\/2021\/12\/WhatsApp-Image-2021-12-09-at-15.12.30-1-768x432.jpeg 768w, https:\/\/uvbbrasil.com.br\/wp-content\/uploads\/2021\/12\/WhatsApp-Image-2021-12-09-at-15.12.30-1-1536x864.jpeg 1536w, https:\/\/uvbbrasil.com.br\/wp-content\/uploads\/2021\/12\/WhatsApp-Image-2021-12-09-at-15.12.30-1.jpeg 1600w\" sizes=\"(max-width: 300px) 100vw, 300px\" \/><img loading=\"lazy\" decoding=\"async\" class=\"alignnone size-medium wp-image-24513\" src=\"https:\/\/uvbbrasil.com.br\/wp-content\/uploads\/2021\/12\/WhatsApp-Image-2021-12-09-at-15.12.28-3-300x169.jpeg\" alt=\"\" width=\"300\" height=\"169\" srcset=\"https:\/\/uvbbrasil.com.br\/wp-content\/uploads\/2021\/12\/WhatsApp-Image-2021-12-09-at-15.12.28-3-300x169.jpeg 300w, https:\/\/uvbbrasil.com.br\/wp-content\/uploads\/2021\/12\/WhatsApp-Image-2021-12-09-at-15.12.28-3-1024x576.jpeg 1024w, https:\/\/uvbbrasil.com.br\/wp-content\/uploads\/2021\/12\/WhatsApp-Image-2021-12-09-at-15.12.28-3-768x432.jpeg 768w, https:\/\/uvbbrasil.com.br\/wp-content\/uploads\/2021\/12\/WhatsApp-Image-2021-12-09-at-15.12.28-3-1536x864.jpeg 1536w, https:\/\/uvbbrasil.com.br\/wp-content\/uploads\/2021\/12\/WhatsApp-Image-2021-12-09-at-15.12.28-3.jpeg 1600w\" sizes=\"(max-width: 300px) 100vw, 300px\" \/><\/p>\n<p><img loading=\"lazy\" decoding=\"async\" class=\"alignnone size-medium wp-image-24516\" src=\"https:\/\/uvbbrasil.com.br\/wp-content\/uploads\/2021\/12\/LIVIA-300x169.jpeg\" alt=\"\" width=\"300\" height=\"169\" srcset=\"https:\/\/uvbbrasil.com.br\/wp-content\/uploads\/2021\/12\/LIVIA-300x169.jpeg 300w, https:\/\/uvbbrasil.com.br\/wp-content\/uploads\/2021\/12\/LIVIA-1024x576.jpeg 1024w, https:\/\/uvbbrasil.com.br\/wp-content\/uploads\/2021\/12\/LIVIA-768x432.jpeg 768w, https:\/\/uvbbrasil.com.br\/wp-content\/uploads\/2021\/12\/LIVIA-1536x864.jpeg 1536w, https:\/\/uvbbrasil.com.br\/wp-content\/uploads\/2021\/12\/LIVIA.jpeg 1600w\" sizes=\"(max-width: 300px) 100vw, 300px\" \/><img loading=\"lazy\" decoding=\"async\" class=\"alignnone size-medium wp-image-24517\" src=\"https:\/\/uvbbrasil.com.br\/wp-content\/uploads\/2021\/12\/DEBORA-300x169.jpeg\" alt=\"\" width=\"300\" height=\"169\" srcset=\"https:\/\/uvbbrasil.com.br\/wp-content\/uploads\/2021\/12\/DEBORA-300x169.jpeg 300w, https:\/\/uvbbrasil.com.br\/wp-content\/uploads\/2021\/12\/DEBORA-1024x576.jpeg 1024w, https:\/\/uvbbrasil.com.br\/wp-content\/uploads\/2021\/12\/DEBORA-768x432.jpeg 768w, https:\/\/uvbbrasil.com.br\/wp-content\/uploads\/2021\/12\/DEBORA-1536x864.jpeg 1536w, https:\/\/uvbbrasil.com.br\/wp-content\/uploads\/2021\/12\/DEBORA.jpeg 1600w\" sizes=\"(max-width: 300px) 100vw, 300px\" \/><img loading=\"lazy\" decoding=\"async\" class=\"alignnone size-medium wp-image-24518\" src=\"https:\/\/uvbbrasil.com.br\/wp-content\/uploads\/2021\/12\/ILOPOLIS-300x169.jpeg\" alt=\"\" width=\"300\" height=\"169\" srcset=\"https:\/\/uvbbrasil.com.br\/wp-content\/uploads\/2021\/12\/ILOPOLIS-300x169.jpeg 300w, https:\/\/uvbbrasil.com.br\/wp-content\/uploads\/2021\/12\/ILOPOLIS-1024x576.jpeg 1024w, https:\/\/uvbbrasil.com.br\/wp-content\/uploads\/2021\/12\/ILOPOLIS-768x432.jpeg 768w, https:\/\/uvbbrasil.com.br\/wp-content\/uploads\/2021\/12\/ILOPOLIS-1536x864.jpeg 1536w, https:\/\/uvbbrasil.com.br\/wp-content\/uploads\/2021\/12\/ILOPOLIS.jpeg 1600w\" sizes=\"(max-width: 300px) 100vw, 300px\" \/><\/p>\n<p>&nbsp;<\/p>\n","protected":false},"excerpt":{"rendered":"<p>A edi\u00e7\u00e3o do Top Legislativo 2021 realizado pela Uni\u00e3o dos Vereadores do Brasil\/UVB, aconteceu na cidade de Encantado\/RS durante a&#8230;<\/p>\n","protected":false},"author":1,"featured_media":24504,"comment_status":"open","ping_status":"open","sticky":false,"template":"","format":"standard","meta":{"footnotes":""},"categories":[3,4],"tags":[],"class_list":["post-24499","post","type-post","status-publish","format-standard","has-post-thumbnail","hentry","category-noticias","category-home"],"yoast_head":"<!-- This site is optimized with the Yoast SEO plugin v26.7 - https:\/\/yoast.com\/wordpress\/plugins\/seo\/ -->\n<title>UVB realiza oTop Legislativo na cidade de Encantado\/RS - UVB Brasil<\/title>\n<meta name=\"robots\" content=\"index, follow, max-snippet:-1, max-image-preview:large, max-video-preview:-1\" \/>\n<link rel=\"canonical\" href=\"https:\/\/uvbbrasil.com.br\/uvb-realiza-otop-legislativo-na-cidade-de-encantado-rs\/\" \/>\n<meta property=\"og:locale\" content=\"pt_BR\" \/>\n<meta property=\"og:type\" content=\"article\" \/>\n<meta property=\"og:title\" content=\"UVB realiza oTop Legislativo na cidade de Encantado\/RS - UVB Brasil\" \/>\n<meta property=\"og:description\" content=\"A edi\u00e7\u00e3o do Top Legislativo 2021 realizado pela Uni\u00e3o dos Vereadores do Brasil\/UVB, aconteceu na cidade de Encantado\/RS durante a...\" \/>\n<meta property=\"og:url\" content=\"https:\/\/uvbbrasil.com.br\/uvb-realiza-otop-legislativo-na-cidade-de-encantado-rs\/\" \/>\n<meta property=\"og:site_name\" content=\"UVB Brasil\" \/>\n<meta property=\"article:publisher\" content=\"https:\/\/www.facebook.com\/uvb.vereadoresbrasil\" \/>\n<meta property=\"article:published_time\" content=\"2021-12-11T13:21:01+00:00\" \/>\n<meta property=\"og:image\" content=\"https:\/\/uvbbrasil.com.br\/wp-content\/uploads\/2021\/12\/WhatsApp-Image-2021-12-09-at-15.11.17-2.jpeg\" \/>\n\t<meta property=\"og:image:width\" content=\"1280\" \/>\n\t<meta property=\"og:image:height\" content=\"720\" \/>\n\t<meta property=\"og:image:type\" content=\"image\/jpeg\" \/>\n<meta name=\"author\" content=\"adminuvb\" \/>\n<meta name=\"twitter:card\" content=\"summary_large_image\" \/>\n<meta name=\"twitter:label1\" content=\"Escrito por\" \/>\n\t<meta name=\"twitter:data1\" content=\"adminuvb\" \/>\n\t<meta name=\"twitter:label2\" content=\"Est. tempo de leitura\" \/>\n\t<meta name=\"twitter:data2\" content=\"4 minutos\" \/>\n<script type=\"application\/ld+json\" class=\"yoast-schema-graph\">{\"@context\":\"https:\/\/schema.org\",\"@graph\":[{\"@type\":\"Article\",\"@id\":\"https:\/\/uvbbrasil.com.br\/uvb-realiza-otop-legislativo-na-cidade-de-encantado-rs\/#article\",\"isPartOf\":{\"@id\":\"https:\/\/uvbbrasil.com.br\/uvb-realiza-otop-legislativo-na-cidade-de-encantado-rs\/\"},\"author\":{\"name\":\"adminuvb\",\"@id\":\"https:\/\/uvbbrasil.com.br\/#\/schema\/person\/17990098446c098f52effddff4f1b272\"},\"headline\":\"UVB realiza oTop Legislativo na cidade de Encantado\/RS\",\"datePublished\":\"2021-12-11T13:21:01+00:00\",\"mainEntityOfPage\":{\"@id\":\"https:\/\/uvbbrasil.com.br\/uvb-realiza-otop-legislativo-na-cidade-de-encantado-rs\/\"},\"wordCount\":293,\"commentCount\":0,\"publisher\":{\"@id\":\"https:\/\/uvbbrasil.com.br\/#organization\"},\"image\":{\"@id\":\"https:\/\/uvbbrasil.com.br\/uvb-realiza-otop-legislativo-na-cidade-de-encantado-rs\/#primaryimage\"},\"thumbnailUrl\":\"https:\/\/uvbbrasil.com.br\/wp-content\/uploads\/2021\/12\/WhatsApp-Image-2021-12-09-at-15.11.17-2.jpeg\",\"articleSection\":[\"NOT\u00cdCIAS\",\"UVB\"],\"inLanguage\":\"pt-BR\",\"potentialAction\":[{\"@type\":\"CommentAction\",\"name\":\"Comment\",\"target\":[\"https:\/\/uvbbrasil.com.br\/uvb-realiza-otop-legislativo-na-cidade-de-encantado-rs\/#respond\"]}]},{\"@type\":\"WebPage\",\"@id\":\"https:\/\/uvbbrasil.com.br\/uvb-realiza-otop-legislativo-na-cidade-de-encantado-rs\/\",\"url\":\"https:\/\/uvbbrasil.com.br\/uvb-realiza-otop-legislativo-na-cidade-de-encantado-rs\/\",\"name\":\"UVB realiza oTop Legislativo na cidade de Encantado\/RS - UVB Brasil\",\"isPartOf\":{\"@id\":\"https:\/\/uvbbrasil.com.br\/#website\"},\"primaryImageOfPage\":{\"@id\":\"https:\/\/uvbbrasil.com.br\/uvb-realiza-otop-legislativo-na-cidade-de-encantado-rs\/#primaryimage\"},\"image\":{\"@id\":\"https:\/\/uvbbrasil.com.br\/uvb-realiza-otop-legislativo-na-cidade-de-encantado-rs\/#primaryimage\"},\"thumbnailUrl\":\"https:\/\/uvbbrasil.com.br\/wp-content\/uploads\/2021\/12\/WhatsApp-Image-2021-12-09-at-15.11.17-2.jpeg\",\"datePublished\":\"2021-12-11T13:21:01+00:00\",\"breadcrumb\":{\"@id\":\"https:\/\/uvbbrasil.com.br\/uvb-realiza-otop-legislativo-na-cidade-de-encantado-rs\/#breadcrumb\"},\"inLanguage\":\"pt-BR\",\"potentialAction\":[{\"@type\":\"ReadAction\",\"target\":[\"https:\/\/uvbbrasil.com.br\/uvb-realiza-otop-legislativo-na-cidade-de-encantado-rs\/\"]}]},{\"@type\":\"ImageObject\",\"inLanguage\":\"pt-BR\",\"@id\":\"https:\/\/uvbbrasil.com.br\/uvb-realiza-otop-legislativo-na-cidade-de-encantado-rs\/#primaryimage\",\"url\":\"https:\/\/uvbbrasil.com.br\/wp-content\/uploads\/2021\/12\/WhatsApp-Image-2021-12-09-at-15.11.17-2.jpeg\",\"contentUrl\":\"https:\/\/uvbbrasil.com.br\/wp-content\/uploads\/2021\/12\/WhatsApp-Image-2021-12-09-at-15.11.17-2.jpeg\",\"width\":1280,\"height\":720},{\"@type\":\"BreadcrumbList\",\"@id\":\"https:\/\/uvbbrasil.com.br\/uvb-realiza-otop-legislativo-na-cidade-de-encantado-rs\/#breadcrumb\",\"itemListElement\":[{\"@type\":\"ListItem\",\"position\":1,\"name\":\"In\u00edcio\",\"item\":\"https:\/\/uvbbrasil.com.br\/\"},{\"@type\":\"ListItem\",\"position\":2,\"name\":\"UVB realiza oTop Legislativo na cidade de Encantado\/RS\"}]},{\"@type\":\"WebSite\",\"@id\":\"https:\/\/uvbbrasil.com.br\/#website\",\"url\":\"https:\/\/uvbbrasil.com.br\/\",\"name\":\"UVB Brasil\",\"description\":\"Uni\u00e3o dos Vereadores do Brasil\",\"publisher\":{\"@id\":\"https:\/\/uvbbrasil.com.br\/#organization\"},\"potentialAction\":[{\"@type\":\"SearchAction\",\"target\":{\"@type\":\"EntryPoint\",\"urlTemplate\":\"https:\/\/uvbbrasil.com.br\/?s={search_term_string}\"},\"query-input\":{\"@type\":\"PropertyValueSpecification\",\"valueRequired\":true,\"valueName\":\"search_term_string\"}}],\"inLanguage\":\"pt-BR\"},{\"@type\":\"Organization\",\"@id\":\"https:\/\/uvbbrasil.com.br\/#organization\",\"name\":\"UVB Brasil\",\"url\":\"https:\/\/uvbbrasil.com.br\/\",\"logo\":{\"@type\":\"ImageObject\",\"inLanguage\":\"pt-BR\",\"@id\":\"https:\/\/uvbbrasil.com.br\/#\/schema\/logo\/image\/\",\"url\":\"https:\/\/uvbbrasil.com.br\/wp-content\/uploads\/2025\/01\/LOGO-UVB-2024-azul-1.jpg\",\"contentUrl\":\"https:\/\/uvbbrasil.com.br\/wp-content\/uploads\/2025\/01\/LOGO-UVB-2024-azul-1.jpg\",\"width\":600,\"height\":211,\"caption\":\"UVB Brasil\"},\"image\":{\"@id\":\"https:\/\/uvbbrasil.com.br\/#\/schema\/logo\/image\/\"},\"sameAs\":[\"https:\/\/www.facebook.com\/uvb.vereadoresbrasil\",\"https:\/\/www.instagram.com\/uvbbrasil\/\",\"https:\/\/www.youtube.com\/channel\/UCIlPQ8Xzw5GHNzosQIg9S5A\"]},{\"@type\":\"Person\",\"@id\":\"https:\/\/uvbbrasil.com.br\/#\/schema\/person\/17990098446c098f52effddff4f1b272\",\"name\":\"adminuvb\",\"image\":{\"@type\":\"ImageObject\",\"inLanguage\":\"pt-BR\",\"@id\":\"https:\/\/uvbbrasil.com.br\/#\/schema\/person\/image\/\",\"url\":\"https:\/\/secure.gravatar.com\/avatar\/1a494ea6f8e2dd1ae526e55b0e9497efdba542491e0620d704cccf63c6f77c45?s=96&d=mm&r=g\",\"contentUrl\":\"https:\/\/secure.gravatar.com\/avatar\/1a494ea6f8e2dd1ae526e55b0e9497efdba542491e0620d704cccf63c6f77c45?s=96&d=mm&r=g\",\"caption\":\"adminuvb\"},\"sameAs\":[\"https:\/\/uvbbrasil.com.br\"],\"url\":\"https:\/\/uvbbrasil.com.br\/author\/adminuvb\/\"}]}<\/script>\n<!-- \/ Yoast SEO plugin. -->","yoast_head_json":{"title":"UVB realiza oTop Legislativo na cidade de Encantado\/RS - UVB Brasil","robots":{"index":"index","follow":"follow","max-snippet":"max-snippet:-1","max-image-preview":"max-image-preview:large","max-video-preview":"max-video-preview:-1"},"canonical":"https:\/\/uvbbrasil.com.br\/uvb-realiza-otop-legislativo-na-cidade-de-encantado-rs\/","og_locale":"pt_BR","og_type":"article","og_title":"UVB realiza oTop Legislativo na cidade de Encantado\/RS - UVB Brasil","og_description":"A edi\u00e7\u00e3o do Top Legislativo 2021 realizado pela Uni\u00e3o dos Vereadores do Brasil\/UVB, aconteceu na cidade de Encantado\/RS durante a...","og_url":"https:\/\/uvbbrasil.com.br\/uvb-realiza-otop-legislativo-na-cidade-de-encantado-rs\/","og_site_name":"UVB Brasil","article_publisher":"https:\/\/www.facebook.com\/uvb.vereadoresbrasil","article_published_time":"2021-12-11T13:21:01+00:00","og_image":[{"width":1280,"height":720,"url":"https:\/\/uvbbrasil.com.br\/wp-content\/uploads\/2021\/12\/WhatsApp-Image-2021-12-09-at-15.11.17-2.jpeg","type":"image\/jpeg"}],"author":"adminuvb","twitter_card":"summary_large_image","twitter_misc":{"Escrito por":"adminuvb","Est. tempo de leitura":"4 minutos"},"schema":{"@context":"https:\/\/schema.org","@graph":[{"@type":"Article","@id":"https:\/\/uvbbrasil.com.br\/uvb-realiza-otop-legislativo-na-cidade-de-encantado-rs\/#article","isPartOf":{"@id":"https:\/\/uvbbrasil.com.br\/uvb-realiza-otop-legislativo-na-cidade-de-encantado-rs\/"},"author":{"name":"adminuvb","@id":"https:\/\/uvbbrasil.com.br\/#\/schema\/person\/17990098446c098f52effddff4f1b272"},"headline":"UVB realiza oTop Legislativo na cidade de Encantado\/RS","datePublished":"2021-12-11T13:21:01+00:00","mainEntityOfPage":{"@id":"https:\/\/uvbbrasil.com.br\/uvb-realiza-otop-legislativo-na-cidade-de-encantado-rs\/"},"wordCount":293,"commentCount":0,"publisher":{"@id":"https:\/\/uvbbrasil.com.br\/#organization"},"image":{"@id":"https:\/\/uvbbrasil.com.br\/uvb-realiza-otop-legislativo-na-cidade-de-encantado-rs\/#primaryimage"},"thumbnailUrl":"https:\/\/uvbbrasil.com.br\/wp-content\/uploads\/2021\/12\/WhatsApp-Image-2021-12-09-at-15.11.17-2.jpeg","articleSection":["NOT\u00cdCIAS","UVB"],"inLanguage":"pt-BR","potentialAction":[{"@type":"CommentAction","name":"Comment","target":["https:\/\/uvbbrasil.com.br\/uvb-realiza-otop-legislativo-na-cidade-de-encantado-rs\/#respond"]}]},{"@type":"WebPage","@id":"https:\/\/uvbbrasil.com.br\/uvb-realiza-otop-legislativo-na-cidade-de-encantado-rs\/","url":"https:\/\/uvbbrasil.com.br\/uvb-realiza-otop-legislativo-na-cidade-de-encantado-rs\/","name":"UVB realiza oTop Legislativo na cidade de Encantado\/RS - UVB Brasil","isPartOf":{"@id":"https:\/\/uvbbrasil.com.br\/#website"},"primaryImageOfPage":{"@id":"https:\/\/uvbbrasil.com.br\/uvb-realiza-otop-legislativo-na-cidade-de-encantado-rs\/#primaryimage"},"image":{"@id":"https:\/\/uvbbrasil.com.br\/uvb-realiza-otop-legislativo-na-cidade-de-encantado-rs\/#primaryimage"},"thumbnailUrl":"https:\/\/uvbbrasil.com.br\/wp-content\/uploads\/2021\/12\/WhatsApp-Image-2021-12-09-at-15.11.17-2.jpeg","datePublished":"2021-12-11T13:21:01+00:00","breadcrumb":{"@id":"https:\/\/uvbbrasil.com.br\/uvb-realiza-otop-legislativo-na-cidade-de-encantado-rs\/#breadcrumb"},"inLanguage":"pt-BR","potentialAction":[{"@type":"ReadAction","target":["https:\/\/uvbbrasil.com.br\/uvb-realiza-otop-legislativo-na-cidade-de-encantado-rs\/"]}]},{"@type":"ImageObject","inLanguage":"pt-BR","@id":"https:\/\/uvbbrasil.com.br\/uvb-realiza-otop-legislativo-na-cidade-de-encantado-rs\/#primaryimage","url":"https:\/\/uvbbrasil.com.br\/wp-content\/uploads\/2021\/12\/WhatsApp-Image-2021-12-09-at-15.11.17-2.jpeg","contentUrl":"https:\/\/uvbbrasil.com.br\/wp-content\/uploads\/2021\/12\/WhatsApp-Image-2021-12-09-at-15.11.17-2.jpeg","width":1280,"height":720},{"@type":"BreadcrumbList","@id":"https:\/\/uvbbrasil.com.br\/uvb-realiza-otop-legislativo-na-cidade-de-encantado-rs\/#breadcrumb","itemListElement":[{"@type":"ListItem","position":1,"name":"In\u00edcio","item":"https:\/\/uvbbrasil.com.br\/"},{"@type":"ListItem","position":2,"name":"UVB realiza oTop Legislativo na cidade de Encantado\/RS"}]},{"@type":"WebSite","@id":"https:\/\/uvbbrasil.com.br\/#website","url":"https:\/\/uvbbrasil.com.br\/","name":"UVB Brasil","description":"Uni\u00e3o dos Vereadores do Brasil","publisher":{"@id":"https:\/\/uvbbrasil.com.br\/#organization"},"potentialAction":[{"@type":"SearchAction","target":{"@type":"EntryPoint","urlTemplate":"https:\/\/uvbbrasil.com.br\/?s={search_term_string}"},"query-input":{"@type":"PropertyValueSpecification","valueRequired":true,"valueName":"search_term_string"}}],"inLanguage":"pt-BR"},{"@type":"Organization","@id":"https:\/\/uvbbrasil.com.br\/#organization","name":"UVB Brasil","url":"https:\/\/uvbbrasil.com.br\/","logo":{"@type":"ImageObject","inLanguage":"pt-BR","@id":"https:\/\/uvbbrasil.com.br\/#\/schema\/logo\/image\/","url":"https:\/\/uvbbrasil.com.br\/wp-content\/uploads\/2025\/01\/LOGO-UVB-2024-azul-1.jpg","contentUrl":"https:\/\/uvbbrasil.com.br\/wp-content\/uploads\/2025\/01\/LOGO-UVB-2024-azul-1.jpg","width":600,"height":211,"caption":"UVB Brasil"},"image":{"@id":"https:\/\/uvbbrasil.com.br\/#\/schema\/logo\/image\/"},"sameAs":["https:\/\/www.facebook.com\/uvb.vereadoresbrasil","https:\/\/www.instagram.com\/uvbbrasil\/","https:\/\/www.youtube.com\/channel\/UCIlPQ8Xzw5GHNzosQIg9S5A"]},{"@type":"Person","@id":"https:\/\/uvbbrasil.com.br\/#\/schema\/person\/17990098446c098f52effddff4f1b272","name":"adminuvb","image":{"@type":"ImageObject","inLanguage":"pt-BR","@id":"https:\/\/uvbbrasil.com.br\/#\/schema\/person\/image\/","url":"https:\/\/secure.gravatar.com\/avatar\/1a494ea6f8e2dd1ae526e55b0e9497efdba542491e0620d704cccf63c6f77c45?s=96&d=mm&r=g","contentUrl":"https:\/\/secure.gravatar.com\/avatar\/1a494ea6f8e2dd1ae526e55b0e9497efdba542491e0620d704cccf63c6f77c45?s=96&d=mm&r=g","caption":"adminuvb"},"sameAs":["https:\/\/uvbbrasil.com.br"],"url":"https:\/\/uvbbrasil.com.br\/author\/adminuvb\/"}]}},"_links":{"self":[{"href":"https:\/\/uvbbrasil.com.br\/uvb-json\/wp\/v2\/posts\/24499","targetHints":{"allow":["GET"]}}],"collection":[{"href":"https:\/\/uvbbrasil.com.br\/uvb-json\/wp\/v2\/posts"}],"about":[{"href":"https:\/\/uvbbrasil.com.br\/uvb-json\/wp\/v2\/types\/post"}],"author":[{"embeddable":true,"href":"https:\/\/uvbbrasil.com.br\/uvb-json\/wp\/v2\/users\/1"}],"replies":[{"embeddable":true,"href":"https:\/\/uvbbrasil.com.br\/uvb-json\/wp\/v2\/comments?post=24499"}],"version-history":[{"count":0,"href":"https:\/\/uvbbrasil.com.br\/uvb-json\/wp\/v2\/posts\/24499\/revisions"}],"wp:featuredmedia":[{"embeddable":true,"href":"https:\/\/uvbbrasil.com.br\/uvb-json\/wp\/v2\/media\/24504"}],"wp:attachment":[{"href":"https:\/\/uvbbrasil.com.br\/uvb-json\/wp\/v2\/media?parent=24499"}],"wp:term":[{"taxonomy":"category","embeddable":true,"href":"https:\/\/uvbbrasil.com.br\/uvb-json\/wp\/v2\/categories?post=24499"},{"taxonomy":"post_tag","embeddable":true,"href":"https:\/\/uvbbrasil.com.br\/uvb-json\/wp\/v2\/tags?post=24499"}],"curies":[{"name":"wp","href":"https:\/\/api.w.org\/{rel}","templated":true}]}}