{"id":24470,"date":"2021-12-09T15:55:49","date_gmt":"2021-12-09T18:55:49","guid":{"rendered":"https:\/\/wpsandbox4.pante.com.br\/?p=24470"},"modified":"2021-12-09T15:55:49","modified_gmt":"2021-12-09T18:55:49","slug":"cidades-inteligentes-e-gestao-eficiente-em-encantado-rs","status":"publish","type":"post","link":"https:\/\/uvbbrasil.com.br\/cidades-inteligentes-e-gestao-eficiente-em-encantado-rs\/","title":{"rendered":"Cidades Inteligentes e Gest\u00e3o Eficiente em Encantado\/RS"},"content":{"rendered":"<p>Com o objetivo de ensinar como relacionar os aspectos sociais, urbanos, ambientais e econ\u00f4micos visando realizar de maneira eficiente a gest\u00e3o de pol\u00edticas p\u00fablicas a Uni\u00e3o dos Vereadores do Brasil\/UVB, incluiu o tema Cidades Inteligentes e Gest\u00e3o Eficiente no Semin\u00e1rio Nacional de Legislativos e Gest\u00f5es Municipais.<\/p>\n<p>Conduzido pelo instrutor e idealizador, Lu\u00eds Fernando Pires Machado, servidor do Senado Federal, Doutor Honoris Causa em Gest\u00e3o P\u00fablica, Doutor em Ci\u00eancias Jur\u00eddicas e Sociais, P\u00f3s-doutor em Direito Penal e Garantias Constitucionais. Atualmente \u00e9 tamb\u00e9m pesquisador da USP, em SmartcitiesBR, e Coordenador-Geral do Interlegis. Explicou como a gest\u00e3o eficiente implica na ado\u00e7\u00e3o de ferramentas que modernizam a cidade e a conectam com as pessoas, com os processos e com a inova\u00e7\u00e3o tecnol\u00f3gica. Abordou tamb\u00e9m \u00a0o conceitos e informa\u00e7\u00f5es relacionado \u00e0 Governan\u00e7a P\u00fablica.<\/p>\n<p>Para ele, as dificuldades em que se encontram quase todos os munic\u00edpios n\u00e3o impedem que os que assumirem um compromisso se destaquem no quesito gest\u00e3o p\u00fablica. \u201cS\u00f3 com uma gest\u00e3o eficiente \u00e9 que se pode chegar a uma cidade inteligente. \u00c9 nas cidades que tudo acontece. \u00c9 dentro dos munic\u00edpios que a vida toma forma\u201d, afirma o professor.<\/p>\n<p>.<img fetchpriority=\"high\" decoding=\"async\" class=\"alignnone size-medium wp-image-24472\" src=\"https:\/\/uvbbrasil.com.br\/wp-content\/uploads\/2021\/12\/WhatsApp-Image-2021-12-09-at-15.11.15-169x300.jpeg\" alt=\"\" width=\"169\" height=\"300\" srcset=\"https:\/\/uvbbrasil.com.br\/wp-content\/uploads\/2021\/12\/WhatsApp-Image-2021-12-09-at-15.11.15-169x300.jpeg 169w, https:\/\/uvbbrasil.com.br\/wp-content\/uploads\/2021\/12\/WhatsApp-Image-2021-12-09-at-15.11.15-576x1024.jpeg 576w, https:\/\/uvbbrasil.com.br\/wp-content\/uploads\/2021\/12\/WhatsApp-Image-2021-12-09-at-15.11.15-768x1365.jpeg 768w, https:\/\/uvbbrasil.com.br\/wp-content\/uploads\/2021\/12\/WhatsApp-Image-2021-12-09-at-15.11.15-864x1536.jpeg 864w, https:\/\/uvbbrasil.com.br\/wp-content\/uploads\/2021\/12\/WhatsApp-Image-2021-12-09-at-15.11.15.jpeg 900w\" sizes=\"(max-width: 169px) 100vw, 169px\" \/><\/p>\n<p><img decoding=\"async\" class=\"alignnone size-medium wp-image-24471\" src=\"https:\/\/uvbbrasil.com.br\/wp-content\/uploads\/2021\/12\/WhatsApp-Image-2021-12-09-at-15.11.16-300x169.jpeg\" alt=\"\" width=\"300\" height=\"169\" srcset=\"https:\/\/uvbbrasil.com.br\/wp-content\/uploads\/2021\/12\/WhatsApp-Image-2021-12-09-at-15.11.16-300x169.jpeg 300w, https:\/\/uvbbrasil.com.br\/wp-content\/uploads\/2021\/12\/WhatsApp-Image-2021-12-09-at-15.11.16-1024x576.jpeg 1024w, https:\/\/uvbbrasil.com.br\/wp-content\/uploads\/2021\/12\/WhatsApp-Image-2021-12-09-at-15.11.16-768x432.jpeg 768w, https:\/\/uvbbrasil.com.br\/wp-content\/uploads\/2021\/12\/WhatsApp-Image-2021-12-09-at-15.11.16-1536x864.jpeg 1536w, https:\/\/uvbbrasil.com.br\/wp-content\/uploads\/2021\/12\/WhatsApp-Image-2021-12-09-at-15.11.16.jpeg 1600w\" sizes=\"(max-width: 300px) 100vw, 300px\" \/><\/p>\n","protected":false},"excerpt":{"rendered":"<p>Com o objetivo de ensinar como relacionar os aspectos sociais, urbanos, ambientais e econ\u00f4micos visando realizar de maneira eficiente a&#8230;<\/p>\n","protected":false},"author":1,"featured_media":24471,"comment_status":"open","ping_status":"open","sticky":false,"template":"","format":"standard","meta":{"footnotes":""},"categories":[3,4],"tags":[],"class_list":["post-24470","post","type-post","status-publish","format-standard","has-post-thumbnail","hentry","category-noticias","category-home"],"yoast_head":"<!-- This site is optimized with the Yoast SEO plugin v26.7 - https:\/\/yoast.com\/wordpress\/plugins\/seo\/ -->\n<title>Cidades Inteligentes e Gest\u00e3o Eficiente em Encantado\/RS - UVB Brasil<\/title>\n<meta name=\"robots\" content=\"index, follow, max-snippet:-1, max-image-preview:large, max-video-preview:-1\" \/>\n<link rel=\"canonical\" href=\"https:\/\/uvbbrasil.com.br\/cidades-inteligentes-e-gestao-eficiente-em-encantado-rs\/\" \/>\n<meta property=\"og:locale\" content=\"pt_BR\" \/>\n<meta property=\"og:type\" content=\"article\" \/>\n<meta property=\"og:title\" content=\"Cidades Inteligentes e Gest\u00e3o Eficiente em Encantado\/RS - UVB Brasil\" \/>\n<meta property=\"og:description\" content=\"Com o objetivo de ensinar como relacionar os aspectos sociais, urbanos, ambientais e econ\u00f4micos visando realizar de maneira eficiente a...\" \/>\n<meta property=\"og:url\" content=\"https:\/\/uvbbrasil.com.br\/cidades-inteligentes-e-gestao-eficiente-em-encantado-rs\/\" \/>\n<meta property=\"og:site_name\" content=\"UVB Brasil\" \/>\n<meta property=\"article:publisher\" content=\"https:\/\/www.facebook.com\/uvb.vereadoresbrasil\" \/>\n<meta property=\"article:published_time\" content=\"2021-12-09T18:55:49+00:00\" \/>\n<meta property=\"og:image\" content=\"https:\/\/uvbbrasil.com.br\/wp-content\/uploads\/2021\/12\/WhatsApp-Image-2021-12-09-at-15.11.16.jpeg\" \/>\n\t<meta property=\"og:image:width\" content=\"1600\" \/>\n\t<meta property=\"og:image:height\" content=\"900\" \/>\n\t<meta property=\"og:image:type\" content=\"image\/jpeg\" \/>\n<meta name=\"author\" content=\"adminuvb\" \/>\n<meta name=\"twitter:card\" content=\"summary_large_image\" \/>\n<meta name=\"twitter:label1\" content=\"Escrito por\" \/>\n\t<meta name=\"twitter:data1\" content=\"adminuvb\" \/>\n\t<meta name=\"twitter:label2\" content=\"Est. tempo de leitura\" \/>\n\t<meta name=\"twitter:data2\" content=\"2 minutos\" \/>\n<script type=\"application\/ld+json\" class=\"yoast-schema-graph\">{\"@context\":\"https:\/\/schema.org\",\"@graph\":[{\"@type\":\"Article\",\"@id\":\"https:\/\/uvbbrasil.com.br\/cidades-inteligentes-e-gestao-eficiente-em-encantado-rs\/#article\",\"isPartOf\":{\"@id\":\"https:\/\/uvbbrasil.com.br\/cidades-inteligentes-e-gestao-eficiente-em-encantado-rs\/\"},\"author\":{\"name\":\"adminuvb\",\"@id\":\"https:\/\/uvbbrasil.com.br\/#\/schema\/person\/17990098446c098f52effddff4f1b272\"},\"headline\":\"Cidades Inteligentes e Gest\u00e3o Eficiente em Encantado\/RS\",\"datePublished\":\"2021-12-09T18:55:49+00:00\",\"mainEntityOfPage\":{\"@id\":\"https:\/\/uvbbrasil.com.br\/cidades-inteligentes-e-gestao-eficiente-em-encantado-rs\/\"},\"wordCount\":220,\"commentCount\":0,\"publisher\":{\"@id\":\"https:\/\/uvbbrasil.com.br\/#organization\"},\"image\":{\"@id\":\"https:\/\/uvbbrasil.com.br\/cidades-inteligentes-e-gestao-eficiente-em-encantado-rs\/#primaryimage\"},\"thumbnailUrl\":\"https:\/\/uvbbrasil.com.br\/wp-content\/uploads\/2021\/12\/WhatsApp-Image-2021-12-09-at-15.11.16.jpeg\",\"articleSection\":[\"NOT\u00cdCIAS\",\"UVB\"],\"inLanguage\":\"pt-BR\",\"potentialAction\":[{\"@type\":\"CommentAction\",\"name\":\"Comment\",\"target\":[\"https:\/\/uvbbrasil.com.br\/cidades-inteligentes-e-gestao-eficiente-em-encantado-rs\/#respond\"]}]},{\"@type\":\"WebPage\",\"@id\":\"https:\/\/uvbbrasil.com.br\/cidades-inteligentes-e-gestao-eficiente-em-encantado-rs\/\",\"url\":\"https:\/\/uvbbrasil.com.br\/cidades-inteligentes-e-gestao-eficiente-em-encantado-rs\/\",\"name\":\"Cidades Inteligentes e Gest\u00e3o Eficiente em Encantado\/RS - UVB Brasil\",\"isPartOf\":{\"@id\":\"https:\/\/uvbbrasil.com.br\/#website\"},\"primaryImageOfPage\":{\"@id\":\"https:\/\/uvbbrasil.com.br\/cidades-inteligentes-e-gestao-eficiente-em-encantado-rs\/#primaryimage\"},\"image\":{\"@id\":\"https:\/\/uvbbrasil.com.br\/cidades-inteligentes-e-gestao-eficiente-em-encantado-rs\/#primaryimage\"},\"thumbnailUrl\":\"https:\/\/uvbbrasil.com.br\/wp-content\/uploads\/2021\/12\/WhatsApp-Image-2021-12-09-at-15.11.16.jpeg\",\"datePublished\":\"2021-12-09T18:55:49+00:00\",\"breadcrumb\":{\"@id\":\"https:\/\/uvbbrasil.com.br\/cidades-inteligentes-e-gestao-eficiente-em-encantado-rs\/#breadcrumb\"},\"inLanguage\":\"pt-BR\",\"potentialAction\":[{\"@type\":\"ReadAction\",\"target\":[\"https:\/\/uvbbrasil.com.br\/cidades-inteligentes-e-gestao-eficiente-em-encantado-rs\/\"]}]},{\"@type\":\"ImageObject\",\"inLanguage\":\"pt-BR\",\"@id\":\"https:\/\/uvbbrasil.com.br\/cidades-inteligentes-e-gestao-eficiente-em-encantado-rs\/#primaryimage\",\"url\":\"https:\/\/uvbbrasil.com.br\/wp-content\/uploads\/2021\/12\/WhatsApp-Image-2021-12-09-at-15.11.16.jpeg\",\"contentUrl\":\"https:\/\/uvbbrasil.com.br\/wp-content\/uploads\/2021\/12\/WhatsApp-Image-2021-12-09-at-15.11.16.jpeg\",\"width\":1600,\"height\":900},{\"@type\":\"BreadcrumbList\",\"@id\":\"https:\/\/uvbbrasil.com.br\/cidades-inteligentes-e-gestao-eficiente-em-encantado-rs\/#breadcrumb\",\"itemListElement\":[{\"@type\":\"ListItem\",\"position\":1,\"name\":\"In\u00edcio\",\"item\":\"https:\/\/uvbbrasil.com.br\/\"},{\"@type\":\"ListItem\",\"position\":2,\"name\":\"Cidades Inteligentes e Gest\u00e3o Eficiente em Encantado\/RS\"}]},{\"@type\":\"WebSite\",\"@id\":\"https:\/\/uvbbrasil.com.br\/#website\",\"url\":\"https:\/\/uvbbrasil.com.br\/\",\"name\":\"UVB Brasil\",\"description\":\"Uni\u00e3o dos Vereadores do Brasil\",\"publisher\":{\"@id\":\"https:\/\/uvbbrasil.com.br\/#organization\"},\"potentialAction\":[{\"@type\":\"SearchAction\",\"target\":{\"@type\":\"EntryPoint\",\"urlTemplate\":\"https:\/\/uvbbrasil.com.br\/?s={search_term_string}\"},\"query-input\":{\"@type\":\"PropertyValueSpecification\",\"valueRequired\":true,\"valueName\":\"search_term_string\"}}],\"inLanguage\":\"pt-BR\"},{\"@type\":\"Organization\",\"@id\":\"https:\/\/uvbbrasil.com.br\/#organization\",\"name\":\"UVB Brasil\",\"url\":\"https:\/\/uvbbrasil.com.br\/\",\"logo\":{\"@type\":\"ImageObject\",\"inLanguage\":\"pt-BR\",\"@id\":\"https:\/\/uvbbrasil.com.br\/#\/schema\/logo\/image\/\",\"url\":\"https:\/\/uvbbrasil.com.br\/wp-content\/uploads\/2025\/01\/LOGO-UVB-2024-azul-1.jpg\",\"contentUrl\":\"https:\/\/uvbbrasil.com.br\/wp-content\/uploads\/2025\/01\/LOGO-UVB-2024-azul-1.jpg\",\"width\":600,\"height\":211,\"caption\":\"UVB Brasil\"},\"image\":{\"@id\":\"https:\/\/uvbbrasil.com.br\/#\/schema\/logo\/image\/\"},\"sameAs\":[\"https:\/\/www.facebook.com\/uvb.vereadoresbrasil\",\"https:\/\/www.instagram.com\/uvbbrasil\/\",\"https:\/\/www.youtube.com\/channel\/UCIlPQ8Xzw5GHNzosQIg9S5A\"]},{\"@type\":\"Person\",\"@id\":\"https:\/\/uvbbrasil.com.br\/#\/schema\/person\/17990098446c098f52effddff4f1b272\",\"name\":\"adminuvb\",\"image\":{\"@type\":\"ImageObject\",\"inLanguage\":\"pt-BR\",\"@id\":\"https:\/\/uvbbrasil.com.br\/#\/schema\/person\/image\/\",\"url\":\"https:\/\/secure.gravatar.com\/avatar\/1a494ea6f8e2dd1ae526e55b0e9497efdba542491e0620d704cccf63c6f77c45?s=96&d=mm&r=g\",\"contentUrl\":\"https:\/\/secure.gravatar.com\/avatar\/1a494ea6f8e2dd1ae526e55b0e9497efdba542491e0620d704cccf63c6f77c45?s=96&d=mm&r=g\",\"caption\":\"adminuvb\"},\"sameAs\":[\"https:\/\/uvbbrasil.com.br\"],\"url\":\"https:\/\/uvbbrasil.com.br\/author\/adminuvb\/\"}]}<\/script>\n<!-- \/ Yoast SEO plugin. -->","yoast_head_json":{"title":"Cidades Inteligentes e Gest\u00e3o Eficiente em Encantado\/RS - UVB Brasil","robots":{"index":"index","follow":"follow","max-snippet":"max-snippet:-1","max-image-preview":"max-image-preview:large","max-video-preview":"max-video-preview:-1"},"canonical":"https:\/\/uvbbrasil.com.br\/cidades-inteligentes-e-gestao-eficiente-em-encantado-rs\/","og_locale":"pt_BR","og_type":"article","og_title":"Cidades Inteligentes e Gest\u00e3o Eficiente em Encantado\/RS - UVB Brasil","og_description":"Com o objetivo de ensinar como relacionar os aspectos sociais, urbanos, ambientais e econ\u00f4micos visando realizar de maneira eficiente a...","og_url":"https:\/\/uvbbrasil.com.br\/cidades-inteligentes-e-gestao-eficiente-em-encantado-rs\/","og_site_name":"UVB Brasil","article_publisher":"https:\/\/www.facebook.com\/uvb.vereadoresbrasil","article_published_time":"2021-12-09T18:55:49+00:00","og_image":[{"width":1600,"height":900,"url":"https:\/\/uvbbrasil.com.br\/wp-content\/uploads\/2021\/12\/WhatsApp-Image-2021-12-09-at-15.11.16.jpeg","type":"image\/jpeg"}],"author":"adminuvb","twitter_card":"summary_large_image","twitter_misc":{"Escrito por":"adminuvb","Est. tempo de leitura":"2 minutos"},"schema":{"@context":"https:\/\/schema.org","@graph":[{"@type":"Article","@id":"https:\/\/uvbbrasil.com.br\/cidades-inteligentes-e-gestao-eficiente-em-encantado-rs\/#article","isPartOf":{"@id":"https:\/\/uvbbrasil.com.br\/cidades-inteligentes-e-gestao-eficiente-em-encantado-rs\/"},"author":{"name":"adminuvb","@id":"https:\/\/uvbbrasil.com.br\/#\/schema\/person\/17990098446c098f52effddff4f1b272"},"headline":"Cidades Inteligentes e Gest\u00e3o Eficiente em Encantado\/RS","datePublished":"2021-12-09T18:55:49+00:00","mainEntityOfPage":{"@id":"https:\/\/uvbbrasil.com.br\/cidades-inteligentes-e-gestao-eficiente-em-encantado-rs\/"},"wordCount":220,"commentCount":0,"publisher":{"@id":"https:\/\/uvbbrasil.com.br\/#organization"},"image":{"@id":"https:\/\/uvbbrasil.com.br\/cidades-inteligentes-e-gestao-eficiente-em-encantado-rs\/#primaryimage"},"thumbnailUrl":"https:\/\/uvbbrasil.com.br\/wp-content\/uploads\/2021\/12\/WhatsApp-Image-2021-12-09-at-15.11.16.jpeg","articleSection":["NOT\u00cdCIAS","UVB"],"inLanguage":"pt-BR","potentialAction":[{"@type":"CommentAction","name":"Comment","target":["https:\/\/uvbbrasil.com.br\/cidades-inteligentes-e-gestao-eficiente-em-encantado-rs\/#respond"]}]},{"@type":"WebPage","@id":"https:\/\/uvbbrasil.com.br\/cidades-inteligentes-e-gestao-eficiente-em-encantado-rs\/","url":"https:\/\/uvbbrasil.com.br\/cidades-inteligentes-e-gestao-eficiente-em-encantado-rs\/","name":"Cidades Inteligentes e Gest\u00e3o Eficiente em Encantado\/RS - UVB Brasil","isPartOf":{"@id":"https:\/\/uvbbrasil.com.br\/#website"},"primaryImageOfPage":{"@id":"https:\/\/uvbbrasil.com.br\/cidades-inteligentes-e-gestao-eficiente-em-encantado-rs\/#primaryimage"},"image":{"@id":"https:\/\/uvbbrasil.com.br\/cidades-inteligentes-e-gestao-eficiente-em-encantado-rs\/#primaryimage"},"thumbnailUrl":"https:\/\/uvbbrasil.com.br\/wp-content\/uploads\/2021\/12\/WhatsApp-Image-2021-12-09-at-15.11.16.jpeg","datePublished":"2021-12-09T18:55:49+00:00","breadcrumb":{"@id":"https:\/\/uvbbrasil.com.br\/cidades-inteligentes-e-gestao-eficiente-em-encantado-rs\/#breadcrumb"},"inLanguage":"pt-BR","potentialAction":[{"@type":"ReadAction","target":["https:\/\/uvbbrasil.com.br\/cidades-inteligentes-e-gestao-eficiente-em-encantado-rs\/"]}]},{"@type":"ImageObject","inLanguage":"pt-BR","@id":"https:\/\/uvbbrasil.com.br\/cidades-inteligentes-e-gestao-eficiente-em-encantado-rs\/#primaryimage","url":"https:\/\/uvbbrasil.com.br\/wp-content\/uploads\/2021\/12\/WhatsApp-Image-2021-12-09-at-15.11.16.jpeg","contentUrl":"https:\/\/uvbbrasil.com.br\/wp-content\/uploads\/2021\/12\/WhatsApp-Image-2021-12-09-at-15.11.16.jpeg","width":1600,"height":900},{"@type":"BreadcrumbList","@id":"https:\/\/uvbbrasil.com.br\/cidades-inteligentes-e-gestao-eficiente-em-encantado-rs\/#breadcrumb","itemListElement":[{"@type":"ListItem","position":1,"name":"In\u00edcio","item":"https:\/\/uvbbrasil.com.br\/"},{"@type":"ListItem","position":2,"name":"Cidades Inteligentes e Gest\u00e3o Eficiente em Encantado\/RS"}]},{"@type":"WebSite","@id":"https:\/\/uvbbrasil.com.br\/#website","url":"https:\/\/uvbbrasil.com.br\/","name":"UVB Brasil","description":"Uni\u00e3o dos Vereadores do Brasil","publisher":{"@id":"https:\/\/uvbbrasil.com.br\/#organization"},"potentialAction":[{"@type":"SearchAction","target":{"@type":"EntryPoint","urlTemplate":"https:\/\/uvbbrasil.com.br\/?s={search_term_string}"},"query-input":{"@type":"PropertyValueSpecification","valueRequired":true,"valueName":"search_term_string"}}],"inLanguage":"pt-BR"},{"@type":"Organization","@id":"https:\/\/uvbbrasil.com.br\/#organization","name":"UVB Brasil","url":"https:\/\/uvbbrasil.com.br\/","logo":{"@type":"ImageObject","inLanguage":"pt-BR","@id":"https:\/\/uvbbrasil.com.br\/#\/schema\/logo\/image\/","url":"https:\/\/uvbbrasil.com.br\/wp-content\/uploads\/2025\/01\/LOGO-UVB-2024-azul-1.jpg","contentUrl":"https:\/\/uvbbrasil.com.br\/wp-content\/uploads\/2025\/01\/LOGO-UVB-2024-azul-1.jpg","width":600,"height":211,"caption":"UVB Brasil"},"image":{"@id":"https:\/\/uvbbrasil.com.br\/#\/schema\/logo\/image\/"},"sameAs":["https:\/\/www.facebook.com\/uvb.vereadoresbrasil","https:\/\/www.instagram.com\/uvbbrasil\/","https:\/\/www.youtube.com\/channel\/UCIlPQ8Xzw5GHNzosQIg9S5A"]},{"@type":"Person","@id":"https:\/\/uvbbrasil.com.br\/#\/schema\/person\/17990098446c098f52effddff4f1b272","name":"adminuvb","image":{"@type":"ImageObject","inLanguage":"pt-BR","@id":"https:\/\/uvbbrasil.com.br\/#\/schema\/person\/image\/","url":"https:\/\/secure.gravatar.com\/avatar\/1a494ea6f8e2dd1ae526e55b0e9497efdba542491e0620d704cccf63c6f77c45?s=96&d=mm&r=g","contentUrl":"https:\/\/secure.gravatar.com\/avatar\/1a494ea6f8e2dd1ae526e55b0e9497efdba542491e0620d704cccf63c6f77c45?s=96&d=mm&r=g","caption":"adminuvb"},"sameAs":["https:\/\/uvbbrasil.com.br"],"url":"https:\/\/uvbbrasil.com.br\/author\/adminuvb\/"}]}},"_links":{"self":[{"href":"https:\/\/uvbbrasil.com.br\/uvb-json\/wp\/v2\/posts\/24470","targetHints":{"allow":["GET"]}}],"collection":[{"href":"https:\/\/uvbbrasil.com.br\/uvb-json\/wp\/v2\/posts"}],"about":[{"href":"https:\/\/uvbbrasil.com.br\/uvb-json\/wp\/v2\/types\/post"}],"author":[{"embeddable":true,"href":"https:\/\/uvbbrasil.com.br\/uvb-json\/wp\/v2\/users\/1"}],"replies":[{"embeddable":true,"href":"https:\/\/uvbbrasil.com.br\/uvb-json\/wp\/v2\/comments?post=24470"}],"version-history":[{"count":0,"href":"https:\/\/uvbbrasil.com.br\/uvb-json\/wp\/v2\/posts\/24470\/revisions"}],"wp:featuredmedia":[{"embeddable":true,"href":"https:\/\/uvbbrasil.com.br\/uvb-json\/wp\/v2\/media\/24471"}],"wp:attachment":[{"href":"https:\/\/uvbbrasil.com.br\/uvb-json\/wp\/v2\/media?parent=24470"}],"wp:term":[{"taxonomy":"category","embeddable":true,"href":"https:\/\/uvbbrasil.com.br\/uvb-json\/wp\/v2\/categories?post=24470"},{"taxonomy":"post_tag","embeddable":true,"href":"https:\/\/uvbbrasil.com.br\/uvb-json\/wp\/v2\/tags?post=24470"}],"curies":[{"name":"wp","href":"https:\/\/api.w.org\/{rel}","templated":true}]}}