{"id":24463,"date":"2021-12-09T12:43:00","date_gmt":"2021-12-09T15:43:00","guid":{"rendered":"https:\/\/wpsandbox4.pante.com.br\/?p=24463"},"modified":"2021-12-09T12:43:00","modified_gmt":"2021-12-09T15:43:00","slug":"alteracoes-da-lei-de-improbidade-administrativa-juliano-andre-heisler","status":"publish","type":"post","link":"https:\/\/uvbbrasil.com.br\/alteracoes-da-lei-de-improbidade-administrativa-juliano-andre-heisler\/","title":{"rendered":"Altera\u00e7\u00f5es da Lei de Improbidade Administrativa"},"content":{"rendered":"<p><strong>Por que mudar a Lei Federal n\u00ba 8.429\/1992? <\/strong><\/p>\n<p><strong>LEI FEDERAL 8.429\/1992 (<u>REDA\u00c7\u00c3O REVOGADA<\/u>) <\/strong><\/p>\n<p>Art 10 Constitui ato de improbidade administrativa que cause les\u00e3o ao er\u00e1rio por <strong><u>qualquer A\u00c7\u00c3O ou OMISS\u00c3O, DOLOSA ou CULPOSA<\/u><\/strong>, que enseje perda patrimonial, desvio, apropria\u00e7\u00e3o, malbaratamento ou dilapida\u00e7\u00e3o dos bens e haveres das entidades referidas no art. 1\u00ba desta lei, e notadamente:<\/p>\n<p>Art 11 Constitui ato de improbidade administrativa que atenta contra os princ\u00edpios da administra\u00e7\u00e3o p\u00fablica <strong><u>qualquer a\u00e7\u00e3o ou omiss\u00e3o <\/u><\/strong>que viole os deveres de honestidade, imparcialidade, legalidade e lealdade \u00e0s institui\u00e7\u00f5es, e notadamente:<\/p>\n<p><strong>Dos Atos de Improbidade Administrativa que Importam Enriquecimento Il\u00edcito-<\/strong> <strong>DOLO<\/strong><\/p>\n<p><strong>Art. 9\u00ba<\/strong> Constitui ato de improbidade administrativa importando em enriquecimento il\u00edcito auferir, mediante a pr\u00e1tica de ato <strong><u>doloso<\/u><\/strong>, qualquer tipo de vantagem patrimonial indevida em raz\u00e3o do exerc\u00edcio de cargo, de mandato, de fun\u00e7\u00e3o, de emprego ou de atividade nas entidades referidas no art. 1\u00ba desta Lei, e notadamente: (&#8230;)<\/p>\n<p><strong>Art. 10. <\/strong>Constitui ato de improbidade administrativa que causa les\u00e3o ao er\u00e1rio qualquer a\u00e7\u00e3o ou omiss\u00e3o <strong><u>dolosa<\/u><\/strong>, que enseje, efetiva e comprovadamente, perda patrimonial, desvio, apropria\u00e7\u00e3o, malbaratamento ou dilapida\u00e7\u00e3o dos bens ou haveres das entidades referidas no art. 1\u00ba desta Lei, e notadamente: (&#8230;)<\/p>\n<p><strong>Art. 11. <\/strong>Constitui ato de improbidade administrativa que atenta contra os princ\u00edpios da administra\u00e7\u00e3o p\u00fablica a a\u00e7\u00e3o ou omiss\u00e3o <strong><u>dolosa<\/u><\/strong> que viole os deveres de honestidade, de imparcialidade e de legalidade, caracterizada por uma das seguintes condutas:<\/p>\n<p><strong>Responsabilidade de Terceiros<\/strong><\/p>\n<p>Art. 3\u00ba As disposi\u00e7\u00f5es desta Lei s\u00e3o aplic\u00e1veis, no que couber, \u00e0quele que, mesmo n\u00e3o sendo agente p\u00fablico, induza ou concorra <strong><u>dolosamente<\/u><\/strong> para a pr\u00e1tica do ato de improbidade.<\/p>\n<ul>\n<li>1\u00ba Os s\u00f3cios, os cotistas, os diretores e os colaboradores de pessoa jur\u00eddica de direito privado <strong><u>n\u00e3o respondem pelo ato de improbidade que venha a ser imputado \u00e0 pessoa jur\u00eddica<\/u><\/strong>, salvo se, comprovadamente, houver participa\u00e7\u00e3o e benef\u00edcios diretos, caso em que responder\u00e3o nos limites da sua participa\u00e7\u00e3o<\/li>\n<\/ul>\n<p>Com seu amplo conhecimento Juliano Andr\u00e9 Heisler, esclareceu as duvidas dos parlamentares presentes no Semin\u00e1rio Nacional de Legislativos e Gest\u00f5es Municipais, ele que \u00e9,\u00a0 Advogado da Heisler Sociedade Individual de Advocacia. Advogado com dez anos de experi\u00eancia em gest\u00e3o p\u00fablica. Conhecimentos em licita\u00e7\u00f5es, contratos, tribut\u00e1rio, c\u00edvel e trabalhista. Regimes jur\u00eddicos pr\u00f3prios. RPPS. Processos Administrativos Disciplinares. Processos Administrativos Especiais. Representa\u00e7\u00e3o TCE, TCU, MP RS e MPU.<\/p>\n<p><img fetchpriority=\"high\" decoding=\"async\" class=\"alignnone size-medium wp-image-24464\" src=\"https:\/\/uvbbrasil.com.br\/wp-content\/uploads\/2021\/12\/WhatsApp-Image-2021-12-08-at-23.57.05-300x200.jpeg\" alt=\"\" width=\"300\" height=\"200\" srcset=\"https:\/\/uvbbrasil.com.br\/wp-content\/uploads\/2021\/12\/WhatsApp-Image-2021-12-08-at-23.57.05-300x200.jpeg 300w, https:\/\/uvbbrasil.com.br\/wp-content\/uploads\/2021\/12\/WhatsApp-Image-2021-12-08-at-23.57.05-1024x682.jpeg 1024w, https:\/\/uvbbrasil.com.br\/wp-content\/uploads\/2021\/12\/WhatsApp-Image-2021-12-08-at-23.57.05-768x512.jpeg 768w, https:\/\/uvbbrasil.com.br\/wp-content\/uploads\/2021\/12\/WhatsApp-Image-2021-12-08-at-23.57.05.jpeg 1280w\" sizes=\"(max-width: 300px) 100vw, 300px\" \/><\/p>\n<p><img decoding=\"async\" class=\"alignnone size-medium wp-image-24465\" src=\"https:\/\/uvbbrasil.com.br\/wp-content\/uploads\/2021\/12\/WhatsApp-Image-2021-12-08-at-23.56.40-300x200.jpeg\" alt=\"\" width=\"300\" height=\"200\" srcset=\"https:\/\/uvbbrasil.com.br\/wp-content\/uploads\/2021\/12\/WhatsApp-Image-2021-12-08-at-23.56.40-300x200.jpeg 300w, https:\/\/uvbbrasil.com.br\/wp-content\/uploads\/2021\/12\/WhatsApp-Image-2021-12-08-at-23.56.40-1024x682.jpeg 1024w, https:\/\/uvbbrasil.com.br\/wp-content\/uploads\/2021\/12\/WhatsApp-Image-2021-12-08-at-23.56.40-768x512.jpeg 768w, https:\/\/uvbbrasil.com.br\/wp-content\/uploads\/2021\/12\/WhatsApp-Image-2021-12-08-at-23.56.40.jpeg 1280w\" sizes=\"(max-width: 300px) 100vw, 300px\" \/><\/p>\n","protected":false},"excerpt":{"rendered":"<p>Por que mudar a Lei Federal n\u00ba 8.429\/1992? LEI FEDERAL 8.429\/1992 (REDA\u00c7\u00c3O REVOGADA) Art 10 Constitui ato de improbidade administrativa&#8230;<\/p>\n","protected":false},"author":1,"featured_media":24464,"comment_status":"open","ping_status":"open","sticky":false,"template":"","format":"standard","meta":{"footnotes":""},"categories":[3,4],"tags":[],"class_list":["post-24463","post","type-post","status-publish","format-standard","has-post-thumbnail","hentry","category-noticias","category-home"],"yoast_head":"<!-- This site is optimized with the Yoast SEO plugin v26.7 - https:\/\/yoast.com\/wordpress\/plugins\/seo\/ -->\n<title>Altera\u00e7\u00f5es da Lei de Improbidade Administrativa - UVB Brasil<\/title>\n<meta name=\"robots\" content=\"index, follow, max-snippet:-1, max-image-preview:large, max-video-preview:-1\" \/>\n<link rel=\"canonical\" href=\"https:\/\/uvbbrasil.com.br\/alteracoes-da-lei-de-improbidade-administrativa-juliano-andre-heisler\/\" \/>\n<meta property=\"og:locale\" content=\"pt_BR\" \/>\n<meta property=\"og:type\" content=\"article\" \/>\n<meta property=\"og:title\" content=\"Altera\u00e7\u00f5es da Lei de Improbidade Administrativa - UVB Brasil\" \/>\n<meta property=\"og:description\" content=\"Por que mudar a Lei Federal n\u00ba 8.429\/1992? LEI FEDERAL 8.429\/1992 (REDA\u00c7\u00c3O REVOGADA) Art 10 Constitui ato de improbidade administrativa...\" \/>\n<meta property=\"og:url\" content=\"https:\/\/uvbbrasil.com.br\/alteracoes-da-lei-de-improbidade-administrativa-juliano-andre-heisler\/\" \/>\n<meta property=\"og:site_name\" content=\"UVB Brasil\" \/>\n<meta property=\"article:publisher\" content=\"https:\/\/www.facebook.com\/uvb.vereadoresbrasil\" \/>\n<meta property=\"article:published_time\" content=\"2021-12-09T15:43:00+00:00\" \/>\n<meta property=\"og:image\" content=\"https:\/\/uvbbrasil.com.br\/wp-content\/uploads\/2021\/12\/WhatsApp-Image-2021-12-08-at-23.57.05.jpeg\" \/>\n\t<meta property=\"og:image:width\" content=\"1280\" \/>\n\t<meta property=\"og:image:height\" content=\"853\" \/>\n\t<meta property=\"og:image:type\" content=\"image\/jpeg\" \/>\n<meta name=\"author\" content=\"adminuvb\" \/>\n<meta name=\"twitter:card\" content=\"summary_large_image\" \/>\n<meta name=\"twitter:label1\" content=\"Escrito por\" \/>\n\t<meta name=\"twitter:data1\" content=\"adminuvb\" \/>\n\t<meta name=\"twitter:label2\" content=\"Est. tempo de leitura\" \/>\n\t<meta name=\"twitter:data2\" content=\"3 minutos\" \/>\n<script type=\"application\/ld+json\" class=\"yoast-schema-graph\">{\"@context\":\"https:\/\/schema.org\",\"@graph\":[{\"@type\":\"Article\",\"@id\":\"https:\/\/uvbbrasil.com.br\/alteracoes-da-lei-de-improbidade-administrativa-juliano-andre-heisler\/#article\",\"isPartOf\":{\"@id\":\"https:\/\/uvbbrasil.com.br\/alteracoes-da-lei-de-improbidade-administrativa-juliano-andre-heisler\/\"},\"author\":{\"name\":\"adminuvb\",\"@id\":\"https:\/\/uvbbrasil.com.br\/#\/schema\/person\/17990098446c098f52effddff4f1b272\"},\"headline\":\"Altera\u00e7\u00f5es da Lei de Improbidade Administrativa\",\"datePublished\":\"2021-12-09T15:43:00+00:00\",\"mainEntityOfPage\":{\"@id\":\"https:\/\/uvbbrasil.com.br\/alteracoes-da-lei-de-improbidade-administrativa-juliano-andre-heisler\/\"},\"wordCount\":420,\"commentCount\":0,\"publisher\":{\"@id\":\"https:\/\/uvbbrasil.com.br\/#organization\"},\"image\":{\"@id\":\"https:\/\/uvbbrasil.com.br\/alteracoes-da-lei-de-improbidade-administrativa-juliano-andre-heisler\/#primaryimage\"},\"thumbnailUrl\":\"https:\/\/uvbbrasil.com.br\/wp-content\/uploads\/2021\/12\/WhatsApp-Image-2021-12-08-at-23.57.05.jpeg\",\"articleSection\":[\"NOT\u00cdCIAS\",\"UVB\"],\"inLanguage\":\"pt-BR\",\"potentialAction\":[{\"@type\":\"CommentAction\",\"name\":\"Comment\",\"target\":[\"https:\/\/uvbbrasil.com.br\/alteracoes-da-lei-de-improbidade-administrativa-juliano-andre-heisler\/#respond\"]}]},{\"@type\":\"WebPage\",\"@id\":\"https:\/\/uvbbrasil.com.br\/alteracoes-da-lei-de-improbidade-administrativa-juliano-andre-heisler\/\",\"url\":\"https:\/\/uvbbrasil.com.br\/alteracoes-da-lei-de-improbidade-administrativa-juliano-andre-heisler\/\",\"name\":\"Altera\u00e7\u00f5es da Lei de Improbidade Administrativa - UVB Brasil\",\"isPartOf\":{\"@id\":\"https:\/\/uvbbrasil.com.br\/#website\"},\"primaryImageOfPage\":{\"@id\":\"https:\/\/uvbbrasil.com.br\/alteracoes-da-lei-de-improbidade-administrativa-juliano-andre-heisler\/#primaryimage\"},\"image\":{\"@id\":\"https:\/\/uvbbrasil.com.br\/alteracoes-da-lei-de-improbidade-administrativa-juliano-andre-heisler\/#primaryimage\"},\"thumbnailUrl\":\"https:\/\/uvbbrasil.com.br\/wp-content\/uploads\/2021\/12\/WhatsApp-Image-2021-12-08-at-23.57.05.jpeg\",\"datePublished\":\"2021-12-09T15:43:00+00:00\",\"breadcrumb\":{\"@id\":\"https:\/\/uvbbrasil.com.br\/alteracoes-da-lei-de-improbidade-administrativa-juliano-andre-heisler\/#breadcrumb\"},\"inLanguage\":\"pt-BR\",\"potentialAction\":[{\"@type\":\"ReadAction\",\"target\":[\"https:\/\/uvbbrasil.com.br\/alteracoes-da-lei-de-improbidade-administrativa-juliano-andre-heisler\/\"]}]},{\"@type\":\"ImageObject\",\"inLanguage\":\"pt-BR\",\"@id\":\"https:\/\/uvbbrasil.com.br\/alteracoes-da-lei-de-improbidade-administrativa-juliano-andre-heisler\/#primaryimage\",\"url\":\"https:\/\/uvbbrasil.com.br\/wp-content\/uploads\/2021\/12\/WhatsApp-Image-2021-12-08-at-23.57.05.jpeg\",\"contentUrl\":\"https:\/\/uvbbrasil.com.br\/wp-content\/uploads\/2021\/12\/WhatsApp-Image-2021-12-08-at-23.57.05.jpeg\",\"width\":1280,\"height\":853},{\"@type\":\"BreadcrumbList\",\"@id\":\"https:\/\/uvbbrasil.com.br\/alteracoes-da-lei-de-improbidade-administrativa-juliano-andre-heisler\/#breadcrumb\",\"itemListElement\":[{\"@type\":\"ListItem\",\"position\":1,\"name\":\"In\u00edcio\",\"item\":\"https:\/\/uvbbrasil.com.br\/\"},{\"@type\":\"ListItem\",\"position\":2,\"name\":\"Altera\u00e7\u00f5es da Lei de Improbidade Administrativa\"}]},{\"@type\":\"WebSite\",\"@id\":\"https:\/\/uvbbrasil.com.br\/#website\",\"url\":\"https:\/\/uvbbrasil.com.br\/\",\"name\":\"UVB Brasil\",\"description\":\"Uni\u00e3o dos Vereadores do Brasil\",\"publisher\":{\"@id\":\"https:\/\/uvbbrasil.com.br\/#organization\"},\"potentialAction\":[{\"@type\":\"SearchAction\",\"target\":{\"@type\":\"EntryPoint\",\"urlTemplate\":\"https:\/\/uvbbrasil.com.br\/?s={search_term_string}\"},\"query-input\":{\"@type\":\"PropertyValueSpecification\",\"valueRequired\":true,\"valueName\":\"search_term_string\"}}],\"inLanguage\":\"pt-BR\"},{\"@type\":\"Organization\",\"@id\":\"https:\/\/uvbbrasil.com.br\/#organization\",\"name\":\"UVB Brasil\",\"url\":\"https:\/\/uvbbrasil.com.br\/\",\"logo\":{\"@type\":\"ImageObject\",\"inLanguage\":\"pt-BR\",\"@id\":\"https:\/\/uvbbrasil.com.br\/#\/schema\/logo\/image\/\",\"url\":\"https:\/\/uvbbrasil.com.br\/wp-content\/uploads\/2025\/01\/LOGO-UVB-2024-azul-1.jpg\",\"contentUrl\":\"https:\/\/uvbbrasil.com.br\/wp-content\/uploads\/2025\/01\/LOGO-UVB-2024-azul-1.jpg\",\"width\":600,\"height\":211,\"caption\":\"UVB Brasil\"},\"image\":{\"@id\":\"https:\/\/uvbbrasil.com.br\/#\/schema\/logo\/image\/\"},\"sameAs\":[\"https:\/\/www.facebook.com\/uvb.vereadoresbrasil\",\"https:\/\/www.instagram.com\/uvbbrasil\/\",\"https:\/\/www.youtube.com\/channel\/UCIlPQ8Xzw5GHNzosQIg9S5A\"]},{\"@type\":\"Person\",\"@id\":\"https:\/\/uvbbrasil.com.br\/#\/schema\/person\/17990098446c098f52effddff4f1b272\",\"name\":\"adminuvb\",\"image\":{\"@type\":\"ImageObject\",\"inLanguage\":\"pt-BR\",\"@id\":\"https:\/\/uvbbrasil.com.br\/#\/schema\/person\/image\/\",\"url\":\"https:\/\/secure.gravatar.com\/avatar\/1a494ea6f8e2dd1ae526e55b0e9497efdba542491e0620d704cccf63c6f77c45?s=96&d=mm&r=g\",\"contentUrl\":\"https:\/\/secure.gravatar.com\/avatar\/1a494ea6f8e2dd1ae526e55b0e9497efdba542491e0620d704cccf63c6f77c45?s=96&d=mm&r=g\",\"caption\":\"adminuvb\"},\"sameAs\":[\"https:\/\/uvbbrasil.com.br\"],\"url\":\"https:\/\/uvbbrasil.com.br\/author\/adminuvb\/\"}]}<\/script>\n<!-- \/ Yoast SEO plugin. -->","yoast_head_json":{"title":"Altera\u00e7\u00f5es da Lei de Improbidade Administrativa - UVB Brasil","robots":{"index":"index","follow":"follow","max-snippet":"max-snippet:-1","max-image-preview":"max-image-preview:large","max-video-preview":"max-video-preview:-1"},"canonical":"https:\/\/uvbbrasil.com.br\/alteracoes-da-lei-de-improbidade-administrativa-juliano-andre-heisler\/","og_locale":"pt_BR","og_type":"article","og_title":"Altera\u00e7\u00f5es da Lei de Improbidade Administrativa - UVB Brasil","og_description":"Por que mudar a Lei Federal n\u00ba 8.429\/1992? LEI FEDERAL 8.429\/1992 (REDA\u00c7\u00c3O REVOGADA) Art 10 Constitui ato de improbidade administrativa...","og_url":"https:\/\/uvbbrasil.com.br\/alteracoes-da-lei-de-improbidade-administrativa-juliano-andre-heisler\/","og_site_name":"UVB Brasil","article_publisher":"https:\/\/www.facebook.com\/uvb.vereadoresbrasil","article_published_time":"2021-12-09T15:43:00+00:00","og_image":[{"width":1280,"height":853,"url":"https:\/\/uvbbrasil.com.br\/wp-content\/uploads\/2021\/12\/WhatsApp-Image-2021-12-08-at-23.57.05.jpeg","type":"image\/jpeg"}],"author":"adminuvb","twitter_card":"summary_large_image","twitter_misc":{"Escrito por":"adminuvb","Est. tempo de leitura":"3 minutos"},"schema":{"@context":"https:\/\/schema.org","@graph":[{"@type":"Article","@id":"https:\/\/uvbbrasil.com.br\/alteracoes-da-lei-de-improbidade-administrativa-juliano-andre-heisler\/#article","isPartOf":{"@id":"https:\/\/uvbbrasil.com.br\/alteracoes-da-lei-de-improbidade-administrativa-juliano-andre-heisler\/"},"author":{"name":"adminuvb","@id":"https:\/\/uvbbrasil.com.br\/#\/schema\/person\/17990098446c098f52effddff4f1b272"},"headline":"Altera\u00e7\u00f5es da Lei de Improbidade Administrativa","datePublished":"2021-12-09T15:43:00+00:00","mainEntityOfPage":{"@id":"https:\/\/uvbbrasil.com.br\/alteracoes-da-lei-de-improbidade-administrativa-juliano-andre-heisler\/"},"wordCount":420,"commentCount":0,"publisher":{"@id":"https:\/\/uvbbrasil.com.br\/#organization"},"image":{"@id":"https:\/\/uvbbrasil.com.br\/alteracoes-da-lei-de-improbidade-administrativa-juliano-andre-heisler\/#primaryimage"},"thumbnailUrl":"https:\/\/uvbbrasil.com.br\/wp-content\/uploads\/2021\/12\/WhatsApp-Image-2021-12-08-at-23.57.05.jpeg","articleSection":["NOT\u00cdCIAS","UVB"],"inLanguage":"pt-BR","potentialAction":[{"@type":"CommentAction","name":"Comment","target":["https:\/\/uvbbrasil.com.br\/alteracoes-da-lei-de-improbidade-administrativa-juliano-andre-heisler\/#respond"]}]},{"@type":"WebPage","@id":"https:\/\/uvbbrasil.com.br\/alteracoes-da-lei-de-improbidade-administrativa-juliano-andre-heisler\/","url":"https:\/\/uvbbrasil.com.br\/alteracoes-da-lei-de-improbidade-administrativa-juliano-andre-heisler\/","name":"Altera\u00e7\u00f5es da Lei de Improbidade Administrativa - UVB Brasil","isPartOf":{"@id":"https:\/\/uvbbrasil.com.br\/#website"},"primaryImageOfPage":{"@id":"https:\/\/uvbbrasil.com.br\/alteracoes-da-lei-de-improbidade-administrativa-juliano-andre-heisler\/#primaryimage"},"image":{"@id":"https:\/\/uvbbrasil.com.br\/alteracoes-da-lei-de-improbidade-administrativa-juliano-andre-heisler\/#primaryimage"},"thumbnailUrl":"https:\/\/uvbbrasil.com.br\/wp-content\/uploads\/2021\/12\/WhatsApp-Image-2021-12-08-at-23.57.05.jpeg","datePublished":"2021-12-09T15:43:00+00:00","breadcrumb":{"@id":"https:\/\/uvbbrasil.com.br\/alteracoes-da-lei-de-improbidade-administrativa-juliano-andre-heisler\/#breadcrumb"},"inLanguage":"pt-BR","potentialAction":[{"@type":"ReadAction","target":["https:\/\/uvbbrasil.com.br\/alteracoes-da-lei-de-improbidade-administrativa-juliano-andre-heisler\/"]}]},{"@type":"ImageObject","inLanguage":"pt-BR","@id":"https:\/\/uvbbrasil.com.br\/alteracoes-da-lei-de-improbidade-administrativa-juliano-andre-heisler\/#primaryimage","url":"https:\/\/uvbbrasil.com.br\/wp-content\/uploads\/2021\/12\/WhatsApp-Image-2021-12-08-at-23.57.05.jpeg","contentUrl":"https:\/\/uvbbrasil.com.br\/wp-content\/uploads\/2021\/12\/WhatsApp-Image-2021-12-08-at-23.57.05.jpeg","width":1280,"height":853},{"@type":"BreadcrumbList","@id":"https:\/\/uvbbrasil.com.br\/alteracoes-da-lei-de-improbidade-administrativa-juliano-andre-heisler\/#breadcrumb","itemListElement":[{"@type":"ListItem","position":1,"name":"In\u00edcio","item":"https:\/\/uvbbrasil.com.br\/"},{"@type":"ListItem","position":2,"name":"Altera\u00e7\u00f5es da Lei de Improbidade Administrativa"}]},{"@type":"WebSite","@id":"https:\/\/uvbbrasil.com.br\/#website","url":"https:\/\/uvbbrasil.com.br\/","name":"UVB Brasil","description":"Uni\u00e3o dos Vereadores do Brasil","publisher":{"@id":"https:\/\/uvbbrasil.com.br\/#organization"},"potentialAction":[{"@type":"SearchAction","target":{"@type":"EntryPoint","urlTemplate":"https:\/\/uvbbrasil.com.br\/?s={search_term_string}"},"query-input":{"@type":"PropertyValueSpecification","valueRequired":true,"valueName":"search_term_string"}}],"inLanguage":"pt-BR"},{"@type":"Organization","@id":"https:\/\/uvbbrasil.com.br\/#organization","name":"UVB Brasil","url":"https:\/\/uvbbrasil.com.br\/","logo":{"@type":"ImageObject","inLanguage":"pt-BR","@id":"https:\/\/uvbbrasil.com.br\/#\/schema\/logo\/image\/","url":"https:\/\/uvbbrasil.com.br\/wp-content\/uploads\/2025\/01\/LOGO-UVB-2024-azul-1.jpg","contentUrl":"https:\/\/uvbbrasil.com.br\/wp-content\/uploads\/2025\/01\/LOGO-UVB-2024-azul-1.jpg","width":600,"height":211,"caption":"UVB Brasil"},"image":{"@id":"https:\/\/uvbbrasil.com.br\/#\/schema\/logo\/image\/"},"sameAs":["https:\/\/www.facebook.com\/uvb.vereadoresbrasil","https:\/\/www.instagram.com\/uvbbrasil\/","https:\/\/www.youtube.com\/channel\/UCIlPQ8Xzw5GHNzosQIg9S5A"]},{"@type":"Person","@id":"https:\/\/uvbbrasil.com.br\/#\/schema\/person\/17990098446c098f52effddff4f1b272","name":"adminuvb","image":{"@type":"ImageObject","inLanguage":"pt-BR","@id":"https:\/\/uvbbrasil.com.br\/#\/schema\/person\/image\/","url":"https:\/\/secure.gravatar.com\/avatar\/1a494ea6f8e2dd1ae526e55b0e9497efdba542491e0620d704cccf63c6f77c45?s=96&d=mm&r=g","contentUrl":"https:\/\/secure.gravatar.com\/avatar\/1a494ea6f8e2dd1ae526e55b0e9497efdba542491e0620d704cccf63c6f77c45?s=96&d=mm&r=g","caption":"adminuvb"},"sameAs":["https:\/\/uvbbrasil.com.br"],"url":"https:\/\/uvbbrasil.com.br\/author\/adminuvb\/"}]}},"_links":{"self":[{"href":"https:\/\/uvbbrasil.com.br\/uvb-json\/wp\/v2\/posts\/24463","targetHints":{"allow":["GET"]}}],"collection":[{"href":"https:\/\/uvbbrasil.com.br\/uvb-json\/wp\/v2\/posts"}],"about":[{"href":"https:\/\/uvbbrasil.com.br\/uvb-json\/wp\/v2\/types\/post"}],"author":[{"embeddable":true,"href":"https:\/\/uvbbrasil.com.br\/uvb-json\/wp\/v2\/users\/1"}],"replies":[{"embeddable":true,"href":"https:\/\/uvbbrasil.com.br\/uvb-json\/wp\/v2\/comments?post=24463"}],"version-history":[{"count":0,"href":"https:\/\/uvbbrasil.com.br\/uvb-json\/wp\/v2\/posts\/24463\/revisions"}],"wp:featuredmedia":[{"embeddable":true,"href":"https:\/\/uvbbrasil.com.br\/uvb-json\/wp\/v2\/media\/24464"}],"wp:attachment":[{"href":"https:\/\/uvbbrasil.com.br\/uvb-json\/wp\/v2\/media?parent=24463"}],"wp:term":[{"taxonomy":"category","embeddable":true,"href":"https:\/\/uvbbrasil.com.br\/uvb-json\/wp\/v2\/categories?post=24463"},{"taxonomy":"post_tag","embeddable":true,"href":"https:\/\/uvbbrasil.com.br\/uvb-json\/wp\/v2\/tags?post=24463"}],"curies":[{"name":"wp","href":"https:\/\/api.w.org\/{rel}","templated":true}]}}