{"id":24448,"date":"2021-12-09T09:25:38","date_gmt":"2021-12-09T12:25:38","guid":{"rendered":"https:\/\/wpsandbox4.pante.com.br\/?p=24448"},"modified":"2021-12-09T09:25:38","modified_gmt":"2021-12-09T12:25:38","slug":"turismo-como-fonte-de-desenvolvimento-regional-pela-amturlaves","status":"publish","type":"post","link":"https:\/\/uvbbrasil.com.br\/turismo-como-fonte-de-desenvolvimento-regional-pela-amturlaves\/","title":{"rendered":"Turismo como Fonte de Desenvolvimento Regional pela AMTURLAVES"},"content":{"rendered":"<p>O presidente da Associa\u00e7\u00e3o dos Munic\u00edpios de Turismo da Regi\u00e3o dos Vales\/ AMTURVALES, Leandro Arenhart, juntamente com Secret\u00e1rio Estadual de Turismo do Rio Grande do Sul, Ronaldo Santini, Secret\u00e1rio Estadual de Turismo do Rio Grande do Sul<\/p>\n<p>A AMTURVALES conta com 36 munic\u00edpios filiados a entidade, na qual tem o objetivo \u00a0de estruturar, qualificar e promover os roteiros e atrativos tur\u00edsticos, desenvolver projetos de integra\u00e7\u00e3o regional, incentivar e orientar investidores para a \u00e1rea do turismo\u00a0 agrupar o trade do turismo regional, \u00a0de acordo com o presidente da Amturvales, Leandro Arenhart, conta com a mobiliza\u00e7\u00e3o dos empreendedores e gestores p\u00fablicos associados para promover o turismo do Vale, especialmente na temporada primavera\/ver\u00e3o, per\u00edodo de f\u00e9rias, quando as pessoas costumam sair para passear e viajar.<\/p>\n<p>O secretario do turismo Ronaldo Santini, em sua participa\u00e7\u00e3o citou a integra\u00e7\u00e3o\u00a0 que\u00a0\u00a0 pretende cada vez mais\u00a0 fortalecer o turismo do Vale como um todo, especialmente na temporada de f\u00e9rias em que\u00a0 tanto\u00a0 tem a oferecer aos turistas, \u00a0salientando que a inten\u00e7\u00e3o \u00e9 vender a regi\u00e3o para o estado e pa\u00eds.\u00a0 O secretario estadual citou que as localidades, \u00e9 poss\u00edvel se desenvolver ainda que basicamente equipamentos de apoio e infraestrutura, cria\u00e7\u00e3o de novos meios de hospedagem, entretenimento, m\u00e3o de obra qualificada, meios de transporte, oportunidade de expans\u00e3o dos empreendimentos e servi\u00e7os alimentares,<\/p>\n<p>O Semin\u00e1rio Nacional de Legislativos Municipais reuni agentes p\u00fablicos municipais de diversos estados brasileiros, com debates dos principais temas: Cidades Colaborativas \u2013 cases de sucesso, Turismo como fonte de desenvolvimento regional, Cultura ga\u00facha na educa\u00e7\u00e3o municipal, Lei de improbidade administrativa, nova lei das licita\u00e7\u00f5es, cooperar para crescer entre outros importantes temas. O evento conta com o apoio da AVAT, AMVAT, C\u00e2mara de Vereadores de Encantado.<\/p>\n<p><img fetchpriority=\"high\" decoding=\"async\" class=\"alignnone size-medium wp-image-24449\" src=\"https:\/\/uvbbrasil.com.br\/wp-content\/uploads\/2021\/12\/WhatsApp-Image-2021-12-08-at-23.56.34-2-300x200.jpeg\" alt=\"\" width=\"300\" height=\"200\" srcset=\"https:\/\/uvbbrasil.com.br\/wp-content\/uploads\/2021\/12\/WhatsApp-Image-2021-12-08-at-23.56.34-2-300x200.jpeg 300w, https:\/\/uvbbrasil.com.br\/wp-content\/uploads\/2021\/12\/WhatsApp-Image-2021-12-08-at-23.56.34-2-1024x682.jpeg 1024w, https:\/\/uvbbrasil.com.br\/wp-content\/uploads\/2021\/12\/WhatsApp-Image-2021-12-08-at-23.56.34-2-768x512.jpeg 768w, https:\/\/uvbbrasil.com.br\/wp-content\/uploads\/2021\/12\/WhatsApp-Image-2021-12-08-at-23.56.34-2.jpeg 1280w\" sizes=\"(max-width: 300px) 100vw, 300px\" \/><img decoding=\"async\" class=\"alignnone size-medium wp-image-24450\" src=\"https:\/\/uvbbrasil.com.br\/wp-content\/uploads\/2021\/12\/WhatsApp-Image-2021-12-08-at-23.56.43-300x200.jpeg\" alt=\"\" width=\"300\" height=\"200\" srcset=\"https:\/\/uvbbrasil.com.br\/wp-content\/uploads\/2021\/12\/WhatsApp-Image-2021-12-08-at-23.56.43-300x200.jpeg 300w, https:\/\/uvbbrasil.com.br\/wp-content\/uploads\/2021\/12\/WhatsApp-Image-2021-12-08-at-23.56.43-1024x682.jpeg 1024w, https:\/\/uvbbrasil.com.br\/wp-content\/uploads\/2021\/12\/WhatsApp-Image-2021-12-08-at-23.56.43-768x512.jpeg 768w, https:\/\/uvbbrasil.com.br\/wp-content\/uploads\/2021\/12\/WhatsApp-Image-2021-12-08-at-23.56.43.jpeg 1280w\" sizes=\"(max-width: 300px) 100vw, 300px\" \/><\/p>\n<p><img decoding=\"async\" class=\"alignnone size-medium wp-image-24453\" src=\"https:\/\/uvbbrasil.com.br\/wp-content\/uploads\/2021\/12\/WhatsApp-Image-2021-12-08-at-23.57.02-300x200.jpeg\" alt=\"\" width=\"300\" height=\"200\" srcset=\"https:\/\/uvbbrasil.com.br\/wp-content\/uploads\/2021\/12\/WhatsApp-Image-2021-12-08-at-23.57.02-300x200.jpeg 300w, https:\/\/uvbbrasil.com.br\/wp-content\/uploads\/2021\/12\/WhatsApp-Image-2021-12-08-at-23.57.02-1024x682.jpeg 1024w, https:\/\/uvbbrasil.com.br\/wp-content\/uploads\/2021\/12\/WhatsApp-Image-2021-12-08-at-23.57.02-768x512.jpeg 768w, https:\/\/uvbbrasil.com.br\/wp-content\/uploads\/2021\/12\/WhatsApp-Image-2021-12-08-at-23.57.02.jpeg 1280w\" sizes=\"(max-width: 300px) 100vw, 300px\" \/><img loading=\"lazy\" decoding=\"async\" class=\"alignnone size-medium wp-image-24452\" src=\"https:\/\/uvbbrasil.com.br\/wp-content\/uploads\/2021\/12\/WhatsApp-Image-2021-12-08-at-23.57.01-300x200.jpeg\" alt=\"\" width=\"300\" height=\"200\" srcset=\"https:\/\/uvbbrasil.com.br\/wp-content\/uploads\/2021\/12\/WhatsApp-Image-2021-12-08-at-23.57.01-300x200.jpeg 300w, https:\/\/uvbbrasil.com.br\/wp-content\/uploads\/2021\/12\/WhatsApp-Image-2021-12-08-at-23.57.01-1024x682.jpeg 1024w, https:\/\/uvbbrasil.com.br\/wp-content\/uploads\/2021\/12\/WhatsApp-Image-2021-12-08-at-23.57.01-768x512.jpeg 768w, https:\/\/uvbbrasil.com.br\/wp-content\/uploads\/2021\/12\/WhatsApp-Image-2021-12-08-at-23.57.01.jpeg 1280w\" sizes=\"(max-width: 300px) 100vw, 300px\" \/><\/p>\n","protected":false},"excerpt":{"rendered":"<p>O presidente da Associa\u00e7\u00e3o dos Munic\u00edpios de Turismo da Regi\u00e3o dos Vales\/ AMTURVALES, Leandro Arenhart, juntamente com Secret\u00e1rio Estadual de&#8230;<\/p>\n","protected":false},"author":1,"featured_media":24450,"comment_status":"open","ping_status":"open","sticky":false,"template":"","format":"standard","meta":{"footnotes":""},"categories":[3,4],"tags":[],"class_list":["post-24448","post","type-post","status-publish","format-standard","has-post-thumbnail","hentry","category-noticias","category-home"],"yoast_head":"<!-- This site is optimized with the Yoast SEO plugin v26.7 - https:\/\/yoast.com\/wordpress\/plugins\/seo\/ -->\n<title>Turismo como Fonte de Desenvolvimento Regional pela AMTURLAVES - UVB Brasil<\/title>\n<meta name=\"robots\" content=\"index, follow, max-snippet:-1, max-image-preview:large, max-video-preview:-1\" \/>\n<link rel=\"canonical\" href=\"https:\/\/uvbbrasil.com.br\/turismo-como-fonte-de-desenvolvimento-regional-pela-amturlaves\/\" \/>\n<meta property=\"og:locale\" content=\"pt_BR\" \/>\n<meta property=\"og:type\" content=\"article\" \/>\n<meta property=\"og:title\" content=\"Turismo como Fonte de Desenvolvimento Regional pela AMTURLAVES - UVB Brasil\" \/>\n<meta property=\"og:description\" content=\"O presidente da Associa\u00e7\u00e3o dos Munic\u00edpios de Turismo da Regi\u00e3o dos Vales\/ AMTURVALES, Leandro Arenhart, juntamente com Secret\u00e1rio Estadual de...\" \/>\n<meta property=\"og:url\" content=\"https:\/\/uvbbrasil.com.br\/turismo-como-fonte-de-desenvolvimento-regional-pela-amturlaves\/\" \/>\n<meta property=\"og:site_name\" content=\"UVB Brasil\" \/>\n<meta property=\"article:publisher\" content=\"https:\/\/www.facebook.com\/uvb.vereadoresbrasil\" \/>\n<meta property=\"article:published_time\" content=\"2021-12-09T12:25:38+00:00\" \/>\n<meta property=\"og:image\" content=\"https:\/\/uvbbrasil.com.br\/wp-content\/uploads\/2021\/12\/WhatsApp-Image-2021-12-08-at-23.56.43.jpeg\" \/>\n\t<meta property=\"og:image:width\" content=\"1280\" \/>\n\t<meta property=\"og:image:height\" content=\"853\" \/>\n\t<meta property=\"og:image:type\" content=\"image\/jpeg\" \/>\n<meta name=\"author\" content=\"adminuvb\" \/>\n<meta name=\"twitter:card\" content=\"summary_large_image\" \/>\n<meta name=\"twitter:label1\" content=\"Escrito por\" \/>\n\t<meta name=\"twitter:data1\" content=\"adminuvb\" \/>\n\t<meta name=\"twitter:label2\" content=\"Est. tempo de leitura\" \/>\n\t<meta name=\"twitter:data2\" content=\"3 minutos\" \/>\n<script type=\"application\/ld+json\" class=\"yoast-schema-graph\">{\"@context\":\"https:\/\/schema.org\",\"@graph\":[{\"@type\":\"Article\",\"@id\":\"https:\/\/uvbbrasil.com.br\/turismo-como-fonte-de-desenvolvimento-regional-pela-amturlaves\/#article\",\"isPartOf\":{\"@id\":\"https:\/\/uvbbrasil.com.br\/turismo-como-fonte-de-desenvolvimento-regional-pela-amturlaves\/\"},\"author\":{\"name\":\"adminuvb\",\"@id\":\"https:\/\/uvbbrasil.com.br\/#\/schema\/person\/17990098446c098f52effddff4f1b272\"},\"headline\":\"Turismo como Fonte de Desenvolvimento Regional pela AMTURLAVES\",\"datePublished\":\"2021-12-09T12:25:38+00:00\",\"mainEntityOfPage\":{\"@id\":\"https:\/\/uvbbrasil.com.br\/turismo-como-fonte-de-desenvolvimento-regional-pela-amturlaves\/\"},\"wordCount\":314,\"commentCount\":0,\"publisher\":{\"@id\":\"https:\/\/uvbbrasil.com.br\/#organization\"},\"image\":{\"@id\":\"https:\/\/uvbbrasil.com.br\/turismo-como-fonte-de-desenvolvimento-regional-pela-amturlaves\/#primaryimage\"},\"thumbnailUrl\":\"https:\/\/uvbbrasil.com.br\/wp-content\/uploads\/2021\/12\/WhatsApp-Image-2021-12-08-at-23.56.43.jpeg\",\"articleSection\":[\"NOT\u00cdCIAS\",\"UVB\"],\"inLanguage\":\"pt-BR\",\"potentialAction\":[{\"@type\":\"CommentAction\",\"name\":\"Comment\",\"target\":[\"https:\/\/uvbbrasil.com.br\/turismo-como-fonte-de-desenvolvimento-regional-pela-amturlaves\/#respond\"]}]},{\"@type\":\"WebPage\",\"@id\":\"https:\/\/uvbbrasil.com.br\/turismo-como-fonte-de-desenvolvimento-regional-pela-amturlaves\/\",\"url\":\"https:\/\/uvbbrasil.com.br\/turismo-como-fonte-de-desenvolvimento-regional-pela-amturlaves\/\",\"name\":\"Turismo como Fonte de Desenvolvimento Regional pela AMTURLAVES - UVB Brasil\",\"isPartOf\":{\"@id\":\"https:\/\/uvbbrasil.com.br\/#website\"},\"primaryImageOfPage\":{\"@id\":\"https:\/\/uvbbrasil.com.br\/turismo-como-fonte-de-desenvolvimento-regional-pela-amturlaves\/#primaryimage\"},\"image\":{\"@id\":\"https:\/\/uvbbrasil.com.br\/turismo-como-fonte-de-desenvolvimento-regional-pela-amturlaves\/#primaryimage\"},\"thumbnailUrl\":\"https:\/\/uvbbrasil.com.br\/wp-content\/uploads\/2021\/12\/WhatsApp-Image-2021-12-08-at-23.56.43.jpeg\",\"datePublished\":\"2021-12-09T12:25:38+00:00\",\"breadcrumb\":{\"@id\":\"https:\/\/uvbbrasil.com.br\/turismo-como-fonte-de-desenvolvimento-regional-pela-amturlaves\/#breadcrumb\"},\"inLanguage\":\"pt-BR\",\"potentialAction\":[{\"@type\":\"ReadAction\",\"target\":[\"https:\/\/uvbbrasil.com.br\/turismo-como-fonte-de-desenvolvimento-regional-pela-amturlaves\/\"]}]},{\"@type\":\"ImageObject\",\"inLanguage\":\"pt-BR\",\"@id\":\"https:\/\/uvbbrasil.com.br\/turismo-como-fonte-de-desenvolvimento-regional-pela-amturlaves\/#primaryimage\",\"url\":\"https:\/\/uvbbrasil.com.br\/wp-content\/uploads\/2021\/12\/WhatsApp-Image-2021-12-08-at-23.56.43.jpeg\",\"contentUrl\":\"https:\/\/uvbbrasil.com.br\/wp-content\/uploads\/2021\/12\/WhatsApp-Image-2021-12-08-at-23.56.43.jpeg\",\"width\":1280,\"height\":853},{\"@type\":\"BreadcrumbList\",\"@id\":\"https:\/\/uvbbrasil.com.br\/turismo-como-fonte-de-desenvolvimento-regional-pela-amturlaves\/#breadcrumb\",\"itemListElement\":[{\"@type\":\"ListItem\",\"position\":1,\"name\":\"In\u00edcio\",\"item\":\"https:\/\/uvbbrasil.com.br\/\"},{\"@type\":\"ListItem\",\"position\":2,\"name\":\"Turismo como Fonte de Desenvolvimento Regional pela AMTURLAVES\"}]},{\"@type\":\"WebSite\",\"@id\":\"https:\/\/uvbbrasil.com.br\/#website\",\"url\":\"https:\/\/uvbbrasil.com.br\/\",\"name\":\"UVB Brasil\",\"description\":\"Uni\u00e3o dos Vereadores do Brasil\",\"publisher\":{\"@id\":\"https:\/\/uvbbrasil.com.br\/#organization\"},\"potentialAction\":[{\"@type\":\"SearchAction\",\"target\":{\"@type\":\"EntryPoint\",\"urlTemplate\":\"https:\/\/uvbbrasil.com.br\/?s={search_term_string}\"},\"query-input\":{\"@type\":\"PropertyValueSpecification\",\"valueRequired\":true,\"valueName\":\"search_term_string\"}}],\"inLanguage\":\"pt-BR\"},{\"@type\":\"Organization\",\"@id\":\"https:\/\/uvbbrasil.com.br\/#organization\",\"name\":\"UVB Brasil\",\"url\":\"https:\/\/uvbbrasil.com.br\/\",\"logo\":{\"@type\":\"ImageObject\",\"inLanguage\":\"pt-BR\",\"@id\":\"https:\/\/uvbbrasil.com.br\/#\/schema\/logo\/image\/\",\"url\":\"https:\/\/uvbbrasil.com.br\/wp-content\/uploads\/2025\/01\/LOGO-UVB-2024-azul-1.jpg\",\"contentUrl\":\"https:\/\/uvbbrasil.com.br\/wp-content\/uploads\/2025\/01\/LOGO-UVB-2024-azul-1.jpg\",\"width\":600,\"height\":211,\"caption\":\"UVB Brasil\"},\"image\":{\"@id\":\"https:\/\/uvbbrasil.com.br\/#\/schema\/logo\/image\/\"},\"sameAs\":[\"https:\/\/www.facebook.com\/uvb.vereadoresbrasil\",\"https:\/\/www.instagram.com\/uvbbrasil\/\",\"https:\/\/www.youtube.com\/channel\/UCIlPQ8Xzw5GHNzosQIg9S5A\"]},{\"@type\":\"Person\",\"@id\":\"https:\/\/uvbbrasil.com.br\/#\/schema\/person\/17990098446c098f52effddff4f1b272\",\"name\":\"adminuvb\",\"image\":{\"@type\":\"ImageObject\",\"inLanguage\":\"pt-BR\",\"@id\":\"https:\/\/uvbbrasil.com.br\/#\/schema\/person\/image\/\",\"url\":\"https:\/\/secure.gravatar.com\/avatar\/1a494ea6f8e2dd1ae526e55b0e9497efdba542491e0620d704cccf63c6f77c45?s=96&d=mm&r=g\",\"contentUrl\":\"https:\/\/secure.gravatar.com\/avatar\/1a494ea6f8e2dd1ae526e55b0e9497efdba542491e0620d704cccf63c6f77c45?s=96&d=mm&r=g\",\"caption\":\"adminuvb\"},\"sameAs\":[\"https:\/\/uvbbrasil.com.br\"],\"url\":\"https:\/\/uvbbrasil.com.br\/author\/adminuvb\/\"}]}<\/script>\n<!-- \/ Yoast SEO plugin. -->","yoast_head_json":{"title":"Turismo como Fonte de Desenvolvimento Regional pela AMTURLAVES - UVB Brasil","robots":{"index":"index","follow":"follow","max-snippet":"max-snippet:-1","max-image-preview":"max-image-preview:large","max-video-preview":"max-video-preview:-1"},"canonical":"https:\/\/uvbbrasil.com.br\/turismo-como-fonte-de-desenvolvimento-regional-pela-amturlaves\/","og_locale":"pt_BR","og_type":"article","og_title":"Turismo como Fonte de Desenvolvimento Regional pela AMTURLAVES - UVB Brasil","og_description":"O presidente da Associa\u00e7\u00e3o dos Munic\u00edpios de Turismo da Regi\u00e3o dos Vales\/ AMTURVALES, Leandro Arenhart, juntamente com Secret\u00e1rio Estadual de...","og_url":"https:\/\/uvbbrasil.com.br\/turismo-como-fonte-de-desenvolvimento-regional-pela-amturlaves\/","og_site_name":"UVB Brasil","article_publisher":"https:\/\/www.facebook.com\/uvb.vereadoresbrasil","article_published_time":"2021-12-09T12:25:38+00:00","og_image":[{"width":1280,"height":853,"url":"https:\/\/uvbbrasil.com.br\/wp-content\/uploads\/2021\/12\/WhatsApp-Image-2021-12-08-at-23.56.43.jpeg","type":"image\/jpeg"}],"author":"adminuvb","twitter_card":"summary_large_image","twitter_misc":{"Escrito por":"adminuvb","Est. tempo de leitura":"3 minutos"},"schema":{"@context":"https:\/\/schema.org","@graph":[{"@type":"Article","@id":"https:\/\/uvbbrasil.com.br\/turismo-como-fonte-de-desenvolvimento-regional-pela-amturlaves\/#article","isPartOf":{"@id":"https:\/\/uvbbrasil.com.br\/turismo-como-fonte-de-desenvolvimento-regional-pela-amturlaves\/"},"author":{"name":"adminuvb","@id":"https:\/\/uvbbrasil.com.br\/#\/schema\/person\/17990098446c098f52effddff4f1b272"},"headline":"Turismo como Fonte de Desenvolvimento Regional pela AMTURLAVES","datePublished":"2021-12-09T12:25:38+00:00","mainEntityOfPage":{"@id":"https:\/\/uvbbrasil.com.br\/turismo-como-fonte-de-desenvolvimento-regional-pela-amturlaves\/"},"wordCount":314,"commentCount":0,"publisher":{"@id":"https:\/\/uvbbrasil.com.br\/#organization"},"image":{"@id":"https:\/\/uvbbrasil.com.br\/turismo-como-fonte-de-desenvolvimento-regional-pela-amturlaves\/#primaryimage"},"thumbnailUrl":"https:\/\/uvbbrasil.com.br\/wp-content\/uploads\/2021\/12\/WhatsApp-Image-2021-12-08-at-23.56.43.jpeg","articleSection":["NOT\u00cdCIAS","UVB"],"inLanguage":"pt-BR","potentialAction":[{"@type":"CommentAction","name":"Comment","target":["https:\/\/uvbbrasil.com.br\/turismo-como-fonte-de-desenvolvimento-regional-pela-amturlaves\/#respond"]}]},{"@type":"WebPage","@id":"https:\/\/uvbbrasil.com.br\/turismo-como-fonte-de-desenvolvimento-regional-pela-amturlaves\/","url":"https:\/\/uvbbrasil.com.br\/turismo-como-fonte-de-desenvolvimento-regional-pela-amturlaves\/","name":"Turismo como Fonte de Desenvolvimento Regional pela AMTURLAVES - UVB Brasil","isPartOf":{"@id":"https:\/\/uvbbrasil.com.br\/#website"},"primaryImageOfPage":{"@id":"https:\/\/uvbbrasil.com.br\/turismo-como-fonte-de-desenvolvimento-regional-pela-amturlaves\/#primaryimage"},"image":{"@id":"https:\/\/uvbbrasil.com.br\/turismo-como-fonte-de-desenvolvimento-regional-pela-amturlaves\/#primaryimage"},"thumbnailUrl":"https:\/\/uvbbrasil.com.br\/wp-content\/uploads\/2021\/12\/WhatsApp-Image-2021-12-08-at-23.56.43.jpeg","datePublished":"2021-12-09T12:25:38+00:00","breadcrumb":{"@id":"https:\/\/uvbbrasil.com.br\/turismo-como-fonte-de-desenvolvimento-regional-pela-amturlaves\/#breadcrumb"},"inLanguage":"pt-BR","potentialAction":[{"@type":"ReadAction","target":["https:\/\/uvbbrasil.com.br\/turismo-como-fonte-de-desenvolvimento-regional-pela-amturlaves\/"]}]},{"@type":"ImageObject","inLanguage":"pt-BR","@id":"https:\/\/uvbbrasil.com.br\/turismo-como-fonte-de-desenvolvimento-regional-pela-amturlaves\/#primaryimage","url":"https:\/\/uvbbrasil.com.br\/wp-content\/uploads\/2021\/12\/WhatsApp-Image-2021-12-08-at-23.56.43.jpeg","contentUrl":"https:\/\/uvbbrasil.com.br\/wp-content\/uploads\/2021\/12\/WhatsApp-Image-2021-12-08-at-23.56.43.jpeg","width":1280,"height":853},{"@type":"BreadcrumbList","@id":"https:\/\/uvbbrasil.com.br\/turismo-como-fonte-de-desenvolvimento-regional-pela-amturlaves\/#breadcrumb","itemListElement":[{"@type":"ListItem","position":1,"name":"In\u00edcio","item":"https:\/\/uvbbrasil.com.br\/"},{"@type":"ListItem","position":2,"name":"Turismo como Fonte de Desenvolvimento Regional pela AMTURLAVES"}]},{"@type":"WebSite","@id":"https:\/\/uvbbrasil.com.br\/#website","url":"https:\/\/uvbbrasil.com.br\/","name":"UVB Brasil","description":"Uni\u00e3o dos Vereadores do Brasil","publisher":{"@id":"https:\/\/uvbbrasil.com.br\/#organization"},"potentialAction":[{"@type":"SearchAction","target":{"@type":"EntryPoint","urlTemplate":"https:\/\/uvbbrasil.com.br\/?s={search_term_string}"},"query-input":{"@type":"PropertyValueSpecification","valueRequired":true,"valueName":"search_term_string"}}],"inLanguage":"pt-BR"},{"@type":"Organization","@id":"https:\/\/uvbbrasil.com.br\/#organization","name":"UVB Brasil","url":"https:\/\/uvbbrasil.com.br\/","logo":{"@type":"ImageObject","inLanguage":"pt-BR","@id":"https:\/\/uvbbrasil.com.br\/#\/schema\/logo\/image\/","url":"https:\/\/uvbbrasil.com.br\/wp-content\/uploads\/2025\/01\/LOGO-UVB-2024-azul-1.jpg","contentUrl":"https:\/\/uvbbrasil.com.br\/wp-content\/uploads\/2025\/01\/LOGO-UVB-2024-azul-1.jpg","width":600,"height":211,"caption":"UVB Brasil"},"image":{"@id":"https:\/\/uvbbrasil.com.br\/#\/schema\/logo\/image\/"},"sameAs":["https:\/\/www.facebook.com\/uvb.vereadoresbrasil","https:\/\/www.instagram.com\/uvbbrasil\/","https:\/\/www.youtube.com\/channel\/UCIlPQ8Xzw5GHNzosQIg9S5A"]},{"@type":"Person","@id":"https:\/\/uvbbrasil.com.br\/#\/schema\/person\/17990098446c098f52effddff4f1b272","name":"adminuvb","image":{"@type":"ImageObject","inLanguage":"pt-BR","@id":"https:\/\/uvbbrasil.com.br\/#\/schema\/person\/image\/","url":"https:\/\/secure.gravatar.com\/avatar\/1a494ea6f8e2dd1ae526e55b0e9497efdba542491e0620d704cccf63c6f77c45?s=96&d=mm&r=g","contentUrl":"https:\/\/secure.gravatar.com\/avatar\/1a494ea6f8e2dd1ae526e55b0e9497efdba542491e0620d704cccf63c6f77c45?s=96&d=mm&r=g","caption":"adminuvb"},"sameAs":["https:\/\/uvbbrasil.com.br"],"url":"https:\/\/uvbbrasil.com.br\/author\/adminuvb\/"}]}},"_links":{"self":[{"href":"https:\/\/uvbbrasil.com.br\/uvb-json\/wp\/v2\/posts\/24448","targetHints":{"allow":["GET"]}}],"collection":[{"href":"https:\/\/uvbbrasil.com.br\/uvb-json\/wp\/v2\/posts"}],"about":[{"href":"https:\/\/uvbbrasil.com.br\/uvb-json\/wp\/v2\/types\/post"}],"author":[{"embeddable":true,"href":"https:\/\/uvbbrasil.com.br\/uvb-json\/wp\/v2\/users\/1"}],"replies":[{"embeddable":true,"href":"https:\/\/uvbbrasil.com.br\/uvb-json\/wp\/v2\/comments?post=24448"}],"version-history":[{"count":0,"href":"https:\/\/uvbbrasil.com.br\/uvb-json\/wp\/v2\/posts\/24448\/revisions"}],"wp:featuredmedia":[{"embeddable":true,"href":"https:\/\/uvbbrasil.com.br\/uvb-json\/wp\/v2\/media\/24450"}],"wp:attachment":[{"href":"https:\/\/uvbbrasil.com.br\/uvb-json\/wp\/v2\/media?parent=24448"}],"wp:term":[{"taxonomy":"category","embeddable":true,"href":"https:\/\/uvbbrasil.com.br\/uvb-json\/wp\/v2\/categories?post=24448"},{"taxonomy":"post_tag","embeddable":true,"href":"https:\/\/uvbbrasil.com.br\/uvb-json\/wp\/v2\/tags?post=24448"}],"curies":[{"name":"wp","href":"https:\/\/api.w.org\/{rel}","templated":true}]}}