{"id":24379,"date":"2021-11-29T17:06:13","date_gmt":"2021-11-29T20:06:13","guid":{"rendered":"https:\/\/wpsandbox4.pante.com.br\/?p=24379"},"modified":"2021-11-29T17:06:13","modified_gmt":"2021-11-29T20:06:13","slug":"camara-dos-deputados-apresenta-programa-legislativo-para-vereadores-do-nordeste","status":"publish","type":"post","link":"https:\/\/uvbbrasil.com.br\/camara-dos-deputados-apresenta-programa-legislativo-para-vereadores-do-nordeste\/","title":{"rendered":"C\u00e2mara dos deputados apresenta programa legislativo para vereadores do Nordeste"},"content":{"rendered":"<p class=\"g-artigo__descricao\">2\u00ba vice-presidente promove intera\u00e7\u00e3o com c\u00e2maras municipais para aperfei\u00e7oar elabora\u00e7\u00e3o de normas, defini\u00e7\u00e3o de pol\u00edticas p\u00fablicas e fiscaliza\u00e7\u00e3o<\/p>\n<p>O 2\u00ba vice-presidente da C\u00e2mara dos Deputados, deputado <a href=\"https:\/\/www.camara.leg.br\/deputados\/74471\">Andr\u00e9 de Paula (PSD-PE)<\/a>, participou nesta quinta-feira (25) do Encontro Nordestino de Legislativos Municipais. Andr\u00e9 de Paula apresentou aos vereadores do Nordeste o Programa de Intera\u00e7\u00e3o Legislativa (Prolegis), rede digital que compartilha informa\u00e7\u00f5es e ferramentas para aperfei\u00e7oar o trabalho legislativo, seja na elabora\u00e7\u00e3o de normas, defini\u00e7\u00e3o de pol\u00edticas p\u00fablicas ou fiscaliza\u00e7\u00e3o dos atos do Poder Executivo.<\/p>\n<p>O encontro \u00e9 realizado at\u00e9 s\u00e1bado pela Uni\u00e3o de Vereadores de Pernambuco (UVP-PE) em parceria com a Uni\u00e3o de Vereadores do Brasil (UVB).<\/p>\n<p>&#8220;O Prolegis pretende apoiar e assessorar nossos vereadores&#8221;, explicou Andr\u00e9 de Paula, que coordena o programa. &#8220;A realidade da enorme maioria das c\u00e2maras municipais, sobretudo no Nordeste, \u00e9 de muita dificuldade com o assessoramento qualificado.&#8221;<\/p>\n<p>O deputado considera a atividade de vereador ao mesmo tempo nobre e dif\u00edcil. &#8220;Sempre digo que tenho muito orgulho de ter iniciado minha vida p\u00fablica por uma c\u00e2mara municipal, como vereador, que \u00e9 o mandato que mais ensina e permite que o pol\u00edtico esteja mais perto do povo. Os problemas come\u00e7am no munic\u00edpio e o vereador percebe com mais rapidez as ang\u00fastias e esperan\u00e7as do cidad\u00e3o.&#8221;<\/p>\n<p><strong>Especialistas<\/strong><br \/>\nAo introduzir o Prolegis, Andr\u00e9 de Paula destacou a import\u00e2ncia de contar com o apoio de um corpo t\u00e9cnico qualificado. &#8220;Olha que eu vim da C\u00e2mara de Vereadores do Recife. Mas a C\u00e2mara dos Deputados tem a elite do funcionalismo p\u00fablico. S\u00e3o concursos p\u00fablicos disputad\u00edssimos por gente do Brasil inteiro. Ent\u00e3o voc\u00ea tem uma assessoria de primeiro mundo.&#8221;<\/p>\n<p>Andr\u00e9 de Paula afirmou que os pol\u00edticos, por terem fun\u00e7\u00f5es generalistas sobre diferentes temas, precisam de especialistas para ajudar na elabora\u00e7\u00e3o dos textos legislativos. &#8220;Eu tenho projeto na \u00e1rea de sa\u00fade e n\u00e3o sou m\u00e9dico, sou advogado&#8221;, comentou.<\/p>\n<p><strong>Ensino<\/strong><br \/>\nA C\u00e2mara dos Deputados tamb\u00e9m oferece a\u00e7\u00f5es educacionais para a capacita\u00e7\u00e3o de candidatos e parlamentares, como cursos a dist\u00e2ncia e trilhas de aprendizagem sobre cidadania e participa\u00e7\u00e3o pol\u00edtica.<\/p>\n<p>Ainda no evento, Andr\u00e9 de Paula lan\u00e7ou o livro &#8220;<a href=\"https:\/\/livraria.camara.leg.br\/como-se-fazem-as-leis-4ed\" target=\"_blank\" rel=\"noopener noreferrer\">Como se Fazem as Leis<\/a>&#8220;, da Edi\u00e7\u00f5es C\u00e2mara. Escrito pela consultora legislativa Luciana Botelho Pacheco, a obra apresenta o caminho que as propostas legislativas percorrem, com linguagem objetiva e acess\u00edvel.<\/p>\n<p>A publica\u00e7\u00e3o pode ser comprada na vers\u00e3o impressa ou adquirida gratuitamente em edi\u00e7\u00e3o eletr\u00f4nica na <a href=\"https:\/\/livraria.camara.leg.br\/como-se-fazem-as-leis-4ed\">Livraria da C\u00e2mara<\/a>.<\/p>\n<p><img fetchpriority=\"high\" decoding=\"async\" class=\"alignnone size-medium wp-image-24380\" src=\"https:\/\/uvbbrasil.com.br\/wp-content\/uploads\/2021\/11\/img20140701163715598352-768x503-1-300x196.jpg\" alt=\"\" width=\"300\" height=\"196\" srcset=\"https:\/\/uvbbrasil.com.br\/wp-content\/uploads\/2021\/11\/img20140701163715598352-768x503-1-300x196.jpg 300w, https:\/\/uvbbrasil.com.br\/wp-content\/uploads\/2021\/11\/img20140701163715598352-768x503-1.jpg 768w\" sizes=\"(max-width: 300px) 100vw, 300px\" \/><\/p>\n<p>&nbsp;<\/p>\n<p>Fonte: Ag\u00eancia C\u00e2mara de Not\u00edcias<\/p>\n","protected":false},"excerpt":{"rendered":"<p>2\u00ba vice-presidente promove intera\u00e7\u00e3o com c\u00e2maras municipais para aperfei\u00e7oar elabora\u00e7\u00e3o de normas, defini\u00e7\u00e3o de pol\u00edticas p\u00fablicas e fiscaliza\u00e7\u00e3o O 2\u00ba&#8230;<\/p>\n","protected":false},"author":1,"featured_media":24380,"comment_status":"open","ping_status":"open","sticky":false,"template":"","format":"standard","meta":{"footnotes":""},"categories":[3],"tags":[],"class_list":["post-24379","post","type-post","status-publish","format-standard","has-post-thumbnail","hentry","category-noticias"],"yoast_head":"<!-- This site is optimized with the Yoast SEO plugin v26.7 - https:\/\/yoast.com\/wordpress\/plugins\/seo\/ -->\n<title>C\u00e2mara dos deputados apresenta programa legislativo para vereadores do Nordeste - UVB Brasil<\/title>\n<meta name=\"robots\" content=\"index, follow, max-snippet:-1, max-image-preview:large, max-video-preview:-1\" \/>\n<link rel=\"canonical\" href=\"https:\/\/uvbbrasil.com.br\/camara-dos-deputados-apresenta-programa-legislativo-para-vereadores-do-nordeste\/\" \/>\n<meta property=\"og:locale\" content=\"pt_BR\" \/>\n<meta property=\"og:type\" content=\"article\" \/>\n<meta property=\"og:title\" content=\"C\u00e2mara dos deputados apresenta programa legislativo para vereadores do Nordeste - UVB Brasil\" \/>\n<meta property=\"og:description\" content=\"2\u00ba vice-presidente promove intera\u00e7\u00e3o com c\u00e2maras municipais para aperfei\u00e7oar elabora\u00e7\u00e3o de normas, defini\u00e7\u00e3o de pol\u00edticas p\u00fablicas e fiscaliza\u00e7\u00e3o O 2\u00ba...\" \/>\n<meta property=\"og:url\" content=\"https:\/\/uvbbrasil.com.br\/camara-dos-deputados-apresenta-programa-legislativo-para-vereadores-do-nordeste\/\" \/>\n<meta property=\"og:site_name\" content=\"UVB Brasil\" \/>\n<meta property=\"article:publisher\" content=\"https:\/\/www.facebook.com\/uvb.vereadoresbrasil\" \/>\n<meta property=\"article:published_time\" content=\"2021-11-29T20:06:13+00:00\" \/>\n<meta property=\"og:image\" content=\"https:\/\/uvbbrasil.com.br\/wp-content\/uploads\/2021\/11\/img20140701163715598352-768x503-1.jpg\" \/>\n\t<meta property=\"og:image:width\" content=\"768\" \/>\n\t<meta property=\"og:image:height\" content=\"503\" \/>\n\t<meta property=\"og:image:type\" content=\"image\/jpeg\" \/>\n<meta name=\"author\" content=\"adminuvb\" \/>\n<meta name=\"twitter:card\" content=\"summary_large_image\" \/>\n<meta name=\"twitter:label1\" content=\"Escrito por\" \/>\n\t<meta name=\"twitter:data1\" content=\"adminuvb\" \/>\n\t<meta name=\"twitter:label2\" content=\"Est. tempo de leitura\" \/>\n\t<meta name=\"twitter:data2\" content=\"2 minutos\" \/>\n<script type=\"application\/ld+json\" class=\"yoast-schema-graph\">{\"@context\":\"https:\/\/schema.org\",\"@graph\":[{\"@type\":\"Article\",\"@id\":\"https:\/\/uvbbrasil.com.br\/camara-dos-deputados-apresenta-programa-legislativo-para-vereadores-do-nordeste\/#article\",\"isPartOf\":{\"@id\":\"https:\/\/uvbbrasil.com.br\/camara-dos-deputados-apresenta-programa-legislativo-para-vereadores-do-nordeste\/\"},\"author\":{\"name\":\"adminuvb\",\"@id\":\"https:\/\/uvbbrasil.com.br\/#\/schema\/person\/17990098446c098f52effddff4f1b272\"},\"headline\":\"C\u00e2mara dos deputados apresenta programa legislativo para vereadores do Nordeste\",\"datePublished\":\"2021-11-29T20:06:13+00:00\",\"mainEntityOfPage\":{\"@id\":\"https:\/\/uvbbrasil.com.br\/camara-dos-deputados-apresenta-programa-legislativo-para-vereadores-do-nordeste\/\"},\"wordCount\":464,\"commentCount\":0,\"publisher\":{\"@id\":\"https:\/\/uvbbrasil.com.br\/#organization\"},\"image\":{\"@id\":\"https:\/\/uvbbrasil.com.br\/camara-dos-deputados-apresenta-programa-legislativo-para-vereadores-do-nordeste\/#primaryimage\"},\"thumbnailUrl\":\"https:\/\/uvbbrasil.com.br\/wp-content\/uploads\/2021\/11\/img20140701163715598352-768x503-1.jpg\",\"articleSection\":[\"NOT\u00cdCIAS\"],\"inLanguage\":\"pt-BR\",\"potentialAction\":[{\"@type\":\"CommentAction\",\"name\":\"Comment\",\"target\":[\"https:\/\/uvbbrasil.com.br\/camara-dos-deputados-apresenta-programa-legislativo-para-vereadores-do-nordeste\/#respond\"]}]},{\"@type\":\"WebPage\",\"@id\":\"https:\/\/uvbbrasil.com.br\/camara-dos-deputados-apresenta-programa-legislativo-para-vereadores-do-nordeste\/\",\"url\":\"https:\/\/uvbbrasil.com.br\/camara-dos-deputados-apresenta-programa-legislativo-para-vereadores-do-nordeste\/\",\"name\":\"C\u00e2mara dos deputados apresenta programa legislativo para vereadores do Nordeste - UVB Brasil\",\"isPartOf\":{\"@id\":\"https:\/\/uvbbrasil.com.br\/#website\"},\"primaryImageOfPage\":{\"@id\":\"https:\/\/uvbbrasil.com.br\/camara-dos-deputados-apresenta-programa-legislativo-para-vereadores-do-nordeste\/#primaryimage\"},\"image\":{\"@id\":\"https:\/\/uvbbrasil.com.br\/camara-dos-deputados-apresenta-programa-legislativo-para-vereadores-do-nordeste\/#primaryimage\"},\"thumbnailUrl\":\"https:\/\/uvbbrasil.com.br\/wp-content\/uploads\/2021\/11\/img20140701163715598352-768x503-1.jpg\",\"datePublished\":\"2021-11-29T20:06:13+00:00\",\"breadcrumb\":{\"@id\":\"https:\/\/uvbbrasil.com.br\/camara-dos-deputados-apresenta-programa-legislativo-para-vereadores-do-nordeste\/#breadcrumb\"},\"inLanguage\":\"pt-BR\",\"potentialAction\":[{\"@type\":\"ReadAction\",\"target\":[\"https:\/\/uvbbrasil.com.br\/camara-dos-deputados-apresenta-programa-legislativo-para-vereadores-do-nordeste\/\"]}]},{\"@type\":\"ImageObject\",\"inLanguage\":\"pt-BR\",\"@id\":\"https:\/\/uvbbrasil.com.br\/camara-dos-deputados-apresenta-programa-legislativo-para-vereadores-do-nordeste\/#primaryimage\",\"url\":\"https:\/\/uvbbrasil.com.br\/wp-content\/uploads\/2021\/11\/img20140701163715598352-768x503-1.jpg\",\"contentUrl\":\"https:\/\/uvbbrasil.com.br\/wp-content\/uploads\/2021\/11\/img20140701163715598352-768x503-1.jpg\",\"width\":768,\"height\":503},{\"@type\":\"BreadcrumbList\",\"@id\":\"https:\/\/uvbbrasil.com.br\/camara-dos-deputados-apresenta-programa-legislativo-para-vereadores-do-nordeste\/#breadcrumb\",\"itemListElement\":[{\"@type\":\"ListItem\",\"position\":1,\"name\":\"In\u00edcio\",\"item\":\"https:\/\/uvbbrasil.com.br\/\"},{\"@type\":\"ListItem\",\"position\":2,\"name\":\"C\u00e2mara dos deputados apresenta programa legislativo para vereadores do Nordeste\"}]},{\"@type\":\"WebSite\",\"@id\":\"https:\/\/uvbbrasil.com.br\/#website\",\"url\":\"https:\/\/uvbbrasil.com.br\/\",\"name\":\"UVB Brasil\",\"description\":\"Uni\u00e3o dos Vereadores do Brasil\",\"publisher\":{\"@id\":\"https:\/\/uvbbrasil.com.br\/#organization\"},\"potentialAction\":[{\"@type\":\"SearchAction\",\"target\":{\"@type\":\"EntryPoint\",\"urlTemplate\":\"https:\/\/uvbbrasil.com.br\/?s={search_term_string}\"},\"query-input\":{\"@type\":\"PropertyValueSpecification\",\"valueRequired\":true,\"valueName\":\"search_term_string\"}}],\"inLanguage\":\"pt-BR\"},{\"@type\":\"Organization\",\"@id\":\"https:\/\/uvbbrasil.com.br\/#organization\",\"name\":\"UVB Brasil\",\"url\":\"https:\/\/uvbbrasil.com.br\/\",\"logo\":{\"@type\":\"ImageObject\",\"inLanguage\":\"pt-BR\",\"@id\":\"https:\/\/uvbbrasil.com.br\/#\/schema\/logo\/image\/\",\"url\":\"https:\/\/uvbbrasil.com.br\/wp-content\/uploads\/2025\/01\/LOGO-UVB-2024-azul-1.jpg\",\"contentUrl\":\"https:\/\/uvbbrasil.com.br\/wp-content\/uploads\/2025\/01\/LOGO-UVB-2024-azul-1.jpg\",\"width\":600,\"height\":211,\"caption\":\"UVB Brasil\"},\"image\":{\"@id\":\"https:\/\/uvbbrasil.com.br\/#\/schema\/logo\/image\/\"},\"sameAs\":[\"https:\/\/www.facebook.com\/uvb.vereadoresbrasil\",\"https:\/\/www.instagram.com\/uvbbrasil\/\",\"https:\/\/www.youtube.com\/channel\/UCIlPQ8Xzw5GHNzosQIg9S5A\"]},{\"@type\":\"Person\",\"@id\":\"https:\/\/uvbbrasil.com.br\/#\/schema\/person\/17990098446c098f52effddff4f1b272\",\"name\":\"adminuvb\",\"image\":{\"@type\":\"ImageObject\",\"inLanguage\":\"pt-BR\",\"@id\":\"https:\/\/uvbbrasil.com.br\/#\/schema\/person\/image\/\",\"url\":\"https:\/\/secure.gravatar.com\/avatar\/1a494ea6f8e2dd1ae526e55b0e9497efdba542491e0620d704cccf63c6f77c45?s=96&d=mm&r=g\",\"contentUrl\":\"https:\/\/secure.gravatar.com\/avatar\/1a494ea6f8e2dd1ae526e55b0e9497efdba542491e0620d704cccf63c6f77c45?s=96&d=mm&r=g\",\"caption\":\"adminuvb\"},\"sameAs\":[\"https:\/\/uvbbrasil.com.br\"],\"url\":\"https:\/\/uvbbrasil.com.br\/author\/adminuvb\/\"}]}<\/script>\n<!-- \/ Yoast SEO plugin. -->","yoast_head_json":{"title":"C\u00e2mara dos deputados apresenta programa legislativo para vereadores do Nordeste - UVB Brasil","robots":{"index":"index","follow":"follow","max-snippet":"max-snippet:-1","max-image-preview":"max-image-preview:large","max-video-preview":"max-video-preview:-1"},"canonical":"https:\/\/uvbbrasil.com.br\/camara-dos-deputados-apresenta-programa-legislativo-para-vereadores-do-nordeste\/","og_locale":"pt_BR","og_type":"article","og_title":"C\u00e2mara dos deputados apresenta programa legislativo para vereadores do Nordeste - UVB Brasil","og_description":"2\u00ba vice-presidente promove intera\u00e7\u00e3o com c\u00e2maras municipais para aperfei\u00e7oar elabora\u00e7\u00e3o de normas, defini\u00e7\u00e3o de pol\u00edticas p\u00fablicas e fiscaliza\u00e7\u00e3o O 2\u00ba...","og_url":"https:\/\/uvbbrasil.com.br\/camara-dos-deputados-apresenta-programa-legislativo-para-vereadores-do-nordeste\/","og_site_name":"UVB Brasil","article_publisher":"https:\/\/www.facebook.com\/uvb.vereadoresbrasil","article_published_time":"2021-11-29T20:06:13+00:00","og_image":[{"width":768,"height":503,"url":"https:\/\/uvbbrasil.com.br\/wp-content\/uploads\/2021\/11\/img20140701163715598352-768x503-1.jpg","type":"image\/jpeg"}],"author":"adminuvb","twitter_card":"summary_large_image","twitter_misc":{"Escrito por":"adminuvb","Est. tempo de leitura":"2 minutos"},"schema":{"@context":"https:\/\/schema.org","@graph":[{"@type":"Article","@id":"https:\/\/uvbbrasil.com.br\/camara-dos-deputados-apresenta-programa-legislativo-para-vereadores-do-nordeste\/#article","isPartOf":{"@id":"https:\/\/uvbbrasil.com.br\/camara-dos-deputados-apresenta-programa-legislativo-para-vereadores-do-nordeste\/"},"author":{"name":"adminuvb","@id":"https:\/\/uvbbrasil.com.br\/#\/schema\/person\/17990098446c098f52effddff4f1b272"},"headline":"C\u00e2mara dos deputados apresenta programa legislativo para vereadores do Nordeste","datePublished":"2021-11-29T20:06:13+00:00","mainEntityOfPage":{"@id":"https:\/\/uvbbrasil.com.br\/camara-dos-deputados-apresenta-programa-legislativo-para-vereadores-do-nordeste\/"},"wordCount":464,"commentCount":0,"publisher":{"@id":"https:\/\/uvbbrasil.com.br\/#organization"},"image":{"@id":"https:\/\/uvbbrasil.com.br\/camara-dos-deputados-apresenta-programa-legislativo-para-vereadores-do-nordeste\/#primaryimage"},"thumbnailUrl":"https:\/\/uvbbrasil.com.br\/wp-content\/uploads\/2021\/11\/img20140701163715598352-768x503-1.jpg","articleSection":["NOT\u00cdCIAS"],"inLanguage":"pt-BR","potentialAction":[{"@type":"CommentAction","name":"Comment","target":["https:\/\/uvbbrasil.com.br\/camara-dos-deputados-apresenta-programa-legislativo-para-vereadores-do-nordeste\/#respond"]}]},{"@type":"WebPage","@id":"https:\/\/uvbbrasil.com.br\/camara-dos-deputados-apresenta-programa-legislativo-para-vereadores-do-nordeste\/","url":"https:\/\/uvbbrasil.com.br\/camara-dos-deputados-apresenta-programa-legislativo-para-vereadores-do-nordeste\/","name":"C\u00e2mara dos deputados apresenta programa legislativo para vereadores do Nordeste - UVB Brasil","isPartOf":{"@id":"https:\/\/uvbbrasil.com.br\/#website"},"primaryImageOfPage":{"@id":"https:\/\/uvbbrasil.com.br\/camara-dos-deputados-apresenta-programa-legislativo-para-vereadores-do-nordeste\/#primaryimage"},"image":{"@id":"https:\/\/uvbbrasil.com.br\/camara-dos-deputados-apresenta-programa-legislativo-para-vereadores-do-nordeste\/#primaryimage"},"thumbnailUrl":"https:\/\/uvbbrasil.com.br\/wp-content\/uploads\/2021\/11\/img20140701163715598352-768x503-1.jpg","datePublished":"2021-11-29T20:06:13+00:00","breadcrumb":{"@id":"https:\/\/uvbbrasil.com.br\/camara-dos-deputados-apresenta-programa-legislativo-para-vereadores-do-nordeste\/#breadcrumb"},"inLanguage":"pt-BR","potentialAction":[{"@type":"ReadAction","target":["https:\/\/uvbbrasil.com.br\/camara-dos-deputados-apresenta-programa-legislativo-para-vereadores-do-nordeste\/"]}]},{"@type":"ImageObject","inLanguage":"pt-BR","@id":"https:\/\/uvbbrasil.com.br\/camara-dos-deputados-apresenta-programa-legislativo-para-vereadores-do-nordeste\/#primaryimage","url":"https:\/\/uvbbrasil.com.br\/wp-content\/uploads\/2021\/11\/img20140701163715598352-768x503-1.jpg","contentUrl":"https:\/\/uvbbrasil.com.br\/wp-content\/uploads\/2021\/11\/img20140701163715598352-768x503-1.jpg","width":768,"height":503},{"@type":"BreadcrumbList","@id":"https:\/\/uvbbrasil.com.br\/camara-dos-deputados-apresenta-programa-legislativo-para-vereadores-do-nordeste\/#breadcrumb","itemListElement":[{"@type":"ListItem","position":1,"name":"In\u00edcio","item":"https:\/\/uvbbrasil.com.br\/"},{"@type":"ListItem","position":2,"name":"C\u00e2mara dos deputados apresenta programa legislativo para vereadores do Nordeste"}]},{"@type":"WebSite","@id":"https:\/\/uvbbrasil.com.br\/#website","url":"https:\/\/uvbbrasil.com.br\/","name":"UVB Brasil","description":"Uni\u00e3o dos Vereadores do Brasil","publisher":{"@id":"https:\/\/uvbbrasil.com.br\/#organization"},"potentialAction":[{"@type":"SearchAction","target":{"@type":"EntryPoint","urlTemplate":"https:\/\/uvbbrasil.com.br\/?s={search_term_string}"},"query-input":{"@type":"PropertyValueSpecification","valueRequired":true,"valueName":"search_term_string"}}],"inLanguage":"pt-BR"},{"@type":"Organization","@id":"https:\/\/uvbbrasil.com.br\/#organization","name":"UVB Brasil","url":"https:\/\/uvbbrasil.com.br\/","logo":{"@type":"ImageObject","inLanguage":"pt-BR","@id":"https:\/\/uvbbrasil.com.br\/#\/schema\/logo\/image\/","url":"https:\/\/uvbbrasil.com.br\/wp-content\/uploads\/2025\/01\/LOGO-UVB-2024-azul-1.jpg","contentUrl":"https:\/\/uvbbrasil.com.br\/wp-content\/uploads\/2025\/01\/LOGO-UVB-2024-azul-1.jpg","width":600,"height":211,"caption":"UVB Brasil"},"image":{"@id":"https:\/\/uvbbrasil.com.br\/#\/schema\/logo\/image\/"},"sameAs":["https:\/\/www.facebook.com\/uvb.vereadoresbrasil","https:\/\/www.instagram.com\/uvbbrasil\/","https:\/\/www.youtube.com\/channel\/UCIlPQ8Xzw5GHNzosQIg9S5A"]},{"@type":"Person","@id":"https:\/\/uvbbrasil.com.br\/#\/schema\/person\/17990098446c098f52effddff4f1b272","name":"adminuvb","image":{"@type":"ImageObject","inLanguage":"pt-BR","@id":"https:\/\/uvbbrasil.com.br\/#\/schema\/person\/image\/","url":"https:\/\/secure.gravatar.com\/avatar\/1a494ea6f8e2dd1ae526e55b0e9497efdba542491e0620d704cccf63c6f77c45?s=96&d=mm&r=g","contentUrl":"https:\/\/secure.gravatar.com\/avatar\/1a494ea6f8e2dd1ae526e55b0e9497efdba542491e0620d704cccf63c6f77c45?s=96&d=mm&r=g","caption":"adminuvb"},"sameAs":["https:\/\/uvbbrasil.com.br"],"url":"https:\/\/uvbbrasil.com.br\/author\/adminuvb\/"}]}},"_links":{"self":[{"href":"https:\/\/uvbbrasil.com.br\/uvb-json\/wp\/v2\/posts\/24379","targetHints":{"allow":["GET"]}}],"collection":[{"href":"https:\/\/uvbbrasil.com.br\/uvb-json\/wp\/v2\/posts"}],"about":[{"href":"https:\/\/uvbbrasil.com.br\/uvb-json\/wp\/v2\/types\/post"}],"author":[{"embeddable":true,"href":"https:\/\/uvbbrasil.com.br\/uvb-json\/wp\/v2\/users\/1"}],"replies":[{"embeddable":true,"href":"https:\/\/uvbbrasil.com.br\/uvb-json\/wp\/v2\/comments?post=24379"}],"version-history":[{"count":0,"href":"https:\/\/uvbbrasil.com.br\/uvb-json\/wp\/v2\/posts\/24379\/revisions"}],"wp:featuredmedia":[{"embeddable":true,"href":"https:\/\/uvbbrasil.com.br\/uvb-json\/wp\/v2\/media\/24380"}],"wp:attachment":[{"href":"https:\/\/uvbbrasil.com.br\/uvb-json\/wp\/v2\/media?parent=24379"}],"wp:term":[{"taxonomy":"category","embeddable":true,"href":"https:\/\/uvbbrasil.com.br\/uvb-json\/wp\/v2\/categories?post=24379"},{"taxonomy":"post_tag","embeddable":true,"href":"https:\/\/uvbbrasil.com.br\/uvb-json\/wp\/v2\/tags?post=24379"}],"curies":[{"name":"wp","href":"https:\/\/api.w.org\/{rel}","templated":true}]}}