{"id":24335,"date":"2021-11-23T17:05:13","date_gmt":"2021-11-23T20:05:13","guid":{"rendered":"https:\/\/wpsandbox4.pante.com.br\/?p=24335"},"modified":"2021-11-23T17:05:13","modified_gmt":"2021-11-23T20:05:13","slug":"o-mestre-luis-fernando-machado-do-interlegis-convida-a-todos-para-encantado-rs","status":"publish","type":"post","link":"https:\/\/uvbbrasil.com.br\/o-mestre-luis-fernando-machado-do-interlegis-convida-a-todos-para-encantado-rs\/","title":{"rendered":"O mestre Lu\u00eds Fernando Machado do Interlegis convida a todos para Encantado\/RS"},"content":{"rendered":"<p><iframe title=\"O mestre Lu\u00eds Fernando Machado do interlegis convida a todos para Encantado\/RS\" width=\"1062\" height=\"797\" src=\"https:\/\/www.youtube.com\/embed\/6d_-7NIbzKY?feature=oembed\" frameborder=\"0\" allow=\"accelerometer; autoplay; clipboard-write; encrypted-media; gyroscope; picture-in-picture\" allowfullscreen><\/iframe><\/p>\n<p>O mestre Professor, Lu\u00eds Fernando Machado, coordenador geral do Interlegis do Senado Federal, \u00e9 palestrante confirmado no Semin\u00e1rio Nacional de Legislativos e Gest\u00f5es Municipais. Luis Fernando comandar\u00e1 o painel sobre &#8220;Cidade Inteligente e Gest\u00e3o Eficiente &#8220;.<br \/>\nGestores municipais e membros do poder legislativo municipal, te convidamos a participar deste grande encontro e a compartilha projetos e ideias para o seu munic\u00edpio.<\/p>\n","protected":false},"excerpt":{"rendered":"<p>O mestre Professor, Lu\u00eds Fernando Machado, coordenador geral do Interlegis do Senado Federal, \u00e9 palestrante confirmado no Semin\u00e1rio Nacional de&#8230;<\/p>\n","protected":false},"author":1,"featured_media":24336,"comment_status":"open","ping_status":"open","sticky":false,"template":"","format":"standard","meta":{"footnotes":""},"categories":[3,4],"tags":[],"class_list":["post-24335","post","type-post","status-publish","format-standard","has-post-thumbnail","hentry","category-noticias","category-home"],"yoast_head":"<!-- This site is optimized with the Yoast SEO plugin v26.7 - https:\/\/yoast.com\/wordpress\/plugins\/seo\/ -->\n<title>O mestre Lu\u00eds Fernando Machado do Interlegis convida a todos para Encantado\/RS - UVB Brasil<\/title>\n<meta name=\"robots\" content=\"index, follow, max-snippet:-1, max-image-preview:large, max-video-preview:-1\" \/>\n<link rel=\"canonical\" href=\"https:\/\/uvbbrasil.com.br\/o-mestre-luis-fernando-machado-do-interlegis-convida-a-todos-para-encantado-rs\/\" \/>\n<meta property=\"og:locale\" content=\"pt_BR\" \/>\n<meta property=\"og:type\" content=\"article\" \/>\n<meta property=\"og:title\" content=\"O mestre Lu\u00eds Fernando Machado do Interlegis convida a todos para Encantado\/RS - UVB Brasil\" \/>\n<meta property=\"og:description\" content=\"O mestre Professor, Lu\u00eds Fernando Machado, coordenador geral do Interlegis do Senado Federal, \u00e9 palestrante confirmado no Semin\u00e1rio Nacional de...\" \/>\n<meta property=\"og:url\" content=\"https:\/\/uvbbrasil.com.br\/o-mestre-luis-fernando-machado-do-interlegis-convida-a-todos-para-encantado-rs\/\" \/>\n<meta property=\"og:site_name\" content=\"UVB Brasil\" \/>\n<meta property=\"article:publisher\" content=\"https:\/\/www.facebook.com\/uvb.vereadoresbrasil\" \/>\n<meta property=\"article:published_time\" content=\"2021-11-23T20:05:13+00:00\" \/>\n<meta property=\"og:image\" content=\"https:\/\/uvbbrasil.com.br\/wp-content\/uploads\/2021\/11\/LUIS-FERNANDO-PIRES.png\" \/>\n\t<meta property=\"og:image:width\" content=\"336\" \/>\n\t<meta property=\"og:image:height\" content=\"395\" \/>\n\t<meta property=\"og:image:type\" content=\"image\/png\" \/>\n<meta name=\"author\" content=\"adminuvb\" \/>\n<meta name=\"twitter:card\" content=\"summary_large_image\" \/>\n<meta name=\"twitter:label1\" content=\"Escrito por\" \/>\n\t<meta name=\"twitter:data1\" content=\"adminuvb\" \/>\n\t<meta name=\"twitter:label2\" content=\"Est. tempo de leitura\" \/>\n\t<meta name=\"twitter:data2\" content=\"1 minuto\" \/>\n<script type=\"application\/ld+json\" class=\"yoast-schema-graph\">{\"@context\":\"https:\/\/schema.org\",\"@graph\":[{\"@type\":\"Article\",\"@id\":\"https:\/\/uvbbrasil.com.br\/o-mestre-luis-fernando-machado-do-interlegis-convida-a-todos-para-encantado-rs\/#article\",\"isPartOf\":{\"@id\":\"https:\/\/uvbbrasil.com.br\/o-mestre-luis-fernando-machado-do-interlegis-convida-a-todos-para-encantado-rs\/\"},\"author\":{\"name\":\"adminuvb\",\"@id\":\"https:\/\/uvbbrasil.com.br\/#\/schema\/person\/17990098446c098f52effddff4f1b272\"},\"headline\":\"O mestre Lu\u00eds Fernando Machado do Interlegis convida a todos para Encantado\/RS\",\"datePublished\":\"2021-11-23T20:05:13+00:00\",\"mainEntityOfPage\":{\"@id\":\"https:\/\/uvbbrasil.com.br\/o-mestre-luis-fernando-machado-do-interlegis-convida-a-todos-para-encantado-rs\/\"},\"wordCount\":84,\"commentCount\":0,\"publisher\":{\"@id\":\"https:\/\/uvbbrasil.com.br\/#organization\"},\"image\":{\"@id\":\"https:\/\/uvbbrasil.com.br\/o-mestre-luis-fernando-machado-do-interlegis-convida-a-todos-para-encantado-rs\/#primaryimage\"},\"thumbnailUrl\":\"https:\/\/uvbbrasil.com.br\/wp-content\/uploads\/2021\/11\/LUIS-FERNANDO-PIRES.png\",\"articleSection\":[\"NOT\u00cdCIAS\",\"UVB\"],\"inLanguage\":\"pt-BR\",\"potentialAction\":[{\"@type\":\"CommentAction\",\"name\":\"Comment\",\"target\":[\"https:\/\/uvbbrasil.com.br\/o-mestre-luis-fernando-machado-do-interlegis-convida-a-todos-para-encantado-rs\/#respond\"]}]},{\"@type\":\"WebPage\",\"@id\":\"https:\/\/uvbbrasil.com.br\/o-mestre-luis-fernando-machado-do-interlegis-convida-a-todos-para-encantado-rs\/\",\"url\":\"https:\/\/uvbbrasil.com.br\/o-mestre-luis-fernando-machado-do-interlegis-convida-a-todos-para-encantado-rs\/\",\"name\":\"O mestre Lu\u00eds Fernando Machado do Interlegis convida a todos para Encantado\/RS - UVB Brasil\",\"isPartOf\":{\"@id\":\"https:\/\/uvbbrasil.com.br\/#website\"},\"primaryImageOfPage\":{\"@id\":\"https:\/\/uvbbrasil.com.br\/o-mestre-luis-fernando-machado-do-interlegis-convida-a-todos-para-encantado-rs\/#primaryimage\"},\"image\":{\"@id\":\"https:\/\/uvbbrasil.com.br\/o-mestre-luis-fernando-machado-do-interlegis-convida-a-todos-para-encantado-rs\/#primaryimage\"},\"thumbnailUrl\":\"https:\/\/uvbbrasil.com.br\/wp-content\/uploads\/2021\/11\/LUIS-FERNANDO-PIRES.png\",\"datePublished\":\"2021-11-23T20:05:13+00:00\",\"breadcrumb\":{\"@id\":\"https:\/\/uvbbrasil.com.br\/o-mestre-luis-fernando-machado-do-interlegis-convida-a-todos-para-encantado-rs\/#breadcrumb\"},\"inLanguage\":\"pt-BR\",\"potentialAction\":[{\"@type\":\"ReadAction\",\"target\":[\"https:\/\/uvbbrasil.com.br\/o-mestre-luis-fernando-machado-do-interlegis-convida-a-todos-para-encantado-rs\/\"]}]},{\"@type\":\"ImageObject\",\"inLanguage\":\"pt-BR\",\"@id\":\"https:\/\/uvbbrasil.com.br\/o-mestre-luis-fernando-machado-do-interlegis-convida-a-todos-para-encantado-rs\/#primaryimage\",\"url\":\"https:\/\/uvbbrasil.com.br\/wp-content\/uploads\/2021\/11\/LUIS-FERNANDO-PIRES.png\",\"contentUrl\":\"https:\/\/uvbbrasil.com.br\/wp-content\/uploads\/2021\/11\/LUIS-FERNANDO-PIRES.png\",\"width\":336,\"height\":395},{\"@type\":\"BreadcrumbList\",\"@id\":\"https:\/\/uvbbrasil.com.br\/o-mestre-luis-fernando-machado-do-interlegis-convida-a-todos-para-encantado-rs\/#breadcrumb\",\"itemListElement\":[{\"@type\":\"ListItem\",\"position\":1,\"name\":\"In\u00edcio\",\"item\":\"https:\/\/uvbbrasil.com.br\/\"},{\"@type\":\"ListItem\",\"position\":2,\"name\":\"O mestre Lu\u00eds Fernando Machado do Interlegis convida a todos para Encantado\/RS\"}]},{\"@type\":\"WebSite\",\"@id\":\"https:\/\/uvbbrasil.com.br\/#website\",\"url\":\"https:\/\/uvbbrasil.com.br\/\",\"name\":\"UVB Brasil\",\"description\":\"Uni\u00e3o dos Vereadores do Brasil\",\"publisher\":{\"@id\":\"https:\/\/uvbbrasil.com.br\/#organization\"},\"potentialAction\":[{\"@type\":\"SearchAction\",\"target\":{\"@type\":\"EntryPoint\",\"urlTemplate\":\"https:\/\/uvbbrasil.com.br\/?s={search_term_string}\"},\"query-input\":{\"@type\":\"PropertyValueSpecification\",\"valueRequired\":true,\"valueName\":\"search_term_string\"}}],\"inLanguage\":\"pt-BR\"},{\"@type\":\"Organization\",\"@id\":\"https:\/\/uvbbrasil.com.br\/#organization\",\"name\":\"UVB Brasil\",\"url\":\"https:\/\/uvbbrasil.com.br\/\",\"logo\":{\"@type\":\"ImageObject\",\"inLanguage\":\"pt-BR\",\"@id\":\"https:\/\/uvbbrasil.com.br\/#\/schema\/logo\/image\/\",\"url\":\"https:\/\/uvbbrasil.com.br\/wp-content\/uploads\/2025\/01\/LOGO-UVB-2024-azul-1.jpg\",\"contentUrl\":\"https:\/\/uvbbrasil.com.br\/wp-content\/uploads\/2025\/01\/LOGO-UVB-2024-azul-1.jpg\",\"width\":600,\"height\":211,\"caption\":\"UVB Brasil\"},\"image\":{\"@id\":\"https:\/\/uvbbrasil.com.br\/#\/schema\/logo\/image\/\"},\"sameAs\":[\"https:\/\/www.facebook.com\/uvb.vereadoresbrasil\",\"https:\/\/www.instagram.com\/uvbbrasil\/\",\"https:\/\/www.youtube.com\/channel\/UCIlPQ8Xzw5GHNzosQIg9S5A\"]},{\"@type\":\"Person\",\"@id\":\"https:\/\/uvbbrasil.com.br\/#\/schema\/person\/17990098446c098f52effddff4f1b272\",\"name\":\"adminuvb\",\"image\":{\"@type\":\"ImageObject\",\"inLanguage\":\"pt-BR\",\"@id\":\"https:\/\/uvbbrasil.com.br\/#\/schema\/person\/image\/\",\"url\":\"https:\/\/secure.gravatar.com\/avatar\/1a494ea6f8e2dd1ae526e55b0e9497efdba542491e0620d704cccf63c6f77c45?s=96&d=mm&r=g\",\"contentUrl\":\"https:\/\/secure.gravatar.com\/avatar\/1a494ea6f8e2dd1ae526e55b0e9497efdba542491e0620d704cccf63c6f77c45?s=96&d=mm&r=g\",\"caption\":\"adminuvb\"},\"sameAs\":[\"https:\/\/uvbbrasil.com.br\"],\"url\":\"https:\/\/uvbbrasil.com.br\/author\/adminuvb\/\"}]}<\/script>\n<!-- \/ Yoast SEO plugin. -->","yoast_head_json":{"title":"O mestre Lu\u00eds Fernando Machado do Interlegis convida a todos para Encantado\/RS - UVB Brasil","robots":{"index":"index","follow":"follow","max-snippet":"max-snippet:-1","max-image-preview":"max-image-preview:large","max-video-preview":"max-video-preview:-1"},"canonical":"https:\/\/uvbbrasil.com.br\/o-mestre-luis-fernando-machado-do-interlegis-convida-a-todos-para-encantado-rs\/","og_locale":"pt_BR","og_type":"article","og_title":"O mestre Lu\u00eds Fernando Machado do Interlegis convida a todos para Encantado\/RS - UVB Brasil","og_description":"O mestre Professor, Lu\u00eds Fernando Machado, coordenador geral do Interlegis do Senado Federal, \u00e9 palestrante confirmado no Semin\u00e1rio Nacional de...","og_url":"https:\/\/uvbbrasil.com.br\/o-mestre-luis-fernando-machado-do-interlegis-convida-a-todos-para-encantado-rs\/","og_site_name":"UVB Brasil","article_publisher":"https:\/\/www.facebook.com\/uvb.vereadoresbrasil","article_published_time":"2021-11-23T20:05:13+00:00","og_image":[{"width":336,"height":395,"url":"https:\/\/uvbbrasil.com.br\/wp-content\/uploads\/2021\/11\/LUIS-FERNANDO-PIRES.png","type":"image\/png"}],"author":"adminuvb","twitter_card":"summary_large_image","twitter_misc":{"Escrito por":"adminuvb","Est. tempo de leitura":"1 minuto"},"schema":{"@context":"https:\/\/schema.org","@graph":[{"@type":"Article","@id":"https:\/\/uvbbrasil.com.br\/o-mestre-luis-fernando-machado-do-interlegis-convida-a-todos-para-encantado-rs\/#article","isPartOf":{"@id":"https:\/\/uvbbrasil.com.br\/o-mestre-luis-fernando-machado-do-interlegis-convida-a-todos-para-encantado-rs\/"},"author":{"name":"adminuvb","@id":"https:\/\/uvbbrasil.com.br\/#\/schema\/person\/17990098446c098f52effddff4f1b272"},"headline":"O mestre Lu\u00eds Fernando Machado do Interlegis convida a todos para Encantado\/RS","datePublished":"2021-11-23T20:05:13+00:00","mainEntityOfPage":{"@id":"https:\/\/uvbbrasil.com.br\/o-mestre-luis-fernando-machado-do-interlegis-convida-a-todos-para-encantado-rs\/"},"wordCount":84,"commentCount":0,"publisher":{"@id":"https:\/\/uvbbrasil.com.br\/#organization"},"image":{"@id":"https:\/\/uvbbrasil.com.br\/o-mestre-luis-fernando-machado-do-interlegis-convida-a-todos-para-encantado-rs\/#primaryimage"},"thumbnailUrl":"https:\/\/uvbbrasil.com.br\/wp-content\/uploads\/2021\/11\/LUIS-FERNANDO-PIRES.png","articleSection":["NOT\u00cdCIAS","UVB"],"inLanguage":"pt-BR","potentialAction":[{"@type":"CommentAction","name":"Comment","target":["https:\/\/uvbbrasil.com.br\/o-mestre-luis-fernando-machado-do-interlegis-convida-a-todos-para-encantado-rs\/#respond"]}]},{"@type":"WebPage","@id":"https:\/\/uvbbrasil.com.br\/o-mestre-luis-fernando-machado-do-interlegis-convida-a-todos-para-encantado-rs\/","url":"https:\/\/uvbbrasil.com.br\/o-mestre-luis-fernando-machado-do-interlegis-convida-a-todos-para-encantado-rs\/","name":"O mestre Lu\u00eds Fernando Machado do Interlegis convida a todos para Encantado\/RS - UVB Brasil","isPartOf":{"@id":"https:\/\/uvbbrasil.com.br\/#website"},"primaryImageOfPage":{"@id":"https:\/\/uvbbrasil.com.br\/o-mestre-luis-fernando-machado-do-interlegis-convida-a-todos-para-encantado-rs\/#primaryimage"},"image":{"@id":"https:\/\/uvbbrasil.com.br\/o-mestre-luis-fernando-machado-do-interlegis-convida-a-todos-para-encantado-rs\/#primaryimage"},"thumbnailUrl":"https:\/\/uvbbrasil.com.br\/wp-content\/uploads\/2021\/11\/LUIS-FERNANDO-PIRES.png","datePublished":"2021-11-23T20:05:13+00:00","breadcrumb":{"@id":"https:\/\/uvbbrasil.com.br\/o-mestre-luis-fernando-machado-do-interlegis-convida-a-todos-para-encantado-rs\/#breadcrumb"},"inLanguage":"pt-BR","potentialAction":[{"@type":"ReadAction","target":["https:\/\/uvbbrasil.com.br\/o-mestre-luis-fernando-machado-do-interlegis-convida-a-todos-para-encantado-rs\/"]}]},{"@type":"ImageObject","inLanguage":"pt-BR","@id":"https:\/\/uvbbrasil.com.br\/o-mestre-luis-fernando-machado-do-interlegis-convida-a-todos-para-encantado-rs\/#primaryimage","url":"https:\/\/uvbbrasil.com.br\/wp-content\/uploads\/2021\/11\/LUIS-FERNANDO-PIRES.png","contentUrl":"https:\/\/uvbbrasil.com.br\/wp-content\/uploads\/2021\/11\/LUIS-FERNANDO-PIRES.png","width":336,"height":395},{"@type":"BreadcrumbList","@id":"https:\/\/uvbbrasil.com.br\/o-mestre-luis-fernando-machado-do-interlegis-convida-a-todos-para-encantado-rs\/#breadcrumb","itemListElement":[{"@type":"ListItem","position":1,"name":"In\u00edcio","item":"https:\/\/uvbbrasil.com.br\/"},{"@type":"ListItem","position":2,"name":"O mestre Lu\u00eds Fernando Machado do Interlegis convida a todos para Encantado\/RS"}]},{"@type":"WebSite","@id":"https:\/\/uvbbrasil.com.br\/#website","url":"https:\/\/uvbbrasil.com.br\/","name":"UVB Brasil","description":"Uni\u00e3o dos Vereadores do Brasil","publisher":{"@id":"https:\/\/uvbbrasil.com.br\/#organization"},"potentialAction":[{"@type":"SearchAction","target":{"@type":"EntryPoint","urlTemplate":"https:\/\/uvbbrasil.com.br\/?s={search_term_string}"},"query-input":{"@type":"PropertyValueSpecification","valueRequired":true,"valueName":"search_term_string"}}],"inLanguage":"pt-BR"},{"@type":"Organization","@id":"https:\/\/uvbbrasil.com.br\/#organization","name":"UVB Brasil","url":"https:\/\/uvbbrasil.com.br\/","logo":{"@type":"ImageObject","inLanguage":"pt-BR","@id":"https:\/\/uvbbrasil.com.br\/#\/schema\/logo\/image\/","url":"https:\/\/uvbbrasil.com.br\/wp-content\/uploads\/2025\/01\/LOGO-UVB-2024-azul-1.jpg","contentUrl":"https:\/\/uvbbrasil.com.br\/wp-content\/uploads\/2025\/01\/LOGO-UVB-2024-azul-1.jpg","width":600,"height":211,"caption":"UVB Brasil"},"image":{"@id":"https:\/\/uvbbrasil.com.br\/#\/schema\/logo\/image\/"},"sameAs":["https:\/\/www.facebook.com\/uvb.vereadoresbrasil","https:\/\/www.instagram.com\/uvbbrasil\/","https:\/\/www.youtube.com\/channel\/UCIlPQ8Xzw5GHNzosQIg9S5A"]},{"@type":"Person","@id":"https:\/\/uvbbrasil.com.br\/#\/schema\/person\/17990098446c098f52effddff4f1b272","name":"adminuvb","image":{"@type":"ImageObject","inLanguage":"pt-BR","@id":"https:\/\/uvbbrasil.com.br\/#\/schema\/person\/image\/","url":"https:\/\/secure.gravatar.com\/avatar\/1a494ea6f8e2dd1ae526e55b0e9497efdba542491e0620d704cccf63c6f77c45?s=96&d=mm&r=g","contentUrl":"https:\/\/secure.gravatar.com\/avatar\/1a494ea6f8e2dd1ae526e55b0e9497efdba542491e0620d704cccf63c6f77c45?s=96&d=mm&r=g","caption":"adminuvb"},"sameAs":["https:\/\/uvbbrasil.com.br"],"url":"https:\/\/uvbbrasil.com.br\/author\/adminuvb\/"}]}},"_links":{"self":[{"href":"https:\/\/uvbbrasil.com.br\/uvb-json\/wp\/v2\/posts\/24335","targetHints":{"allow":["GET"]}}],"collection":[{"href":"https:\/\/uvbbrasil.com.br\/uvb-json\/wp\/v2\/posts"}],"about":[{"href":"https:\/\/uvbbrasil.com.br\/uvb-json\/wp\/v2\/types\/post"}],"author":[{"embeddable":true,"href":"https:\/\/uvbbrasil.com.br\/uvb-json\/wp\/v2\/users\/1"}],"replies":[{"embeddable":true,"href":"https:\/\/uvbbrasil.com.br\/uvb-json\/wp\/v2\/comments?post=24335"}],"version-history":[{"count":0,"href":"https:\/\/uvbbrasil.com.br\/uvb-json\/wp\/v2\/posts\/24335\/revisions"}],"wp:featuredmedia":[{"embeddable":true,"href":"https:\/\/uvbbrasil.com.br\/uvb-json\/wp\/v2\/media\/24336"}],"wp:attachment":[{"href":"https:\/\/uvbbrasil.com.br\/uvb-json\/wp\/v2\/media?parent=24335"}],"wp:term":[{"taxonomy":"category","embeddable":true,"href":"https:\/\/uvbbrasil.com.br\/uvb-json\/wp\/v2\/categories?post=24335"},{"taxonomy":"post_tag","embeddable":true,"href":"https:\/\/uvbbrasil.com.br\/uvb-json\/wp\/v2\/tags?post=24335"}],"curies":[{"name":"wp","href":"https:\/\/api.w.org\/{rel}","templated":true}]}}