{"id":24331,"date":"2021-11-23T09:56:37","date_gmt":"2021-11-23T12:56:37","guid":{"rendered":"https:\/\/wpsandbox4.pante.com.br\/?p=24331"},"modified":"2021-11-23T09:56:37","modified_gmt":"2021-11-23T12:56:37","slug":"vereadores-de-irai-rs-realizam-sessao-ordinaria-aprovando-projetos-do-executivo-e-legislativo","status":"publish","type":"post","link":"https:\/\/uvbbrasil.com.br\/vereadores-de-irai-rs-realizam-sessao-ordinaria-aprovando-projetos-do-executivo-e-legislativo\/","title":{"rendered":"Vereadores de Ira\u00ed\/RS, realizam sess\u00e3o ordin\u00e1ria aprovando projetos do Executivo e Legislativo"},"content":{"rendered":"<div class=\"kvgmc6g5 cxmmr5t8 oygrvhab hcukyx3x c1et5uql ii04i59q\">\n<div dir=\"auto\"><\/div>\n<div dir=\"auto\"><strong>Ira\u00ed\/RS<\/strong>&#8211; O Poder Legislativo realizou na \u00faltima sexta-feira, 19, a sua 22\u00aa sess\u00e3o ordin\u00e1ria do ano. A reuni\u00e3o foi realizada no plen\u00e1rio da C\u00e2mara, Luiz Baldin, com transmiss\u00e3o ao vivo pela p\u00e1gina oficial no Facebook e pela r\u00e1dio Marab\u00e1.<\/div>\n<\/div>\n<div class=\"o9v6fnle cxmmr5t8 oygrvhab hcukyx3x c1et5uql ii04i59q\">\n<div dir=\"auto\">Conduzida pelo presidente, o vereador Paulo Martins, a sess\u00e3o teve na pauta dois projetos de autoria da Administra\u00e7\u00e3o, um projeto de resolu\u00e7\u00e3o do Legislativo, uma mo\u00e7\u00e3o e uma indica\u00e7\u00e3o do vereador Jair Barros.<\/div>\n<\/div>\n<div class=\"o9v6fnle cxmmr5t8 oygrvhab hcukyx3x c1et5uql ii04i59q\">\n<div dir=\"auto\">Os trabalhos iniciaram com a leitura da ata da sess\u00e3o realizada no dia 4 de novembro pela a assessora parlamentar, Deisi Munch, que foi aprovada por unanimidade. Em seguida, o presidente solicitou a vereadora e primeira secret\u00e1ria da Casa; vereadora, Franciele Diotti, para iniciar o Expediente com a leitura das correspond\u00eancias recebidas, projetos, mo\u00e7\u00f5es e indica\u00e7\u00f5es, sendo todos debatidos entre os edis e aprovados por unanimidade.<\/div>\n<\/div>\n<div class=\"o9v6fnle cxmmr5t8 oygrvhab hcukyx3x c1et5uql ii04i59q\">\n<div dir=\"auto\">Durante a reuni\u00e3o os projetos aprovados pelos vereadores foram o PL N\u00ba 065\/2021, que autoriza o executivo municipal a abrir cr\u00e9dito adicional especial por aux\u00edlios e conv\u00eanios e super\u00e1vit financeiro no or\u00e7amento vigente. J\u00e1 o PL N\u00ba 066\/2021, autoriza o executivo municipal a declarar de interesse p\u00fablico a adequa\u00e7\u00e3o das depend\u00eancias do pr\u00e9dio popularmente conhecido como Patronato, na comunidade Ind\u00edgena Goy Veso localizada \u00e0s margens da BR 386, para fins de instala\u00e7\u00e3o de uma Unidade B\u00e1sica de Sa\u00fade (USB) Ind\u00edgena, a ser instalada e mantida pela Secretaria Especial de Sa\u00fade Ind\u00edgena (SESAI). O Projeto de Resolu\u00e7\u00e3o N\u00ba 024\/2021, altera a data de realiza\u00e7\u00e3o da sess\u00e3o ordin\u00e1ria do dia 03 de dezembro, para o dia 13 de dezembro no mesmo hor\u00e1rio. A Indica\u00e7\u00e3o N\u00ba 048\/2021, de autoria do vereador Jair Barros, sugere ao Executivo para que verifique, com urg\u00eancia as sinaliza\u00e7\u00f5es de tr\u00e2nsito nas ruas do Munic\u00edpio, a fim de evitar acidentes, dando uma aten\u00e7\u00e3o especial para as ruas Jo\u00e3o Carlos Machado, pr\u00f3ximo a r\u00e1dio marab\u00e1, Avenida General Flores da Cunha, pr\u00f3ximo ao gin\u00e1sio de esportes e Travessa Aguas do Mel, pr\u00f3ximo a Metal\u00fargica Ira\u00ed. Por fim, a Mo\u00e7\u00e3o de Aplauso N\u00ba 081\/2021, de autoria de todos os vereadores parabeniza a Uni\u00e3o dos Vereadores do Brasil (UVB), pelos 57 anos de funda\u00e7\u00e3o.<\/div>\n<\/div>\n<div class=\"o9v6fnle cxmmr5t8 oygrvhab hcukyx3x c1et5uql ii04i59q\">\n<div dir=\"auto\">O Plen\u00e1rio contou com a participa\u00e7\u00e3o dos vereadores; presidente, Paulo Martins; vice-presidente, Maristela Panegalli; primeira-secret\u00e1ria, Franciele Diotti, Clerio Larentis, Jair Barros, Nelci do Amaral, Ana Paula Rodrigues e Jadir Jacinto.<\/div>\n<\/div>\n<div class=\"o9v6fnle cxmmr5t8 oygrvhab hcukyx3x c1et5uql ii04i59q\">\n<div dir=\"auto\">A pr\u00f3xima sess\u00e3o ordin\u00e1ria ser\u00e1 realizada no dia 13 de dezembro \u00e0s 18 horas, na sala de Sess\u00f5es da C\u00e2mara de Vereadores e ser\u00e1 transmitida ao vivo pela p\u00e1gina oficial do Legislativo no facebook e pela R\u00e1dio Marab\u00e1.<\/div>\n<\/div>\n<div dir=\"auto\"><\/div>\n<div dir=\"auto\"><img fetchpriority=\"high\" decoding=\"async\" class=\"alignnone size-medium wp-image-24332\" src=\"https:\/\/uvbbrasil.com.br\/wp-content\/uploads\/2021\/11\/260335985_2333366983460591_2460091951791411133_n-300x200.jpg\" alt=\"\" width=\"300\" height=\"200\" srcset=\"https:\/\/uvbbrasil.com.br\/wp-content\/uploads\/2021\/11\/260335985_2333366983460591_2460091951791411133_n-300x200.jpg 300w, https:\/\/uvbbrasil.com.br\/wp-content\/uploads\/2021\/11\/260335985_2333366983460591_2460091951791411133_n-768x512.jpg 768w, https:\/\/uvbbrasil.com.br\/wp-content\/uploads\/2021\/11\/260335985_2333366983460591_2460091951791411133_n.jpg 810w\" sizes=\"(max-width: 300px) 100vw, 300px\" \/><\/div>\n","protected":false},"excerpt":{"rendered":"<p>Ira\u00ed\/RS&#8211; O Poder Legislativo realizou na \u00faltima sexta-feira, 19, a sua 22\u00aa sess\u00e3o ordin\u00e1ria do ano. A reuni\u00e3o foi realizada&#8230;<\/p>\n","protected":false},"author":1,"featured_media":24332,"comment_status":"open","ping_status":"open","sticky":false,"template":"","format":"standard","meta":{"footnotes":""},"categories":[3],"tags":[],"class_list":["post-24331","post","type-post","status-publish","format-standard","has-post-thumbnail","hentry","category-noticias"],"yoast_head":"<!-- This site is optimized with the Yoast SEO plugin v26.7 - https:\/\/yoast.com\/wordpress\/plugins\/seo\/ -->\n<title>Vereadores de Ira\u00ed\/RS, realizam sess\u00e3o ordin\u00e1ria aprovando projetos do Executivo e Legislativo - UVB Brasil<\/title>\n<meta name=\"robots\" content=\"index, follow, max-snippet:-1, max-image-preview:large, max-video-preview:-1\" \/>\n<link rel=\"canonical\" href=\"https:\/\/uvbbrasil.com.br\/vereadores-de-irai-rs-realizam-sessao-ordinaria-aprovando-projetos-do-executivo-e-legislativo\/\" \/>\n<meta property=\"og:locale\" content=\"pt_BR\" \/>\n<meta property=\"og:type\" content=\"article\" \/>\n<meta property=\"og:title\" content=\"Vereadores de Ira\u00ed\/RS, realizam sess\u00e3o ordin\u00e1ria aprovando projetos do Executivo e Legislativo - UVB Brasil\" \/>\n<meta property=\"og:description\" content=\"Ira\u00ed\/RS&#8211; O Poder Legislativo realizou na \u00faltima sexta-feira, 19, a sua 22\u00aa sess\u00e3o ordin\u00e1ria do ano. A reuni\u00e3o foi realizada...\" \/>\n<meta property=\"og:url\" content=\"https:\/\/uvbbrasil.com.br\/vereadores-de-irai-rs-realizam-sessao-ordinaria-aprovando-projetos-do-executivo-e-legislativo\/\" \/>\n<meta property=\"og:site_name\" content=\"UVB Brasil\" \/>\n<meta property=\"article:publisher\" content=\"https:\/\/www.facebook.com\/uvb.vereadoresbrasil\" \/>\n<meta property=\"article:published_time\" content=\"2021-11-23T12:56:37+00:00\" \/>\n<meta property=\"og:image\" content=\"https:\/\/uvbbrasil.com.br\/wp-content\/uploads\/2021\/11\/260335985_2333366983460591_2460091951791411133_n.jpg\" \/>\n\t<meta property=\"og:image:width\" content=\"810\" \/>\n\t<meta property=\"og:image:height\" content=\"540\" \/>\n\t<meta property=\"og:image:type\" content=\"image\/jpeg\" \/>\n<meta name=\"author\" content=\"adminuvb\" \/>\n<meta name=\"twitter:card\" content=\"summary_large_image\" \/>\n<meta name=\"twitter:label1\" content=\"Escrito por\" \/>\n\t<meta name=\"twitter:data1\" content=\"adminuvb\" \/>\n\t<meta name=\"twitter:label2\" content=\"Est. tempo de leitura\" \/>\n\t<meta name=\"twitter:data2\" content=\"3 minutos\" \/>\n<script type=\"application\/ld+json\" class=\"yoast-schema-graph\">{\"@context\":\"https:\/\/schema.org\",\"@graph\":[{\"@type\":\"Article\",\"@id\":\"https:\/\/uvbbrasil.com.br\/vereadores-de-irai-rs-realizam-sessao-ordinaria-aprovando-projetos-do-executivo-e-legislativo\/#article\",\"isPartOf\":{\"@id\":\"https:\/\/uvbbrasil.com.br\/vereadores-de-irai-rs-realizam-sessao-ordinaria-aprovando-projetos-do-executivo-e-legislativo\/\"},\"author\":{\"name\":\"adminuvb\",\"@id\":\"https:\/\/uvbbrasil.com.br\/#\/schema\/person\/17990098446c098f52effddff4f1b272\"},\"headline\":\"Vereadores de Ira\u00ed\/RS, realizam sess\u00e3o ordin\u00e1ria aprovando projetos do Executivo e Legislativo\",\"datePublished\":\"2021-11-23T12:56:37+00:00\",\"mainEntityOfPage\":{\"@id\":\"https:\/\/uvbbrasil.com.br\/vereadores-de-irai-rs-realizam-sessao-ordinaria-aprovando-projetos-do-executivo-e-legislativo\/\"},\"wordCount\":485,\"commentCount\":0,\"publisher\":{\"@id\":\"https:\/\/uvbbrasil.com.br\/#organization\"},\"image\":{\"@id\":\"https:\/\/uvbbrasil.com.br\/vereadores-de-irai-rs-realizam-sessao-ordinaria-aprovando-projetos-do-executivo-e-legislativo\/#primaryimage\"},\"thumbnailUrl\":\"https:\/\/uvbbrasil.com.br\/wp-content\/uploads\/2021\/11\/260335985_2333366983460591_2460091951791411133_n.jpg\",\"articleSection\":[\"NOT\u00cdCIAS\"],\"inLanguage\":\"pt-BR\",\"potentialAction\":[{\"@type\":\"CommentAction\",\"name\":\"Comment\",\"target\":[\"https:\/\/uvbbrasil.com.br\/vereadores-de-irai-rs-realizam-sessao-ordinaria-aprovando-projetos-do-executivo-e-legislativo\/#respond\"]}]},{\"@type\":\"WebPage\",\"@id\":\"https:\/\/uvbbrasil.com.br\/vereadores-de-irai-rs-realizam-sessao-ordinaria-aprovando-projetos-do-executivo-e-legislativo\/\",\"url\":\"https:\/\/uvbbrasil.com.br\/vereadores-de-irai-rs-realizam-sessao-ordinaria-aprovando-projetos-do-executivo-e-legislativo\/\",\"name\":\"Vereadores de Ira\u00ed\/RS, realizam sess\u00e3o ordin\u00e1ria aprovando projetos do Executivo e Legislativo - UVB Brasil\",\"isPartOf\":{\"@id\":\"https:\/\/uvbbrasil.com.br\/#website\"},\"primaryImageOfPage\":{\"@id\":\"https:\/\/uvbbrasil.com.br\/vereadores-de-irai-rs-realizam-sessao-ordinaria-aprovando-projetos-do-executivo-e-legislativo\/#primaryimage\"},\"image\":{\"@id\":\"https:\/\/uvbbrasil.com.br\/vereadores-de-irai-rs-realizam-sessao-ordinaria-aprovando-projetos-do-executivo-e-legislativo\/#primaryimage\"},\"thumbnailUrl\":\"https:\/\/uvbbrasil.com.br\/wp-content\/uploads\/2021\/11\/260335985_2333366983460591_2460091951791411133_n.jpg\",\"datePublished\":\"2021-11-23T12:56:37+00:00\",\"breadcrumb\":{\"@id\":\"https:\/\/uvbbrasil.com.br\/vereadores-de-irai-rs-realizam-sessao-ordinaria-aprovando-projetos-do-executivo-e-legislativo\/#breadcrumb\"},\"inLanguage\":\"pt-BR\",\"potentialAction\":[{\"@type\":\"ReadAction\",\"target\":[\"https:\/\/uvbbrasil.com.br\/vereadores-de-irai-rs-realizam-sessao-ordinaria-aprovando-projetos-do-executivo-e-legislativo\/\"]}]},{\"@type\":\"ImageObject\",\"inLanguage\":\"pt-BR\",\"@id\":\"https:\/\/uvbbrasil.com.br\/vereadores-de-irai-rs-realizam-sessao-ordinaria-aprovando-projetos-do-executivo-e-legislativo\/#primaryimage\",\"url\":\"https:\/\/uvbbrasil.com.br\/wp-content\/uploads\/2021\/11\/260335985_2333366983460591_2460091951791411133_n.jpg\",\"contentUrl\":\"https:\/\/uvbbrasil.com.br\/wp-content\/uploads\/2021\/11\/260335985_2333366983460591_2460091951791411133_n.jpg\",\"width\":810,\"height\":540},{\"@type\":\"BreadcrumbList\",\"@id\":\"https:\/\/uvbbrasil.com.br\/vereadores-de-irai-rs-realizam-sessao-ordinaria-aprovando-projetos-do-executivo-e-legislativo\/#breadcrumb\",\"itemListElement\":[{\"@type\":\"ListItem\",\"position\":1,\"name\":\"In\u00edcio\",\"item\":\"https:\/\/uvbbrasil.com.br\/\"},{\"@type\":\"ListItem\",\"position\":2,\"name\":\"Vereadores de Ira\u00ed\/RS, realizam sess\u00e3o ordin\u00e1ria aprovando projetos do Executivo e Legislativo\"}]},{\"@type\":\"WebSite\",\"@id\":\"https:\/\/uvbbrasil.com.br\/#website\",\"url\":\"https:\/\/uvbbrasil.com.br\/\",\"name\":\"UVB Brasil\",\"description\":\"Uni\u00e3o dos Vereadores do Brasil\",\"publisher\":{\"@id\":\"https:\/\/uvbbrasil.com.br\/#organization\"},\"potentialAction\":[{\"@type\":\"SearchAction\",\"target\":{\"@type\":\"EntryPoint\",\"urlTemplate\":\"https:\/\/uvbbrasil.com.br\/?s={search_term_string}\"},\"query-input\":{\"@type\":\"PropertyValueSpecification\",\"valueRequired\":true,\"valueName\":\"search_term_string\"}}],\"inLanguage\":\"pt-BR\"},{\"@type\":\"Organization\",\"@id\":\"https:\/\/uvbbrasil.com.br\/#organization\",\"name\":\"UVB Brasil\",\"url\":\"https:\/\/uvbbrasil.com.br\/\",\"logo\":{\"@type\":\"ImageObject\",\"inLanguage\":\"pt-BR\",\"@id\":\"https:\/\/uvbbrasil.com.br\/#\/schema\/logo\/image\/\",\"url\":\"https:\/\/uvbbrasil.com.br\/wp-content\/uploads\/2025\/01\/LOGO-UVB-2024-azul-1.jpg\",\"contentUrl\":\"https:\/\/uvbbrasil.com.br\/wp-content\/uploads\/2025\/01\/LOGO-UVB-2024-azul-1.jpg\",\"width\":600,\"height\":211,\"caption\":\"UVB Brasil\"},\"image\":{\"@id\":\"https:\/\/uvbbrasil.com.br\/#\/schema\/logo\/image\/\"},\"sameAs\":[\"https:\/\/www.facebook.com\/uvb.vereadoresbrasil\",\"https:\/\/www.instagram.com\/uvbbrasil\/\",\"https:\/\/www.youtube.com\/channel\/UCIlPQ8Xzw5GHNzosQIg9S5A\"]},{\"@type\":\"Person\",\"@id\":\"https:\/\/uvbbrasil.com.br\/#\/schema\/person\/17990098446c098f52effddff4f1b272\",\"name\":\"adminuvb\",\"image\":{\"@type\":\"ImageObject\",\"inLanguage\":\"pt-BR\",\"@id\":\"https:\/\/uvbbrasil.com.br\/#\/schema\/person\/image\/\",\"url\":\"https:\/\/secure.gravatar.com\/avatar\/1a494ea6f8e2dd1ae526e55b0e9497efdba542491e0620d704cccf63c6f77c45?s=96&d=mm&r=g\",\"contentUrl\":\"https:\/\/secure.gravatar.com\/avatar\/1a494ea6f8e2dd1ae526e55b0e9497efdba542491e0620d704cccf63c6f77c45?s=96&d=mm&r=g\",\"caption\":\"adminuvb\"},\"sameAs\":[\"https:\/\/uvbbrasil.com.br\"],\"url\":\"https:\/\/uvbbrasil.com.br\/author\/adminuvb\/\"}]}<\/script>\n<!-- \/ Yoast SEO plugin. -->","yoast_head_json":{"title":"Vereadores de Ira\u00ed\/RS, realizam sess\u00e3o ordin\u00e1ria aprovando projetos do Executivo e Legislativo - UVB Brasil","robots":{"index":"index","follow":"follow","max-snippet":"max-snippet:-1","max-image-preview":"max-image-preview:large","max-video-preview":"max-video-preview:-1"},"canonical":"https:\/\/uvbbrasil.com.br\/vereadores-de-irai-rs-realizam-sessao-ordinaria-aprovando-projetos-do-executivo-e-legislativo\/","og_locale":"pt_BR","og_type":"article","og_title":"Vereadores de Ira\u00ed\/RS, realizam sess\u00e3o ordin\u00e1ria aprovando projetos do Executivo e Legislativo - UVB Brasil","og_description":"Ira\u00ed\/RS&#8211; O Poder Legislativo realizou na \u00faltima sexta-feira, 19, a sua 22\u00aa sess\u00e3o ordin\u00e1ria do ano. A reuni\u00e3o foi realizada...","og_url":"https:\/\/uvbbrasil.com.br\/vereadores-de-irai-rs-realizam-sessao-ordinaria-aprovando-projetos-do-executivo-e-legislativo\/","og_site_name":"UVB Brasil","article_publisher":"https:\/\/www.facebook.com\/uvb.vereadoresbrasil","article_published_time":"2021-11-23T12:56:37+00:00","og_image":[{"width":810,"height":540,"url":"https:\/\/uvbbrasil.com.br\/wp-content\/uploads\/2021\/11\/260335985_2333366983460591_2460091951791411133_n.jpg","type":"image\/jpeg"}],"author":"adminuvb","twitter_card":"summary_large_image","twitter_misc":{"Escrito por":"adminuvb","Est. tempo de leitura":"3 minutos"},"schema":{"@context":"https:\/\/schema.org","@graph":[{"@type":"Article","@id":"https:\/\/uvbbrasil.com.br\/vereadores-de-irai-rs-realizam-sessao-ordinaria-aprovando-projetos-do-executivo-e-legislativo\/#article","isPartOf":{"@id":"https:\/\/uvbbrasil.com.br\/vereadores-de-irai-rs-realizam-sessao-ordinaria-aprovando-projetos-do-executivo-e-legislativo\/"},"author":{"name":"adminuvb","@id":"https:\/\/uvbbrasil.com.br\/#\/schema\/person\/17990098446c098f52effddff4f1b272"},"headline":"Vereadores de Ira\u00ed\/RS, realizam sess\u00e3o ordin\u00e1ria aprovando projetos do Executivo e Legislativo","datePublished":"2021-11-23T12:56:37+00:00","mainEntityOfPage":{"@id":"https:\/\/uvbbrasil.com.br\/vereadores-de-irai-rs-realizam-sessao-ordinaria-aprovando-projetos-do-executivo-e-legislativo\/"},"wordCount":485,"commentCount":0,"publisher":{"@id":"https:\/\/uvbbrasil.com.br\/#organization"},"image":{"@id":"https:\/\/uvbbrasil.com.br\/vereadores-de-irai-rs-realizam-sessao-ordinaria-aprovando-projetos-do-executivo-e-legislativo\/#primaryimage"},"thumbnailUrl":"https:\/\/uvbbrasil.com.br\/wp-content\/uploads\/2021\/11\/260335985_2333366983460591_2460091951791411133_n.jpg","articleSection":["NOT\u00cdCIAS"],"inLanguage":"pt-BR","potentialAction":[{"@type":"CommentAction","name":"Comment","target":["https:\/\/uvbbrasil.com.br\/vereadores-de-irai-rs-realizam-sessao-ordinaria-aprovando-projetos-do-executivo-e-legislativo\/#respond"]}]},{"@type":"WebPage","@id":"https:\/\/uvbbrasil.com.br\/vereadores-de-irai-rs-realizam-sessao-ordinaria-aprovando-projetos-do-executivo-e-legislativo\/","url":"https:\/\/uvbbrasil.com.br\/vereadores-de-irai-rs-realizam-sessao-ordinaria-aprovando-projetos-do-executivo-e-legislativo\/","name":"Vereadores de Ira\u00ed\/RS, realizam sess\u00e3o ordin\u00e1ria aprovando projetos do Executivo e Legislativo - UVB Brasil","isPartOf":{"@id":"https:\/\/uvbbrasil.com.br\/#website"},"primaryImageOfPage":{"@id":"https:\/\/uvbbrasil.com.br\/vereadores-de-irai-rs-realizam-sessao-ordinaria-aprovando-projetos-do-executivo-e-legislativo\/#primaryimage"},"image":{"@id":"https:\/\/uvbbrasil.com.br\/vereadores-de-irai-rs-realizam-sessao-ordinaria-aprovando-projetos-do-executivo-e-legislativo\/#primaryimage"},"thumbnailUrl":"https:\/\/uvbbrasil.com.br\/wp-content\/uploads\/2021\/11\/260335985_2333366983460591_2460091951791411133_n.jpg","datePublished":"2021-11-23T12:56:37+00:00","breadcrumb":{"@id":"https:\/\/uvbbrasil.com.br\/vereadores-de-irai-rs-realizam-sessao-ordinaria-aprovando-projetos-do-executivo-e-legislativo\/#breadcrumb"},"inLanguage":"pt-BR","potentialAction":[{"@type":"ReadAction","target":["https:\/\/uvbbrasil.com.br\/vereadores-de-irai-rs-realizam-sessao-ordinaria-aprovando-projetos-do-executivo-e-legislativo\/"]}]},{"@type":"ImageObject","inLanguage":"pt-BR","@id":"https:\/\/uvbbrasil.com.br\/vereadores-de-irai-rs-realizam-sessao-ordinaria-aprovando-projetos-do-executivo-e-legislativo\/#primaryimage","url":"https:\/\/uvbbrasil.com.br\/wp-content\/uploads\/2021\/11\/260335985_2333366983460591_2460091951791411133_n.jpg","contentUrl":"https:\/\/uvbbrasil.com.br\/wp-content\/uploads\/2021\/11\/260335985_2333366983460591_2460091951791411133_n.jpg","width":810,"height":540},{"@type":"BreadcrumbList","@id":"https:\/\/uvbbrasil.com.br\/vereadores-de-irai-rs-realizam-sessao-ordinaria-aprovando-projetos-do-executivo-e-legislativo\/#breadcrumb","itemListElement":[{"@type":"ListItem","position":1,"name":"In\u00edcio","item":"https:\/\/uvbbrasil.com.br\/"},{"@type":"ListItem","position":2,"name":"Vereadores de Ira\u00ed\/RS, realizam sess\u00e3o ordin\u00e1ria aprovando projetos do Executivo e Legislativo"}]},{"@type":"WebSite","@id":"https:\/\/uvbbrasil.com.br\/#website","url":"https:\/\/uvbbrasil.com.br\/","name":"UVB Brasil","description":"Uni\u00e3o dos Vereadores do Brasil","publisher":{"@id":"https:\/\/uvbbrasil.com.br\/#organization"},"potentialAction":[{"@type":"SearchAction","target":{"@type":"EntryPoint","urlTemplate":"https:\/\/uvbbrasil.com.br\/?s={search_term_string}"},"query-input":{"@type":"PropertyValueSpecification","valueRequired":true,"valueName":"search_term_string"}}],"inLanguage":"pt-BR"},{"@type":"Organization","@id":"https:\/\/uvbbrasil.com.br\/#organization","name":"UVB Brasil","url":"https:\/\/uvbbrasil.com.br\/","logo":{"@type":"ImageObject","inLanguage":"pt-BR","@id":"https:\/\/uvbbrasil.com.br\/#\/schema\/logo\/image\/","url":"https:\/\/uvbbrasil.com.br\/wp-content\/uploads\/2025\/01\/LOGO-UVB-2024-azul-1.jpg","contentUrl":"https:\/\/uvbbrasil.com.br\/wp-content\/uploads\/2025\/01\/LOGO-UVB-2024-azul-1.jpg","width":600,"height":211,"caption":"UVB Brasil"},"image":{"@id":"https:\/\/uvbbrasil.com.br\/#\/schema\/logo\/image\/"},"sameAs":["https:\/\/www.facebook.com\/uvb.vereadoresbrasil","https:\/\/www.instagram.com\/uvbbrasil\/","https:\/\/www.youtube.com\/channel\/UCIlPQ8Xzw5GHNzosQIg9S5A"]},{"@type":"Person","@id":"https:\/\/uvbbrasil.com.br\/#\/schema\/person\/17990098446c098f52effddff4f1b272","name":"adminuvb","image":{"@type":"ImageObject","inLanguage":"pt-BR","@id":"https:\/\/uvbbrasil.com.br\/#\/schema\/person\/image\/","url":"https:\/\/secure.gravatar.com\/avatar\/1a494ea6f8e2dd1ae526e55b0e9497efdba542491e0620d704cccf63c6f77c45?s=96&d=mm&r=g","contentUrl":"https:\/\/secure.gravatar.com\/avatar\/1a494ea6f8e2dd1ae526e55b0e9497efdba542491e0620d704cccf63c6f77c45?s=96&d=mm&r=g","caption":"adminuvb"},"sameAs":["https:\/\/uvbbrasil.com.br"],"url":"https:\/\/uvbbrasil.com.br\/author\/adminuvb\/"}]}},"_links":{"self":[{"href":"https:\/\/uvbbrasil.com.br\/uvb-json\/wp\/v2\/posts\/24331","targetHints":{"allow":["GET"]}}],"collection":[{"href":"https:\/\/uvbbrasil.com.br\/uvb-json\/wp\/v2\/posts"}],"about":[{"href":"https:\/\/uvbbrasil.com.br\/uvb-json\/wp\/v2\/types\/post"}],"author":[{"embeddable":true,"href":"https:\/\/uvbbrasil.com.br\/uvb-json\/wp\/v2\/users\/1"}],"replies":[{"embeddable":true,"href":"https:\/\/uvbbrasil.com.br\/uvb-json\/wp\/v2\/comments?post=24331"}],"version-history":[{"count":0,"href":"https:\/\/uvbbrasil.com.br\/uvb-json\/wp\/v2\/posts\/24331\/revisions"}],"wp:featuredmedia":[{"embeddable":true,"href":"https:\/\/uvbbrasil.com.br\/uvb-json\/wp\/v2\/media\/24332"}],"wp:attachment":[{"href":"https:\/\/uvbbrasil.com.br\/uvb-json\/wp\/v2\/media?parent=24331"}],"wp:term":[{"taxonomy":"category","embeddable":true,"href":"https:\/\/uvbbrasil.com.br\/uvb-json\/wp\/v2\/categories?post=24331"},{"taxonomy":"post_tag","embeddable":true,"href":"https:\/\/uvbbrasil.com.br\/uvb-json\/wp\/v2\/tags?post=24331"}],"curies":[{"name":"wp","href":"https:\/\/api.w.org\/{rel}","templated":true}]}}