{"id":24301,"date":"2021-11-19T09:46:35","date_gmt":"2021-11-19T12:46:35","guid":{"rendered":"https:\/\/wpsandbox4.pante.com.br\/?p=24301"},"modified":"2021-11-19T09:46:35","modified_gmt":"2021-11-19T12:46:35","slug":"exposicao-guardias-da-terra-exibe-saberes-das-mulheres-agricultoras-de-caxias-do-sul","status":"publish","type":"post","link":"https:\/\/uvbbrasil.com.br\/exposicao-guardias-da-terra-exibe-saberes-das-mulheres-agricultoras-de-caxias-do-sul\/","title":{"rendered":"Exposi\u00e7\u00e3o \u201cGuardi\u00e3s da Terra\u201d exibe saberes das mulheres agricultoras de Caxias do Sul"},"content":{"rendered":"<div class=\"col-md-12 nopadding\">\n<p class=\"apoioNoticia\">A mostra fotogr\u00e1fica promovida pelo Legislativo municipal abre de forma presencial na tarde desta sexta-feira (19\/11), no Espa\u00e7o Cultural M\u00e1rio Crosa<\/p>\n<\/div>\n<div id=\"detalhes-noticias\">\n<div class=\"col-md-6 noticia-texto-completo\">\n<p><strong>Caxias do Sul\/RS<\/strong>&#8211; Para valorizar os fazeres e os saberes das mulheres do campo, o Parlamento Municipal lan\u00e7a, nesta sexta-feira (19\/11), \u00e0s 16h, para aprecia\u00e7\u00e3o da comunidade, a mostra fotogr\u00e1fica &#8220;Guardi\u00e3s da Terra&#8221;. S\u00e3o 14 imagens que revelam o dia a dia de quem faz da agricultura e da pecu\u00e1ria raz\u00f5es de seu viver pessoal e profissional.<\/p>\n<p>As fotos foram registradas pelo fot\u00f3grafo e jornalista Gabriel Lain, a partir de um projeto da Assessoria de Comunica\u00e7\u00e3o da C\u00e2mara de Vereadores de Caxias do Sul, com o aval da Mesa Diretora 2021. A exposi\u00e7\u00e3o integra a programa\u00e7\u00e3o de 25 anos da atual sede do Legislativo e poder\u00e1 ser apreciada no Espa\u00e7o Cultural M\u00e1rio Crosa, desde a tarde desta sexta-feira (19\/11) at\u00e9 o dia 6 de dezembro. A visita\u00e7\u00e3o ocorre de segunda a sexta, das 8h \u00e0s 17h.<\/p>\n<p>Os cliques foram feitos na \u00e1rea rural caxiense, com destaque a localidades de Gal\u00f3polis e Vila Cristina, durante o primeiro semestre deste ano. Embora contemplem a atua\u00e7\u00e3o das mulheres que residem na zona rural, a mostra faz rever\u00eancia a todo o p\u00fablico feminino, tanto do campo quanto da cidade.<\/p>\n<p>O fot\u00f3grafo Gabriel Lain explica que o projeto tem o intuito de homenagear as mulheres, especialmente, a mulher do interior. \u201cEste \u00e9 o ano em que temos cinco vereadoras, a maior bancada feminina da hist\u00f3ria do Parlamento caxiense. Ent\u00e3o, valorizamos as mulheres que est\u00e3o aqui, as de Caxias e, principalmente, as que trabalham na\u00a0agricultura\u201d, salientou.<\/p>\n<p>Entre os of\u00edcios mostrados pelas protagonistas da exposi\u00e7\u00e3o, est\u00e3o o de fazer e assar o p\u00e3o; elaborar agnolini; cuidar dos parreirais; colher uva; cozinhar a chimia no tacho; plantar hortali\u00e7as; preparar a mesa, com grostoli, p\u00e3o, salame, geleias e vinho.<\/p>\n<p>&#8220;Como agricultor, colono, e agora no comando do Legislativo, admiro ainda mais o trabalho e o esfor\u00e7o das mulheres que ajudam a colocar o alimento \u00e0 mesa da popula\u00e7\u00e3o&#8221;, elogia o presidente da C\u00e2mara, vereador Velocino Uez.<\/p>\n<p>O chefe da Assessoria de Comunica\u00e7\u00e3o, jornalista Tales Armiliato, acrescenta o valor hist\u00f3rico da exposi\u00e7\u00e3o. Segundo ele, as imagens simbolizam dois importantes tempos. &#8220;Simbolizam a experi\u00eancia das mulheres que nascem e ficam no campo ao longo de sua trajet\u00f3ria e daquelas que est\u00e3o come\u00e7ando nos cuidados da lavoura e dos animais&#8221;.<\/p>\n<p>De acordo com Armiliato, a\u00a0exposi\u00e7\u00e3o envolveu toda a Assessoria de Comunica\u00e7\u00e3o Social do Legislativo durante cinco meses. Ele recorda que no dia\u00a025 de novembro, \u00e0s 14h30, no espa\u00e7o M\u00e1rio Crosa, as personagens fotografadas estar\u00e3o acompanhadas de\u00a0suas fam\u00edlias para um evento de apresenta\u00e7\u00e3o oficial da exposi\u00e7\u00e3o. Segundo Armiliato, as agricultoras ser\u00e3o recebidas pelo presidente da\u00a0C\u00e2mara Municipal,\u00a0Velocino Uez e os vereadores integrantes da Mesa Diretora da Casa. Conforme o jornalista, um document\u00e1rio tamb\u00e9m est\u00e1 sendo preparado pelos profissionais da\u00a0TV C\u00e2mara Caxias\u00a0mostrando o pensamento e a opini\u00e3o dessas mulheres diante dos desafios da atualidade.<\/p>\n<p>As fotografias estavam dispon\u00edveis desde o dia 27 de setembro de 2021 no site oficial da Casa do Povo. Agora, com a possibilidade de visita\u00e7\u00e3o p\u00fablica, a mostra est\u00e1 sendo aberta de forma presencial. E, no ano de 2022, a exposi\u00e7\u00e3o ser\u00e1 levada ao estande da C\u00e2mara Municipal, nos Pavilh\u00f5es da Festa Nacional da Uva, em sua pr\u00f3xima edi\u00e7\u00e3o, \u00a0que ocorre de 18 de fevereiro a 6 de mar\u00e7o.<\/p>\n<p>&nbsp;<\/p>\n<p>.<img fetchpriority=\"high\" decoding=\"async\" class=\"alignnone size-medium wp-image-24302\" src=\"https:\/\/uvbbrasil.com.br\/wp-content\/uploads\/2021\/11\/b21b1154a2a6c19eca17befe51fc1b28-300x206.jpg\" alt=\"\" width=\"300\" height=\"206\" srcset=\"https:\/\/uvbbrasil.com.br\/wp-content\/uploads\/2021\/11\/b21b1154a2a6c19eca17befe51fc1b28-300x206.jpg 300w, https:\/\/uvbbrasil.com.br\/wp-content\/uploads\/2021\/11\/b21b1154a2a6c19eca17befe51fc1b28-768x528.jpg 768w, https:\/\/uvbbrasil.com.br\/wp-content\/uploads\/2021\/11\/b21b1154a2a6c19eca17befe51fc1b28.jpg 1024w\" sizes=\"(max-width: 300px) 100vw, 300px\" \/><\/p>\n<p>&nbsp;<\/p>\n<p class=\"text-left\" style=\"text-align: center;\"><em>Dona Wilma Maria Argenta Bertotti da comunidade de S\u00e3o Virg\u00edlio da 2\u00aa L\u00e9gua \u00e9 uma das personagens da exposi\u00e7\u00e3o<\/em><\/p>\n<p class=\"text-left\" style=\"text-align: center;\"><em>Cr\u00e9dito:\u00a0Gabriel Lain\/Divulga\u00e7\u00e3o<\/em><\/p>\n<\/div>\n<\/div>\n","protected":false},"excerpt":{"rendered":"<p>A mostra fotogr\u00e1fica promovida pelo Legislativo municipal abre de forma presencial na tarde desta sexta-feira (19\/11), no Espa\u00e7o Cultural M\u00e1rio&#8230;<\/p>\n","protected":false},"author":1,"featured_media":24302,"comment_status":"open","ping_status":"open","sticky":false,"template":"","format":"standard","meta":{"footnotes":""},"categories":[3],"tags":[],"class_list":["post-24301","post","type-post","status-publish","format-standard","has-post-thumbnail","hentry","category-noticias"],"yoast_head":"<!-- This site is optimized with the Yoast SEO plugin v26.7 - https:\/\/yoast.com\/wordpress\/plugins\/seo\/ -->\n<title>Exposi\u00e7\u00e3o \u201cGuardi\u00e3s da Terra\u201d exibe saberes das mulheres agricultoras de Caxias do Sul - UVB Brasil<\/title>\n<meta name=\"robots\" content=\"index, follow, max-snippet:-1, max-image-preview:large, max-video-preview:-1\" \/>\n<link rel=\"canonical\" href=\"https:\/\/uvbbrasil.com.br\/exposicao-guardias-da-terra-exibe-saberes-das-mulheres-agricultoras-de-caxias-do-sul\/\" \/>\n<meta property=\"og:locale\" content=\"pt_BR\" \/>\n<meta property=\"og:type\" content=\"article\" \/>\n<meta property=\"og:title\" content=\"Exposi\u00e7\u00e3o \u201cGuardi\u00e3s da Terra\u201d exibe saberes das mulheres agricultoras de Caxias do Sul - UVB Brasil\" \/>\n<meta property=\"og:description\" content=\"A mostra fotogr\u00e1fica promovida pelo Legislativo municipal abre de forma presencial na tarde desta sexta-feira (19\/11), no Espa\u00e7o Cultural M\u00e1rio...\" \/>\n<meta property=\"og:url\" content=\"https:\/\/uvbbrasil.com.br\/exposicao-guardias-da-terra-exibe-saberes-das-mulheres-agricultoras-de-caxias-do-sul\/\" \/>\n<meta property=\"og:site_name\" content=\"UVB Brasil\" \/>\n<meta property=\"article:publisher\" content=\"https:\/\/www.facebook.com\/uvb.vereadoresbrasil\" \/>\n<meta property=\"article:published_time\" content=\"2021-11-19T12:46:35+00:00\" \/>\n<meta property=\"og:image\" content=\"https:\/\/uvbbrasil.com.br\/wp-content\/uploads\/2021\/11\/b21b1154a2a6c19eca17befe51fc1b28.jpg\" \/>\n\t<meta property=\"og:image:width\" content=\"1024\" \/>\n\t<meta property=\"og:image:height\" content=\"704\" \/>\n\t<meta property=\"og:image:type\" content=\"image\/jpeg\" \/>\n<meta name=\"author\" content=\"adminuvb\" \/>\n<meta name=\"twitter:card\" content=\"summary_large_image\" \/>\n<meta name=\"twitter:label1\" content=\"Escrito por\" \/>\n\t<meta name=\"twitter:data1\" content=\"adminuvb\" \/>\n\t<meta name=\"twitter:label2\" content=\"Est. tempo de leitura\" \/>\n\t<meta name=\"twitter:data2\" content=\"3 minutos\" \/>\n<script type=\"application\/ld+json\" class=\"yoast-schema-graph\">{\"@context\":\"https:\/\/schema.org\",\"@graph\":[{\"@type\":\"Article\",\"@id\":\"https:\/\/uvbbrasil.com.br\/exposicao-guardias-da-terra-exibe-saberes-das-mulheres-agricultoras-de-caxias-do-sul\/#article\",\"isPartOf\":{\"@id\":\"https:\/\/uvbbrasil.com.br\/exposicao-guardias-da-terra-exibe-saberes-das-mulheres-agricultoras-de-caxias-do-sul\/\"},\"author\":{\"name\":\"adminuvb\",\"@id\":\"https:\/\/uvbbrasil.com.br\/#\/schema\/person\/17990098446c098f52effddff4f1b272\"},\"headline\":\"Exposi\u00e7\u00e3o \u201cGuardi\u00e3s da Terra\u201d exibe saberes das mulheres agricultoras de Caxias do Sul\",\"datePublished\":\"2021-11-19T12:46:35+00:00\",\"mainEntityOfPage\":{\"@id\":\"https:\/\/uvbbrasil.com.br\/exposicao-guardias-da-terra-exibe-saberes-das-mulheres-agricultoras-de-caxias-do-sul\/\"},\"wordCount\":652,\"commentCount\":0,\"publisher\":{\"@id\":\"https:\/\/uvbbrasil.com.br\/#organization\"},\"image\":{\"@id\":\"https:\/\/uvbbrasil.com.br\/exposicao-guardias-da-terra-exibe-saberes-das-mulheres-agricultoras-de-caxias-do-sul\/#primaryimage\"},\"thumbnailUrl\":\"https:\/\/uvbbrasil.com.br\/wp-content\/uploads\/2021\/11\/b21b1154a2a6c19eca17befe51fc1b28.jpg\",\"articleSection\":[\"NOT\u00cdCIAS\"],\"inLanguage\":\"pt-BR\",\"potentialAction\":[{\"@type\":\"CommentAction\",\"name\":\"Comment\",\"target\":[\"https:\/\/uvbbrasil.com.br\/exposicao-guardias-da-terra-exibe-saberes-das-mulheres-agricultoras-de-caxias-do-sul\/#respond\"]}]},{\"@type\":\"WebPage\",\"@id\":\"https:\/\/uvbbrasil.com.br\/exposicao-guardias-da-terra-exibe-saberes-das-mulheres-agricultoras-de-caxias-do-sul\/\",\"url\":\"https:\/\/uvbbrasil.com.br\/exposicao-guardias-da-terra-exibe-saberes-das-mulheres-agricultoras-de-caxias-do-sul\/\",\"name\":\"Exposi\u00e7\u00e3o \u201cGuardi\u00e3s da Terra\u201d exibe saberes das mulheres agricultoras de Caxias do Sul - UVB Brasil\",\"isPartOf\":{\"@id\":\"https:\/\/uvbbrasil.com.br\/#website\"},\"primaryImageOfPage\":{\"@id\":\"https:\/\/uvbbrasil.com.br\/exposicao-guardias-da-terra-exibe-saberes-das-mulheres-agricultoras-de-caxias-do-sul\/#primaryimage\"},\"image\":{\"@id\":\"https:\/\/uvbbrasil.com.br\/exposicao-guardias-da-terra-exibe-saberes-das-mulheres-agricultoras-de-caxias-do-sul\/#primaryimage\"},\"thumbnailUrl\":\"https:\/\/uvbbrasil.com.br\/wp-content\/uploads\/2021\/11\/b21b1154a2a6c19eca17befe51fc1b28.jpg\",\"datePublished\":\"2021-11-19T12:46:35+00:00\",\"breadcrumb\":{\"@id\":\"https:\/\/uvbbrasil.com.br\/exposicao-guardias-da-terra-exibe-saberes-das-mulheres-agricultoras-de-caxias-do-sul\/#breadcrumb\"},\"inLanguage\":\"pt-BR\",\"potentialAction\":[{\"@type\":\"ReadAction\",\"target\":[\"https:\/\/uvbbrasil.com.br\/exposicao-guardias-da-terra-exibe-saberes-das-mulheres-agricultoras-de-caxias-do-sul\/\"]}]},{\"@type\":\"ImageObject\",\"inLanguage\":\"pt-BR\",\"@id\":\"https:\/\/uvbbrasil.com.br\/exposicao-guardias-da-terra-exibe-saberes-das-mulheres-agricultoras-de-caxias-do-sul\/#primaryimage\",\"url\":\"https:\/\/uvbbrasil.com.br\/wp-content\/uploads\/2021\/11\/b21b1154a2a6c19eca17befe51fc1b28.jpg\",\"contentUrl\":\"https:\/\/uvbbrasil.com.br\/wp-content\/uploads\/2021\/11\/b21b1154a2a6c19eca17befe51fc1b28.jpg\",\"width\":1024,\"height\":704},{\"@type\":\"BreadcrumbList\",\"@id\":\"https:\/\/uvbbrasil.com.br\/exposicao-guardias-da-terra-exibe-saberes-das-mulheres-agricultoras-de-caxias-do-sul\/#breadcrumb\",\"itemListElement\":[{\"@type\":\"ListItem\",\"position\":1,\"name\":\"In\u00edcio\",\"item\":\"https:\/\/uvbbrasil.com.br\/\"},{\"@type\":\"ListItem\",\"position\":2,\"name\":\"Exposi\u00e7\u00e3o \u201cGuardi\u00e3s da Terra\u201d exibe saberes das mulheres agricultoras de Caxias do Sul\"}]},{\"@type\":\"WebSite\",\"@id\":\"https:\/\/uvbbrasil.com.br\/#website\",\"url\":\"https:\/\/uvbbrasil.com.br\/\",\"name\":\"UVB Brasil\",\"description\":\"Uni\u00e3o dos Vereadores do Brasil\",\"publisher\":{\"@id\":\"https:\/\/uvbbrasil.com.br\/#organization\"},\"potentialAction\":[{\"@type\":\"SearchAction\",\"target\":{\"@type\":\"EntryPoint\",\"urlTemplate\":\"https:\/\/uvbbrasil.com.br\/?s={search_term_string}\"},\"query-input\":{\"@type\":\"PropertyValueSpecification\",\"valueRequired\":true,\"valueName\":\"search_term_string\"}}],\"inLanguage\":\"pt-BR\"},{\"@type\":\"Organization\",\"@id\":\"https:\/\/uvbbrasil.com.br\/#organization\",\"name\":\"UVB Brasil\",\"url\":\"https:\/\/uvbbrasil.com.br\/\",\"logo\":{\"@type\":\"ImageObject\",\"inLanguage\":\"pt-BR\",\"@id\":\"https:\/\/uvbbrasil.com.br\/#\/schema\/logo\/image\/\",\"url\":\"https:\/\/uvbbrasil.com.br\/wp-content\/uploads\/2025\/01\/LOGO-UVB-2024-azul-1.jpg\",\"contentUrl\":\"https:\/\/uvbbrasil.com.br\/wp-content\/uploads\/2025\/01\/LOGO-UVB-2024-azul-1.jpg\",\"width\":600,\"height\":211,\"caption\":\"UVB Brasil\"},\"image\":{\"@id\":\"https:\/\/uvbbrasil.com.br\/#\/schema\/logo\/image\/\"},\"sameAs\":[\"https:\/\/www.facebook.com\/uvb.vereadoresbrasil\",\"https:\/\/www.instagram.com\/uvbbrasil\/\",\"https:\/\/www.youtube.com\/channel\/UCIlPQ8Xzw5GHNzosQIg9S5A\"]},{\"@type\":\"Person\",\"@id\":\"https:\/\/uvbbrasil.com.br\/#\/schema\/person\/17990098446c098f52effddff4f1b272\",\"name\":\"adminuvb\",\"image\":{\"@type\":\"ImageObject\",\"inLanguage\":\"pt-BR\",\"@id\":\"https:\/\/uvbbrasil.com.br\/#\/schema\/person\/image\/\",\"url\":\"https:\/\/secure.gravatar.com\/avatar\/1a494ea6f8e2dd1ae526e55b0e9497efdba542491e0620d704cccf63c6f77c45?s=96&d=mm&r=g\",\"contentUrl\":\"https:\/\/secure.gravatar.com\/avatar\/1a494ea6f8e2dd1ae526e55b0e9497efdba542491e0620d704cccf63c6f77c45?s=96&d=mm&r=g\",\"caption\":\"adminuvb\"},\"sameAs\":[\"https:\/\/uvbbrasil.com.br\"],\"url\":\"https:\/\/uvbbrasil.com.br\/author\/adminuvb\/\"}]}<\/script>\n<!-- \/ Yoast SEO plugin. -->","yoast_head_json":{"title":"Exposi\u00e7\u00e3o \u201cGuardi\u00e3s da Terra\u201d exibe saberes das mulheres agricultoras de Caxias do Sul - UVB Brasil","robots":{"index":"index","follow":"follow","max-snippet":"max-snippet:-1","max-image-preview":"max-image-preview:large","max-video-preview":"max-video-preview:-1"},"canonical":"https:\/\/uvbbrasil.com.br\/exposicao-guardias-da-terra-exibe-saberes-das-mulheres-agricultoras-de-caxias-do-sul\/","og_locale":"pt_BR","og_type":"article","og_title":"Exposi\u00e7\u00e3o \u201cGuardi\u00e3s da Terra\u201d exibe saberes das mulheres agricultoras de Caxias do Sul - UVB Brasil","og_description":"A mostra fotogr\u00e1fica promovida pelo Legislativo municipal abre de forma presencial na tarde desta sexta-feira (19\/11), no Espa\u00e7o Cultural M\u00e1rio...","og_url":"https:\/\/uvbbrasil.com.br\/exposicao-guardias-da-terra-exibe-saberes-das-mulheres-agricultoras-de-caxias-do-sul\/","og_site_name":"UVB Brasil","article_publisher":"https:\/\/www.facebook.com\/uvb.vereadoresbrasil","article_published_time":"2021-11-19T12:46:35+00:00","og_image":[{"width":1024,"height":704,"url":"https:\/\/uvbbrasil.com.br\/wp-content\/uploads\/2021\/11\/b21b1154a2a6c19eca17befe51fc1b28.jpg","type":"image\/jpeg"}],"author":"adminuvb","twitter_card":"summary_large_image","twitter_misc":{"Escrito por":"adminuvb","Est. tempo de leitura":"3 minutos"},"schema":{"@context":"https:\/\/schema.org","@graph":[{"@type":"Article","@id":"https:\/\/uvbbrasil.com.br\/exposicao-guardias-da-terra-exibe-saberes-das-mulheres-agricultoras-de-caxias-do-sul\/#article","isPartOf":{"@id":"https:\/\/uvbbrasil.com.br\/exposicao-guardias-da-terra-exibe-saberes-das-mulheres-agricultoras-de-caxias-do-sul\/"},"author":{"name":"adminuvb","@id":"https:\/\/uvbbrasil.com.br\/#\/schema\/person\/17990098446c098f52effddff4f1b272"},"headline":"Exposi\u00e7\u00e3o \u201cGuardi\u00e3s da Terra\u201d exibe saberes das mulheres agricultoras de Caxias do Sul","datePublished":"2021-11-19T12:46:35+00:00","mainEntityOfPage":{"@id":"https:\/\/uvbbrasil.com.br\/exposicao-guardias-da-terra-exibe-saberes-das-mulheres-agricultoras-de-caxias-do-sul\/"},"wordCount":652,"commentCount":0,"publisher":{"@id":"https:\/\/uvbbrasil.com.br\/#organization"},"image":{"@id":"https:\/\/uvbbrasil.com.br\/exposicao-guardias-da-terra-exibe-saberes-das-mulheres-agricultoras-de-caxias-do-sul\/#primaryimage"},"thumbnailUrl":"https:\/\/uvbbrasil.com.br\/wp-content\/uploads\/2021\/11\/b21b1154a2a6c19eca17befe51fc1b28.jpg","articleSection":["NOT\u00cdCIAS"],"inLanguage":"pt-BR","potentialAction":[{"@type":"CommentAction","name":"Comment","target":["https:\/\/uvbbrasil.com.br\/exposicao-guardias-da-terra-exibe-saberes-das-mulheres-agricultoras-de-caxias-do-sul\/#respond"]}]},{"@type":"WebPage","@id":"https:\/\/uvbbrasil.com.br\/exposicao-guardias-da-terra-exibe-saberes-das-mulheres-agricultoras-de-caxias-do-sul\/","url":"https:\/\/uvbbrasil.com.br\/exposicao-guardias-da-terra-exibe-saberes-das-mulheres-agricultoras-de-caxias-do-sul\/","name":"Exposi\u00e7\u00e3o \u201cGuardi\u00e3s da Terra\u201d exibe saberes das mulheres agricultoras de Caxias do Sul - UVB Brasil","isPartOf":{"@id":"https:\/\/uvbbrasil.com.br\/#website"},"primaryImageOfPage":{"@id":"https:\/\/uvbbrasil.com.br\/exposicao-guardias-da-terra-exibe-saberes-das-mulheres-agricultoras-de-caxias-do-sul\/#primaryimage"},"image":{"@id":"https:\/\/uvbbrasil.com.br\/exposicao-guardias-da-terra-exibe-saberes-das-mulheres-agricultoras-de-caxias-do-sul\/#primaryimage"},"thumbnailUrl":"https:\/\/uvbbrasil.com.br\/wp-content\/uploads\/2021\/11\/b21b1154a2a6c19eca17befe51fc1b28.jpg","datePublished":"2021-11-19T12:46:35+00:00","breadcrumb":{"@id":"https:\/\/uvbbrasil.com.br\/exposicao-guardias-da-terra-exibe-saberes-das-mulheres-agricultoras-de-caxias-do-sul\/#breadcrumb"},"inLanguage":"pt-BR","potentialAction":[{"@type":"ReadAction","target":["https:\/\/uvbbrasil.com.br\/exposicao-guardias-da-terra-exibe-saberes-das-mulheres-agricultoras-de-caxias-do-sul\/"]}]},{"@type":"ImageObject","inLanguage":"pt-BR","@id":"https:\/\/uvbbrasil.com.br\/exposicao-guardias-da-terra-exibe-saberes-das-mulheres-agricultoras-de-caxias-do-sul\/#primaryimage","url":"https:\/\/uvbbrasil.com.br\/wp-content\/uploads\/2021\/11\/b21b1154a2a6c19eca17befe51fc1b28.jpg","contentUrl":"https:\/\/uvbbrasil.com.br\/wp-content\/uploads\/2021\/11\/b21b1154a2a6c19eca17befe51fc1b28.jpg","width":1024,"height":704},{"@type":"BreadcrumbList","@id":"https:\/\/uvbbrasil.com.br\/exposicao-guardias-da-terra-exibe-saberes-das-mulheres-agricultoras-de-caxias-do-sul\/#breadcrumb","itemListElement":[{"@type":"ListItem","position":1,"name":"In\u00edcio","item":"https:\/\/uvbbrasil.com.br\/"},{"@type":"ListItem","position":2,"name":"Exposi\u00e7\u00e3o \u201cGuardi\u00e3s da Terra\u201d exibe saberes das mulheres agricultoras de Caxias do Sul"}]},{"@type":"WebSite","@id":"https:\/\/uvbbrasil.com.br\/#website","url":"https:\/\/uvbbrasil.com.br\/","name":"UVB Brasil","description":"Uni\u00e3o dos Vereadores do Brasil","publisher":{"@id":"https:\/\/uvbbrasil.com.br\/#organization"},"potentialAction":[{"@type":"SearchAction","target":{"@type":"EntryPoint","urlTemplate":"https:\/\/uvbbrasil.com.br\/?s={search_term_string}"},"query-input":{"@type":"PropertyValueSpecification","valueRequired":true,"valueName":"search_term_string"}}],"inLanguage":"pt-BR"},{"@type":"Organization","@id":"https:\/\/uvbbrasil.com.br\/#organization","name":"UVB Brasil","url":"https:\/\/uvbbrasil.com.br\/","logo":{"@type":"ImageObject","inLanguage":"pt-BR","@id":"https:\/\/uvbbrasil.com.br\/#\/schema\/logo\/image\/","url":"https:\/\/uvbbrasil.com.br\/wp-content\/uploads\/2025\/01\/LOGO-UVB-2024-azul-1.jpg","contentUrl":"https:\/\/uvbbrasil.com.br\/wp-content\/uploads\/2025\/01\/LOGO-UVB-2024-azul-1.jpg","width":600,"height":211,"caption":"UVB Brasil"},"image":{"@id":"https:\/\/uvbbrasil.com.br\/#\/schema\/logo\/image\/"},"sameAs":["https:\/\/www.facebook.com\/uvb.vereadoresbrasil","https:\/\/www.instagram.com\/uvbbrasil\/","https:\/\/www.youtube.com\/channel\/UCIlPQ8Xzw5GHNzosQIg9S5A"]},{"@type":"Person","@id":"https:\/\/uvbbrasil.com.br\/#\/schema\/person\/17990098446c098f52effddff4f1b272","name":"adminuvb","image":{"@type":"ImageObject","inLanguage":"pt-BR","@id":"https:\/\/uvbbrasil.com.br\/#\/schema\/person\/image\/","url":"https:\/\/secure.gravatar.com\/avatar\/1a494ea6f8e2dd1ae526e55b0e9497efdba542491e0620d704cccf63c6f77c45?s=96&d=mm&r=g","contentUrl":"https:\/\/secure.gravatar.com\/avatar\/1a494ea6f8e2dd1ae526e55b0e9497efdba542491e0620d704cccf63c6f77c45?s=96&d=mm&r=g","caption":"adminuvb"},"sameAs":["https:\/\/uvbbrasil.com.br"],"url":"https:\/\/uvbbrasil.com.br\/author\/adminuvb\/"}]}},"_links":{"self":[{"href":"https:\/\/uvbbrasil.com.br\/uvb-json\/wp\/v2\/posts\/24301","targetHints":{"allow":["GET"]}}],"collection":[{"href":"https:\/\/uvbbrasil.com.br\/uvb-json\/wp\/v2\/posts"}],"about":[{"href":"https:\/\/uvbbrasil.com.br\/uvb-json\/wp\/v2\/types\/post"}],"author":[{"embeddable":true,"href":"https:\/\/uvbbrasil.com.br\/uvb-json\/wp\/v2\/users\/1"}],"replies":[{"embeddable":true,"href":"https:\/\/uvbbrasil.com.br\/uvb-json\/wp\/v2\/comments?post=24301"}],"version-history":[{"count":0,"href":"https:\/\/uvbbrasil.com.br\/uvb-json\/wp\/v2\/posts\/24301\/revisions"}],"wp:featuredmedia":[{"embeddable":true,"href":"https:\/\/uvbbrasil.com.br\/uvb-json\/wp\/v2\/media\/24302"}],"wp:attachment":[{"href":"https:\/\/uvbbrasil.com.br\/uvb-json\/wp\/v2\/media?parent=24301"}],"wp:term":[{"taxonomy":"category","embeddable":true,"href":"https:\/\/uvbbrasil.com.br\/uvb-json\/wp\/v2\/categories?post=24301"},{"taxonomy":"post_tag","embeddable":true,"href":"https:\/\/uvbbrasil.com.br\/uvb-json\/wp\/v2\/tags?post=24301"}],"curies":[{"name":"wp","href":"https:\/\/api.w.org\/{rel}","templated":true}]}}