{"id":24296,"date":"2021-11-18T07:17:37","date_gmt":"2021-11-18T10:17:37","guid":{"rendered":"https:\/\/wpsandbox4.pante.com.br\/?p=24296"},"modified":"2021-11-18T07:17:37","modified_gmt":"2021-11-18T10:17:37","slug":"cidade-colaborativa-encantado-sediara-evento-nacional","status":"publish","type":"post","link":"https:\/\/uvbbrasil.com.br\/cidade-colaborativa-encantado-sediara-evento-nacional\/","title":{"rendered":"Cidade colaborativa: Encantado sediar\u00e1 evento nacional"},"content":{"rendered":"<p>Projetado para ser o maior Cristo do Brasil, o Cristo Protetor de Encantado foi um sonho que est\u00e1 se tornando realidade atrav\u00e9s das m\u00e3os da comunidade, que acreditou e trabalha para o desenvolvimento do munic\u00edpio. Nesse esp\u00edrito de motivar e inspirar outras cidades sobre a import\u00e2ncia da coopera\u00e7\u00e3o e envolvimento conjunto, a Uni\u00e3o dos Vereadores do Brasil (UVB) promove, de 8 a 11 de dezembro, no audit\u00f3rio do Sicredi Regi\u00e3o dos Vales, mais um Semin\u00e1rio Nacional de Legislativos e Gest\u00f5es Municipais.<\/p>\n<p>O encontro, que tem como tema principal \u201cComo Construir Cidades Colaborativas\u201d, conta com 20 palestras para vereadores, assessores, diretores, procuradores e servidores de C\u00e2maras Municipais, bem como prefeitos, vice-prefeitos e sociedade em geral. Turismo como fonte de desenvolvimento; a cultura ga\u00facha na escola; a educa\u00e7\u00e3o como um direito fundamental; a lei de improbidade administrativa; a nova lei das licita\u00e7\u00f5es; a coopera\u00e7\u00e3o para crescer; o papel da imprensa no fortalecimento dos munic\u00edpios; tecnologia; desenvolvimento e lideran\u00e7a transformadora, tamb\u00e9m ser\u00e3o assuntos abordados.<\/p>\n<p>De acordo com o presidente da UVB, vereador Gilson Conzatti, esta \u00e9 uma oportunidade para discutir a\u00e7\u00f5es p\u00f3s pandemia em diversas \u00e1reas e setores, se pensando em gest\u00e3o p\u00fablica para o futuro. \u201cO evento busca despertar para novos caminhos aos munic\u00edpios. O Vale do Taquari tem a expertise em unir sociedade e poder p\u00fablico, mas muitos munic\u00edpios fora do Estado n\u00e3o tem ideia de como podem agregar essa participa\u00e7\u00e3o sem utilizar o dinheiro p\u00fablico total. Queremos que as cidades brasileiras conquistem mais qualidade de vida para os cidad\u00e3os, contando com sua colabora\u00e7\u00e3o expressiva, ajudando a melhorar os projetos municipais\u201d, salienta.<\/p>\n<p>A programa\u00e7\u00e3o completa pode ser acessada em www.ubvbrasil.com.br. Inscri\u00e7\u00f5es ou mais informa\u00e7\u00f5es confira no site da entidade ou contate pelo Whatsapp (55) 9 9644-9022, com Fernando.<\/p>\n<p>O evento conta com o apoio da Associa\u00e7\u00e3o dos Vereadores do Vale do Taquari (Avat), Associa\u00e7\u00e3o dos Munic\u00edpios do Vale do Taquari (Amvat), Uni\u00e3o dos Vereadores do Rio Grande do Sul (Uvergs), Sicredi, C\u00e2mara Municipal de Vereadores de Encantado e Administra\u00e7\u00e3o Municipal de Encantado.<\/p>\n<p><strong>Texto: Mais Comunica\u00e7\u00e3o Integrada<\/strong><\/p>\n<p><strong>Foto: Divulga\u00e7\u00e3o\/UVB<\/strong><\/p>\n<p><strong><img fetchpriority=\"high\" decoding=\"async\" class=\"alignnone size-medium wp-image-24297\" src=\"https:\/\/uvbbrasil.com.br\/wp-content\/uploads\/2021\/11\/FOTO-2-300x168.jpg\" alt=\"\" width=\"300\" height=\"168\" \/>\u00a0<\/strong><\/p>\n<p><strong>\u00a0<\/strong><\/p>\n","protected":false},"excerpt":{"rendered":"<p>Projetado para ser o maior Cristo do Brasil, o Cristo Protetor de Encantado foi um sonho que est\u00e1 se tornando&#8230;<\/p>\n","protected":false},"author":1,"featured_media":24297,"comment_status":"open","ping_status":"open","sticky":false,"template":"","format":"standard","meta":{"footnotes":""},"categories":[3,4],"tags":[],"class_list":["post-24296","post","type-post","status-publish","format-standard","has-post-thumbnail","hentry","category-noticias","category-home"],"yoast_head":"<!-- This site is optimized with the Yoast SEO plugin v26.7 - https:\/\/yoast.com\/wordpress\/plugins\/seo\/ -->\n<title>Cidade colaborativa: Encantado sediar\u00e1 evento nacional - UVB Brasil<\/title>\n<meta name=\"robots\" content=\"index, follow, max-snippet:-1, max-image-preview:large, max-video-preview:-1\" \/>\n<link rel=\"canonical\" href=\"https:\/\/uvbbrasil.com.br\/cidade-colaborativa-encantado-sediara-evento-nacional\/\" \/>\n<meta property=\"og:locale\" content=\"pt_BR\" \/>\n<meta property=\"og:type\" content=\"article\" \/>\n<meta property=\"og:title\" content=\"Cidade colaborativa: Encantado sediar\u00e1 evento nacional - UVB Brasil\" \/>\n<meta property=\"og:description\" content=\"Projetado para ser o maior Cristo do Brasil, o Cristo Protetor de Encantado foi um sonho que est\u00e1 se tornando...\" \/>\n<meta property=\"og:url\" content=\"https:\/\/uvbbrasil.com.br\/cidade-colaborativa-encantado-sediara-evento-nacional\/\" \/>\n<meta property=\"og:site_name\" content=\"UVB Brasil\" \/>\n<meta property=\"article:publisher\" content=\"https:\/\/www.facebook.com\/uvb.vereadoresbrasil\" \/>\n<meta property=\"article:published_time\" content=\"2021-11-18T10:17:37+00:00\" \/>\n<meta property=\"og:image\" content=\"https:\/\/uvbbrasil.com.br\/wp-content\/uploads\/2021\/11\/FOTO-2-scaled-1.jpg\" \/>\n\t<meta property=\"og:image:width\" content=\"2560\" \/>\n\t<meta property=\"og:image:height\" content=\"1437\" \/>\n\t<meta property=\"og:image:type\" content=\"image\/jpeg\" \/>\n<meta name=\"author\" content=\"adminuvb\" \/>\n<meta name=\"twitter:card\" content=\"summary_large_image\" \/>\n<meta name=\"twitter:label1\" content=\"Escrito por\" \/>\n\t<meta name=\"twitter:data1\" content=\"adminuvb\" \/>\n\t<meta name=\"twitter:label2\" content=\"Est. tempo de leitura\" \/>\n\t<meta name=\"twitter:data2\" content=\"2 minutos\" \/>\n<script type=\"application\/ld+json\" class=\"yoast-schema-graph\">{\"@context\":\"https:\/\/schema.org\",\"@graph\":[{\"@type\":\"Article\",\"@id\":\"https:\/\/uvbbrasil.com.br\/cidade-colaborativa-encantado-sediara-evento-nacional\/#article\",\"isPartOf\":{\"@id\":\"https:\/\/uvbbrasil.com.br\/cidade-colaborativa-encantado-sediara-evento-nacional\/\"},\"author\":{\"name\":\"adminuvb\",\"@id\":\"https:\/\/uvbbrasil.com.br\/#\/schema\/person\/17990098446c098f52effddff4f1b272\"},\"headline\":\"Cidade colaborativa: Encantado sediar\u00e1 evento nacional\",\"datePublished\":\"2021-11-18T10:17:37+00:00\",\"mainEntityOfPage\":{\"@id\":\"https:\/\/uvbbrasil.com.br\/cidade-colaborativa-encantado-sediara-evento-nacional\/\"},\"wordCount\":384,\"commentCount\":0,\"publisher\":{\"@id\":\"https:\/\/uvbbrasil.com.br\/#organization\"},\"image\":{\"@id\":\"https:\/\/uvbbrasil.com.br\/cidade-colaborativa-encantado-sediara-evento-nacional\/#primaryimage\"},\"thumbnailUrl\":\"https:\/\/uvbbrasil.com.br\/wp-content\/uploads\/2021\/11\/FOTO-2-scaled-1.jpg\",\"articleSection\":[\"NOT\u00cdCIAS\",\"UVB\"],\"inLanguage\":\"pt-BR\",\"potentialAction\":[{\"@type\":\"CommentAction\",\"name\":\"Comment\",\"target\":[\"https:\/\/uvbbrasil.com.br\/cidade-colaborativa-encantado-sediara-evento-nacional\/#respond\"]}]},{\"@type\":\"WebPage\",\"@id\":\"https:\/\/uvbbrasil.com.br\/cidade-colaborativa-encantado-sediara-evento-nacional\/\",\"url\":\"https:\/\/uvbbrasil.com.br\/cidade-colaborativa-encantado-sediara-evento-nacional\/\",\"name\":\"Cidade colaborativa: Encantado sediar\u00e1 evento nacional - UVB Brasil\",\"isPartOf\":{\"@id\":\"https:\/\/uvbbrasil.com.br\/#website\"},\"primaryImageOfPage\":{\"@id\":\"https:\/\/uvbbrasil.com.br\/cidade-colaborativa-encantado-sediara-evento-nacional\/#primaryimage\"},\"image\":{\"@id\":\"https:\/\/uvbbrasil.com.br\/cidade-colaborativa-encantado-sediara-evento-nacional\/#primaryimage\"},\"thumbnailUrl\":\"https:\/\/uvbbrasil.com.br\/wp-content\/uploads\/2021\/11\/FOTO-2-scaled-1.jpg\",\"datePublished\":\"2021-11-18T10:17:37+00:00\",\"breadcrumb\":{\"@id\":\"https:\/\/uvbbrasil.com.br\/cidade-colaborativa-encantado-sediara-evento-nacional\/#breadcrumb\"},\"inLanguage\":\"pt-BR\",\"potentialAction\":[{\"@type\":\"ReadAction\",\"target\":[\"https:\/\/uvbbrasil.com.br\/cidade-colaborativa-encantado-sediara-evento-nacional\/\"]}]},{\"@type\":\"ImageObject\",\"inLanguage\":\"pt-BR\",\"@id\":\"https:\/\/uvbbrasil.com.br\/cidade-colaborativa-encantado-sediara-evento-nacional\/#primaryimage\",\"url\":\"https:\/\/uvbbrasil.com.br\/wp-content\/uploads\/2021\/11\/FOTO-2-scaled-1.jpg\",\"contentUrl\":\"https:\/\/uvbbrasil.com.br\/wp-content\/uploads\/2021\/11\/FOTO-2-scaled-1.jpg\",\"width\":2560,\"height\":1437},{\"@type\":\"BreadcrumbList\",\"@id\":\"https:\/\/uvbbrasil.com.br\/cidade-colaborativa-encantado-sediara-evento-nacional\/#breadcrumb\",\"itemListElement\":[{\"@type\":\"ListItem\",\"position\":1,\"name\":\"In\u00edcio\",\"item\":\"https:\/\/uvbbrasil.com.br\/\"},{\"@type\":\"ListItem\",\"position\":2,\"name\":\"Cidade colaborativa: Encantado sediar\u00e1 evento nacional\"}]},{\"@type\":\"WebSite\",\"@id\":\"https:\/\/uvbbrasil.com.br\/#website\",\"url\":\"https:\/\/uvbbrasil.com.br\/\",\"name\":\"UVB Brasil\",\"description\":\"Uni\u00e3o dos Vereadores do Brasil\",\"publisher\":{\"@id\":\"https:\/\/uvbbrasil.com.br\/#organization\"},\"potentialAction\":[{\"@type\":\"SearchAction\",\"target\":{\"@type\":\"EntryPoint\",\"urlTemplate\":\"https:\/\/uvbbrasil.com.br\/?s={search_term_string}\"},\"query-input\":{\"@type\":\"PropertyValueSpecification\",\"valueRequired\":true,\"valueName\":\"search_term_string\"}}],\"inLanguage\":\"pt-BR\"},{\"@type\":\"Organization\",\"@id\":\"https:\/\/uvbbrasil.com.br\/#organization\",\"name\":\"UVB Brasil\",\"url\":\"https:\/\/uvbbrasil.com.br\/\",\"logo\":{\"@type\":\"ImageObject\",\"inLanguage\":\"pt-BR\",\"@id\":\"https:\/\/uvbbrasil.com.br\/#\/schema\/logo\/image\/\",\"url\":\"https:\/\/uvbbrasil.com.br\/wp-content\/uploads\/2025\/01\/LOGO-UVB-2024-azul-1.jpg\",\"contentUrl\":\"https:\/\/uvbbrasil.com.br\/wp-content\/uploads\/2025\/01\/LOGO-UVB-2024-azul-1.jpg\",\"width\":600,\"height\":211,\"caption\":\"UVB Brasil\"},\"image\":{\"@id\":\"https:\/\/uvbbrasil.com.br\/#\/schema\/logo\/image\/\"},\"sameAs\":[\"https:\/\/www.facebook.com\/uvb.vereadoresbrasil\",\"https:\/\/www.instagram.com\/uvbbrasil\/\",\"https:\/\/www.youtube.com\/channel\/UCIlPQ8Xzw5GHNzosQIg9S5A\"]},{\"@type\":\"Person\",\"@id\":\"https:\/\/uvbbrasil.com.br\/#\/schema\/person\/17990098446c098f52effddff4f1b272\",\"name\":\"adminuvb\",\"image\":{\"@type\":\"ImageObject\",\"inLanguage\":\"pt-BR\",\"@id\":\"https:\/\/uvbbrasil.com.br\/#\/schema\/person\/image\/\",\"url\":\"https:\/\/secure.gravatar.com\/avatar\/1a494ea6f8e2dd1ae526e55b0e9497efdba542491e0620d704cccf63c6f77c45?s=96&d=mm&r=g\",\"contentUrl\":\"https:\/\/secure.gravatar.com\/avatar\/1a494ea6f8e2dd1ae526e55b0e9497efdba542491e0620d704cccf63c6f77c45?s=96&d=mm&r=g\",\"caption\":\"adminuvb\"},\"sameAs\":[\"https:\/\/uvbbrasil.com.br\"],\"url\":\"https:\/\/uvbbrasil.com.br\/author\/adminuvb\/\"}]}<\/script>\n<!-- \/ Yoast SEO plugin. -->","yoast_head_json":{"title":"Cidade colaborativa: Encantado sediar\u00e1 evento nacional - UVB Brasil","robots":{"index":"index","follow":"follow","max-snippet":"max-snippet:-1","max-image-preview":"max-image-preview:large","max-video-preview":"max-video-preview:-1"},"canonical":"https:\/\/uvbbrasil.com.br\/cidade-colaborativa-encantado-sediara-evento-nacional\/","og_locale":"pt_BR","og_type":"article","og_title":"Cidade colaborativa: Encantado sediar\u00e1 evento nacional - UVB Brasil","og_description":"Projetado para ser o maior Cristo do Brasil, o Cristo Protetor de Encantado foi um sonho que est\u00e1 se tornando...","og_url":"https:\/\/uvbbrasil.com.br\/cidade-colaborativa-encantado-sediara-evento-nacional\/","og_site_name":"UVB Brasil","article_publisher":"https:\/\/www.facebook.com\/uvb.vereadoresbrasil","article_published_time":"2021-11-18T10:17:37+00:00","og_image":[{"width":2560,"height":1437,"url":"https:\/\/uvbbrasil.com.br\/wp-content\/uploads\/2021\/11\/FOTO-2-scaled-1.jpg","type":"image\/jpeg"}],"author":"adminuvb","twitter_card":"summary_large_image","twitter_misc":{"Escrito por":"adminuvb","Est. tempo de leitura":"2 minutos"},"schema":{"@context":"https:\/\/schema.org","@graph":[{"@type":"Article","@id":"https:\/\/uvbbrasil.com.br\/cidade-colaborativa-encantado-sediara-evento-nacional\/#article","isPartOf":{"@id":"https:\/\/uvbbrasil.com.br\/cidade-colaborativa-encantado-sediara-evento-nacional\/"},"author":{"name":"adminuvb","@id":"https:\/\/uvbbrasil.com.br\/#\/schema\/person\/17990098446c098f52effddff4f1b272"},"headline":"Cidade colaborativa: Encantado sediar\u00e1 evento nacional","datePublished":"2021-11-18T10:17:37+00:00","mainEntityOfPage":{"@id":"https:\/\/uvbbrasil.com.br\/cidade-colaborativa-encantado-sediara-evento-nacional\/"},"wordCount":384,"commentCount":0,"publisher":{"@id":"https:\/\/uvbbrasil.com.br\/#organization"},"image":{"@id":"https:\/\/uvbbrasil.com.br\/cidade-colaborativa-encantado-sediara-evento-nacional\/#primaryimage"},"thumbnailUrl":"https:\/\/uvbbrasil.com.br\/wp-content\/uploads\/2021\/11\/FOTO-2-scaled-1.jpg","articleSection":["NOT\u00cdCIAS","UVB"],"inLanguage":"pt-BR","potentialAction":[{"@type":"CommentAction","name":"Comment","target":["https:\/\/uvbbrasil.com.br\/cidade-colaborativa-encantado-sediara-evento-nacional\/#respond"]}]},{"@type":"WebPage","@id":"https:\/\/uvbbrasil.com.br\/cidade-colaborativa-encantado-sediara-evento-nacional\/","url":"https:\/\/uvbbrasil.com.br\/cidade-colaborativa-encantado-sediara-evento-nacional\/","name":"Cidade colaborativa: Encantado sediar\u00e1 evento nacional - UVB Brasil","isPartOf":{"@id":"https:\/\/uvbbrasil.com.br\/#website"},"primaryImageOfPage":{"@id":"https:\/\/uvbbrasil.com.br\/cidade-colaborativa-encantado-sediara-evento-nacional\/#primaryimage"},"image":{"@id":"https:\/\/uvbbrasil.com.br\/cidade-colaborativa-encantado-sediara-evento-nacional\/#primaryimage"},"thumbnailUrl":"https:\/\/uvbbrasil.com.br\/wp-content\/uploads\/2021\/11\/FOTO-2-scaled-1.jpg","datePublished":"2021-11-18T10:17:37+00:00","breadcrumb":{"@id":"https:\/\/uvbbrasil.com.br\/cidade-colaborativa-encantado-sediara-evento-nacional\/#breadcrumb"},"inLanguage":"pt-BR","potentialAction":[{"@type":"ReadAction","target":["https:\/\/uvbbrasil.com.br\/cidade-colaborativa-encantado-sediara-evento-nacional\/"]}]},{"@type":"ImageObject","inLanguage":"pt-BR","@id":"https:\/\/uvbbrasil.com.br\/cidade-colaborativa-encantado-sediara-evento-nacional\/#primaryimage","url":"https:\/\/uvbbrasil.com.br\/wp-content\/uploads\/2021\/11\/FOTO-2-scaled-1.jpg","contentUrl":"https:\/\/uvbbrasil.com.br\/wp-content\/uploads\/2021\/11\/FOTO-2-scaled-1.jpg","width":2560,"height":1437},{"@type":"BreadcrumbList","@id":"https:\/\/uvbbrasil.com.br\/cidade-colaborativa-encantado-sediara-evento-nacional\/#breadcrumb","itemListElement":[{"@type":"ListItem","position":1,"name":"In\u00edcio","item":"https:\/\/uvbbrasil.com.br\/"},{"@type":"ListItem","position":2,"name":"Cidade colaborativa: Encantado sediar\u00e1 evento nacional"}]},{"@type":"WebSite","@id":"https:\/\/uvbbrasil.com.br\/#website","url":"https:\/\/uvbbrasil.com.br\/","name":"UVB Brasil","description":"Uni\u00e3o dos Vereadores do Brasil","publisher":{"@id":"https:\/\/uvbbrasil.com.br\/#organization"},"potentialAction":[{"@type":"SearchAction","target":{"@type":"EntryPoint","urlTemplate":"https:\/\/uvbbrasil.com.br\/?s={search_term_string}"},"query-input":{"@type":"PropertyValueSpecification","valueRequired":true,"valueName":"search_term_string"}}],"inLanguage":"pt-BR"},{"@type":"Organization","@id":"https:\/\/uvbbrasil.com.br\/#organization","name":"UVB Brasil","url":"https:\/\/uvbbrasil.com.br\/","logo":{"@type":"ImageObject","inLanguage":"pt-BR","@id":"https:\/\/uvbbrasil.com.br\/#\/schema\/logo\/image\/","url":"https:\/\/uvbbrasil.com.br\/wp-content\/uploads\/2025\/01\/LOGO-UVB-2024-azul-1.jpg","contentUrl":"https:\/\/uvbbrasil.com.br\/wp-content\/uploads\/2025\/01\/LOGO-UVB-2024-azul-1.jpg","width":600,"height":211,"caption":"UVB Brasil"},"image":{"@id":"https:\/\/uvbbrasil.com.br\/#\/schema\/logo\/image\/"},"sameAs":["https:\/\/www.facebook.com\/uvb.vereadoresbrasil","https:\/\/www.instagram.com\/uvbbrasil\/","https:\/\/www.youtube.com\/channel\/UCIlPQ8Xzw5GHNzosQIg9S5A"]},{"@type":"Person","@id":"https:\/\/uvbbrasil.com.br\/#\/schema\/person\/17990098446c098f52effddff4f1b272","name":"adminuvb","image":{"@type":"ImageObject","inLanguage":"pt-BR","@id":"https:\/\/uvbbrasil.com.br\/#\/schema\/person\/image\/","url":"https:\/\/secure.gravatar.com\/avatar\/1a494ea6f8e2dd1ae526e55b0e9497efdba542491e0620d704cccf63c6f77c45?s=96&d=mm&r=g","contentUrl":"https:\/\/secure.gravatar.com\/avatar\/1a494ea6f8e2dd1ae526e55b0e9497efdba542491e0620d704cccf63c6f77c45?s=96&d=mm&r=g","caption":"adminuvb"},"sameAs":["https:\/\/uvbbrasil.com.br"],"url":"https:\/\/uvbbrasil.com.br\/author\/adminuvb\/"}]}},"_links":{"self":[{"href":"https:\/\/uvbbrasil.com.br\/uvb-json\/wp\/v2\/posts\/24296","targetHints":{"allow":["GET"]}}],"collection":[{"href":"https:\/\/uvbbrasil.com.br\/uvb-json\/wp\/v2\/posts"}],"about":[{"href":"https:\/\/uvbbrasil.com.br\/uvb-json\/wp\/v2\/types\/post"}],"author":[{"embeddable":true,"href":"https:\/\/uvbbrasil.com.br\/uvb-json\/wp\/v2\/users\/1"}],"replies":[{"embeddable":true,"href":"https:\/\/uvbbrasil.com.br\/uvb-json\/wp\/v2\/comments?post=24296"}],"version-history":[{"count":0,"href":"https:\/\/uvbbrasil.com.br\/uvb-json\/wp\/v2\/posts\/24296\/revisions"}],"wp:featuredmedia":[{"embeddable":true,"href":"https:\/\/uvbbrasil.com.br\/uvb-json\/wp\/v2\/media\/24297"}],"wp:attachment":[{"href":"https:\/\/uvbbrasil.com.br\/uvb-json\/wp\/v2\/media?parent=24296"}],"wp:term":[{"taxonomy":"category","embeddable":true,"href":"https:\/\/uvbbrasil.com.br\/uvb-json\/wp\/v2\/categories?post=24296"},{"taxonomy":"post_tag","embeddable":true,"href":"https:\/\/uvbbrasil.com.br\/uvb-json\/wp\/v2\/tags?post=24296"}],"curies":[{"name":"wp","href":"https:\/\/api.w.org\/{rel}","templated":true}]}}