{"id":24287,"date":"2021-11-17T10:33:21","date_gmt":"2021-11-17T13:33:21","guid":{"rendered":"https:\/\/wpsandbox4.pante.com.br\/?p=24287"},"modified":"2021-11-17T10:33:21","modified_gmt":"2021-11-17T13:33:21","slug":"a-nova-lei-de-licitacoes-e-tema-do-seminario-nacional-de-legislativos","status":"publish","type":"post","link":"https:\/\/uvbbrasil.com.br\/a-nova-lei-de-licitacoes-e-tema-do-seminario-nacional-de-legislativos\/","title":{"rendered":"A nova lei de licita\u00e7\u00f5es \u00e9 tema do Semin\u00e1rio Nacional de Legislativos"},"content":{"rendered":"<p><iframe title=\"NOVA LEI DE LICITA\u00c7\u00d5ES NO SEMIN\u00c1RIO NACIONAL DE LEGISLATIVOS EM ENCANTADO\" width=\"1062\" height=\"797\" src=\"https:\/\/www.youtube.com\/embed\/O0f0BlR5Ym4?feature=oembed\" frameborder=\"0\" allow=\"accelerometer; autoplay; clipboard-write; encrypted-media; gyroscope; picture-in-picture\" allowfullscreen><\/iframe><\/p>\n<p>O procurador jur\u00eddico da Uni\u00e3o dos Vereadores do Brasil\/UVB, Dr. Andr\u00e9 Camillo com seu amplo conhecimento e atua\u00e7\u00e3o apresentar\u00e1 aos participantes do Semin\u00e1rio Nacional de Legislativo e Gest\u00f5es Municipais, os principais pontos da nova lei de Licita\u00e7\u00f5es, garanta sua participa\u00e7\u00e3o e venha esclarecer todos as sua d\u00favidas.<\/p>\n<p>Inscri\u00e7\u00f5es pelo site da UVB.<\/p>\n","protected":false},"excerpt":{"rendered":"<p>O procurador jur\u00eddico da Uni\u00e3o dos Vereadores do Brasil\/UVB, Dr. Andr\u00e9 Camillo com seu amplo conhecimento e atua\u00e7\u00e3o apresentar\u00e1 aos&#8230;<\/p>\n","protected":false},"author":1,"featured_media":24288,"comment_status":"open","ping_status":"open","sticky":false,"template":"","format":"standard","meta":{"footnotes":""},"categories":[3,4],"tags":[],"class_list":["post-24287","post","type-post","status-publish","format-standard","has-post-thumbnail","hentry","category-noticias","category-home"],"yoast_head":"<!-- This site is optimized with the Yoast SEO plugin v26.7 - https:\/\/yoast.com\/wordpress\/plugins\/seo\/ -->\n<title>A nova lei de licita\u00e7\u00f5es \u00e9 tema do Semin\u00e1rio Nacional de Legislativos - UVB Brasil<\/title>\n<meta name=\"robots\" content=\"index, follow, max-snippet:-1, max-image-preview:large, max-video-preview:-1\" \/>\n<link rel=\"canonical\" href=\"https:\/\/uvbbrasil.com.br\/a-nova-lei-de-licitacoes-e-tema-do-seminario-nacional-de-legislativos\/\" \/>\n<meta property=\"og:locale\" content=\"pt_BR\" \/>\n<meta property=\"og:type\" content=\"article\" \/>\n<meta property=\"og:title\" content=\"A nova lei de licita\u00e7\u00f5es \u00e9 tema do Semin\u00e1rio Nacional de Legislativos - UVB Brasil\" \/>\n<meta property=\"og:description\" content=\"O procurador jur\u00eddico da Uni\u00e3o dos Vereadores do Brasil\/UVB, Dr. Andr\u00e9 Camillo com seu amplo conhecimento e atua\u00e7\u00e3o apresentar\u00e1 aos...\" \/>\n<meta property=\"og:url\" content=\"https:\/\/uvbbrasil.com.br\/a-nova-lei-de-licitacoes-e-tema-do-seminario-nacional-de-legislativos\/\" \/>\n<meta property=\"og:site_name\" content=\"UVB Brasil\" \/>\n<meta property=\"article:publisher\" content=\"https:\/\/www.facebook.com\/uvb.vereadoresbrasil\" \/>\n<meta property=\"article:published_time\" content=\"2021-11-17T13:33:21+00:00\" \/>\n<meta property=\"og:image\" content=\"https:\/\/uvbbrasil.com.br\/wp-content\/uploads\/2021\/11\/camilo.jpg\" \/>\n\t<meta property=\"og:image:width\" content=\"358\" \/>\n\t<meta property=\"og:image:height\" content=\"358\" \/>\n\t<meta property=\"og:image:type\" content=\"image\/jpeg\" \/>\n<meta name=\"author\" content=\"adminuvb\" \/>\n<meta name=\"twitter:card\" content=\"summary_large_image\" \/>\n<meta name=\"twitter:label1\" content=\"Escrito por\" \/>\n\t<meta name=\"twitter:data1\" content=\"adminuvb\" \/>\n\t<meta name=\"twitter:label2\" content=\"Est. tempo de leitura\" \/>\n\t<meta name=\"twitter:data2\" content=\"1 minuto\" \/>\n<script type=\"application\/ld+json\" class=\"yoast-schema-graph\">{\"@context\":\"https:\/\/schema.org\",\"@graph\":[{\"@type\":\"Article\",\"@id\":\"https:\/\/uvbbrasil.com.br\/a-nova-lei-de-licitacoes-e-tema-do-seminario-nacional-de-legislativos\/#article\",\"isPartOf\":{\"@id\":\"https:\/\/uvbbrasil.com.br\/a-nova-lei-de-licitacoes-e-tema-do-seminario-nacional-de-legislativos\/\"},\"author\":{\"name\":\"adminuvb\",\"@id\":\"https:\/\/uvbbrasil.com.br\/#\/schema\/person\/17990098446c098f52effddff4f1b272\"},\"headline\":\"A nova lei de licita\u00e7\u00f5es \u00e9 tema do Semin\u00e1rio Nacional de Legislativos\",\"datePublished\":\"2021-11-17T13:33:21+00:00\",\"mainEntityOfPage\":{\"@id\":\"https:\/\/uvbbrasil.com.br\/a-nova-lei-de-licitacoes-e-tema-do-seminario-nacional-de-legislativos\/\"},\"wordCount\":82,\"commentCount\":0,\"publisher\":{\"@id\":\"https:\/\/uvbbrasil.com.br\/#organization\"},\"image\":{\"@id\":\"https:\/\/uvbbrasil.com.br\/a-nova-lei-de-licitacoes-e-tema-do-seminario-nacional-de-legislativos\/#primaryimage\"},\"thumbnailUrl\":\"https:\/\/uvbbrasil.com.br\/wp-content\/uploads\/2021\/11\/camilo.jpg\",\"articleSection\":[\"NOT\u00cdCIAS\",\"UVB\"],\"inLanguage\":\"pt-BR\",\"potentialAction\":[{\"@type\":\"CommentAction\",\"name\":\"Comment\",\"target\":[\"https:\/\/uvbbrasil.com.br\/a-nova-lei-de-licitacoes-e-tema-do-seminario-nacional-de-legislativos\/#respond\"]}]},{\"@type\":\"WebPage\",\"@id\":\"https:\/\/uvbbrasil.com.br\/a-nova-lei-de-licitacoes-e-tema-do-seminario-nacional-de-legislativos\/\",\"url\":\"https:\/\/uvbbrasil.com.br\/a-nova-lei-de-licitacoes-e-tema-do-seminario-nacional-de-legislativos\/\",\"name\":\"A nova lei de licita\u00e7\u00f5es \u00e9 tema do Semin\u00e1rio Nacional de Legislativos - UVB Brasil\",\"isPartOf\":{\"@id\":\"https:\/\/uvbbrasil.com.br\/#website\"},\"primaryImageOfPage\":{\"@id\":\"https:\/\/uvbbrasil.com.br\/a-nova-lei-de-licitacoes-e-tema-do-seminario-nacional-de-legislativos\/#primaryimage\"},\"image\":{\"@id\":\"https:\/\/uvbbrasil.com.br\/a-nova-lei-de-licitacoes-e-tema-do-seminario-nacional-de-legislativos\/#primaryimage\"},\"thumbnailUrl\":\"https:\/\/uvbbrasil.com.br\/wp-content\/uploads\/2021\/11\/camilo.jpg\",\"datePublished\":\"2021-11-17T13:33:21+00:00\",\"breadcrumb\":{\"@id\":\"https:\/\/uvbbrasil.com.br\/a-nova-lei-de-licitacoes-e-tema-do-seminario-nacional-de-legislativos\/#breadcrumb\"},\"inLanguage\":\"pt-BR\",\"potentialAction\":[{\"@type\":\"ReadAction\",\"target\":[\"https:\/\/uvbbrasil.com.br\/a-nova-lei-de-licitacoes-e-tema-do-seminario-nacional-de-legislativos\/\"]}]},{\"@type\":\"ImageObject\",\"inLanguage\":\"pt-BR\",\"@id\":\"https:\/\/uvbbrasil.com.br\/a-nova-lei-de-licitacoes-e-tema-do-seminario-nacional-de-legislativos\/#primaryimage\",\"url\":\"https:\/\/uvbbrasil.com.br\/wp-content\/uploads\/2021\/11\/camilo.jpg\",\"contentUrl\":\"https:\/\/uvbbrasil.com.br\/wp-content\/uploads\/2021\/11\/camilo.jpg\",\"width\":358,\"height\":358},{\"@type\":\"BreadcrumbList\",\"@id\":\"https:\/\/uvbbrasil.com.br\/a-nova-lei-de-licitacoes-e-tema-do-seminario-nacional-de-legislativos\/#breadcrumb\",\"itemListElement\":[{\"@type\":\"ListItem\",\"position\":1,\"name\":\"In\u00edcio\",\"item\":\"https:\/\/uvbbrasil.com.br\/\"},{\"@type\":\"ListItem\",\"position\":2,\"name\":\"A nova lei de licita\u00e7\u00f5es \u00e9 tema do Semin\u00e1rio Nacional de Legislativos\"}]},{\"@type\":\"WebSite\",\"@id\":\"https:\/\/uvbbrasil.com.br\/#website\",\"url\":\"https:\/\/uvbbrasil.com.br\/\",\"name\":\"UVB Brasil\",\"description\":\"Uni\u00e3o dos Vereadores do Brasil\",\"publisher\":{\"@id\":\"https:\/\/uvbbrasil.com.br\/#organization\"},\"potentialAction\":[{\"@type\":\"SearchAction\",\"target\":{\"@type\":\"EntryPoint\",\"urlTemplate\":\"https:\/\/uvbbrasil.com.br\/?s={search_term_string}\"},\"query-input\":{\"@type\":\"PropertyValueSpecification\",\"valueRequired\":true,\"valueName\":\"search_term_string\"}}],\"inLanguage\":\"pt-BR\"},{\"@type\":\"Organization\",\"@id\":\"https:\/\/uvbbrasil.com.br\/#organization\",\"name\":\"UVB Brasil\",\"url\":\"https:\/\/uvbbrasil.com.br\/\",\"logo\":{\"@type\":\"ImageObject\",\"inLanguage\":\"pt-BR\",\"@id\":\"https:\/\/uvbbrasil.com.br\/#\/schema\/logo\/image\/\",\"url\":\"https:\/\/uvbbrasil.com.br\/wp-content\/uploads\/2025\/01\/LOGO-UVB-2024-azul-1.jpg\",\"contentUrl\":\"https:\/\/uvbbrasil.com.br\/wp-content\/uploads\/2025\/01\/LOGO-UVB-2024-azul-1.jpg\",\"width\":600,\"height\":211,\"caption\":\"UVB Brasil\"},\"image\":{\"@id\":\"https:\/\/uvbbrasil.com.br\/#\/schema\/logo\/image\/\"},\"sameAs\":[\"https:\/\/www.facebook.com\/uvb.vereadoresbrasil\",\"https:\/\/www.instagram.com\/uvbbrasil\/\",\"https:\/\/www.youtube.com\/channel\/UCIlPQ8Xzw5GHNzosQIg9S5A\"]},{\"@type\":\"Person\",\"@id\":\"https:\/\/uvbbrasil.com.br\/#\/schema\/person\/17990098446c098f52effddff4f1b272\",\"name\":\"adminuvb\",\"image\":{\"@type\":\"ImageObject\",\"inLanguage\":\"pt-BR\",\"@id\":\"https:\/\/uvbbrasil.com.br\/#\/schema\/person\/image\/\",\"url\":\"https:\/\/secure.gravatar.com\/avatar\/1a494ea6f8e2dd1ae526e55b0e9497efdba542491e0620d704cccf63c6f77c45?s=96&d=mm&r=g\",\"contentUrl\":\"https:\/\/secure.gravatar.com\/avatar\/1a494ea6f8e2dd1ae526e55b0e9497efdba542491e0620d704cccf63c6f77c45?s=96&d=mm&r=g\",\"caption\":\"adminuvb\"},\"sameAs\":[\"https:\/\/uvbbrasil.com.br\"],\"url\":\"https:\/\/uvbbrasil.com.br\/author\/adminuvb\/\"}]}<\/script>\n<!-- \/ Yoast SEO plugin. -->","yoast_head_json":{"title":"A nova lei de licita\u00e7\u00f5es \u00e9 tema do Semin\u00e1rio Nacional de Legislativos - UVB Brasil","robots":{"index":"index","follow":"follow","max-snippet":"max-snippet:-1","max-image-preview":"max-image-preview:large","max-video-preview":"max-video-preview:-1"},"canonical":"https:\/\/uvbbrasil.com.br\/a-nova-lei-de-licitacoes-e-tema-do-seminario-nacional-de-legislativos\/","og_locale":"pt_BR","og_type":"article","og_title":"A nova lei de licita\u00e7\u00f5es \u00e9 tema do Semin\u00e1rio Nacional de Legislativos - UVB Brasil","og_description":"O procurador jur\u00eddico da Uni\u00e3o dos Vereadores do Brasil\/UVB, Dr. Andr\u00e9 Camillo com seu amplo conhecimento e atua\u00e7\u00e3o apresentar\u00e1 aos...","og_url":"https:\/\/uvbbrasil.com.br\/a-nova-lei-de-licitacoes-e-tema-do-seminario-nacional-de-legislativos\/","og_site_name":"UVB Brasil","article_publisher":"https:\/\/www.facebook.com\/uvb.vereadoresbrasil","article_published_time":"2021-11-17T13:33:21+00:00","og_image":[{"width":358,"height":358,"url":"https:\/\/uvbbrasil.com.br\/wp-content\/uploads\/2021\/11\/camilo.jpg","type":"image\/jpeg"}],"author":"adminuvb","twitter_card":"summary_large_image","twitter_misc":{"Escrito por":"adminuvb","Est. tempo de leitura":"1 minuto"},"schema":{"@context":"https:\/\/schema.org","@graph":[{"@type":"Article","@id":"https:\/\/uvbbrasil.com.br\/a-nova-lei-de-licitacoes-e-tema-do-seminario-nacional-de-legislativos\/#article","isPartOf":{"@id":"https:\/\/uvbbrasil.com.br\/a-nova-lei-de-licitacoes-e-tema-do-seminario-nacional-de-legislativos\/"},"author":{"name":"adminuvb","@id":"https:\/\/uvbbrasil.com.br\/#\/schema\/person\/17990098446c098f52effddff4f1b272"},"headline":"A nova lei de licita\u00e7\u00f5es \u00e9 tema do Semin\u00e1rio Nacional de Legislativos","datePublished":"2021-11-17T13:33:21+00:00","mainEntityOfPage":{"@id":"https:\/\/uvbbrasil.com.br\/a-nova-lei-de-licitacoes-e-tema-do-seminario-nacional-de-legislativos\/"},"wordCount":82,"commentCount":0,"publisher":{"@id":"https:\/\/uvbbrasil.com.br\/#organization"},"image":{"@id":"https:\/\/uvbbrasil.com.br\/a-nova-lei-de-licitacoes-e-tema-do-seminario-nacional-de-legislativos\/#primaryimage"},"thumbnailUrl":"https:\/\/uvbbrasil.com.br\/wp-content\/uploads\/2021\/11\/camilo.jpg","articleSection":["NOT\u00cdCIAS","UVB"],"inLanguage":"pt-BR","potentialAction":[{"@type":"CommentAction","name":"Comment","target":["https:\/\/uvbbrasil.com.br\/a-nova-lei-de-licitacoes-e-tema-do-seminario-nacional-de-legislativos\/#respond"]}]},{"@type":"WebPage","@id":"https:\/\/uvbbrasil.com.br\/a-nova-lei-de-licitacoes-e-tema-do-seminario-nacional-de-legislativos\/","url":"https:\/\/uvbbrasil.com.br\/a-nova-lei-de-licitacoes-e-tema-do-seminario-nacional-de-legislativos\/","name":"A nova lei de licita\u00e7\u00f5es \u00e9 tema do Semin\u00e1rio Nacional de Legislativos - UVB Brasil","isPartOf":{"@id":"https:\/\/uvbbrasil.com.br\/#website"},"primaryImageOfPage":{"@id":"https:\/\/uvbbrasil.com.br\/a-nova-lei-de-licitacoes-e-tema-do-seminario-nacional-de-legislativos\/#primaryimage"},"image":{"@id":"https:\/\/uvbbrasil.com.br\/a-nova-lei-de-licitacoes-e-tema-do-seminario-nacional-de-legislativos\/#primaryimage"},"thumbnailUrl":"https:\/\/uvbbrasil.com.br\/wp-content\/uploads\/2021\/11\/camilo.jpg","datePublished":"2021-11-17T13:33:21+00:00","breadcrumb":{"@id":"https:\/\/uvbbrasil.com.br\/a-nova-lei-de-licitacoes-e-tema-do-seminario-nacional-de-legislativos\/#breadcrumb"},"inLanguage":"pt-BR","potentialAction":[{"@type":"ReadAction","target":["https:\/\/uvbbrasil.com.br\/a-nova-lei-de-licitacoes-e-tema-do-seminario-nacional-de-legislativos\/"]}]},{"@type":"ImageObject","inLanguage":"pt-BR","@id":"https:\/\/uvbbrasil.com.br\/a-nova-lei-de-licitacoes-e-tema-do-seminario-nacional-de-legislativos\/#primaryimage","url":"https:\/\/uvbbrasil.com.br\/wp-content\/uploads\/2021\/11\/camilo.jpg","contentUrl":"https:\/\/uvbbrasil.com.br\/wp-content\/uploads\/2021\/11\/camilo.jpg","width":358,"height":358},{"@type":"BreadcrumbList","@id":"https:\/\/uvbbrasil.com.br\/a-nova-lei-de-licitacoes-e-tema-do-seminario-nacional-de-legislativos\/#breadcrumb","itemListElement":[{"@type":"ListItem","position":1,"name":"In\u00edcio","item":"https:\/\/uvbbrasil.com.br\/"},{"@type":"ListItem","position":2,"name":"A nova lei de licita\u00e7\u00f5es \u00e9 tema do Semin\u00e1rio Nacional de Legislativos"}]},{"@type":"WebSite","@id":"https:\/\/uvbbrasil.com.br\/#website","url":"https:\/\/uvbbrasil.com.br\/","name":"UVB Brasil","description":"Uni\u00e3o dos Vereadores do Brasil","publisher":{"@id":"https:\/\/uvbbrasil.com.br\/#organization"},"potentialAction":[{"@type":"SearchAction","target":{"@type":"EntryPoint","urlTemplate":"https:\/\/uvbbrasil.com.br\/?s={search_term_string}"},"query-input":{"@type":"PropertyValueSpecification","valueRequired":true,"valueName":"search_term_string"}}],"inLanguage":"pt-BR"},{"@type":"Organization","@id":"https:\/\/uvbbrasil.com.br\/#organization","name":"UVB Brasil","url":"https:\/\/uvbbrasil.com.br\/","logo":{"@type":"ImageObject","inLanguage":"pt-BR","@id":"https:\/\/uvbbrasil.com.br\/#\/schema\/logo\/image\/","url":"https:\/\/uvbbrasil.com.br\/wp-content\/uploads\/2025\/01\/LOGO-UVB-2024-azul-1.jpg","contentUrl":"https:\/\/uvbbrasil.com.br\/wp-content\/uploads\/2025\/01\/LOGO-UVB-2024-azul-1.jpg","width":600,"height":211,"caption":"UVB Brasil"},"image":{"@id":"https:\/\/uvbbrasil.com.br\/#\/schema\/logo\/image\/"},"sameAs":["https:\/\/www.facebook.com\/uvb.vereadoresbrasil","https:\/\/www.instagram.com\/uvbbrasil\/","https:\/\/www.youtube.com\/channel\/UCIlPQ8Xzw5GHNzosQIg9S5A"]},{"@type":"Person","@id":"https:\/\/uvbbrasil.com.br\/#\/schema\/person\/17990098446c098f52effddff4f1b272","name":"adminuvb","image":{"@type":"ImageObject","inLanguage":"pt-BR","@id":"https:\/\/uvbbrasil.com.br\/#\/schema\/person\/image\/","url":"https:\/\/secure.gravatar.com\/avatar\/1a494ea6f8e2dd1ae526e55b0e9497efdba542491e0620d704cccf63c6f77c45?s=96&d=mm&r=g","contentUrl":"https:\/\/secure.gravatar.com\/avatar\/1a494ea6f8e2dd1ae526e55b0e9497efdba542491e0620d704cccf63c6f77c45?s=96&d=mm&r=g","caption":"adminuvb"},"sameAs":["https:\/\/uvbbrasil.com.br"],"url":"https:\/\/uvbbrasil.com.br\/author\/adminuvb\/"}]}},"_links":{"self":[{"href":"https:\/\/uvbbrasil.com.br\/uvb-json\/wp\/v2\/posts\/24287","targetHints":{"allow":["GET"]}}],"collection":[{"href":"https:\/\/uvbbrasil.com.br\/uvb-json\/wp\/v2\/posts"}],"about":[{"href":"https:\/\/uvbbrasil.com.br\/uvb-json\/wp\/v2\/types\/post"}],"author":[{"embeddable":true,"href":"https:\/\/uvbbrasil.com.br\/uvb-json\/wp\/v2\/users\/1"}],"replies":[{"embeddable":true,"href":"https:\/\/uvbbrasil.com.br\/uvb-json\/wp\/v2\/comments?post=24287"}],"version-history":[{"count":0,"href":"https:\/\/uvbbrasil.com.br\/uvb-json\/wp\/v2\/posts\/24287\/revisions"}],"wp:featuredmedia":[{"embeddable":true,"href":"https:\/\/uvbbrasil.com.br\/uvb-json\/wp\/v2\/media\/24288"}],"wp:attachment":[{"href":"https:\/\/uvbbrasil.com.br\/uvb-json\/wp\/v2\/media?parent=24287"}],"wp:term":[{"taxonomy":"category","embeddable":true,"href":"https:\/\/uvbbrasil.com.br\/uvb-json\/wp\/v2\/categories?post=24287"},{"taxonomy":"post_tag","embeddable":true,"href":"https:\/\/uvbbrasil.com.br\/uvb-json\/wp\/v2\/tags?post=24287"}],"curies":[{"name":"wp","href":"https:\/\/api.w.org\/{rel}","templated":true}]}}