{"id":24242,"date":"2021-11-11T18:13:49","date_gmt":"2021-11-11T21:13:49","guid":{"rendered":"https:\/\/wpsandbox4.pante.com.br\/?p=24242"},"modified":"2021-11-11T18:13:49","modified_gmt":"2021-11-11T21:13:49","slug":"comunicacao-politica-para-mandato-no-poder-legislativo","status":"publish","type":"post","link":"https:\/\/uvbbrasil.com.br\/comunicacao-politica-para-mandato-no-poder-legislativo\/","title":{"rendered":"Comunica\u00e7\u00e3o pol\u00edtica para mandato no poder legislativo"},"content":{"rendered":"<p>O Marketing pol\u00edtico \u00e9 o conjunto de t\u00e9cnicas de publicidade para manter uma rela\u00e7\u00e3o de um pol\u00edtica com o seu eleitorado que podem impactar no seu mandato , onde funcionam como uma esp\u00e9cie de milit\u00e2ncia pol\u00edtica que luta por algumas quest\u00f5es e direitos.<\/p>\n<p>Um pol\u00edtico que est\u00e1 interessado em ouvir e entender a popula\u00e7\u00e3o consegue estreitar e manter la\u00e7os que inclusive podem fidelizar as pessoas, n\u00e3o basta criar perfis em todas as redes sociais apenas para est\u00e1 na internet. \u00c9 preciso saber como se posicionar, atrair o p\u00fablico ideal e comunicar a mensagem de forma assertiva.<\/p>\n<p>As principais estrat\u00e9gias de marketing pol\u00edtico \u00e9 desenvolver uma marca pol\u00edtica, construir uma comunidade e investir em conte\u00fado , outro ponto importante citado \u00e9 a cria\u00e7\u00e3o de uma identidade visual, ou seja, ter uma identidade\u00a0 \u00e9 o mesmo que ter um cart\u00e3o de visitas permanente na cabe\u00e7a dos seus eleitores. Al\u00e9m de transmitir mais seguran\u00e7a, ela \u00e9 a sua marca.<\/p>\n<p>Comunica\u00e7\u00e3o pol\u00edtica para mandato no poder legislativo, foi debatido por Rayane Moreira, diretamente de Fortaleza\/CE,\u00a0 que \u00e9 jornalista especialista em assessoria de comunica\u00e7\u00e3o, mestranda em ci\u00eancias pol\u00edtica, palestrante, consultora e estrategista de marketing pol\u00edtico, eleitoral e digital.<a href=\"https:\/\/uvbbrasil.com.br\/?attachment_id=24244\" rel=\"attachment wp-att-24244\"><img fetchpriority=\"high\" decoding=\"async\" class=\"aligncenter size-full wp-image-24244\" src=\"https:\/\/uvbbrasil.com.br\/wp-content\/uploads\/2021\/11\/WhatsApp-Image-2021-11-11-at-17.09.17.jpeg\" alt=\"\" width=\"1280\" height=\"850\" srcset=\"https:\/\/uvbbrasil.com.br\/wp-content\/uploads\/2021\/11\/WhatsApp-Image-2021-11-11-at-17.09.17.jpeg 1280w, https:\/\/uvbbrasil.com.br\/wp-content\/uploads\/2021\/11\/WhatsApp-Image-2021-11-11-at-17.09.17-300x199.jpeg 300w, https:\/\/uvbbrasil.com.br\/wp-content\/uploads\/2021\/11\/WhatsApp-Image-2021-11-11-at-17.09.17-1024x680.jpeg 1024w, https:\/\/uvbbrasil.com.br\/wp-content\/uploads\/2021\/11\/WhatsApp-Image-2021-11-11-at-17.09.17-768x510.jpeg 768w\" sizes=\"(max-width: 1280px) 100vw, 1280px\" \/><\/a><a href=\"https:\/\/uvbbrasil.com.br\/?attachment_id=24243\" rel=\"attachment wp-att-24243\"><img decoding=\"async\" class=\"aligncenter size-full wp-image-24243\" src=\"https:\/\/uvbbrasil.com.br\/wp-content\/uploads\/2021\/11\/WhatsApp-Image-2021-11-11-at-17.07.19.jpeg\" alt=\"\" width=\"1280\" height=\"850\" srcset=\"https:\/\/uvbbrasil.com.br\/wp-content\/uploads\/2021\/11\/WhatsApp-Image-2021-11-11-at-17.07.19.jpeg 1280w, https:\/\/uvbbrasil.com.br\/wp-content\/uploads\/2021\/11\/WhatsApp-Image-2021-11-11-at-17.07.19-300x199.jpeg 300w, https:\/\/uvbbrasil.com.br\/wp-content\/uploads\/2021\/11\/WhatsApp-Image-2021-11-11-at-17.07.19-1024x680.jpeg 1024w, https:\/\/uvbbrasil.com.br\/wp-content\/uploads\/2021\/11\/WhatsApp-Image-2021-11-11-at-17.07.19-768x510.jpeg 768w\" sizes=\"(max-width: 1280px) 100vw, 1280px\" \/><\/a><\/p>\n<p><a href=\"https:\/\/uvbbrasil.com.br\/?attachment_id=24245\" rel=\"attachment wp-att-24245\"><img decoding=\"async\" class=\"aligncenter size-full wp-image-24245\" src=\"https:\/\/uvbbrasil.com.br\/wp-content\/uploads\/2021\/11\/WhatsApp-Image-2021-11-11-at-17.09.33.jpeg\" alt=\"\" width=\"1280\" height=\"850\" srcset=\"https:\/\/uvbbrasil.com.br\/wp-content\/uploads\/2021\/11\/WhatsApp-Image-2021-11-11-at-17.09.33.jpeg 1280w, https:\/\/uvbbrasil.com.br\/wp-content\/uploads\/2021\/11\/WhatsApp-Image-2021-11-11-at-17.09.33-300x199.jpeg 300w, https:\/\/uvbbrasil.com.br\/wp-content\/uploads\/2021\/11\/WhatsApp-Image-2021-11-11-at-17.09.33-1024x680.jpeg 1024w, https:\/\/uvbbrasil.com.br\/wp-content\/uploads\/2021\/11\/WhatsApp-Image-2021-11-11-at-17.09.33-768x510.jpeg 768w\" sizes=\"(max-width: 1280px) 100vw, 1280px\" \/><\/a><a href=\"https:\/\/uvbbrasil.com.br\/?attachment_id=24246\" rel=\"attachment wp-att-24246\"><img loading=\"lazy\" decoding=\"async\" class=\"aligncenter size-full wp-image-24246\" src=\"https:\/\/uvbbrasil.com.br\/wp-content\/uploads\/2021\/11\/WhatsApp-Image-2021-11-11-at-17.10.30.jpeg\" alt=\"\" width=\"1280\" height=\"850\" srcset=\"https:\/\/uvbbrasil.com.br\/wp-content\/uploads\/2021\/11\/WhatsApp-Image-2021-11-11-at-17.10.30.jpeg 1280w, https:\/\/uvbbrasil.com.br\/wp-content\/uploads\/2021\/11\/WhatsApp-Image-2021-11-11-at-17.10.30-300x199.jpeg 300w, https:\/\/uvbbrasil.com.br\/wp-content\/uploads\/2021\/11\/WhatsApp-Image-2021-11-11-at-17.10.30-1024x680.jpeg 1024w, https:\/\/uvbbrasil.com.br\/wp-content\/uploads\/2021\/11\/WhatsApp-Image-2021-11-11-at-17.10.30-768x510.jpeg 768w\" sizes=\"(max-width: 1280px) 100vw, 1280px\" \/><\/a><\/p>\n","protected":false},"excerpt":{"rendered":"<p>O Marketing pol\u00edtico \u00e9 o conjunto de t\u00e9cnicas de publicidade para manter uma rela\u00e7\u00e3o de um pol\u00edtica com o seu&#8230;<\/p>\n","protected":false},"author":1,"featured_media":24245,"comment_status":"open","ping_status":"open","sticky":false,"template":"","format":"standard","meta":{"footnotes":""},"categories":[3,4],"tags":[],"class_list":["post-24242","post","type-post","status-publish","format-standard","has-post-thumbnail","hentry","category-noticias","category-home"],"yoast_head":"<!-- This site is optimized with the Yoast SEO plugin v26.7 - https:\/\/yoast.com\/wordpress\/plugins\/seo\/ -->\n<title>Comunica\u00e7\u00e3o pol\u00edtica para mandato no poder legislativo - UVB Brasil<\/title>\n<meta name=\"robots\" content=\"index, follow, max-snippet:-1, max-image-preview:large, max-video-preview:-1\" \/>\n<link rel=\"canonical\" href=\"https:\/\/uvbbrasil.com.br\/comunicacao-politica-para-mandato-no-poder-legislativo\/\" \/>\n<meta property=\"og:locale\" content=\"pt_BR\" \/>\n<meta property=\"og:type\" content=\"article\" \/>\n<meta property=\"og:title\" content=\"Comunica\u00e7\u00e3o pol\u00edtica para mandato no poder legislativo - UVB Brasil\" \/>\n<meta property=\"og:description\" content=\"O Marketing pol\u00edtico \u00e9 o conjunto de t\u00e9cnicas de publicidade para manter uma rela\u00e7\u00e3o de um pol\u00edtica com o seu...\" \/>\n<meta property=\"og:url\" content=\"https:\/\/uvbbrasil.com.br\/comunicacao-politica-para-mandato-no-poder-legislativo\/\" \/>\n<meta property=\"og:site_name\" content=\"UVB Brasil\" \/>\n<meta property=\"article:publisher\" content=\"https:\/\/www.facebook.com\/uvb.vereadoresbrasil\" \/>\n<meta property=\"article:published_time\" content=\"2021-11-11T21:13:49+00:00\" \/>\n<meta property=\"og:image\" content=\"https:\/\/uvbbrasil.com.br\/wp-content\/uploads\/2021\/11\/WhatsApp-Image-2021-11-11-at-17.09.33.jpeg\" \/>\n\t<meta property=\"og:image:width\" content=\"1280\" \/>\n\t<meta property=\"og:image:height\" content=\"850\" \/>\n\t<meta property=\"og:image:type\" content=\"image\/jpeg\" \/>\n<meta name=\"author\" content=\"adminuvb\" \/>\n<meta name=\"twitter:card\" content=\"summary_large_image\" \/>\n<meta name=\"twitter:label1\" content=\"Escrito por\" \/>\n\t<meta name=\"twitter:data1\" content=\"adminuvb\" \/>\n\t<meta name=\"twitter:label2\" content=\"Est. tempo de leitura\" \/>\n\t<meta name=\"twitter:data2\" content=\"2 minutos\" \/>\n<script type=\"application\/ld+json\" class=\"yoast-schema-graph\">{\"@context\":\"https:\/\/schema.org\",\"@graph\":[{\"@type\":\"Article\",\"@id\":\"https:\/\/uvbbrasil.com.br\/comunicacao-politica-para-mandato-no-poder-legislativo\/#article\",\"isPartOf\":{\"@id\":\"https:\/\/uvbbrasil.com.br\/comunicacao-politica-para-mandato-no-poder-legislativo\/\"},\"author\":{\"name\":\"adminuvb\",\"@id\":\"https:\/\/uvbbrasil.com.br\/#\/schema\/person\/17990098446c098f52effddff4f1b272\"},\"headline\":\"Comunica\u00e7\u00e3o pol\u00edtica para mandato no poder legislativo\",\"datePublished\":\"2021-11-11T21:13:49+00:00\",\"mainEntityOfPage\":{\"@id\":\"https:\/\/uvbbrasil.com.br\/comunicacao-politica-para-mandato-no-poder-legislativo\/\"},\"wordCount\":222,\"commentCount\":0,\"publisher\":{\"@id\":\"https:\/\/uvbbrasil.com.br\/#organization\"},\"image\":{\"@id\":\"https:\/\/uvbbrasil.com.br\/comunicacao-politica-para-mandato-no-poder-legislativo\/#primaryimage\"},\"thumbnailUrl\":\"https:\/\/uvbbrasil.com.br\/wp-content\/uploads\/2021\/11\/WhatsApp-Image-2021-11-11-at-17.09.33.jpeg\",\"articleSection\":[\"NOT\u00cdCIAS\",\"UVB\"],\"inLanguage\":\"pt-BR\",\"potentialAction\":[{\"@type\":\"CommentAction\",\"name\":\"Comment\",\"target\":[\"https:\/\/uvbbrasil.com.br\/comunicacao-politica-para-mandato-no-poder-legislativo\/#respond\"]}]},{\"@type\":\"WebPage\",\"@id\":\"https:\/\/uvbbrasil.com.br\/comunicacao-politica-para-mandato-no-poder-legislativo\/\",\"url\":\"https:\/\/uvbbrasil.com.br\/comunicacao-politica-para-mandato-no-poder-legislativo\/\",\"name\":\"Comunica\u00e7\u00e3o pol\u00edtica para mandato no poder legislativo - UVB Brasil\",\"isPartOf\":{\"@id\":\"https:\/\/uvbbrasil.com.br\/#website\"},\"primaryImageOfPage\":{\"@id\":\"https:\/\/uvbbrasil.com.br\/comunicacao-politica-para-mandato-no-poder-legislativo\/#primaryimage\"},\"image\":{\"@id\":\"https:\/\/uvbbrasil.com.br\/comunicacao-politica-para-mandato-no-poder-legislativo\/#primaryimage\"},\"thumbnailUrl\":\"https:\/\/uvbbrasil.com.br\/wp-content\/uploads\/2021\/11\/WhatsApp-Image-2021-11-11-at-17.09.33.jpeg\",\"datePublished\":\"2021-11-11T21:13:49+00:00\",\"breadcrumb\":{\"@id\":\"https:\/\/uvbbrasil.com.br\/comunicacao-politica-para-mandato-no-poder-legislativo\/#breadcrumb\"},\"inLanguage\":\"pt-BR\",\"potentialAction\":[{\"@type\":\"ReadAction\",\"target\":[\"https:\/\/uvbbrasil.com.br\/comunicacao-politica-para-mandato-no-poder-legislativo\/\"]}]},{\"@type\":\"ImageObject\",\"inLanguage\":\"pt-BR\",\"@id\":\"https:\/\/uvbbrasil.com.br\/comunicacao-politica-para-mandato-no-poder-legislativo\/#primaryimage\",\"url\":\"https:\/\/uvbbrasil.com.br\/wp-content\/uploads\/2021\/11\/WhatsApp-Image-2021-11-11-at-17.09.33.jpeg\",\"contentUrl\":\"https:\/\/uvbbrasil.com.br\/wp-content\/uploads\/2021\/11\/WhatsApp-Image-2021-11-11-at-17.09.33.jpeg\",\"width\":1280,\"height\":850},{\"@type\":\"BreadcrumbList\",\"@id\":\"https:\/\/uvbbrasil.com.br\/comunicacao-politica-para-mandato-no-poder-legislativo\/#breadcrumb\",\"itemListElement\":[{\"@type\":\"ListItem\",\"position\":1,\"name\":\"In\u00edcio\",\"item\":\"https:\/\/uvbbrasil.com.br\/\"},{\"@type\":\"ListItem\",\"position\":2,\"name\":\"Comunica\u00e7\u00e3o pol\u00edtica para mandato no poder legislativo\"}]},{\"@type\":\"WebSite\",\"@id\":\"https:\/\/uvbbrasil.com.br\/#website\",\"url\":\"https:\/\/uvbbrasil.com.br\/\",\"name\":\"UVB Brasil\",\"description\":\"Uni\u00e3o dos Vereadores do Brasil\",\"publisher\":{\"@id\":\"https:\/\/uvbbrasil.com.br\/#organization\"},\"potentialAction\":[{\"@type\":\"SearchAction\",\"target\":{\"@type\":\"EntryPoint\",\"urlTemplate\":\"https:\/\/uvbbrasil.com.br\/?s={search_term_string}\"},\"query-input\":{\"@type\":\"PropertyValueSpecification\",\"valueRequired\":true,\"valueName\":\"search_term_string\"}}],\"inLanguage\":\"pt-BR\"},{\"@type\":\"Organization\",\"@id\":\"https:\/\/uvbbrasil.com.br\/#organization\",\"name\":\"UVB Brasil\",\"url\":\"https:\/\/uvbbrasil.com.br\/\",\"logo\":{\"@type\":\"ImageObject\",\"inLanguage\":\"pt-BR\",\"@id\":\"https:\/\/uvbbrasil.com.br\/#\/schema\/logo\/image\/\",\"url\":\"https:\/\/uvbbrasil.com.br\/wp-content\/uploads\/2025\/01\/LOGO-UVB-2024-azul-1.jpg\",\"contentUrl\":\"https:\/\/uvbbrasil.com.br\/wp-content\/uploads\/2025\/01\/LOGO-UVB-2024-azul-1.jpg\",\"width\":600,\"height\":211,\"caption\":\"UVB Brasil\"},\"image\":{\"@id\":\"https:\/\/uvbbrasil.com.br\/#\/schema\/logo\/image\/\"},\"sameAs\":[\"https:\/\/www.facebook.com\/uvb.vereadoresbrasil\",\"https:\/\/www.instagram.com\/uvbbrasil\/\",\"https:\/\/www.youtube.com\/channel\/UCIlPQ8Xzw5GHNzosQIg9S5A\"]},{\"@type\":\"Person\",\"@id\":\"https:\/\/uvbbrasil.com.br\/#\/schema\/person\/17990098446c098f52effddff4f1b272\",\"name\":\"adminuvb\",\"image\":{\"@type\":\"ImageObject\",\"inLanguage\":\"pt-BR\",\"@id\":\"https:\/\/uvbbrasil.com.br\/#\/schema\/person\/image\/\",\"url\":\"https:\/\/secure.gravatar.com\/avatar\/1a494ea6f8e2dd1ae526e55b0e9497efdba542491e0620d704cccf63c6f77c45?s=96&d=mm&r=g\",\"contentUrl\":\"https:\/\/secure.gravatar.com\/avatar\/1a494ea6f8e2dd1ae526e55b0e9497efdba542491e0620d704cccf63c6f77c45?s=96&d=mm&r=g\",\"caption\":\"adminuvb\"},\"sameAs\":[\"https:\/\/uvbbrasil.com.br\"],\"url\":\"https:\/\/uvbbrasil.com.br\/author\/adminuvb\/\"}]}<\/script>\n<!-- \/ Yoast SEO plugin. -->","yoast_head_json":{"title":"Comunica\u00e7\u00e3o pol\u00edtica para mandato no poder legislativo - UVB Brasil","robots":{"index":"index","follow":"follow","max-snippet":"max-snippet:-1","max-image-preview":"max-image-preview:large","max-video-preview":"max-video-preview:-1"},"canonical":"https:\/\/uvbbrasil.com.br\/comunicacao-politica-para-mandato-no-poder-legislativo\/","og_locale":"pt_BR","og_type":"article","og_title":"Comunica\u00e7\u00e3o pol\u00edtica para mandato no poder legislativo - UVB Brasil","og_description":"O Marketing pol\u00edtico \u00e9 o conjunto de t\u00e9cnicas de publicidade para manter uma rela\u00e7\u00e3o de um pol\u00edtica com o seu...","og_url":"https:\/\/uvbbrasil.com.br\/comunicacao-politica-para-mandato-no-poder-legislativo\/","og_site_name":"UVB Brasil","article_publisher":"https:\/\/www.facebook.com\/uvb.vereadoresbrasil","article_published_time":"2021-11-11T21:13:49+00:00","og_image":[{"width":1280,"height":850,"url":"https:\/\/uvbbrasil.com.br\/wp-content\/uploads\/2021\/11\/WhatsApp-Image-2021-11-11-at-17.09.33.jpeg","type":"image\/jpeg"}],"author":"adminuvb","twitter_card":"summary_large_image","twitter_misc":{"Escrito por":"adminuvb","Est. tempo de leitura":"2 minutos"},"schema":{"@context":"https:\/\/schema.org","@graph":[{"@type":"Article","@id":"https:\/\/uvbbrasil.com.br\/comunicacao-politica-para-mandato-no-poder-legislativo\/#article","isPartOf":{"@id":"https:\/\/uvbbrasil.com.br\/comunicacao-politica-para-mandato-no-poder-legislativo\/"},"author":{"name":"adminuvb","@id":"https:\/\/uvbbrasil.com.br\/#\/schema\/person\/17990098446c098f52effddff4f1b272"},"headline":"Comunica\u00e7\u00e3o pol\u00edtica para mandato no poder legislativo","datePublished":"2021-11-11T21:13:49+00:00","mainEntityOfPage":{"@id":"https:\/\/uvbbrasil.com.br\/comunicacao-politica-para-mandato-no-poder-legislativo\/"},"wordCount":222,"commentCount":0,"publisher":{"@id":"https:\/\/uvbbrasil.com.br\/#organization"},"image":{"@id":"https:\/\/uvbbrasil.com.br\/comunicacao-politica-para-mandato-no-poder-legislativo\/#primaryimage"},"thumbnailUrl":"https:\/\/uvbbrasil.com.br\/wp-content\/uploads\/2021\/11\/WhatsApp-Image-2021-11-11-at-17.09.33.jpeg","articleSection":["NOT\u00cdCIAS","UVB"],"inLanguage":"pt-BR","potentialAction":[{"@type":"CommentAction","name":"Comment","target":["https:\/\/uvbbrasil.com.br\/comunicacao-politica-para-mandato-no-poder-legislativo\/#respond"]}]},{"@type":"WebPage","@id":"https:\/\/uvbbrasil.com.br\/comunicacao-politica-para-mandato-no-poder-legislativo\/","url":"https:\/\/uvbbrasil.com.br\/comunicacao-politica-para-mandato-no-poder-legislativo\/","name":"Comunica\u00e7\u00e3o pol\u00edtica para mandato no poder legislativo - UVB Brasil","isPartOf":{"@id":"https:\/\/uvbbrasil.com.br\/#website"},"primaryImageOfPage":{"@id":"https:\/\/uvbbrasil.com.br\/comunicacao-politica-para-mandato-no-poder-legislativo\/#primaryimage"},"image":{"@id":"https:\/\/uvbbrasil.com.br\/comunicacao-politica-para-mandato-no-poder-legislativo\/#primaryimage"},"thumbnailUrl":"https:\/\/uvbbrasil.com.br\/wp-content\/uploads\/2021\/11\/WhatsApp-Image-2021-11-11-at-17.09.33.jpeg","datePublished":"2021-11-11T21:13:49+00:00","breadcrumb":{"@id":"https:\/\/uvbbrasil.com.br\/comunicacao-politica-para-mandato-no-poder-legislativo\/#breadcrumb"},"inLanguage":"pt-BR","potentialAction":[{"@type":"ReadAction","target":["https:\/\/uvbbrasil.com.br\/comunicacao-politica-para-mandato-no-poder-legislativo\/"]}]},{"@type":"ImageObject","inLanguage":"pt-BR","@id":"https:\/\/uvbbrasil.com.br\/comunicacao-politica-para-mandato-no-poder-legislativo\/#primaryimage","url":"https:\/\/uvbbrasil.com.br\/wp-content\/uploads\/2021\/11\/WhatsApp-Image-2021-11-11-at-17.09.33.jpeg","contentUrl":"https:\/\/uvbbrasil.com.br\/wp-content\/uploads\/2021\/11\/WhatsApp-Image-2021-11-11-at-17.09.33.jpeg","width":1280,"height":850},{"@type":"BreadcrumbList","@id":"https:\/\/uvbbrasil.com.br\/comunicacao-politica-para-mandato-no-poder-legislativo\/#breadcrumb","itemListElement":[{"@type":"ListItem","position":1,"name":"In\u00edcio","item":"https:\/\/uvbbrasil.com.br\/"},{"@type":"ListItem","position":2,"name":"Comunica\u00e7\u00e3o pol\u00edtica para mandato no poder legislativo"}]},{"@type":"WebSite","@id":"https:\/\/uvbbrasil.com.br\/#website","url":"https:\/\/uvbbrasil.com.br\/","name":"UVB Brasil","description":"Uni\u00e3o dos Vereadores do Brasil","publisher":{"@id":"https:\/\/uvbbrasil.com.br\/#organization"},"potentialAction":[{"@type":"SearchAction","target":{"@type":"EntryPoint","urlTemplate":"https:\/\/uvbbrasil.com.br\/?s={search_term_string}"},"query-input":{"@type":"PropertyValueSpecification","valueRequired":true,"valueName":"search_term_string"}}],"inLanguage":"pt-BR"},{"@type":"Organization","@id":"https:\/\/uvbbrasil.com.br\/#organization","name":"UVB Brasil","url":"https:\/\/uvbbrasil.com.br\/","logo":{"@type":"ImageObject","inLanguage":"pt-BR","@id":"https:\/\/uvbbrasil.com.br\/#\/schema\/logo\/image\/","url":"https:\/\/uvbbrasil.com.br\/wp-content\/uploads\/2025\/01\/LOGO-UVB-2024-azul-1.jpg","contentUrl":"https:\/\/uvbbrasil.com.br\/wp-content\/uploads\/2025\/01\/LOGO-UVB-2024-azul-1.jpg","width":600,"height":211,"caption":"UVB Brasil"},"image":{"@id":"https:\/\/uvbbrasil.com.br\/#\/schema\/logo\/image\/"},"sameAs":["https:\/\/www.facebook.com\/uvb.vereadoresbrasil","https:\/\/www.instagram.com\/uvbbrasil\/","https:\/\/www.youtube.com\/channel\/UCIlPQ8Xzw5GHNzosQIg9S5A"]},{"@type":"Person","@id":"https:\/\/uvbbrasil.com.br\/#\/schema\/person\/17990098446c098f52effddff4f1b272","name":"adminuvb","image":{"@type":"ImageObject","inLanguage":"pt-BR","@id":"https:\/\/uvbbrasil.com.br\/#\/schema\/person\/image\/","url":"https:\/\/secure.gravatar.com\/avatar\/1a494ea6f8e2dd1ae526e55b0e9497efdba542491e0620d704cccf63c6f77c45?s=96&d=mm&r=g","contentUrl":"https:\/\/secure.gravatar.com\/avatar\/1a494ea6f8e2dd1ae526e55b0e9497efdba542491e0620d704cccf63c6f77c45?s=96&d=mm&r=g","caption":"adminuvb"},"sameAs":["https:\/\/uvbbrasil.com.br"],"url":"https:\/\/uvbbrasil.com.br\/author\/adminuvb\/"}]}},"_links":{"self":[{"href":"https:\/\/uvbbrasil.com.br\/uvb-json\/wp\/v2\/posts\/24242","targetHints":{"allow":["GET"]}}],"collection":[{"href":"https:\/\/uvbbrasil.com.br\/uvb-json\/wp\/v2\/posts"}],"about":[{"href":"https:\/\/uvbbrasil.com.br\/uvb-json\/wp\/v2\/types\/post"}],"author":[{"embeddable":true,"href":"https:\/\/uvbbrasil.com.br\/uvb-json\/wp\/v2\/users\/1"}],"replies":[{"embeddable":true,"href":"https:\/\/uvbbrasil.com.br\/uvb-json\/wp\/v2\/comments?post=24242"}],"version-history":[{"count":0,"href":"https:\/\/uvbbrasil.com.br\/uvb-json\/wp\/v2\/posts\/24242\/revisions"}],"wp:featuredmedia":[{"embeddable":true,"href":"https:\/\/uvbbrasil.com.br\/uvb-json\/wp\/v2\/media\/24245"}],"wp:attachment":[{"href":"https:\/\/uvbbrasil.com.br\/uvb-json\/wp\/v2\/media?parent=24242"}],"wp:term":[{"taxonomy":"category","embeddable":true,"href":"https:\/\/uvbbrasil.com.br\/uvb-json\/wp\/v2\/categories?post=24242"},{"taxonomy":"post_tag","embeddable":true,"href":"https:\/\/uvbbrasil.com.br\/uvb-json\/wp\/v2\/tags?post=24242"}],"curies":[{"name":"wp","href":"https:\/\/api.w.org\/{rel}","templated":true}]}}