{"id":24073,"date":"2021-10-27T14:40:21","date_gmt":"2021-10-27T17:40:21","guid":{"rendered":"https:\/\/wpsandbox4.pante.com.br\/?p=24073"},"modified":"2021-10-27T14:40:21","modified_gmt":"2021-10-27T17:40:21","slug":"chiquinho-e-reeleito-presidente-da-camara-municipal-de-uruacu-go","status":"publish","type":"post","link":"https:\/\/uvbbrasil.com.br\/chiquinho-e-reeleito-presidente-da-camara-municipal-de-uruacu-go\/","title":{"rendered":"Chiquinho \u00e9 reeleito presidente da c\u00e2mara municipal de Urua\u00e7u\/GO"},"content":{"rendered":"<p>Ao receber oito votos, vereador conquista a presid\u00eancia casa de leis pela terceira vez adiantando que n\u00e3o medir\u00e1 novos\u00a0 esfor\u00e7os para qualificar ao m\u00e1ximo o Poder Legislativo em defesa da municipalidade e da popula\u00e7\u00e3o urua\u00e7uense.<\/p>\n<p>Em 2022, o vereador Francisco Carlos de Carvalho( Chiquinho) PSL dirigir\u00e1 novamente a mesa diretora da c\u00e2mara municipal de Urua\u00e7u, Norte de Goi\u00e1s.<\/p>\n<p>Reeleito presidente durante sess\u00e3o ordin\u00e1ria da noite desta segunda-feira (25) de outubro, somando oito votos, ele afirmou anteriormente ao JORNAL CIDADE que se esfor\u00e7ar\u00e1 ainda mais, desenvolvendo trabalho cada vez mais eficiente que o anterior e o atual.<\/p>\n<p>N\u00e3o houve chapa \u00fanica e, apesar de a vota\u00e7\u00e3o ser secreta a identifica\u00e7\u00e3o da contabilidade dos votos \u00e9 de f\u00e1cil compreens\u00e3o.<\/p>\n<p>De grande liga\u00e7\u00e3o com o grupo pol\u00edtico de Gustavo Mendanha (sem partido), prefeito de Aparecida de Goi\u00e2nia e novo integrante da base do prefeito Valmir Pedro (PSDB), Jullison de Souza (Gordin Eventos) (Cidadania) votou em Chiquinho (ambos, colegas de chapa), que recebeu votos tamb\u00e9m de C\u00e9lia Bueno (PSL), Domingas Quilombola (Solidariedade), Edimar Elias (Republicanos), Edivaldo Fran\u00e7a (Republicanos), F\u00e1bio Vasconcelos (Solidariedade) e Paulo Cantor (PSD).<\/p>\n<p>Concorrente<\/p>\n<p>Em segundo lugar, disputando democraticamente, com respeito e hombridade, ficou Rony Piettro (Democratas), que obteve cinco votos.<\/p>\n<p>Al\u00e9m do pr\u00f3prio sufr\u00e1gio, Piettro foi votado por parlamentares da base da gest\u00e3o estadual: Bia (Cidadania), Eloi dos Santos (Democratas), Jhonatha Fernandes (Podemos) e Michel Mindlin (Democratas).<\/p>\n<p>Mesa 2022<\/p>\n<p>A nova mesa diretora assim ser\u00e1 composta, de 1\u00ba de janeiro em diante:<\/p>\n<p>Presidente: Chiquinho<br \/>\nVice-presidente: Gordin Eventos<br \/>\nPrimeira-secret\u00e1rio: Domingas Quilombola<br \/>\nSegunda-secret\u00e1rio: C\u00e9lia Bueno<br \/>\nPrimeiro suplente: F\u00e1bio Vasconcelos<br \/>\nSegundo suplente: Edimar Elias<\/p>\n<p>Discursos<\/p>\n<p>No discurso, ap\u00f3s a realiza\u00e7\u00e3o da elei\u00e7\u00e3o, Chiquinho reverenciou uma vez mais a fam\u00edlia, algo que o mesmo n\u00e3o abre m\u00e3o, ao mesmo tempo registrando gratid\u00e3o aos parentes. Igualmente, agradeceu os vereadores aliados na elei\u00e7\u00e3o da mesa e, enalteceu o colega com quem disputou, juntamente com os demais.<\/p>\n<p>\u201cFiquei orgulhoso de ver voc\u00eas participando aqui hoje\u201d, disse aos colegas opositores de pleito interno, categorizando que eles valorizaram a sua elei\u00e7\u00e3o.<\/p>\n<p>Vamos continuar ajudando o prefeito Valmir Pedro administrar Urua\u00e7u. Tamb\u00e9m, o governador Ronaldo Caiado [Democratas] e, a bancada goiana no Congresso, conseguindo emendas para o nosso Munic\u00edpio junto ao Governo de Goi\u00e1s e em Bras\u00edlia\u201d, manifestou, completando estar na presid\u00eancia sem vaidade.<\/p>\n<p>Tamb\u00e9m usando a palavra na sess\u00e3o, Rony Piettro pontuou ser motivo de honra participar de mais um momento democr\u00e1tico, parabenizou e desejou sucesso para Chiquinho na nova presid\u00eancia e, ainda agradeceu, parabenizou os aliados, considerados membros de um grupo unido, de respeito. Vice-presidente hoje da C\u00e2mara, Piettro narrou: \u201cConseguimos fazer um bom trabalho [mesa 2021], com respeito, transpar\u00eancia. Hoje eu n\u00e3o me considero um derrotado, me considero um vitorioso, pois tirei o medo de disputar. Respeito o posicionamento de cada um. Vamos comemorar a sua vit\u00f3ria, vamos sorrir [disse, se voltando ao colega Chiquinho]. Tudo tem um sentido e tudo tem um prop\u00f3sito\u201d, opinou.<a href=\"https:\/\/uvbbrasil.com.br\/?attachment_id=24075\" rel=\"attachment wp-att-24075\"><img fetchpriority=\"high\" decoding=\"async\" class=\"aligncenter size-full wp-image-24075\" src=\"https:\/\/uvbbrasil.com.br\/wp-content\/uploads\/2021\/10\/Chiquinho-eleito-presidente-da-Camara-Muniicpal-de-Uruacu-1.jpg\" alt=\"\" width=\"696\" height=\"365\" srcset=\"https:\/\/uvbbrasil.com.br\/wp-content\/uploads\/2021\/10\/Chiquinho-eleito-presidente-da-Camara-Muniicpal-de-Uruacu-1.jpg 696w, https:\/\/uvbbrasil.com.br\/wp-content\/uploads\/2021\/10\/Chiquinho-eleito-presidente-da-Camara-Muniicpal-de-Uruacu-1-300x157.jpg 300w\" sizes=\"(max-width: 696px) 100vw, 696px\" \/><\/a><\/p>\n","protected":false},"excerpt":{"rendered":"<p>Ao receber oito votos, vereador conquista a presid\u00eancia casa de leis pela terceira vez adiantando que n\u00e3o medir\u00e1 novos\u00a0 esfor\u00e7os&#8230;<\/p>\n","protected":false},"author":1,"featured_media":24075,"comment_status":"open","ping_status":"open","sticky":false,"template":"","format":"standard","meta":{"footnotes":""},"categories":[3],"tags":[],"class_list":["post-24073","post","type-post","status-publish","format-standard","has-post-thumbnail","hentry","category-noticias"],"yoast_head":"<!-- This site is optimized with the Yoast SEO plugin v26.7 - https:\/\/yoast.com\/wordpress\/plugins\/seo\/ -->\n<title>Chiquinho \u00e9 reeleito presidente da c\u00e2mara municipal de Urua\u00e7u\/GO - UVB Brasil<\/title>\n<meta name=\"robots\" content=\"index, follow, max-snippet:-1, max-image-preview:large, max-video-preview:-1\" \/>\n<link rel=\"canonical\" href=\"https:\/\/uvbbrasil.com.br\/chiquinho-e-reeleito-presidente-da-camara-municipal-de-uruacu-go\/\" \/>\n<meta property=\"og:locale\" content=\"pt_BR\" \/>\n<meta property=\"og:type\" content=\"article\" \/>\n<meta property=\"og:title\" content=\"Chiquinho \u00e9 reeleito presidente da c\u00e2mara municipal de Urua\u00e7u\/GO - UVB Brasil\" \/>\n<meta property=\"og:description\" content=\"Ao receber oito votos, vereador conquista a presid\u00eancia casa de leis pela terceira vez adiantando que n\u00e3o medir\u00e1 novos\u00a0 esfor\u00e7os...\" \/>\n<meta property=\"og:url\" content=\"https:\/\/uvbbrasil.com.br\/chiquinho-e-reeleito-presidente-da-camara-municipal-de-uruacu-go\/\" \/>\n<meta property=\"og:site_name\" content=\"UVB Brasil\" \/>\n<meta property=\"article:publisher\" content=\"https:\/\/www.facebook.com\/uvb.vereadoresbrasil\" \/>\n<meta property=\"article:published_time\" content=\"2021-10-27T17:40:21+00:00\" \/>\n<meta property=\"og:image\" content=\"https:\/\/uvbbrasil.com.br\/wp-content\/uploads\/2021\/10\/Chiquinho-eleito-presidente-da-Camara-Muniicpal-de-Uruacu-1.jpg\" \/>\n\t<meta property=\"og:image:width\" content=\"696\" \/>\n\t<meta property=\"og:image:height\" content=\"365\" \/>\n\t<meta property=\"og:image:type\" content=\"image\/jpeg\" \/>\n<meta name=\"author\" content=\"adminuvb\" \/>\n<meta name=\"twitter:card\" content=\"summary_large_image\" \/>\n<meta name=\"twitter:label1\" content=\"Escrito por\" \/>\n\t<meta name=\"twitter:data1\" content=\"adminuvb\" \/>\n\t<meta name=\"twitter:label2\" content=\"Est. tempo de leitura\" \/>\n\t<meta name=\"twitter:data2\" content=\"3 minutos\" \/>\n<script type=\"application\/ld+json\" class=\"yoast-schema-graph\">{\"@context\":\"https:\/\/schema.org\",\"@graph\":[{\"@type\":\"Article\",\"@id\":\"https:\/\/uvbbrasil.com.br\/chiquinho-e-reeleito-presidente-da-camara-municipal-de-uruacu-go\/#article\",\"isPartOf\":{\"@id\":\"https:\/\/uvbbrasil.com.br\/chiquinho-e-reeleito-presidente-da-camara-municipal-de-uruacu-go\/\"},\"author\":{\"name\":\"adminuvb\",\"@id\":\"https:\/\/uvbbrasil.com.br\/#\/schema\/person\/17990098446c098f52effddff4f1b272\"},\"headline\":\"Chiquinho \u00e9 reeleito presidente da c\u00e2mara municipal de Urua\u00e7u\/GO\",\"datePublished\":\"2021-10-27T17:40:21+00:00\",\"mainEntityOfPage\":{\"@id\":\"https:\/\/uvbbrasil.com.br\/chiquinho-e-reeleito-presidente-da-camara-municipal-de-uruacu-go\/\"},\"wordCount\":539,\"commentCount\":0,\"publisher\":{\"@id\":\"https:\/\/uvbbrasil.com.br\/#organization\"},\"image\":{\"@id\":\"https:\/\/uvbbrasil.com.br\/chiquinho-e-reeleito-presidente-da-camara-municipal-de-uruacu-go\/#primaryimage\"},\"thumbnailUrl\":\"https:\/\/uvbbrasil.com.br\/wp-content\/uploads\/2021\/10\/Chiquinho-eleito-presidente-da-Camara-Muniicpal-de-Uruacu-1.jpg\",\"articleSection\":[\"NOT\u00cdCIAS\"],\"inLanguage\":\"pt-BR\",\"potentialAction\":[{\"@type\":\"CommentAction\",\"name\":\"Comment\",\"target\":[\"https:\/\/uvbbrasil.com.br\/chiquinho-e-reeleito-presidente-da-camara-municipal-de-uruacu-go\/#respond\"]}]},{\"@type\":\"WebPage\",\"@id\":\"https:\/\/uvbbrasil.com.br\/chiquinho-e-reeleito-presidente-da-camara-municipal-de-uruacu-go\/\",\"url\":\"https:\/\/uvbbrasil.com.br\/chiquinho-e-reeleito-presidente-da-camara-municipal-de-uruacu-go\/\",\"name\":\"Chiquinho \u00e9 reeleito presidente da c\u00e2mara municipal de Urua\u00e7u\/GO - UVB Brasil\",\"isPartOf\":{\"@id\":\"https:\/\/uvbbrasil.com.br\/#website\"},\"primaryImageOfPage\":{\"@id\":\"https:\/\/uvbbrasil.com.br\/chiquinho-e-reeleito-presidente-da-camara-municipal-de-uruacu-go\/#primaryimage\"},\"image\":{\"@id\":\"https:\/\/uvbbrasil.com.br\/chiquinho-e-reeleito-presidente-da-camara-municipal-de-uruacu-go\/#primaryimage\"},\"thumbnailUrl\":\"https:\/\/uvbbrasil.com.br\/wp-content\/uploads\/2021\/10\/Chiquinho-eleito-presidente-da-Camara-Muniicpal-de-Uruacu-1.jpg\",\"datePublished\":\"2021-10-27T17:40:21+00:00\",\"breadcrumb\":{\"@id\":\"https:\/\/uvbbrasil.com.br\/chiquinho-e-reeleito-presidente-da-camara-municipal-de-uruacu-go\/#breadcrumb\"},\"inLanguage\":\"pt-BR\",\"potentialAction\":[{\"@type\":\"ReadAction\",\"target\":[\"https:\/\/uvbbrasil.com.br\/chiquinho-e-reeleito-presidente-da-camara-municipal-de-uruacu-go\/\"]}]},{\"@type\":\"ImageObject\",\"inLanguage\":\"pt-BR\",\"@id\":\"https:\/\/uvbbrasil.com.br\/chiquinho-e-reeleito-presidente-da-camara-municipal-de-uruacu-go\/#primaryimage\",\"url\":\"https:\/\/uvbbrasil.com.br\/wp-content\/uploads\/2021\/10\/Chiquinho-eleito-presidente-da-Camara-Muniicpal-de-Uruacu-1.jpg\",\"contentUrl\":\"https:\/\/uvbbrasil.com.br\/wp-content\/uploads\/2021\/10\/Chiquinho-eleito-presidente-da-Camara-Muniicpal-de-Uruacu-1.jpg\",\"width\":696,\"height\":365},{\"@type\":\"BreadcrumbList\",\"@id\":\"https:\/\/uvbbrasil.com.br\/chiquinho-e-reeleito-presidente-da-camara-municipal-de-uruacu-go\/#breadcrumb\",\"itemListElement\":[{\"@type\":\"ListItem\",\"position\":1,\"name\":\"In\u00edcio\",\"item\":\"https:\/\/uvbbrasil.com.br\/\"},{\"@type\":\"ListItem\",\"position\":2,\"name\":\"Chiquinho \u00e9 reeleito presidente da c\u00e2mara municipal de Urua\u00e7u\/GO\"}]},{\"@type\":\"WebSite\",\"@id\":\"https:\/\/uvbbrasil.com.br\/#website\",\"url\":\"https:\/\/uvbbrasil.com.br\/\",\"name\":\"UVB Brasil\",\"description\":\"Uni\u00e3o dos Vereadores do Brasil\",\"publisher\":{\"@id\":\"https:\/\/uvbbrasil.com.br\/#organization\"},\"potentialAction\":[{\"@type\":\"SearchAction\",\"target\":{\"@type\":\"EntryPoint\",\"urlTemplate\":\"https:\/\/uvbbrasil.com.br\/?s={search_term_string}\"},\"query-input\":{\"@type\":\"PropertyValueSpecification\",\"valueRequired\":true,\"valueName\":\"search_term_string\"}}],\"inLanguage\":\"pt-BR\"},{\"@type\":\"Organization\",\"@id\":\"https:\/\/uvbbrasil.com.br\/#organization\",\"name\":\"UVB Brasil\",\"url\":\"https:\/\/uvbbrasil.com.br\/\",\"logo\":{\"@type\":\"ImageObject\",\"inLanguage\":\"pt-BR\",\"@id\":\"https:\/\/uvbbrasil.com.br\/#\/schema\/logo\/image\/\",\"url\":\"https:\/\/uvbbrasil.com.br\/wp-content\/uploads\/2025\/01\/LOGO-UVB-2024-azul-1.jpg\",\"contentUrl\":\"https:\/\/uvbbrasil.com.br\/wp-content\/uploads\/2025\/01\/LOGO-UVB-2024-azul-1.jpg\",\"width\":600,\"height\":211,\"caption\":\"UVB Brasil\"},\"image\":{\"@id\":\"https:\/\/uvbbrasil.com.br\/#\/schema\/logo\/image\/\"},\"sameAs\":[\"https:\/\/www.facebook.com\/uvb.vereadoresbrasil\",\"https:\/\/www.instagram.com\/uvbbrasil\/\",\"https:\/\/www.youtube.com\/channel\/UCIlPQ8Xzw5GHNzosQIg9S5A\"]},{\"@type\":\"Person\",\"@id\":\"https:\/\/uvbbrasil.com.br\/#\/schema\/person\/17990098446c098f52effddff4f1b272\",\"name\":\"adminuvb\",\"image\":{\"@type\":\"ImageObject\",\"inLanguage\":\"pt-BR\",\"@id\":\"https:\/\/uvbbrasil.com.br\/#\/schema\/person\/image\/\",\"url\":\"https:\/\/secure.gravatar.com\/avatar\/1a494ea6f8e2dd1ae526e55b0e9497efdba542491e0620d704cccf63c6f77c45?s=96&d=mm&r=g\",\"contentUrl\":\"https:\/\/secure.gravatar.com\/avatar\/1a494ea6f8e2dd1ae526e55b0e9497efdba542491e0620d704cccf63c6f77c45?s=96&d=mm&r=g\",\"caption\":\"adminuvb\"},\"sameAs\":[\"https:\/\/uvbbrasil.com.br\"],\"url\":\"https:\/\/uvbbrasil.com.br\/author\/adminuvb\/\"}]}<\/script>\n<!-- \/ Yoast SEO plugin. -->","yoast_head_json":{"title":"Chiquinho \u00e9 reeleito presidente da c\u00e2mara municipal de Urua\u00e7u\/GO - UVB Brasil","robots":{"index":"index","follow":"follow","max-snippet":"max-snippet:-1","max-image-preview":"max-image-preview:large","max-video-preview":"max-video-preview:-1"},"canonical":"https:\/\/uvbbrasil.com.br\/chiquinho-e-reeleito-presidente-da-camara-municipal-de-uruacu-go\/","og_locale":"pt_BR","og_type":"article","og_title":"Chiquinho \u00e9 reeleito presidente da c\u00e2mara municipal de Urua\u00e7u\/GO - UVB Brasil","og_description":"Ao receber oito votos, vereador conquista a presid\u00eancia casa de leis pela terceira vez adiantando que n\u00e3o medir\u00e1 novos\u00a0 esfor\u00e7os...","og_url":"https:\/\/uvbbrasil.com.br\/chiquinho-e-reeleito-presidente-da-camara-municipal-de-uruacu-go\/","og_site_name":"UVB Brasil","article_publisher":"https:\/\/www.facebook.com\/uvb.vereadoresbrasil","article_published_time":"2021-10-27T17:40:21+00:00","og_image":[{"width":696,"height":365,"url":"https:\/\/uvbbrasil.com.br\/wp-content\/uploads\/2021\/10\/Chiquinho-eleito-presidente-da-Camara-Muniicpal-de-Uruacu-1.jpg","type":"image\/jpeg"}],"author":"adminuvb","twitter_card":"summary_large_image","twitter_misc":{"Escrito por":"adminuvb","Est. tempo de leitura":"3 minutos"},"schema":{"@context":"https:\/\/schema.org","@graph":[{"@type":"Article","@id":"https:\/\/uvbbrasil.com.br\/chiquinho-e-reeleito-presidente-da-camara-municipal-de-uruacu-go\/#article","isPartOf":{"@id":"https:\/\/uvbbrasil.com.br\/chiquinho-e-reeleito-presidente-da-camara-municipal-de-uruacu-go\/"},"author":{"name":"adminuvb","@id":"https:\/\/uvbbrasil.com.br\/#\/schema\/person\/17990098446c098f52effddff4f1b272"},"headline":"Chiquinho \u00e9 reeleito presidente da c\u00e2mara municipal de Urua\u00e7u\/GO","datePublished":"2021-10-27T17:40:21+00:00","mainEntityOfPage":{"@id":"https:\/\/uvbbrasil.com.br\/chiquinho-e-reeleito-presidente-da-camara-municipal-de-uruacu-go\/"},"wordCount":539,"commentCount":0,"publisher":{"@id":"https:\/\/uvbbrasil.com.br\/#organization"},"image":{"@id":"https:\/\/uvbbrasil.com.br\/chiquinho-e-reeleito-presidente-da-camara-municipal-de-uruacu-go\/#primaryimage"},"thumbnailUrl":"https:\/\/uvbbrasil.com.br\/wp-content\/uploads\/2021\/10\/Chiquinho-eleito-presidente-da-Camara-Muniicpal-de-Uruacu-1.jpg","articleSection":["NOT\u00cdCIAS"],"inLanguage":"pt-BR","potentialAction":[{"@type":"CommentAction","name":"Comment","target":["https:\/\/uvbbrasil.com.br\/chiquinho-e-reeleito-presidente-da-camara-municipal-de-uruacu-go\/#respond"]}]},{"@type":"WebPage","@id":"https:\/\/uvbbrasil.com.br\/chiquinho-e-reeleito-presidente-da-camara-municipal-de-uruacu-go\/","url":"https:\/\/uvbbrasil.com.br\/chiquinho-e-reeleito-presidente-da-camara-municipal-de-uruacu-go\/","name":"Chiquinho \u00e9 reeleito presidente da c\u00e2mara municipal de Urua\u00e7u\/GO - UVB Brasil","isPartOf":{"@id":"https:\/\/uvbbrasil.com.br\/#website"},"primaryImageOfPage":{"@id":"https:\/\/uvbbrasil.com.br\/chiquinho-e-reeleito-presidente-da-camara-municipal-de-uruacu-go\/#primaryimage"},"image":{"@id":"https:\/\/uvbbrasil.com.br\/chiquinho-e-reeleito-presidente-da-camara-municipal-de-uruacu-go\/#primaryimage"},"thumbnailUrl":"https:\/\/uvbbrasil.com.br\/wp-content\/uploads\/2021\/10\/Chiquinho-eleito-presidente-da-Camara-Muniicpal-de-Uruacu-1.jpg","datePublished":"2021-10-27T17:40:21+00:00","breadcrumb":{"@id":"https:\/\/uvbbrasil.com.br\/chiquinho-e-reeleito-presidente-da-camara-municipal-de-uruacu-go\/#breadcrumb"},"inLanguage":"pt-BR","potentialAction":[{"@type":"ReadAction","target":["https:\/\/uvbbrasil.com.br\/chiquinho-e-reeleito-presidente-da-camara-municipal-de-uruacu-go\/"]}]},{"@type":"ImageObject","inLanguage":"pt-BR","@id":"https:\/\/uvbbrasil.com.br\/chiquinho-e-reeleito-presidente-da-camara-municipal-de-uruacu-go\/#primaryimage","url":"https:\/\/uvbbrasil.com.br\/wp-content\/uploads\/2021\/10\/Chiquinho-eleito-presidente-da-Camara-Muniicpal-de-Uruacu-1.jpg","contentUrl":"https:\/\/uvbbrasil.com.br\/wp-content\/uploads\/2021\/10\/Chiquinho-eleito-presidente-da-Camara-Muniicpal-de-Uruacu-1.jpg","width":696,"height":365},{"@type":"BreadcrumbList","@id":"https:\/\/uvbbrasil.com.br\/chiquinho-e-reeleito-presidente-da-camara-municipal-de-uruacu-go\/#breadcrumb","itemListElement":[{"@type":"ListItem","position":1,"name":"In\u00edcio","item":"https:\/\/uvbbrasil.com.br\/"},{"@type":"ListItem","position":2,"name":"Chiquinho \u00e9 reeleito presidente da c\u00e2mara municipal de Urua\u00e7u\/GO"}]},{"@type":"WebSite","@id":"https:\/\/uvbbrasil.com.br\/#website","url":"https:\/\/uvbbrasil.com.br\/","name":"UVB Brasil","description":"Uni\u00e3o dos Vereadores do Brasil","publisher":{"@id":"https:\/\/uvbbrasil.com.br\/#organization"},"potentialAction":[{"@type":"SearchAction","target":{"@type":"EntryPoint","urlTemplate":"https:\/\/uvbbrasil.com.br\/?s={search_term_string}"},"query-input":{"@type":"PropertyValueSpecification","valueRequired":true,"valueName":"search_term_string"}}],"inLanguage":"pt-BR"},{"@type":"Organization","@id":"https:\/\/uvbbrasil.com.br\/#organization","name":"UVB Brasil","url":"https:\/\/uvbbrasil.com.br\/","logo":{"@type":"ImageObject","inLanguage":"pt-BR","@id":"https:\/\/uvbbrasil.com.br\/#\/schema\/logo\/image\/","url":"https:\/\/uvbbrasil.com.br\/wp-content\/uploads\/2025\/01\/LOGO-UVB-2024-azul-1.jpg","contentUrl":"https:\/\/uvbbrasil.com.br\/wp-content\/uploads\/2025\/01\/LOGO-UVB-2024-azul-1.jpg","width":600,"height":211,"caption":"UVB Brasil"},"image":{"@id":"https:\/\/uvbbrasil.com.br\/#\/schema\/logo\/image\/"},"sameAs":["https:\/\/www.facebook.com\/uvb.vereadoresbrasil","https:\/\/www.instagram.com\/uvbbrasil\/","https:\/\/www.youtube.com\/channel\/UCIlPQ8Xzw5GHNzosQIg9S5A"]},{"@type":"Person","@id":"https:\/\/uvbbrasil.com.br\/#\/schema\/person\/17990098446c098f52effddff4f1b272","name":"adminuvb","image":{"@type":"ImageObject","inLanguage":"pt-BR","@id":"https:\/\/uvbbrasil.com.br\/#\/schema\/person\/image\/","url":"https:\/\/secure.gravatar.com\/avatar\/1a494ea6f8e2dd1ae526e55b0e9497efdba542491e0620d704cccf63c6f77c45?s=96&d=mm&r=g","contentUrl":"https:\/\/secure.gravatar.com\/avatar\/1a494ea6f8e2dd1ae526e55b0e9497efdba542491e0620d704cccf63c6f77c45?s=96&d=mm&r=g","caption":"adminuvb"},"sameAs":["https:\/\/uvbbrasil.com.br"],"url":"https:\/\/uvbbrasil.com.br\/author\/adminuvb\/"}]}},"_links":{"self":[{"href":"https:\/\/uvbbrasil.com.br\/uvb-json\/wp\/v2\/posts\/24073","targetHints":{"allow":["GET"]}}],"collection":[{"href":"https:\/\/uvbbrasil.com.br\/uvb-json\/wp\/v2\/posts"}],"about":[{"href":"https:\/\/uvbbrasil.com.br\/uvb-json\/wp\/v2\/types\/post"}],"author":[{"embeddable":true,"href":"https:\/\/uvbbrasil.com.br\/uvb-json\/wp\/v2\/users\/1"}],"replies":[{"embeddable":true,"href":"https:\/\/uvbbrasil.com.br\/uvb-json\/wp\/v2\/comments?post=24073"}],"version-history":[{"count":0,"href":"https:\/\/uvbbrasil.com.br\/uvb-json\/wp\/v2\/posts\/24073\/revisions"}],"wp:featuredmedia":[{"embeddable":true,"href":"https:\/\/uvbbrasil.com.br\/uvb-json\/wp\/v2\/media\/24075"}],"wp:attachment":[{"href":"https:\/\/uvbbrasil.com.br\/uvb-json\/wp\/v2\/media?parent=24073"}],"wp:term":[{"taxonomy":"category","embeddable":true,"href":"https:\/\/uvbbrasil.com.br\/uvb-json\/wp\/v2\/categories?post=24073"},{"taxonomy":"post_tag","embeddable":true,"href":"https:\/\/uvbbrasil.com.br\/uvb-json\/wp\/v2\/tags?post=24073"}],"curies":[{"name":"wp","href":"https:\/\/api.w.org\/{rel}","templated":true}]}}